{"id":100018,"date":"2023-06-06T18:38:03","date_gmt":"2023-06-06T22:38:03","guid":{"rendered":"https:\/\/interamerica.org\/?p=100018"},"modified":"2023-06-09T16:03:33","modified_gmt":"2023-06-09T20:03:33","slug":"alabo-a-dios-porque-mi-familia-fue-salvada","status":"publish","type":"post","link":"https:\/\/interamerica.org\/es\/2023\/06\/alabo-a-dios-porque-mi-familia-fue-salvada\/","title":{"rendered":"\u2018Alabo a Dios porque mi familia fue salvada\u2019"},"content":{"rendered":"<p><strong>Un miembro de iglesia en Guam describe su aterradora experiencia durante el Tif\u00f3n Mawar.<\/strong><\/p>\n<p>6 de junio de 2023 | Guam | Gracelyn Lloyd, Misi\u00f3n Guam-Micronesia y Adventist Review<\/p>\n<p>Un miembro de la Iglesia Adventista del S\u00e9ptimo D\u00eda en Guam describe la aterradora \u00a0experiencia vivida durante el Tif\u00f3n Mawar. Aunque ella y su esposo se encontraban seguros fuera de la isla, se manten\u00edan dando seguimiento a su amenazante acercamiento a Guam, en donde sus tres hijos estaban resguardados en casa con sus abuelos.<\/p>\n<p>Se sent\u00edan hasta cierto punto seguros, porque su casa hab\u00eda sido construida para resistir los fuertes vientos; sin embargo, hab\u00eda un peligro adicional inesperado. \u201cLa estructura de nuestra casa puede resistir un super tif\u00f3n, pero no la inundaci\u00f3n. No esper\u00e1bamos que la inundaci\u00f3n llegara a nuestra casa porque en nuestro vecindario es la \u00fanica que est\u00e1 en terreno elevado\u201d.<\/p>\n<p><div id=\"attachment_99971\" style=\"width: 960px\" class=\"wp-caption aligncenter\"><img fetchpriority=\"high\" decoding=\"async\" aria-describedby=\"caption-attachment-99971\" class=\" wp-image-99969\" src=\"https:\/\/interamerica.org\/wp-content\/uploads\/2023\/06\/guam-1.jpeg\" alt=\"\" width=\"950\" height=\"461\" srcset=\"https:\/\/interamerica.org\/wp-content\/uploads\/2023\/06\/guam-1.jpeg 1024w, https:\/\/interamerica.org\/wp-content\/uploads\/2023\/06\/guam-1-300x146.jpeg 300w, https:\/\/interamerica.org\/wp-content\/uploads\/2023\/06\/guam-1-768x373.jpeg 768w\" sizes=\"(max-width: 950px) 100vw, 950px\" \/><p id=\"caption-attachment-99971\" class=\"wp-caption-text\">El tif\u00f3n Mawar trajo consigo grandes inundaciones en Guam despu\u00e9s de pasar por la isla el 24 de mayo. [Imagen: Misi\u00f3n de Guam-Micronesia]<\/p><\/div>Las aguas no solamente alcanzaron el terreno elevado de su edificio, sino que inundaron el primer piso donde se encontraban las habitaciones de los hijos.<\/p>\n<p>Su vecino le envi\u00f3 un mensaje de texto al padre, avis\u00e1ndole que el agua estaba ascendiendo muy r\u00e1pido en su propia casa. La madre se puso en contacto con sus padres, quienes se estaban quedando con los hijos; pero quienes viv\u00edan en el segundo piso del edificio. Ten\u00eda miedo de que sus hijos quedaran atrapados abajo; as\u00ed que los abuelos inmediatamente los reunieron para desalojarlos del primer piso.<\/p>\n<p>\u00a1El agua hab\u00eda subido ahora hasta poco m\u00e1s de metro y medio!<\/p>\n<p>Siendo que las dos zonas habitadas estaban separadas por diferentes entradas exteriores, la familia sali\u00f3 junta del primer piso desafiando la ruidosa oscuridad. Mientras que el abuelo cargaba a la nieta de ocho a\u00f1os, los otros cuidadosamente vadearon la corriente con el agua que les llegaba hasta el cuello, mientras los vientos soplaban fuertemente en torno a su cabeza.<\/p>\n<p><div id=\"attachment_99978\" style=\"width: 588px\" class=\"wp-caption aligncenter\"><img decoding=\"async\" aria-describedby=\"caption-attachment-99978\" class=\" wp-image-99976\" src=\"https:\/\/interamerica.org\/wp-content\/uploads\/2023\/06\/guam2-804x1024.jpeg\" alt=\"\" width=\"578\" height=\"736\" srcset=\"https:\/\/interamerica.org\/wp-content\/uploads\/2023\/06\/guam2-804x1024.jpeg 804w, https:\/\/interamerica.org\/wp-content\/uploads\/2023\/06\/guam2-236x300.jpeg 236w, https:\/\/interamerica.org\/wp-content\/uploads\/2023\/06\/guam2-768x978.jpeg 768w, https:\/\/interamerica.org\/wp-content\/uploads\/2023\/06\/guam2.jpeg 1200w\" sizes=\"(max-width: 578px) 100vw, 578px\" \/><p id=\"caption-attachment-99978\" class=\"wp-caption-text\">Aun las casas que parec\u00edan seguras quedaron inundadas. [Imagen: Misi\u00f3n de Guam-Micronesia ]<\/p><\/div>Finalmente la madre recibi\u00f3 el alentador mensaje de texto de que todos hab\u00edan llegado sanos y salvos al segundo piso de la casa. La madre hab\u00eda enviado ya mensajes a la familia de su iglesia y amigos cercanos para que enviaran ayuda. Su hijo llam\u00f3 al n\u00famero de emergencia 911, Pero le informaron que no pod\u00edan enviar un equipo hasta que se calmaran los vientos.<\/p>\n<p>La familia or\u00f3. Le pidieron al Se\u00f1or que no permitiera que se siguieran elevando las aguas. Oraron por protecci\u00f3n. Y el Se\u00f1or estuvo con ellos, dijeron.<\/p>\n<p>Las aguas no llegaron hasta el segundo piso. El techo los mantuvo seguros hasta que lleg\u00f3 ayuda.<\/p>\n<p>\u201cDios es ciertamente muy bueno\u201d, dijo la madre. \u201cEstuvieron protegidos en el segundo piso\u201d.<\/p>\n<p>Tan pronto como los caminos pudieron de nuevo transitarse, los miembros de la iglesia se dirigieron al hogar de esta familia. Uno de los vecinos us\u00f3 su bote para llegar hasta la familia y llevarlos a terreno seco.<\/p>\n<p>Los hijos se est\u00e1n recuperando de la dura experiencia en el hogar de un miembro de su familia, con sus primos. Cuando baj\u00f3 el nivel de las aguas, los abuelos regresaron a la casa y encontraron que nada de lo que hab\u00eda en el primer piso pod\u00eda recuperarse.<\/p>\n<p><div id=\"attachment_99981\" style=\"width: 584px\" class=\"wp-caption aligncenter\"><img decoding=\"async\" aria-describedby=\"caption-attachment-99981\" class=\" wp-image-99979\" src=\"https:\/\/interamerica.org\/wp-content\/uploads\/2023\/06\/guam3-768x1024.jpeg\" alt=\"\" width=\"574\" height=\"766\" srcset=\"https:\/\/interamerica.org\/wp-content\/uploads\/2023\/06\/guam3-768x1024.jpeg 768w, https:\/\/interamerica.org\/wp-content\/uploads\/2023\/06\/guam3-225x300.jpeg 225w, https:\/\/interamerica.org\/wp-content\/uploads\/2023\/06\/guam3-1152x1536.jpeg 1152w, https:\/\/interamerica.org\/wp-content\/uploads\/2023\/06\/guam3.jpeg 1200w\" sizes=\"(max-width: 574px) 100vw, 574px\" \/><p id=\"caption-attachment-99981\" class=\"wp-caption-text\">Muchos residentes, incluyendo miembros adventistas, perdieron parte de sus posesiones materiales. [Imagen: Misi\u00f3n de Guam-Micronesia]<\/p><\/div>Aunque perdieron sus pertenencias materiales, la familia dice que tiene mucho por lo cual alabar a Dios.<\/p>\n<p>\u201cAlabo a Dios por la inmediata respuesta de la familia de mi iglesia. Alabo a Dios porque se salv\u00f3 mi familia. Alabo a Dios porque no perd\u00ed la se\u00f1al de comunicaci\u00f3n con mi familia durante el tif\u00f3n. A pesar de este gran tif\u00f3n, nuestra fe permanece firme\u201d.<\/p>\n<p>Los padres permanecen todav\u00eda varados fuera de la isla, siendo que el aeropuerto de Guam est\u00e1 cerrado hasta que puedan hacerse las reparaciones despu\u00e9s del tif\u00f3n. \u201cLe damos gracias a Dios por el rescate de esta familia y oramos porque puedan estar reunidos muy pronto\u201d, dijeron los dirigentes regionales de la iglesia. \u201cOren por favor por ellos y por otras familias en Guam mientras contin\u00faan recuper\u00e1ndose de los efectos del tif\u00f3n\u201d.<\/p>\n<p>El Tif\u00f3n Mawar, conocido en Filipinas como el Super Tif\u00f3n Betty, fue el cicl\u00f3n tropical m\u00e1s poderoso en el Hemisferio Norte registrado en el mes de mayo. Pas\u00f3 por el norte de Guam como tif\u00f3n de categor\u00eda 4 el 24 de mayo, trayendo consigo vientos huracanados y lluvias torrenciales. Fue la tormenta m\u00e1s fuerte que ha azotado la isla desde 2002.<\/p>\n<p>La <a href=\"https:\/\/www.gmmsda.org\/stories\/mawar-rescue\">versi\u00f3n original <\/a>\u00a0de esta noticia se public\u00f3 en el <a href=\"https:\/\/www.gmmsda.org\/blog\">sitio de noticias <\/a>\u00a0de la Misi\u00f3n de Guam-Micronesia.<\/p>\n<p>Traducci\u00f3n \u2013 Gloria A. Castrej\u00f3n<\/p>\n","protected":false},"excerpt":{"rendered":"<p>Un miembro de iglesia en Guam describe su aterradora experiencia durante el Tif\u00f3n Mawar. 6 de junio de 2023 | Guam | Gracelyn Lloyd, Misi\u00f3n Guam-Micronesia y Adventist Review Un&#8230;<\/p>\n","protected":false},"author":3,"featured_media":99974,"comment_status":"closed","ping_status":"closed","sticky":false,"template":"","format":"standard","meta":{"_acf_changed":false,"footnotes":""},"categories":[14,15],"tags":[],"class_list":["post-100018","post","type-post","status-publish","format-standard","has-post-thumbnail","hentry","category-de-la-iglesia-mundial","category-rss-espanol"],"acf":[],"yoast_head":"<!-- This site is optimized with the Yoast SEO plugin v27.3 - https:\/\/yoast.com\/product\/yoast-seo-wordpress\/ -->\n<title>\u2018Alabo a Dios porque mi familia fue salvada\u2019 - Iglesia Adventista del S\u00e9ptimo D\u00eda - Divisi\u00f3n Interamericana<\/title>\n<meta name=\"robots\" content=\"index, follow, max-snippet:-1, max-image-preview:large, max-video-preview:-1\" \/>\n<link rel=\"canonical\" href=\"https:\/\/interamerica.org\/es\/2023\/06\/alabo-a-dios-porque-mi-familia-fue-salvada\/\" \/>\n<meta property=\"og:locale\" content=\"es_ES\" \/>\n<meta property=\"og:type\" content=\"article\" \/>\n<meta property=\"og:title\" content=\"\u2018Alabo a Dios porque mi familia fue salvada\u2019 - Iglesia Adventista del S\u00e9ptimo D\u00eda - Divisi\u00f3n Interamericana\" \/>\n<meta property=\"og:description\" content=\"Un miembro de iglesia en Guam describe su aterradora experiencia durante el Tif\u00f3n Mawar. 6 de junio de 2023 | Guam | Gracelyn Lloyd, Misi\u00f3n Guam-Micronesia y Adventist Review Un...\" \/>\n<meta property=\"og:url\" content=\"https:\/\/interamerica.org\/es\/2023\/06\/alabo-a-dios-porque-mi-familia-fue-salvada\/\" \/>\n<meta property=\"og:site_name\" content=\"Iglesia Adventista del S\u00e9ptimo D\u00eda - Divisi\u00f3n Interamericana\" \/>\n<meta property=\"article:published_time\" content=\"2023-06-06T22:38:03+00:00\" \/>\n<meta property=\"article:modified_time\" content=\"2023-06-09T20:03:33+00:00\" \/>\n<meta property=\"og:image\" content=\"https:\/\/interamerica.org\/wp-content\/uploads\/2023\/06\/guam-1-1280.jpg\" \/>\n\t<meta property=\"og:image:width\" content=\"1280\" \/>\n\t<meta property=\"og:image:height\" content=\"800\" \/>\n\t<meta property=\"og:image:type\" content=\"image\/jpeg\" \/>\n<meta name=\"author\" content=\"libna\" \/>\n<meta name=\"twitter:card\" content=\"summary_large_image\" \/>\n<meta name=\"twitter:label1\" content=\"Escrito por\" \/>\n\t<meta name=\"twitter:data1\" content=\"libna\" \/>\n\t<meta name=\"twitter:label2\" content=\"Tiempo de lectura\" \/>\n\t<meta name=\"twitter:data2\" content=\"5 minutos\" \/>\n<script type=\"application\/ld+json\" class=\"yoast-schema-graph\">{\"@context\":\"https:\\\/\\\/schema.org\",\"@graph\":[{\"@type\":\"Article\",\"@id\":\"https:\\\/\\\/interamerica.org\\\/es\\\/2023\\\/06\\\/alabo-a-dios-porque-mi-familia-fue-salvada\\\/#article\",\"isPartOf\":{\"@id\":\"https:\\\/\\\/interamerica.org\\\/es\\\/2023\\\/06\\\/alabo-a-dios-porque-mi-familia-fue-salvada\\\/\"},\"author\":{\"name\":\"libna\",\"@id\":\"https:\\\/\\\/interamerica.org\\\/es\\\/#\\\/schema\\\/person\\\/29998f2bc2d8bd0d38662909289b54f1\"},\"headline\":\"\u2018Alabo a Dios porque mi familia fue salvada\u2019\",\"datePublished\":\"2023-06-06T22:38:03+00:00\",\"dateModified\":\"2023-06-09T20:03:33+00:00\",\"mainEntityOfPage\":{\"@id\":\"https:\\\/\\\/interamerica.org\\\/es\\\/2023\\\/06\\\/alabo-a-dios-porque-mi-familia-fue-salvada\\\/\"},\"wordCount\":859,\"image\":{\"@id\":\"https:\\\/\\\/interamerica.org\\\/es\\\/2023\\\/06\\\/alabo-a-dios-porque-mi-familia-fue-salvada\\\/#primaryimage\"},\"thumbnailUrl\":\"https:\\\/\\\/interamerica.org\\\/wp-content\\\/uploads\\\/2023\\\/06\\\/guam-1-1280.jpg\",\"articleSection\":[\"Desde la iglesia mundial\",\"RSS Espa\u00f1ol\"],\"inLanguage\":\"es\"},{\"@type\":\"WebPage\",\"@id\":\"https:\\\/\\\/interamerica.org\\\/es\\\/2023\\\/06\\\/alabo-a-dios-porque-mi-familia-fue-salvada\\\/\",\"url\":\"https:\\\/\\\/interamerica.org\\\/es\\\/2023\\\/06\\\/alabo-a-dios-porque-mi-familia-fue-salvada\\\/\",\"name\":\"\u2018Alabo a Dios porque mi familia fue salvada\u2019 - Iglesia Adventista del S\u00e9ptimo D\u00eda - Divisi\u00f3n Interamericana\",\"isPartOf\":{\"@id\":\"https:\\\/\\\/interamerica.org\\\/es\\\/#website\"},\"primaryImageOfPage\":{\"@id\":\"https:\\\/\\\/interamerica.org\\\/es\\\/2023\\\/06\\\/alabo-a-dios-porque-mi-familia-fue-salvada\\\/#primaryimage\"},\"image\":{\"@id\":\"https:\\\/\\\/interamerica.org\\\/es\\\/2023\\\/06\\\/alabo-a-dios-porque-mi-familia-fue-salvada\\\/#primaryimage\"},\"thumbnailUrl\":\"https:\\\/\\\/interamerica.org\\\/wp-content\\\/uploads\\\/2023\\\/06\\\/guam-1-1280.jpg\",\"datePublished\":\"2023-06-06T22:38:03+00:00\",\"dateModified\":\"2023-06-09T20:03:33+00:00\",\"author\":{\"@id\":\"https:\\\/\\\/interamerica.org\\\/es\\\/#\\\/schema\\\/person\\\/29998f2bc2d8bd0d38662909289b54f1\"},\"breadcrumb\":{\"@id\":\"https:\\\/\\\/interamerica.org\\\/es\\\/2023\\\/06\\\/alabo-a-dios-porque-mi-familia-fue-salvada\\\/#breadcrumb\"},\"inLanguage\":\"es\",\"potentialAction\":[{\"@type\":\"ReadAction\",\"target\":[\"https:\\\/\\\/interamerica.org\\\/es\\\/2023\\\/06\\\/alabo-a-dios-porque-mi-familia-fue-salvada\\\/\"]}]},{\"@type\":\"ImageObject\",\"inLanguage\":\"es\",\"@id\":\"https:\\\/\\\/interamerica.org\\\/es\\\/2023\\\/06\\\/alabo-a-dios-porque-mi-familia-fue-salvada\\\/#primaryimage\",\"url\":\"https:\\\/\\\/interamerica.org\\\/wp-content\\\/uploads\\\/2023\\\/06\\\/guam-1-1280.jpg\",\"contentUrl\":\"https:\\\/\\\/interamerica.org\\\/wp-content\\\/uploads\\\/2023\\\/06\\\/guam-1-1280.jpg\",\"width\":1280,\"height\":800},{\"@type\":\"BreadcrumbList\",\"@id\":\"https:\\\/\\\/interamerica.org\\\/es\\\/2023\\\/06\\\/alabo-a-dios-porque-mi-familia-fue-salvada\\\/#breadcrumb\",\"itemListElement\":[{\"@type\":\"ListItem\",\"position\":1,\"name\":\"Home\",\"item\":\"https:\\\/\\\/interamerica.org\\\/es\\\/\"},{\"@type\":\"ListItem\",\"position\":2,\"name\":\"\u2018Alabo a Dios porque mi familia fue salvada\u2019\"}]},{\"@type\":\"WebSite\",\"@id\":\"https:\\\/\\\/interamerica.org\\\/es\\\/#website\",\"url\":\"https:\\\/\\\/interamerica.org\\\/es\\\/\",\"name\":\"Iglesia Adventista del S\u00e9ptimo D\u00eda - Divisi\u00f3n Interamericana\",\"description\":\"\",\"potentialAction\":[{\"@type\":\"SearchAction\",\"target\":{\"@type\":\"EntryPoint\",\"urlTemplate\":\"https:\\\/\\\/interamerica.org\\\/es\\\/?s={search_term_string}\"},\"query-input\":{\"@type\":\"PropertyValueSpecification\",\"valueRequired\":true,\"valueName\":\"search_term_string\"}}],\"inLanguage\":\"es\"},{\"@type\":\"Person\",\"@id\":\"https:\\\/\\\/interamerica.org\\\/es\\\/#\\\/schema\\\/person\\\/29998f2bc2d8bd0d38662909289b54f1\",\"name\":\"libna\",\"image\":{\"@type\":\"ImageObject\",\"inLanguage\":\"es\",\"@id\":\"https:\\\/\\\/secure.gravatar.com\\\/avatar\\\/7c5bd30ae4b47a9ba3c856590957fd1d96dc588bf3ac05719d247e126840331f?s=96&d=mm&r=g\",\"url\":\"https:\\\/\\\/secure.gravatar.com\\\/avatar\\\/7c5bd30ae4b47a9ba3c856590957fd1d96dc588bf3ac05719d247e126840331f?s=96&d=mm&r=g\",\"contentUrl\":\"https:\\\/\\\/secure.gravatar.com\\\/avatar\\\/7c5bd30ae4b47a9ba3c856590957fd1d96dc588bf3ac05719d247e126840331f?s=96&d=mm&r=g\",\"caption\":\"libna\"}}]}<\/script>\n<!-- \/ Yoast SEO plugin. -->","yoast_head_json":{"title":"\u2018Alabo a Dios porque mi familia fue salvada\u2019 - Iglesia Adventista del S\u00e9ptimo D\u00eda - Divisi\u00f3n Interamericana","robots":{"index":"index","follow":"follow","max-snippet":"max-snippet:-1","max-image-preview":"max-image-preview:large","max-video-preview":"max-video-preview:-1"},"canonical":"https:\/\/interamerica.org\/es\/2023\/06\/alabo-a-dios-porque-mi-familia-fue-salvada\/","og_locale":"es_ES","og_type":"article","og_title":"\u2018Alabo a Dios porque mi familia fue salvada\u2019 - Iglesia Adventista del S\u00e9ptimo D\u00eda - Divisi\u00f3n Interamericana","og_description":"Un miembro de iglesia en Guam describe su aterradora experiencia durante el Tif\u00f3n Mawar. 6 de junio de 2023 | Guam | Gracelyn Lloyd, Misi\u00f3n Guam-Micronesia y Adventist Review Un...","og_url":"https:\/\/interamerica.org\/es\/2023\/06\/alabo-a-dios-porque-mi-familia-fue-salvada\/","og_site_name":"Iglesia Adventista del S\u00e9ptimo D\u00eda - Divisi\u00f3n Interamericana","article_published_time":"2023-06-06T22:38:03+00:00","article_modified_time":"2023-06-09T20:03:33+00:00","og_image":[{"width":1280,"height":800,"url":"https:\/\/interamerica.org\/wp-content\/uploads\/2023\/06\/guam-1-1280.jpg","type":"image\/jpeg"}],"author":"libna","twitter_card":"summary_large_image","twitter_misc":{"Escrito por":"libna","Tiempo de lectura":"5 minutos"},"schema":{"@context":"https:\/\/schema.org","@graph":[{"@type":"Article","@id":"https:\/\/interamerica.org\/es\/2023\/06\/alabo-a-dios-porque-mi-familia-fue-salvada\/#article","isPartOf":{"@id":"https:\/\/interamerica.org\/es\/2023\/06\/alabo-a-dios-porque-mi-familia-fue-salvada\/"},"author":{"name":"libna","@id":"https:\/\/interamerica.org\/es\/#\/schema\/person\/29998f2bc2d8bd0d38662909289b54f1"},"headline":"\u2018Alabo a Dios porque mi familia fue salvada\u2019","datePublished":"2023-06-06T22:38:03+00:00","dateModified":"2023-06-09T20:03:33+00:00","mainEntityOfPage":{"@id":"https:\/\/interamerica.org\/es\/2023\/06\/alabo-a-dios-porque-mi-familia-fue-salvada\/"},"wordCount":859,"image":{"@id":"https:\/\/interamerica.org\/es\/2023\/06\/alabo-a-dios-porque-mi-familia-fue-salvada\/#primaryimage"},"thumbnailUrl":"https:\/\/interamerica.org\/wp-content\/uploads\/2023\/06\/guam-1-1280.jpg","articleSection":["Desde la iglesia mundial","RSS Espa\u00f1ol"],"inLanguage":"es"},{"@type":"WebPage","@id":"https:\/\/interamerica.org\/es\/2023\/06\/alabo-a-dios-porque-mi-familia-fue-salvada\/","url":"https:\/\/interamerica.org\/es\/2023\/06\/alabo-a-dios-porque-mi-familia-fue-salvada\/","name":"\u2018Alabo a Dios porque mi familia fue salvada\u2019 - Iglesia Adventista del S\u00e9ptimo D\u00eda - Divisi\u00f3n Interamericana","isPartOf":{"@id":"https:\/\/interamerica.org\/es\/#website"},"primaryImageOfPage":{"@id":"https:\/\/interamerica.org\/es\/2023\/06\/alabo-a-dios-porque-mi-familia-fue-salvada\/#primaryimage"},"image":{"@id":"https:\/\/interamerica.org\/es\/2023\/06\/alabo-a-dios-porque-mi-familia-fue-salvada\/#primaryimage"},"thumbnailUrl":"https:\/\/interamerica.org\/wp-content\/uploads\/2023\/06\/guam-1-1280.jpg","datePublished":"2023-06-06T22:38:03+00:00","dateModified":"2023-06-09T20:03:33+00:00","author":{"@id":"https:\/\/interamerica.org\/es\/#\/schema\/person\/29998f2bc2d8bd0d38662909289b54f1"},"breadcrumb":{"@id":"https:\/\/interamerica.org\/es\/2023\/06\/alabo-a-dios-porque-mi-familia-fue-salvada\/#breadcrumb"},"inLanguage":"es","potentialAction":[{"@type":"ReadAction","target":["https:\/\/interamerica.org\/es\/2023\/06\/alabo-a-dios-porque-mi-familia-fue-salvada\/"]}]},{"@type":"ImageObject","inLanguage":"es","@id":"https:\/\/interamerica.org\/es\/2023\/06\/alabo-a-dios-porque-mi-familia-fue-salvada\/#primaryimage","url":"https:\/\/interamerica.org\/wp-content\/uploads\/2023\/06\/guam-1-1280.jpg","contentUrl":"https:\/\/interamerica.org\/wp-content\/uploads\/2023\/06\/guam-1-1280.jpg","width":1280,"height":800},{"@type":"BreadcrumbList","@id":"https:\/\/interamerica.org\/es\/2023\/06\/alabo-a-dios-porque-mi-familia-fue-salvada\/#breadcrumb","itemListElement":[{"@type":"ListItem","position":1,"name":"Home","item":"https:\/\/interamerica.org\/es\/"},{"@type":"ListItem","position":2,"name":"\u2018Alabo a Dios porque mi familia fue salvada\u2019"}]},{"@type":"WebSite","@id":"https:\/\/interamerica.org\/es\/#website","url":"https:\/\/interamerica.org\/es\/","name":"Iglesia Adventista del S\u00e9ptimo D\u00eda - Divisi\u00f3n Interamericana","description":"","potentialAction":[{"@type":"SearchAction","target":{"@type":"EntryPoint","urlTemplate":"https:\/\/interamerica.org\/es\/?s={search_term_string}"},"query-input":{"@type":"PropertyValueSpecification","valueRequired":true,"valueName":"search_term_string"}}],"inLanguage":"es"},{"@type":"Person","@id":"https:\/\/interamerica.org\/es\/#\/schema\/person\/29998f2bc2d8bd0d38662909289b54f1","name":"libna","image":{"@type":"ImageObject","inLanguage":"es","@id":"https:\/\/secure.gravatar.com\/avatar\/7c5bd30ae4b47a9ba3c856590957fd1d96dc588bf3ac05719d247e126840331f?s=96&d=mm&r=g","url":"https:\/\/secure.gravatar.com\/avatar\/7c5bd30ae4b47a9ba3c856590957fd1d96dc588bf3ac05719d247e126840331f?s=96&d=mm&r=g","contentUrl":"https:\/\/secure.gravatar.com\/avatar\/7c5bd30ae4b47a9ba3c856590957fd1d96dc588bf3ac05719d247e126840331f?s=96&d=mm&r=g","caption":"libna"}}]}},"_links":{"self":[{"href":"https:\/\/interamerica.org\/es\/wp-json\/wp\/v2\/posts\/100018","targetHints":{"allow":["GET"]}}],"collection":[{"href":"https:\/\/interamerica.org\/es\/wp-json\/wp\/v2\/posts"}],"about":[{"href":"https:\/\/interamerica.org\/es\/wp-json\/wp\/v2\/types\/post"}],"author":[{"embeddable":true,"href":"https:\/\/interamerica.org\/es\/wp-json\/wp\/v2\/users\/3"}],"replies":[{"embeddable":true,"href":"https:\/\/interamerica.org\/es\/wp-json\/wp\/v2\/comments?post=100018"}],"version-history":[{"count":0,"href":"https:\/\/interamerica.org\/es\/wp-json\/wp\/v2\/posts\/100018\/revisions"}],"wp:featuredmedia":[{"embeddable":true,"href":"https:\/\/interamerica.org\/es\/wp-json\/wp\/v2\/media\/99974"}],"wp:attachment":[{"href":"https:\/\/interamerica.org\/es\/wp-json\/wp\/v2\/media?parent=100018"}],"wp:term":[{"taxonomy":"category","embeddable":true,"href":"https:\/\/interamerica.org\/es\/wp-json\/wp\/v2\/categories?post=100018"},{"taxonomy":"post_tag","embeddable":true,"href":"https:\/\/interamerica.org\/es\/wp-json\/wp\/v2\/tags?post=100018"}],"curies":[{"name":"wp","href":"https:\/\/api.w.org\/{rel}","templated":true}]}}