{"id":100019,"date":"2023-06-05T20:53:30","date_gmt":"2023-06-06T00:53:30","guid":{"rendered":"https:\/\/interamerica.org\/?p=100019"},"modified":"2023-06-09T15:59:23","modified_gmt":"2023-06-09T19:59:23","slug":"desde-un-elegante-rincon-de-espana-hasta-los-confines-de-la-tierra","status":"publish","type":"post","link":"https:\/\/interamerica.org\/es\/2023\/06\/desde-un-elegante-rincon-de-espana-hasta-los-confines-de-la-tierra\/","title":{"rendered":"Desde un elegante rinc\u00f3n de Espa\u00f1a hasta los confines de la tierra"},"content":{"rendered":"<div id=\"attachment_99996\" style=\"width: 839px\" class=\"wp-caption aligncenter\"><img fetchpriority=\"high\" decoding=\"async\" aria-describedby=\"caption-attachment-99996\" class=\" wp-image-99994\" src=\"https:\/\/interamerica.org\/wp-content\/uploads\/2023\/06\/spain-safeliz-dsc-1111-scaled-1-1024x683.jpeg\" alt=\"\" width=\"829\" height=\"553\" srcset=\"https:\/\/interamerica.org\/wp-content\/uploads\/2023\/06\/spain-safeliz-dsc-1111-scaled-1-1024x683.jpeg 1024w, https:\/\/interamerica.org\/wp-content\/uploads\/2023\/06\/spain-safeliz-dsc-1111-scaled-1-300x200.jpeg 300w, https:\/\/interamerica.org\/wp-content\/uploads\/2023\/06\/spain-safeliz-dsc-1111-scaled-1-768x512.jpeg 768w, https:\/\/interamerica.org\/wp-content\/uploads\/2023\/06\/spain-safeliz-dsc-1111-scaled-1-1536x1025.jpeg 1536w, https:\/\/interamerica.org\/wp-content\/uploads\/2023\/06\/spain-safeliz-dsc-1111-scaled-1-2048x1366.jpeg 2048w\" sizes=\"(max-width: 829px) 100vw, 829px\" \/><p id=\"caption-attachment-99996\" class=\"wp-caption-text\">La obra cl\u00e1sica de Elena G. White El camino a Cristo en catorce de los idiomas en que publica actualmente Safeliz. Son enviados a cualquier lugar del mundo seg\u00fan lo requieran los campos locales. [Fotograf\u00eda: Marcos Paseggi, Adventist Review]<\/p><\/div>\n<h4>Editorial Safeliz se est\u00e1 asegurando de que nadie est\u00e9 m\u00e1s all\u00e1 de las buenas nuevas del evangelio.<\/h4>\n<p>6 de junio de 2023 | Espa\u00f1a | Marcos Paseggi, Adventist Review<\/p>\n<p>Un empleado de la Editorial Safeliz en Espa\u00f1a y su familia estaban de vacaciones en Grecia hace unos a\u00f1os. A medida que pasaban los d\u00edas, se hicieron buenos amigos con la propietaria del lugar donde estaban alojados. Disfrutaron tanto de la experiencia que, un a\u00f1o m\u00e1s tarde, decidieron regresar y alojarse en el mismo lugar.<\/p>\n<p>Con el deseo de testificar a la amable casera, escribi\u00f3 a los l\u00edderes de la Misi\u00f3n Griega para solicitarles un ejemplar del libro El camino a Cristo, de Elena G. White, en griego. Cuando recibi\u00f3 el ejemplar por correo, sin embargo, qued\u00f3 desilusionado. Era una voluminosa edici\u00f3n impresa cincuenta a\u00f1os antes. Sus p\u00e1ginas estaban amarillas y ten\u00edan un aspecto anticuado. De ninguna manera se sent\u00eda c\u00f3modo regal\u00e1ndole ese volumen tan poco atractivo.<\/p>\n<p>Nace una idea<\/p>\n<p>De regreso en su oficina en la editorial que administra la Iglesia Adventista cerca de Madrid, tuvo una idea. \u00bfY si Safeliz contactaba a la Misi\u00f3n Griega y le ofrec\u00eda imprimir ejemplares ilustrados a todo color de El camino a Cristo en griego?<\/p>\n<p>El empleado contact\u00f3 a sus superirores, que se pusieron en contacto con el campo de la Misi\u00f3n Griega. Con el tiempo, naci\u00f3 una sociedad que ahora ha llevado a enviar miles de ejemplares de El camino a Cristo a Grecia.<\/p>\n<p><div id=\"attachment_100003\" style=\"width: 862px\" class=\"wp-caption aligncenter\"><img decoding=\"async\" aria-describedby=\"caption-attachment-100003\" class=\" wp-image-100001\" src=\"https:\/\/interamerica.org\/wp-content\/uploads\/2023\/06\/safeliz-2-1024x683.jpeg\" alt=\"\" width=\"852\" height=\"568\" srcset=\"https:\/\/interamerica.org\/wp-content\/uploads\/2023\/06\/safeliz-2-1024x683.jpeg 1024w, https:\/\/interamerica.org\/wp-content\/uploads\/2023\/06\/safeliz-2-300x200.jpeg 300w, https:\/\/interamerica.org\/wp-content\/uploads\/2023\/06\/safeliz-2-768x512.jpeg 768w, https:\/\/interamerica.org\/wp-content\/uploads\/2023\/06\/safeliz-2-1536x1025.jpeg 1536w, https:\/\/interamerica.org\/wp-content\/uploads\/2023\/06\/safeliz-2-2048x1366.jpeg 2048w\" sizes=\"(max-width: 852px) 100vw, 852px\" \/><p id=\"caption-attachment-100003\" class=\"wp-caption-text\">El gerente financiero Sergio Mato camino por una de las salas de almacenamiento de libros dentro del edificio de Editorial Safeliz. [Fotograf\u00eda: Marcos Paseggi, Adventist Review]<\/p><\/div>La sociedad con la Misi\u00f3n Griega, sin embargo, no es la \u00fanica en la que participa Safeliz. En los \u00faltimos a\u00f1os, Safeliz ha publicado la misma edici\u00f3n de El camino a Cristo en al menos catorce idiomas, lo que incluye el \u00e1rabe, el chino, el hindi y el tailand\u00e9s.<\/p>\n<p>\u201cAl usar el mismo dise\u00f1o b\u00e1sico e ilustraciones similares, podemos ofrecer impresos adventistas de primera calidad a un costo sumamente razonable\u201d, dice Sergio Mato, gerente financiero de Safeliz. \u201cTambi\u00e9n podemos decidir en qu\u00e9 lugar del mundo imprimir, y enviar los libros directamente de la casa editora al territorio eclesi\u00e1stico que los hayan solicitado\u201d.<\/p>\n<p>Los obreros del dep\u00f3sito de Safeliz en Espa\u00f1a preparan regularmente pal\u00e9s para ser enviados a cualquier lugar del mundo. \u201cDestinatario no est\u00e1 disponible los s\u00e1bados. Por favor, no entregar ese d\u00eda\u201d, dicen las instrucciones de la etiqueta en un pal\u00e9 listo para ser cargado y enviado a Chad. Otros pal\u00e9s esperan all\u00ed cerca, listos para ser enviados a otros pa\u00edses de Europa, Asia y aun m\u00e1s all\u00e1.<\/p>\n<p><div id=\"attachment_100006\" style=\"width: 844px\" class=\"wp-caption aligncenter\"><img decoding=\"async\" aria-describedby=\"caption-attachment-100006\" class=\" wp-image-100004\" src=\"https:\/\/interamerica.org\/wp-content\/uploads\/2023\/06\/safeliz-3dsc-1118-scaled-1-1024x683.jpeg\" alt=\"\" width=\"834\" height=\"556\" srcset=\"https:\/\/interamerica.org\/wp-content\/uploads\/2023\/06\/safeliz-3dsc-1118-scaled-1-1024x683.jpeg 1024w, https:\/\/interamerica.org\/wp-content\/uploads\/2023\/06\/safeliz-3dsc-1118-scaled-1-300x200.jpeg 300w, https:\/\/interamerica.org\/wp-content\/uploads\/2023\/06\/safeliz-3dsc-1118-scaled-1-768x512.jpeg 768w, https:\/\/interamerica.org\/wp-content\/uploads\/2023\/06\/safeliz-3dsc-1118-scaled-1-1536x1025.jpeg 1536w, https:\/\/interamerica.org\/wp-content\/uploads\/2023\/06\/safeliz-3dsc-1118-scaled-1-2048x1366.jpeg 2048w\" sizes=\"(max-width: 834px) 100vw, 834px\" \/><p id=\"caption-attachment-100006\" class=\"wp-caption-text\">Durante d\u00e9cadas, Safeliz se ha hecho conocer como editorial que publica libros enfocados en los principios de salud y la comida sana. [Fotograf\u00eda: Marcos Paseggi, Adventist Review]<\/p><\/div><strong>Libros sobre vida sana y Biblias<\/strong><\/p>\n<p>Pero no son solo los vol\u00famenes de Elena G. White que son impresos y compartidos con la iglesia mundial. Con cl\u00e1sicos de d\u00e9cadas tales como Medicina natural y Ni\u00f1os sanos y fuertes, Safeliz ha llegado a ser conocida por libros sobre remedios naturales y la vida sana. Vol\u00famenes contempor\u00e1neos a todo color comparten recetas saludables y analizan maneras de prevenir la diabetes, estimular el sistema inmunitario y usar el poder de las plantas para disfrutar de una mejor salud general.<\/p>\n<p>Safeliz tambi\u00e9n se ha hecho conocer como editora de Biblias que responden a grupos etarios, profesiones e intereses espec\u00edficos. En los \u00faltimos a\u00f1os, Safeliz ha publicado la Biblia del Conquistador, la Biblia de la Pareja, la Biblia del Colportor, y la Biblia de Estudio Arqueol\u00f3gica con contexto hist\u00f3rico y cultural, entre otras. Hace poco, a\u00f1adi\u00f3 la Biblia de la Mujer Creativa en dos formatos. La mayor\u00eda de estas ediciones tambi\u00e9n son ofrecidas en otros idiomas principales, como el espa\u00f1ol, el franc\u00e9s y el portugu\u00e9s.<\/p>\n<p>\u201cAhora estamos trabajando en una edici\u00f3n b\u00edblica de Back to the Altar [De regreso al altar]\u201d, cuenta el presidente de Safeliz Mario Martinelli a fines de mayo. Martinelli est\u00e1 haciendo referencia a la iniciativa de la Asociaci\u00f3n General que busca hacer un llamado \u201ca todas las personas a una relaci\u00f3n personal de tiempo devocional con Dios\u201d. Con la presencia de los l\u00edderes de la Iglesia Adventista, Safeliz espera presentar la nueva edici\u00f3n para mediados de 2024.<\/p>\n<p><div id=\"attachment_100009\" style=\"width: 874px\" class=\"wp-caption aligncenter\"><img loading=\"lazy\" decoding=\"async\" aria-describedby=\"caption-attachment-100009\" class=\" wp-image-100007\" src=\"https:\/\/interamerica.org\/wp-content\/uploads\/2023\/06\/safeli-warehouse-dsc-1120-scaled-1-1024x683.jpeg\" alt=\"\" width=\"864\" height=\"576\" srcset=\"https:\/\/interamerica.org\/wp-content\/uploads\/2023\/06\/safeli-warehouse-dsc-1120-scaled-1-1024x683.jpeg 1024w, https:\/\/interamerica.org\/wp-content\/uploads\/2023\/06\/safeli-warehouse-dsc-1120-scaled-1-300x200.jpeg 300w, https:\/\/interamerica.org\/wp-content\/uploads\/2023\/06\/safeli-warehouse-dsc-1120-scaled-1-768x512.jpeg 768w, https:\/\/interamerica.org\/wp-content\/uploads\/2023\/06\/safeli-warehouse-dsc-1120-scaled-1-1536x1025.jpeg 1536w, https:\/\/interamerica.org\/wp-content\/uploads\/2023\/06\/safeli-warehouse-dsc-1120-scaled-1-2048x1366.jpeg 2048w\" sizes=\"(max-width: 864px) 100vw, 864px\" \/><p id=\"caption-attachment-100009\" class=\"wp-caption-text\">Libros aguardan en cajas, listos para ser enviados a todas partes del mundo seg\u00fan lo solicitado. [Fotograf\u00eda: Marcos Paseggi, Adventist Review]<\/p><\/div><strong>Predicar con el ejemplo<\/strong><\/p>\n<p>Safeliz no se contenta con tan solo promover y vender libros sobre la Biblia y la vida sana. Sus l\u00edderes tambi\u00e9n han implementado pr\u00e1cticas para vivir lo que predican.<\/p>\n<p>Durante a\u00f1os, la editorial ha apoyado iniciativas de evangelizaci\u00f3n en toda Espa\u00f1a y otros pa\u00edses. En su esfuerzo m\u00e1s reciente de varios a\u00f1os, los l\u00edderes de Safeliz fueron la fuerza que impuls\u00f3 la recientemente inaugurada iglesia adventista de Colmenar Viejo, la primera congregaci\u00f3n adventista en la ciudad sat\u00e9lite de Madrid donde se encuentran las oficinas de la empresa.<br \/>\nEn conexi\u00f3n con la obra de la iglesia, en los \u00faltimos a\u00f1os, Safeliz ha apoyado reuniones anuales de evangelismo con oradores internacionales y l\u00edderes de la iglesia, incluido Robert Corsta, secretario ministerial asociado de la Asociaci\u00f3n General de la Iglesia Adventista; y Erton K\u00f6hler, secretario ejecutivo de la Asociaci\u00f3n General.<\/p>\n<p>Los l\u00edderes de Safeliz tambi\u00e9n han reconocido que, si dedican parte de sus vidas a promocionar y vender libros sobre vida sana, sus propias vidas deber\u00edan ser consecuentes con ese ideal. De acuerdo con ello, votaron usar la mitad del terreno donde se encuentra Safeliz para plantar y hacer crecer \u00e1rboles frutales y otras plantas. M\u00e1s all\u00e1 de los omnipresentes olivos, los empleados pueden cosechar damascos, uvas e higos, entre otras frutas. En el lugar, los empleados tambi\u00e9n pueden tener una huerta propia con verduras.<\/p>\n<p><div id=\"attachment_100012\" style=\"width: 867px\" class=\"wp-caption aligncenter\"><img loading=\"lazy\" decoding=\"async\" aria-describedby=\"caption-attachment-100012\" class=\" wp-image-100010\" src=\"https:\/\/interamerica.org\/wp-content\/uploads\/2023\/06\/safelize-dsc-1123-scaled-1-1024x783.jpeg\" alt=\"\" width=\"857\" height=\"655\" srcset=\"https:\/\/interamerica.org\/wp-content\/uploads\/2023\/06\/safelize-dsc-1123-scaled-1-1024x783.jpeg 1024w, https:\/\/interamerica.org\/wp-content\/uploads\/2023\/06\/safelize-dsc-1123-scaled-1-300x229.jpeg 300w, https:\/\/interamerica.org\/wp-content\/uploads\/2023\/06\/safelize-dsc-1123-scaled-1-768x587.jpeg 768w, https:\/\/interamerica.org\/wp-content\/uploads\/2023\/06\/safelize-dsc-1123-scaled-1-1536x1175.jpeg 1536w, https:\/\/interamerica.org\/wp-content\/uploads\/2023\/06\/safelize-dsc-1123-scaled-1-2048x1566.jpeg 2048w\" sizes=\"(max-width: 857px) 100vw, 857px\" \/><p id=\"caption-attachment-100012\" class=\"wp-caption-text\">Los olivos son omnipresentes en la zona, lo que incluye los terrenos donde se encuentra la Editorial Safeliz. [Fotograf\u00eda: Marcos Paseggi, Adventist Review]<\/p><\/div>Un masivo tanque de almacenamiento de agua garantiza el suministro regular de agua que ayuda a mantener las plantas y la grama verde y saludable. Safeliz tambi\u00e9n ha incorporado la energ\u00eda solar para reducir los costos de electricidad. Dentro de edificio, inversores de potencia toman la energ\u00eda solar y la dirigen al sistema el\u00e9ctrico de la editorial. Desde su implementaci\u00f3n, el ahorro de costos ha sido sustancial.<\/p>\n<p>Safeliz tambi\u00e9n ha abierto un peque\u00f1o pero bien equipado gimnasio para los empleados que quieren dar m\u00e1s atenci\u00f3n a su estado f\u00edsico. Las instalaciones incluyen maquinaria moderna, vestuarios y duchas para ambos sexos.<\/p>\n<p>Hace poco, Safeliz, que es una instituci\u00f3n de la iglesia con sost\u00e9n propio, ha armado un estudio de grabaci\u00f3n en el que podr\u00e1n grabar avisos y promociones para sus productos.<\/p>\n<p>\u201cTratamos de que nuestros empleados est\u00e9n felices y se sientan atendidos\u201d, dice Mato. \u201cSi est\u00e1n felices, sabemos que podremos contar con ellos cuando surge una necesidad espec\u00edfica, o cuando les pedimos que hagan la segunda milla. Y ellos lo saben\u201d.<\/p>\n<p><div id=\"attachment_100015\" style=\"width: 867px\" class=\"wp-caption aligncenter\"><img loading=\"lazy\" decoding=\"async\" aria-describedby=\"caption-attachment-100015\" class=\" wp-image-100013\" src=\"https:\/\/interamerica.org\/wp-content\/uploads\/2023\/06\/safeliz-dsc-1130-scaled-1-1024x683.jpeg\" alt=\"\" width=\"857\" height=\"571\" srcset=\"https:\/\/interamerica.org\/wp-content\/uploads\/2023\/06\/safeliz-dsc-1130-scaled-1-1024x683.jpeg 1024w, https:\/\/interamerica.org\/wp-content\/uploads\/2023\/06\/safeliz-dsc-1130-scaled-1-300x200.jpeg 300w, https:\/\/interamerica.org\/wp-content\/uploads\/2023\/06\/safeliz-dsc-1130-scaled-1-768x512.jpeg 768w, https:\/\/interamerica.org\/wp-content\/uploads\/2023\/06\/safeliz-dsc-1130-scaled-1-1536x1025.jpeg 1536w, https:\/\/interamerica.org\/wp-content\/uploads\/2023\/06\/safeliz-dsc-1130-scaled-1-2048x1366.jpeg 2048w\" sizes=\"(max-width: 857px) 100vw, 857px\" \/><p id=\"caption-attachment-100015\" class=\"wp-caption-text\">Una unidad masiva de almacenamiento provee de agua para las plantas y la grama. [Fotograf\u00eda: Marcos Paseggi, Adventist Review]<\/p><\/div><strong>Una tarea inconclusa<\/strong><\/p>\n<p>Es mediod\u00eda, y de regreso al dep\u00f3sito, los empleados de Safeliz est\u00e1n preparando otro env\u00edo. Le adhieren las etiquetas de env\u00edo al pal\u00e9, que, afortunadamente para los no iniciados, han transcripto las letras griegas al alfabeto latino. \u201cChristianikis Ekklesias Adventiston Evdomis Imeras\u201d, expresa. No es necesario saber el idioma para comprender que se trata de otro env\u00edo m\u00e1s a la Misi\u00f3n Griega. M\u00e1s libros. M\u00e1s contactos para el reino.<\/p>\n<p>\u201cEn los \u00faltimos doce meses, hemos publicado e impreso probablemente m\u00e1s libros que en los cinco a\u00f1os anteriores\u201d, dice Mato. \u201cSeguimos a\u00f1adiendo idiomas y territorios de la iglesia. Aun as\u00ed, hay muchos m\u00e1s que necesitan conocer este mensaje. Y nuestra misi\u00f3n es facilitar esa tarea\u201d.<\/p>\n<p>Traducci\u00f3n de Marcos Paseggi<\/p>\n","protected":false},"excerpt":{"rendered":"<p>Editorial Safeliz se est\u00e1 asegurando de que nadie est\u00e9 m\u00e1s all\u00e1 de las buenas nuevas del evangelio. 6 de junio de 2023 | Espa\u00f1a | Marcos Paseggi, Adventist Review Un&#8230;<\/p>\n","protected":false},"author":3,"featured_media":99996,"comment_status":"closed","ping_status":"closed","sticky":false,"template":"","format":"standard","meta":{"_acf_changed":false,"footnotes":""},"categories":[14,15],"tags":[],"class_list":["post-100019","post","type-post","status-publish","format-standard","has-post-thumbnail","hentry","category-de-la-iglesia-mundial","category-rss-espanol"],"acf":[],"yoast_head":"<!-- This site is optimized with the Yoast SEO plugin v27.3 - https:\/\/yoast.com\/product\/yoast-seo-wordpress\/ -->\n<title>Desde un elegante rinc\u00f3n de Espa\u00f1a hasta los confines de la tierra - Iglesia Adventista del S\u00e9ptimo D\u00eda - Divisi\u00f3n Interamericana<\/title>\n<meta name=\"robots\" content=\"index, follow, max-snippet:-1, max-image-preview:large, max-video-preview:-1\" \/>\n<link rel=\"canonical\" href=\"https:\/\/interamerica.org\/es\/2023\/06\/desde-un-elegante-rincon-de-espana-hasta-los-confines-de-la-tierra\/\" \/>\n<meta property=\"og:locale\" content=\"es_ES\" \/>\n<meta property=\"og:type\" content=\"article\" \/>\n<meta property=\"og:title\" content=\"Desde un elegante rinc\u00f3n de Espa\u00f1a hasta los confines de la tierra - Iglesia Adventista del S\u00e9ptimo D\u00eda - Divisi\u00f3n Interamericana\" \/>\n<meta property=\"og:description\" content=\"Editorial Safeliz se est\u00e1 asegurando de que nadie est\u00e9 m\u00e1s all\u00e1 de las buenas nuevas del evangelio. 6 de junio de 2023 | Espa\u00f1a | Marcos Paseggi, Adventist Review Un...\" \/>\n<meta property=\"og:url\" content=\"https:\/\/interamerica.org\/es\/2023\/06\/desde-un-elegante-rincon-de-espana-hasta-los-confines-de-la-tierra\/\" \/>\n<meta property=\"og:site_name\" content=\"Iglesia Adventista del S\u00e9ptimo D\u00eda - Divisi\u00f3n Interamericana\" \/>\n<meta property=\"article:published_time\" content=\"2023-06-06T00:53:30+00:00\" \/>\n<meta property=\"article:modified_time\" content=\"2023-06-09T19:59:23+00:00\" \/>\n<meta property=\"og:image\" content=\"https:\/\/interamerica.org\/wp-content\/uploads\/2023\/06\/spain-safeliz-dsc-1111-scaled-1.jpeg\" \/>\n\t<meta property=\"og:image:width\" content=\"2560\" \/>\n\t<meta property=\"og:image:height\" content=\"1708\" \/>\n\t<meta property=\"og:image:type\" content=\"image\/jpeg\" \/>\n<meta name=\"author\" content=\"libna\" \/>\n<meta name=\"twitter:card\" content=\"summary_large_image\" \/>\n<meta name=\"twitter:label1\" content=\"Escrito por\" \/>\n\t<meta name=\"twitter:data1\" content=\"libna\" \/>\n\t<meta name=\"twitter:label2\" content=\"Tiempo de lectura\" \/>\n\t<meta name=\"twitter:data2\" content=\"8 minutos\" \/>\n<script type=\"application\/ld+json\" class=\"yoast-schema-graph\">{\"@context\":\"https:\\\/\\\/schema.org\",\"@graph\":[{\"@type\":\"Article\",\"@id\":\"https:\\\/\\\/interamerica.org\\\/es\\\/2023\\\/06\\\/desde-un-elegante-rincon-de-espana-hasta-los-confines-de-la-tierra\\\/#article\",\"isPartOf\":{\"@id\":\"https:\\\/\\\/interamerica.org\\\/es\\\/2023\\\/06\\\/desde-un-elegante-rincon-de-espana-hasta-los-confines-de-la-tierra\\\/\"},\"author\":{\"name\":\"libna\",\"@id\":\"https:\\\/\\\/interamerica.org\\\/es\\\/#\\\/schema\\\/person\\\/29998f2bc2d8bd0d38662909289b54f1\"},\"headline\":\"Desde un elegante rinc\u00f3n de Espa\u00f1a hasta los confines de la tierra\",\"datePublished\":\"2023-06-06T00:53:30+00:00\",\"dateModified\":\"2023-06-09T19:59:23+00:00\",\"mainEntityOfPage\":{\"@id\":\"https:\\\/\\\/interamerica.org\\\/es\\\/2023\\\/06\\\/desde-un-elegante-rincon-de-espana-hasta-los-confines-de-la-tierra\\\/\"},\"wordCount\":1504,\"image\":{\"@id\":\"https:\\\/\\\/interamerica.org\\\/es\\\/2023\\\/06\\\/desde-un-elegante-rincon-de-espana-hasta-los-confines-de-la-tierra\\\/#primaryimage\"},\"thumbnailUrl\":\"https:\\\/\\\/interamerica.org\\\/wp-content\\\/uploads\\\/2023\\\/06\\\/spain-safeliz-dsc-1111-scaled-1.jpeg\",\"articleSection\":[\"Desde la iglesia mundial\",\"RSS Espa\u00f1ol\"],\"inLanguage\":\"es\"},{\"@type\":\"WebPage\",\"@id\":\"https:\\\/\\\/interamerica.org\\\/es\\\/2023\\\/06\\\/desde-un-elegante-rincon-de-espana-hasta-los-confines-de-la-tierra\\\/\",\"url\":\"https:\\\/\\\/interamerica.org\\\/es\\\/2023\\\/06\\\/desde-un-elegante-rincon-de-espana-hasta-los-confines-de-la-tierra\\\/\",\"name\":\"Desde un elegante rinc\u00f3n de Espa\u00f1a hasta los confines de la tierra - Iglesia Adventista del S\u00e9ptimo D\u00eda - Divisi\u00f3n Interamericana\",\"isPartOf\":{\"@id\":\"https:\\\/\\\/interamerica.org\\\/es\\\/#website\"},\"primaryImageOfPage\":{\"@id\":\"https:\\\/\\\/interamerica.org\\\/es\\\/2023\\\/06\\\/desde-un-elegante-rincon-de-espana-hasta-los-confines-de-la-tierra\\\/#primaryimage\"},\"image\":{\"@id\":\"https:\\\/\\\/interamerica.org\\\/es\\\/2023\\\/06\\\/desde-un-elegante-rincon-de-espana-hasta-los-confines-de-la-tierra\\\/#primaryimage\"},\"thumbnailUrl\":\"https:\\\/\\\/interamerica.org\\\/wp-content\\\/uploads\\\/2023\\\/06\\\/spain-safeliz-dsc-1111-scaled-1.jpeg\",\"datePublished\":\"2023-06-06T00:53:30+00:00\",\"dateModified\":\"2023-06-09T19:59:23+00:00\",\"author\":{\"@id\":\"https:\\\/\\\/interamerica.org\\\/es\\\/#\\\/schema\\\/person\\\/29998f2bc2d8bd0d38662909289b54f1\"},\"breadcrumb\":{\"@id\":\"https:\\\/\\\/interamerica.org\\\/es\\\/2023\\\/06\\\/desde-un-elegante-rincon-de-espana-hasta-los-confines-de-la-tierra\\\/#breadcrumb\"},\"inLanguage\":\"es\",\"potentialAction\":[{\"@type\":\"ReadAction\",\"target\":[\"https:\\\/\\\/interamerica.org\\\/es\\\/2023\\\/06\\\/desde-un-elegante-rincon-de-espana-hasta-los-confines-de-la-tierra\\\/\"]}]},{\"@type\":\"ImageObject\",\"inLanguage\":\"es\",\"@id\":\"https:\\\/\\\/interamerica.org\\\/es\\\/2023\\\/06\\\/desde-un-elegante-rincon-de-espana-hasta-los-confines-de-la-tierra\\\/#primaryimage\",\"url\":\"https:\\\/\\\/interamerica.org\\\/wp-content\\\/uploads\\\/2023\\\/06\\\/spain-safeliz-dsc-1111-scaled-1.jpeg\",\"contentUrl\":\"https:\\\/\\\/interamerica.org\\\/wp-content\\\/uploads\\\/2023\\\/06\\\/spain-safeliz-dsc-1111-scaled-1.jpeg\",\"width\":2560,\"height\":1708,\"caption\":\"Ellen G. White\u2019s classic work Steps to Christ in 14 of the languages Safeliz currently publishes. They are sent anywhere in the world as requested by local fields. [Photo: Marcos Paseggi, Adventist Review]\"},{\"@type\":\"BreadcrumbList\",\"@id\":\"https:\\\/\\\/interamerica.org\\\/es\\\/2023\\\/06\\\/desde-un-elegante-rincon-de-espana-hasta-los-confines-de-la-tierra\\\/#breadcrumb\",\"itemListElement\":[{\"@type\":\"ListItem\",\"position\":1,\"name\":\"Home\",\"item\":\"https:\\\/\\\/interamerica.org\\\/es\\\/\"},{\"@type\":\"ListItem\",\"position\":2,\"name\":\"Desde un elegante rinc\u00f3n de Espa\u00f1a hasta los confines de la tierra\"}]},{\"@type\":\"WebSite\",\"@id\":\"https:\\\/\\\/interamerica.org\\\/es\\\/#website\",\"url\":\"https:\\\/\\\/interamerica.org\\\/es\\\/\",\"name\":\"Iglesia Adventista del S\u00e9ptimo D\u00eda - Divisi\u00f3n Interamericana\",\"description\":\"\",\"potentialAction\":[{\"@type\":\"SearchAction\",\"target\":{\"@type\":\"EntryPoint\",\"urlTemplate\":\"https:\\\/\\\/interamerica.org\\\/es\\\/?s={search_term_string}\"},\"query-input\":{\"@type\":\"PropertyValueSpecification\",\"valueRequired\":true,\"valueName\":\"search_term_string\"}}],\"inLanguage\":\"es\"},{\"@type\":\"Person\",\"@id\":\"https:\\\/\\\/interamerica.org\\\/es\\\/#\\\/schema\\\/person\\\/29998f2bc2d8bd0d38662909289b54f1\",\"name\":\"libna\",\"image\":{\"@type\":\"ImageObject\",\"inLanguage\":\"es\",\"@id\":\"https:\\\/\\\/secure.gravatar.com\\\/avatar\\\/7c5bd30ae4b47a9ba3c856590957fd1d96dc588bf3ac05719d247e126840331f?s=96&d=mm&r=g\",\"url\":\"https:\\\/\\\/secure.gravatar.com\\\/avatar\\\/7c5bd30ae4b47a9ba3c856590957fd1d96dc588bf3ac05719d247e126840331f?s=96&d=mm&r=g\",\"contentUrl\":\"https:\\\/\\\/secure.gravatar.com\\\/avatar\\\/7c5bd30ae4b47a9ba3c856590957fd1d96dc588bf3ac05719d247e126840331f?s=96&d=mm&r=g\",\"caption\":\"libna\"}}]}<\/script>\n<!-- \/ Yoast SEO plugin. -->","yoast_head_json":{"title":"Desde un elegante rinc\u00f3n de Espa\u00f1a hasta los confines de la tierra - Iglesia Adventista del S\u00e9ptimo D\u00eda - Divisi\u00f3n Interamericana","robots":{"index":"index","follow":"follow","max-snippet":"max-snippet:-1","max-image-preview":"max-image-preview:large","max-video-preview":"max-video-preview:-1"},"canonical":"https:\/\/interamerica.org\/es\/2023\/06\/desde-un-elegante-rincon-de-espana-hasta-los-confines-de-la-tierra\/","og_locale":"es_ES","og_type":"article","og_title":"Desde un elegante rinc\u00f3n de Espa\u00f1a hasta los confines de la tierra - Iglesia Adventista del S\u00e9ptimo D\u00eda - Divisi\u00f3n Interamericana","og_description":"Editorial Safeliz se est\u00e1 asegurando de que nadie est\u00e9 m\u00e1s all\u00e1 de las buenas nuevas del evangelio. 6 de junio de 2023 | Espa\u00f1a | Marcos Paseggi, Adventist Review Un...","og_url":"https:\/\/interamerica.org\/es\/2023\/06\/desde-un-elegante-rincon-de-espana-hasta-los-confines-de-la-tierra\/","og_site_name":"Iglesia Adventista del S\u00e9ptimo D\u00eda - Divisi\u00f3n Interamericana","article_published_time":"2023-06-06T00:53:30+00:00","article_modified_time":"2023-06-09T19:59:23+00:00","og_image":[{"width":2560,"height":1708,"url":"https:\/\/interamerica.org\/wp-content\/uploads\/2023\/06\/spain-safeliz-dsc-1111-scaled-1.jpeg","type":"image\/jpeg"}],"author":"libna","twitter_card":"summary_large_image","twitter_misc":{"Escrito por":"libna","Tiempo de lectura":"8 minutos"},"schema":{"@context":"https:\/\/schema.org","@graph":[{"@type":"Article","@id":"https:\/\/interamerica.org\/es\/2023\/06\/desde-un-elegante-rincon-de-espana-hasta-los-confines-de-la-tierra\/#article","isPartOf":{"@id":"https:\/\/interamerica.org\/es\/2023\/06\/desde-un-elegante-rincon-de-espana-hasta-los-confines-de-la-tierra\/"},"author":{"name":"libna","@id":"https:\/\/interamerica.org\/es\/#\/schema\/person\/29998f2bc2d8bd0d38662909289b54f1"},"headline":"Desde un elegante rinc\u00f3n de Espa\u00f1a hasta los confines de la tierra","datePublished":"2023-06-06T00:53:30+00:00","dateModified":"2023-06-09T19:59:23+00:00","mainEntityOfPage":{"@id":"https:\/\/interamerica.org\/es\/2023\/06\/desde-un-elegante-rincon-de-espana-hasta-los-confines-de-la-tierra\/"},"wordCount":1504,"image":{"@id":"https:\/\/interamerica.org\/es\/2023\/06\/desde-un-elegante-rincon-de-espana-hasta-los-confines-de-la-tierra\/#primaryimage"},"thumbnailUrl":"https:\/\/interamerica.org\/wp-content\/uploads\/2023\/06\/spain-safeliz-dsc-1111-scaled-1.jpeg","articleSection":["Desde la iglesia mundial","RSS Espa\u00f1ol"],"inLanguage":"es"},{"@type":"WebPage","@id":"https:\/\/interamerica.org\/es\/2023\/06\/desde-un-elegante-rincon-de-espana-hasta-los-confines-de-la-tierra\/","url":"https:\/\/interamerica.org\/es\/2023\/06\/desde-un-elegante-rincon-de-espana-hasta-los-confines-de-la-tierra\/","name":"Desde un elegante rinc\u00f3n de Espa\u00f1a hasta los confines de la tierra - Iglesia Adventista del S\u00e9ptimo D\u00eda - Divisi\u00f3n Interamericana","isPartOf":{"@id":"https:\/\/interamerica.org\/es\/#website"},"primaryImageOfPage":{"@id":"https:\/\/interamerica.org\/es\/2023\/06\/desde-un-elegante-rincon-de-espana-hasta-los-confines-de-la-tierra\/#primaryimage"},"image":{"@id":"https:\/\/interamerica.org\/es\/2023\/06\/desde-un-elegante-rincon-de-espana-hasta-los-confines-de-la-tierra\/#primaryimage"},"thumbnailUrl":"https:\/\/interamerica.org\/wp-content\/uploads\/2023\/06\/spain-safeliz-dsc-1111-scaled-1.jpeg","datePublished":"2023-06-06T00:53:30+00:00","dateModified":"2023-06-09T19:59:23+00:00","author":{"@id":"https:\/\/interamerica.org\/es\/#\/schema\/person\/29998f2bc2d8bd0d38662909289b54f1"},"breadcrumb":{"@id":"https:\/\/interamerica.org\/es\/2023\/06\/desde-un-elegante-rincon-de-espana-hasta-los-confines-de-la-tierra\/#breadcrumb"},"inLanguage":"es","potentialAction":[{"@type":"ReadAction","target":["https:\/\/interamerica.org\/es\/2023\/06\/desde-un-elegante-rincon-de-espana-hasta-los-confines-de-la-tierra\/"]}]},{"@type":"ImageObject","inLanguage":"es","@id":"https:\/\/interamerica.org\/es\/2023\/06\/desde-un-elegante-rincon-de-espana-hasta-los-confines-de-la-tierra\/#primaryimage","url":"https:\/\/interamerica.org\/wp-content\/uploads\/2023\/06\/spain-safeliz-dsc-1111-scaled-1.jpeg","contentUrl":"https:\/\/interamerica.org\/wp-content\/uploads\/2023\/06\/spain-safeliz-dsc-1111-scaled-1.jpeg","width":2560,"height":1708,"caption":"Ellen G. White\u2019s classic work Steps to Christ in 14 of the languages Safeliz currently publishes. They are sent anywhere in the world as requested by local fields. [Photo: Marcos Paseggi, Adventist Review]"},{"@type":"BreadcrumbList","@id":"https:\/\/interamerica.org\/es\/2023\/06\/desde-un-elegante-rincon-de-espana-hasta-los-confines-de-la-tierra\/#breadcrumb","itemListElement":[{"@type":"ListItem","position":1,"name":"Home","item":"https:\/\/interamerica.org\/es\/"},{"@type":"ListItem","position":2,"name":"Desde un elegante rinc\u00f3n de Espa\u00f1a hasta los confines de la tierra"}]},{"@type":"WebSite","@id":"https:\/\/interamerica.org\/es\/#website","url":"https:\/\/interamerica.org\/es\/","name":"Iglesia Adventista del S\u00e9ptimo D\u00eda - Divisi\u00f3n Interamericana","description":"","potentialAction":[{"@type":"SearchAction","target":{"@type":"EntryPoint","urlTemplate":"https:\/\/interamerica.org\/es\/?s={search_term_string}"},"query-input":{"@type":"PropertyValueSpecification","valueRequired":true,"valueName":"search_term_string"}}],"inLanguage":"es"},{"@type":"Person","@id":"https:\/\/interamerica.org\/es\/#\/schema\/person\/29998f2bc2d8bd0d38662909289b54f1","name":"libna","image":{"@type":"ImageObject","inLanguage":"es","@id":"https:\/\/secure.gravatar.com\/avatar\/7c5bd30ae4b47a9ba3c856590957fd1d96dc588bf3ac05719d247e126840331f?s=96&d=mm&r=g","url":"https:\/\/secure.gravatar.com\/avatar\/7c5bd30ae4b47a9ba3c856590957fd1d96dc588bf3ac05719d247e126840331f?s=96&d=mm&r=g","contentUrl":"https:\/\/secure.gravatar.com\/avatar\/7c5bd30ae4b47a9ba3c856590957fd1d96dc588bf3ac05719d247e126840331f?s=96&d=mm&r=g","caption":"libna"}}]}},"_links":{"self":[{"href":"https:\/\/interamerica.org\/es\/wp-json\/wp\/v2\/posts\/100019","targetHints":{"allow":["GET"]}}],"collection":[{"href":"https:\/\/interamerica.org\/es\/wp-json\/wp\/v2\/posts"}],"about":[{"href":"https:\/\/interamerica.org\/es\/wp-json\/wp\/v2\/types\/post"}],"author":[{"embeddable":true,"href":"https:\/\/interamerica.org\/es\/wp-json\/wp\/v2\/users\/3"}],"replies":[{"embeddable":true,"href":"https:\/\/interamerica.org\/es\/wp-json\/wp\/v2\/comments?post=100019"}],"version-history":[{"count":0,"href":"https:\/\/interamerica.org\/es\/wp-json\/wp\/v2\/posts\/100019\/revisions"}],"wp:featuredmedia":[{"embeddable":true,"href":"https:\/\/interamerica.org\/es\/wp-json\/wp\/v2\/media\/99996"}],"wp:attachment":[{"href":"https:\/\/interamerica.org\/es\/wp-json\/wp\/v2\/media?parent=100019"}],"wp:term":[{"taxonomy":"category","embeddable":true,"href":"https:\/\/interamerica.org\/es\/wp-json\/wp\/v2\/categories?post=100019"},{"taxonomy":"post_tag","embeddable":true,"href":"https:\/\/interamerica.org\/es\/wp-json\/wp\/v2\/tags?post=100019"}],"curies":[{"name":"wp","href":"https:\/\/api.w.org\/{rel}","templated":true}]}}