{"id":100099,"date":"2023-06-12T10:23:14","date_gmt":"2023-06-12T14:23:14","guid":{"rendered":"https:\/\/interamerica.org\/?p=100099"},"modified":"2023-06-12T12:51:04","modified_gmt":"2023-06-12T16:51:04","slug":"declaracion-de-la-asociacion-general-respecto-de-actividades-patrocinadas-a-nivel-local","status":"publish","type":"post","link":"https:\/\/interamerica.org\/es\/2023\/06\/declaracion-de-la-asociacion-general-respecto-de-actividades-patrocinadas-a-nivel-local\/","title":{"rendered":"Declaraci\u00f3n de la Asociaci\u00f3n General respecto de actividades patrocinadas a nivel local"},"content":{"rendered":"<h4>Promoci\u00f3n o apoyo de estilos no b\u00edblicos de sexualidad humana<\/h4>\n<p>11 de junio de 2023 | Silver Spring, Maryland, Estados Unidos | Asociaci\u00f3n General de los Adventistas del S\u00e9ptimo D\u00eda<\/p>\n<p>La Iglesia Adventista del S\u00e9ptimo D\u00eda ha publicado declaraciones claras respecto de <a href=\"https:\/\/www.adventist.org\/official-statements\/sexual-behavior\/\" target=\"_blank\" rel=\"noopener noreferrer\">la sexualidad humana<\/a>,<a href=\"https:\/\/www.adventist.org\/official-statements\/homosexuality\/\" target=\"_blank\" rel=\"noopener noreferrer\"> la homosexualidad<\/a> y <a href=\"https:\/\/www.adventist.org\/official-statements\/statement-on-transgenderism\/\" target=\"_blank\" rel=\"noopener noreferrer\">las personas transg\u00e9nero<\/a>. Todas estas declaraciones fueron publicadas despu\u00e9s de un cuidadoso estudio de la Palabra de Dios en las Sagradas Escrituras, que ofrece una base de autoridad para comprender apropiadamente su voluntad en todos los temas que enfrenta la humanidad, lo que incluye la sexualidad humana. A partir de nuestro estudio de la Palabra de Dios, y sumado a la lectura del esp\u00edritu de profec\u00eda, vemos que la sexualidad humana es descrita como la instituci\u00f3n del matrimonio ordenada por el cielo entre un hombre y una mujer. Al expresar nuestra compresi\u00f3n de la voluntad de Dios sobre la sexualidad humana, lo hemos hecho con el amor y la compasi\u00f3n de Cristo, sabiendo que todos hemos pecado y quedado destituidos de su norma gloriosa de vida (Romanos 3:23). Como familia de la iglesia, tenemos que ser una extensi\u00f3n del amor de Dios para toda la humanidad, y actuar de manera deliberada para apoyar a los que luchan con el pecado en todas sus formas, mientras cultivamos de vida que est\u00e1 en armon\u00eda con la Palabra de Dios. Creemos que todos los seres humanos pecaminosos pueden ser nuevas criaturas en Cristo, como lo se\u00f1ala 2 Corintios 5:17: \u201cDe modo que, si alguno est\u00e1 en Cristo, nueva criatura es: las cosas viejas pasaron; todas son hechas nuevas\u201d (NRV1995).<\/p>\n<p>En semanas recientes, algunos individuos o en ocasiones iglesias locales, dentro de sus marcos locales, han buscado ofrecer apoyo a los que viven estilos de vida alternativos de sexualidad humana que no concuerdan con nuestra comprensi\u00f3n b\u00edblica de este tema y de las declaraciones votadas por la Iglesia Adventista del S\u00e9ptimo D\u00eda. Para algunos dentro de esos contextos locales, se han llevado a cabo esfuerzos deliberados de hacer avanzar la causa de estilos de vida alternativos de sexualidad humana sin tener en cuenta la autoridad de la Palabra de Dios y los consejos que brinda el esp\u00edritu de profec\u00eda. Aunque esas actividades han sido patrocinadas a nivel local, han sido ampliamente promocionadas mediante los medios sociales, creando confusi\u00f3n y preocupaci\u00f3n entre los miembros de iglesia, que han estado solicitando una posici\u00f3n clara pero bondadosa sobre el tema, de parte de los l\u00edderes de la iglesia en diversos niveles.<\/p>\n<p>La Asociaci\u00f3n General afirma las declaraciones votadas sobre la sexualidad humana, la homosexualidad, y las personas transg\u00e9nero publicadas por la Iglesia Adventista del S\u00e9ptimo D\u00eda, y no apoya, suscribe o aprueba actividades que busquen promover conductas de sexualidad humana que no est\u00e9n de acuerdo con la Palabra de Dios. Bajo la conducci\u00f3n del Esp\u00edritu Santo, la Asociaci\u00f3n General y sus divisiones seguir\u00e1n trabajando con los diversos niveles de la estructura eclesi\u00e1stica para resolver las cuestiones que emerjan de esas actividades de patrocinio local, manteniendo al mismo tiempo el amor y la compasi\u00f3n de Cristo por todas las personas. La Asociaci\u00f3n General y otras entidades de la iglesia trabajar\u00e1n con diligencia, seg\u00fan los preceptos e instrucciones de la Santa Palabra de Dios, para ofrecer aclaraciones y resoluciones a los desaf\u00edos que se enfrentan. Cada miembro de la iglesia mundial deber\u00eda mantenerse cerca de la Palabra de Dios en la vida diaria y, mediante la oraci\u00f3n sincera, pedir que Dios intervenga en situaciones donde se produzca una desviaci\u00f3n de sus instrucciones divinas en la Biblia y el esp\u00edritu de profec\u00eda. Sin duda que se producir\u00e1n m\u00e1s intentos de diversos grupos de socavar las claras instrucciones de la Palabra de Dios y las declaraciones votadas de la iglesia mundial sobre estas cuestiones. Cuando los individuos deseen compartir sus preocupaciones, deber\u00edan trabajar de manera estrecha con los l\u00edderes de la iglesia local, la asociaci\u00f3n, la uni\u00f3n o la instituci\u00f3n correspondiente con el amor y la compasi\u00f3n de Cristo para responder a esas actividades que no est\u00e9n en armon\u00eda con la Palabra de Dios.<\/p>\n<p>Aferr\u00e9monos a la preciosa Santa Palabra de Dios, la Biblia, aceptando la justicia de Cristo que nos justifica y santifica, mientras aguardamos su pronta segunda venida.<\/p>\n<p>Traducci\u00f3n de Marcos Paseggi<\/p>\n","protected":false},"excerpt":{"rendered":"<p>Promoci\u00f3n o apoyo de estilos no b\u00edblicos de sexualidad humana 11 de junio de 2023 | Silver Spring, Maryland, Estados Unidos | Asociaci\u00f3n General de los Adventistas del S\u00e9ptimo D\u00eda&#8230;<\/p>\n","protected":false},"author":3,"featured_media":100061,"comment_status":"closed","ping_status":"closed","sticky":false,"template":"","format":"standard","meta":{"_acf_changed":false,"footnotes":""},"categories":[14,15],"tags":[],"class_list":["post-100099","post","type-post","status-publish","format-standard","has-post-thumbnail","hentry","category-de-la-iglesia-mundial","category-rss-espanol"],"acf":[],"yoast_head":"<!-- This site is optimized with the Yoast SEO plugin v27.3 - https:\/\/yoast.com\/product\/yoast-seo-wordpress\/ -->\n<title>Declaraci\u00f3n de la Asociaci\u00f3n General respecto de actividades patrocinadas a nivel local - Iglesia Adventista del S\u00e9ptimo D\u00eda - Divisi\u00f3n Interamericana<\/title>\n<meta name=\"robots\" content=\"index, follow, max-snippet:-1, max-image-preview:large, max-video-preview:-1\" \/>\n<link rel=\"canonical\" href=\"https:\/\/interamerica.org\/es\/2023\/06\/declaracion-de-la-asociacion-general-respecto-de-actividades-patrocinadas-a-nivel-local\/\" \/>\n<meta property=\"og:locale\" content=\"es_ES\" \/>\n<meta property=\"og:type\" content=\"article\" \/>\n<meta property=\"og:title\" content=\"Declaraci\u00f3n de la Asociaci\u00f3n General respecto de actividades patrocinadas a nivel local - Iglesia Adventista del S\u00e9ptimo D\u00eda - Divisi\u00f3n Interamericana\" \/>\n<meta property=\"og:description\" content=\"Promoci\u00f3n o apoyo de estilos no b\u00edblicos de sexualidad humana 11 de junio de 2023 | Silver Spring, Maryland, Estados Unidos | Asociaci\u00f3n General de los Adventistas del S\u00e9ptimo D\u00eda...\" \/>\n<meta property=\"og:url\" content=\"https:\/\/interamerica.org\/es\/2023\/06\/declaracion-de-la-asociacion-general-respecto-de-actividades-patrocinadas-a-nivel-local\/\" \/>\n<meta property=\"og:site_name\" content=\"Iglesia Adventista del S\u00e9ptimo D\u00eda - Divisi\u00f3n Interamericana\" \/>\n<meta property=\"article:published_time\" content=\"2023-06-12T14:23:14+00:00\" \/>\n<meta property=\"article:modified_time\" content=\"2023-06-12T16:51:04+00:00\" \/>\n<meta property=\"og:image\" content=\"https:\/\/interamerica.org\/wp-content\/uploads\/2023\/06\/gc-building-statement.jpeg\" \/>\n\t<meta property=\"og:image:width\" content=\"2560\" \/>\n\t<meta property=\"og:image:height\" content=\"1378\" \/>\n\t<meta property=\"og:image:type\" content=\"image\/jpeg\" \/>\n<meta name=\"author\" content=\"libna\" \/>\n<meta name=\"twitter:card\" content=\"summary_large_image\" \/>\n<meta name=\"twitter:label1\" content=\"Escrito por\" \/>\n\t<meta name=\"twitter:data1\" content=\"libna\" \/>\n\t<meta name=\"twitter:label2\" content=\"Tiempo de lectura\" \/>\n\t<meta name=\"twitter:data2\" content=\"4 minutos\" \/>\n<script type=\"application\/ld+json\" class=\"yoast-schema-graph\">{\"@context\":\"https:\\\/\\\/schema.org\",\"@graph\":[{\"@type\":\"Article\",\"@id\":\"https:\\\/\\\/interamerica.org\\\/es\\\/2023\\\/06\\\/declaracion-de-la-asociacion-general-respecto-de-actividades-patrocinadas-a-nivel-local\\\/#article\",\"isPartOf\":{\"@id\":\"https:\\\/\\\/interamerica.org\\\/es\\\/2023\\\/06\\\/declaracion-de-la-asociacion-general-respecto-de-actividades-patrocinadas-a-nivel-local\\\/\"},\"author\":{\"name\":\"libna\",\"@id\":\"https:\\\/\\\/interamerica.org\\\/es\\\/#\\\/schema\\\/person\\\/29998f2bc2d8bd0d38662909289b54f1\"},\"headline\":\"Declaraci\u00f3n de la Asociaci\u00f3n General respecto de actividades patrocinadas a nivel local\",\"datePublished\":\"2023-06-12T14:23:14+00:00\",\"dateModified\":\"2023-06-12T16:51:04+00:00\",\"mainEntityOfPage\":{\"@id\":\"https:\\\/\\\/interamerica.org\\\/es\\\/2023\\\/06\\\/declaracion-de-la-asociacion-general-respecto-de-actividades-patrocinadas-a-nivel-local\\\/\"},\"wordCount\":767,\"image\":{\"@id\":\"https:\\\/\\\/interamerica.org\\\/es\\\/2023\\\/06\\\/declaracion-de-la-asociacion-general-respecto-de-actividades-patrocinadas-a-nivel-local\\\/#primaryimage\"},\"thumbnailUrl\":\"https:\\\/\\\/interamerica.org\\\/wp-content\\\/uploads\\\/2023\\\/06\\\/gc-building-statement.jpeg\",\"articleSection\":[\"Desde la iglesia mundial\",\"RSS Espa\u00f1ol\"],\"inLanguage\":\"es\"},{\"@type\":\"WebPage\",\"@id\":\"https:\\\/\\\/interamerica.org\\\/es\\\/2023\\\/06\\\/declaracion-de-la-asociacion-general-respecto-de-actividades-patrocinadas-a-nivel-local\\\/\",\"url\":\"https:\\\/\\\/interamerica.org\\\/es\\\/2023\\\/06\\\/declaracion-de-la-asociacion-general-respecto-de-actividades-patrocinadas-a-nivel-local\\\/\",\"name\":\"Declaraci\u00f3n de la Asociaci\u00f3n General respecto de actividades patrocinadas a nivel local - Iglesia Adventista del S\u00e9ptimo D\u00eda - Divisi\u00f3n Interamericana\",\"isPartOf\":{\"@id\":\"https:\\\/\\\/interamerica.org\\\/es\\\/#website\"},\"primaryImageOfPage\":{\"@id\":\"https:\\\/\\\/interamerica.org\\\/es\\\/2023\\\/06\\\/declaracion-de-la-asociacion-general-respecto-de-actividades-patrocinadas-a-nivel-local\\\/#primaryimage\"},\"image\":{\"@id\":\"https:\\\/\\\/interamerica.org\\\/es\\\/2023\\\/06\\\/declaracion-de-la-asociacion-general-respecto-de-actividades-patrocinadas-a-nivel-local\\\/#primaryimage\"},\"thumbnailUrl\":\"https:\\\/\\\/interamerica.org\\\/wp-content\\\/uploads\\\/2023\\\/06\\\/gc-building-statement.jpeg\",\"datePublished\":\"2023-06-12T14:23:14+00:00\",\"dateModified\":\"2023-06-12T16:51:04+00:00\",\"author\":{\"@id\":\"https:\\\/\\\/interamerica.org\\\/es\\\/#\\\/schema\\\/person\\\/29998f2bc2d8bd0d38662909289b54f1\"},\"breadcrumb\":{\"@id\":\"https:\\\/\\\/interamerica.org\\\/es\\\/2023\\\/06\\\/declaracion-de-la-asociacion-general-respecto-de-actividades-patrocinadas-a-nivel-local\\\/#breadcrumb\"},\"inLanguage\":\"es\",\"potentialAction\":[{\"@type\":\"ReadAction\",\"target\":[\"https:\\\/\\\/interamerica.org\\\/es\\\/2023\\\/06\\\/declaracion-de-la-asociacion-general-respecto-de-actividades-patrocinadas-a-nivel-local\\\/\"]}]},{\"@type\":\"ImageObject\",\"inLanguage\":\"es\",\"@id\":\"https:\\\/\\\/interamerica.org\\\/es\\\/2023\\\/06\\\/declaracion-de-la-asociacion-general-respecto-de-actividades-patrocinadas-a-nivel-local\\\/#primaryimage\",\"url\":\"https:\\\/\\\/interamerica.org\\\/wp-content\\\/uploads\\\/2023\\\/06\\\/gc-building-statement.jpeg\",\"contentUrl\":\"https:\\\/\\\/interamerica.org\\\/wp-content\\\/uploads\\\/2023\\\/06\\\/gc-building-statement.jpeg\",\"width\":2560,\"height\":1378},{\"@type\":\"BreadcrumbList\",\"@id\":\"https:\\\/\\\/interamerica.org\\\/es\\\/2023\\\/06\\\/declaracion-de-la-asociacion-general-respecto-de-actividades-patrocinadas-a-nivel-local\\\/#breadcrumb\",\"itemListElement\":[{\"@type\":\"ListItem\",\"position\":1,\"name\":\"Home\",\"item\":\"https:\\\/\\\/interamerica.org\\\/es\\\/\"},{\"@type\":\"ListItem\",\"position\":2,\"name\":\"Declaraci\u00f3n de la Asociaci\u00f3n General respecto de actividades patrocinadas a nivel local\"}]},{\"@type\":\"WebSite\",\"@id\":\"https:\\\/\\\/interamerica.org\\\/es\\\/#website\",\"url\":\"https:\\\/\\\/interamerica.org\\\/es\\\/\",\"name\":\"Iglesia Adventista del S\u00e9ptimo D\u00eda - Divisi\u00f3n Interamericana\",\"description\":\"\",\"potentialAction\":[{\"@type\":\"SearchAction\",\"target\":{\"@type\":\"EntryPoint\",\"urlTemplate\":\"https:\\\/\\\/interamerica.org\\\/es\\\/?s={search_term_string}\"},\"query-input\":{\"@type\":\"PropertyValueSpecification\",\"valueRequired\":true,\"valueName\":\"search_term_string\"}}],\"inLanguage\":\"es\"},{\"@type\":\"Person\",\"@id\":\"https:\\\/\\\/interamerica.org\\\/es\\\/#\\\/schema\\\/person\\\/29998f2bc2d8bd0d38662909289b54f1\",\"name\":\"libna\",\"image\":{\"@type\":\"ImageObject\",\"inLanguage\":\"es\",\"@id\":\"https:\\\/\\\/secure.gravatar.com\\\/avatar\\\/7c5bd30ae4b47a9ba3c856590957fd1d96dc588bf3ac05719d247e126840331f?s=96&d=mm&r=g\",\"url\":\"https:\\\/\\\/secure.gravatar.com\\\/avatar\\\/7c5bd30ae4b47a9ba3c856590957fd1d96dc588bf3ac05719d247e126840331f?s=96&d=mm&r=g\",\"contentUrl\":\"https:\\\/\\\/secure.gravatar.com\\\/avatar\\\/7c5bd30ae4b47a9ba3c856590957fd1d96dc588bf3ac05719d247e126840331f?s=96&d=mm&r=g\",\"caption\":\"libna\"}}]}<\/script>\n<!-- \/ Yoast SEO plugin. -->","yoast_head_json":{"title":"Declaraci\u00f3n de la Asociaci\u00f3n General respecto de actividades patrocinadas a nivel local - Iglesia Adventista del S\u00e9ptimo D\u00eda - Divisi\u00f3n Interamericana","robots":{"index":"index","follow":"follow","max-snippet":"max-snippet:-1","max-image-preview":"max-image-preview:large","max-video-preview":"max-video-preview:-1"},"canonical":"https:\/\/interamerica.org\/es\/2023\/06\/declaracion-de-la-asociacion-general-respecto-de-actividades-patrocinadas-a-nivel-local\/","og_locale":"es_ES","og_type":"article","og_title":"Declaraci\u00f3n de la Asociaci\u00f3n General respecto de actividades patrocinadas a nivel local - Iglesia Adventista del S\u00e9ptimo D\u00eda - Divisi\u00f3n Interamericana","og_description":"Promoci\u00f3n o apoyo de estilos no b\u00edblicos de sexualidad humana 11 de junio de 2023 | Silver Spring, Maryland, Estados Unidos | Asociaci\u00f3n General de los Adventistas del S\u00e9ptimo D\u00eda...","og_url":"https:\/\/interamerica.org\/es\/2023\/06\/declaracion-de-la-asociacion-general-respecto-de-actividades-patrocinadas-a-nivel-local\/","og_site_name":"Iglesia Adventista del S\u00e9ptimo D\u00eda - Divisi\u00f3n Interamericana","article_published_time":"2023-06-12T14:23:14+00:00","article_modified_time":"2023-06-12T16:51:04+00:00","og_image":[{"width":2560,"height":1378,"url":"https:\/\/interamerica.org\/wp-content\/uploads\/2023\/06\/gc-building-statement.jpeg","type":"image\/jpeg"}],"author":"libna","twitter_card":"summary_large_image","twitter_misc":{"Escrito por":"libna","Tiempo de lectura":"4 minutos"},"schema":{"@context":"https:\/\/schema.org","@graph":[{"@type":"Article","@id":"https:\/\/interamerica.org\/es\/2023\/06\/declaracion-de-la-asociacion-general-respecto-de-actividades-patrocinadas-a-nivel-local\/#article","isPartOf":{"@id":"https:\/\/interamerica.org\/es\/2023\/06\/declaracion-de-la-asociacion-general-respecto-de-actividades-patrocinadas-a-nivel-local\/"},"author":{"name":"libna","@id":"https:\/\/interamerica.org\/es\/#\/schema\/person\/29998f2bc2d8bd0d38662909289b54f1"},"headline":"Declaraci\u00f3n de la Asociaci\u00f3n General respecto de actividades patrocinadas a nivel local","datePublished":"2023-06-12T14:23:14+00:00","dateModified":"2023-06-12T16:51:04+00:00","mainEntityOfPage":{"@id":"https:\/\/interamerica.org\/es\/2023\/06\/declaracion-de-la-asociacion-general-respecto-de-actividades-patrocinadas-a-nivel-local\/"},"wordCount":767,"image":{"@id":"https:\/\/interamerica.org\/es\/2023\/06\/declaracion-de-la-asociacion-general-respecto-de-actividades-patrocinadas-a-nivel-local\/#primaryimage"},"thumbnailUrl":"https:\/\/interamerica.org\/wp-content\/uploads\/2023\/06\/gc-building-statement.jpeg","articleSection":["Desde la iglesia mundial","RSS Espa\u00f1ol"],"inLanguage":"es"},{"@type":"WebPage","@id":"https:\/\/interamerica.org\/es\/2023\/06\/declaracion-de-la-asociacion-general-respecto-de-actividades-patrocinadas-a-nivel-local\/","url":"https:\/\/interamerica.org\/es\/2023\/06\/declaracion-de-la-asociacion-general-respecto-de-actividades-patrocinadas-a-nivel-local\/","name":"Declaraci\u00f3n de la Asociaci\u00f3n General respecto de actividades patrocinadas a nivel local - Iglesia Adventista del S\u00e9ptimo D\u00eda - Divisi\u00f3n Interamericana","isPartOf":{"@id":"https:\/\/interamerica.org\/es\/#website"},"primaryImageOfPage":{"@id":"https:\/\/interamerica.org\/es\/2023\/06\/declaracion-de-la-asociacion-general-respecto-de-actividades-patrocinadas-a-nivel-local\/#primaryimage"},"image":{"@id":"https:\/\/interamerica.org\/es\/2023\/06\/declaracion-de-la-asociacion-general-respecto-de-actividades-patrocinadas-a-nivel-local\/#primaryimage"},"thumbnailUrl":"https:\/\/interamerica.org\/wp-content\/uploads\/2023\/06\/gc-building-statement.jpeg","datePublished":"2023-06-12T14:23:14+00:00","dateModified":"2023-06-12T16:51:04+00:00","author":{"@id":"https:\/\/interamerica.org\/es\/#\/schema\/person\/29998f2bc2d8bd0d38662909289b54f1"},"breadcrumb":{"@id":"https:\/\/interamerica.org\/es\/2023\/06\/declaracion-de-la-asociacion-general-respecto-de-actividades-patrocinadas-a-nivel-local\/#breadcrumb"},"inLanguage":"es","potentialAction":[{"@type":"ReadAction","target":["https:\/\/interamerica.org\/es\/2023\/06\/declaracion-de-la-asociacion-general-respecto-de-actividades-patrocinadas-a-nivel-local\/"]}]},{"@type":"ImageObject","inLanguage":"es","@id":"https:\/\/interamerica.org\/es\/2023\/06\/declaracion-de-la-asociacion-general-respecto-de-actividades-patrocinadas-a-nivel-local\/#primaryimage","url":"https:\/\/interamerica.org\/wp-content\/uploads\/2023\/06\/gc-building-statement.jpeg","contentUrl":"https:\/\/interamerica.org\/wp-content\/uploads\/2023\/06\/gc-building-statement.jpeg","width":2560,"height":1378},{"@type":"BreadcrumbList","@id":"https:\/\/interamerica.org\/es\/2023\/06\/declaracion-de-la-asociacion-general-respecto-de-actividades-patrocinadas-a-nivel-local\/#breadcrumb","itemListElement":[{"@type":"ListItem","position":1,"name":"Home","item":"https:\/\/interamerica.org\/es\/"},{"@type":"ListItem","position":2,"name":"Declaraci\u00f3n de la Asociaci\u00f3n General respecto de actividades patrocinadas a nivel local"}]},{"@type":"WebSite","@id":"https:\/\/interamerica.org\/es\/#website","url":"https:\/\/interamerica.org\/es\/","name":"Iglesia Adventista del S\u00e9ptimo D\u00eda - Divisi\u00f3n Interamericana","description":"","potentialAction":[{"@type":"SearchAction","target":{"@type":"EntryPoint","urlTemplate":"https:\/\/interamerica.org\/es\/?s={search_term_string}"},"query-input":{"@type":"PropertyValueSpecification","valueRequired":true,"valueName":"search_term_string"}}],"inLanguage":"es"},{"@type":"Person","@id":"https:\/\/interamerica.org\/es\/#\/schema\/person\/29998f2bc2d8bd0d38662909289b54f1","name":"libna","image":{"@type":"ImageObject","inLanguage":"es","@id":"https:\/\/secure.gravatar.com\/avatar\/7c5bd30ae4b47a9ba3c856590957fd1d96dc588bf3ac05719d247e126840331f?s=96&d=mm&r=g","url":"https:\/\/secure.gravatar.com\/avatar\/7c5bd30ae4b47a9ba3c856590957fd1d96dc588bf3ac05719d247e126840331f?s=96&d=mm&r=g","contentUrl":"https:\/\/secure.gravatar.com\/avatar\/7c5bd30ae4b47a9ba3c856590957fd1d96dc588bf3ac05719d247e126840331f?s=96&d=mm&r=g","caption":"libna"}}]}},"_links":{"self":[{"href":"https:\/\/interamerica.org\/es\/wp-json\/wp\/v2\/posts\/100099","targetHints":{"allow":["GET"]}}],"collection":[{"href":"https:\/\/interamerica.org\/es\/wp-json\/wp\/v2\/posts"}],"about":[{"href":"https:\/\/interamerica.org\/es\/wp-json\/wp\/v2\/types\/post"}],"author":[{"embeddable":true,"href":"https:\/\/interamerica.org\/es\/wp-json\/wp\/v2\/users\/3"}],"replies":[{"embeddable":true,"href":"https:\/\/interamerica.org\/es\/wp-json\/wp\/v2\/comments?post=100099"}],"version-history":[{"count":0,"href":"https:\/\/interamerica.org\/es\/wp-json\/wp\/v2\/posts\/100099\/revisions"}],"wp:featuredmedia":[{"embeddable":true,"href":"https:\/\/interamerica.org\/es\/wp-json\/wp\/v2\/media\/100061"}],"wp:attachment":[{"href":"https:\/\/interamerica.org\/es\/wp-json\/wp\/v2\/media?parent=100099"}],"wp:term":[{"taxonomy":"category","embeddable":true,"href":"https:\/\/interamerica.org\/es\/wp-json\/wp\/v2\/categories?post=100099"},{"taxonomy":"post_tag","embeddable":true,"href":"https:\/\/interamerica.org\/es\/wp-json\/wp\/v2\/tags?post=100099"}],"curies":[{"name":"wp","href":"https:\/\/api.w.org\/{rel}","templated":true}]}}