{"id":100166,"date":"2023-06-13T20:48:14","date_gmt":"2023-06-14T00:48:14","guid":{"rendered":"https:\/\/interamerica.org\/?p=100166"},"modified":"2023-06-15T09:28:35","modified_gmt":"2023-06-15T13:28:35","slug":"iglesia-adventista-comenzara-campana-nacional-de-evangelizacion-en-linea-desde-ciudad-de-mexico","status":"publish","type":"post","link":"https:\/\/interamerica.org\/es\/2023\/06\/iglesia-adventista-comenzara-campana-nacional-de-evangelizacion-en-linea-desde-ciudad-de-mexico\/","title":{"rendered":"Iglesia Adventista comenzar\u00e1 campa\u00f1a nacional de evangelizaci\u00f3n en l\u00ednea desde Ciudad de M\u00e9xico"},"content":{"rendered":"<p>13 de junio de 2023 | Miami, Florida, Estados Unidos | Libna Stevens, Noticias de la Divisi\u00f3n Interamericana<\/p>\n<p>Miles de adventistas de M\u00e9xico se han unido durante meses para compartir el evangelio en sus comunidades, en preparaci\u00f3n para una campa\u00f1a de evangelizaci\u00f3n en l\u00ednea que se lanzar\u00e1 desde Ciudad de M\u00e9xico el 17 de junio de 2023. La serie de una semana ser\u00e1 la tercera campa\u00f1a nacional de evangelizaci\u00f3n en l\u00ednea que las cinco uniones, o grandes regiones de la iglesia, han organizado. Los pastores y los l\u00edderes de la iglesia esperan que la campa\u00f1a resulte en miles de nuevos miembros.<\/p>\n<p>Bajo el lema \u201cNo te rindas: A\u00fan hay esperanza\u201d, la serie de ocho d\u00edas contar\u00e1 con el pastor Daniel Torreblanca, director de ministerios j\u00f3venes de la Uni\u00f3n Mexicana de Chiapas, que animar\u00e1 a los que sigan el programa a navegar m\u00e1s all\u00e1 del temor, la duda y las incertezas con la ayuda de su fe en Jes\u00fas. Los programas vespertinos de una hora, que comenzar\u00e1n a las 19:30, hora Central de M\u00e9xico (21:30, Hora de Miami), ser\u00e1n transmitidos desde la iglesia adventista Central en Ciudad de M\u00e9xico. Se espera que m\u00e1s de ochocientas personas asistan en forma presencial.<\/p>\n<p>\u201cNos sentimos felices de ser anfitriones de la campa\u00f1a de evangelismo de este a\u00f1o, gracias al apoyo del resto de la Iglesia Adventista en M\u00e9xico, para atraer y alcanzar a la poblaci\u00f3n m\u00e1s grande posible con el mensaje del salvaci\u00f3n\u201d, dijo el pastor Jorge Garc\u00eda, secretario ejecutivo de la Uni\u00f3n Mexicana Central.<\/p>\n<p><div id=\"attachment_100151\" style=\"width: 859px\" class=\"wp-caption aligncenter\"><img fetchpriority=\"high\" decoding=\"async\" aria-describedby=\"caption-attachment-100151\" class=\" wp-image-100149\" src=\"https:\/\/interamerica.org\/wp-content\/uploads\/2023\/06\/noterindas-poster2023.jpg\" alt=\"\" width=\"849\" height=\"584\" srcset=\"https:\/\/interamerica.org\/wp-content\/uploads\/2023\/06\/noterindas-poster2023.jpg 1000w, https:\/\/interamerica.org\/wp-content\/uploads\/2023\/06\/noterindas-poster2023-300x206.jpg 300w, https:\/\/interamerica.org\/wp-content\/uploads\/2023\/06\/noterindas-poster2023-768x528.jpg 768w\" sizes=\"(max-width: 849px) 100vw, 849px\" \/><p id=\"caption-attachment-100151\" class=\"wp-caption-text\">P\u00f3ster anuncia c\u00f3mo ver y escuchar la campa\u00f1a de evangelismo en l\u00ednea del 17-24 de junio de 2023, desde la iglesia adventista Central de Ciudad de M\u00e9xico, M\u00e9xico. [Imagen: Uni\u00f3n Mexicana Central]<\/p><\/div>M\u00e1s de 27 mil hogares de M\u00e9xico, denominados \u201cCasas de Esperanza\u201d, transmitir\u00e1n la campa\u00f1a en l\u00ednea para los vecinos, amigos y familiares. \u201cLas Casas de Esperanza\u201d ofrecer\u00e1n momentos de camarader\u00eda entre las reuniones, una comida y la oportunidad de conectarse con el grupo cada noche, dijeron los l\u00edderes de la iglesia. Solo en Ciudad de M\u00e9xico y su regi\u00f3n metropolitana, casi mil Casas de Esperanza transmitir\u00e1n la campa\u00f1a en l\u00ednea.<\/p>\n<p>La campa\u00f1a de evangelizaci\u00f3n ser\u00e1 transmitida por radio y televisi\u00f3n. Durante meses, la iglesia tambi\u00e9n ha promovido la campa\u00f1a en los medios sociales.<\/p>\n<p>\u201cEsta es una de las campa\u00f1as de evangelismo m\u00e1s importantes y estrat\u00e9gicas entre las cinco uniones de M\u00e9xico\u201d, dijo el pastor Ignacio Navarro, presidente de la sede administrativa de la Iglesia Adventista en M\u00e9xico, que representa a las cinco uniones. \u201cCiudad de M\u00e9xico es uno de los m\u00e1s grandes desaf\u00edos, no solo para la iglesia en M\u00e9xico y la Divisi\u00f3n Interamericana, sino tambi\u00e9n para la iglesia mundial\u201d. Para vencer grandes desaf\u00edos se necesita hacer grandes esfuerzos, a\u00f1adi\u00f3 Navarro.<\/p>\n<p>Con m\u00e1s de 24 millones de habitantes en Ciudad de M\u00e9xico, el evangelismo tiene que ser intencional, expres\u00f3. \u201cEsta [campa\u00f1a de evangelismo] necesita ser tarea de toda la iglesia en este pa\u00eds, alcanzando a los millones de personas de esa gran ciudad\u201d, dijo Navarro.<\/p>\n<p><div id=\"attachment_100155\" style=\"width: 843px\" class=\"wp-caption aligncenter\"><img decoding=\"async\" aria-describedby=\"caption-attachment-100155\" class=\"wp-image-100153\" src=\"https:\/\/interamerica.org\/wp-content\/uploads\/2023\/06\/noterindas-uno-tv-2023.png\" alt=\"\" width=\"833\" height=\"491\" srcset=\"https:\/\/interamerica.org\/wp-content\/uploads\/2023\/06\/noterindas-uno-tv-2023.png 604w, https:\/\/interamerica.org\/wp-content\/uploads\/2023\/06\/noterindas-uno-tv-2023-300x177.png 300w\" sizes=\"(max-width: 833px) 100vw, 833px\" \/><p id=\"caption-attachment-100155\" class=\"wp-caption-text\">El canal de television UNO anuncia la pr\u00f3xima campa\u00f1a nacional de evangelismo en l\u00ednea. Tambi\u00e9n se han estado transmitiendo avisos en TV Azteca, un canal nacional de televisi\u00f3n. [Imagen: Screetshot]<\/p><\/div>Navarro, que tambi\u00e9n es presidente de la Uni\u00f3n Mexicana de Chiapas, dijo que la iglesia de Chiapas se ha comprometido a apoyar a la Uni\u00f3n Mexicana Central al enviar decenas de profesionales m\u00e9dicos y de la salud para que llevaran a cabo brigadas y exposiciones de salud en Ciudad de M\u00e9xico hace unos meses. Asimismo, cincuenta pastores de Chiapas llevaron a cabo campa\u00f1as de evangelismo en toda la ciudad y enviaron a dos empleados de la iglesia para que vivan en Ciudad de M\u00e9xico y trabajen con apoyo al evangelismo digital por tres a\u00f1os.<\/p>\n<p>En otras partes de M\u00e9xico, las iglesias se han dedicado a esfuerzos abarcadores de evangelismo y obra social desde octubre de 2022. Miles de adventistas participaron en una distribuci\u00f3n masiva del libro El conflicto de los siglos, de Elena G. White, donde se detalla la historia de la fe cristiana desde la ascensi\u00f3n de Cristo hasta el presente y a\u00fan m\u00e1s all\u00e1, en toda la Ciudad de M\u00e9xico y el pa\u00eds el pasado 18 de marzo de 2023. El libro tambi\u00e9n est\u00e1 disponible en formato digital.<\/p>\n<p>Para saber m\u00e1s sobre la campa\u00f1a de evangelizaci\u00f3n del 17-24 de junio de 2023 a las 19:30, Hora Central de M\u00e9xico, visite <a href=\"https:\/\/adventistasmexico.com\/eventos\/\">adventistasmexico.com<\/a><\/p>\n<p><em>Fabiola Quinto colabor\u00f3 con este informe.<\/em><\/p>\n<p>Para mirar el programa en l\u00ednea, visite Hope Channel Inter-America<\/p>\n<p>En Facebook <a href=\"https:\/\/www.facebook.com\/hopechannelinteramerica\">AQU\u00cd<\/a><\/p>\n<p>En YouTube <a href=\"https:\/\/www.youtube.com\/c\/HopeChannelInterAmerica\">AQU\u00cd<\/a><\/p>\n<p>Traducci\u00f3n de Marcos Paseggi<\/p>\n","protected":false},"excerpt":{"rendered":"<p>13 de junio de 2023 | Miami, Florida, Estados Unidos | Libna Stevens, Noticias de la Divisi\u00f3n Interamericana Miles de adventistas de M\u00e9xico se han unido durante meses para compartir&#8230;<\/p>\n","protected":false},"author":3,"featured_media":100148,"comment_status":"closed","ping_status":"closed","sticky":false,"template":"","format":"standard","meta":{"_acf_changed":false,"footnotes":""},"categories":[16,15],"tags":[],"class_list":["post-100166","post","type-post","status-publish","format-standard","has-post-thumbnail","hentry","category-desde-la-sede","category-rss-espanol"],"acf":[],"yoast_head":"<!-- This site is optimized with the Yoast SEO plugin v27.3 - https:\/\/yoast.com\/product\/yoast-seo-wordpress\/ -->\n<title>Iglesia Adventista comenzar\u00e1 campa\u00f1a nacional de evangelizaci\u00f3n en l\u00ednea desde Ciudad de M\u00e9xico - Iglesia Adventista del S\u00e9ptimo D\u00eda - Divisi\u00f3n Interamericana<\/title>\n<meta name=\"robots\" content=\"index, follow, max-snippet:-1, max-image-preview:large, max-video-preview:-1\" \/>\n<link rel=\"canonical\" href=\"https:\/\/interamerica.org\/es\/2023\/06\/iglesia-adventista-comenzara-campana-nacional-de-evangelizacion-en-linea-desde-ciudad-de-mexico\/\" \/>\n<meta property=\"og:locale\" content=\"es_ES\" \/>\n<meta property=\"og:type\" content=\"article\" \/>\n<meta property=\"og:title\" content=\"Iglesia Adventista comenzar\u00e1 campa\u00f1a nacional de evangelizaci\u00f3n en l\u00ednea desde Ciudad de M\u00e9xico - Iglesia Adventista del S\u00e9ptimo D\u00eda - Divisi\u00f3n Interamericana\" \/>\n<meta property=\"og:description\" content=\"13 de junio de 2023 | Miami, Florida, Estados Unidos | Libna Stevens, Noticias de la Divisi\u00f3n Interamericana Miles de adventistas de M\u00e9xico se han unido durante meses para compartir...\" \/>\n<meta property=\"og:url\" content=\"https:\/\/interamerica.org\/es\/2023\/06\/iglesia-adventista-comenzara-campana-nacional-de-evangelizacion-en-linea-desde-ciudad-de-mexico\/\" \/>\n<meta property=\"og:site_name\" content=\"Iglesia Adventista del S\u00e9ptimo D\u00eda - Divisi\u00f3n Interamericana\" \/>\n<meta property=\"article:published_time\" content=\"2023-06-14T00:48:14+00:00\" \/>\n<meta property=\"article:modified_time\" content=\"2023-06-15T13:28:35+00:00\" \/>\n<meta property=\"og:image\" content=\"https:\/\/interamerica.org\/wp-content\/uploads\/2023\/06\/mexico-city-elijah-loffkov-canva-2.jpg\" \/>\n\t<meta property=\"og:image:width\" content=\"1000\" \/>\n\t<meta property=\"og:image:height\" content=\"625\" \/>\n\t<meta property=\"og:image:type\" content=\"image\/jpeg\" \/>\n<meta name=\"author\" content=\"libna\" \/>\n<meta name=\"twitter:card\" content=\"summary_large_image\" \/>\n<meta name=\"twitter:label1\" content=\"Escrito por\" \/>\n\t<meta name=\"twitter:data1\" content=\"libna\" \/>\n\t<meta name=\"twitter:label2\" content=\"Tiempo de lectura\" \/>\n\t<meta name=\"twitter:data2\" content=\"4 minutos\" \/>\n<script type=\"application\/ld+json\" class=\"yoast-schema-graph\">{\"@context\":\"https:\\\/\\\/schema.org\",\"@graph\":[{\"@type\":\"Article\",\"@id\":\"https:\\\/\\\/interamerica.org\\\/es\\\/2023\\\/06\\\/iglesia-adventista-comenzara-campana-nacional-de-evangelizacion-en-linea-desde-ciudad-de-mexico\\\/#article\",\"isPartOf\":{\"@id\":\"https:\\\/\\\/interamerica.org\\\/es\\\/2023\\\/06\\\/iglesia-adventista-comenzara-campana-nacional-de-evangelizacion-en-linea-desde-ciudad-de-mexico\\\/\"},\"author\":{\"name\":\"libna\",\"@id\":\"https:\\\/\\\/interamerica.org\\\/es\\\/#\\\/schema\\\/person\\\/29998f2bc2d8bd0d38662909289b54f1\"},\"headline\":\"Iglesia Adventista comenzar\u00e1 campa\u00f1a nacional de evangelizaci\u00f3n en l\u00ednea desde Ciudad de M\u00e9xico\",\"datePublished\":\"2023-06-14T00:48:14+00:00\",\"dateModified\":\"2023-06-15T13:28:35+00:00\",\"mainEntityOfPage\":{\"@id\":\"https:\\\/\\\/interamerica.org\\\/es\\\/2023\\\/06\\\/iglesia-adventista-comenzara-campana-nacional-de-evangelizacion-en-linea-desde-ciudad-de-mexico\\\/\"},\"wordCount\":873,\"image\":{\"@id\":\"https:\\\/\\\/interamerica.org\\\/es\\\/2023\\\/06\\\/iglesia-adventista-comenzara-campana-nacional-de-evangelizacion-en-linea-desde-ciudad-de-mexico\\\/#primaryimage\"},\"thumbnailUrl\":\"https:\\\/\\\/interamerica.org\\\/wp-content\\\/uploads\\\/2023\\\/06\\\/mexico-city-elijah-loffkov-canva-2.jpg\",\"articleSection\":[\"Desde la sede\",\"RSS Espa\u00f1ol\"],\"inLanguage\":\"es\"},{\"@type\":\"WebPage\",\"@id\":\"https:\\\/\\\/interamerica.org\\\/es\\\/2023\\\/06\\\/iglesia-adventista-comenzara-campana-nacional-de-evangelizacion-en-linea-desde-ciudad-de-mexico\\\/\",\"url\":\"https:\\\/\\\/interamerica.org\\\/es\\\/2023\\\/06\\\/iglesia-adventista-comenzara-campana-nacional-de-evangelizacion-en-linea-desde-ciudad-de-mexico\\\/\",\"name\":\"Iglesia Adventista comenzar\u00e1 campa\u00f1a nacional de evangelizaci\u00f3n en l\u00ednea desde Ciudad de M\u00e9xico - Iglesia Adventista del S\u00e9ptimo D\u00eda - Divisi\u00f3n Interamericana\",\"isPartOf\":{\"@id\":\"https:\\\/\\\/interamerica.org\\\/es\\\/#website\"},\"primaryImageOfPage\":{\"@id\":\"https:\\\/\\\/interamerica.org\\\/es\\\/2023\\\/06\\\/iglesia-adventista-comenzara-campana-nacional-de-evangelizacion-en-linea-desde-ciudad-de-mexico\\\/#primaryimage\"},\"image\":{\"@id\":\"https:\\\/\\\/interamerica.org\\\/es\\\/2023\\\/06\\\/iglesia-adventista-comenzara-campana-nacional-de-evangelizacion-en-linea-desde-ciudad-de-mexico\\\/#primaryimage\"},\"thumbnailUrl\":\"https:\\\/\\\/interamerica.org\\\/wp-content\\\/uploads\\\/2023\\\/06\\\/mexico-city-elijah-loffkov-canva-2.jpg\",\"datePublished\":\"2023-06-14T00:48:14+00:00\",\"dateModified\":\"2023-06-15T13:28:35+00:00\",\"author\":{\"@id\":\"https:\\\/\\\/interamerica.org\\\/es\\\/#\\\/schema\\\/person\\\/29998f2bc2d8bd0d38662909289b54f1\"},\"breadcrumb\":{\"@id\":\"https:\\\/\\\/interamerica.org\\\/es\\\/2023\\\/06\\\/iglesia-adventista-comenzara-campana-nacional-de-evangelizacion-en-linea-desde-ciudad-de-mexico\\\/#breadcrumb\"},\"inLanguage\":\"es\",\"potentialAction\":[{\"@type\":\"ReadAction\",\"target\":[\"https:\\\/\\\/interamerica.org\\\/es\\\/2023\\\/06\\\/iglesia-adventista-comenzara-campana-nacional-de-evangelizacion-en-linea-desde-ciudad-de-mexico\\\/\"]}]},{\"@type\":\"ImageObject\",\"inLanguage\":\"es\",\"@id\":\"https:\\\/\\\/interamerica.org\\\/es\\\/2023\\\/06\\\/iglesia-adventista-comenzara-campana-nacional-de-evangelizacion-en-linea-desde-ciudad-de-mexico\\\/#primaryimage\",\"url\":\"https:\\\/\\\/interamerica.org\\\/wp-content\\\/uploads\\\/2023\\\/06\\\/mexico-city-elijah-loffkov-canva-2.jpg\",\"contentUrl\":\"https:\\\/\\\/interamerica.org\\\/wp-content\\\/uploads\\\/2023\\\/06\\\/mexico-city-elijah-loffkov-canva-2.jpg\",\"width\":1000,\"height\":625,\"caption\":\"[Photo: Elijah Loffkov\\\/Canva]\"},{\"@type\":\"BreadcrumbList\",\"@id\":\"https:\\\/\\\/interamerica.org\\\/es\\\/2023\\\/06\\\/iglesia-adventista-comenzara-campana-nacional-de-evangelizacion-en-linea-desde-ciudad-de-mexico\\\/#breadcrumb\",\"itemListElement\":[{\"@type\":\"ListItem\",\"position\":1,\"name\":\"Home\",\"item\":\"https:\\\/\\\/interamerica.org\\\/es\\\/\"},{\"@type\":\"ListItem\",\"position\":2,\"name\":\"Iglesia Adventista comenzar\u00e1 campa\u00f1a nacional de evangelizaci\u00f3n en l\u00ednea desde Ciudad de M\u00e9xico\"}]},{\"@type\":\"WebSite\",\"@id\":\"https:\\\/\\\/interamerica.org\\\/es\\\/#website\",\"url\":\"https:\\\/\\\/interamerica.org\\\/es\\\/\",\"name\":\"Iglesia Adventista del S\u00e9ptimo D\u00eda - Divisi\u00f3n Interamericana\",\"description\":\"\",\"potentialAction\":[{\"@type\":\"SearchAction\",\"target\":{\"@type\":\"EntryPoint\",\"urlTemplate\":\"https:\\\/\\\/interamerica.org\\\/es\\\/?s={search_term_string}\"},\"query-input\":{\"@type\":\"PropertyValueSpecification\",\"valueRequired\":true,\"valueName\":\"search_term_string\"}}],\"inLanguage\":\"es\"},{\"@type\":\"Person\",\"@id\":\"https:\\\/\\\/interamerica.org\\\/es\\\/#\\\/schema\\\/person\\\/29998f2bc2d8bd0d38662909289b54f1\",\"name\":\"libna\",\"image\":{\"@type\":\"ImageObject\",\"inLanguage\":\"es\",\"@id\":\"https:\\\/\\\/secure.gravatar.com\\\/avatar\\\/7c5bd30ae4b47a9ba3c856590957fd1d96dc588bf3ac05719d247e126840331f?s=96&d=mm&r=g\",\"url\":\"https:\\\/\\\/secure.gravatar.com\\\/avatar\\\/7c5bd30ae4b47a9ba3c856590957fd1d96dc588bf3ac05719d247e126840331f?s=96&d=mm&r=g\",\"contentUrl\":\"https:\\\/\\\/secure.gravatar.com\\\/avatar\\\/7c5bd30ae4b47a9ba3c856590957fd1d96dc588bf3ac05719d247e126840331f?s=96&d=mm&r=g\",\"caption\":\"libna\"}}]}<\/script>\n<!-- \/ Yoast SEO plugin. -->","yoast_head_json":{"title":"Iglesia Adventista comenzar\u00e1 campa\u00f1a nacional de evangelizaci\u00f3n en l\u00ednea desde Ciudad de M\u00e9xico - Iglesia Adventista del S\u00e9ptimo D\u00eda - Divisi\u00f3n Interamericana","robots":{"index":"index","follow":"follow","max-snippet":"max-snippet:-1","max-image-preview":"max-image-preview:large","max-video-preview":"max-video-preview:-1"},"canonical":"https:\/\/interamerica.org\/es\/2023\/06\/iglesia-adventista-comenzara-campana-nacional-de-evangelizacion-en-linea-desde-ciudad-de-mexico\/","og_locale":"es_ES","og_type":"article","og_title":"Iglesia Adventista comenzar\u00e1 campa\u00f1a nacional de evangelizaci\u00f3n en l\u00ednea desde Ciudad de M\u00e9xico - Iglesia Adventista del S\u00e9ptimo D\u00eda - Divisi\u00f3n Interamericana","og_description":"13 de junio de 2023 | Miami, Florida, Estados Unidos | Libna Stevens, Noticias de la Divisi\u00f3n Interamericana Miles de adventistas de M\u00e9xico se han unido durante meses para compartir...","og_url":"https:\/\/interamerica.org\/es\/2023\/06\/iglesia-adventista-comenzara-campana-nacional-de-evangelizacion-en-linea-desde-ciudad-de-mexico\/","og_site_name":"Iglesia Adventista del S\u00e9ptimo D\u00eda - Divisi\u00f3n Interamericana","article_published_time":"2023-06-14T00:48:14+00:00","article_modified_time":"2023-06-15T13:28:35+00:00","og_image":[{"width":1000,"height":625,"url":"https:\/\/interamerica.org\/wp-content\/uploads\/2023\/06\/mexico-city-elijah-loffkov-canva-2.jpg","type":"image\/jpeg"}],"author":"libna","twitter_card":"summary_large_image","twitter_misc":{"Escrito por":"libna","Tiempo de lectura":"4 minutos"},"schema":{"@context":"https:\/\/schema.org","@graph":[{"@type":"Article","@id":"https:\/\/interamerica.org\/es\/2023\/06\/iglesia-adventista-comenzara-campana-nacional-de-evangelizacion-en-linea-desde-ciudad-de-mexico\/#article","isPartOf":{"@id":"https:\/\/interamerica.org\/es\/2023\/06\/iglesia-adventista-comenzara-campana-nacional-de-evangelizacion-en-linea-desde-ciudad-de-mexico\/"},"author":{"name":"libna","@id":"https:\/\/interamerica.org\/es\/#\/schema\/person\/29998f2bc2d8bd0d38662909289b54f1"},"headline":"Iglesia Adventista comenzar\u00e1 campa\u00f1a nacional de evangelizaci\u00f3n en l\u00ednea desde Ciudad de M\u00e9xico","datePublished":"2023-06-14T00:48:14+00:00","dateModified":"2023-06-15T13:28:35+00:00","mainEntityOfPage":{"@id":"https:\/\/interamerica.org\/es\/2023\/06\/iglesia-adventista-comenzara-campana-nacional-de-evangelizacion-en-linea-desde-ciudad-de-mexico\/"},"wordCount":873,"image":{"@id":"https:\/\/interamerica.org\/es\/2023\/06\/iglesia-adventista-comenzara-campana-nacional-de-evangelizacion-en-linea-desde-ciudad-de-mexico\/#primaryimage"},"thumbnailUrl":"https:\/\/interamerica.org\/wp-content\/uploads\/2023\/06\/mexico-city-elijah-loffkov-canva-2.jpg","articleSection":["Desde la sede","RSS Espa\u00f1ol"],"inLanguage":"es"},{"@type":"WebPage","@id":"https:\/\/interamerica.org\/es\/2023\/06\/iglesia-adventista-comenzara-campana-nacional-de-evangelizacion-en-linea-desde-ciudad-de-mexico\/","url":"https:\/\/interamerica.org\/es\/2023\/06\/iglesia-adventista-comenzara-campana-nacional-de-evangelizacion-en-linea-desde-ciudad-de-mexico\/","name":"Iglesia Adventista comenzar\u00e1 campa\u00f1a nacional de evangelizaci\u00f3n en l\u00ednea desde Ciudad de M\u00e9xico - Iglesia Adventista del S\u00e9ptimo D\u00eda - Divisi\u00f3n Interamericana","isPartOf":{"@id":"https:\/\/interamerica.org\/es\/#website"},"primaryImageOfPage":{"@id":"https:\/\/interamerica.org\/es\/2023\/06\/iglesia-adventista-comenzara-campana-nacional-de-evangelizacion-en-linea-desde-ciudad-de-mexico\/#primaryimage"},"image":{"@id":"https:\/\/interamerica.org\/es\/2023\/06\/iglesia-adventista-comenzara-campana-nacional-de-evangelizacion-en-linea-desde-ciudad-de-mexico\/#primaryimage"},"thumbnailUrl":"https:\/\/interamerica.org\/wp-content\/uploads\/2023\/06\/mexico-city-elijah-loffkov-canva-2.jpg","datePublished":"2023-06-14T00:48:14+00:00","dateModified":"2023-06-15T13:28:35+00:00","author":{"@id":"https:\/\/interamerica.org\/es\/#\/schema\/person\/29998f2bc2d8bd0d38662909289b54f1"},"breadcrumb":{"@id":"https:\/\/interamerica.org\/es\/2023\/06\/iglesia-adventista-comenzara-campana-nacional-de-evangelizacion-en-linea-desde-ciudad-de-mexico\/#breadcrumb"},"inLanguage":"es","potentialAction":[{"@type":"ReadAction","target":["https:\/\/interamerica.org\/es\/2023\/06\/iglesia-adventista-comenzara-campana-nacional-de-evangelizacion-en-linea-desde-ciudad-de-mexico\/"]}]},{"@type":"ImageObject","inLanguage":"es","@id":"https:\/\/interamerica.org\/es\/2023\/06\/iglesia-adventista-comenzara-campana-nacional-de-evangelizacion-en-linea-desde-ciudad-de-mexico\/#primaryimage","url":"https:\/\/interamerica.org\/wp-content\/uploads\/2023\/06\/mexico-city-elijah-loffkov-canva-2.jpg","contentUrl":"https:\/\/interamerica.org\/wp-content\/uploads\/2023\/06\/mexico-city-elijah-loffkov-canva-2.jpg","width":1000,"height":625,"caption":"[Photo: Elijah Loffkov\/Canva]"},{"@type":"BreadcrumbList","@id":"https:\/\/interamerica.org\/es\/2023\/06\/iglesia-adventista-comenzara-campana-nacional-de-evangelizacion-en-linea-desde-ciudad-de-mexico\/#breadcrumb","itemListElement":[{"@type":"ListItem","position":1,"name":"Home","item":"https:\/\/interamerica.org\/es\/"},{"@type":"ListItem","position":2,"name":"Iglesia Adventista comenzar\u00e1 campa\u00f1a nacional de evangelizaci\u00f3n en l\u00ednea desde Ciudad de M\u00e9xico"}]},{"@type":"WebSite","@id":"https:\/\/interamerica.org\/es\/#website","url":"https:\/\/interamerica.org\/es\/","name":"Iglesia Adventista del S\u00e9ptimo D\u00eda - Divisi\u00f3n Interamericana","description":"","potentialAction":[{"@type":"SearchAction","target":{"@type":"EntryPoint","urlTemplate":"https:\/\/interamerica.org\/es\/?s={search_term_string}"},"query-input":{"@type":"PropertyValueSpecification","valueRequired":true,"valueName":"search_term_string"}}],"inLanguage":"es"},{"@type":"Person","@id":"https:\/\/interamerica.org\/es\/#\/schema\/person\/29998f2bc2d8bd0d38662909289b54f1","name":"libna","image":{"@type":"ImageObject","inLanguage":"es","@id":"https:\/\/secure.gravatar.com\/avatar\/7c5bd30ae4b47a9ba3c856590957fd1d96dc588bf3ac05719d247e126840331f?s=96&d=mm&r=g","url":"https:\/\/secure.gravatar.com\/avatar\/7c5bd30ae4b47a9ba3c856590957fd1d96dc588bf3ac05719d247e126840331f?s=96&d=mm&r=g","contentUrl":"https:\/\/secure.gravatar.com\/avatar\/7c5bd30ae4b47a9ba3c856590957fd1d96dc588bf3ac05719d247e126840331f?s=96&d=mm&r=g","caption":"libna"}}]}},"_links":{"self":[{"href":"https:\/\/interamerica.org\/es\/wp-json\/wp\/v2\/posts\/100166","targetHints":{"allow":["GET"]}}],"collection":[{"href":"https:\/\/interamerica.org\/es\/wp-json\/wp\/v2\/posts"}],"about":[{"href":"https:\/\/interamerica.org\/es\/wp-json\/wp\/v2\/types\/post"}],"author":[{"embeddable":true,"href":"https:\/\/interamerica.org\/es\/wp-json\/wp\/v2\/users\/3"}],"replies":[{"embeddable":true,"href":"https:\/\/interamerica.org\/es\/wp-json\/wp\/v2\/comments?post=100166"}],"version-history":[{"count":0,"href":"https:\/\/interamerica.org\/es\/wp-json\/wp\/v2\/posts\/100166\/revisions"}],"wp:featuredmedia":[{"embeddable":true,"href":"https:\/\/interamerica.org\/es\/wp-json\/wp\/v2\/media\/100148"}],"wp:attachment":[{"href":"https:\/\/interamerica.org\/es\/wp-json\/wp\/v2\/media?parent=100166"}],"wp:term":[{"taxonomy":"category","embeddable":true,"href":"https:\/\/interamerica.org\/es\/wp-json\/wp\/v2\/categories?post=100166"},{"taxonomy":"post_tag","embeddable":true,"href":"https:\/\/interamerica.org\/es\/wp-json\/wp\/v2\/tags?post=100166"}],"curies":[{"name":"wp","href":"https:\/\/api.w.org\/{rel}","templated":true}]}}