{"id":100207,"date":"2023-06-13T10:54:16","date_gmt":"2023-06-13T14:54:16","guid":{"rendered":"https:\/\/interamerica.org\/?p=100207"},"modified":"2023-06-15T09:26:55","modified_gmt":"2023-06-15T13:26:55","slug":"llamado-de-adra-a-las-naciones-para-brindar-esperanza-a-refugiados","status":"publish","type":"post","link":"https:\/\/interamerica.org\/es\/2023\/06\/llamado-de-adra-a-las-naciones-para-brindar-esperanza-a-refugiados\/","title":{"rendered":"Llamado de ADRA a las naciones para brindar esperanza a refugiados"},"content":{"rendered":"<p>13 de junio de 2023 | Silver Spring, Maryland, Estados Unidos | Iris Argueta, ADRA Internacional<\/p>\n<p>La Agencia Adventista de Desarrollo y Recursos Asistenciales (ADRA) se une a las comunidades mundiales que se\u00f1alan el d\u00eda <strong>20 de junio <\/strong>como el <strong>D\u00eda Mundial del Refugiado <\/strong>y designan el <strong>17 de junio <\/strong>como <strong>S\u00e1bado Mundial del Refugiado, <\/strong>con el fin de honrar a millones de familias<strong>, <\/strong>mujeres, ni\u00f1os e individuos forzados a abandonar sus hogares por causa de conflictos b\u00e9licos, persecuci\u00f3n y otras formas de violencia, o por raz\u00f3n de cambios clim\u00e1ticos.<\/p>\n<p>De acuerdo con el \u00faltimo Informe de Tendencias Mundiales de la Agencia de las Naciones Unidas para Refugiados, m\u00e1s de 117 millones de personas en el mundo se ven forzadas a desplazarse, incluyendo m\u00e1s de 29.3 millones de refugiados, 61.2 de personas internamente desplazadas (IDP), 5.6 millones de personas que buscan asilo y 5.6 millones de otras personas que necesitan protecci\u00f3n internacional. \u00a0(*Las cifras pueden cambiar d\u00eda a d\u00eda).<\/p>\n<p><div id=\"attachment_100127\" style=\"width: 867px\" class=\"wp-caption aligncenter\"><img fetchpriority=\"high\" decoding=\"async\" aria-describedby=\"caption-attachment-100127\" class=\" wp-image-100125\" src=\"https:\/\/interamerica.org\/wp-content\/uploads\/2023\/06\/refugee1-photo-venezuela-men-with-food-2-768x512-1.jpg\" alt=\"\" width=\"857\" height=\"571\" srcset=\"https:\/\/interamerica.org\/wp-content\/uploads\/2023\/06\/refugee1-photo-venezuela-men-with-food-2-768x512-1.jpg 768w, https:\/\/interamerica.org\/wp-content\/uploads\/2023\/06\/refugee1-photo-venezuela-men-with-food-2-768x512-1-300x200.jpg 300w\" sizes=\"(max-width: 857px) 100vw, 857px\" \/><p id=\"caption-attachment-100127\" class=\"wp-caption-text\">Un grupo de hombres venezolanos con cajas de alimentos distribuidos por ADRA. [Imagen: ADRA]<\/p><\/div>\u00abCada acci\u00f3n es de importancia en la vida de las personas refugiadas y de otras que luchan por sobrevivir en medio de la falta de recursos para suplir sus necesidades b\u00e1sicas, tales como alimento, refugio y seguridad. No podemos cerrar los ojos o permanecer en silencio frente a su angustia. El D\u00eda Mundial del Refugiado sirve como recordatorio de que debemos trabajar todos juntos para poner fin a las dificultades y adversidades que enfrentan millones de refugiados y las ciudades que los reciben\u201d, dijo el presidente de ADRA International, Michael Kruger. \u201cAl celebrar ADRA este a\u00f1o su 40\u00b0 aniversario, nuestra organizaci\u00f3n mundial contin\u00faa dedicada a proveer servicios humanitarios que salvan vidas a refugiados y personas desplazadas, mujeres, ni\u00f1os y familias en todo el mundo. Los invito a marcar este D\u00eda Mundial del Refugiado y S\u00e1bado Mundial del Refugiado, con justicia, compasi\u00f3n y amor a fin de lograr un futuro brillante para todos, independientemente de d\u00f3nde procedan o lo que hayan tenido que soportar, a fin de que todos puedan vivir como era la intenci\u00f3n de Dios que vivieran\u201d.<\/p>\n<div id=\"attachment_100130\" style=\"width: 800px\" class=\"wp-caption aligncenter\"><img decoding=\"async\" aria-describedby=\"caption-attachment-100130\" class=\" wp-image-100128\" src=\"https:\/\/interamerica.org\/wp-content\/uploads\/2023\/06\/adra-refugee-3.jpeg\" alt=\"\" width=\"790\" height=\"526\" srcset=\"https:\/\/interamerica.org\/wp-content\/uploads\/2023\/06\/adra-refugee-3.jpeg 768w, https:\/\/interamerica.org\/wp-content\/uploads\/2023\/06\/adra-refugee-3-300x200.jpeg 300w\" sizes=\"(max-width: 790px) 100vw, 790px\" \/><p id=\"caption-attachment-100130\" class=\"wp-caption-text\">Millones quedan internados en campos de refugiados durante a\u00f1os. [Imagen: ADRA]<\/p><\/div>\n<p style=\"font-weight: 400;\">En el a\u00f1o 2000, las Naciones Unidas establecieron el 20 de junio como D\u00eda Internacional del Refugiado a celebrarse anualmente, al conmemorarse el 50\u00b0 aniversario de la Convenci\u00f3n Relacionada al Estatus de Refugiado 1951. La Iglesia Adventista del S\u00e9ptimo D\u00eda lanz\u00f3 tambi\u00e9n el S\u00e1bado Mundial del Refugiado en 2016, el cual se celebra el s\u00e1bado anterior al D\u00eda Mundial del Refugiado, a fin de animar a la comunidad religiosa a participar activamente en la concientizaci\u00f3n p\u00fablica de las adversidades que sufren los refugiados.<\/p>\n<p>ADRA ha creado recursos tales como historias para ni\u00f1os, gu\u00edas de conversaci\u00f3n y hasta recetas para para ayudar a ampliar la comprensi\u00f3n de la situaci\u00f3n en que se encuentran las personas refugiadas y animar a los grupos, comunidades de base religiosa y otras organizaciones, a involucrarse en la atenci\u00f3n de esta crisis global de refugiados. Se pueden descargar materiales en <a href=\"http:\/\/adra.org\/WorldRefugeeSabbath\">ADRA.org\/WorldRefugeeSabbath<\/a>.<\/p>\n<p>Pulsa <a href=\"https:\/\/youtu.be\/JWIvcH8CBo0\">aqu\u00ed<\/a>\u00a0para ver un video sobre familias de refugiados que han sido ayudadas por ADRA mundialmente.<\/p>\n<div id=\"attachment_100136\" style=\"width: 789px\" class=\"wp-caption aligncenter\"><img decoding=\"async\" aria-describedby=\"caption-attachment-100136\" class=\" wp-image-100134\" src=\"https:\/\/interamerica.org\/wp-content\/uploads\/2023\/06\/refugee4-b-3a8d2211-410c-4d9a-a7e3-bc5f31b126e7-1-201-a-768x576-1.jpg\" alt=\"\" width=\"779\" height=\"585\" srcset=\"https:\/\/interamerica.org\/wp-content\/uploads\/2023\/06\/refugee4-b-3a8d2211-410c-4d9a-a7e3-bc5f31b126e7-1-201-a-768x576-1.jpg 950w, https:\/\/interamerica.org\/wp-content\/uploads\/2023\/06\/refugee4-b-3a8d2211-410c-4d9a-a7e3-bc5f31b126e7-1-201-a-768x576-1-300x225.jpg 300w, https:\/\/interamerica.org\/wp-content\/uploads\/2023\/06\/refugee4-b-3a8d2211-410c-4d9a-a7e3-bc5f31b126e7-1-201-a-768x576-1-768x576.jpg 768w\" sizes=\"(max-width: 779px) 100vw, 779px\" \/><p id=\"caption-attachment-100136\" class=\"wp-caption-text\">Una pareja de empleados de ADRA hablan con personas para evaluar sus necesidades. [Imagen: ADRA]<\/p><\/div>\n<p style=\"font-weight: 400;\">\u201cInvitamos a las personas de todo el mundo a pensar en la crisis mundial de personas refugiadas y a hacer el compromiso personal de ayudarlas. Se pueden usar los recursos de ADRA para aprender m\u00e1s al respecto. Invita a tus ciudades y poblaciones a padres e hijos que escapan del peligro proporcion\u00e1ndoles refugio y asistencia\u201d, dijo Herma Percy, Ph.D., directora de propugnaci\u00f3n de ADRA International. \u201cInsp\u00edrate a trav\u00e9s de sus historias de resiliencia y fortaleza y explora oportunidades para prestar servicio voluntario y formas de apoyar a las familias de refugiados. Entre m\u00e1s leamos, m\u00e1s seremos capaces de crear un mundo m\u00e1s justo para cada uno\u201d.<\/p>\n<p>ADRA ha estado trabajando durante d\u00e9cadas para ayudar a refugiados y a otras personas afectadas por desastres, conflictos y otras crisis. Esta agencia mundial est\u00e1 actualmente apoyando a familias desplazadas en 40 naciones, incluyendo Siria, Brasil, Colombia, Yemen, Sud\u00e1n del Sur, Afganist\u00e1n y Uganda.\u00a0Sus programas incluyen alimentos y refugios de emergencia, educaci\u00f3n, atenci\u00f3n de salud y apoyo para obtener medios de subsistencia. La organizaci\u00f3n ha estado tambi\u00e9n al frente de los esfuerzos para integrar refugiados y otras personas desplazadas en sus propias comunidades locales, promoviendo la cohesi\u00f3n social y reduciendo tensiones y conflictos.<\/p>\n<p>Visita\u00a0<a href=\"https:\/\/adra.org\/\">ADRA.org<\/a>\u00a0para aprender m\u00e1s al respecto o para hacer contribuciones a los esfuerzos humanitarios mundiales de ADRA Internacional en favor de refugiados y personas desplazadas en todo el mundo.<\/p>\n<p><strong>Acerca de ADRA<\/strong><\/p>\n<p>La Agencia Adventista de Desarrollo y Recursos Asistenciales (ADRA) es el brazo humanitario internacional de la Iglesia Adventista del S\u00e9ptimo D\u00eda, sirviendo en 118 pa\u00edses. Su labor empodera comunidades y transforma vidas en todo el mundo al proveer desarrollo comunitario sustentable y alivio en caso de desastres. El prop\u00f3sito de ADRA es servir a la humanidad de manera que todos puedan vivir en la forma como era la intenci\u00f3n de Dios. Para m\u00e1s informaci\u00f3n, pulsa <a href=\"https:\/\/www.adra.org\/\"><strong>ADRA.org<\/strong><\/a><strong>.<\/strong><\/p>\n<p><a href=\"https:\/\/www.youtube.com\/watch?v=JWIvcH8CBo0&amp;t=1s\">https:\/\/www.youtube.com\/watch?v=JWIvcH8CBo0&amp;t=1s<\/a><\/p>\n<p><iframe title=\"World Refugee Sabbath\" width=\"500\" height=\"281\" src=\"https:\/\/www.youtube.com\/embed\/JWIvcH8CBo0?start=1&#038;feature=oembed\" frameborder=\"0\" allow=\"accelerometer; autoplay; clipboard-write; encrypted-media; gyroscope; picture-in-picture; web-share\" referrerpolicy=\"strict-origin-when-cross-origin\" allowfullscreen><\/iframe><\/p>\n<p>Traducci\u00f3n \u2013 Gloria A. Castrej\u00f3n<\/p>\n","protected":false},"excerpt":{"rendered":"<p>13 de junio de 2023 | Silver Spring, Maryland, Estados Unidos | Iris Argueta, ADRA Internacional La Agencia Adventista de Desarrollo y Recursos Asistenciales (ADRA) se une a las comunidades&#8230;<\/p>\n","protected":false},"author":3,"featured_media":100118,"comment_status":"closed","ping_status":"closed","sticky":false,"template":"","format":"standard","meta":{"_acf_changed":false,"footnotes":""},"categories":[14,15],"tags":[],"class_list":["post-100207","post","type-post","status-publish","format-standard","has-post-thumbnail","hentry","category-de-la-iglesia-mundial","category-rss-espanol"],"acf":[],"yoast_head":"<!-- This site is optimized with the Yoast SEO plugin v27.3 - https:\/\/yoast.com\/product\/yoast-seo-wordpress\/ -->\n<title>Llamado de ADRA a las naciones para brindar esperanza a refugiados - Iglesia Adventista del S\u00e9ptimo D\u00eda - Divisi\u00f3n Interamericana<\/title>\n<meta name=\"robots\" content=\"index, follow, max-snippet:-1, max-image-preview:large, max-video-preview:-1\" \/>\n<link rel=\"canonical\" href=\"https:\/\/interamerica.org\/es\/2023\/06\/llamado-de-adra-a-las-naciones-para-brindar-esperanza-a-refugiados\/\" \/>\n<meta property=\"og:locale\" content=\"es_ES\" \/>\n<meta property=\"og:type\" content=\"article\" \/>\n<meta property=\"og:title\" content=\"Llamado de ADRA a las naciones para brindar esperanza a refugiados - Iglesia Adventista del S\u00e9ptimo D\u00eda - Divisi\u00f3n Interamericana\" \/>\n<meta property=\"og:description\" content=\"13 de junio de 2023 | Silver Spring, Maryland, Estados Unidos | Iris Argueta, ADRA Internacional La Agencia Adventista de Desarrollo y Recursos Asistenciales (ADRA) se une a las comunidades...\" \/>\n<meta property=\"og:url\" content=\"https:\/\/interamerica.org\/es\/2023\/06\/llamado-de-adra-a-las-naciones-para-brindar-esperanza-a-refugiados\/\" \/>\n<meta property=\"og:site_name\" content=\"Iglesia Adventista del S\u00e9ptimo D\u00eda - Divisi\u00f3n Interamericana\" \/>\n<meta property=\"article:published_time\" content=\"2023-06-13T14:54:16+00:00\" \/>\n<meta property=\"article:modified_time\" content=\"2023-06-15T13:26:55+00:00\" \/>\n<meta property=\"og:image\" content=\"https:\/\/interamerica.org\/wp-content\/uploads\/2023\/06\/adra-refugeeday-2023-scaled.jpeg\" \/>\n\t<meta property=\"og:image:width\" content=\"2560\" \/>\n\t<meta property=\"og:image:height\" content=\"1704\" \/>\n\t<meta property=\"og:image:type\" content=\"image\/jpeg\" \/>\n<meta name=\"author\" content=\"libna\" \/>\n<meta name=\"twitter:card\" content=\"summary_large_image\" \/>\n<meta name=\"twitter:label1\" content=\"Escrito por\" \/>\n\t<meta name=\"twitter:data1\" content=\"libna\" \/>\n\t<meta name=\"twitter:label2\" content=\"Tiempo de lectura\" \/>\n\t<meta name=\"twitter:data2\" content=\"5 minutos\" \/>\n<script type=\"application\/ld+json\" class=\"yoast-schema-graph\">{\"@context\":\"https:\\\/\\\/schema.org\",\"@graph\":[{\"@type\":\"Article\",\"@id\":\"https:\\\/\\\/interamerica.org\\\/es\\\/2023\\\/06\\\/llamado-de-adra-a-las-naciones-para-brindar-esperanza-a-refugiados\\\/#article\",\"isPartOf\":{\"@id\":\"https:\\\/\\\/interamerica.org\\\/es\\\/2023\\\/06\\\/llamado-de-adra-a-las-naciones-para-brindar-esperanza-a-refugiados\\\/\"},\"author\":{\"name\":\"libna\",\"@id\":\"https:\\\/\\\/interamerica.org\\\/es\\\/#\\\/schema\\\/person\\\/29998f2bc2d8bd0d38662909289b54f1\"},\"headline\":\"Llamado de ADRA a las naciones para brindar esperanza a refugiados\",\"datePublished\":\"2023-06-13T14:54:16+00:00\",\"dateModified\":\"2023-06-15T13:26:55+00:00\",\"mainEntityOfPage\":{\"@id\":\"https:\\\/\\\/interamerica.org\\\/es\\\/2023\\\/06\\\/llamado-de-adra-a-las-naciones-para-brindar-esperanza-a-refugiados\\\/\"},\"wordCount\":961,\"image\":{\"@id\":\"https:\\\/\\\/interamerica.org\\\/es\\\/2023\\\/06\\\/llamado-de-adra-a-las-naciones-para-brindar-esperanza-a-refugiados\\\/#primaryimage\"},\"thumbnailUrl\":\"https:\\\/\\\/interamerica.org\\\/wp-content\\\/uploads\\\/2023\\\/06\\\/adra-refugeeday-2023-scaled.jpeg\",\"articleSection\":[\"Desde la iglesia mundial\",\"RSS Espa\u00f1ol\"],\"inLanguage\":\"es\"},{\"@type\":\"WebPage\",\"@id\":\"https:\\\/\\\/interamerica.org\\\/es\\\/2023\\\/06\\\/llamado-de-adra-a-las-naciones-para-brindar-esperanza-a-refugiados\\\/\",\"url\":\"https:\\\/\\\/interamerica.org\\\/es\\\/2023\\\/06\\\/llamado-de-adra-a-las-naciones-para-brindar-esperanza-a-refugiados\\\/\",\"name\":\"Llamado de ADRA a las naciones para brindar esperanza a refugiados - Iglesia Adventista del S\u00e9ptimo D\u00eda - Divisi\u00f3n Interamericana\",\"isPartOf\":{\"@id\":\"https:\\\/\\\/interamerica.org\\\/es\\\/#website\"},\"primaryImageOfPage\":{\"@id\":\"https:\\\/\\\/interamerica.org\\\/es\\\/2023\\\/06\\\/llamado-de-adra-a-las-naciones-para-brindar-esperanza-a-refugiados\\\/#primaryimage\"},\"image\":{\"@id\":\"https:\\\/\\\/interamerica.org\\\/es\\\/2023\\\/06\\\/llamado-de-adra-a-las-naciones-para-brindar-esperanza-a-refugiados\\\/#primaryimage\"},\"thumbnailUrl\":\"https:\\\/\\\/interamerica.org\\\/wp-content\\\/uploads\\\/2023\\\/06\\\/adra-refugeeday-2023-scaled.jpeg\",\"datePublished\":\"2023-06-13T14:54:16+00:00\",\"dateModified\":\"2023-06-15T13:26:55+00:00\",\"author\":{\"@id\":\"https:\\\/\\\/interamerica.org\\\/es\\\/#\\\/schema\\\/person\\\/29998f2bc2d8bd0d38662909289b54f1\"},\"breadcrumb\":{\"@id\":\"https:\\\/\\\/interamerica.org\\\/es\\\/2023\\\/06\\\/llamado-de-adra-a-las-naciones-para-brindar-esperanza-a-refugiados\\\/#breadcrumb\"},\"inLanguage\":\"es\",\"potentialAction\":[{\"@type\":\"ReadAction\",\"target\":[\"https:\\\/\\\/interamerica.org\\\/es\\\/2023\\\/06\\\/llamado-de-adra-a-las-naciones-para-brindar-esperanza-a-refugiados\\\/\"]}]},{\"@type\":\"ImageObject\",\"inLanguage\":\"es\",\"@id\":\"https:\\\/\\\/interamerica.org\\\/es\\\/2023\\\/06\\\/llamado-de-adra-a-las-naciones-para-brindar-esperanza-a-refugiados\\\/#primaryimage\",\"url\":\"https:\\\/\\\/interamerica.org\\\/wp-content\\\/uploads\\\/2023\\\/06\\\/adra-refugeeday-2023-scaled.jpeg\",\"contentUrl\":\"https:\\\/\\\/interamerica.org\\\/wp-content\\\/uploads\\\/2023\\\/06\\\/adra-refugeeday-2023-scaled.jpeg\",\"width\":2560,\"height\":1704,\"caption\":\"A group of Venezuelan men with food boxes distributed by ADRA. [Photo: ADRA]\"},{\"@type\":\"BreadcrumbList\",\"@id\":\"https:\\\/\\\/interamerica.org\\\/es\\\/2023\\\/06\\\/llamado-de-adra-a-las-naciones-para-brindar-esperanza-a-refugiados\\\/#breadcrumb\",\"itemListElement\":[{\"@type\":\"ListItem\",\"position\":1,\"name\":\"Home\",\"item\":\"https:\\\/\\\/interamerica.org\\\/es\\\/\"},{\"@type\":\"ListItem\",\"position\":2,\"name\":\"Llamado de ADRA a las naciones para brindar esperanza a refugiados\"}]},{\"@type\":\"WebSite\",\"@id\":\"https:\\\/\\\/interamerica.org\\\/es\\\/#website\",\"url\":\"https:\\\/\\\/interamerica.org\\\/es\\\/\",\"name\":\"Iglesia Adventista del S\u00e9ptimo D\u00eda - Divisi\u00f3n Interamericana\",\"description\":\"\",\"potentialAction\":[{\"@type\":\"SearchAction\",\"target\":{\"@type\":\"EntryPoint\",\"urlTemplate\":\"https:\\\/\\\/interamerica.org\\\/es\\\/?s={search_term_string}\"},\"query-input\":{\"@type\":\"PropertyValueSpecification\",\"valueRequired\":true,\"valueName\":\"search_term_string\"}}],\"inLanguage\":\"es\"},{\"@type\":\"Person\",\"@id\":\"https:\\\/\\\/interamerica.org\\\/es\\\/#\\\/schema\\\/person\\\/29998f2bc2d8bd0d38662909289b54f1\",\"name\":\"libna\",\"image\":{\"@type\":\"ImageObject\",\"inLanguage\":\"es\",\"@id\":\"https:\\\/\\\/secure.gravatar.com\\\/avatar\\\/7c5bd30ae4b47a9ba3c856590957fd1d96dc588bf3ac05719d247e126840331f?s=96&d=mm&r=g\",\"url\":\"https:\\\/\\\/secure.gravatar.com\\\/avatar\\\/7c5bd30ae4b47a9ba3c856590957fd1d96dc588bf3ac05719d247e126840331f?s=96&d=mm&r=g\",\"contentUrl\":\"https:\\\/\\\/secure.gravatar.com\\\/avatar\\\/7c5bd30ae4b47a9ba3c856590957fd1d96dc588bf3ac05719d247e126840331f?s=96&d=mm&r=g\",\"caption\":\"libna\"}}]}<\/script>\n<!-- \/ Yoast SEO plugin. -->","yoast_head_json":{"title":"Llamado de ADRA a las naciones para brindar esperanza a refugiados - Iglesia Adventista del S\u00e9ptimo D\u00eda - Divisi\u00f3n Interamericana","robots":{"index":"index","follow":"follow","max-snippet":"max-snippet:-1","max-image-preview":"max-image-preview:large","max-video-preview":"max-video-preview:-1"},"canonical":"https:\/\/interamerica.org\/es\/2023\/06\/llamado-de-adra-a-las-naciones-para-brindar-esperanza-a-refugiados\/","og_locale":"es_ES","og_type":"article","og_title":"Llamado de ADRA a las naciones para brindar esperanza a refugiados - Iglesia Adventista del S\u00e9ptimo D\u00eda - Divisi\u00f3n Interamericana","og_description":"13 de junio de 2023 | Silver Spring, Maryland, Estados Unidos | Iris Argueta, ADRA Internacional La Agencia Adventista de Desarrollo y Recursos Asistenciales (ADRA) se une a las comunidades...","og_url":"https:\/\/interamerica.org\/es\/2023\/06\/llamado-de-adra-a-las-naciones-para-brindar-esperanza-a-refugiados\/","og_site_name":"Iglesia Adventista del S\u00e9ptimo D\u00eda - Divisi\u00f3n Interamericana","article_published_time":"2023-06-13T14:54:16+00:00","article_modified_time":"2023-06-15T13:26:55+00:00","og_image":[{"width":2560,"height":1704,"url":"https:\/\/interamerica.org\/wp-content\/uploads\/2023\/06\/adra-refugeeday-2023-scaled.jpeg","type":"image\/jpeg"}],"author":"libna","twitter_card":"summary_large_image","twitter_misc":{"Escrito por":"libna","Tiempo de lectura":"5 minutos"},"schema":{"@context":"https:\/\/schema.org","@graph":[{"@type":"Article","@id":"https:\/\/interamerica.org\/es\/2023\/06\/llamado-de-adra-a-las-naciones-para-brindar-esperanza-a-refugiados\/#article","isPartOf":{"@id":"https:\/\/interamerica.org\/es\/2023\/06\/llamado-de-adra-a-las-naciones-para-brindar-esperanza-a-refugiados\/"},"author":{"name":"libna","@id":"https:\/\/interamerica.org\/es\/#\/schema\/person\/29998f2bc2d8bd0d38662909289b54f1"},"headline":"Llamado de ADRA a las naciones para brindar esperanza a refugiados","datePublished":"2023-06-13T14:54:16+00:00","dateModified":"2023-06-15T13:26:55+00:00","mainEntityOfPage":{"@id":"https:\/\/interamerica.org\/es\/2023\/06\/llamado-de-adra-a-las-naciones-para-brindar-esperanza-a-refugiados\/"},"wordCount":961,"image":{"@id":"https:\/\/interamerica.org\/es\/2023\/06\/llamado-de-adra-a-las-naciones-para-brindar-esperanza-a-refugiados\/#primaryimage"},"thumbnailUrl":"https:\/\/interamerica.org\/wp-content\/uploads\/2023\/06\/adra-refugeeday-2023-scaled.jpeg","articleSection":["Desde la iglesia mundial","RSS Espa\u00f1ol"],"inLanguage":"es"},{"@type":"WebPage","@id":"https:\/\/interamerica.org\/es\/2023\/06\/llamado-de-adra-a-las-naciones-para-brindar-esperanza-a-refugiados\/","url":"https:\/\/interamerica.org\/es\/2023\/06\/llamado-de-adra-a-las-naciones-para-brindar-esperanza-a-refugiados\/","name":"Llamado de ADRA a las naciones para brindar esperanza a refugiados - Iglesia Adventista del S\u00e9ptimo D\u00eda - Divisi\u00f3n Interamericana","isPartOf":{"@id":"https:\/\/interamerica.org\/es\/#website"},"primaryImageOfPage":{"@id":"https:\/\/interamerica.org\/es\/2023\/06\/llamado-de-adra-a-las-naciones-para-brindar-esperanza-a-refugiados\/#primaryimage"},"image":{"@id":"https:\/\/interamerica.org\/es\/2023\/06\/llamado-de-adra-a-las-naciones-para-brindar-esperanza-a-refugiados\/#primaryimage"},"thumbnailUrl":"https:\/\/interamerica.org\/wp-content\/uploads\/2023\/06\/adra-refugeeday-2023-scaled.jpeg","datePublished":"2023-06-13T14:54:16+00:00","dateModified":"2023-06-15T13:26:55+00:00","author":{"@id":"https:\/\/interamerica.org\/es\/#\/schema\/person\/29998f2bc2d8bd0d38662909289b54f1"},"breadcrumb":{"@id":"https:\/\/interamerica.org\/es\/2023\/06\/llamado-de-adra-a-las-naciones-para-brindar-esperanza-a-refugiados\/#breadcrumb"},"inLanguage":"es","potentialAction":[{"@type":"ReadAction","target":["https:\/\/interamerica.org\/es\/2023\/06\/llamado-de-adra-a-las-naciones-para-brindar-esperanza-a-refugiados\/"]}]},{"@type":"ImageObject","inLanguage":"es","@id":"https:\/\/interamerica.org\/es\/2023\/06\/llamado-de-adra-a-las-naciones-para-brindar-esperanza-a-refugiados\/#primaryimage","url":"https:\/\/interamerica.org\/wp-content\/uploads\/2023\/06\/adra-refugeeday-2023-scaled.jpeg","contentUrl":"https:\/\/interamerica.org\/wp-content\/uploads\/2023\/06\/adra-refugeeday-2023-scaled.jpeg","width":2560,"height":1704,"caption":"A group of Venezuelan men with food boxes distributed by ADRA. [Photo: ADRA]"},{"@type":"BreadcrumbList","@id":"https:\/\/interamerica.org\/es\/2023\/06\/llamado-de-adra-a-las-naciones-para-brindar-esperanza-a-refugiados\/#breadcrumb","itemListElement":[{"@type":"ListItem","position":1,"name":"Home","item":"https:\/\/interamerica.org\/es\/"},{"@type":"ListItem","position":2,"name":"Llamado de ADRA a las naciones para brindar esperanza a refugiados"}]},{"@type":"WebSite","@id":"https:\/\/interamerica.org\/es\/#website","url":"https:\/\/interamerica.org\/es\/","name":"Iglesia Adventista del S\u00e9ptimo D\u00eda - Divisi\u00f3n Interamericana","description":"","potentialAction":[{"@type":"SearchAction","target":{"@type":"EntryPoint","urlTemplate":"https:\/\/interamerica.org\/es\/?s={search_term_string}"},"query-input":{"@type":"PropertyValueSpecification","valueRequired":true,"valueName":"search_term_string"}}],"inLanguage":"es"},{"@type":"Person","@id":"https:\/\/interamerica.org\/es\/#\/schema\/person\/29998f2bc2d8bd0d38662909289b54f1","name":"libna","image":{"@type":"ImageObject","inLanguage":"es","@id":"https:\/\/secure.gravatar.com\/avatar\/7c5bd30ae4b47a9ba3c856590957fd1d96dc588bf3ac05719d247e126840331f?s=96&d=mm&r=g","url":"https:\/\/secure.gravatar.com\/avatar\/7c5bd30ae4b47a9ba3c856590957fd1d96dc588bf3ac05719d247e126840331f?s=96&d=mm&r=g","contentUrl":"https:\/\/secure.gravatar.com\/avatar\/7c5bd30ae4b47a9ba3c856590957fd1d96dc588bf3ac05719d247e126840331f?s=96&d=mm&r=g","caption":"libna"}}]}},"_links":{"self":[{"href":"https:\/\/interamerica.org\/es\/wp-json\/wp\/v2\/posts\/100207","targetHints":{"allow":["GET"]}}],"collection":[{"href":"https:\/\/interamerica.org\/es\/wp-json\/wp\/v2\/posts"}],"about":[{"href":"https:\/\/interamerica.org\/es\/wp-json\/wp\/v2\/types\/post"}],"author":[{"embeddable":true,"href":"https:\/\/interamerica.org\/es\/wp-json\/wp\/v2\/users\/3"}],"replies":[{"embeddable":true,"href":"https:\/\/interamerica.org\/es\/wp-json\/wp\/v2\/comments?post=100207"}],"version-history":[{"count":0,"href":"https:\/\/interamerica.org\/es\/wp-json\/wp\/v2\/posts\/100207\/revisions"}],"wp:featuredmedia":[{"embeddable":true,"href":"https:\/\/interamerica.org\/es\/wp-json\/wp\/v2\/media\/100118"}],"wp:attachment":[{"href":"https:\/\/interamerica.org\/es\/wp-json\/wp\/v2\/media?parent=100207"}],"wp:term":[{"taxonomy":"category","embeddable":true,"href":"https:\/\/interamerica.org\/es\/wp-json\/wp\/v2\/categories?post=100207"},{"taxonomy":"post_tag","embeddable":true,"href":"https:\/\/interamerica.org\/es\/wp-json\/wp\/v2\/tags?post=100207"}],"curies":[{"name":"wp","href":"https:\/\/api.w.org\/{rel}","templated":true}]}}