{"id":100371,"date":"2023-06-18T16:00:23","date_gmt":"2023-06-18T20:00:23","guid":{"rendered":"https:\/\/interamerica.org\/?p=100371"},"modified":"2023-06-20T09:50:20","modified_gmt":"2023-06-20T13:50:20","slug":"la-escuela-indigena-mas-grande-de-norteamerica-celebra-su-vigesimo-aniversario","status":"publish","type":"post","link":"https:\/\/interamerica.org\/es\/2023\/06\/la-escuela-indigena-mas-grande-de-norteamerica-celebra-su-vigesimo-aniversario\/","title":{"rendered":"La escuela ind\u00edgena m\u00e1s grande de Norteam\u00e9rica celebra su vig\u00e9simo aniversario"},"content":{"rendered":"<div id=\"attachment_100360\" style=\"width: 871px\" class=\"wp-caption aligncenter\"><img fetchpriority=\"high\" decoding=\"async\" aria-describedby=\"caption-attachment-100360\" class=\" wp-image-100358\" src=\"https:\/\/interamerica.org\/wp-content\/uploads\/2023\/06\/may12openhouse-mans-85-ca-1024x683.jpeg\" alt=\"\" width=\"861\" height=\"574\" srcset=\"https:\/\/interamerica.org\/wp-content\/uploads\/2023\/06\/may12openhouse-mans-85-ca-1024x683.jpeg 1024w, https:\/\/interamerica.org\/wp-content\/uploads\/2023\/06\/may12openhouse-mans-85-ca-300x200.jpeg 300w, https:\/\/interamerica.org\/wp-content\/uploads\/2023\/06\/may12openhouse-mans-85-ca-768x512.jpeg 768w, https:\/\/interamerica.org\/wp-content\/uploads\/2023\/06\/may12openhouse-mans-85-ca-1536x1024.jpeg 1536w, https:\/\/interamerica.org\/wp-content\/uploads\/2023\/06\/may12openhouse-mans-85-ca.jpeg 1800w\" sizes=\"(max-width: 861px) 100vw, 861px\" \/><p id=\"caption-attachment-100360\" class=\"wp-caption-text\">El 12 de mayo, en el vig\u00e9simo aniversario de la Escuela Nativa Mamawi Atosketan, los padres vieron como sus hijos danzaban con pasos tradicionales vestidos de indumentaria colorida. [Fotograf\u00eda: Mishell Raedeke]<\/p><\/div>\n<h4>La Escuela Nativa Mamawi Atosketan es una instituci\u00f3n adventista en Alberta, Canad\u00e1.<\/h4>\n<p>18 de junio de 2023 | Lynn McDowell, Noticias de la Divisi\u00f3n Norteamericana<\/p>\n<p>Se pod\u00eda palpar la satisfacci\u00f3n en la casa abierta por el vig\u00e9simo aniversario de la Escuela Nativa Mamawi Atosketan (MANS) en Maskwacis, Alberta, Canad\u00e1, mientras los padres miraban c\u00f3mo sus hijos danzaban pasos tradicionales vestidos de indumentaria colorida. El viernes 12 de mayo, los padres llenaron todos los asientos disponibles en el gimnasio de la escuela secundaria para ser testigos de las habilidades y logros de los estudiantes.<\/p>\n<p>\u201c\u00a1A jugar!\u201d fue el lema del d\u00eda. La casa abierta cont\u00f3 con un encuentro de v\u00f3leibol entre los equipos del \u00faltimo y el ante\u00faltimo a\u00f1o de Mamawi Howlers. Es de destacar que cada equipo incluy\u00f3 un jugador que participar\u00e1 en los Juegos Ind\u00edgenas de Norteam\u00e9rica (NAIG) en julio pr\u00f3ximo: Jeresyn Francis, de noveno grado, y su hermano Jerelus, de und\u00e9cimo. Exclamaciones surgieron desde las gradas cuando Jeresyn marc\u00f3 un punto en la jugada m\u00e1s memorable del encuentro, confirmando as\u00ed que se hab\u00eda ganado un lugar como parte del equipo estable de NAIG de su edad. Pero al final, el otro equipo termin\u00f3 ganando el encuentro, bajo la conducci\u00f3n del capit\u00e1n Jerelus.<\/p>\n<p><div id=\"attachment_100366\" style=\"width: 870px\" class=\"wp-caption aligncenter\"><img decoding=\"async\" aria-describedby=\"caption-attachment-100366\" class=\" wp-image-100364\" src=\"https:\/\/interamerica.org\/wp-content\/uploads\/2023\/06\/may12openhouse-mans-167-ca-0-1536x1022-1-1024x681.jpeg\" alt=\"\" width=\"860\" height=\"572\" srcset=\"https:\/\/interamerica.org\/wp-content\/uploads\/2023\/06\/may12openhouse-mans-167-ca-0-1536x1022-1-1024x681.jpeg 1024w, https:\/\/interamerica.org\/wp-content\/uploads\/2023\/06\/may12openhouse-mans-167-ca-0-1536x1022-1-300x200.jpeg 300w, https:\/\/interamerica.org\/wp-content\/uploads\/2023\/06\/may12openhouse-mans-167-ca-0-1536x1022-1-768x511.jpeg 768w, https:\/\/interamerica.org\/wp-content\/uploads\/2023\/06\/may12openhouse-mans-167-ca-0-1536x1022-1.jpeg 1536w\" sizes=\"(max-width: 860px) 100vw, 860px\" \/><p id=\"caption-attachment-100366\" class=\"wp-caption-text\">La casa abierta de la Escuela Nativa Mamawi Atosketan del pasado 12 de mayo cont\u00f3 con un encuentro de v\u00f3leibol entre los equipos del \u00faltimo y ante\u00faltimo a\u00f1o de los Mamawi Howlers. [Fotograf\u00eda: Mishell Raedeke]<\/p><\/div>Para redondear el evento estuvo tambi\u00e9n el entretenimiento de medio tiempo por parte de los estudiantes, lo que incluy\u00f3 tambores ind\u00edgenas, danzas y un conjunto de ukeleles. Asimismo, los estudiantes del Jard\u00edn de Infantes hasta el segundo grado jugaron un encuentro de mini hockey contra los adultos, que jugaron de rodillas. El espect\u00e1culo fue apropiado para marcar el vig\u00e9simo aniversario de la apertura de la escuela y de que fuera nombrada por los estudiantes, que votaron por un nombre en lengua cree bajo el liderazgo del por entonces director Gail Wilton.<\/p>\n<p>La partida del formato usual de las casas abiertas de fin de semana en MANS que hubo en ese d\u00eda fue fundamental porque se enfoc\u00f3 m\u00e1s en la celebraci\u00f3n de la comunidad de Maskwacis. Ese formato durante la semana permiti\u00f3 que los padres y los miembros de la comunidad de Maskwacis una rara oportunidad de ver a sus hijos en acci\u00f3n durante las horas de clase, una oportunidad que muchos aprovecharon. La buena asistencia tambi\u00e9n permiti\u00f3 que el personal de la MANS vendiera alimentos y mercanc\u00edas para apoyar el programa de alimentaci\u00f3n de los estudiantes.<\/p>\n<p>\u201cFue maravilloso ver cu\u00e1ntas personas llegaron para disfrutar de las festividades. Las multitudes ayudaron a dar mayor energ\u00eda a la escuela, para que realmente pudi\u00e9ramos mostrar lo que tenemos [para ofrecer]\u201d, dijo Michael Willing, rector de la MANS.<\/p>\n<p>De todos los padres presentes, ninguno se mostr\u00f3 m\u00e1s orgulloso que el cacique Vernon Saddleback de la Naci\u00f3n Samson Cree, mientras observaba a su hijo Joshua, exalumno de la MANS, y a Kiya, la hijita de 8 a\u00f1os de este, que ahora estudia all\u00ed, mientras danzaba con confianza y delicadeza, un tributo al trabajo de Joshua como instructor de la secci\u00f3n de movimiento de la clase de Estudios Culturales en la MANS.<\/p>\n<p><div id=\"attachment_100369\" style=\"width: 853px\" class=\"wp-caption aligncenter\"><img decoding=\"async\" aria-describedby=\"caption-attachment-100369\" class=\" wp-image-100367\" src=\"https:\/\/interamerica.org\/wp-content\/uploads\/2023\/06\/may12openhouse-mans-22-ca-1024x683.jpeg\" alt=\"\" width=\"843\" height=\"562\" srcset=\"https:\/\/interamerica.org\/wp-content\/uploads\/2023\/06\/may12openhouse-mans-22-ca-1024x683.jpeg 1024w, https:\/\/interamerica.org\/wp-content\/uploads\/2023\/06\/may12openhouse-mans-22-ca-300x200.jpeg 300w, https:\/\/interamerica.org\/wp-content\/uploads\/2023\/06\/may12openhouse-mans-22-ca-768x512.jpeg 768w, https:\/\/interamerica.org\/wp-content\/uploads\/2023\/06\/may12openhouse-mans-22-ca-1536x1024.jpeg 1536w, https:\/\/interamerica.org\/wp-content\/uploads\/2023\/06\/may12openhouse-mans-22-ca.jpeg 1800w\" sizes=\"(max-width: 843px) 100vw, 843px\" \/><p id=\"caption-attachment-100369\" class=\"wp-caption-text\">Un conjunto de ukelele fue parte del entretenimiento de medio tiempo durante \u201c\u00a1A jugar!\u201d, la casa abierta por el vig\u00e9simo aniversario de la Escuela Nativa Mamawi Atosketan. [Fotograf\u00eda: Mishell Raedeke]<\/p><\/div>\u201c\u00bfC\u00f3mo pod\u00eda pasar la oportunidad de danzar con mi hija?\u201d, dijo Joshua en respuesta a la pregunta de por qu\u00e9 decidi\u00f3 ayudar cuando Janice Clark, profesora de Estudios Culturales, se lo pidi\u00f3.<\/p>\n<p>El compromise de Joshua de devolver algo a su alma mater es un testamento de su impacto en una comunidad marginada y oprimida. En el presente, MANS ofrece m\u00e1s de doscientos j\u00f3venes de cuatro grupos de pueblos originarios de Maskwacis un ambiente de aprendizaje cristoc\u00e9ntrico y respetuoso de su cultura.<\/p>\n<p>La sociedad entre padres y docentes ha significado un gran impulso para la escuela, y en \u201c\u00a1A jugar!\u201d, la comunidad se vio entretenida y entusiasmada al mismo tiempo al ver el elevado nivel de la experiencia de movimientos tradicionales a los que est\u00e1n expuestos ni\u00f1os ni\u00f1os en la MANS, sumado eso al aprendizaje de lectura, escritura y aritm\u00e9tica.<\/p>\n<p>La <a href=\"https:\/\/www.nadadventist.org\/news\/seventh-day-adventist-churchs-largest-indigenous-school-north-america-celebrates-20th\">versi\u00f3n original<\/a> de esta noticia fue publicada en el <a href=\"https:\/\/www.nadadventist.org\/news\">sitio de noticias<\/a> de la Divisi\u00f3n Norteamericana.<\/p>\n<p>Traducci\u00f3n de Marcos Paseggi<\/p>\n","protected":false},"excerpt":{"rendered":"<p>La Escuela Nativa Mamawi Atosketan es una instituci\u00f3n adventista en Alberta, Canad\u00e1. 18 de junio de 2023 | Lynn McDowell, Noticias de la Divisi\u00f3n Norteamericana Se pod\u00eda palpar la satisfacci\u00f3n&#8230;<\/p>\n","protected":false},"author":3,"featured_media":100360,"comment_status":"closed","ping_status":"closed","sticky":false,"template":"","format":"standard","meta":{"_acf_changed":false,"footnotes":""},"categories":[14,15],"tags":[],"class_list":["post-100371","post","type-post","status-publish","format-standard","has-post-thumbnail","hentry","category-de-la-iglesia-mundial","category-rss-espanol"],"acf":[],"yoast_head":"<!-- This site is optimized with the Yoast SEO plugin v27.3 - https:\/\/yoast.com\/product\/yoast-seo-wordpress\/ -->\n<title>La escuela ind\u00edgena m\u00e1s grande de Norteam\u00e9rica celebra su vig\u00e9simo aniversario - Iglesia Adventista del S\u00e9ptimo D\u00eda - Divisi\u00f3n Interamericana<\/title>\n<meta name=\"robots\" content=\"index, follow, max-snippet:-1, max-image-preview:large, max-video-preview:-1\" \/>\n<link rel=\"canonical\" href=\"https:\/\/interamerica.org\/es\/2023\/06\/la-escuela-indigena-mas-grande-de-norteamerica-celebra-su-vigesimo-aniversario\/\" \/>\n<meta property=\"og:locale\" content=\"es_ES\" \/>\n<meta property=\"og:type\" content=\"article\" \/>\n<meta property=\"og:title\" content=\"La escuela ind\u00edgena m\u00e1s grande de Norteam\u00e9rica celebra su vig\u00e9simo aniversario - Iglesia Adventista del S\u00e9ptimo D\u00eda - Divisi\u00f3n Interamericana\" \/>\n<meta property=\"og:description\" content=\"La Escuela Nativa Mamawi Atosketan es una instituci\u00f3n adventista en Alberta, Canad\u00e1. 18 de junio de 2023 | Lynn McDowell, Noticias de la Divisi\u00f3n Norteamericana Se pod\u00eda palpar la satisfacci\u00f3n...\" \/>\n<meta property=\"og:url\" content=\"https:\/\/interamerica.org\/es\/2023\/06\/la-escuela-indigena-mas-grande-de-norteamerica-celebra-su-vigesimo-aniversario\/\" \/>\n<meta property=\"og:site_name\" content=\"Iglesia Adventista del S\u00e9ptimo D\u00eda - Divisi\u00f3n Interamericana\" \/>\n<meta property=\"article:published_time\" content=\"2023-06-18T20:00:23+00:00\" \/>\n<meta property=\"article:modified_time\" content=\"2023-06-20T13:50:20+00:00\" \/>\n<meta property=\"og:image\" content=\"https:\/\/interamerica.org\/wp-content\/uploads\/2023\/06\/may12openhouse-mans-85-ca.jpeg\" \/>\n\t<meta property=\"og:image:width\" content=\"1800\" \/>\n\t<meta property=\"og:image:height\" content=\"1200\" \/>\n\t<meta property=\"og:image:type\" content=\"image\/jpeg\" \/>\n<meta name=\"author\" content=\"libna\" \/>\n<meta name=\"twitter:card\" content=\"summary_large_image\" \/>\n<meta name=\"twitter:label1\" content=\"Escrito por\" \/>\n\t<meta name=\"twitter:data1\" content=\"libna\" \/>\n\t<meta name=\"twitter:label2\" content=\"Tiempo de lectura\" \/>\n\t<meta name=\"twitter:data2\" content=\"4 minutos\" \/>\n<script type=\"application\/ld+json\" class=\"yoast-schema-graph\">{\"@context\":\"https:\\\/\\\/schema.org\",\"@graph\":[{\"@type\":\"Article\",\"@id\":\"https:\\\/\\\/interamerica.org\\\/es\\\/2023\\\/06\\\/la-escuela-indigena-mas-grande-de-norteamerica-celebra-su-vigesimo-aniversario\\\/#article\",\"isPartOf\":{\"@id\":\"https:\\\/\\\/interamerica.org\\\/es\\\/2023\\\/06\\\/la-escuela-indigena-mas-grande-de-norteamerica-celebra-su-vigesimo-aniversario\\\/\"},\"author\":{\"name\":\"libna\",\"@id\":\"https:\\\/\\\/interamerica.org\\\/es\\\/#\\\/schema\\\/person\\\/29998f2bc2d8bd0d38662909289b54f1\"},\"headline\":\"La escuela ind\u00edgena m\u00e1s grande de Norteam\u00e9rica celebra su vig\u00e9simo aniversario\",\"datePublished\":\"2023-06-18T20:00:23+00:00\",\"dateModified\":\"2023-06-20T13:50:20+00:00\",\"mainEntityOfPage\":{\"@id\":\"https:\\\/\\\/interamerica.org\\\/es\\\/2023\\\/06\\\/la-escuela-indigena-mas-grande-de-norteamerica-celebra-su-vigesimo-aniversario\\\/\"},\"wordCount\":843,\"image\":{\"@id\":\"https:\\\/\\\/interamerica.org\\\/es\\\/2023\\\/06\\\/la-escuela-indigena-mas-grande-de-norteamerica-celebra-su-vigesimo-aniversario\\\/#primaryimage\"},\"thumbnailUrl\":\"https:\\\/\\\/interamerica.org\\\/wp-content\\\/uploads\\\/2023\\\/06\\\/may12openhouse-mans-85-ca.jpeg\",\"articleSection\":[\"Desde la iglesia mundial\",\"RSS Espa\u00f1ol\"],\"inLanguage\":\"es\"},{\"@type\":\"WebPage\",\"@id\":\"https:\\\/\\\/interamerica.org\\\/es\\\/2023\\\/06\\\/la-escuela-indigena-mas-grande-de-norteamerica-celebra-su-vigesimo-aniversario\\\/\",\"url\":\"https:\\\/\\\/interamerica.org\\\/es\\\/2023\\\/06\\\/la-escuela-indigena-mas-grande-de-norteamerica-celebra-su-vigesimo-aniversario\\\/\",\"name\":\"La escuela ind\u00edgena m\u00e1s grande de Norteam\u00e9rica celebra su vig\u00e9simo aniversario - Iglesia Adventista del S\u00e9ptimo D\u00eda - Divisi\u00f3n Interamericana\",\"isPartOf\":{\"@id\":\"https:\\\/\\\/interamerica.org\\\/es\\\/#website\"},\"primaryImageOfPage\":{\"@id\":\"https:\\\/\\\/interamerica.org\\\/es\\\/2023\\\/06\\\/la-escuela-indigena-mas-grande-de-norteamerica-celebra-su-vigesimo-aniversario\\\/#primaryimage\"},\"image\":{\"@id\":\"https:\\\/\\\/interamerica.org\\\/es\\\/2023\\\/06\\\/la-escuela-indigena-mas-grande-de-norteamerica-celebra-su-vigesimo-aniversario\\\/#primaryimage\"},\"thumbnailUrl\":\"https:\\\/\\\/interamerica.org\\\/wp-content\\\/uploads\\\/2023\\\/06\\\/may12openhouse-mans-85-ca.jpeg\",\"datePublished\":\"2023-06-18T20:00:23+00:00\",\"dateModified\":\"2023-06-20T13:50:20+00:00\",\"author\":{\"@id\":\"https:\\\/\\\/interamerica.org\\\/es\\\/#\\\/schema\\\/person\\\/29998f2bc2d8bd0d38662909289b54f1\"},\"breadcrumb\":{\"@id\":\"https:\\\/\\\/interamerica.org\\\/es\\\/2023\\\/06\\\/la-escuela-indigena-mas-grande-de-norteamerica-celebra-su-vigesimo-aniversario\\\/#breadcrumb\"},\"inLanguage\":\"es\",\"potentialAction\":[{\"@type\":\"ReadAction\",\"target\":[\"https:\\\/\\\/interamerica.org\\\/es\\\/2023\\\/06\\\/la-escuela-indigena-mas-grande-de-norteamerica-celebra-su-vigesimo-aniversario\\\/\"]}]},{\"@type\":\"ImageObject\",\"inLanguage\":\"es\",\"@id\":\"https:\\\/\\\/interamerica.org\\\/es\\\/2023\\\/06\\\/la-escuela-indigena-mas-grande-de-norteamerica-celebra-su-vigesimo-aniversario\\\/#primaryimage\",\"url\":\"https:\\\/\\\/interamerica.org\\\/wp-content\\\/uploads\\\/2023\\\/06\\\/may12openhouse-mans-85-ca.jpeg\",\"contentUrl\":\"https:\\\/\\\/interamerica.org\\\/wp-content\\\/uploads\\\/2023\\\/06\\\/may12openhouse-mans-85-ca.jpeg\",\"width\":1800,\"height\":1200,\"caption\":\"On May 12, at the 20th-anniversary open house of Mamawi Atosketan Native School, parents watched their children doing traditional steps in colorful regalia. [Photo: Mishell Raedeke]\"},{\"@type\":\"BreadcrumbList\",\"@id\":\"https:\\\/\\\/interamerica.org\\\/es\\\/2023\\\/06\\\/la-escuela-indigena-mas-grande-de-norteamerica-celebra-su-vigesimo-aniversario\\\/#breadcrumb\",\"itemListElement\":[{\"@type\":\"ListItem\",\"position\":1,\"name\":\"Home\",\"item\":\"https:\\\/\\\/interamerica.org\\\/es\\\/\"},{\"@type\":\"ListItem\",\"position\":2,\"name\":\"La escuela ind\u00edgena m\u00e1s grande de Norteam\u00e9rica celebra su vig\u00e9simo aniversario\"}]},{\"@type\":\"WebSite\",\"@id\":\"https:\\\/\\\/interamerica.org\\\/es\\\/#website\",\"url\":\"https:\\\/\\\/interamerica.org\\\/es\\\/\",\"name\":\"Iglesia Adventista del S\u00e9ptimo D\u00eda - Divisi\u00f3n Interamericana\",\"description\":\"\",\"potentialAction\":[{\"@type\":\"SearchAction\",\"target\":{\"@type\":\"EntryPoint\",\"urlTemplate\":\"https:\\\/\\\/interamerica.org\\\/es\\\/?s={search_term_string}\"},\"query-input\":{\"@type\":\"PropertyValueSpecification\",\"valueRequired\":true,\"valueName\":\"search_term_string\"}}],\"inLanguage\":\"es\"},{\"@type\":\"Person\",\"@id\":\"https:\\\/\\\/interamerica.org\\\/es\\\/#\\\/schema\\\/person\\\/29998f2bc2d8bd0d38662909289b54f1\",\"name\":\"libna\",\"image\":{\"@type\":\"ImageObject\",\"inLanguage\":\"es\",\"@id\":\"https:\\\/\\\/secure.gravatar.com\\\/avatar\\\/7c5bd30ae4b47a9ba3c856590957fd1d96dc588bf3ac05719d247e126840331f?s=96&d=mm&r=g\",\"url\":\"https:\\\/\\\/secure.gravatar.com\\\/avatar\\\/7c5bd30ae4b47a9ba3c856590957fd1d96dc588bf3ac05719d247e126840331f?s=96&d=mm&r=g\",\"contentUrl\":\"https:\\\/\\\/secure.gravatar.com\\\/avatar\\\/7c5bd30ae4b47a9ba3c856590957fd1d96dc588bf3ac05719d247e126840331f?s=96&d=mm&r=g\",\"caption\":\"libna\"}}]}<\/script>\n<!-- \/ Yoast SEO plugin. -->","yoast_head_json":{"title":"La escuela ind\u00edgena m\u00e1s grande de Norteam\u00e9rica celebra su vig\u00e9simo aniversario - Iglesia Adventista del S\u00e9ptimo D\u00eda - Divisi\u00f3n Interamericana","robots":{"index":"index","follow":"follow","max-snippet":"max-snippet:-1","max-image-preview":"max-image-preview:large","max-video-preview":"max-video-preview:-1"},"canonical":"https:\/\/interamerica.org\/es\/2023\/06\/la-escuela-indigena-mas-grande-de-norteamerica-celebra-su-vigesimo-aniversario\/","og_locale":"es_ES","og_type":"article","og_title":"La escuela ind\u00edgena m\u00e1s grande de Norteam\u00e9rica celebra su vig\u00e9simo aniversario - Iglesia Adventista del S\u00e9ptimo D\u00eda - Divisi\u00f3n Interamericana","og_description":"La Escuela Nativa Mamawi Atosketan es una instituci\u00f3n adventista en Alberta, Canad\u00e1. 18 de junio de 2023 | Lynn McDowell, Noticias de la Divisi\u00f3n Norteamericana Se pod\u00eda palpar la satisfacci\u00f3n...","og_url":"https:\/\/interamerica.org\/es\/2023\/06\/la-escuela-indigena-mas-grande-de-norteamerica-celebra-su-vigesimo-aniversario\/","og_site_name":"Iglesia Adventista del S\u00e9ptimo D\u00eda - Divisi\u00f3n Interamericana","article_published_time":"2023-06-18T20:00:23+00:00","article_modified_time":"2023-06-20T13:50:20+00:00","og_image":[{"width":1800,"height":1200,"url":"https:\/\/interamerica.org\/wp-content\/uploads\/2023\/06\/may12openhouse-mans-85-ca.jpeg","type":"image\/jpeg"}],"author":"libna","twitter_card":"summary_large_image","twitter_misc":{"Escrito por":"libna","Tiempo de lectura":"4 minutos"},"schema":{"@context":"https:\/\/schema.org","@graph":[{"@type":"Article","@id":"https:\/\/interamerica.org\/es\/2023\/06\/la-escuela-indigena-mas-grande-de-norteamerica-celebra-su-vigesimo-aniversario\/#article","isPartOf":{"@id":"https:\/\/interamerica.org\/es\/2023\/06\/la-escuela-indigena-mas-grande-de-norteamerica-celebra-su-vigesimo-aniversario\/"},"author":{"name":"libna","@id":"https:\/\/interamerica.org\/es\/#\/schema\/person\/29998f2bc2d8bd0d38662909289b54f1"},"headline":"La escuela ind\u00edgena m\u00e1s grande de Norteam\u00e9rica celebra su vig\u00e9simo aniversario","datePublished":"2023-06-18T20:00:23+00:00","dateModified":"2023-06-20T13:50:20+00:00","mainEntityOfPage":{"@id":"https:\/\/interamerica.org\/es\/2023\/06\/la-escuela-indigena-mas-grande-de-norteamerica-celebra-su-vigesimo-aniversario\/"},"wordCount":843,"image":{"@id":"https:\/\/interamerica.org\/es\/2023\/06\/la-escuela-indigena-mas-grande-de-norteamerica-celebra-su-vigesimo-aniversario\/#primaryimage"},"thumbnailUrl":"https:\/\/interamerica.org\/wp-content\/uploads\/2023\/06\/may12openhouse-mans-85-ca.jpeg","articleSection":["Desde la iglesia mundial","RSS Espa\u00f1ol"],"inLanguage":"es"},{"@type":"WebPage","@id":"https:\/\/interamerica.org\/es\/2023\/06\/la-escuela-indigena-mas-grande-de-norteamerica-celebra-su-vigesimo-aniversario\/","url":"https:\/\/interamerica.org\/es\/2023\/06\/la-escuela-indigena-mas-grande-de-norteamerica-celebra-su-vigesimo-aniversario\/","name":"La escuela ind\u00edgena m\u00e1s grande de Norteam\u00e9rica celebra su vig\u00e9simo aniversario - Iglesia Adventista del S\u00e9ptimo D\u00eda - Divisi\u00f3n Interamericana","isPartOf":{"@id":"https:\/\/interamerica.org\/es\/#website"},"primaryImageOfPage":{"@id":"https:\/\/interamerica.org\/es\/2023\/06\/la-escuela-indigena-mas-grande-de-norteamerica-celebra-su-vigesimo-aniversario\/#primaryimage"},"image":{"@id":"https:\/\/interamerica.org\/es\/2023\/06\/la-escuela-indigena-mas-grande-de-norteamerica-celebra-su-vigesimo-aniversario\/#primaryimage"},"thumbnailUrl":"https:\/\/interamerica.org\/wp-content\/uploads\/2023\/06\/may12openhouse-mans-85-ca.jpeg","datePublished":"2023-06-18T20:00:23+00:00","dateModified":"2023-06-20T13:50:20+00:00","author":{"@id":"https:\/\/interamerica.org\/es\/#\/schema\/person\/29998f2bc2d8bd0d38662909289b54f1"},"breadcrumb":{"@id":"https:\/\/interamerica.org\/es\/2023\/06\/la-escuela-indigena-mas-grande-de-norteamerica-celebra-su-vigesimo-aniversario\/#breadcrumb"},"inLanguage":"es","potentialAction":[{"@type":"ReadAction","target":["https:\/\/interamerica.org\/es\/2023\/06\/la-escuela-indigena-mas-grande-de-norteamerica-celebra-su-vigesimo-aniversario\/"]}]},{"@type":"ImageObject","inLanguage":"es","@id":"https:\/\/interamerica.org\/es\/2023\/06\/la-escuela-indigena-mas-grande-de-norteamerica-celebra-su-vigesimo-aniversario\/#primaryimage","url":"https:\/\/interamerica.org\/wp-content\/uploads\/2023\/06\/may12openhouse-mans-85-ca.jpeg","contentUrl":"https:\/\/interamerica.org\/wp-content\/uploads\/2023\/06\/may12openhouse-mans-85-ca.jpeg","width":1800,"height":1200,"caption":"On May 12, at the 20th-anniversary open house of Mamawi Atosketan Native School, parents watched their children doing traditional steps in colorful regalia. [Photo: Mishell Raedeke]"},{"@type":"BreadcrumbList","@id":"https:\/\/interamerica.org\/es\/2023\/06\/la-escuela-indigena-mas-grande-de-norteamerica-celebra-su-vigesimo-aniversario\/#breadcrumb","itemListElement":[{"@type":"ListItem","position":1,"name":"Home","item":"https:\/\/interamerica.org\/es\/"},{"@type":"ListItem","position":2,"name":"La escuela ind\u00edgena m\u00e1s grande de Norteam\u00e9rica celebra su vig\u00e9simo aniversario"}]},{"@type":"WebSite","@id":"https:\/\/interamerica.org\/es\/#website","url":"https:\/\/interamerica.org\/es\/","name":"Iglesia Adventista del S\u00e9ptimo D\u00eda - Divisi\u00f3n Interamericana","description":"","potentialAction":[{"@type":"SearchAction","target":{"@type":"EntryPoint","urlTemplate":"https:\/\/interamerica.org\/es\/?s={search_term_string}"},"query-input":{"@type":"PropertyValueSpecification","valueRequired":true,"valueName":"search_term_string"}}],"inLanguage":"es"},{"@type":"Person","@id":"https:\/\/interamerica.org\/es\/#\/schema\/person\/29998f2bc2d8bd0d38662909289b54f1","name":"libna","image":{"@type":"ImageObject","inLanguage":"es","@id":"https:\/\/secure.gravatar.com\/avatar\/7c5bd30ae4b47a9ba3c856590957fd1d96dc588bf3ac05719d247e126840331f?s=96&d=mm&r=g","url":"https:\/\/secure.gravatar.com\/avatar\/7c5bd30ae4b47a9ba3c856590957fd1d96dc588bf3ac05719d247e126840331f?s=96&d=mm&r=g","contentUrl":"https:\/\/secure.gravatar.com\/avatar\/7c5bd30ae4b47a9ba3c856590957fd1d96dc588bf3ac05719d247e126840331f?s=96&d=mm&r=g","caption":"libna"}}]}},"_links":{"self":[{"href":"https:\/\/interamerica.org\/es\/wp-json\/wp\/v2\/posts\/100371","targetHints":{"allow":["GET"]}}],"collection":[{"href":"https:\/\/interamerica.org\/es\/wp-json\/wp\/v2\/posts"}],"about":[{"href":"https:\/\/interamerica.org\/es\/wp-json\/wp\/v2\/types\/post"}],"author":[{"embeddable":true,"href":"https:\/\/interamerica.org\/es\/wp-json\/wp\/v2\/users\/3"}],"replies":[{"embeddable":true,"href":"https:\/\/interamerica.org\/es\/wp-json\/wp\/v2\/comments?post=100371"}],"version-history":[{"count":0,"href":"https:\/\/interamerica.org\/es\/wp-json\/wp\/v2\/posts\/100371\/revisions"}],"wp:featuredmedia":[{"embeddable":true,"href":"https:\/\/interamerica.org\/es\/wp-json\/wp\/v2\/media\/100360"}],"wp:attachment":[{"href":"https:\/\/interamerica.org\/es\/wp-json\/wp\/v2\/media?parent=100371"}],"wp:term":[{"taxonomy":"category","embeddable":true,"href":"https:\/\/interamerica.org\/es\/wp-json\/wp\/v2\/categories?post=100371"},{"taxonomy":"post_tag","embeddable":true,"href":"https:\/\/interamerica.org\/es\/wp-json\/wp\/v2\/tags?post=100371"}],"curies":[{"name":"wp","href":"https:\/\/api.w.org\/{rel}","templated":true}]}}