{"id":100415,"date":"2023-06-22T09:22:34","date_gmt":"2023-06-22T13:22:34","guid":{"rendered":"https:\/\/interamerica.org\/?p=100415"},"modified":"2023-06-22T11:03:42","modified_gmt":"2023-06-22T15:03:42","slug":"la-predicacion-del-evangelio-en-tiempos-de-inteligencia-artificial","status":"publish","type":"post","link":"https:\/\/interamerica.org\/es\/2023\/06\/la-predicacion-del-evangelio-en-tiempos-de-inteligencia-artificial\/","title":{"rendered":"La predicaci\u00f3n del evangelio en tiempos de inteligencia artificial"},"content":{"rendered":"<p><em>Eventos de comunicadores adventistas analiza c\u00f3mo hacer de la inteligencia artificial un aliado en la misi\u00f3n de la iglesia.<\/em><\/p>\n<p>22 de junio de 2023 | Brasil | Felipe Lemos, Divisi\u00f3n Sudamericana, y <em>Adventist Review<\/em><\/p>\n<p>El uso y los recursos de inteligencia artificial (IA) se han vuelto cada vez m\u00e1s populares \u00faltimamente. Lo que antes se limitaba a la investigaci\u00f3n acad\u00e9mica y la producci\u00f3n cinematogr\u00e1fica de \u00edndole futurista se ha aproximado sin duda alguna a la vida diaria. Seg\u00fan <em>Search Logistics<\/em>, \u201cse espera que la tecnolog\u00eda global del mercado de IA se dispare en los pr\u00f3ximos a\u00f1os, alcanzando un valor total de mercado de 190.610.000.000 d\u00f3lares para 2025\u201d.<a href=\"https:\/\/noticias.adventistas.org\/pt\/inteligencia-artificial-a-servico-da-pregacao-do-evangelho\/#_ftn1\">[1]<\/a> Seg\u00fan investigaciones dadas a conocer por Forbes Advisor, los usos m\u00e1s populares de la IA hoy d\u00eda incluyen responder a mensajes, hacer averiguaciones sobre cuestiones financieras, planificar itinerarios de viaje, y crear actualizaciones para los medios sociales. <a href=\"https:\/\/noticias.adventistas.org\/pt\/inteligencia-artificial-a-servico-da-pregacao-do-evangelho\/#_ftn2\">[2]<\/a><\/p>\n<p>Otros an\u00e1lisis de tendencias futuras se\u00f1alan a la IA como responsable de cambios significativos en diversas \u00e1reas de la vida humana, incluida la salud, la educaci\u00f3n y el desarrollo humano y social, entre otros. Esto tambi\u00e9n abarca la religi\u00f3n, que tambi\u00e9n se ve afectado por los <em>chatbots<\/em>, el IA generativo impulsado por procesos cada vez m\u00e1s sofisticados.<\/p>\n<p><div id=\"attachment_100412\" style=\"width: 859px\" class=\"wp-caption aligncenter\"><img fetchpriority=\"high\" decoding=\"async\" aria-describedby=\"caption-attachment-100412\" class=\" wp-image-100410\" src=\"https:\/\/interamerica.org\/wp-content\/uploads\/2023\/06\/erick-1024x768.jpeg\" alt=\"\" width=\"849\" height=\"637\" srcset=\"https:\/\/interamerica.org\/wp-content\/uploads\/2023\/06\/erick-1024x768.jpeg 1024w, https:\/\/interamerica.org\/wp-content\/uploads\/2023\/06\/erick-300x225.jpeg 300w, https:\/\/interamerica.org\/wp-content\/uploads\/2023\/06\/erick-768x576.jpeg 768w, https:\/\/interamerica.org\/wp-content\/uploads\/2023\/06\/erick-1536x1152.jpeg 1536w, https:\/\/interamerica.org\/wp-content\/uploads\/2023\/06\/erick.jpeg 2000w\" sizes=\"(max-width: 849px) 100vw, 849px\" \/><p id=\"caption-attachment-100412\" class=\"wp-caption-text\">Durante el evento se discutieron maneras de hacer que los sistemas de inteligencia artificial sean aliados para el cumplimiento de la misi\u00f3n de la Iglesia Adventista. [Fotograf\u00eda: Noticias de la Divisi\u00f3n Sudamericana]<\/p><\/div>Los l\u00edderes de comunicaci\u00f3n de la Iglesia Adventista del S\u00e9ptimo D\u00eda en las tres principales regiones de las Am\u00e9ricas (Am\u00e9rica del Norte, Am\u00e9rica Central y Sudam\u00e9rica) se reunieron durante unos d\u00edas para discutir la IA y sus intersecciones con la misi\u00f3n adventista de predicar el evangelio al mundo. Las conferencias, los debates y los paneles llevaron a los participantes a concluir que, dado que los adventistas no podemos escapar de la IA, tenemos que aprender c\u00f3mo transformarla en una aliada.<\/p>\n<p>Este gran encuentro de m\u00e1s de cien participantes, conocida como la Red Global Adventista de Internet (GAiN), siempre ha tenido el objetivo de reflexionar sobre la tecnolog\u00eda y la comunidad para aplicarlas a la misi\u00f3n de la Iglesia Adventista. En 2023, el evento, de cinco d\u00edas de duraci\u00f3n, se llev\u00f3 a cabo en Columbia, Maryland, Estados Unidos.<\/p>\n<h4><strong>La inteligencia artificial y el evangelismo<\/strong><\/h4>\n<p>Los s\u00f3lidos fundamentos b\u00edblicos que influyen sobre el mensaje que predica la Iglesia Adventista puede verse reforzados por el uso de IA, se\u00f1al\u00f3 Emmanuel Arriaga, que trabaja en Google. Arriaga comprende que la inteligencia artificial es \u00fatil en el contexto de la Iglesia Adventista para la elaboraci\u00f3n de propuestas, documentos e investigaciones. Record\u00f3 a los participantes de GAiN, sin embargo, que la plataforma y el desarrollo de modelos incluye discusiones sobre su \u00e9tica.<\/p>\n<p>Erick Sperandio Nascimento, profesor e investigador universitario, enfatiz\u00f3 que las herramientas de IA son oportunidades de implementar modelos in\u00e9ditos de creaci\u00f3n de contenidos para evangelizar. Mencion\u00f3, por ejemplo, la importancia de usar herramientas para la consejer\u00eda teol\u00f3gica y soluciones para estudios b\u00edblicos. \u201cEs posible estructurar sistemas para ofrecer estudios personalizados sobre la base de las preferencias de las personas\u201d, dijo.<\/p>\n<h4><strong>Inteligencia aplicada<\/strong><\/h4>\n<p>La Iglesia Adventista ya cuenta con aplicaciones pr\u00e1cticas para la IA. Un ejemplo que proviene de Sudam\u00e9rica es el <em>chatbot<\/em> o asistente virtual de la Biblia denominado Hope, que fue desarrollado e implementado hace seis a\u00f1os. El sistema ofrece a las personas apoyo en tiempo real, tanto en portugu\u00e9s como en espa\u00f1ol, para sus estudios. Cuenta con una base de datos de casi seis mil art\u00edculos oficiales en l\u00ednea que han sido producidos por la Iglesia Adventista, adem\u00e1s de 89 Gu\u00edas de Estudio de la Escuela Sab\u00e1tica y 63 libros de Elena G. White, cofundadora de la Iglesia Adventista.<\/p>\n<p>William Timm, coordinador de la Escuela B\u00edblica Digital de Novo Tempo, explic\u00f3 que entre 2019 y 2023, la herramienta a asistido a 278.422 estudiantes, m\u00e1s de cuarenta mil de ellos tan solo en 2023. \u201cEs posible usar la tecnolog\u00eda de una manera que sea \u00fatil para dar alimento espiritual a las personas\u201d, dijo Timm. Seg\u00fan los coordinadores, ya se han bautizado miles como resultado de esto.<\/p>\n<h4><strong>Comentarios de los participantes<\/strong><\/h4>\n<p>Para Jorge Rampogna, director de comunicaci\u00f3n de la Divisi\u00f3n Sudamericana, \u201ceventos como [GAiN] nos llevan a reflejar en la necesidad de usar cada oportunidad posible para compartir el evangelio y apoyar la misi\u00f3n\u201d. Abel M\u00e1rquez, director de comunicaci\u00f3n de la Divisi\u00f3n Interamericana, a\u00f1adi\u00f3 que \u201cGAiN es un evento que fomenta la interacci\u00f3n y la creatividad que nos mantiene actualizados respecto de los ideales y herramientas de evangelismo digital\u201d.<\/p>\n<p>Chrystelle Agboka, directora de producci\u00f3n de noticias de la Iglesia Adventista en la Divisi\u00f3n Norteamericana, enfatiz\u00f3 que los avances tecnol\u00f3gicos de IA pueden hacer que el trabajo resulte a\u00fan m\u00e1s efectivo. \u201cComo comunicadores, tenemos mucho poder para moldear la marca de la Iglesia Adventista, alcanzar a las personas dentro y fuera de ella, y ayudar a hacer disc\u00edpulos\u201d.<\/p>\n<p><em>La <\/em><a href=\"https:\/\/noticias.adventistas.org\/pt\/inteligencia-artificial-a-servico-da-pregacao-do-evangelho\/\"><em>versi\u00f3n original<\/em><\/a><em> de esta noticia fue publicada en <\/em><a href=\"https:\/\/noticias.adventistas.org\/pt\/\"><em>el sitio de noticias en portugu\u00e9s<\/em><\/a>de la Divisi\u00f3n Sudamericana<em>.<\/em><\/p>\n<p>Traducci\u00f3n de Marcos Paseggi<\/p>\n","protected":false},"excerpt":{"rendered":"<p>Eventos de comunicadores adventistas analiza c\u00f3mo hacer de la inteligencia artificial un aliado en la misi\u00f3n de la iglesia. 22 de junio de 2023 | Brasil | Felipe Lemos, Divisi\u00f3n&#8230;<\/p>\n","protected":false},"author":3,"featured_media":100412,"comment_status":"closed","ping_status":"closed","sticky":false,"template":"","format":"standard","meta":{"_acf_changed":false,"footnotes":""},"categories":[14,15],"tags":[],"class_list":["post-100415","post","type-post","status-publish","format-standard","has-post-thumbnail","hentry","category-de-la-iglesia-mundial","category-rss-espanol"],"acf":[],"yoast_head":"<!-- This site is optimized with the Yoast SEO plugin v27.3 - https:\/\/yoast.com\/product\/yoast-seo-wordpress\/ -->\n<title>La predicaci\u00f3n del evangelio en tiempos de inteligencia artificial - Iglesia Adventista del S\u00e9ptimo D\u00eda - Divisi\u00f3n Interamericana<\/title>\n<meta name=\"robots\" content=\"index, follow, max-snippet:-1, max-image-preview:large, max-video-preview:-1\" \/>\n<link rel=\"canonical\" href=\"https:\/\/interamerica.org\/es\/2023\/06\/la-predicacion-del-evangelio-en-tiempos-de-inteligencia-artificial\/\" \/>\n<meta property=\"og:locale\" content=\"es_ES\" \/>\n<meta property=\"og:type\" content=\"article\" \/>\n<meta property=\"og:title\" content=\"La predicaci\u00f3n del evangelio en tiempos de inteligencia artificial - Iglesia Adventista del S\u00e9ptimo D\u00eda - Divisi\u00f3n Interamericana\" \/>\n<meta property=\"og:description\" content=\"Eventos de comunicadores adventistas analiza c\u00f3mo hacer de la inteligencia artificial un aliado en la misi\u00f3n de la iglesia. 22 de junio de 2023 | Brasil | Felipe Lemos, Divisi\u00f3n...\" \/>\n<meta property=\"og:url\" content=\"https:\/\/interamerica.org\/es\/2023\/06\/la-predicacion-del-evangelio-en-tiempos-de-inteligencia-artificial\/\" \/>\n<meta property=\"og:site_name\" content=\"Iglesia Adventista del S\u00e9ptimo D\u00eda - Divisi\u00f3n Interamericana\" \/>\n<meta property=\"article:published_time\" content=\"2023-06-22T13:22:34+00:00\" \/>\n<meta property=\"article:modified_time\" content=\"2023-06-22T15:03:42+00:00\" \/>\n<meta property=\"og:image\" content=\"https:\/\/interamerica.org\/wp-content\/uploads\/2023\/06\/erick.jpeg\" \/>\n\t<meta property=\"og:image:width\" content=\"2000\" \/>\n\t<meta property=\"og:image:height\" content=\"1500\" \/>\n\t<meta property=\"og:image:type\" content=\"image\/jpeg\" \/>\n<meta name=\"author\" content=\"libna\" \/>\n<meta name=\"twitter:card\" content=\"summary_large_image\" \/>\n<meta name=\"twitter:label1\" content=\"Escrito por\" \/>\n\t<meta name=\"twitter:data1\" content=\"libna\" \/>\n\t<meta name=\"twitter:label2\" content=\"Tiempo de lectura\" \/>\n\t<meta name=\"twitter:data2\" content=\"4 minutos\" \/>\n<script type=\"application\/ld+json\" class=\"yoast-schema-graph\">{\"@context\":\"https:\\\/\\\/schema.org\",\"@graph\":[{\"@type\":\"Article\",\"@id\":\"https:\\\/\\\/interamerica.org\\\/es\\\/2023\\\/06\\\/la-predicacion-del-evangelio-en-tiempos-de-inteligencia-artificial\\\/#article\",\"isPartOf\":{\"@id\":\"https:\\\/\\\/interamerica.org\\\/es\\\/2023\\\/06\\\/la-predicacion-del-evangelio-en-tiempos-de-inteligencia-artificial\\\/\"},\"author\":{\"name\":\"libna\",\"@id\":\"https:\\\/\\\/interamerica.org\\\/es\\\/#\\\/schema\\\/person\\\/29998f2bc2d8bd0d38662909289b54f1\"},\"headline\":\"La predicaci\u00f3n del evangelio en tiempos de inteligencia artificial\",\"datePublished\":\"2023-06-22T13:22:34+00:00\",\"dateModified\":\"2023-06-22T15:03:42+00:00\",\"mainEntityOfPage\":{\"@id\":\"https:\\\/\\\/interamerica.org\\\/es\\\/2023\\\/06\\\/la-predicacion-del-evangelio-en-tiempos-de-inteligencia-artificial\\\/\"},\"wordCount\":916,\"image\":{\"@id\":\"https:\\\/\\\/interamerica.org\\\/es\\\/2023\\\/06\\\/la-predicacion-del-evangelio-en-tiempos-de-inteligencia-artificial\\\/#primaryimage\"},\"thumbnailUrl\":\"https:\\\/\\\/interamerica.org\\\/wp-content\\\/uploads\\\/2023\\\/06\\\/erick.jpeg\",\"articleSection\":[\"Desde la iglesia mundial\",\"RSS Espa\u00f1ol\"],\"inLanguage\":\"es\"},{\"@type\":\"WebPage\",\"@id\":\"https:\\\/\\\/interamerica.org\\\/es\\\/2023\\\/06\\\/la-predicacion-del-evangelio-en-tiempos-de-inteligencia-artificial\\\/\",\"url\":\"https:\\\/\\\/interamerica.org\\\/es\\\/2023\\\/06\\\/la-predicacion-del-evangelio-en-tiempos-de-inteligencia-artificial\\\/\",\"name\":\"La predicaci\u00f3n del evangelio en tiempos de inteligencia artificial - Iglesia Adventista del S\u00e9ptimo D\u00eda - Divisi\u00f3n Interamericana\",\"isPartOf\":{\"@id\":\"https:\\\/\\\/interamerica.org\\\/es\\\/#website\"},\"primaryImageOfPage\":{\"@id\":\"https:\\\/\\\/interamerica.org\\\/es\\\/2023\\\/06\\\/la-predicacion-del-evangelio-en-tiempos-de-inteligencia-artificial\\\/#primaryimage\"},\"image\":{\"@id\":\"https:\\\/\\\/interamerica.org\\\/es\\\/2023\\\/06\\\/la-predicacion-del-evangelio-en-tiempos-de-inteligencia-artificial\\\/#primaryimage\"},\"thumbnailUrl\":\"https:\\\/\\\/interamerica.org\\\/wp-content\\\/uploads\\\/2023\\\/06\\\/erick.jpeg\",\"datePublished\":\"2023-06-22T13:22:34+00:00\",\"dateModified\":\"2023-06-22T15:03:42+00:00\",\"author\":{\"@id\":\"https:\\\/\\\/interamerica.org\\\/es\\\/#\\\/schema\\\/person\\\/29998f2bc2d8bd0d38662909289b54f1\"},\"breadcrumb\":{\"@id\":\"https:\\\/\\\/interamerica.org\\\/es\\\/2023\\\/06\\\/la-predicacion-del-evangelio-en-tiempos-de-inteligencia-artificial\\\/#breadcrumb\"},\"inLanguage\":\"es\",\"potentialAction\":[{\"@type\":\"ReadAction\",\"target\":[\"https:\\\/\\\/interamerica.org\\\/es\\\/2023\\\/06\\\/la-predicacion-del-evangelio-en-tiempos-de-inteligencia-artificial\\\/\"]}]},{\"@type\":\"ImageObject\",\"inLanguage\":\"es\",\"@id\":\"https:\\\/\\\/interamerica.org\\\/es\\\/2023\\\/06\\\/la-predicacion-del-evangelio-en-tiempos-de-inteligencia-artificial\\\/#primaryimage\",\"url\":\"https:\\\/\\\/interamerica.org\\\/wp-content\\\/uploads\\\/2023\\\/06\\\/erick.jpeg\",\"contentUrl\":\"https:\\\/\\\/interamerica.org\\\/wp-content\\\/uploads\\\/2023\\\/06\\\/erick.jpeg\",\"width\":2000,\"height\":1500,\"caption\":\"Ways to make artificial intelligence systems in allies to fulfill the mission of the Adventist Church were discussed at the event. [Photo: South American Division News]\"},{\"@type\":\"BreadcrumbList\",\"@id\":\"https:\\\/\\\/interamerica.org\\\/es\\\/2023\\\/06\\\/la-predicacion-del-evangelio-en-tiempos-de-inteligencia-artificial\\\/#breadcrumb\",\"itemListElement\":[{\"@type\":\"ListItem\",\"position\":1,\"name\":\"Home\",\"item\":\"https:\\\/\\\/interamerica.org\\\/es\\\/\"},{\"@type\":\"ListItem\",\"position\":2,\"name\":\"La predicaci\u00f3n del evangelio en tiempos de inteligencia artificial\"}]},{\"@type\":\"WebSite\",\"@id\":\"https:\\\/\\\/interamerica.org\\\/es\\\/#website\",\"url\":\"https:\\\/\\\/interamerica.org\\\/es\\\/\",\"name\":\"Iglesia Adventista del S\u00e9ptimo D\u00eda - Divisi\u00f3n Interamericana\",\"description\":\"\",\"potentialAction\":[{\"@type\":\"SearchAction\",\"target\":{\"@type\":\"EntryPoint\",\"urlTemplate\":\"https:\\\/\\\/interamerica.org\\\/es\\\/?s={search_term_string}\"},\"query-input\":{\"@type\":\"PropertyValueSpecification\",\"valueRequired\":true,\"valueName\":\"search_term_string\"}}],\"inLanguage\":\"es\"},{\"@type\":\"Person\",\"@id\":\"https:\\\/\\\/interamerica.org\\\/es\\\/#\\\/schema\\\/person\\\/29998f2bc2d8bd0d38662909289b54f1\",\"name\":\"libna\",\"image\":{\"@type\":\"ImageObject\",\"inLanguage\":\"es\",\"@id\":\"https:\\\/\\\/secure.gravatar.com\\\/avatar\\\/7c5bd30ae4b47a9ba3c856590957fd1d96dc588bf3ac05719d247e126840331f?s=96&d=mm&r=g\",\"url\":\"https:\\\/\\\/secure.gravatar.com\\\/avatar\\\/7c5bd30ae4b47a9ba3c856590957fd1d96dc588bf3ac05719d247e126840331f?s=96&d=mm&r=g\",\"contentUrl\":\"https:\\\/\\\/secure.gravatar.com\\\/avatar\\\/7c5bd30ae4b47a9ba3c856590957fd1d96dc588bf3ac05719d247e126840331f?s=96&d=mm&r=g\",\"caption\":\"libna\"}}]}<\/script>\n<!-- \/ Yoast SEO plugin. -->","yoast_head_json":{"title":"La predicaci\u00f3n del evangelio en tiempos de inteligencia artificial - Iglesia Adventista del S\u00e9ptimo D\u00eda - Divisi\u00f3n Interamericana","robots":{"index":"index","follow":"follow","max-snippet":"max-snippet:-1","max-image-preview":"max-image-preview:large","max-video-preview":"max-video-preview:-1"},"canonical":"https:\/\/interamerica.org\/es\/2023\/06\/la-predicacion-del-evangelio-en-tiempos-de-inteligencia-artificial\/","og_locale":"es_ES","og_type":"article","og_title":"La predicaci\u00f3n del evangelio en tiempos de inteligencia artificial - Iglesia Adventista del S\u00e9ptimo D\u00eda - Divisi\u00f3n Interamericana","og_description":"Eventos de comunicadores adventistas analiza c\u00f3mo hacer de la inteligencia artificial un aliado en la misi\u00f3n de la iglesia. 22 de junio de 2023 | Brasil | Felipe Lemos, Divisi\u00f3n...","og_url":"https:\/\/interamerica.org\/es\/2023\/06\/la-predicacion-del-evangelio-en-tiempos-de-inteligencia-artificial\/","og_site_name":"Iglesia Adventista del S\u00e9ptimo D\u00eda - Divisi\u00f3n Interamericana","article_published_time":"2023-06-22T13:22:34+00:00","article_modified_time":"2023-06-22T15:03:42+00:00","og_image":[{"width":2000,"height":1500,"url":"https:\/\/interamerica.org\/wp-content\/uploads\/2023\/06\/erick.jpeg","type":"image\/jpeg"}],"author":"libna","twitter_card":"summary_large_image","twitter_misc":{"Escrito por":"libna","Tiempo de lectura":"4 minutos"},"schema":{"@context":"https:\/\/schema.org","@graph":[{"@type":"Article","@id":"https:\/\/interamerica.org\/es\/2023\/06\/la-predicacion-del-evangelio-en-tiempos-de-inteligencia-artificial\/#article","isPartOf":{"@id":"https:\/\/interamerica.org\/es\/2023\/06\/la-predicacion-del-evangelio-en-tiempos-de-inteligencia-artificial\/"},"author":{"name":"libna","@id":"https:\/\/interamerica.org\/es\/#\/schema\/person\/29998f2bc2d8bd0d38662909289b54f1"},"headline":"La predicaci\u00f3n del evangelio en tiempos de inteligencia artificial","datePublished":"2023-06-22T13:22:34+00:00","dateModified":"2023-06-22T15:03:42+00:00","mainEntityOfPage":{"@id":"https:\/\/interamerica.org\/es\/2023\/06\/la-predicacion-del-evangelio-en-tiempos-de-inteligencia-artificial\/"},"wordCount":916,"image":{"@id":"https:\/\/interamerica.org\/es\/2023\/06\/la-predicacion-del-evangelio-en-tiempos-de-inteligencia-artificial\/#primaryimage"},"thumbnailUrl":"https:\/\/interamerica.org\/wp-content\/uploads\/2023\/06\/erick.jpeg","articleSection":["Desde la iglesia mundial","RSS Espa\u00f1ol"],"inLanguage":"es"},{"@type":"WebPage","@id":"https:\/\/interamerica.org\/es\/2023\/06\/la-predicacion-del-evangelio-en-tiempos-de-inteligencia-artificial\/","url":"https:\/\/interamerica.org\/es\/2023\/06\/la-predicacion-del-evangelio-en-tiempos-de-inteligencia-artificial\/","name":"La predicaci\u00f3n del evangelio en tiempos de inteligencia artificial - Iglesia Adventista del S\u00e9ptimo D\u00eda - Divisi\u00f3n Interamericana","isPartOf":{"@id":"https:\/\/interamerica.org\/es\/#website"},"primaryImageOfPage":{"@id":"https:\/\/interamerica.org\/es\/2023\/06\/la-predicacion-del-evangelio-en-tiempos-de-inteligencia-artificial\/#primaryimage"},"image":{"@id":"https:\/\/interamerica.org\/es\/2023\/06\/la-predicacion-del-evangelio-en-tiempos-de-inteligencia-artificial\/#primaryimage"},"thumbnailUrl":"https:\/\/interamerica.org\/wp-content\/uploads\/2023\/06\/erick.jpeg","datePublished":"2023-06-22T13:22:34+00:00","dateModified":"2023-06-22T15:03:42+00:00","author":{"@id":"https:\/\/interamerica.org\/es\/#\/schema\/person\/29998f2bc2d8bd0d38662909289b54f1"},"breadcrumb":{"@id":"https:\/\/interamerica.org\/es\/2023\/06\/la-predicacion-del-evangelio-en-tiempos-de-inteligencia-artificial\/#breadcrumb"},"inLanguage":"es","potentialAction":[{"@type":"ReadAction","target":["https:\/\/interamerica.org\/es\/2023\/06\/la-predicacion-del-evangelio-en-tiempos-de-inteligencia-artificial\/"]}]},{"@type":"ImageObject","inLanguage":"es","@id":"https:\/\/interamerica.org\/es\/2023\/06\/la-predicacion-del-evangelio-en-tiempos-de-inteligencia-artificial\/#primaryimage","url":"https:\/\/interamerica.org\/wp-content\/uploads\/2023\/06\/erick.jpeg","contentUrl":"https:\/\/interamerica.org\/wp-content\/uploads\/2023\/06\/erick.jpeg","width":2000,"height":1500,"caption":"Ways to make artificial intelligence systems in allies to fulfill the mission of the Adventist Church were discussed at the event. [Photo: South American Division News]"},{"@type":"BreadcrumbList","@id":"https:\/\/interamerica.org\/es\/2023\/06\/la-predicacion-del-evangelio-en-tiempos-de-inteligencia-artificial\/#breadcrumb","itemListElement":[{"@type":"ListItem","position":1,"name":"Home","item":"https:\/\/interamerica.org\/es\/"},{"@type":"ListItem","position":2,"name":"La predicaci\u00f3n del evangelio en tiempos de inteligencia artificial"}]},{"@type":"WebSite","@id":"https:\/\/interamerica.org\/es\/#website","url":"https:\/\/interamerica.org\/es\/","name":"Iglesia Adventista del S\u00e9ptimo D\u00eda - Divisi\u00f3n Interamericana","description":"","potentialAction":[{"@type":"SearchAction","target":{"@type":"EntryPoint","urlTemplate":"https:\/\/interamerica.org\/es\/?s={search_term_string}"},"query-input":{"@type":"PropertyValueSpecification","valueRequired":true,"valueName":"search_term_string"}}],"inLanguage":"es"},{"@type":"Person","@id":"https:\/\/interamerica.org\/es\/#\/schema\/person\/29998f2bc2d8bd0d38662909289b54f1","name":"libna","image":{"@type":"ImageObject","inLanguage":"es","@id":"https:\/\/secure.gravatar.com\/avatar\/7c5bd30ae4b47a9ba3c856590957fd1d96dc588bf3ac05719d247e126840331f?s=96&d=mm&r=g","url":"https:\/\/secure.gravatar.com\/avatar\/7c5bd30ae4b47a9ba3c856590957fd1d96dc588bf3ac05719d247e126840331f?s=96&d=mm&r=g","contentUrl":"https:\/\/secure.gravatar.com\/avatar\/7c5bd30ae4b47a9ba3c856590957fd1d96dc588bf3ac05719d247e126840331f?s=96&d=mm&r=g","caption":"libna"}}]}},"_links":{"self":[{"href":"https:\/\/interamerica.org\/es\/wp-json\/wp\/v2\/posts\/100415","targetHints":{"allow":["GET"]}}],"collection":[{"href":"https:\/\/interamerica.org\/es\/wp-json\/wp\/v2\/posts"}],"about":[{"href":"https:\/\/interamerica.org\/es\/wp-json\/wp\/v2\/types\/post"}],"author":[{"embeddable":true,"href":"https:\/\/interamerica.org\/es\/wp-json\/wp\/v2\/users\/3"}],"replies":[{"embeddable":true,"href":"https:\/\/interamerica.org\/es\/wp-json\/wp\/v2\/comments?post=100415"}],"version-history":[{"count":0,"href":"https:\/\/interamerica.org\/es\/wp-json\/wp\/v2\/posts\/100415\/revisions"}],"wp:featuredmedia":[{"embeddable":true,"href":"https:\/\/interamerica.org\/es\/wp-json\/wp\/v2\/media\/100412"}],"wp:attachment":[{"href":"https:\/\/interamerica.org\/es\/wp-json\/wp\/v2\/media?parent=100415"}],"wp:term":[{"taxonomy":"category","embeddable":true,"href":"https:\/\/interamerica.org\/es\/wp-json\/wp\/v2\/categories?post=100415"},{"taxonomy":"post_tag","embeddable":true,"href":"https:\/\/interamerica.org\/es\/wp-json\/wp\/v2\/tags?post=100415"}],"curies":[{"name":"wp","href":"https:\/\/api.w.org\/{rel}","templated":true}]}}