{"id":100488,"date":"2023-06-23T18:07:34","date_gmt":"2023-06-23T22:07:34","guid":{"rendered":"https:\/\/interamerica.org\/?p=100488"},"modified":"2023-06-23T19:51:28","modified_gmt":"2023-06-23T23:51:28","slug":"adra-colombia-distribuye-canastos-de-comida-a-comunidades-indigenas","status":"publish","type":"post","link":"https:\/\/interamerica.org\/es\/2023\/06\/adra-colombia-distribuye-canastos-de-comida-a-comunidades-indigenas\/","title":{"rendered":"ADRA Colombia distribuye canastos de comida a comunidades ind\u00edgenas"},"content":{"rendered":"<p>23 de enero de 2023 | Medell\u00edn, Colombia | Daniela Arrieta y Noticias de la Divisi\u00f3n Interamericana<\/p>\n<p>Decenas de familias ind\u00edgenas en la regi\u00f3n monta\u00f1osa sur de Los Llanos en el sur de Colombia recibieron canastos de alimentos gracias a la obra de evangelizaci\u00f3n de los l\u00edderes de la Iglesia Adventista y la Agencia Adventista de Desarrollo y Recursos Asistenciales (ADRA) Colombia.<\/p>\n<p>\u201cAl haber estado visitando esas comunidades ind\u00edgenas y pasando tiempo con ellas, hemos podido identificar algunos desaf\u00edos que enfrentan y la necesidad que tienen de alimentos para alimentar a sus familias\u201d, dijo el pastor Christian Soto, pastor asociado del distrito Puerto L\u00f3pez. Soto, que ha estado visitando peri\u00f3dicamente las comunidades de Awaliba y Guacoyo, dijo que muchas familias est\u00e1n sumamente necesitadas de alimentos, en especial las que son madres solas y sus hijos.<\/p>\n<p><div id=\"attachment_100481\" style=\"width: 882px\" class=\"wp-caption aligncenter\"><img fetchpriority=\"high\" decoding=\"async\" aria-describedby=\"caption-attachment-100481\" class=\" wp-image-100479\" src=\"https:\/\/interamerica.org\/wp-content\/uploads\/2023\/06\/adra-colombia-indigenous-food.jpg\" alt=\"\" width=\"872\" height=\"654\" srcset=\"https:\/\/interamerica.org\/wp-content\/uploads\/2023\/06\/adra-colombia-indigenous-food.jpg 1000w, https:\/\/interamerica.org\/wp-content\/uploads\/2023\/06\/adra-colombia-indigenous-food-300x225.jpg 300w, https:\/\/interamerica.org\/wp-content\/uploads\/2023\/06\/adra-colombia-indigenous-food-768x576.jpg 768w\" sizes=\"(max-width: 872px) 100vw, 872px\" \/><p id=\"caption-attachment-100481\" class=\"wp-caption-text\">Decenas de familias ind\u00edgenas en Los Llanos en el sur de Colombia recibieron alimentos y juegos de art\u00edculos higi\u00e9nicos durante un proyecto especial para ayudar a los m\u00e1s necesitados en dos de las 21 comunidades de la regi\u00f3n. Gracias a los esfuerzos de evangelizaci\u00f3n de los pastores locales en la regi\u00f3n, pudieron identificar sus necesidades m\u00e1s apremiantes y contactarse con los l\u00edderes de ADRA Colombia para ayuda. [Fotograf\u00eda: ADRA Colombia]<\/p><\/div>La mayor\u00eda de las comunidades ind\u00edgenas dependen tan solo de la agricultura y de vender sus productos entre ellos, porque es dif\u00edcil hallar oportunidades fuera de la comunidad, explic\u00f3 Soto. \u201cSu principal fuente de alimentos es la yuca, de la que fabrican otros productos, pero sus ingresos apenas alcanzan para cubrir sus necesidades diarias\u201d, a\u00f1adi\u00f3.<\/p>\n<p>Los l\u00edderes de la iglesia han estado llevando a cabo una obra de evangelizaci\u00f3n all\u00ed, y aunque las comunidades ind\u00edgenas reciben alguna asistencia del gobierno, las distancias y la falta de recursos hacen m\u00e1s dif\u00edcil que los alimentos lleguen a las zonas m\u00e1s remotas, explic\u00f3 Carol Rojas, tesorera de la Asociaci\u00f3n de los Llanos Orientales. Rojas dijo que la asociaci\u00f3n ha estado apoyando la obra de evangelizaci\u00f3n en la regi\u00f3n durante meses. \u201cADRA Colombia se dedic\u00f3 a llenar ese vac\u00edo y ofrecer apoyo a estas comunidades, en su lucha por garantizar que tengan alimentos\u201d, dijo Rojas.<\/p>\n<p>ADRA Colombia ha logrado distribuir canastos de alimentos con arroz, harina, az\u00facar y otros alimentos esenciales a 130 familias, dijo Elva G\u00f3mez, directora de comunicaci\u00f3n de ADRA Colombia. \u201cLas familias recibieron juegos de art\u00edculos higi\u00e9nicos que incluyeron jab\u00f3n para la ropa, jab\u00f3n de tocador, cepillos, cremas y papel higi\u00e9nico\u201d, dijo G\u00f3mez.<\/p>\n<p><div id=\"attachment_100472\" style=\"width: 889px\" class=\"wp-caption aligncenter\"><img decoding=\"async\" aria-describedby=\"caption-attachment-100472\" class=\" wp-image-100470\" src=\"https:\/\/interamerica.org\/wp-content\/uploads\/2023\/06\/adra-colombia-losllanos-indigenous1.jpg\" alt=\"\" width=\"879\" height=\"659\" srcset=\"https:\/\/interamerica.org\/wp-content\/uploads\/2023\/06\/adra-colombia-losllanos-indigenous1.jpg 1024w, https:\/\/interamerica.org\/wp-content\/uploads\/2023\/06\/adra-colombia-losllanos-indigenous1-300x225.jpg 300w, https:\/\/interamerica.org\/wp-content\/uploads\/2023\/06\/adra-colombia-losllanos-indigenous1-768x576.jpg 768w\" sizes=\"(max-width: 879px) 100vw, 879px\" \/><p id=\"caption-attachment-100472\" class=\"wp-caption-text\">Un padre recibe bolsas de alimentos para su familia durante la reciente distribuci\u00f3n en las comunidades de Awaliba y Guacoyo. [Fotograf\u00eda: ADRA Colombia]<\/p><\/div>\u201cLas comunidades se sintieron muy felices de recibir asistencia, y lograron ser parte de una celebraci\u00f3n espiritual especial durante el tiempo en que se inauguraron dos iglesias all\u00ed\u201d, dijo el pastor Soto.<\/p>\n<p>La iglesia y ADRA Colombia han podido asistir a 21 comunidades del grupo \u00e9tnico Ikuani, como lo es la comunidad de Piapoco. Muchos de la comunidad de Piapoco han aceptado el mensaje adventista, dijo Soto. Hasta el momento, se han construido catorce iglesias en esas comunidades, y unas pocas m\u00e1s est\u00e1n en proceso de construir sus iglesias, explic\u00f3 Soto.<\/p>\n<p>\u201cEstas comunidades ind\u00edgenas no solo han sido asistidas con sus necesidades inmediatas sino tambi\u00e9n que su sentido de comunidad y apoyo mutuo se ha visto fortalecido\u201d, a\u00f1adi\u00f3 Soto.<\/p>\n<p><div id=\"attachment_100475\" style=\"width: 873px\" class=\"wp-caption aligncenter\"><img decoding=\"async\" aria-describedby=\"caption-attachment-100475\" class=\" wp-image-100473\" src=\"https:\/\/interamerica.org\/wp-content\/uploads\/2023\/06\/adra-colombia-indigenous-food2.jpg\" alt=\"\" width=\"863\" height=\"647\" srcset=\"https:\/\/interamerica.org\/wp-content\/uploads\/2023\/06\/adra-colombia-indigenous-food2.jpg 1000w, https:\/\/interamerica.org\/wp-content\/uploads\/2023\/06\/adra-colombia-indigenous-food2-300x225.jpg 300w, https:\/\/interamerica.org\/wp-content\/uploads\/2023\/06\/adra-colombia-indigenous-food2-768x576.jpg 768w\" sizes=\"(max-width: 863px) 100vw, 863px\" \/><p id=\"caption-attachment-100475\" class=\"wp-caption-text\">La mayor\u00eda de las familias ind\u00edgenas de la regi\u00f3n no tienen suficientes ingresos de sus granjas de yuca para ganarse la vida. [Fotograf\u00eda: ADRA Colombia]<\/p><\/div>Francisco Ramos, que es pastor de la iglesia adventista Millares de \u00c1ngeles, dijo: \u201cNos sentimos muy agradecidos y esperanzados de continuar con la poblaci\u00f3n y aferr\u00e1ndonos de la mano de Dios, para que \u00e9l pueda seguir fortaleci\u00e9ndonos y haciendo nuestra obra con estas comunidades\u201d.<\/p>\n<p>Los l\u00edderes de la iglesia continuar\u00e1n trabajando para ministrar y compartir el evangelio con las comunidades, pero a\u00fan est\u00e1n enfrentando algunos desaf\u00edos con la lengua, dijo Soto. \u201cCada grupo \u00e9tnico tiene su propio lenguaje, por lo que los l\u00edderes de la comunidad juegan un papel fundamental en la traducci\u00f3n de los mensajes, en especial para las mujeres y los ni\u00f1os, que tienen menos conocimiento de la lengua espa\u00f1ola\u201d, dijo.<\/p>\n<p>\u201cEl plan es contar con m\u00e1s traducciones en otras lenguas, para que ellos puedan entender el mensaje de Jes\u00fas en su lengua nativa\u201d, dijo Soto.<\/p>\n<p><div id=\"attachment_100478\" style=\"width: 869px\" class=\"wp-caption aligncenter\"><img loading=\"lazy\" decoding=\"async\" aria-describedby=\"caption-attachment-100478\" class=\" wp-image-100476\" src=\"https:\/\/interamerica.org\/wp-content\/uploads\/2023\/06\/adra-colombia-indigenous-food3.jpg\" alt=\"\" width=\"859\" height=\"644\" srcset=\"https:\/\/interamerica.org\/wp-content\/uploads\/2023\/06\/adra-colombia-indigenous-food3.jpg 1024w, https:\/\/interamerica.org\/wp-content\/uploads\/2023\/06\/adra-colombia-indigenous-food3-300x225.jpg 300w, https:\/\/interamerica.org\/wp-content\/uploads\/2023\/06\/adra-colombia-indigenous-food3-768x576.jpg 768w\" sizes=\"(max-width: 859px) 100vw, 859px\" \/><p id=\"caption-attachment-100478\" class=\"wp-caption-text\">Muchas madres solas recibieron atenci\u00f3n especial durante la distribuci\u00f3n de alimentos y juegos de art\u00edculos higienistas. [Fotograf\u00eda: ADRA Colombia]<\/p><\/div>La Iglesia Adventista y ADRA Colombia continuar\u00e1n incrementando la obra para expandir el mensaje de amor y esperanza a m\u00e1s personas de las comunidades ind\u00edgenas, dijo Soto. \u201cQueremos continuar para superar algunas barreras culturales y ling\u00fc\u00edsticas, para as\u00ed tener un impacto duradero en la vida de aquellos donde se encuentran las mayores necesidades\u201d, dijo el pastor Soto.<\/p>\n<p>Traducci\u00f3n de Marcos Paseggi<\/p>\n","protected":false},"excerpt":{"rendered":"<p>23 de enero de 2023 | Medell\u00edn, Colombia | Daniela Arrieta y Noticias de la Divisi\u00f3n Interamericana Decenas de familias ind\u00edgenas en la regi\u00f3n monta\u00f1osa sur de Los Llanos en&#8230;<\/p>\n","protected":false},"author":3,"featured_media":100481,"comment_status":"closed","ping_status":"closed","sticky":false,"template":"","format":"standard","meta":{"_acf_changed":false,"footnotes":""},"categories":[17,15],"tags":[],"class_list":["post-100488","post","type-post","status-publish","format-standard","has-post-thumbnail","hentry","category-desde-el-campo","category-rss-espanol"],"acf":[],"yoast_head":"<!-- This site is optimized with the Yoast SEO plugin v27.3 - https:\/\/yoast.com\/product\/yoast-seo-wordpress\/ -->\n<title>ADRA Colombia distribuye canastos de comida a comunidades ind\u00edgenas - Iglesia Adventista del S\u00e9ptimo D\u00eda - Divisi\u00f3n Interamericana<\/title>\n<meta name=\"robots\" content=\"index, follow, max-snippet:-1, max-image-preview:large, max-video-preview:-1\" \/>\n<link rel=\"canonical\" href=\"https:\/\/interamerica.org\/es\/2023\/06\/adra-colombia-distribuye-canastos-de-comida-a-comunidades-indigenas\/\" \/>\n<meta property=\"og:locale\" content=\"es_ES\" \/>\n<meta property=\"og:type\" content=\"article\" \/>\n<meta property=\"og:title\" content=\"ADRA Colombia distribuye canastos de comida a comunidades ind\u00edgenas - Iglesia Adventista del S\u00e9ptimo D\u00eda - Divisi\u00f3n Interamericana\" \/>\n<meta property=\"og:description\" content=\"23 de enero de 2023 | Medell\u00edn, Colombia | Daniela Arrieta y Noticias de la Divisi\u00f3n Interamericana Decenas de familias ind\u00edgenas en la regi\u00f3n monta\u00f1osa sur de Los Llanos en...\" \/>\n<meta property=\"og:url\" content=\"https:\/\/interamerica.org\/es\/2023\/06\/adra-colombia-distribuye-canastos-de-comida-a-comunidades-indigenas\/\" \/>\n<meta property=\"og:site_name\" content=\"Iglesia Adventista del S\u00e9ptimo D\u00eda - Divisi\u00f3n Interamericana\" \/>\n<meta property=\"article:published_time\" content=\"2023-06-23T22:07:34+00:00\" \/>\n<meta property=\"article:modified_time\" content=\"2023-06-23T23:51:28+00:00\" \/>\n<meta property=\"og:image\" content=\"https:\/\/interamerica.org\/wp-content\/uploads\/2023\/06\/adra-colombia-indigenous-food.jpg\" \/>\n\t<meta property=\"og:image:width\" content=\"1000\" \/>\n\t<meta property=\"og:image:height\" content=\"750\" \/>\n\t<meta property=\"og:image:type\" content=\"image\/jpeg\" \/>\n<meta name=\"author\" content=\"libna\" \/>\n<meta name=\"twitter:card\" content=\"summary_large_image\" \/>\n<meta name=\"twitter:label1\" content=\"Escrito por\" \/>\n\t<meta name=\"twitter:data1\" content=\"libna\" \/>\n\t<meta name=\"twitter:label2\" content=\"Tiempo de lectura\" \/>\n\t<meta name=\"twitter:data2\" content=\"5 minutos\" \/>\n<script type=\"application\/ld+json\" class=\"yoast-schema-graph\">{\"@context\":\"https:\\\/\\\/schema.org\",\"@graph\":[{\"@type\":\"Article\",\"@id\":\"https:\\\/\\\/interamerica.org\\\/es\\\/2023\\\/06\\\/adra-colombia-distribuye-canastos-de-comida-a-comunidades-indigenas\\\/#article\",\"isPartOf\":{\"@id\":\"https:\\\/\\\/interamerica.org\\\/es\\\/2023\\\/06\\\/adra-colombia-distribuye-canastos-de-comida-a-comunidades-indigenas\\\/\"},\"author\":{\"name\":\"libna\",\"@id\":\"https:\\\/\\\/interamerica.org\\\/es\\\/#\\\/schema\\\/person\\\/29998f2bc2d8bd0d38662909289b54f1\"},\"headline\":\"ADRA Colombia distribuye canastos de comida a comunidades ind\u00edgenas\",\"datePublished\":\"2023-06-23T22:07:34+00:00\",\"dateModified\":\"2023-06-23T23:51:28+00:00\",\"mainEntityOfPage\":{\"@id\":\"https:\\\/\\\/interamerica.org\\\/es\\\/2023\\\/06\\\/adra-colombia-distribuye-canastos-de-comida-a-comunidades-indigenas\\\/\"},\"wordCount\":904,\"image\":{\"@id\":\"https:\\\/\\\/interamerica.org\\\/es\\\/2023\\\/06\\\/adra-colombia-distribuye-canastos-de-comida-a-comunidades-indigenas\\\/#primaryimage\"},\"thumbnailUrl\":\"https:\\\/\\\/interamerica.org\\\/wp-content\\\/uploads\\\/2023\\\/06\\\/adra-colombia-indigenous-food.jpg\",\"articleSection\":[\"Desde el campo\",\"RSS Espa\u00f1ol\"],\"inLanguage\":\"es\"},{\"@type\":\"WebPage\",\"@id\":\"https:\\\/\\\/interamerica.org\\\/es\\\/2023\\\/06\\\/adra-colombia-distribuye-canastos-de-comida-a-comunidades-indigenas\\\/\",\"url\":\"https:\\\/\\\/interamerica.org\\\/es\\\/2023\\\/06\\\/adra-colombia-distribuye-canastos-de-comida-a-comunidades-indigenas\\\/\",\"name\":\"ADRA Colombia distribuye canastos de comida a comunidades ind\u00edgenas - Iglesia Adventista del S\u00e9ptimo D\u00eda - Divisi\u00f3n Interamericana\",\"isPartOf\":{\"@id\":\"https:\\\/\\\/interamerica.org\\\/es\\\/#website\"},\"primaryImageOfPage\":{\"@id\":\"https:\\\/\\\/interamerica.org\\\/es\\\/2023\\\/06\\\/adra-colombia-distribuye-canastos-de-comida-a-comunidades-indigenas\\\/#primaryimage\"},\"image\":{\"@id\":\"https:\\\/\\\/interamerica.org\\\/es\\\/2023\\\/06\\\/adra-colombia-distribuye-canastos-de-comida-a-comunidades-indigenas\\\/#primaryimage\"},\"thumbnailUrl\":\"https:\\\/\\\/interamerica.org\\\/wp-content\\\/uploads\\\/2023\\\/06\\\/adra-colombia-indigenous-food.jpg\",\"datePublished\":\"2023-06-23T22:07:34+00:00\",\"dateModified\":\"2023-06-23T23:51:28+00:00\",\"author\":{\"@id\":\"https:\\\/\\\/interamerica.org\\\/es\\\/#\\\/schema\\\/person\\\/29998f2bc2d8bd0d38662909289b54f1\"},\"breadcrumb\":{\"@id\":\"https:\\\/\\\/interamerica.org\\\/es\\\/2023\\\/06\\\/adra-colombia-distribuye-canastos-de-comida-a-comunidades-indigenas\\\/#breadcrumb\"},\"inLanguage\":\"es\",\"potentialAction\":[{\"@type\":\"ReadAction\",\"target\":[\"https:\\\/\\\/interamerica.org\\\/es\\\/2023\\\/06\\\/adra-colombia-distribuye-canastos-de-comida-a-comunidades-indigenas\\\/\"]}]},{\"@type\":\"ImageObject\",\"inLanguage\":\"es\",\"@id\":\"https:\\\/\\\/interamerica.org\\\/es\\\/2023\\\/06\\\/adra-colombia-distribuye-canastos-de-comida-a-comunidades-indigenas\\\/#primaryimage\",\"url\":\"https:\\\/\\\/interamerica.org\\\/wp-content\\\/uploads\\\/2023\\\/06\\\/adra-colombia-indigenous-food.jpg\",\"contentUrl\":\"https:\\\/\\\/interamerica.org\\\/wp-content\\\/uploads\\\/2023\\\/06\\\/adra-colombia-indigenous-food.jpg\",\"width\":1000,\"height\":750,\"caption\":\"[Photo: ADRA Colombia]\"},{\"@type\":\"BreadcrumbList\",\"@id\":\"https:\\\/\\\/interamerica.org\\\/es\\\/2023\\\/06\\\/adra-colombia-distribuye-canastos-de-comida-a-comunidades-indigenas\\\/#breadcrumb\",\"itemListElement\":[{\"@type\":\"ListItem\",\"position\":1,\"name\":\"Home\",\"item\":\"https:\\\/\\\/interamerica.org\\\/es\\\/\"},{\"@type\":\"ListItem\",\"position\":2,\"name\":\"ADRA Colombia distribuye canastos de comida a comunidades ind\u00edgenas\"}]},{\"@type\":\"WebSite\",\"@id\":\"https:\\\/\\\/interamerica.org\\\/es\\\/#website\",\"url\":\"https:\\\/\\\/interamerica.org\\\/es\\\/\",\"name\":\"Iglesia Adventista del S\u00e9ptimo D\u00eda - Divisi\u00f3n Interamericana\",\"description\":\"\",\"potentialAction\":[{\"@type\":\"SearchAction\",\"target\":{\"@type\":\"EntryPoint\",\"urlTemplate\":\"https:\\\/\\\/interamerica.org\\\/es\\\/?s={search_term_string}\"},\"query-input\":{\"@type\":\"PropertyValueSpecification\",\"valueRequired\":true,\"valueName\":\"search_term_string\"}}],\"inLanguage\":\"es\"},{\"@type\":\"Person\",\"@id\":\"https:\\\/\\\/interamerica.org\\\/es\\\/#\\\/schema\\\/person\\\/29998f2bc2d8bd0d38662909289b54f1\",\"name\":\"libna\",\"image\":{\"@type\":\"ImageObject\",\"inLanguage\":\"es\",\"@id\":\"https:\\\/\\\/secure.gravatar.com\\\/avatar\\\/7c5bd30ae4b47a9ba3c856590957fd1d96dc588bf3ac05719d247e126840331f?s=96&d=mm&r=g\",\"url\":\"https:\\\/\\\/secure.gravatar.com\\\/avatar\\\/7c5bd30ae4b47a9ba3c856590957fd1d96dc588bf3ac05719d247e126840331f?s=96&d=mm&r=g\",\"contentUrl\":\"https:\\\/\\\/secure.gravatar.com\\\/avatar\\\/7c5bd30ae4b47a9ba3c856590957fd1d96dc588bf3ac05719d247e126840331f?s=96&d=mm&r=g\",\"caption\":\"libna\"}}]}<\/script>\n<!-- \/ Yoast SEO plugin. -->","yoast_head_json":{"title":"ADRA Colombia distribuye canastos de comida a comunidades ind\u00edgenas - Iglesia Adventista del S\u00e9ptimo D\u00eda - Divisi\u00f3n Interamericana","robots":{"index":"index","follow":"follow","max-snippet":"max-snippet:-1","max-image-preview":"max-image-preview:large","max-video-preview":"max-video-preview:-1"},"canonical":"https:\/\/interamerica.org\/es\/2023\/06\/adra-colombia-distribuye-canastos-de-comida-a-comunidades-indigenas\/","og_locale":"es_ES","og_type":"article","og_title":"ADRA Colombia distribuye canastos de comida a comunidades ind\u00edgenas - Iglesia Adventista del S\u00e9ptimo D\u00eda - Divisi\u00f3n Interamericana","og_description":"23 de enero de 2023 | Medell\u00edn, Colombia | Daniela Arrieta y Noticias de la Divisi\u00f3n Interamericana Decenas de familias ind\u00edgenas en la regi\u00f3n monta\u00f1osa sur de Los Llanos en...","og_url":"https:\/\/interamerica.org\/es\/2023\/06\/adra-colombia-distribuye-canastos-de-comida-a-comunidades-indigenas\/","og_site_name":"Iglesia Adventista del S\u00e9ptimo D\u00eda - Divisi\u00f3n Interamericana","article_published_time":"2023-06-23T22:07:34+00:00","article_modified_time":"2023-06-23T23:51:28+00:00","og_image":[{"width":1000,"height":750,"url":"https:\/\/interamerica.org\/wp-content\/uploads\/2023\/06\/adra-colombia-indigenous-food.jpg","type":"image\/jpeg"}],"author":"libna","twitter_card":"summary_large_image","twitter_misc":{"Escrito por":"libna","Tiempo de lectura":"5 minutos"},"schema":{"@context":"https:\/\/schema.org","@graph":[{"@type":"Article","@id":"https:\/\/interamerica.org\/es\/2023\/06\/adra-colombia-distribuye-canastos-de-comida-a-comunidades-indigenas\/#article","isPartOf":{"@id":"https:\/\/interamerica.org\/es\/2023\/06\/adra-colombia-distribuye-canastos-de-comida-a-comunidades-indigenas\/"},"author":{"name":"libna","@id":"https:\/\/interamerica.org\/es\/#\/schema\/person\/29998f2bc2d8bd0d38662909289b54f1"},"headline":"ADRA Colombia distribuye canastos de comida a comunidades ind\u00edgenas","datePublished":"2023-06-23T22:07:34+00:00","dateModified":"2023-06-23T23:51:28+00:00","mainEntityOfPage":{"@id":"https:\/\/interamerica.org\/es\/2023\/06\/adra-colombia-distribuye-canastos-de-comida-a-comunidades-indigenas\/"},"wordCount":904,"image":{"@id":"https:\/\/interamerica.org\/es\/2023\/06\/adra-colombia-distribuye-canastos-de-comida-a-comunidades-indigenas\/#primaryimage"},"thumbnailUrl":"https:\/\/interamerica.org\/wp-content\/uploads\/2023\/06\/adra-colombia-indigenous-food.jpg","articleSection":["Desde el campo","RSS Espa\u00f1ol"],"inLanguage":"es"},{"@type":"WebPage","@id":"https:\/\/interamerica.org\/es\/2023\/06\/adra-colombia-distribuye-canastos-de-comida-a-comunidades-indigenas\/","url":"https:\/\/interamerica.org\/es\/2023\/06\/adra-colombia-distribuye-canastos-de-comida-a-comunidades-indigenas\/","name":"ADRA Colombia distribuye canastos de comida a comunidades ind\u00edgenas - Iglesia Adventista del S\u00e9ptimo D\u00eda - Divisi\u00f3n Interamericana","isPartOf":{"@id":"https:\/\/interamerica.org\/es\/#website"},"primaryImageOfPage":{"@id":"https:\/\/interamerica.org\/es\/2023\/06\/adra-colombia-distribuye-canastos-de-comida-a-comunidades-indigenas\/#primaryimage"},"image":{"@id":"https:\/\/interamerica.org\/es\/2023\/06\/adra-colombia-distribuye-canastos-de-comida-a-comunidades-indigenas\/#primaryimage"},"thumbnailUrl":"https:\/\/interamerica.org\/wp-content\/uploads\/2023\/06\/adra-colombia-indigenous-food.jpg","datePublished":"2023-06-23T22:07:34+00:00","dateModified":"2023-06-23T23:51:28+00:00","author":{"@id":"https:\/\/interamerica.org\/es\/#\/schema\/person\/29998f2bc2d8bd0d38662909289b54f1"},"breadcrumb":{"@id":"https:\/\/interamerica.org\/es\/2023\/06\/adra-colombia-distribuye-canastos-de-comida-a-comunidades-indigenas\/#breadcrumb"},"inLanguage":"es","potentialAction":[{"@type":"ReadAction","target":["https:\/\/interamerica.org\/es\/2023\/06\/adra-colombia-distribuye-canastos-de-comida-a-comunidades-indigenas\/"]}]},{"@type":"ImageObject","inLanguage":"es","@id":"https:\/\/interamerica.org\/es\/2023\/06\/adra-colombia-distribuye-canastos-de-comida-a-comunidades-indigenas\/#primaryimage","url":"https:\/\/interamerica.org\/wp-content\/uploads\/2023\/06\/adra-colombia-indigenous-food.jpg","contentUrl":"https:\/\/interamerica.org\/wp-content\/uploads\/2023\/06\/adra-colombia-indigenous-food.jpg","width":1000,"height":750,"caption":"[Photo: ADRA Colombia]"},{"@type":"BreadcrumbList","@id":"https:\/\/interamerica.org\/es\/2023\/06\/adra-colombia-distribuye-canastos-de-comida-a-comunidades-indigenas\/#breadcrumb","itemListElement":[{"@type":"ListItem","position":1,"name":"Home","item":"https:\/\/interamerica.org\/es\/"},{"@type":"ListItem","position":2,"name":"ADRA Colombia distribuye canastos de comida a comunidades ind\u00edgenas"}]},{"@type":"WebSite","@id":"https:\/\/interamerica.org\/es\/#website","url":"https:\/\/interamerica.org\/es\/","name":"Iglesia Adventista del S\u00e9ptimo D\u00eda - Divisi\u00f3n Interamericana","description":"","potentialAction":[{"@type":"SearchAction","target":{"@type":"EntryPoint","urlTemplate":"https:\/\/interamerica.org\/es\/?s={search_term_string}"},"query-input":{"@type":"PropertyValueSpecification","valueRequired":true,"valueName":"search_term_string"}}],"inLanguage":"es"},{"@type":"Person","@id":"https:\/\/interamerica.org\/es\/#\/schema\/person\/29998f2bc2d8bd0d38662909289b54f1","name":"libna","image":{"@type":"ImageObject","inLanguage":"es","@id":"https:\/\/secure.gravatar.com\/avatar\/7c5bd30ae4b47a9ba3c856590957fd1d96dc588bf3ac05719d247e126840331f?s=96&d=mm&r=g","url":"https:\/\/secure.gravatar.com\/avatar\/7c5bd30ae4b47a9ba3c856590957fd1d96dc588bf3ac05719d247e126840331f?s=96&d=mm&r=g","contentUrl":"https:\/\/secure.gravatar.com\/avatar\/7c5bd30ae4b47a9ba3c856590957fd1d96dc588bf3ac05719d247e126840331f?s=96&d=mm&r=g","caption":"libna"}}]}},"_links":{"self":[{"href":"https:\/\/interamerica.org\/es\/wp-json\/wp\/v2\/posts\/100488","targetHints":{"allow":["GET"]}}],"collection":[{"href":"https:\/\/interamerica.org\/es\/wp-json\/wp\/v2\/posts"}],"about":[{"href":"https:\/\/interamerica.org\/es\/wp-json\/wp\/v2\/types\/post"}],"author":[{"embeddable":true,"href":"https:\/\/interamerica.org\/es\/wp-json\/wp\/v2\/users\/3"}],"replies":[{"embeddable":true,"href":"https:\/\/interamerica.org\/es\/wp-json\/wp\/v2\/comments?post=100488"}],"version-history":[{"count":0,"href":"https:\/\/interamerica.org\/es\/wp-json\/wp\/v2\/posts\/100488\/revisions"}],"wp:featuredmedia":[{"embeddable":true,"href":"https:\/\/interamerica.org\/es\/wp-json\/wp\/v2\/media\/100481"}],"wp:attachment":[{"href":"https:\/\/interamerica.org\/es\/wp-json\/wp\/v2\/media?parent=100488"}],"wp:term":[{"taxonomy":"category","embeddable":true,"href":"https:\/\/interamerica.org\/es\/wp-json\/wp\/v2\/categories?post=100488"},{"taxonomy":"post_tag","embeddable":true,"href":"https:\/\/interamerica.org\/es\/wp-json\/wp\/v2\/tags?post=100488"}],"curies":[{"name":"wp","href":"https:\/\/api.w.org\/{rel}","templated":true}]}}