{"id":100544,"date":"2023-07-02T21:06:37","date_gmt":"2023-07-03T01:06:37","guid":{"rendered":"https:\/\/interamerica.org\/?p=100544"},"modified":"2023-07-03T16:28:48","modified_gmt":"2023-07-03T20:28:48","slug":"corte-suprema-de-los-estados-unidos-emite-fallo-historico-que-fortalece-las-protecciones-religiosas-de-los-trabajadores","status":"publish","type":"post","link":"https:\/\/interamerica.org\/es\/2023\/07\/corte-suprema-de-los-estados-unidos-emite-fallo-historico-que-fortalece-las-protecciones-religiosas-de-los-trabajadores\/","title":{"rendered":"Corte Suprema de los Estados Unidos emite fallo hist\u00f3rico que fortalece las protecciones religiosas de los trabajadores"},"content":{"rendered":"<h4>Decisi\u00f3n en Groff vs. DeJoy impactar\u00e1 la libertad religiosa en el lugar de trabajo para muchos de los Estados Unidos.<\/h4>\n<p>2 de julio de 2023 | Washington D.C., Estados Unidos | Bill Knott, enlace de la Iglesia Adventista del S\u00e9ptimo D\u00eda con el Congreso de los Estados Unidos<\/p>\n<p>En una decisi\u00f3n un\u00e1nime dada a conocer el jueves 29 de junio, la Corte Suprema de los Estados Unidos ha descartado precedentes de d\u00e9cadas al fortalecer las protecciones legales de los trabajadores cuyas creencias religiosas est\u00e1n en conflicto con sus obligaciones laborales. Se espera que el fallo en Groff vs. DeJoy tenga un impacto significativo en las oportunidades laborales de los estadounidenses de diversas religiones, que ha menudo han enfrentado desaf\u00edos para guardar sus d\u00edas de reposo. El fallo de la Corte moldear\u00e1 la manera que tienen las empresas de hacer arreglos por motivos religiosos, seg\u00fan el T\u00edtulo VII de la Ley de Derechos Civiles de 1964.<\/p>\n<p>El caso se centr\u00f3 en Gerald Groff, un cristiano devoto cuya fe lo lleva a guardar el domingo como d\u00eda de reposo. Groff trabajaba para el Servicio Postal de los Estados Unidos (USPS) pero enfrent\u00f3 dificultades para que su empleador le diera los domingos libres. Aunque al comienzo le daban los domingos libres, los pedidos repetidos de Groff para tener una libertad continua y no trabajar en su d\u00eda de descanso y adoraci\u00f3n fueron en \u00faltimo t\u00e9rmino negados cuando el USPS firm\u00f3 contratos con Amazon, la masiva compa\u00f1\u00eda de distribuci\u00f3n de productos, para entregar paquetes los domingos.<\/p>\n<p>A pesar de los repetidos pedidos de Groff de ser exceptuado de trabajar los domingos, el USPS neg\u00f3 sus pedidos, citando el precedente de Trans World Airlines, Inc. vs. Hardison (1977) que solo requer\u00eda que los empleadores sufrieran dificultades m\u00ednimas. Este bajo umbral, al que se denomina \u201cest\u00e1ndar m\u00ednimo\u201d, se us\u00f3 a menudo para justificar la negativa de arreglos por motivo religioso.<\/p>\n<p>La opini\u00f3n de la Corte, escrita por el Juez Samuel Alito, se refiri\u00f3 espec\u00edficamente al est\u00e1ndar de minimus e insisti\u00f3 en una lectura mucho m\u00e1s sustancial de \u201cdificultades indebidas\u201d. Alito escribi\u00f3: \u201cCreemos que es suficiente decir que un empleador es el responsable de demostrar que los arreglos resultar\u00edan en mayores y sustanciales costos en relaci\u00f3n con la conducta de su empresa particular\u201d.<\/p>\n<p>El equipo legal que represent\u00f3 a Groff incluy\u00f3 el abogado adventista Alan Reinach, quien es director de Asuntos P\u00fablicos y Libertad Religiosa de la Uni\u00f3n Asociaci\u00f3n del Pac\u00edfico de los Adventistas del S\u00e9ptimo D\u00eda. Durante el proceso de apelaci\u00f3n, First Liberty, un grupo de defensa de la libertad religiosa, se sum\u00f3 al equipo de litigaci\u00f3n y reclut\u00f3 al abogado de apelaciones Aaron Streett del bufete de abogados Baker Botts, LLP. El caso fue presentado ante la corte el 18 de abril de 2023.<\/p>\n<p>Al hablar por la Asociaci\u00f3n General de los Adventistas del S\u00e9ptimo D\u00eda y su Divisi\u00f3n Norteamericana, Todd McFarland, subasesor legal general, quien tambi\u00e9n escribi\u00f3 el amicus curiae presentado por la iglesia, dijo: \u201cNos agrada mucho que esta ma\u00f1ana la Corte Suprema dio un paso importante para proteger a las personas de fe en el lugar de trabajo. Nadie deber\u00eda tener que escoger entre su trabajo y su fe. La decisi\u00f3n de hoy reafirma que los empleadores no pueden usar la creencia religiosa de un empleado como una excusa para despedirlo\u201d.<\/p>\n<p>Un grupo diverso de organizaciones de \u00edndole religiosa y de libertad religiosa presentaron amicus curiae ante la Corte Suprema en apoyo de Groff, lo que incluy\u00f3 a la Asociaci\u00f3n General de la Iglesia Adventista, el American Center for Law And Justice, la Coalici\u00f3n Sikh, la Uni\u00f3n de Congregaciones Jud\u00edas Ortodoxas de los Estados Unidos, el Consejo de Relaciones entre Estados Unidos y los Musulmanes, la Iglesia de Jesucristo de los Santos de los \u00daltimos D\u00edas, la Coalici\u00f3n Hind\u00fa-Estadounidense, el Fondo Becket de Libertad Religiosa, y la Comisi\u00f3n Bautista Conjunta.<\/p>\n<p>Las organizaciones que se opusieron a la petici\u00f3n de Groff ante la Corte incluyeron la AFL-CIO, la Uni\u00f3n de Trabajadores Postales de los Estados Unidos, la Fundaci\u00f3n Libertad de la Religi\u00f3n, y el Centro de Investigaciones de los Ateos Estadounidenses.<\/p>\n<p>\u201cSobre la base del caso de 1977, los empleadores solo ten\u00edan que sufrir un perjuicio m\u00ednimo para justificar la negativa de los arreglos por motivos religiosos de un empleado\u201d, dijo Reinach. \u201cEse est\u00e1ndar neutralizaba la ley y llev\u00f3 al despido de sus empleos a literalmente miles de estadounidenses de todas las religiones. Los adventistas del s\u00e9ptimo d\u00eda se vieron afectados de manera especial porque a los trabajadores por hora suele asign\u00e1rseles turnos que incluyen las horas del s\u00e1bado\u201d.<\/p>\n<p>El fallo de la Corte Suprema en Groff vs. DeJoy no solo reconoci\u00f3 la carga injusta colocada en los trabajadores con conflictos religiosos sino que destac\u00f3 la necesidad de un enfoque m\u00e1s robusto de los arreglos por motivos religiosos.<\/p>\n<p>Se espera que el fallo tenga implicaciones de largo alcance para los trabajadores de todo el pa\u00eds. Al elevar el est\u00e1ndar de justificaci\u00f3n para los empleadores que niegan arreglos por motivos religiosos, la decisi\u00f3n de la Corte brinda una mayor protecci\u00f3n para los empleadores que tienen creencias religiosas sinceras. Env\u00eda un claro mensaje de que los empleadores tienen que hacer esfuerzos razonables de acomodar las pr\u00e1cticas religiosas de sus empleados, aun si esto requiere alg\u00fan tipo de perjuicio.<\/p>\n<p>La decisi\u00f3n en Groff vs. DeJoy es vista como una victoria significativa para los defensores de la libertad religiosa, que por mucho tiempo han solicitado protecciones legales m\u00e1s s\u00f3lidas. Marca un cambio hacia un enfoque m\u00e1s equitativo que reconoce la importancia de hacer arreglos para las pr\u00e1cticas religiosas m\u00e1s diversas de los trabajadores estadounidenses. Como resultado de este fallo, los empleados que enfrentan conflictos entre los requerimientos de su trabajo y sus creencias religiosas pueden esperar oportunidades mayores de obtener arreglos razonables de parte de sus empleadores.<\/p>\n<p>El abogado Mitch Tyner, asesor legal asociado ya jubilado de la Iglesia Adventista y tambi\u00e9n enlace ante el Congreso, se mostr\u00f3 complacido pero cauto por la decisi\u00f3n de la Corte. \u201cEn primer lugar, felicitaciones a Todd McFarland y al equipo que finalmente lograron que la corte arreglara algo que estaba mal desde hace cincuenta a\u00f1os\u201d, dijo Tyner. \u201cPas\u00e9 m\u00e1s de cuarenta a\u00f1os trabajando para ese fin, y logramos completar la tarea. M\u00e1s all\u00e1 de eso, este fallo deja mucho espacio para que las cortes de primera instancia decidan que constituye un incremento del costo sustancial en cada caso. La Corte ha cambiado la receta para que sea usada para llegar a la decisi\u00f3n correcta. Pero recuerden que la prueba \u00faltima se ver\u00e1 no en la receta sino en los resultados\u201d. Ahora que el fallo ha establecido un nuevo precedente de arreglos por motivos religiosos, resta ver con cu\u00e1nta rapidez se adaptar\u00e1n los empleadores a sus reglamentos y pr\u00e1cticas. Se anticipa que habr\u00e1 nuevos juicios para aclarar este nuevo umbral establecido por la Corte Suprema. Est\u00e1 claro, sin embargo, que esta decisi\u00f3n marca un hito significativo para proteger los derechos de los trabajadores con conflictos religiosos.<\/p>\n<p>Traducci\u00f3n de Marcos Paseggi<\/p>\n","protected":false},"excerpt":{"rendered":"<p>Decisi\u00f3n en Groff vs. DeJoy impactar\u00e1 la libertad religiosa en el lugar de trabajo para muchos de los Estados Unidos. 2 de julio de 2023 | Washington D.C., Estados Unidos&#8230;<\/p>\n","protected":false},"author":3,"featured_media":100530,"comment_status":"closed","ping_status":"closed","sticky":false,"template":"","format":"standard","meta":{"_acf_changed":false,"footnotes":""},"categories":[14,15],"tags":[],"class_list":["post-100544","post","type-post","status-publish","format-standard","has-post-thumbnail","hentry","category-de-la-iglesia-mundial","category-rss-espanol"],"acf":[],"yoast_head":"<!-- This site is optimized with the Yoast SEO plugin v27.3 - https:\/\/yoast.com\/product\/yoast-seo-wordpress\/ -->\n<title>Corte Suprema de los Estados Unidos emite fallo hist\u00f3rico que fortalece las protecciones religiosas de los trabajadores - Iglesia Adventista del S\u00e9ptimo D\u00eda - Divisi\u00f3n Interamericana<\/title>\n<meta name=\"robots\" content=\"index, follow, max-snippet:-1, max-image-preview:large, max-video-preview:-1\" \/>\n<link rel=\"canonical\" href=\"https:\/\/interamerica.org\/es\/2023\/07\/corte-suprema-de-los-estados-unidos-emite-fallo-historico-que-fortalece-las-protecciones-religiosas-de-los-trabajadores\/\" \/>\n<meta property=\"og:locale\" content=\"es_ES\" \/>\n<meta property=\"og:type\" content=\"article\" \/>\n<meta property=\"og:title\" content=\"Corte Suprema de los Estados Unidos emite fallo hist\u00f3rico que fortalece las protecciones religiosas de los trabajadores - Iglesia Adventista del S\u00e9ptimo D\u00eda - Divisi\u00f3n Interamericana\" \/>\n<meta property=\"og:description\" content=\"Decisi\u00f3n en Groff vs. DeJoy impactar\u00e1 la libertad religiosa en el lugar de trabajo para muchos de los Estados Unidos. 2 de julio de 2023 | Washington D.C., Estados Unidos...\" \/>\n<meta property=\"og:url\" content=\"https:\/\/interamerica.org\/es\/2023\/07\/corte-suprema-de-los-estados-unidos-emite-fallo-historico-que-fortalece-las-protecciones-religiosas-de-los-trabajadores\/\" \/>\n<meta property=\"og:site_name\" content=\"Iglesia Adventista del S\u00e9ptimo D\u00eda - Divisi\u00f3n Interamericana\" \/>\n<meta property=\"article:published_time\" content=\"2023-07-03T01:06:37+00:00\" \/>\n<meta property=\"article:modified_time\" content=\"2023-07-03T20:28:48+00:00\" \/>\n<meta property=\"og:image\" content=\"https:\/\/interamerica.org\/wp-content\/uploads\/2023\/07\/ian-hutchinson-u8wfirpsq7y-unsplash-scaled.jpg\" \/>\n\t<meta property=\"og:image:width\" content=\"2560\" \/>\n\t<meta property=\"og:image:height\" content=\"1440\" \/>\n\t<meta property=\"og:image:type\" content=\"image\/jpeg\" \/>\n<meta name=\"author\" content=\"libna\" \/>\n<meta name=\"twitter:card\" content=\"summary_large_image\" \/>\n<meta name=\"twitter:label1\" content=\"Escrito por\" \/>\n\t<meta name=\"twitter:data1\" content=\"libna\" \/>\n\t<meta name=\"twitter:label2\" content=\"Tiempo de lectura\" \/>\n\t<meta name=\"twitter:data2\" content=\"6 minutos\" \/>\n<script type=\"application\/ld+json\" class=\"yoast-schema-graph\">{\"@context\":\"https:\\\/\\\/schema.org\",\"@graph\":[{\"@type\":\"Article\",\"@id\":\"https:\\\/\\\/interamerica.org\\\/es\\\/2023\\\/07\\\/corte-suprema-de-los-estados-unidos-emite-fallo-historico-que-fortalece-las-protecciones-religiosas-de-los-trabajadores\\\/#article\",\"isPartOf\":{\"@id\":\"https:\\\/\\\/interamerica.org\\\/es\\\/2023\\\/07\\\/corte-suprema-de-los-estados-unidos-emite-fallo-historico-que-fortalece-las-protecciones-religiosas-de-los-trabajadores\\\/\"},\"author\":{\"name\":\"libna\",\"@id\":\"https:\\\/\\\/interamerica.org\\\/es\\\/#\\\/schema\\\/person\\\/29998f2bc2d8bd0d38662909289b54f1\"},\"headline\":\"Corte Suprema de los Estados Unidos emite fallo hist\u00f3rico que fortalece las protecciones religiosas de los trabajadores\",\"datePublished\":\"2023-07-03T01:06:37+00:00\",\"dateModified\":\"2023-07-03T20:28:48+00:00\",\"mainEntityOfPage\":{\"@id\":\"https:\\\/\\\/interamerica.org\\\/es\\\/2023\\\/07\\\/corte-suprema-de-los-estados-unidos-emite-fallo-historico-que-fortalece-las-protecciones-religiosas-de-los-trabajadores\\\/\"},\"wordCount\":1257,\"image\":{\"@id\":\"https:\\\/\\\/interamerica.org\\\/es\\\/2023\\\/07\\\/corte-suprema-de-los-estados-unidos-emite-fallo-historico-que-fortalece-las-protecciones-religiosas-de-los-trabajadores\\\/#primaryimage\"},\"thumbnailUrl\":\"https:\\\/\\\/interamerica.org\\\/wp-content\\\/uploads\\\/2023\\\/07\\\/ian-hutchinson-u8wfirpsq7y-unsplash-scaled.jpg\",\"articleSection\":[\"Desde la iglesia mundial\",\"RSS Espa\u00f1ol\"],\"inLanguage\":\"es\"},{\"@type\":\"WebPage\",\"@id\":\"https:\\\/\\\/interamerica.org\\\/es\\\/2023\\\/07\\\/corte-suprema-de-los-estados-unidos-emite-fallo-historico-que-fortalece-las-protecciones-religiosas-de-los-trabajadores\\\/\",\"url\":\"https:\\\/\\\/interamerica.org\\\/es\\\/2023\\\/07\\\/corte-suprema-de-los-estados-unidos-emite-fallo-historico-que-fortalece-las-protecciones-religiosas-de-los-trabajadores\\\/\",\"name\":\"Corte Suprema de los Estados Unidos emite fallo hist\u00f3rico que fortalece las protecciones religiosas de los trabajadores - Iglesia Adventista del S\u00e9ptimo D\u00eda - Divisi\u00f3n Interamericana\",\"isPartOf\":{\"@id\":\"https:\\\/\\\/interamerica.org\\\/es\\\/#website\"},\"primaryImageOfPage\":{\"@id\":\"https:\\\/\\\/interamerica.org\\\/es\\\/2023\\\/07\\\/corte-suprema-de-los-estados-unidos-emite-fallo-historico-que-fortalece-las-protecciones-religiosas-de-los-trabajadores\\\/#primaryimage\"},\"image\":{\"@id\":\"https:\\\/\\\/interamerica.org\\\/es\\\/2023\\\/07\\\/corte-suprema-de-los-estados-unidos-emite-fallo-historico-que-fortalece-las-protecciones-religiosas-de-los-trabajadores\\\/#primaryimage\"},\"thumbnailUrl\":\"https:\\\/\\\/interamerica.org\\\/wp-content\\\/uploads\\\/2023\\\/07\\\/ian-hutchinson-u8wfirpsq7y-unsplash-scaled.jpg\",\"datePublished\":\"2023-07-03T01:06:37+00:00\",\"dateModified\":\"2023-07-03T20:28:48+00:00\",\"author\":{\"@id\":\"https:\\\/\\\/interamerica.org\\\/es\\\/#\\\/schema\\\/person\\\/29998f2bc2d8bd0d38662909289b54f1\"},\"breadcrumb\":{\"@id\":\"https:\\\/\\\/interamerica.org\\\/es\\\/2023\\\/07\\\/corte-suprema-de-los-estados-unidos-emite-fallo-historico-que-fortalece-las-protecciones-religiosas-de-los-trabajadores\\\/#breadcrumb\"},\"inLanguage\":\"es\",\"potentialAction\":[{\"@type\":\"ReadAction\",\"target\":[\"https:\\\/\\\/interamerica.org\\\/es\\\/2023\\\/07\\\/corte-suprema-de-los-estados-unidos-emite-fallo-historico-que-fortalece-las-protecciones-religiosas-de-los-trabajadores\\\/\"]}]},{\"@type\":\"ImageObject\",\"inLanguage\":\"es\",\"@id\":\"https:\\\/\\\/interamerica.org\\\/es\\\/2023\\\/07\\\/corte-suprema-de-los-estados-unidos-emite-fallo-historico-que-fortalece-las-protecciones-religiosas-de-los-trabajadores\\\/#primaryimage\",\"url\":\"https:\\\/\\\/interamerica.org\\\/wp-content\\\/uploads\\\/2023\\\/07\\\/ian-hutchinson-u8wfirpsq7y-unsplash-scaled.jpg\",\"contentUrl\":\"https:\\\/\\\/interamerica.org\\\/wp-content\\\/uploads\\\/2023\\\/07\\\/ian-hutchinson-u8wfirpsq7y-unsplash-scaled.jpg\",\"width\":2560,\"height\":1440,\"caption\":\"[Photo: Ian Hutchinson\\\/ Unsplash]\"},{\"@type\":\"BreadcrumbList\",\"@id\":\"https:\\\/\\\/interamerica.org\\\/es\\\/2023\\\/07\\\/corte-suprema-de-los-estados-unidos-emite-fallo-historico-que-fortalece-las-protecciones-religiosas-de-los-trabajadores\\\/#breadcrumb\",\"itemListElement\":[{\"@type\":\"ListItem\",\"position\":1,\"name\":\"Home\",\"item\":\"https:\\\/\\\/interamerica.org\\\/es\\\/\"},{\"@type\":\"ListItem\",\"position\":2,\"name\":\"Corte Suprema de los Estados Unidos emite fallo hist\u00f3rico que fortalece las protecciones religiosas de los trabajadores\"}]},{\"@type\":\"WebSite\",\"@id\":\"https:\\\/\\\/interamerica.org\\\/es\\\/#website\",\"url\":\"https:\\\/\\\/interamerica.org\\\/es\\\/\",\"name\":\"Iglesia Adventista del S\u00e9ptimo D\u00eda - Divisi\u00f3n Interamericana\",\"description\":\"\",\"potentialAction\":[{\"@type\":\"SearchAction\",\"target\":{\"@type\":\"EntryPoint\",\"urlTemplate\":\"https:\\\/\\\/interamerica.org\\\/es\\\/?s={search_term_string}\"},\"query-input\":{\"@type\":\"PropertyValueSpecification\",\"valueRequired\":true,\"valueName\":\"search_term_string\"}}],\"inLanguage\":\"es\"},{\"@type\":\"Person\",\"@id\":\"https:\\\/\\\/interamerica.org\\\/es\\\/#\\\/schema\\\/person\\\/29998f2bc2d8bd0d38662909289b54f1\",\"name\":\"libna\",\"image\":{\"@type\":\"ImageObject\",\"inLanguage\":\"es\",\"@id\":\"https:\\\/\\\/secure.gravatar.com\\\/avatar\\\/7c5bd30ae4b47a9ba3c856590957fd1d96dc588bf3ac05719d247e126840331f?s=96&d=mm&r=g\",\"url\":\"https:\\\/\\\/secure.gravatar.com\\\/avatar\\\/7c5bd30ae4b47a9ba3c856590957fd1d96dc588bf3ac05719d247e126840331f?s=96&d=mm&r=g\",\"contentUrl\":\"https:\\\/\\\/secure.gravatar.com\\\/avatar\\\/7c5bd30ae4b47a9ba3c856590957fd1d96dc588bf3ac05719d247e126840331f?s=96&d=mm&r=g\",\"caption\":\"libna\"}}]}<\/script>\n<!-- \/ Yoast SEO plugin. -->","yoast_head_json":{"title":"Corte Suprema de los Estados Unidos emite fallo hist\u00f3rico que fortalece las protecciones religiosas de los trabajadores - Iglesia Adventista del S\u00e9ptimo D\u00eda - Divisi\u00f3n Interamericana","robots":{"index":"index","follow":"follow","max-snippet":"max-snippet:-1","max-image-preview":"max-image-preview:large","max-video-preview":"max-video-preview:-1"},"canonical":"https:\/\/interamerica.org\/es\/2023\/07\/corte-suprema-de-los-estados-unidos-emite-fallo-historico-que-fortalece-las-protecciones-religiosas-de-los-trabajadores\/","og_locale":"es_ES","og_type":"article","og_title":"Corte Suprema de los Estados Unidos emite fallo hist\u00f3rico que fortalece las protecciones religiosas de los trabajadores - Iglesia Adventista del S\u00e9ptimo D\u00eda - Divisi\u00f3n Interamericana","og_description":"Decisi\u00f3n en Groff vs. DeJoy impactar\u00e1 la libertad religiosa en el lugar de trabajo para muchos de los Estados Unidos. 2 de julio de 2023 | Washington D.C., Estados Unidos...","og_url":"https:\/\/interamerica.org\/es\/2023\/07\/corte-suprema-de-los-estados-unidos-emite-fallo-historico-que-fortalece-las-protecciones-religiosas-de-los-trabajadores\/","og_site_name":"Iglesia Adventista del S\u00e9ptimo D\u00eda - Divisi\u00f3n Interamericana","article_published_time":"2023-07-03T01:06:37+00:00","article_modified_time":"2023-07-03T20:28:48+00:00","og_image":[{"width":2560,"height":1440,"url":"https:\/\/interamerica.org\/wp-content\/uploads\/2023\/07\/ian-hutchinson-u8wfirpsq7y-unsplash-scaled.jpg","type":"image\/jpeg"}],"author":"libna","twitter_card":"summary_large_image","twitter_misc":{"Escrito por":"libna","Tiempo de lectura":"6 minutos"},"schema":{"@context":"https:\/\/schema.org","@graph":[{"@type":"Article","@id":"https:\/\/interamerica.org\/es\/2023\/07\/corte-suprema-de-los-estados-unidos-emite-fallo-historico-que-fortalece-las-protecciones-religiosas-de-los-trabajadores\/#article","isPartOf":{"@id":"https:\/\/interamerica.org\/es\/2023\/07\/corte-suprema-de-los-estados-unidos-emite-fallo-historico-que-fortalece-las-protecciones-religiosas-de-los-trabajadores\/"},"author":{"name":"libna","@id":"https:\/\/interamerica.org\/es\/#\/schema\/person\/29998f2bc2d8bd0d38662909289b54f1"},"headline":"Corte Suprema de los Estados Unidos emite fallo hist\u00f3rico que fortalece las protecciones religiosas de los trabajadores","datePublished":"2023-07-03T01:06:37+00:00","dateModified":"2023-07-03T20:28:48+00:00","mainEntityOfPage":{"@id":"https:\/\/interamerica.org\/es\/2023\/07\/corte-suprema-de-los-estados-unidos-emite-fallo-historico-que-fortalece-las-protecciones-religiosas-de-los-trabajadores\/"},"wordCount":1257,"image":{"@id":"https:\/\/interamerica.org\/es\/2023\/07\/corte-suprema-de-los-estados-unidos-emite-fallo-historico-que-fortalece-las-protecciones-religiosas-de-los-trabajadores\/#primaryimage"},"thumbnailUrl":"https:\/\/interamerica.org\/wp-content\/uploads\/2023\/07\/ian-hutchinson-u8wfirpsq7y-unsplash-scaled.jpg","articleSection":["Desde la iglesia mundial","RSS Espa\u00f1ol"],"inLanguage":"es"},{"@type":"WebPage","@id":"https:\/\/interamerica.org\/es\/2023\/07\/corte-suprema-de-los-estados-unidos-emite-fallo-historico-que-fortalece-las-protecciones-religiosas-de-los-trabajadores\/","url":"https:\/\/interamerica.org\/es\/2023\/07\/corte-suprema-de-los-estados-unidos-emite-fallo-historico-que-fortalece-las-protecciones-religiosas-de-los-trabajadores\/","name":"Corte Suprema de los Estados Unidos emite fallo hist\u00f3rico que fortalece las protecciones religiosas de los trabajadores - Iglesia Adventista del S\u00e9ptimo D\u00eda - Divisi\u00f3n Interamericana","isPartOf":{"@id":"https:\/\/interamerica.org\/es\/#website"},"primaryImageOfPage":{"@id":"https:\/\/interamerica.org\/es\/2023\/07\/corte-suprema-de-los-estados-unidos-emite-fallo-historico-que-fortalece-las-protecciones-religiosas-de-los-trabajadores\/#primaryimage"},"image":{"@id":"https:\/\/interamerica.org\/es\/2023\/07\/corte-suprema-de-los-estados-unidos-emite-fallo-historico-que-fortalece-las-protecciones-religiosas-de-los-trabajadores\/#primaryimage"},"thumbnailUrl":"https:\/\/interamerica.org\/wp-content\/uploads\/2023\/07\/ian-hutchinson-u8wfirpsq7y-unsplash-scaled.jpg","datePublished":"2023-07-03T01:06:37+00:00","dateModified":"2023-07-03T20:28:48+00:00","author":{"@id":"https:\/\/interamerica.org\/es\/#\/schema\/person\/29998f2bc2d8bd0d38662909289b54f1"},"breadcrumb":{"@id":"https:\/\/interamerica.org\/es\/2023\/07\/corte-suprema-de-los-estados-unidos-emite-fallo-historico-que-fortalece-las-protecciones-religiosas-de-los-trabajadores\/#breadcrumb"},"inLanguage":"es","potentialAction":[{"@type":"ReadAction","target":["https:\/\/interamerica.org\/es\/2023\/07\/corte-suprema-de-los-estados-unidos-emite-fallo-historico-que-fortalece-las-protecciones-religiosas-de-los-trabajadores\/"]}]},{"@type":"ImageObject","inLanguage":"es","@id":"https:\/\/interamerica.org\/es\/2023\/07\/corte-suprema-de-los-estados-unidos-emite-fallo-historico-que-fortalece-las-protecciones-religiosas-de-los-trabajadores\/#primaryimage","url":"https:\/\/interamerica.org\/wp-content\/uploads\/2023\/07\/ian-hutchinson-u8wfirpsq7y-unsplash-scaled.jpg","contentUrl":"https:\/\/interamerica.org\/wp-content\/uploads\/2023\/07\/ian-hutchinson-u8wfirpsq7y-unsplash-scaled.jpg","width":2560,"height":1440,"caption":"[Photo: Ian Hutchinson\/ Unsplash]"},{"@type":"BreadcrumbList","@id":"https:\/\/interamerica.org\/es\/2023\/07\/corte-suprema-de-los-estados-unidos-emite-fallo-historico-que-fortalece-las-protecciones-religiosas-de-los-trabajadores\/#breadcrumb","itemListElement":[{"@type":"ListItem","position":1,"name":"Home","item":"https:\/\/interamerica.org\/es\/"},{"@type":"ListItem","position":2,"name":"Corte Suprema de los Estados Unidos emite fallo hist\u00f3rico que fortalece las protecciones religiosas de los trabajadores"}]},{"@type":"WebSite","@id":"https:\/\/interamerica.org\/es\/#website","url":"https:\/\/interamerica.org\/es\/","name":"Iglesia Adventista del S\u00e9ptimo D\u00eda - Divisi\u00f3n Interamericana","description":"","potentialAction":[{"@type":"SearchAction","target":{"@type":"EntryPoint","urlTemplate":"https:\/\/interamerica.org\/es\/?s={search_term_string}"},"query-input":{"@type":"PropertyValueSpecification","valueRequired":true,"valueName":"search_term_string"}}],"inLanguage":"es"},{"@type":"Person","@id":"https:\/\/interamerica.org\/es\/#\/schema\/person\/29998f2bc2d8bd0d38662909289b54f1","name":"libna","image":{"@type":"ImageObject","inLanguage":"es","@id":"https:\/\/secure.gravatar.com\/avatar\/7c5bd30ae4b47a9ba3c856590957fd1d96dc588bf3ac05719d247e126840331f?s=96&d=mm&r=g","url":"https:\/\/secure.gravatar.com\/avatar\/7c5bd30ae4b47a9ba3c856590957fd1d96dc588bf3ac05719d247e126840331f?s=96&d=mm&r=g","contentUrl":"https:\/\/secure.gravatar.com\/avatar\/7c5bd30ae4b47a9ba3c856590957fd1d96dc588bf3ac05719d247e126840331f?s=96&d=mm&r=g","caption":"libna"}}]}},"_links":{"self":[{"href":"https:\/\/interamerica.org\/es\/wp-json\/wp\/v2\/posts\/100544","targetHints":{"allow":["GET"]}}],"collection":[{"href":"https:\/\/interamerica.org\/es\/wp-json\/wp\/v2\/posts"}],"about":[{"href":"https:\/\/interamerica.org\/es\/wp-json\/wp\/v2\/types\/post"}],"author":[{"embeddable":true,"href":"https:\/\/interamerica.org\/es\/wp-json\/wp\/v2\/users\/3"}],"replies":[{"embeddable":true,"href":"https:\/\/interamerica.org\/es\/wp-json\/wp\/v2\/comments?post=100544"}],"version-history":[{"count":0,"href":"https:\/\/interamerica.org\/es\/wp-json\/wp\/v2\/posts\/100544\/revisions"}],"wp:featuredmedia":[{"embeddable":true,"href":"https:\/\/interamerica.org\/es\/wp-json\/wp\/v2\/media\/100530"}],"wp:attachment":[{"href":"https:\/\/interamerica.org\/es\/wp-json\/wp\/v2\/media?parent=100544"}],"wp:term":[{"taxonomy":"category","embeddable":true,"href":"https:\/\/interamerica.org\/es\/wp-json\/wp\/v2\/categories?post=100544"},{"taxonomy":"post_tag","embeddable":true,"href":"https:\/\/interamerica.org\/es\/wp-json\/wp\/v2\/tags?post=100544"}],"curies":[{"name":"wp","href":"https:\/\/api.w.org\/{rel}","templated":true}]}}