{"id":100569,"date":"2023-07-05T09:52:43","date_gmt":"2023-07-05T13:52:43","guid":{"rendered":"https:\/\/interamerica.org\/?p=100569"},"modified":"2023-07-05T12:52:57","modified_gmt":"2023-07-05T16:52:57","slug":"fallece-a-los-88-anos-el-destacado-educador-humberto-mario-rasi","status":"publish","type":"post","link":"https:\/\/interamerica.org\/es\/2023\/07\/fallece-a-los-88-anos-el-destacado-educador-humberto-mario-rasi\/","title":{"rendered":"Fallece a los 88 a\u00f1os el destacado educador Humberto Mario Rasi"},"content":{"rendered":"<h4>Fue mentor de profesionales y sum\u00f3 apoyo para los estudiantes adventistas en instituciones p\u00fablicas.<\/h4>\n<p>5 de julio de 2023 | Silver Spring, Maryland, Estados Unidos | Marcos Paseggi, Adventist Review<\/p>\n<p>Humberto Mario Rasi, un educador e investigador adventista que fue director de educaci\u00f3n de la Asociaci\u00f3n General, falleci\u00f3 despu\u00e9s de una larga enfermedad el 28 de junio. Ten\u00eda 88 a\u00f1os. Como partidario y promotor dedicado de la educaci\u00f3n adventista y los profesionales adventistas, Rasi prest\u00f3 servicios a la Iglesia Adventista en diversos cargos durante su larga y productiva vida.<\/p>\n<p>Naci\u00f3 en Buenos Aires, Argentina, en 1935, en un s\u00e1bado por la ma\u00f1ana en el piso superior residencial de la iglesia adventista de Palermo, mientras su padre, Mario Rasi, dirig\u00eda la Escuela Sab\u00e1tica unos pisos m\u00e1s abajo. Su madre, Frida Heyde Rasi, era enfermera y apoy\u00f3 a su esposo en el ministerio.<\/p>\n<p>Rasi contrajo matrimonio con Julieta Cuchma Cayrus en Montevideo, Uruguay, en 1957. Ense\u00f1\u00f3 en el Instituto Florida, el colegio adventista de Buenos Aires, mientras tanto \u00e9l como su esposa estudiaban. Obtuvo un t\u00edtulo en lengua y literatura espa\u00f1ola del Instituto Nacional del Profesorado Jos\u00e9 Hern\u00e1ndez, y trabaj\u00f3 como traductor y editor en la casa editora adventista en Argentina.<\/p>\n<p>El matrimonio se traslad\u00f3 a los Estados Unidos en 1962. Ambos prestaron servicios en la Pacific Press Publishing Association (por entonces en Mountain View, California). Rasi particip\u00f3 traduciendo y editando el Comentario b\u00edblico adventista, varios de los escritos de Elena G. White, y las colecciones Las bellas historias de la Biblia y de relatos para ni\u00f1os al espa\u00f1ol. Durante esos a\u00f1os, recibieron en su hogar a un hijo, Leroy, y una hija, Sylvia.<\/p>\n<p>Rasi fue invitado a prestar servicios en el Departamento de Lenguas Modernas de la Universidad Andrews en Berrien Springs, M\u00edchigan, en 1968, y en 1971 lleg\u00f3 a ser director del departamento. Obtuvo un doctorado en historia y literatura latinoamericana de la Universidad de Stanford. Su tesis doctoral se enfoc\u00f3 en la obra del escritor argentino Jorge Luis Borges.<\/p>\n<p>En 1972, Rasi ayud\u00f3 a fundar la iglesia adventista hispana en Berrien Springs, M\u00edchigan, que ha sido madre de otras congregaciones. Con el patrocinio de la Beca Nacional de los Estados Unidos para las Humanidades, sus estudios postdoctorales en la Universidad John Hopkins se enfocaron en la fe cristiana del escritor espa\u00f1ol vasco Miguel de Unamuno.<\/p>\n<p>Rasi dirigi\u00f3 la secci\u00f3n de poes\u00eda del Manual de Estudios Latinoamericanos durante diez a\u00f1os, publicado por la Biblioteca del Congreso de los Estados Unidos. Tambi\u00e9n fue consultor de la Sociedad B\u00edblica Estadounidense. Rasi regres\u00f3 a la Universidad Andrews como decano de la Escuela de Posgrado. Poco despu\u00e9s, volvi\u00f3 a sumarse a Pacific Press como vicepresidente editorial. Por iniciativa propia, fue autor de la visionaria versi\u00f3n gr\u00e1fica novelada titulada Vida de Jes\u00fas, con el ilustrador Heber Pintos.<\/p>\n<p>En 1980, mientras a\u00fan estaba en Pacific Press, Rasi fue ordenado pastor en una ceremonia dirigida por el entonces presidente de la Asociaci\u00f3n General Neal C. Wilson.<\/p>\n<p>Rasi fue llamado al Departamento de Educaci\u00f3n de la Asociaci\u00f3n General, donde trabaj\u00f3 durante quince a\u00f1os, primero como director asociado y luego como director. All\u00ed supervis\u00f3 el programa educacional de la iglesia mundial. Sus responsabilidades incluyeron m\u00e1s de cien instituciones de nivel terciario en cuatro continentes.<\/p>\n<p>Como parte de esos esfuerzos, en 1989, lanz\u00f3 la revista Di\u00e1logo universitario, la primera publicaci\u00f3n de ideas para estudiantes terciarios y universitarios adventistas que estudian en instituciones no adventistas. Fue tambi\u00e9n la primera publicaci\u00f3n en ser producida simult\u00e1neamente en cuatro idiomas: ingl\u00e9s, franc\u00e9s, portugu\u00e9s y espa\u00f1ol.<\/p>\n<p>Rasi lanz\u00f3 el Instituto de Ense\u00f1anza Cristiana, que organiz\u00f3 decenas de seminarios de Integraci\u00f3n Fe-Ense\u00f1anza. Esos seminarios fortalecieron la conexi\u00f3n entre la fe y la capacitaci\u00f3n profesional de adventistas de nivel terciario que trabajan en diversas partes del mundo. Los casi 1500 trabajos monogr\u00e1ficos de los presentadores de los seminarios fueron publicados en una colecci\u00f3n de cuarenta tomos de Christ in the Classroom (Cristo en el sal\u00f3n de clases).<\/p>\n<p>Jug\u00f3 tambi\u00e9n un papel fundamental en el desarrollo de su alma mater, la Universidad Adventista del Plata en Argentina, que obtuvo el estatus de universidad y abri\u00f3 una Escuela de Medicina durante el per\u00edodo en que fue director de educaci\u00f3n. Rasi tambi\u00e9n fue director ejecutivo de la Fundaci\u00f3n de Educaci\u00f3n Adventista y estableci\u00f3 la Red de Profesionales Adventistas.<\/p>\n<p>En reconocimiento por sus servicios a la educaci\u00f3n adventista, recibi\u00f3 la Medalla de Distinci\u00f3n del Departamento de Educaci\u00f3n de la Asociaci\u00f3n General. Sus contribuciones a la educaci\u00f3n adventista fueron reconocidas a\u00fan m\u00e1s con cuatro doctorados honoris causa.<\/p>\n<p>Despu\u00e9s de jubilarse, continu\u00f3 sumamente activo como mentor y al alentar a l\u00edderes m\u00e1s j\u00f3venes. Colabor\u00f3 con el Instituto de Investigaciones en Geociencia como coautor de los vol\u00famenes Understanding Creation [Comprender la creaci\u00f3n] (2011); Entrusted: Christians and Environmental Care [Los cristianos y el cuidado del medio ambiente] (2013); y Design and Catastrophe: 51 Scientists Explore Evidence in Nature [Dise\u00f1o y cat\u00e1strofe: 51 cient\u00edficos exploran evidencias en la naturaleza] (2021). Tambi\u00e9n ense\u00f1\u00f3 espa\u00f1ol a los profesionales m\u00e9dicos de la Universidad de Loma Linda.<\/p>\n<p>Siempre am\u00f3 la m\u00fasica, y de joven, Rasi dirigi\u00f3 y cant\u00f3 en un premiado cuarteto a capella y prepar\u00f3 las traducciones de varios himnos, algunos junto con su esposa. Esos himnos fueron incluidos en un libro de c\u00e1nticos para j\u00f3venes de la Divisi\u00f3n Sudamericana. Otros han sido incluidos en el actual Himnario adventista en espa\u00f1ol.<\/p>\n<p>En 2010, estableci\u00f3 un consorcio de publicaciones, Adventus 21, para brindar servicios a los acad\u00e9micos adventistas. Lleg\u00f3 a ser director del ministerio de televisi\u00f3n por cable LLBN Latino. Al mismo tiempo, lanz\u00f3 el programa en espa\u00f1ol Di\u00e1logo al Punto, donde llev\u00f3 a cabo m\u00e1s de 250 entrevistas con profesionales adventistas de diversos campos. Las ganancias de los dos vol\u00famenes devocionales Inspiraci\u00f3n para hoy fueron donadas para becas de estudiantes en tres universidades de Am\u00e9rica Latina.<\/p>\n<p>El presidente de la Asociaci\u00f3n General Ted N. C. Wilson envi\u00f3 un mensaje de condolencia a la familia y se pronunci\u00f3 sobre el fallecido l\u00edder. \u201cEl doctor Rasi fue un destacado l\u00edder y consumado educador adventista. Contribuy\u00f3 profundamente al progreso del movimiento adventista y el pronto regreso de Cristo. Qu\u00e9 maravilloso hacer planes de ver al doctor Rasi en ese emocionante d\u00eda cuando el llamado de la trompeta de Cristo lo despertar\u00e1, cuando ascendamos para completar nuestra educaci\u00f3n celestial para siempre con Cristo como nuestro Maestro de los maestros\u201d, escribi\u00f3 Wilson.<\/p>\n<p>Lisa Beardsley-Hardy, directora de educaci\u00f3n de la Asociaci\u00f3n General, concord\u00f3 con \u00e9l. \u201cEl doctor Rasi fue un campe\u00f3n de la integraci\u00f3n entre la fe y la ense\u00f1anza-aprendizaje desde los fundamentos b\u00edblicos. Fue un hombre del Renacimiento, refinado y culto, con intereses y conocimientos de teolog\u00eda, ideas, m\u00fasica, historia y literatura\u201d, escribi\u00f3. \u201cFue un astuto mentor con un intelecto e ingenio brillantes, todo ello puesto al servicio de los m\u00e1s elevados ideales de la educaci\u00f3n cristiana redentora [\u2026]. Cuando fui elegida directora de educaci\u00f3n, lo primero que me aconsej\u00f3 fue estar preparada para explicar cu\u00e1les eran mis objetivos para la educaci\u00f3n adventista. \u00a1Qu\u00e9 bendici\u00f3n inmensurable ha sido y seguir\u00e1 siendo para la educaci\u00f3n adventista a lo largo de los a\u00f1os!\u201d<\/p>\n<p>La familia de Rasi tambi\u00e9n comparti\u00f3 sus pensamientos. \u201cFiel esposo de Julieta durante 66 a\u00f1os, padre que brind\u00f3 apoyo y aliento, y orgulloso abuelo que con gozo bautiz\u00f3 a sus tres nietas, Humberto Mario ha peleado la buena batalla y acabado la carrera [2 Tim. 4:7]\u201d, escribi\u00f3 su familia. \u201cAguardamos verlo otra vez cuando Jes\u00fas regrese, cuando ya no existan las despedidas\u201d.<\/p>\n<p>Pueden realizarse contribuciones en memoria de Rasi a la Beca Rasi de la Universidad Adventista del Plata en Argentina.<\/p>\n<p><em>Sylvia Rasi Gregorutti y Julieta C. Rasi colaboraron con esta noticia.<\/em><\/p>\n<p>Traducci\u00f3n de Marcos Paseggi<\/p>\n","protected":false},"excerpt":{"rendered":"<p>Fue mentor de profesionales y sum\u00f3 apoyo para los estudiantes adventistas en instituciones p\u00fablicas. 5 de julio de 2023 | Silver Spring, Maryland, Estados Unidos | Marcos Paseggi, Adventist Review&#8230;<\/p>\n","protected":false},"author":3,"featured_media":100564,"comment_status":"closed","ping_status":"closed","sticky":false,"template":"","format":"standard","meta":{"_acf_changed":false,"footnotes":""},"categories":[14,15],"tags":[],"class_list":["post-100569","post","type-post","status-publish","format-standard","has-post-thumbnail","hentry","category-de-la-iglesia-mundial","category-rss-espanol"],"acf":[],"yoast_head":"<!-- This site is optimized with the Yoast SEO plugin v27.3 - https:\/\/yoast.com\/product\/yoast-seo-wordpress\/ -->\n<title>Fallece a los 88 a\u00f1os el destacado educador Humberto Mario Rasi - Iglesia Adventista del S\u00e9ptimo D\u00eda - Divisi\u00f3n Interamericana<\/title>\n<meta name=\"robots\" content=\"index, follow, max-snippet:-1, max-image-preview:large, max-video-preview:-1\" \/>\n<link rel=\"canonical\" href=\"https:\/\/interamerica.org\/es\/2023\/07\/fallece-a-los-88-anos-el-destacado-educador-humberto-mario-rasi\/\" \/>\n<meta property=\"og:locale\" content=\"es_ES\" \/>\n<meta property=\"og:type\" content=\"article\" \/>\n<meta property=\"og:title\" content=\"Fallece a los 88 a\u00f1os el destacado educador Humberto Mario Rasi - Iglesia Adventista del S\u00e9ptimo D\u00eda - Divisi\u00f3n Interamericana\" \/>\n<meta property=\"og:description\" content=\"Fue mentor de profesionales y sum\u00f3 apoyo para los estudiantes adventistas en instituciones p\u00fablicas. 5 de julio de 2023 | Silver Spring, Maryland, Estados Unidos | Marcos Paseggi, Adventist Review...\" \/>\n<meta property=\"og:url\" content=\"https:\/\/interamerica.org\/es\/2023\/07\/fallece-a-los-88-anos-el-destacado-educador-humberto-mario-rasi\/\" \/>\n<meta property=\"og:site_name\" content=\"Iglesia Adventista del S\u00e9ptimo D\u00eda - Divisi\u00f3n Interamericana\" \/>\n<meta property=\"article:published_time\" content=\"2023-07-05T13:52:43+00:00\" \/>\n<meta property=\"article:modified_time\" content=\"2023-07-05T16:52:57+00:00\" \/>\n<meta property=\"og:image\" content=\"https:\/\/interamerica.org\/wp-content\/uploads\/2023\/07\/mario-rasi-obit.png\" \/>\n\t<meta property=\"og:image:width\" content=\"1280\" \/>\n\t<meta property=\"og:image:height\" content=\"800\" \/>\n\t<meta property=\"og:image:type\" content=\"image\/png\" \/>\n<meta name=\"author\" content=\"libna\" \/>\n<meta name=\"twitter:card\" content=\"summary_large_image\" \/>\n<meta name=\"twitter:label1\" content=\"Escrito por\" \/>\n\t<meta name=\"twitter:data1\" content=\"libna\" \/>\n\t<meta name=\"twitter:label2\" content=\"Tiempo de lectura\" \/>\n\t<meta name=\"twitter:data2\" content=\"6 minutos\" \/>\n<script type=\"application\/ld+json\" class=\"yoast-schema-graph\">{\"@context\":\"https:\\\/\\\/schema.org\",\"@graph\":[{\"@type\":\"Article\",\"@id\":\"https:\\\/\\\/interamerica.org\\\/es\\\/2023\\\/07\\\/fallece-a-los-88-anos-el-destacado-educador-humberto-mario-rasi\\\/#article\",\"isPartOf\":{\"@id\":\"https:\\\/\\\/interamerica.org\\\/es\\\/2023\\\/07\\\/fallece-a-los-88-anos-el-destacado-educador-humberto-mario-rasi\\\/\"},\"author\":{\"name\":\"libna\",\"@id\":\"https:\\\/\\\/interamerica.org\\\/es\\\/#\\\/schema\\\/person\\\/29998f2bc2d8bd0d38662909289b54f1\"},\"headline\":\"Fallece a los 88 a\u00f1os el destacado educador Humberto Mario Rasi\",\"datePublished\":\"2023-07-05T13:52:43+00:00\",\"dateModified\":\"2023-07-05T16:52:57+00:00\",\"mainEntityOfPage\":{\"@id\":\"https:\\\/\\\/interamerica.org\\\/es\\\/2023\\\/07\\\/fallece-a-los-88-anos-el-destacado-educador-humberto-mario-rasi\\\/\"},\"wordCount\":1364,\"image\":{\"@id\":\"https:\\\/\\\/interamerica.org\\\/es\\\/2023\\\/07\\\/fallece-a-los-88-anos-el-destacado-educador-humberto-mario-rasi\\\/#primaryimage\"},\"thumbnailUrl\":\"https:\\\/\\\/interamerica.org\\\/wp-content\\\/uploads\\\/2023\\\/07\\\/mario-rasi-obit.png\",\"articleSection\":[\"Desde la iglesia mundial\",\"RSS Espa\u00f1ol\"],\"inLanguage\":\"es\"},{\"@type\":\"WebPage\",\"@id\":\"https:\\\/\\\/interamerica.org\\\/es\\\/2023\\\/07\\\/fallece-a-los-88-anos-el-destacado-educador-humberto-mario-rasi\\\/\",\"url\":\"https:\\\/\\\/interamerica.org\\\/es\\\/2023\\\/07\\\/fallece-a-los-88-anos-el-destacado-educador-humberto-mario-rasi\\\/\",\"name\":\"Fallece a los 88 a\u00f1os el destacado educador Humberto Mario Rasi - Iglesia Adventista del S\u00e9ptimo D\u00eda - Divisi\u00f3n Interamericana\",\"isPartOf\":{\"@id\":\"https:\\\/\\\/interamerica.org\\\/es\\\/#website\"},\"primaryImageOfPage\":{\"@id\":\"https:\\\/\\\/interamerica.org\\\/es\\\/2023\\\/07\\\/fallece-a-los-88-anos-el-destacado-educador-humberto-mario-rasi\\\/#primaryimage\"},\"image\":{\"@id\":\"https:\\\/\\\/interamerica.org\\\/es\\\/2023\\\/07\\\/fallece-a-los-88-anos-el-destacado-educador-humberto-mario-rasi\\\/#primaryimage\"},\"thumbnailUrl\":\"https:\\\/\\\/interamerica.org\\\/wp-content\\\/uploads\\\/2023\\\/07\\\/mario-rasi-obit.png\",\"datePublished\":\"2023-07-05T13:52:43+00:00\",\"dateModified\":\"2023-07-05T16:52:57+00:00\",\"author\":{\"@id\":\"https:\\\/\\\/interamerica.org\\\/es\\\/#\\\/schema\\\/person\\\/29998f2bc2d8bd0d38662909289b54f1\"},\"breadcrumb\":{\"@id\":\"https:\\\/\\\/interamerica.org\\\/es\\\/2023\\\/07\\\/fallece-a-los-88-anos-el-destacado-educador-humberto-mario-rasi\\\/#breadcrumb\"},\"inLanguage\":\"es\",\"potentialAction\":[{\"@type\":\"ReadAction\",\"target\":[\"https:\\\/\\\/interamerica.org\\\/es\\\/2023\\\/07\\\/fallece-a-los-88-anos-el-destacado-educador-humberto-mario-rasi\\\/\"]}]},{\"@type\":\"ImageObject\",\"inLanguage\":\"es\",\"@id\":\"https:\\\/\\\/interamerica.org\\\/es\\\/2023\\\/07\\\/fallece-a-los-88-anos-el-destacado-educador-humberto-mario-rasi\\\/#primaryimage\",\"url\":\"https:\\\/\\\/interamerica.org\\\/wp-content\\\/uploads\\\/2023\\\/07\\\/mario-rasi-obit.png\",\"contentUrl\":\"https:\\\/\\\/interamerica.org\\\/wp-content\\\/uploads\\\/2023\\\/07\\\/mario-rasi-obit.png\",\"width\":1280,\"height\":800},{\"@type\":\"BreadcrumbList\",\"@id\":\"https:\\\/\\\/interamerica.org\\\/es\\\/2023\\\/07\\\/fallece-a-los-88-anos-el-destacado-educador-humberto-mario-rasi\\\/#breadcrumb\",\"itemListElement\":[{\"@type\":\"ListItem\",\"position\":1,\"name\":\"Home\",\"item\":\"https:\\\/\\\/interamerica.org\\\/es\\\/\"},{\"@type\":\"ListItem\",\"position\":2,\"name\":\"Fallece a los 88 a\u00f1os el destacado educador Humberto Mario Rasi\"}]},{\"@type\":\"WebSite\",\"@id\":\"https:\\\/\\\/interamerica.org\\\/es\\\/#website\",\"url\":\"https:\\\/\\\/interamerica.org\\\/es\\\/\",\"name\":\"Iglesia Adventista del S\u00e9ptimo D\u00eda - Divisi\u00f3n Interamericana\",\"description\":\"\",\"potentialAction\":[{\"@type\":\"SearchAction\",\"target\":{\"@type\":\"EntryPoint\",\"urlTemplate\":\"https:\\\/\\\/interamerica.org\\\/es\\\/?s={search_term_string}\"},\"query-input\":{\"@type\":\"PropertyValueSpecification\",\"valueRequired\":true,\"valueName\":\"search_term_string\"}}],\"inLanguage\":\"es\"},{\"@type\":\"Person\",\"@id\":\"https:\\\/\\\/interamerica.org\\\/es\\\/#\\\/schema\\\/person\\\/29998f2bc2d8bd0d38662909289b54f1\",\"name\":\"libna\",\"image\":{\"@type\":\"ImageObject\",\"inLanguage\":\"es\",\"@id\":\"https:\\\/\\\/secure.gravatar.com\\\/avatar\\\/7c5bd30ae4b47a9ba3c856590957fd1d96dc588bf3ac05719d247e126840331f?s=96&d=mm&r=g\",\"url\":\"https:\\\/\\\/secure.gravatar.com\\\/avatar\\\/7c5bd30ae4b47a9ba3c856590957fd1d96dc588bf3ac05719d247e126840331f?s=96&d=mm&r=g\",\"contentUrl\":\"https:\\\/\\\/secure.gravatar.com\\\/avatar\\\/7c5bd30ae4b47a9ba3c856590957fd1d96dc588bf3ac05719d247e126840331f?s=96&d=mm&r=g\",\"caption\":\"libna\"}}]}<\/script>\n<!-- \/ Yoast SEO plugin. -->","yoast_head_json":{"title":"Fallece a los 88 a\u00f1os el destacado educador Humberto Mario Rasi - Iglesia Adventista del S\u00e9ptimo D\u00eda - Divisi\u00f3n Interamericana","robots":{"index":"index","follow":"follow","max-snippet":"max-snippet:-1","max-image-preview":"max-image-preview:large","max-video-preview":"max-video-preview:-1"},"canonical":"https:\/\/interamerica.org\/es\/2023\/07\/fallece-a-los-88-anos-el-destacado-educador-humberto-mario-rasi\/","og_locale":"es_ES","og_type":"article","og_title":"Fallece a los 88 a\u00f1os el destacado educador Humberto Mario Rasi - Iglesia Adventista del S\u00e9ptimo D\u00eda - Divisi\u00f3n Interamericana","og_description":"Fue mentor de profesionales y sum\u00f3 apoyo para los estudiantes adventistas en instituciones p\u00fablicas. 5 de julio de 2023 | Silver Spring, Maryland, Estados Unidos | Marcos Paseggi, Adventist Review...","og_url":"https:\/\/interamerica.org\/es\/2023\/07\/fallece-a-los-88-anos-el-destacado-educador-humberto-mario-rasi\/","og_site_name":"Iglesia Adventista del S\u00e9ptimo D\u00eda - Divisi\u00f3n Interamericana","article_published_time":"2023-07-05T13:52:43+00:00","article_modified_time":"2023-07-05T16:52:57+00:00","og_image":[{"width":1280,"height":800,"url":"https:\/\/interamerica.org\/wp-content\/uploads\/2023\/07\/mario-rasi-obit.png","type":"image\/png"}],"author":"libna","twitter_card":"summary_large_image","twitter_misc":{"Escrito por":"libna","Tiempo de lectura":"6 minutos"},"schema":{"@context":"https:\/\/schema.org","@graph":[{"@type":"Article","@id":"https:\/\/interamerica.org\/es\/2023\/07\/fallece-a-los-88-anos-el-destacado-educador-humberto-mario-rasi\/#article","isPartOf":{"@id":"https:\/\/interamerica.org\/es\/2023\/07\/fallece-a-los-88-anos-el-destacado-educador-humberto-mario-rasi\/"},"author":{"name":"libna","@id":"https:\/\/interamerica.org\/es\/#\/schema\/person\/29998f2bc2d8bd0d38662909289b54f1"},"headline":"Fallece a los 88 a\u00f1os el destacado educador Humberto Mario Rasi","datePublished":"2023-07-05T13:52:43+00:00","dateModified":"2023-07-05T16:52:57+00:00","mainEntityOfPage":{"@id":"https:\/\/interamerica.org\/es\/2023\/07\/fallece-a-los-88-anos-el-destacado-educador-humberto-mario-rasi\/"},"wordCount":1364,"image":{"@id":"https:\/\/interamerica.org\/es\/2023\/07\/fallece-a-los-88-anos-el-destacado-educador-humberto-mario-rasi\/#primaryimage"},"thumbnailUrl":"https:\/\/interamerica.org\/wp-content\/uploads\/2023\/07\/mario-rasi-obit.png","articleSection":["Desde la iglesia mundial","RSS Espa\u00f1ol"],"inLanguage":"es"},{"@type":"WebPage","@id":"https:\/\/interamerica.org\/es\/2023\/07\/fallece-a-los-88-anos-el-destacado-educador-humberto-mario-rasi\/","url":"https:\/\/interamerica.org\/es\/2023\/07\/fallece-a-los-88-anos-el-destacado-educador-humberto-mario-rasi\/","name":"Fallece a los 88 a\u00f1os el destacado educador Humberto Mario Rasi - Iglesia Adventista del S\u00e9ptimo D\u00eda - Divisi\u00f3n Interamericana","isPartOf":{"@id":"https:\/\/interamerica.org\/es\/#website"},"primaryImageOfPage":{"@id":"https:\/\/interamerica.org\/es\/2023\/07\/fallece-a-los-88-anos-el-destacado-educador-humberto-mario-rasi\/#primaryimage"},"image":{"@id":"https:\/\/interamerica.org\/es\/2023\/07\/fallece-a-los-88-anos-el-destacado-educador-humberto-mario-rasi\/#primaryimage"},"thumbnailUrl":"https:\/\/interamerica.org\/wp-content\/uploads\/2023\/07\/mario-rasi-obit.png","datePublished":"2023-07-05T13:52:43+00:00","dateModified":"2023-07-05T16:52:57+00:00","author":{"@id":"https:\/\/interamerica.org\/es\/#\/schema\/person\/29998f2bc2d8bd0d38662909289b54f1"},"breadcrumb":{"@id":"https:\/\/interamerica.org\/es\/2023\/07\/fallece-a-los-88-anos-el-destacado-educador-humberto-mario-rasi\/#breadcrumb"},"inLanguage":"es","potentialAction":[{"@type":"ReadAction","target":["https:\/\/interamerica.org\/es\/2023\/07\/fallece-a-los-88-anos-el-destacado-educador-humberto-mario-rasi\/"]}]},{"@type":"ImageObject","inLanguage":"es","@id":"https:\/\/interamerica.org\/es\/2023\/07\/fallece-a-los-88-anos-el-destacado-educador-humberto-mario-rasi\/#primaryimage","url":"https:\/\/interamerica.org\/wp-content\/uploads\/2023\/07\/mario-rasi-obit.png","contentUrl":"https:\/\/interamerica.org\/wp-content\/uploads\/2023\/07\/mario-rasi-obit.png","width":1280,"height":800},{"@type":"BreadcrumbList","@id":"https:\/\/interamerica.org\/es\/2023\/07\/fallece-a-los-88-anos-el-destacado-educador-humberto-mario-rasi\/#breadcrumb","itemListElement":[{"@type":"ListItem","position":1,"name":"Home","item":"https:\/\/interamerica.org\/es\/"},{"@type":"ListItem","position":2,"name":"Fallece a los 88 a\u00f1os el destacado educador Humberto Mario Rasi"}]},{"@type":"WebSite","@id":"https:\/\/interamerica.org\/es\/#website","url":"https:\/\/interamerica.org\/es\/","name":"Iglesia Adventista del S\u00e9ptimo D\u00eda - Divisi\u00f3n Interamericana","description":"","potentialAction":[{"@type":"SearchAction","target":{"@type":"EntryPoint","urlTemplate":"https:\/\/interamerica.org\/es\/?s={search_term_string}"},"query-input":{"@type":"PropertyValueSpecification","valueRequired":true,"valueName":"search_term_string"}}],"inLanguage":"es"},{"@type":"Person","@id":"https:\/\/interamerica.org\/es\/#\/schema\/person\/29998f2bc2d8bd0d38662909289b54f1","name":"libna","image":{"@type":"ImageObject","inLanguage":"es","@id":"https:\/\/secure.gravatar.com\/avatar\/7c5bd30ae4b47a9ba3c856590957fd1d96dc588bf3ac05719d247e126840331f?s=96&d=mm&r=g","url":"https:\/\/secure.gravatar.com\/avatar\/7c5bd30ae4b47a9ba3c856590957fd1d96dc588bf3ac05719d247e126840331f?s=96&d=mm&r=g","contentUrl":"https:\/\/secure.gravatar.com\/avatar\/7c5bd30ae4b47a9ba3c856590957fd1d96dc588bf3ac05719d247e126840331f?s=96&d=mm&r=g","caption":"libna"}}]}},"_links":{"self":[{"href":"https:\/\/interamerica.org\/es\/wp-json\/wp\/v2\/posts\/100569","targetHints":{"allow":["GET"]}}],"collection":[{"href":"https:\/\/interamerica.org\/es\/wp-json\/wp\/v2\/posts"}],"about":[{"href":"https:\/\/interamerica.org\/es\/wp-json\/wp\/v2\/types\/post"}],"author":[{"embeddable":true,"href":"https:\/\/interamerica.org\/es\/wp-json\/wp\/v2\/users\/3"}],"replies":[{"embeddable":true,"href":"https:\/\/interamerica.org\/es\/wp-json\/wp\/v2\/comments?post=100569"}],"version-history":[{"count":0,"href":"https:\/\/interamerica.org\/es\/wp-json\/wp\/v2\/posts\/100569\/revisions"}],"wp:featuredmedia":[{"embeddable":true,"href":"https:\/\/interamerica.org\/es\/wp-json\/wp\/v2\/media\/100564"}],"wp:attachment":[{"href":"https:\/\/interamerica.org\/es\/wp-json\/wp\/v2\/media?parent=100569"}],"wp:term":[{"taxonomy":"category","embeddable":true,"href":"https:\/\/interamerica.org\/es\/wp-json\/wp\/v2\/categories?post=100569"},{"taxonomy":"post_tag","embeddable":true,"href":"https:\/\/interamerica.org\/es\/wp-json\/wp\/v2\/tags?post=100569"}],"curies":[{"name":"wp","href":"https:\/\/api.w.org\/{rel}","templated":true}]}}