{"id":100572,"date":"2023-07-05T09:41:46","date_gmt":"2023-07-05T13:41:46","guid":{"rendered":"https:\/\/interamerica.org\/?p=100572"},"modified":"2023-07-06T09:29:28","modified_gmt":"2023-07-06T13:29:28","slug":"judy-r-glass-nombrada-tesorera-de-la-division-norteamericana","status":"publish","type":"post","link":"https:\/\/interamerica.org\/es\/2023\/07\/judy-r-glass-nombrada-tesorera-de-la-division-norteamericana\/","title":{"rendered":"Judy R. Glass nombrada tesorera de la Divisi\u00f3n Norteamericana"},"content":{"rendered":"<p><strong>La Junta Ejecutiva de la Asociaci\u00f3n General de los Adventistas del S\u00e9ptimo D\u00eda tom\u00f3 el voto el 29 de junio. <\/strong><\/p>\n<p>4 de julio de 2023 | Columbia, Maryland, Estados Unidos| Kimberly Luste Maran, Noticias de la Divisi\u00f3n Norteamericana<\/p>\n<p>El 29 de junio del presente, la Junta Ejecutiva de la Asociaci\u00f3n General de los Adventistas del S\u00e9ptimo D\u00eda se reuni\u00f3 para recibir, tanto por parte de la comisi\u00f3n permanente de nombramientos de la Divisi\u00f3n Norteamericana, como por parte de la comisi\u00f3n ejecutiva*, el nombre de Judy R. Glass, en recomendaci\u00f3n para la posici\u00f3n de tesorera de la Divisi\u00f3n Norteamericana. La nueva posici\u00f3n de Judy Glass fue confirmada a trav\u00e9s de un voto afirmativo en un 99 por ciento, convirti\u00e9ndose con ello en la primera mujer que presta sus servicios como tesorera de la Divisi\u00f3n Norteamericana (NAD, por sus siglas en ingl\u00e9s) de la Iglesia Adventista del S\u00e9ptimo D\u00eda.<\/p>\n<p>\u201cMe siento feliz de que Judy R. Glass se una a nuestro equipo ejecutivo en este momento hist\u00f3rico. Este es el equipo ejecutivo m\u00e1s diverso en nuestra historia. Creo que Dios la ha equipado y preparado en forma \u00fanica para prestar su servicio a la iglesia en la Divisi\u00f3n Norteamericana en este momento\u201d, dijo el presidente de la misma, G. Alexander Bryant, quien preside ambas sesiones de la divisi\u00f3n.<\/p>\n<p>El presidente Bryant continu\u00f3 diciendo: \u201cElla ha servido fiel y diligentemente a la iglesia en varios aspectos durante los pasados 25 a\u00f1os. Por la gracia de Dios, con su nombramiento llevaremos adelante en forma agresiva la misi\u00f3n de la iglesia \u2014y pronto veremos regresar a nuestro Se\u00f1or. Oremos en su favor al asumir esta nueva responsabilidad\u201d.<\/p>\n<p><div id=\"attachment_100555\" style=\"width: 547px\" class=\"wp-caption aligncenter\"><img fetchpriority=\"high\" decoding=\"async\" aria-describedby=\"caption-attachment-100555\" class=\" wp-image-100553\" src=\"https:\/\/interamerica.org\/wp-content\/uploads\/2023\/07\/judyglass2020-940x1024.jpeg\" alt=\"\" width=\"537\" height=\"585\" srcset=\"https:\/\/interamerica.org\/wp-content\/uploads\/2023\/07\/judyglass2020-940x1024.jpeg 940w, https:\/\/interamerica.org\/wp-content\/uploads\/2023\/07\/judyglass2020-275x300.jpeg 275w, https:\/\/interamerica.org\/wp-content\/uploads\/2023\/07\/judyglass2020-768x837.jpeg 768w, https:\/\/interamerica.org\/wp-content\/uploads\/2023\/07\/judyglass2020-1410x1536.jpeg 1410w, https:\/\/interamerica.org\/wp-content\/uploads\/2023\/07\/judyglass2020-1879x2048.jpeg 1879w\" sizes=\"(max-width: 537px) 100vw, 537px\" \/><p id=\"caption-attachment-100555\" class=\"wp-caption-text\">Judy Glass, la nueva tesorera de la Divisi\u00f3n Norteamericana, fue elegida como tal el 29 de junio de 2023. Ella ser\u00e1 la primera mujer en prestar sus servicios en esta capacidad. [Imagen: Divisi\u00f3n Norteamericana]<\/p><\/div>La nueva tesorera Glass reemplazar\u00e1 a Randy Robinson, quien se acoger\u00e1 a la jubilaci\u00f3n el 31 de julio despu\u00e9s de haber prestado sus servicios a la iglesia durante 40 a\u00f1os. El tesorero Robinson fue nombrado oficialmente como tesorero de la Divisi\u00f3n Norteamericana en noviembre de 2018, durante la sesi\u00f3n de fin de a\u00f1o de la NAD y fue reelegido en la Sesi\u00f3n de la Asociaci\u00f3n General \u00a02022, en San Luis, Missouri.<\/p>\n<p>\u201cHa sido un gran honor el haber prestado mis servicios como tesorero de la Divisi\u00f3n Norteamericana por los \u00faltimos casi 5 a\u00f1os. Durante la mayor\u00eda de ese tiempo, Judy Glass ha servido como subtesorera y ha demostrado ser una administradora excepcional\u201d, dijo el tesorero Robinson. Apoyo sin ninguna reserva su elecci\u00f3n a esta posici\u00f3n. Estoy seguro de que Dios la usar\u00e1 para guiar financieramente a esta gran divisi\u00f3n y para apoyar la misi\u00f3n a la que Dios nos ha llamado\u201d.<\/p>\n<p>Al enterarse de la decisi\u00f3n tomada, la tesorera Glass se expres\u00f3, diciendo: \u201cEs un honor y privilegio el que se me haya pedido prestar mis servicios como tesorera y directora financiera de la Divisi\u00f3n Norteamericana. Dios me ha bendecido con incre\u00edbles mentores a trav\u00e9s de mi carrera y aprecio mucho la inversi\u00f3n que cada uno de ellos ha hecho en m\u00ed. Quedo a la expectativa de ver en qu\u00e9 forma se desenvolver\u00e1n los planes de Dios para nuestra iglesia y en qu\u00e9 forma puedo prestar mi servicio en esta nueva posici\u00f3n\u201d.<\/p>\n<p>Judy Glass ha prestado sus servicios como subtesorera de la NAD desde noviembre de 2019. En esa posici\u00f3n, la nueva tesorera Glass ayud\u00f3 a manejar el presupuesto de la divisi\u00f3n y a supervisar las operaciones diarias de la tesorer\u00eda de la NAD y su personal. Previamente, Judy Glass prest\u00f3 sus servicios como directora financiera de AdventSource, en donde trabaj\u00f3 durante diez a\u00f1os, guiando a este ministerio en el pago de su deuda y construcci\u00f3n de un edificio, entre muchos otros logros.<\/p>\n<p>La nueva tesorera Glass prest\u00f3 tambi\u00e9n sus servicios como profesora adjunta en la Divisi\u00f3n de Administraci\u00f3n y Ciencias de la Computaci\u00f3n de Union College, en Lincoln, Nebraska, en 1996, 2013 a 2015 y 2019. Tampoco es una extra\u00f1a en la regi\u00f3n, siendo que trabaj\u00f3 como administradora asociada y directora financiera de Planes de Jubilaci\u00f3n de la NAD, de 2006 a 2009.<\/p>\n<p>Antes de ello, Judy Glass fue gerente de negocios en la Academia Spring Valley, en Centerville, Ohio, de 1997 a 2006; y gerente de negocios tanto de la Academia College View, como de la Escuela Primaria Helen Hyatt, en Lincoln, Nebraska, de 1994 a 1997. Su primera posici\u00f3n despu\u00e9s de graduar de licenciatura, fue la de tesorera asistente de la Academia Adventista Great Lake, en Cedar Lake, M\u00edchigan, en la que prest\u00f3 sus servicios de 1991 a 1994.<\/p>\n<p>Recibi\u00f3 su licenciatura en Administraci\u00f3n de Negocios, con \u00e9nfasis en contadur\u00eda y administraci\u00f3n, en Union College, en Lincoln, Nebraska, en 1991. En 2008, obtuvo su maestr\u00eda en Administraci\u00f3n de Negocios, de Columbia Union College (ahora Universidad Adventista Washington), en Takoma Park, Maryland.<\/p>\n<p>La nueva tesorera Glass se une al presidente Bryant y secretario ejecutivo Kyoshin Ahn en el equipo de liderazgo de la NAD, un territorio con m\u00e1s de 1.2 millones de miembros en Bermuda, Canad\u00e1, Guam, Micronesia y los Estados Unidos.<\/p>\n<p>* Todos los directores ejecutivos de las divisiones mundiales prestan sus servicios como directivos elegidos de la Asociaci\u00f3n General; y su nominaci\u00f3n y elecci\u00f3n por la regi\u00f3n que representan deben ser aprobadas por la Junta Ejecutiva de la Asociaci\u00f3n General. Las reuniones de la NAD conducentes a la reuni\u00f3n de la AG, se llevaron a cabo virtualmente v\u00eda Zoom con un proceso electr\u00f3nico de votaci\u00f3n previamente utilizado que usa tecnolog\u00eda de tel\u00e9fono m\u00f3vil.<\/p>\n<p>La <a href=\"https:\/\/www.nadadventist.org\/news\/judy-r-glass-named-north-american-division-treasurer\">versi\u00f3n original<\/a> de esta noticia se public\u00f3 en el <a href=\"https:\/\/www.nadadventist.org\/news\">sitio de noticias<\/a> de la Divisi\u00f3n Norteamericana.<\/p>\n<p>Traducci\u00f3n \u2013 Gloria A. Castrej\u00f3n<\/p>\n<p>&nbsp;<\/p>\n","protected":false},"excerpt":{"rendered":"<p>La Junta Ejecutiva de la Asociaci\u00f3n General de los Adventistas del S\u00e9ptimo D\u00eda tom\u00f3 el voto el 29 de junio. 4 de julio de 2023 | Columbia, Maryland, Estados Unidos|&#8230;<\/p>\n","protected":false},"author":3,"featured_media":100558,"comment_status":"closed","ping_status":"closed","sticky":false,"template":"","format":"standard","meta":{"_acf_changed":false,"footnotes":""},"categories":[14,15],"tags":[],"class_list":["post-100572","post","type-post","status-publish","format-standard","has-post-thumbnail","hentry","category-de-la-iglesia-mundial","category-rss-espanol"],"acf":[],"yoast_head":"<!-- This site is optimized with the Yoast SEO plugin v27.3 - https:\/\/yoast.com\/product\/yoast-seo-wordpress\/ -->\n<title>Judy R. Glass nombrada tesorera de la Divisi\u00f3n Norteamericana - Iglesia Adventista del S\u00e9ptimo D\u00eda - Divisi\u00f3n Interamericana<\/title>\n<meta name=\"robots\" content=\"index, follow, max-snippet:-1, max-image-preview:large, max-video-preview:-1\" \/>\n<link rel=\"canonical\" href=\"https:\/\/interamerica.org\/es\/2023\/07\/judy-r-glass-nombrada-tesorera-de-la-division-norteamericana\/\" \/>\n<meta property=\"og:locale\" content=\"es_ES\" \/>\n<meta property=\"og:type\" content=\"article\" \/>\n<meta property=\"og:title\" content=\"Judy R. Glass nombrada tesorera de la Divisi\u00f3n Norteamericana - Iglesia Adventista del S\u00e9ptimo D\u00eda - Divisi\u00f3n Interamericana\" \/>\n<meta property=\"og:description\" content=\"La Junta Ejecutiva de la Asociaci\u00f3n General de los Adventistas del S\u00e9ptimo D\u00eda tom\u00f3 el voto el 29 de junio. 4 de julio de 2023 | Columbia, Maryland, Estados Unidos|...\" \/>\n<meta property=\"og:url\" content=\"https:\/\/interamerica.org\/es\/2023\/07\/judy-r-glass-nombrada-tesorera-de-la-division-norteamericana\/\" \/>\n<meta property=\"og:site_name\" content=\"Iglesia Adventista del S\u00e9ptimo D\u00eda - Divisi\u00f3n Interamericana\" \/>\n<meta property=\"article:published_time\" content=\"2023-07-05T13:41:46+00:00\" \/>\n<meta property=\"article:modified_time\" content=\"2023-07-06T13:29:28+00:00\" \/>\n<meta property=\"og:image\" content=\"https:\/\/interamerica.org\/wp-content\/uploads\/2023\/07\/judyglass2020-1-scaled.jpeg\" \/>\n\t<meta property=\"og:image:width\" content=\"2349\" \/>\n\t<meta property=\"og:image:height\" content=\"2560\" \/>\n\t<meta property=\"og:image:type\" content=\"image\/jpeg\" \/>\n<meta name=\"author\" content=\"libna\" \/>\n<meta name=\"twitter:card\" content=\"summary_large_image\" \/>\n<meta name=\"twitter:label1\" content=\"Escrito por\" \/>\n\t<meta name=\"twitter:data1\" content=\"libna\" \/>\n\t<meta name=\"twitter:label2\" content=\"Tiempo de lectura\" \/>\n\t<meta name=\"twitter:data2\" content=\"5 minutos\" \/>\n<script type=\"application\/ld+json\" class=\"yoast-schema-graph\">{\"@context\":\"https:\\\/\\\/schema.org\",\"@graph\":[{\"@type\":\"Article\",\"@id\":\"https:\\\/\\\/interamerica.org\\\/es\\\/2023\\\/07\\\/judy-r-glass-nombrada-tesorera-de-la-division-norteamericana\\\/#article\",\"isPartOf\":{\"@id\":\"https:\\\/\\\/interamerica.org\\\/es\\\/2023\\\/07\\\/judy-r-glass-nombrada-tesorera-de-la-division-norteamericana\\\/\"},\"author\":{\"name\":\"libna\",\"@id\":\"https:\\\/\\\/interamerica.org\\\/es\\\/#\\\/schema\\\/person\\\/29998f2bc2d8bd0d38662909289b54f1\"},\"headline\":\"Judy R. Glass nombrada tesorera de la Divisi\u00f3n Norteamericana\",\"datePublished\":\"2023-07-05T13:41:46+00:00\",\"dateModified\":\"2023-07-06T13:29:28+00:00\",\"mainEntityOfPage\":{\"@id\":\"https:\\\/\\\/interamerica.org\\\/es\\\/2023\\\/07\\\/judy-r-glass-nombrada-tesorera-de-la-division-norteamericana\\\/\"},\"wordCount\":1019,\"image\":{\"@id\":\"https:\\\/\\\/interamerica.org\\\/es\\\/2023\\\/07\\\/judy-r-glass-nombrada-tesorera-de-la-division-norteamericana\\\/#primaryimage\"},\"thumbnailUrl\":\"https:\\\/\\\/interamerica.org\\\/wp-content\\\/uploads\\\/2023\\\/07\\\/judyglass2020-1-scaled.jpeg\",\"articleSection\":[\"Desde la iglesia mundial\",\"RSS Espa\u00f1ol\"],\"inLanguage\":\"es\"},{\"@type\":\"WebPage\",\"@id\":\"https:\\\/\\\/interamerica.org\\\/es\\\/2023\\\/07\\\/judy-r-glass-nombrada-tesorera-de-la-division-norteamericana\\\/\",\"url\":\"https:\\\/\\\/interamerica.org\\\/es\\\/2023\\\/07\\\/judy-r-glass-nombrada-tesorera-de-la-division-norteamericana\\\/\",\"name\":\"Judy R. Glass nombrada tesorera de la Divisi\u00f3n Norteamericana - Iglesia Adventista del S\u00e9ptimo D\u00eda - Divisi\u00f3n Interamericana\",\"isPartOf\":{\"@id\":\"https:\\\/\\\/interamerica.org\\\/es\\\/#website\"},\"primaryImageOfPage\":{\"@id\":\"https:\\\/\\\/interamerica.org\\\/es\\\/2023\\\/07\\\/judy-r-glass-nombrada-tesorera-de-la-division-norteamericana\\\/#primaryimage\"},\"image\":{\"@id\":\"https:\\\/\\\/interamerica.org\\\/es\\\/2023\\\/07\\\/judy-r-glass-nombrada-tesorera-de-la-division-norteamericana\\\/#primaryimage\"},\"thumbnailUrl\":\"https:\\\/\\\/interamerica.org\\\/wp-content\\\/uploads\\\/2023\\\/07\\\/judyglass2020-1-scaled.jpeg\",\"datePublished\":\"2023-07-05T13:41:46+00:00\",\"dateModified\":\"2023-07-06T13:29:28+00:00\",\"author\":{\"@id\":\"https:\\\/\\\/interamerica.org\\\/es\\\/#\\\/schema\\\/person\\\/29998f2bc2d8bd0d38662909289b54f1\"},\"breadcrumb\":{\"@id\":\"https:\\\/\\\/interamerica.org\\\/es\\\/2023\\\/07\\\/judy-r-glass-nombrada-tesorera-de-la-division-norteamericana\\\/#breadcrumb\"},\"inLanguage\":\"es\",\"potentialAction\":[{\"@type\":\"ReadAction\",\"target\":[\"https:\\\/\\\/interamerica.org\\\/es\\\/2023\\\/07\\\/judy-r-glass-nombrada-tesorera-de-la-division-norteamericana\\\/\"]}]},{\"@type\":\"ImageObject\",\"inLanguage\":\"es\",\"@id\":\"https:\\\/\\\/interamerica.org\\\/es\\\/2023\\\/07\\\/judy-r-glass-nombrada-tesorera-de-la-division-norteamericana\\\/#primaryimage\",\"url\":\"https:\\\/\\\/interamerica.org\\\/wp-content\\\/uploads\\\/2023\\\/07\\\/judyglass2020-1-scaled.jpeg\",\"contentUrl\":\"https:\\\/\\\/interamerica.org\\\/wp-content\\\/uploads\\\/2023\\\/07\\\/judyglass2020-1-scaled.jpeg\",\"width\":2349,\"height\":2560,\"caption\":\"Judy R. Glass, new North American Division treasurer, was elected on June 29, 2023. She will be the first woman to serve in this role. [Photo: North American Division]\"},{\"@type\":\"BreadcrumbList\",\"@id\":\"https:\\\/\\\/interamerica.org\\\/es\\\/2023\\\/07\\\/judy-r-glass-nombrada-tesorera-de-la-division-norteamericana\\\/#breadcrumb\",\"itemListElement\":[{\"@type\":\"ListItem\",\"position\":1,\"name\":\"Home\",\"item\":\"https:\\\/\\\/interamerica.org\\\/es\\\/\"},{\"@type\":\"ListItem\",\"position\":2,\"name\":\"Judy R. Glass nombrada tesorera de la Divisi\u00f3n Norteamericana\"}]},{\"@type\":\"WebSite\",\"@id\":\"https:\\\/\\\/interamerica.org\\\/es\\\/#website\",\"url\":\"https:\\\/\\\/interamerica.org\\\/es\\\/\",\"name\":\"Iglesia Adventista del S\u00e9ptimo D\u00eda - Divisi\u00f3n Interamericana\",\"description\":\"\",\"potentialAction\":[{\"@type\":\"SearchAction\",\"target\":{\"@type\":\"EntryPoint\",\"urlTemplate\":\"https:\\\/\\\/interamerica.org\\\/es\\\/?s={search_term_string}\"},\"query-input\":{\"@type\":\"PropertyValueSpecification\",\"valueRequired\":true,\"valueName\":\"search_term_string\"}}],\"inLanguage\":\"es\"},{\"@type\":\"Person\",\"@id\":\"https:\\\/\\\/interamerica.org\\\/es\\\/#\\\/schema\\\/person\\\/29998f2bc2d8bd0d38662909289b54f1\",\"name\":\"libna\",\"image\":{\"@type\":\"ImageObject\",\"inLanguage\":\"es\",\"@id\":\"https:\\\/\\\/secure.gravatar.com\\\/avatar\\\/7c5bd30ae4b47a9ba3c856590957fd1d96dc588bf3ac05719d247e126840331f?s=96&d=mm&r=g\",\"url\":\"https:\\\/\\\/secure.gravatar.com\\\/avatar\\\/7c5bd30ae4b47a9ba3c856590957fd1d96dc588bf3ac05719d247e126840331f?s=96&d=mm&r=g\",\"contentUrl\":\"https:\\\/\\\/secure.gravatar.com\\\/avatar\\\/7c5bd30ae4b47a9ba3c856590957fd1d96dc588bf3ac05719d247e126840331f?s=96&d=mm&r=g\",\"caption\":\"libna\"}}]}<\/script>\n<!-- \/ Yoast SEO plugin. -->","yoast_head_json":{"title":"Judy R. Glass nombrada tesorera de la Divisi\u00f3n Norteamericana - Iglesia Adventista del S\u00e9ptimo D\u00eda - Divisi\u00f3n Interamericana","robots":{"index":"index","follow":"follow","max-snippet":"max-snippet:-1","max-image-preview":"max-image-preview:large","max-video-preview":"max-video-preview:-1"},"canonical":"https:\/\/interamerica.org\/es\/2023\/07\/judy-r-glass-nombrada-tesorera-de-la-division-norteamericana\/","og_locale":"es_ES","og_type":"article","og_title":"Judy R. Glass nombrada tesorera de la Divisi\u00f3n Norteamericana - Iglesia Adventista del S\u00e9ptimo D\u00eda - Divisi\u00f3n Interamericana","og_description":"La Junta Ejecutiva de la Asociaci\u00f3n General de los Adventistas del S\u00e9ptimo D\u00eda tom\u00f3 el voto el 29 de junio. 4 de julio de 2023 | Columbia, Maryland, Estados Unidos|...","og_url":"https:\/\/interamerica.org\/es\/2023\/07\/judy-r-glass-nombrada-tesorera-de-la-division-norteamericana\/","og_site_name":"Iglesia Adventista del S\u00e9ptimo D\u00eda - Divisi\u00f3n Interamericana","article_published_time":"2023-07-05T13:41:46+00:00","article_modified_time":"2023-07-06T13:29:28+00:00","og_image":[{"width":2349,"height":2560,"url":"https:\/\/interamerica.org\/wp-content\/uploads\/2023\/07\/judyglass2020-1-scaled.jpeg","type":"image\/jpeg"}],"author":"libna","twitter_card":"summary_large_image","twitter_misc":{"Escrito por":"libna","Tiempo de lectura":"5 minutos"},"schema":{"@context":"https:\/\/schema.org","@graph":[{"@type":"Article","@id":"https:\/\/interamerica.org\/es\/2023\/07\/judy-r-glass-nombrada-tesorera-de-la-division-norteamericana\/#article","isPartOf":{"@id":"https:\/\/interamerica.org\/es\/2023\/07\/judy-r-glass-nombrada-tesorera-de-la-division-norteamericana\/"},"author":{"name":"libna","@id":"https:\/\/interamerica.org\/es\/#\/schema\/person\/29998f2bc2d8bd0d38662909289b54f1"},"headline":"Judy R. Glass nombrada tesorera de la Divisi\u00f3n Norteamericana","datePublished":"2023-07-05T13:41:46+00:00","dateModified":"2023-07-06T13:29:28+00:00","mainEntityOfPage":{"@id":"https:\/\/interamerica.org\/es\/2023\/07\/judy-r-glass-nombrada-tesorera-de-la-division-norteamericana\/"},"wordCount":1019,"image":{"@id":"https:\/\/interamerica.org\/es\/2023\/07\/judy-r-glass-nombrada-tesorera-de-la-division-norteamericana\/#primaryimage"},"thumbnailUrl":"https:\/\/interamerica.org\/wp-content\/uploads\/2023\/07\/judyglass2020-1-scaled.jpeg","articleSection":["Desde la iglesia mundial","RSS Espa\u00f1ol"],"inLanguage":"es"},{"@type":"WebPage","@id":"https:\/\/interamerica.org\/es\/2023\/07\/judy-r-glass-nombrada-tesorera-de-la-division-norteamericana\/","url":"https:\/\/interamerica.org\/es\/2023\/07\/judy-r-glass-nombrada-tesorera-de-la-division-norteamericana\/","name":"Judy R. Glass nombrada tesorera de la Divisi\u00f3n Norteamericana - Iglesia Adventista del S\u00e9ptimo D\u00eda - Divisi\u00f3n Interamericana","isPartOf":{"@id":"https:\/\/interamerica.org\/es\/#website"},"primaryImageOfPage":{"@id":"https:\/\/interamerica.org\/es\/2023\/07\/judy-r-glass-nombrada-tesorera-de-la-division-norteamericana\/#primaryimage"},"image":{"@id":"https:\/\/interamerica.org\/es\/2023\/07\/judy-r-glass-nombrada-tesorera-de-la-division-norteamericana\/#primaryimage"},"thumbnailUrl":"https:\/\/interamerica.org\/wp-content\/uploads\/2023\/07\/judyglass2020-1-scaled.jpeg","datePublished":"2023-07-05T13:41:46+00:00","dateModified":"2023-07-06T13:29:28+00:00","author":{"@id":"https:\/\/interamerica.org\/es\/#\/schema\/person\/29998f2bc2d8bd0d38662909289b54f1"},"breadcrumb":{"@id":"https:\/\/interamerica.org\/es\/2023\/07\/judy-r-glass-nombrada-tesorera-de-la-division-norteamericana\/#breadcrumb"},"inLanguage":"es","potentialAction":[{"@type":"ReadAction","target":["https:\/\/interamerica.org\/es\/2023\/07\/judy-r-glass-nombrada-tesorera-de-la-division-norteamericana\/"]}]},{"@type":"ImageObject","inLanguage":"es","@id":"https:\/\/interamerica.org\/es\/2023\/07\/judy-r-glass-nombrada-tesorera-de-la-division-norteamericana\/#primaryimage","url":"https:\/\/interamerica.org\/wp-content\/uploads\/2023\/07\/judyglass2020-1-scaled.jpeg","contentUrl":"https:\/\/interamerica.org\/wp-content\/uploads\/2023\/07\/judyglass2020-1-scaled.jpeg","width":2349,"height":2560,"caption":"Judy R. Glass, new North American Division treasurer, was elected on June 29, 2023. She will be the first woman to serve in this role. [Photo: North American Division]"},{"@type":"BreadcrumbList","@id":"https:\/\/interamerica.org\/es\/2023\/07\/judy-r-glass-nombrada-tesorera-de-la-division-norteamericana\/#breadcrumb","itemListElement":[{"@type":"ListItem","position":1,"name":"Home","item":"https:\/\/interamerica.org\/es\/"},{"@type":"ListItem","position":2,"name":"Judy R. Glass nombrada tesorera de la Divisi\u00f3n Norteamericana"}]},{"@type":"WebSite","@id":"https:\/\/interamerica.org\/es\/#website","url":"https:\/\/interamerica.org\/es\/","name":"Iglesia Adventista del S\u00e9ptimo D\u00eda - Divisi\u00f3n Interamericana","description":"","potentialAction":[{"@type":"SearchAction","target":{"@type":"EntryPoint","urlTemplate":"https:\/\/interamerica.org\/es\/?s={search_term_string}"},"query-input":{"@type":"PropertyValueSpecification","valueRequired":true,"valueName":"search_term_string"}}],"inLanguage":"es"},{"@type":"Person","@id":"https:\/\/interamerica.org\/es\/#\/schema\/person\/29998f2bc2d8bd0d38662909289b54f1","name":"libna","image":{"@type":"ImageObject","inLanguage":"es","@id":"https:\/\/secure.gravatar.com\/avatar\/7c5bd30ae4b47a9ba3c856590957fd1d96dc588bf3ac05719d247e126840331f?s=96&d=mm&r=g","url":"https:\/\/secure.gravatar.com\/avatar\/7c5bd30ae4b47a9ba3c856590957fd1d96dc588bf3ac05719d247e126840331f?s=96&d=mm&r=g","contentUrl":"https:\/\/secure.gravatar.com\/avatar\/7c5bd30ae4b47a9ba3c856590957fd1d96dc588bf3ac05719d247e126840331f?s=96&d=mm&r=g","caption":"libna"}}]}},"_links":{"self":[{"href":"https:\/\/interamerica.org\/es\/wp-json\/wp\/v2\/posts\/100572","targetHints":{"allow":["GET"]}}],"collection":[{"href":"https:\/\/interamerica.org\/es\/wp-json\/wp\/v2\/posts"}],"about":[{"href":"https:\/\/interamerica.org\/es\/wp-json\/wp\/v2\/types\/post"}],"author":[{"embeddable":true,"href":"https:\/\/interamerica.org\/es\/wp-json\/wp\/v2\/users\/3"}],"replies":[{"embeddable":true,"href":"https:\/\/interamerica.org\/es\/wp-json\/wp\/v2\/comments?post=100572"}],"version-history":[{"count":0,"href":"https:\/\/interamerica.org\/es\/wp-json\/wp\/v2\/posts\/100572\/revisions"}],"wp:featuredmedia":[{"embeddable":true,"href":"https:\/\/interamerica.org\/es\/wp-json\/wp\/v2\/media\/100558"}],"wp:attachment":[{"href":"https:\/\/interamerica.org\/es\/wp-json\/wp\/v2\/media?parent=100572"}],"wp:term":[{"taxonomy":"category","embeddable":true,"href":"https:\/\/interamerica.org\/es\/wp-json\/wp\/v2\/categories?post=100572"},{"taxonomy":"post_tag","embeddable":true,"href":"https:\/\/interamerica.org\/es\/wp-json\/wp\/v2\/tags?post=100572"}],"curies":[{"name":"wp","href":"https:\/\/api.w.org\/{rel}","templated":true}]}}