{"id":100621,"date":"2023-07-07T10:58:31","date_gmt":"2023-07-07T14:58:31","guid":{"rendered":"https:\/\/interamerica.org\/?p=100621"},"modified":"2023-07-11T09:31:33","modified_gmt":"2023-07-11T13:31:33","slug":"encaminados-en-sabiduria","status":"publish","type":"post","link":"https:\/\/interamerica.org\/es\/2023\/07\/encaminados-en-sabiduria\/","title":{"rendered":"Encaminados en Sabidur\u00eda"},"content":{"rendered":"<p><span style=\"font-weight: 400;\"><em>A continuaci\u00f3n se encuentra\u00a0 un mensaje dirigido a la Iglesia Adventista del S\u00e9ptimo D\u00eda en Interam\u00e9rica por el presidente de la Divisi\u00f3n Interamericana, Elie Henry\u2013Personal de noticias de la DIA<\/em><\/span><\/p>\n<p><em><span style=\"font-weight: 400;\">Esta semana el pastor Elie Henry reflexiona sobre la importancia de los ni\u00f1os, adolescentes y j\u00f3venes en la iglesia, y nos invita a inspirarlos a vivir para Cristo, a involucrarlos en la vida de la iglesia y equiparlos para que sean disc\u00edpulos fieles. Pero adem\u00e1s a orar por ellos de modo que sean llenos del Esp\u00edritu Santo, guiados por Su sabidur\u00eda y discernimiento en todas las \u00e1reas de sus vidas.<\/span><\/em><\/p>\n<p>7 de julio 2023 | Miami, Florida, Estados Unidos | Por Elie Henry, presidente de la Iglesia Adventista del S\u00e9ptimo D\u00eda Divisi\u00f3n Interamericana<\/p>\n<p><span style=\"font-weight: 400;\">Apreciados hermanos y hermanas de Interam\u00e9rica, <\/span><\/p>\n<p><span style=\"font-weight: 400;\">Les saludo con gratitud a Dios por las oportunidades que como iglesia hemos tenido durante los primeros seis meses del a\u00f1o para involucrarnos en la misi\u00f3n de predicar el mensaje de salvaci\u00f3n.<\/span><\/p>\n<p><span style=\"font-weight: 400;\">Iniciamos este mes de julio con muchas actividades para ni\u00f1os, j\u00f3venes y estudiantes universitarios, como la Experiencia B\u00edblica de Vacaciones, campa\u00f1as juveniles y testificaci\u00f3n en l\u00ednea, entre otros.<\/span><\/p>\n<p><span style=\"font-weight: 400;\">Como iglesia valoramos el potencial que tienen los ni\u00f1os, adolescentes y j\u00f3venes para ser seguidores de Jes\u00fas y agentes de cambio en sus hogares, comunidades e iglesias y somos conscientes de los desaf\u00edos e influencias negativas a las que est\u00e1n expuestos; por ello tenemos el deber de inspirarlos a vivir para Cristo, de involucrarlos activamente en la vida de la iglesia y equiparlos para que sean disc\u00edpulos fieles. Pero adem\u00e1s tenemos el deber de orar por ellos cada d\u00eda, de modo que sean llenos del Esp\u00edritu Santo, guiados por Su sabidur\u00eda y discernimiento en todas las \u00e1reas de sus vidas.<\/span><\/p>\n<p><span style=\"font-weight: 400;\">Precisamente Proverbios 4:11-12, incluye una promesa que resulta de la sabidur\u00eda y la direcci\u00f3n de Dios en la vida de los ni\u00f1os y j\u00f3venes: \u201cPor el camino de la sabidur\u00eda te he encaminado, Y por veredas derechas te he hecho andar. Cuando anduvieres, no se estrechar\u00e1n tus pasos, Y si corrieres, no tropezar\u00e1s.<\/span><\/p>\n<p><span style=\"font-weight: 400;\">Les invito a unirse a cultivar la fe y el crecimiento espiritual de nuestras pr\u00f3ximas generaciones.<\/span><\/p>\n<p><span style=\"font-weight: 400;\">\u00a0<\/span><span style=\"font-weight: 400;\">Que Dios les bendiga.<\/span><\/p>\n<p>Elie Henry, presidente<br \/>\nDivisi\u00f3n Interamericana<\/p>\n","protected":false},"excerpt":{"rendered":"<p>A continuaci\u00f3n se encuentra\u00a0 un mensaje dirigido a la Iglesia Adventista del S\u00e9ptimo D\u00eda en Interam\u00e9rica por el presidente de la Divisi\u00f3n Interamericana, Elie Henry\u2013Personal de noticias de la DIA&#8230;<\/p>\n","protected":false},"author":3,"featured_media":100630,"comment_status":"closed","ping_status":"closed","sticky":false,"template":"","format":"standard","meta":{"_acf_changed":false,"footnotes":""},"categories":[16,15],"tags":[],"class_list":["post-100621","post","type-post","status-publish","format-standard","has-post-thumbnail","hentry","category-desde-la-sede","category-rss-espanol"],"acf":[],"yoast_head":"<!-- This site is optimized with the Yoast SEO plugin v27.3 - https:\/\/yoast.com\/product\/yoast-seo-wordpress\/ -->\n<title>Encaminados en Sabidur\u00eda - Iglesia Adventista del S\u00e9ptimo D\u00eda - Divisi\u00f3n Interamericana<\/title>\n<meta name=\"robots\" content=\"index, follow, max-snippet:-1, max-image-preview:large, max-video-preview:-1\" \/>\n<link rel=\"canonical\" href=\"https:\/\/interamerica.org\/es\/2023\/07\/encaminados-en-sabiduria\/\" \/>\n<meta property=\"og:locale\" content=\"es_ES\" \/>\n<meta property=\"og:type\" content=\"article\" \/>\n<meta property=\"og:title\" content=\"Encaminados en Sabidur\u00eda - Iglesia Adventista del S\u00e9ptimo D\u00eda - Divisi\u00f3n Interamericana\" \/>\n<meta property=\"og:description\" content=\"A continuaci\u00f3n se encuentra\u00a0 un mensaje dirigido a la Iglesia Adventista del S\u00e9ptimo D\u00eda en Interam\u00e9rica por el presidente de la Divisi\u00f3n Interamericana, Elie Henry\u2013Personal de noticias de la DIA...\" \/>\n<meta property=\"og:url\" content=\"https:\/\/interamerica.org\/es\/2023\/07\/encaminados-en-sabiduria\/\" \/>\n<meta property=\"og:site_name\" content=\"Iglesia Adventista del S\u00e9ptimo D\u00eda - Divisi\u00f3n Interamericana\" \/>\n<meta property=\"article:published_time\" content=\"2023-07-07T14:58:31+00:00\" \/>\n<meta property=\"article:modified_time\" content=\"2023-07-11T13:31:33+00:00\" \/>\n<meta property=\"og:image\" content=\"https:\/\/interamerica.org\/wp-content\/uploads\/2023\/07\/eh-jul7-2023.jpg\" \/>\n\t<meta property=\"og:image:width\" content=\"1000\" \/>\n\t<meta property=\"og:image:height\" content=\"619\" \/>\n\t<meta property=\"og:image:type\" content=\"image\/jpeg\" \/>\n<meta name=\"author\" content=\"libna\" \/>\n<meta name=\"twitter:card\" content=\"summary_large_image\" \/>\n<meta name=\"twitter:label1\" content=\"Escrito por\" \/>\n\t<meta name=\"twitter:data1\" content=\"libna\" \/>\n\t<meta name=\"twitter:label2\" content=\"Tiempo de lectura\" \/>\n\t<meta name=\"twitter:data2\" content=\"2 minutos\" \/>\n<script type=\"application\/ld+json\" class=\"yoast-schema-graph\">{\"@context\":\"https:\\\/\\\/schema.org\",\"@graph\":[{\"@type\":\"Article\",\"@id\":\"https:\\\/\\\/interamerica.org\\\/es\\\/2023\\\/07\\\/encaminados-en-sabiduria\\\/#article\",\"isPartOf\":{\"@id\":\"https:\\\/\\\/interamerica.org\\\/es\\\/2023\\\/07\\\/encaminados-en-sabiduria\\\/\"},\"author\":{\"name\":\"libna\",\"@id\":\"https:\\\/\\\/interamerica.org\\\/es\\\/#\\\/schema\\\/person\\\/29998f2bc2d8bd0d38662909289b54f1\"},\"headline\":\"Encaminados en Sabidur\u00eda\",\"datePublished\":\"2023-07-07T14:58:31+00:00\",\"dateModified\":\"2023-07-11T13:31:33+00:00\",\"mainEntityOfPage\":{\"@id\":\"https:\\\/\\\/interamerica.org\\\/es\\\/2023\\\/07\\\/encaminados-en-sabiduria\\\/\"},\"wordCount\":411,\"image\":{\"@id\":\"https:\\\/\\\/interamerica.org\\\/es\\\/2023\\\/07\\\/encaminados-en-sabiduria\\\/#primaryimage\"},\"thumbnailUrl\":\"https:\\\/\\\/interamerica.org\\\/wp-content\\\/uploads\\\/2023\\\/07\\\/eh-jul7-2023.jpg\",\"articleSection\":[\"Desde la sede\",\"RSS Espa\u00f1ol\"],\"inLanguage\":\"es\"},{\"@type\":\"WebPage\",\"@id\":\"https:\\\/\\\/interamerica.org\\\/es\\\/2023\\\/07\\\/encaminados-en-sabiduria\\\/\",\"url\":\"https:\\\/\\\/interamerica.org\\\/es\\\/2023\\\/07\\\/encaminados-en-sabiduria\\\/\",\"name\":\"Encaminados en Sabidur\u00eda - Iglesia Adventista del S\u00e9ptimo D\u00eda - Divisi\u00f3n Interamericana\",\"isPartOf\":{\"@id\":\"https:\\\/\\\/interamerica.org\\\/es\\\/#website\"},\"primaryImageOfPage\":{\"@id\":\"https:\\\/\\\/interamerica.org\\\/es\\\/2023\\\/07\\\/encaminados-en-sabiduria\\\/#primaryimage\"},\"image\":{\"@id\":\"https:\\\/\\\/interamerica.org\\\/es\\\/2023\\\/07\\\/encaminados-en-sabiduria\\\/#primaryimage\"},\"thumbnailUrl\":\"https:\\\/\\\/interamerica.org\\\/wp-content\\\/uploads\\\/2023\\\/07\\\/eh-jul7-2023.jpg\",\"datePublished\":\"2023-07-07T14:58:31+00:00\",\"dateModified\":\"2023-07-11T13:31:33+00:00\",\"author\":{\"@id\":\"https:\\\/\\\/interamerica.org\\\/es\\\/#\\\/schema\\\/person\\\/29998f2bc2d8bd0d38662909289b54f1\"},\"breadcrumb\":{\"@id\":\"https:\\\/\\\/interamerica.org\\\/es\\\/2023\\\/07\\\/encaminados-en-sabiduria\\\/#breadcrumb\"},\"inLanguage\":\"es\",\"potentialAction\":[{\"@type\":\"ReadAction\",\"target\":[\"https:\\\/\\\/interamerica.org\\\/es\\\/2023\\\/07\\\/encaminados-en-sabiduria\\\/\"]}]},{\"@type\":\"ImageObject\",\"inLanguage\":\"es\",\"@id\":\"https:\\\/\\\/interamerica.org\\\/es\\\/2023\\\/07\\\/encaminados-en-sabiduria\\\/#primaryimage\",\"url\":\"https:\\\/\\\/interamerica.org\\\/wp-content\\\/uploads\\\/2023\\\/07\\\/eh-jul7-2023.jpg\",\"contentUrl\":\"https:\\\/\\\/interamerica.org\\\/wp-content\\\/uploads\\\/2023\\\/07\\\/eh-jul7-2023.jpg\",\"width\":1000,\"height\":619,\"caption\":\"[Photo: Abel M\u00e1rquez\\\/IAD]\"},{\"@type\":\"BreadcrumbList\",\"@id\":\"https:\\\/\\\/interamerica.org\\\/es\\\/2023\\\/07\\\/encaminados-en-sabiduria\\\/#breadcrumb\",\"itemListElement\":[{\"@type\":\"ListItem\",\"position\":1,\"name\":\"Home\",\"item\":\"https:\\\/\\\/interamerica.org\\\/es\\\/\"},{\"@type\":\"ListItem\",\"position\":2,\"name\":\"Encaminados en Sabidur\u00eda\"}]},{\"@type\":\"WebSite\",\"@id\":\"https:\\\/\\\/interamerica.org\\\/es\\\/#website\",\"url\":\"https:\\\/\\\/interamerica.org\\\/es\\\/\",\"name\":\"Iglesia Adventista del S\u00e9ptimo D\u00eda - Divisi\u00f3n Interamericana\",\"description\":\"\",\"potentialAction\":[{\"@type\":\"SearchAction\",\"target\":{\"@type\":\"EntryPoint\",\"urlTemplate\":\"https:\\\/\\\/interamerica.org\\\/es\\\/?s={search_term_string}\"},\"query-input\":{\"@type\":\"PropertyValueSpecification\",\"valueRequired\":true,\"valueName\":\"search_term_string\"}}],\"inLanguage\":\"es\"},{\"@type\":\"Person\",\"@id\":\"https:\\\/\\\/interamerica.org\\\/es\\\/#\\\/schema\\\/person\\\/29998f2bc2d8bd0d38662909289b54f1\",\"name\":\"libna\",\"image\":{\"@type\":\"ImageObject\",\"inLanguage\":\"es\",\"@id\":\"https:\\\/\\\/secure.gravatar.com\\\/avatar\\\/7c5bd30ae4b47a9ba3c856590957fd1d96dc588bf3ac05719d247e126840331f?s=96&d=mm&r=g\",\"url\":\"https:\\\/\\\/secure.gravatar.com\\\/avatar\\\/7c5bd30ae4b47a9ba3c856590957fd1d96dc588bf3ac05719d247e126840331f?s=96&d=mm&r=g\",\"contentUrl\":\"https:\\\/\\\/secure.gravatar.com\\\/avatar\\\/7c5bd30ae4b47a9ba3c856590957fd1d96dc588bf3ac05719d247e126840331f?s=96&d=mm&r=g\",\"caption\":\"libna\"}}]}<\/script>\n<!-- \/ Yoast SEO plugin. -->","yoast_head_json":{"title":"Encaminados en Sabidur\u00eda - Iglesia Adventista del S\u00e9ptimo D\u00eda - Divisi\u00f3n Interamericana","robots":{"index":"index","follow":"follow","max-snippet":"max-snippet:-1","max-image-preview":"max-image-preview:large","max-video-preview":"max-video-preview:-1"},"canonical":"https:\/\/interamerica.org\/es\/2023\/07\/encaminados-en-sabiduria\/","og_locale":"es_ES","og_type":"article","og_title":"Encaminados en Sabidur\u00eda - Iglesia Adventista del S\u00e9ptimo D\u00eda - Divisi\u00f3n Interamericana","og_description":"A continuaci\u00f3n se encuentra\u00a0 un mensaje dirigido a la Iglesia Adventista del S\u00e9ptimo D\u00eda en Interam\u00e9rica por el presidente de la Divisi\u00f3n Interamericana, Elie Henry\u2013Personal de noticias de la DIA...","og_url":"https:\/\/interamerica.org\/es\/2023\/07\/encaminados-en-sabiduria\/","og_site_name":"Iglesia Adventista del S\u00e9ptimo D\u00eda - Divisi\u00f3n Interamericana","article_published_time":"2023-07-07T14:58:31+00:00","article_modified_time":"2023-07-11T13:31:33+00:00","og_image":[{"width":1000,"height":619,"url":"https:\/\/interamerica.org\/wp-content\/uploads\/2023\/07\/eh-jul7-2023.jpg","type":"image\/jpeg"}],"author":"libna","twitter_card":"summary_large_image","twitter_misc":{"Escrito por":"libna","Tiempo de lectura":"2 minutos"},"schema":{"@context":"https:\/\/schema.org","@graph":[{"@type":"Article","@id":"https:\/\/interamerica.org\/es\/2023\/07\/encaminados-en-sabiduria\/#article","isPartOf":{"@id":"https:\/\/interamerica.org\/es\/2023\/07\/encaminados-en-sabiduria\/"},"author":{"name":"libna","@id":"https:\/\/interamerica.org\/es\/#\/schema\/person\/29998f2bc2d8bd0d38662909289b54f1"},"headline":"Encaminados en Sabidur\u00eda","datePublished":"2023-07-07T14:58:31+00:00","dateModified":"2023-07-11T13:31:33+00:00","mainEntityOfPage":{"@id":"https:\/\/interamerica.org\/es\/2023\/07\/encaminados-en-sabiduria\/"},"wordCount":411,"image":{"@id":"https:\/\/interamerica.org\/es\/2023\/07\/encaminados-en-sabiduria\/#primaryimage"},"thumbnailUrl":"https:\/\/interamerica.org\/wp-content\/uploads\/2023\/07\/eh-jul7-2023.jpg","articleSection":["Desde la sede","RSS Espa\u00f1ol"],"inLanguage":"es"},{"@type":"WebPage","@id":"https:\/\/interamerica.org\/es\/2023\/07\/encaminados-en-sabiduria\/","url":"https:\/\/interamerica.org\/es\/2023\/07\/encaminados-en-sabiduria\/","name":"Encaminados en Sabidur\u00eda - Iglesia Adventista del S\u00e9ptimo D\u00eda - Divisi\u00f3n Interamericana","isPartOf":{"@id":"https:\/\/interamerica.org\/es\/#website"},"primaryImageOfPage":{"@id":"https:\/\/interamerica.org\/es\/2023\/07\/encaminados-en-sabiduria\/#primaryimage"},"image":{"@id":"https:\/\/interamerica.org\/es\/2023\/07\/encaminados-en-sabiduria\/#primaryimage"},"thumbnailUrl":"https:\/\/interamerica.org\/wp-content\/uploads\/2023\/07\/eh-jul7-2023.jpg","datePublished":"2023-07-07T14:58:31+00:00","dateModified":"2023-07-11T13:31:33+00:00","author":{"@id":"https:\/\/interamerica.org\/es\/#\/schema\/person\/29998f2bc2d8bd0d38662909289b54f1"},"breadcrumb":{"@id":"https:\/\/interamerica.org\/es\/2023\/07\/encaminados-en-sabiduria\/#breadcrumb"},"inLanguage":"es","potentialAction":[{"@type":"ReadAction","target":["https:\/\/interamerica.org\/es\/2023\/07\/encaminados-en-sabiduria\/"]}]},{"@type":"ImageObject","inLanguage":"es","@id":"https:\/\/interamerica.org\/es\/2023\/07\/encaminados-en-sabiduria\/#primaryimage","url":"https:\/\/interamerica.org\/wp-content\/uploads\/2023\/07\/eh-jul7-2023.jpg","contentUrl":"https:\/\/interamerica.org\/wp-content\/uploads\/2023\/07\/eh-jul7-2023.jpg","width":1000,"height":619,"caption":"[Photo: Abel M\u00e1rquez\/IAD]"},{"@type":"BreadcrumbList","@id":"https:\/\/interamerica.org\/es\/2023\/07\/encaminados-en-sabiduria\/#breadcrumb","itemListElement":[{"@type":"ListItem","position":1,"name":"Home","item":"https:\/\/interamerica.org\/es\/"},{"@type":"ListItem","position":2,"name":"Encaminados en Sabidur\u00eda"}]},{"@type":"WebSite","@id":"https:\/\/interamerica.org\/es\/#website","url":"https:\/\/interamerica.org\/es\/","name":"Iglesia Adventista del S\u00e9ptimo D\u00eda - Divisi\u00f3n Interamericana","description":"","potentialAction":[{"@type":"SearchAction","target":{"@type":"EntryPoint","urlTemplate":"https:\/\/interamerica.org\/es\/?s={search_term_string}"},"query-input":{"@type":"PropertyValueSpecification","valueRequired":true,"valueName":"search_term_string"}}],"inLanguage":"es"},{"@type":"Person","@id":"https:\/\/interamerica.org\/es\/#\/schema\/person\/29998f2bc2d8bd0d38662909289b54f1","name":"libna","image":{"@type":"ImageObject","inLanguage":"es","@id":"https:\/\/secure.gravatar.com\/avatar\/7c5bd30ae4b47a9ba3c856590957fd1d96dc588bf3ac05719d247e126840331f?s=96&d=mm&r=g","url":"https:\/\/secure.gravatar.com\/avatar\/7c5bd30ae4b47a9ba3c856590957fd1d96dc588bf3ac05719d247e126840331f?s=96&d=mm&r=g","contentUrl":"https:\/\/secure.gravatar.com\/avatar\/7c5bd30ae4b47a9ba3c856590957fd1d96dc588bf3ac05719d247e126840331f?s=96&d=mm&r=g","caption":"libna"}}]}},"_links":{"self":[{"href":"https:\/\/interamerica.org\/es\/wp-json\/wp\/v2\/posts\/100621","targetHints":{"allow":["GET"]}}],"collection":[{"href":"https:\/\/interamerica.org\/es\/wp-json\/wp\/v2\/posts"}],"about":[{"href":"https:\/\/interamerica.org\/es\/wp-json\/wp\/v2\/types\/post"}],"author":[{"embeddable":true,"href":"https:\/\/interamerica.org\/es\/wp-json\/wp\/v2\/users\/3"}],"replies":[{"embeddable":true,"href":"https:\/\/interamerica.org\/es\/wp-json\/wp\/v2\/comments?post=100621"}],"version-history":[{"count":0,"href":"https:\/\/interamerica.org\/es\/wp-json\/wp\/v2\/posts\/100621\/revisions"}],"wp:featuredmedia":[{"embeddable":true,"href":"https:\/\/interamerica.org\/es\/wp-json\/wp\/v2\/media\/100630"}],"wp:attachment":[{"href":"https:\/\/interamerica.org\/es\/wp-json\/wp\/v2\/media?parent=100621"}],"wp:term":[{"taxonomy":"category","embeddable":true,"href":"https:\/\/interamerica.org\/es\/wp-json\/wp\/v2\/categories?post=100621"},{"taxonomy":"post_tag","embeddable":true,"href":"https:\/\/interamerica.org\/es\/wp-json\/wp\/v2\/tags?post=100621"}],"curies":[{"name":"wp","href":"https:\/\/api.w.org\/{rel}","templated":true}]}}