{"id":100626,"date":"2023-07-06T18:01:53","date_gmt":"2023-07-06T22:01:53","guid":{"rendered":"https:\/\/interamerica.org\/?p=100626"},"modified":"2023-07-07T10:15:58","modified_gmt":"2023-07-07T14:15:58","slug":"banda-marcial-celebra-doce-anos-involucrando-a-jovenes-y-adultos-en-venezuela","status":"publish","type":"post","link":"https:\/\/interamerica.org\/es\/2023\/07\/banda-marcial-celebra-doce-anos-involucrando-a-jovenes-y-adultos-en-venezuela\/","title":{"rendered":"Banda marcial celebra doce a\u00f1os involucrando a j\u00f3venes y adultos en Venezuela"},"content":{"rendered":"<p><div id=\"attachment_100598\" style=\"width: 897px\" class=\"wp-caption aligncenter\"><img fetchpriority=\"high\" decoding=\"async\" aria-describedby=\"caption-attachment-100598\" class=\" wp-image-100596\" src=\"https:\/\/interamerica.org\/wp-content\/uploads\/2023\/07\/evau-marching-band-1-1024x640.jpg\" alt=\"\" width=\"887\" height=\"554\" srcset=\"https:\/\/interamerica.org\/wp-content\/uploads\/2023\/07\/evau-marching-band-1-1024x640.jpg 1024w, https:\/\/interamerica.org\/wp-content\/uploads\/2023\/07\/evau-marching-band-1-300x188.jpg 300w, https:\/\/interamerica.org\/wp-content\/uploads\/2023\/07\/evau-marching-band-1-768x480.jpg 768w, https:\/\/interamerica.org\/wp-content\/uploads\/2023\/07\/evau-marching-band-1.jpg 1280w\" sizes=\"(max-width: 887px) 100vw, 887px\" \/><p id=\"caption-attachment-100598\" class=\"wp-caption-text\">Miembros de una banda marcial creada por un pastor jubilado y su esposa, durante una actuaci\u00f3n reciente por las calles de Yare, en Venezuela. La banda marcial act\u00faa en ciudades y comunidades e invita a que los ni\u00f1os y adolescentes aprendan a tocar el redoblante y sobre valores. [Fotograf\u00eda: Uni\u00f3n Venezolana Oriental]<\/p><\/div>6 de julio de 2023 | Valles del Tuy, Miranda, Venezuela | Steven\u2019s Rosado y Noticias de la Divisi\u00f3n Interamericana<\/p>\n<p>Una banda marcial creada por un experimentado pastor adventista y su esposa en Venezuela celebr\u00f3 doce a\u00f1os de alabar a Dios e involucrar a j\u00f3venes y adultos en una iglesia y comunidad locales. La Banda Marcial Sina\u00ed fue lanzada en 2011 en Valles del Tuy, Miranda, al sur de Caracas, la capital de Venezuela, por el ahora jubilado pastor Pedro Gil y su esposa Rut, su director musical.<\/p>\n<p>\u201cCuando mi esposo y yo est\u00e1bamos cerca de la jubilaci\u00f3n, visitamos Valles del Tuy y vimos la necesidad de brindar orientaci\u00f3n a la juventud local\u201d, dijo Rut. \u201cEs as\u00ed como naci\u00f3n la idea de crear una banda musical, para ayudar a que los j\u00f3venes se mantengan lejos de las drogas y el delito\u201d.<\/p>\n<p><div id=\"attachment_100611\" style=\"width: 890px\" class=\"wp-caption aligncenter\"><img decoding=\"async\" aria-describedby=\"caption-attachment-100611\" class=\" wp-image-100609\" src=\"https:\/\/interamerica.org\/wp-content\/uploads\/2023\/07\/evau-marching-band-class.jpg\" alt=\"\" width=\"880\" height=\"495\" srcset=\"https:\/\/interamerica.org\/wp-content\/uploads\/2023\/07\/evau-marching-band-class.jpg 1000w, https:\/\/interamerica.org\/wp-content\/uploads\/2023\/07\/evau-marching-band-class-300x169.jpg 300w, https:\/\/interamerica.org\/wp-content\/uploads\/2023\/07\/evau-marching-band-class-768x432.jpg 768w\" sizes=\"(max-width: 880px) 100vw, 880px\" \/><p id=\"caption-attachment-100611\" class=\"wp-caption-text\">Los l\u00edderes de la banda ense\u00f1an durante una pr\u00e1ctica en Valles del Tuy, Miranda, Venezuela. [Fotograf\u00eda: Uni\u00f3n Venezolana Oriental]<\/p><\/div>Poco a poco, los Gil comenzaron a comprar instrumentos musicales, incluidos los redoblantes, las liras y los platillos, a menudo pag\u00e1ndolos en cuotas. Con el tiempo, se hicieron de unos cincuenta instrumentos y conjuntos para repararlos. En 2003, los Gil se sintieron felices de reportar que, por primera vez, hab\u00eda recibido una donaci\u00f3n de un par de instrumentos. Ahora est\u00e1n planeando comprar unos cuatros, un instrumento venezolano similar al ukelele, pero con un car\u00e1cter y sonido distintivos. Con ellos, los Gil est\u00e1n planeando introducir otros estilos musicales para agrandar su repertorio.<\/p>\n<p><strong>Crecimiento sostenido<\/strong><\/p>\n<p>Rut Gil cont\u00f3 c\u00f3mo a partir de esos comienzos humildes con un grupo de adventistas j\u00f3venes y adultos, la banda ha crecido y ahora incluye a 26 j\u00f3venes de la comunidad. Los j\u00f3venes actuales fueron contactados <a href=\"https:\/\/interamerica.org\/2023\/05\/in-venezuela-adventist-pastor-spreads-hope-in-public-plazas-communities-and-prisons\/\">gracias a la iniciativa \u201cDale vosotros de comer\u201d por el pastor Edgar Mongua<\/a> y su equipo de voluntarios, dijo.<\/p>\n<p>\u201cLa banda marcial ha sido una hermosa experiencia musical para m\u00ed, pero mi logro m\u00e1s grande ha sido trabajar con los ni\u00f1os de la comunidad\u201d, dijo Rut. \u201cCuando veo sus rostros felices, cuando les ofrezco una comida, me siento agradecido a Dios\u201d.<\/p>\n<p><div id=\"attachment_100614\" style=\"width: 514px\" class=\"wp-caption aligncenter\"><img decoding=\"async\" aria-describedby=\"caption-attachment-100614\" class=\" wp-image-100612\" src=\"https:\/\/interamerica.org\/wp-content\/uploads\/2023\/07\/evau-marching-band-girl.jpg\" alt=\"\" width=\"504\" height=\"895\" srcset=\"https:\/\/interamerica.org\/wp-content\/uploads\/2023\/07\/evau-marching-band-girl.jpg 563w, https:\/\/interamerica.org\/wp-content\/uploads\/2023\/07\/evau-marching-band-girl-169x300.jpg 169w\" sizes=\"(max-width: 504px) 100vw, 504px\" \/><p id=\"caption-attachment-100614\" class=\"wp-caption-text\">Los ni\u00f1os hacen file antes de probar de tocar el redoblante. [Fotograf\u00eda: Uni\u00f3n Venezolana Oriental]<\/p><\/div>De manera similar, explic\u00f3 Rut, \u201ccada vez que colocamos un instrumento musical en sus manos, les estamos ense\u00f1ando sobre un futuro de servicio mientras disfrutamos de las bendiciones de Dios\u201d.<\/p>\n<p>La composici\u00f3n actual de la banda incluye un director general, un director musical, un tesorero y un capell\u00e1n, inform\u00f3 Rut Gil.<\/p>\n<p><strong>Una herramienta comunitaria y misionera<\/strong><\/p>\n<p>A lo largo de los a\u00f1os, la banda marcial Sina\u00ed ha participado en diversos programas y eventos en varias comunidades de la regi\u00f3n Valles del Tuy, incluidas Charallave, Santa Teresa, Ocumare, San Antonio, La Esperanza y Yare. Sus miembros j\u00f3venes han actuado en eventos de evangelismo p\u00fablico, celebraciones especiales tales el D\u00eda del Padre y el D\u00eda de la Madre, y el D\u00eda Sin Fumar, por nombrar unos pocos.<\/p>\n<p><div id=\"attachment_100608\" style=\"width: 837px\" class=\"wp-caption aligncenter\"><img loading=\"lazy\" decoding=\"async\" aria-describedby=\"caption-attachment-100608\" class=\" wp-image-100606\" src=\"https:\/\/interamerica.org\/wp-content\/uploads\/2023\/07\/evau-marching-band-stretches.jpg\" alt=\"\" width=\"827\" height=\"465\" srcset=\"https:\/\/interamerica.org\/wp-content\/uploads\/2023\/07\/evau-marching-band-stretches.jpg 1000w, https:\/\/interamerica.org\/wp-content\/uploads\/2023\/07\/evau-marching-band-stretches-300x169.jpg 300w, https:\/\/interamerica.org\/wp-content\/uploads\/2023\/07\/evau-marching-band-stretches-768x432.jpg 768w\" sizes=\"(max-width: 827px) 100vw, 827px\" \/><p id=\"caption-attachment-100608\" class=\"wp-caption-text\">Los ni\u00f1os participan de ejercicios de estiramiento antes de participar de la pr\u00e1ctica de redoblante. [Fotograf\u00eda: Uni\u00f3n Venezolana Oriental]<\/p><\/div>Rut Gil a\u00f1adi\u00f3 que adem\u00e1s de asistir a eventos de la iglesia y comunitarios en la zona, la banda ha actuado en la Universidad de San Andr\u00e9s en M\u00e9rida, en una campa\u00f1a de evangelizaci\u00f3n en Barquisimeto, y en Caracas. Gracias al enfoque misionero de la iniciativa, en 2022 se bautizaron seis integrantes de la banda.<\/p>\n<p>\u201cEl proyecto actual incluye ofrecer estudios b\u00edblicos a los 26 ni\u00f1os de la comunidad\u201d, dijo Rut. \u201cNo solo darles lecciones de m\u00fasica, sino clases b\u00edblicas y tambi\u00e9n alimentarlos todos los s\u00e1bados\u201d.<\/p>\n<p><strong>Para mejorar las de los j\u00f3venes<\/strong><\/p>\n<p>Rency, un ni\u00f1o de 11 a\u00f1os que sufre de autismo y es integrante de la banda marcial, dijo que se siente feliz de pertenecer al conjunto musical. \u201cEstoy tan feliz. He aprendido a tocar la lira y el redoblante con diversos ritmos\u201d, cont\u00f3.<\/p>\n<p><div id=\"attachment_100605\" style=\"width: 847px\" class=\"wp-caption aligncenter\"><img loading=\"lazy\" decoding=\"async\" aria-describedby=\"caption-attachment-100605\" class=\" wp-image-100603\" src=\"https:\/\/interamerica.org\/wp-content\/uploads\/2023\/07\/evau-marching-band-break.jpg\" alt=\"\" width=\"837\" height=\"471\" srcset=\"https:\/\/interamerica.org\/wp-content\/uploads\/2023\/07\/evau-marching-band-break.jpg 1000w, https:\/\/interamerica.org\/wp-content\/uploads\/2023\/07\/evau-marching-band-break-300x169.jpg 300w, https:\/\/interamerica.org\/wp-content\/uploads\/2023\/07\/evau-marching-band-break-768x432.jpg 768w\" sizes=\"(max-width: 837px) 100vw, 837px\" \/><p id=\"caption-attachment-100605\" class=\"wp-caption-text\">Los ni\u00f1os muestran el helado que recibieron despu\u00e9s de la pr\u00e1ctica. La iniciativa es parte de un ministerio de impacto comunitario a cargo del pastor Edgar Mongua llamado \u201cDadle vosotros de comer\u201d, en el que personas necesitadas reciben alimentos y publicaciones misioneras en la regi\u00f3n Venezolana Oriental todos los meses. [Fotograf\u00eda: Uni\u00f3n Venezolana Oriental]<\/p><\/div>Pero lo m\u00e1s importante, seg\u00fan Rency, es \u201cpasar tiempo con amigos, actuar en las comunidades, y ayudar a distribuir alimento a los necesitados\u201d.<\/p>\n<p>La subregi\u00f3n de Valles del Tuy es parte de lo que se conoce como la regi\u00f3n del Gran Caracas. Seg\u00fan un estudio de noviembre de 2022, al menos el cincuenta por ciento de los 28 millones de habitantes de Venezuela vive en la pobreza. Desde 2014, m\u00e1s de siete millones de residentes han huido a los pa\u00edses vecinos y a otros pa\u00edses tambi\u00e9n. Desde el comienzo de la pandemia del COVID-19, sin embargo, unos ciento cincuenta mil venezolanos han regresado a sus casas, a menudo despu\u00e9s de perder su trabajo en los pa\u00edses que los hab\u00edan albergado.<\/p>\n<p>La Agencia Adventista de Desarrollo y Recursos Asistenciales (ADRA) en Venezuela, Colombia, Brasil y otros pa\u00edses ha estado trabajando para cubrir las necesidades b\u00e1sicas de los residentes, migrantes y refugiados.<\/p>\n<p>Traducci\u00f3n de Marcos Paseggi<\/p>\n","protected":false},"excerpt":{"rendered":"<p>6 de julio de 2023 | Valles del Tuy, Miranda, Venezuela | Steven\u2019s Rosado y Noticias de la Divisi\u00f3n Interamericana Una banda marcial creada por un experimentado pastor adventista y&#8230;<\/p>\n","protected":false},"author":3,"featured_media":100598,"comment_status":"closed","ping_status":"closed","sticky":false,"template":"","format":"standard","meta":{"_acf_changed":false,"footnotes":""},"categories":[17,15],"tags":[],"class_list":["post-100626","post","type-post","status-publish","format-standard","has-post-thumbnail","hentry","category-desde-el-campo","category-rss-espanol"],"acf":[],"yoast_head":"<!-- This site is optimized with the Yoast SEO plugin v27.3 - https:\/\/yoast.com\/product\/yoast-seo-wordpress\/ -->\n<title>Banda marcial celebra doce a\u00f1os involucrando a j\u00f3venes y adultos en Venezuela - Iglesia Adventista del S\u00e9ptimo D\u00eda - Divisi\u00f3n Interamericana<\/title>\n<meta name=\"robots\" content=\"index, follow, max-snippet:-1, max-image-preview:large, max-video-preview:-1\" \/>\n<link rel=\"canonical\" href=\"https:\/\/interamerica.org\/es\/2023\/07\/banda-marcial-celebra-doce-anos-involucrando-a-jovenes-y-adultos-en-venezuela\/\" \/>\n<meta property=\"og:locale\" content=\"es_ES\" \/>\n<meta property=\"og:type\" content=\"article\" \/>\n<meta property=\"og:title\" content=\"Banda marcial celebra doce a\u00f1os involucrando a j\u00f3venes y adultos en Venezuela - Iglesia Adventista del S\u00e9ptimo D\u00eda - Divisi\u00f3n Interamericana\" \/>\n<meta property=\"og:description\" content=\"6 de julio de 2023 | Valles del Tuy, Miranda, Venezuela | Steven\u2019s Rosado y Noticias de la Divisi\u00f3n Interamericana Una banda marcial creada por un experimentado pastor adventista y...\" \/>\n<meta property=\"og:url\" content=\"https:\/\/interamerica.org\/es\/2023\/07\/banda-marcial-celebra-doce-anos-involucrando-a-jovenes-y-adultos-en-venezuela\/\" \/>\n<meta property=\"og:site_name\" content=\"Iglesia Adventista del S\u00e9ptimo D\u00eda - Divisi\u00f3n Interamericana\" \/>\n<meta property=\"article:published_time\" content=\"2023-07-06T22:01:53+00:00\" \/>\n<meta property=\"article:modified_time\" content=\"2023-07-07T14:15:58+00:00\" \/>\n<meta property=\"og:image\" content=\"https:\/\/interamerica.org\/wp-content\/uploads\/2023\/07\/evau-marching-band-1.jpg\" \/>\n\t<meta property=\"og:image:width\" content=\"1280\" \/>\n\t<meta property=\"og:image:height\" content=\"800\" \/>\n\t<meta property=\"og:image:type\" content=\"image\/jpeg\" \/>\n<meta name=\"author\" content=\"libna\" \/>\n<meta name=\"twitter:card\" content=\"summary_large_image\" \/>\n<meta name=\"twitter:label1\" content=\"Escrito por\" \/>\n\t<meta name=\"twitter:data1\" content=\"libna\" \/>\n\t<meta name=\"twitter:label2\" content=\"Tiempo de lectura\" \/>\n\t<meta name=\"twitter:data2\" content=\"6 minutos\" \/>\n<script type=\"application\/ld+json\" class=\"yoast-schema-graph\">{\"@context\":\"https:\\\/\\\/schema.org\",\"@graph\":[{\"@type\":\"Article\",\"@id\":\"https:\\\/\\\/interamerica.org\\\/es\\\/2023\\\/07\\\/banda-marcial-celebra-doce-anos-involucrando-a-jovenes-y-adultos-en-venezuela\\\/#article\",\"isPartOf\":{\"@id\":\"https:\\\/\\\/interamerica.org\\\/es\\\/2023\\\/07\\\/banda-marcial-celebra-doce-anos-involucrando-a-jovenes-y-adultos-en-venezuela\\\/\"},\"author\":{\"name\":\"libna\",\"@id\":\"https:\\\/\\\/interamerica.org\\\/es\\\/#\\\/schema\\\/person\\\/29998f2bc2d8bd0d38662909289b54f1\"},\"headline\":\"Banda marcial celebra doce a\u00f1os involucrando a j\u00f3venes y adultos en Venezuela\",\"datePublished\":\"2023-07-06T22:01:53+00:00\",\"dateModified\":\"2023-07-07T14:15:58+00:00\",\"mainEntityOfPage\":{\"@id\":\"https:\\\/\\\/interamerica.org\\\/es\\\/2023\\\/07\\\/banda-marcial-celebra-doce-anos-involucrando-a-jovenes-y-adultos-en-venezuela\\\/\"},\"wordCount\":1024,\"image\":{\"@id\":\"https:\\\/\\\/interamerica.org\\\/es\\\/2023\\\/07\\\/banda-marcial-celebra-doce-anos-involucrando-a-jovenes-y-adultos-en-venezuela\\\/#primaryimage\"},\"thumbnailUrl\":\"https:\\\/\\\/interamerica.org\\\/wp-content\\\/uploads\\\/2023\\\/07\\\/evau-marching-band-1.jpg\",\"articleSection\":[\"Desde el campo\",\"RSS Espa\u00f1ol\"],\"inLanguage\":\"es\"},{\"@type\":\"WebPage\",\"@id\":\"https:\\\/\\\/interamerica.org\\\/es\\\/2023\\\/07\\\/banda-marcial-celebra-doce-anos-involucrando-a-jovenes-y-adultos-en-venezuela\\\/\",\"url\":\"https:\\\/\\\/interamerica.org\\\/es\\\/2023\\\/07\\\/banda-marcial-celebra-doce-anos-involucrando-a-jovenes-y-adultos-en-venezuela\\\/\",\"name\":\"Banda marcial celebra doce a\u00f1os involucrando a j\u00f3venes y adultos en Venezuela - Iglesia Adventista del S\u00e9ptimo D\u00eda - Divisi\u00f3n Interamericana\",\"isPartOf\":{\"@id\":\"https:\\\/\\\/interamerica.org\\\/es\\\/#website\"},\"primaryImageOfPage\":{\"@id\":\"https:\\\/\\\/interamerica.org\\\/es\\\/2023\\\/07\\\/banda-marcial-celebra-doce-anos-involucrando-a-jovenes-y-adultos-en-venezuela\\\/#primaryimage\"},\"image\":{\"@id\":\"https:\\\/\\\/interamerica.org\\\/es\\\/2023\\\/07\\\/banda-marcial-celebra-doce-anos-involucrando-a-jovenes-y-adultos-en-venezuela\\\/#primaryimage\"},\"thumbnailUrl\":\"https:\\\/\\\/interamerica.org\\\/wp-content\\\/uploads\\\/2023\\\/07\\\/evau-marching-band-1.jpg\",\"datePublished\":\"2023-07-06T22:01:53+00:00\",\"dateModified\":\"2023-07-07T14:15:58+00:00\",\"author\":{\"@id\":\"https:\\\/\\\/interamerica.org\\\/es\\\/#\\\/schema\\\/person\\\/29998f2bc2d8bd0d38662909289b54f1\"},\"breadcrumb\":{\"@id\":\"https:\\\/\\\/interamerica.org\\\/es\\\/2023\\\/07\\\/banda-marcial-celebra-doce-anos-involucrando-a-jovenes-y-adultos-en-venezuela\\\/#breadcrumb\"},\"inLanguage\":\"es\",\"potentialAction\":[{\"@type\":\"ReadAction\",\"target\":[\"https:\\\/\\\/interamerica.org\\\/es\\\/2023\\\/07\\\/banda-marcial-celebra-doce-anos-involucrando-a-jovenes-y-adultos-en-venezuela\\\/\"]}]},{\"@type\":\"ImageObject\",\"inLanguage\":\"es\",\"@id\":\"https:\\\/\\\/interamerica.org\\\/es\\\/2023\\\/07\\\/banda-marcial-celebra-doce-anos-involucrando-a-jovenes-y-adultos-en-venezuela\\\/#primaryimage\",\"url\":\"https:\\\/\\\/interamerica.org\\\/wp-content\\\/uploads\\\/2023\\\/07\\\/evau-marching-band-1.jpg\",\"contentUrl\":\"https:\\\/\\\/interamerica.org\\\/wp-content\\\/uploads\\\/2023\\\/07\\\/evau-marching-band-1.jpg\",\"width\":1280,\"height\":800,\"caption\":\"[Photo: East Venezuela Union]\"},{\"@type\":\"BreadcrumbList\",\"@id\":\"https:\\\/\\\/interamerica.org\\\/es\\\/2023\\\/07\\\/banda-marcial-celebra-doce-anos-involucrando-a-jovenes-y-adultos-en-venezuela\\\/#breadcrumb\",\"itemListElement\":[{\"@type\":\"ListItem\",\"position\":1,\"name\":\"Home\",\"item\":\"https:\\\/\\\/interamerica.org\\\/es\\\/\"},{\"@type\":\"ListItem\",\"position\":2,\"name\":\"Banda marcial celebra doce a\u00f1os involucrando a j\u00f3venes y adultos en Venezuela\"}]},{\"@type\":\"WebSite\",\"@id\":\"https:\\\/\\\/interamerica.org\\\/es\\\/#website\",\"url\":\"https:\\\/\\\/interamerica.org\\\/es\\\/\",\"name\":\"Iglesia Adventista del S\u00e9ptimo D\u00eda - Divisi\u00f3n Interamericana\",\"description\":\"\",\"potentialAction\":[{\"@type\":\"SearchAction\",\"target\":{\"@type\":\"EntryPoint\",\"urlTemplate\":\"https:\\\/\\\/interamerica.org\\\/es\\\/?s={search_term_string}\"},\"query-input\":{\"@type\":\"PropertyValueSpecification\",\"valueRequired\":true,\"valueName\":\"search_term_string\"}}],\"inLanguage\":\"es\"},{\"@type\":\"Person\",\"@id\":\"https:\\\/\\\/interamerica.org\\\/es\\\/#\\\/schema\\\/person\\\/29998f2bc2d8bd0d38662909289b54f1\",\"name\":\"libna\",\"image\":{\"@type\":\"ImageObject\",\"inLanguage\":\"es\",\"@id\":\"https:\\\/\\\/secure.gravatar.com\\\/avatar\\\/7c5bd30ae4b47a9ba3c856590957fd1d96dc588bf3ac05719d247e126840331f?s=96&d=mm&r=g\",\"url\":\"https:\\\/\\\/secure.gravatar.com\\\/avatar\\\/7c5bd30ae4b47a9ba3c856590957fd1d96dc588bf3ac05719d247e126840331f?s=96&d=mm&r=g\",\"contentUrl\":\"https:\\\/\\\/secure.gravatar.com\\\/avatar\\\/7c5bd30ae4b47a9ba3c856590957fd1d96dc588bf3ac05719d247e126840331f?s=96&d=mm&r=g\",\"caption\":\"libna\"}}]}<\/script>\n<!-- \/ Yoast SEO plugin. -->","yoast_head_json":{"title":"Banda marcial celebra doce a\u00f1os involucrando a j\u00f3venes y adultos en Venezuela - Iglesia Adventista del S\u00e9ptimo D\u00eda - Divisi\u00f3n Interamericana","robots":{"index":"index","follow":"follow","max-snippet":"max-snippet:-1","max-image-preview":"max-image-preview:large","max-video-preview":"max-video-preview:-1"},"canonical":"https:\/\/interamerica.org\/es\/2023\/07\/banda-marcial-celebra-doce-anos-involucrando-a-jovenes-y-adultos-en-venezuela\/","og_locale":"es_ES","og_type":"article","og_title":"Banda marcial celebra doce a\u00f1os involucrando a j\u00f3venes y adultos en Venezuela - Iglesia Adventista del S\u00e9ptimo D\u00eda - Divisi\u00f3n Interamericana","og_description":"6 de julio de 2023 | Valles del Tuy, Miranda, Venezuela | Steven\u2019s Rosado y Noticias de la Divisi\u00f3n Interamericana Una banda marcial creada por un experimentado pastor adventista y...","og_url":"https:\/\/interamerica.org\/es\/2023\/07\/banda-marcial-celebra-doce-anos-involucrando-a-jovenes-y-adultos-en-venezuela\/","og_site_name":"Iglesia Adventista del S\u00e9ptimo D\u00eda - Divisi\u00f3n Interamericana","article_published_time":"2023-07-06T22:01:53+00:00","article_modified_time":"2023-07-07T14:15:58+00:00","og_image":[{"width":1280,"height":800,"url":"https:\/\/interamerica.org\/wp-content\/uploads\/2023\/07\/evau-marching-band-1.jpg","type":"image\/jpeg"}],"author":"libna","twitter_card":"summary_large_image","twitter_misc":{"Escrito por":"libna","Tiempo de lectura":"6 minutos"},"schema":{"@context":"https:\/\/schema.org","@graph":[{"@type":"Article","@id":"https:\/\/interamerica.org\/es\/2023\/07\/banda-marcial-celebra-doce-anos-involucrando-a-jovenes-y-adultos-en-venezuela\/#article","isPartOf":{"@id":"https:\/\/interamerica.org\/es\/2023\/07\/banda-marcial-celebra-doce-anos-involucrando-a-jovenes-y-adultos-en-venezuela\/"},"author":{"name":"libna","@id":"https:\/\/interamerica.org\/es\/#\/schema\/person\/29998f2bc2d8bd0d38662909289b54f1"},"headline":"Banda marcial celebra doce a\u00f1os involucrando a j\u00f3venes y adultos en Venezuela","datePublished":"2023-07-06T22:01:53+00:00","dateModified":"2023-07-07T14:15:58+00:00","mainEntityOfPage":{"@id":"https:\/\/interamerica.org\/es\/2023\/07\/banda-marcial-celebra-doce-anos-involucrando-a-jovenes-y-adultos-en-venezuela\/"},"wordCount":1024,"image":{"@id":"https:\/\/interamerica.org\/es\/2023\/07\/banda-marcial-celebra-doce-anos-involucrando-a-jovenes-y-adultos-en-venezuela\/#primaryimage"},"thumbnailUrl":"https:\/\/interamerica.org\/wp-content\/uploads\/2023\/07\/evau-marching-band-1.jpg","articleSection":["Desde el campo","RSS Espa\u00f1ol"],"inLanguage":"es"},{"@type":"WebPage","@id":"https:\/\/interamerica.org\/es\/2023\/07\/banda-marcial-celebra-doce-anos-involucrando-a-jovenes-y-adultos-en-venezuela\/","url":"https:\/\/interamerica.org\/es\/2023\/07\/banda-marcial-celebra-doce-anos-involucrando-a-jovenes-y-adultos-en-venezuela\/","name":"Banda marcial celebra doce a\u00f1os involucrando a j\u00f3venes y adultos en Venezuela - Iglesia Adventista del S\u00e9ptimo D\u00eda - Divisi\u00f3n Interamericana","isPartOf":{"@id":"https:\/\/interamerica.org\/es\/#website"},"primaryImageOfPage":{"@id":"https:\/\/interamerica.org\/es\/2023\/07\/banda-marcial-celebra-doce-anos-involucrando-a-jovenes-y-adultos-en-venezuela\/#primaryimage"},"image":{"@id":"https:\/\/interamerica.org\/es\/2023\/07\/banda-marcial-celebra-doce-anos-involucrando-a-jovenes-y-adultos-en-venezuela\/#primaryimage"},"thumbnailUrl":"https:\/\/interamerica.org\/wp-content\/uploads\/2023\/07\/evau-marching-band-1.jpg","datePublished":"2023-07-06T22:01:53+00:00","dateModified":"2023-07-07T14:15:58+00:00","author":{"@id":"https:\/\/interamerica.org\/es\/#\/schema\/person\/29998f2bc2d8bd0d38662909289b54f1"},"breadcrumb":{"@id":"https:\/\/interamerica.org\/es\/2023\/07\/banda-marcial-celebra-doce-anos-involucrando-a-jovenes-y-adultos-en-venezuela\/#breadcrumb"},"inLanguage":"es","potentialAction":[{"@type":"ReadAction","target":["https:\/\/interamerica.org\/es\/2023\/07\/banda-marcial-celebra-doce-anos-involucrando-a-jovenes-y-adultos-en-venezuela\/"]}]},{"@type":"ImageObject","inLanguage":"es","@id":"https:\/\/interamerica.org\/es\/2023\/07\/banda-marcial-celebra-doce-anos-involucrando-a-jovenes-y-adultos-en-venezuela\/#primaryimage","url":"https:\/\/interamerica.org\/wp-content\/uploads\/2023\/07\/evau-marching-band-1.jpg","contentUrl":"https:\/\/interamerica.org\/wp-content\/uploads\/2023\/07\/evau-marching-band-1.jpg","width":1280,"height":800,"caption":"[Photo: East Venezuela Union]"},{"@type":"BreadcrumbList","@id":"https:\/\/interamerica.org\/es\/2023\/07\/banda-marcial-celebra-doce-anos-involucrando-a-jovenes-y-adultos-en-venezuela\/#breadcrumb","itemListElement":[{"@type":"ListItem","position":1,"name":"Home","item":"https:\/\/interamerica.org\/es\/"},{"@type":"ListItem","position":2,"name":"Banda marcial celebra doce a\u00f1os involucrando a j\u00f3venes y adultos en Venezuela"}]},{"@type":"WebSite","@id":"https:\/\/interamerica.org\/es\/#website","url":"https:\/\/interamerica.org\/es\/","name":"Iglesia Adventista del S\u00e9ptimo D\u00eda - Divisi\u00f3n Interamericana","description":"","potentialAction":[{"@type":"SearchAction","target":{"@type":"EntryPoint","urlTemplate":"https:\/\/interamerica.org\/es\/?s={search_term_string}"},"query-input":{"@type":"PropertyValueSpecification","valueRequired":true,"valueName":"search_term_string"}}],"inLanguage":"es"},{"@type":"Person","@id":"https:\/\/interamerica.org\/es\/#\/schema\/person\/29998f2bc2d8bd0d38662909289b54f1","name":"libna","image":{"@type":"ImageObject","inLanguage":"es","@id":"https:\/\/secure.gravatar.com\/avatar\/7c5bd30ae4b47a9ba3c856590957fd1d96dc588bf3ac05719d247e126840331f?s=96&d=mm&r=g","url":"https:\/\/secure.gravatar.com\/avatar\/7c5bd30ae4b47a9ba3c856590957fd1d96dc588bf3ac05719d247e126840331f?s=96&d=mm&r=g","contentUrl":"https:\/\/secure.gravatar.com\/avatar\/7c5bd30ae4b47a9ba3c856590957fd1d96dc588bf3ac05719d247e126840331f?s=96&d=mm&r=g","caption":"libna"}}]}},"_links":{"self":[{"href":"https:\/\/interamerica.org\/es\/wp-json\/wp\/v2\/posts\/100626","targetHints":{"allow":["GET"]}}],"collection":[{"href":"https:\/\/interamerica.org\/es\/wp-json\/wp\/v2\/posts"}],"about":[{"href":"https:\/\/interamerica.org\/es\/wp-json\/wp\/v2\/types\/post"}],"author":[{"embeddable":true,"href":"https:\/\/interamerica.org\/es\/wp-json\/wp\/v2\/users\/3"}],"replies":[{"embeddable":true,"href":"https:\/\/interamerica.org\/es\/wp-json\/wp\/v2\/comments?post=100626"}],"version-history":[{"count":0,"href":"https:\/\/interamerica.org\/es\/wp-json\/wp\/v2\/posts\/100626\/revisions"}],"wp:featuredmedia":[{"embeddable":true,"href":"https:\/\/interamerica.org\/es\/wp-json\/wp\/v2\/media\/100598"}],"wp:attachment":[{"href":"https:\/\/interamerica.org\/es\/wp-json\/wp\/v2\/media?parent=100626"}],"wp:term":[{"taxonomy":"category","embeddable":true,"href":"https:\/\/interamerica.org\/es\/wp-json\/wp\/v2\/categories?post=100626"},{"taxonomy":"post_tag","embeddable":true,"href":"https:\/\/interamerica.org\/es\/wp-json\/wp\/v2\/tags?post=100626"}],"curies":[{"name":"wp","href":"https:\/\/api.w.org\/{rel}","templated":true}]}}