{"id":100714,"date":"2023-07-10T09:34:04","date_gmt":"2023-07-10T13:34:04","guid":{"rendered":"https:\/\/interamerica.org\/?p=100714"},"modified":"2023-07-11T15:16:12","modified_gmt":"2023-07-11T19:16:12","slug":"adventhealth-invierte-us-5-millones-en-impulsar-el-futuro-de-la-atencion-a-la-persona-integral","status":"publish","type":"post","link":"https:\/\/interamerica.org\/es\/2023\/07\/adventhealth-invierte-us-5-millones-en-impulsar-el-futuro-de-la-atencion-a-la-persona-integral\/","title":{"rendered":"AdventHealth Invierte US$ 5 millones en impulsar el futuro de la atenci\u00f3n a la persona integral"},"content":{"rendered":"<p><strong>Aportaci\u00f3n monetaria ayudar\u00e1 a apoyar planes de desarrollo de la Universidad del Centro de la Florida.<\/strong><\/p>\n<p>10 de julio de 2023 | Altamonte Springs, Florida, Estados Unidos | AdventHealth News<\/p>\n<p>Dos de los principales sistemas de salud de la Florida y el principal productor de talentos de enfermer\u00eda se han unido para enfrentar la escasez de enfermeros en el estado.<\/p>\n<p>Avivada por la cantidad de US$ 10 millones en un compromiso combinado por parte de AdventHealth y Orlando Health, el Colegio de Enfermer\u00eda de la Universidad del Centro de Florida (UCF), ha dado un gran paso hacia la construcci\u00f3n de un nuevo edificio en Lake Nona que le permitir\u00e1 al colegio graduar a centenares de enfermeros adicionales anualmente, quienes podr\u00e1n atender a pacientes en toda la regi\u00f3n y el estado. \u00a0Este nuevo edificio podr\u00e1 tambi\u00e9n ampliar la capacidad de la instituci\u00f3n para educar a futuros miembros de la facultad de enfermer\u00eda que se necesitan para ense\u00f1ar a los enfermeros del ma\u00f1ana.<\/p>\n<div id=\"attachment_100659\" style=\"width: 833px\" class=\"wp-caption aligncenter\"><img fetchpriority=\"high\" decoding=\"async\" aria-describedby=\"caption-attachment-100659\" class=\" wp-image-100659\" src=\"https:\/\/interamerica.org\/wp-content\/uploads\/2023\/07\/ucf-rendering-1024x576.jpeg\" alt=\"\" width=\"823\" height=\"463\" srcset=\"https:\/\/interamerica.org\/wp-content\/uploads\/2023\/07\/ucf-rendering-1024x576.jpeg 1024w, https:\/\/interamerica.org\/wp-content\/uploads\/2023\/07\/ucf-rendering-300x169.jpeg 300w, https:\/\/interamerica.org\/wp-content\/uploads\/2023\/07\/ucf-rendering-768x432.jpeg 768w, https:\/\/interamerica.org\/wp-content\/uploads\/2023\/07\/ucf-rendering-1536x864.jpeg 1536w, https:\/\/interamerica.org\/wp-content\/uploads\/2023\/07\/ucf-rendering.jpeg 1600w\" sizes=\"(max-width: 823px) 100vw, 823px\" \/><p id=\"caption-attachment-100659\" class=\"wp-caption-text\">UCF <span class=\"Y2IQFc\" lang=\"es\">est\u00e1 dise\u00f1ando activamente una instalaci\u00f3n del siglo XXI que permitir\u00e1 a la universidad educar a m\u00e1s enfermeras y fomentar la innovaci\u00f3n y la colaboraci\u00f3n. <\/span>Image: UCF]<\/p><\/div>\n<p>Como socios inaugurales Pegasus de UCF, AdventHealth y Orlando Health se han comprometido cada uno de ellos a donar US$ 5 millones para apoyar esos tan necesitados esfuerzos, as\u00ed como para proveer asistencia de colegiatura y adicionales pasant\u00edas pagadas para estudiantes de enfermer\u00eda de UCF.<\/p>\n<p>\u201cAdventHealth y Orlando Health han sido valiosos socios transformadores de UCF, colaborando para apoyar la salud y el bienestar de nuestra comunidad\u201d, dijo el presidente de UCF, Alexander N. Cartwright. \u201cSu continua colaboraci\u00f3n y generosas inversiones en el Colegio de Enfermer\u00eda de UCF van a hacer una gran diferencia en nuestra regi\u00f3n durante generaciones futuras\u201d.<\/p>\n<p>AdventHealth y Orlando Health emplean en forma combinada a m\u00e1s de 12,000 enfermeros en un total de 34 hospitales en el Centro de Florida. Ambos sistemas contar\u00e1n con UCF al ayudar a preparar el adicional talento que necesitan para combatir la escasez nacional de enfermeros y ampliar su fuerza laboral.<\/p>\n<p>\u201cEl asegurarse de contar con enfermeros bien educados, altamente entrenados y habilitados para responder a las necesidades crecientes de cuidados de salud en Florida, es un reto apremiante para todo el sector de atenci\u00f3n a la salud\u201d, dijo Randy Haffner, director ejecutivo de AdventHealth Florida. \u201cEl colaborar como socios con destacadas instituciones educacionales, tales como UCF, es absolutamente vital para asegurarnos de que esos esfuerzos tienen \u00e9xito\u201d.<\/p>\n<p>\u201cComo muchos otros sistemas de salud en el estado y la naci\u00f3n, Orlando Health eval\u00faa y ajusta \u00a0constantemente algunas estrategias a fin de proveer una atenci\u00f3n excepcional a los pacientes\u201d, dijo Karen Frenier, principal vicepresidenta de recursos humanos y ejecutiva s\u00e9nior de enfermer\u00eda en Orlando Health. \u201cNos sentimos entusiasmados acerca de nuestra relaci\u00f3n de socios a largo plazo con UCF, al continuar planificando estrat\u00e9gicamente las oportunidades de fuerza laboral de enfermer\u00eda para el futuro\u201d.<\/p>\n<p>Adem\u00e1s de contribuir a la construcci\u00f3n del nuevo edificio, la donaci\u00f3n de cada hospital apoyar\u00e1 el \u00e9xito de los estudiantes con la creaci\u00f3n de un programa de becas nombrado en su honor. Cada uno de estos programas proveer\u00e1 anualmente ayuda de colegiatura a 10 estudiantes s\u00e9nior de enfermer\u00eda y establecer\u00e1 anualmente un programa de verano pagado de pasant\u00eda para una cantidad adicional de 10 a 15 estudiantes.<\/p>\n<p>\u201cNuestra relaci\u00f3n de socios a largo plazo con AdventHealth y Orlando Health tiene un sumamente amplio impacto en la comunidad, desde el apoyo a la educaci\u00f3n de calidad de nuestros estudiantes, que se unen a la fuerza laboral y proveen atenci\u00f3n y cuidados h\u00e1biles y compasivos, hasta la financiaci\u00f3n de investigaci\u00f3n e innovaci\u00f3n por parte de la facultad a fin de mejorar los resultados\u201d, dijo Mary Lou Sole, decana del Colegio de Enfermer\u00eda de UCF. \u201cEstamos sumamente agradecidos a estos destacados sistemas de salud por su compromiso hacia UCF y sus generosas donaciones para impulsar el futuro. Juntos, continuaremos contribuyendo a hacer m\u00e1s saludables las comunidades del Centro de Florida\u201d.<\/p>\n<p>La UCF grad\u00faa actualmente cada a\u00f1o a m\u00e1s nuevos enfermeros registrados que cualquier otra instituci\u00f3n en el sistema de universidades del estado, con aproximadamente 260 enfermeros que entran cada a\u00f1o a la fuerza laboral. Casi la mayor\u00eda de ellos \u2014un 85 por ciento de los 16,000 ex alumnos de enfermer\u00eda\u2014, viven y trabajan en Florida.<\/p>\n<p>El a\u00f1o pasado, el Colegio de enfermer\u00eda a\u00f1adi\u00f3 100 estudiantes m\u00e1s a su matr\u00edcula usual para ayudar a estar al d\u00eda con la demanda del estado de nuevos enfermeros. Se necesita el nuevo edificio para el crecimiento adicional de la matricula y, cuando quede terminado el edificio de 8,360 metros cuadrados, ser\u00e1 lo suficientemente grande como para aumentar la matr\u00edcula en por lo menos un 50 por ciento a fin de ejercer un mayor impacto al ayudar a aliviar la escasez de enfermeros en el estado.<\/p>\n<p>UCF contin\u00faa procurando inversiones filantr\u00f3picas en el nuevo edificio al acercarse al blanco de reunir US$ 70 millones necesarios para iniciar la construcci\u00f3n de la Facultad de Enfermer\u00eda. US$ 26.2 millones ya han sido reunidos a la fecha a trav\u00e9s de donaciones filantr\u00f3picas, que se sumar\u00e1n a los US$ 43.7 millones a los que se ha comprometido el Estado de Florida para apoyar la regi\u00f3n y encaminar los cuidados de salud del siglo 21.<\/p>\n<p>La <a href=\"https:\/\/www.adventhealth.com\/news\/adventhealth-invests-5-million-ucfs-college-nursing-fuel-future-whole-person-care\">versi\u00f3n original <\/a>\u00a0de esta noticia se public\u00f3 en el <a href=\"https:\/\/www.adventhealth.com\/news\">sitio de noticias<\/a> de AdventHealth<\/p>\n<p>Traducci\u00f3n \u2013 Gloria A. Castrej\u00f3n<\/p>\n","protected":false},"excerpt":{"rendered":"<p>Aportaci\u00f3n monetaria ayudar\u00e1 a apoyar planes de desarrollo de la Universidad del Centro de la Florida. 10 de julio de 2023 | Altamonte Springs, Florida, Estados Unidos | AdventHealth News&#8230;<\/p>\n","protected":false},"author":3,"featured_media":100659,"comment_status":"closed","ping_status":"closed","sticky":false,"template":"","format":"standard","meta":{"_acf_changed":false,"footnotes":""},"categories":[14,15],"tags":[],"class_list":["post-100714","post","type-post","status-publish","format-standard","has-post-thumbnail","hentry","category-de-la-iglesia-mundial","category-rss-espanol"],"acf":[],"yoast_head":"<!-- This site is optimized with the Yoast SEO plugin v27.3 - https:\/\/yoast.com\/product\/yoast-seo-wordpress\/ -->\n<title>AdventHealth Invierte US$ 5 millones en impulsar el futuro de la atenci\u00f3n a la persona integral - Iglesia Adventista del S\u00e9ptimo D\u00eda - Divisi\u00f3n Interamericana<\/title>\n<meta name=\"robots\" content=\"index, follow, max-snippet:-1, max-image-preview:large, max-video-preview:-1\" \/>\n<link rel=\"canonical\" href=\"https:\/\/interamerica.org\/es\/2023\/07\/adventhealth-invierte-us-5-millones-en-impulsar-el-futuro-de-la-atencion-a-la-persona-integral\/\" \/>\n<meta property=\"og:locale\" content=\"es_ES\" \/>\n<meta property=\"og:type\" content=\"article\" \/>\n<meta property=\"og:title\" content=\"AdventHealth Invierte US$ 5 millones en impulsar el futuro de la atenci\u00f3n a la persona integral - Iglesia Adventista del S\u00e9ptimo D\u00eda - Divisi\u00f3n Interamericana\" \/>\n<meta property=\"og:description\" content=\"Aportaci\u00f3n monetaria ayudar\u00e1 a apoyar planes de desarrollo de la Universidad del Centro de la Florida. 10 de julio de 2023 | Altamonte Springs, Florida, Estados Unidos | AdventHealth News...\" \/>\n<meta property=\"og:url\" content=\"https:\/\/interamerica.org\/es\/2023\/07\/adventhealth-invierte-us-5-millones-en-impulsar-el-futuro-de-la-atencion-a-la-persona-integral\/\" \/>\n<meta property=\"og:site_name\" content=\"Iglesia Adventista del S\u00e9ptimo D\u00eda - Divisi\u00f3n Interamericana\" \/>\n<meta property=\"article:published_time\" content=\"2023-07-10T13:34:04+00:00\" \/>\n<meta property=\"article:modified_time\" content=\"2023-07-11T19:16:12+00:00\" \/>\n<meta property=\"og:image\" content=\"https:\/\/interamerica.org\/wp-content\/uploads\/2023\/07\/ucf-rendering.jpeg\" \/>\n\t<meta property=\"og:image:width\" content=\"1600\" \/>\n\t<meta property=\"og:image:height\" content=\"900\" \/>\n\t<meta property=\"og:image:type\" content=\"image\/jpeg\" \/>\n<meta name=\"author\" content=\"libna\" \/>\n<meta name=\"twitter:card\" content=\"summary_large_image\" \/>\n<meta name=\"twitter:label1\" content=\"Escrito por\" \/>\n\t<meta name=\"twitter:data1\" content=\"libna\" \/>\n\t<meta name=\"twitter:label2\" content=\"Tiempo de lectura\" \/>\n\t<meta name=\"twitter:data2\" content=\"5 minutos\" \/>\n<script type=\"application\/ld+json\" class=\"yoast-schema-graph\">{\"@context\":\"https:\\\/\\\/schema.org\",\"@graph\":[{\"@type\":\"Article\",\"@id\":\"https:\\\/\\\/interamerica.org\\\/es\\\/2023\\\/07\\\/adventhealth-invierte-us-5-millones-en-impulsar-el-futuro-de-la-atencion-a-la-persona-integral\\\/#article\",\"isPartOf\":{\"@id\":\"https:\\\/\\\/interamerica.org\\\/es\\\/2023\\\/07\\\/adventhealth-invierte-us-5-millones-en-impulsar-el-futuro-de-la-atencion-a-la-persona-integral\\\/\"},\"author\":{\"name\":\"libna\",\"@id\":\"https:\\\/\\\/interamerica.org\\\/es\\\/#\\\/schema\\\/person\\\/29998f2bc2d8bd0d38662909289b54f1\"},\"headline\":\"AdventHealth Invierte US$ 5 millones en impulsar el futuro de la atenci\u00f3n a la persona integral\",\"datePublished\":\"2023-07-10T13:34:04+00:00\",\"dateModified\":\"2023-07-11T19:16:12+00:00\",\"mainEntityOfPage\":{\"@id\":\"https:\\\/\\\/interamerica.org\\\/es\\\/2023\\\/07\\\/adventhealth-invierte-us-5-millones-en-impulsar-el-futuro-de-la-atencion-a-la-persona-integral\\\/\"},\"wordCount\":965,\"image\":{\"@id\":\"https:\\\/\\\/interamerica.org\\\/es\\\/2023\\\/07\\\/adventhealth-invierte-us-5-millones-en-impulsar-el-futuro-de-la-atencion-a-la-persona-integral\\\/#primaryimage\"},\"thumbnailUrl\":\"https:\\\/\\\/interamerica.org\\\/wp-content\\\/uploads\\\/2023\\\/07\\\/ucf-rendering.jpeg\",\"articleSection\":[\"Desde la iglesia mundial\",\"RSS Espa\u00f1ol\"],\"inLanguage\":\"es\"},{\"@type\":\"WebPage\",\"@id\":\"https:\\\/\\\/interamerica.org\\\/es\\\/2023\\\/07\\\/adventhealth-invierte-us-5-millones-en-impulsar-el-futuro-de-la-atencion-a-la-persona-integral\\\/\",\"url\":\"https:\\\/\\\/interamerica.org\\\/es\\\/2023\\\/07\\\/adventhealth-invierte-us-5-millones-en-impulsar-el-futuro-de-la-atencion-a-la-persona-integral\\\/\",\"name\":\"AdventHealth Invierte US$ 5 millones en impulsar el futuro de la atenci\u00f3n a la persona integral - Iglesia Adventista del S\u00e9ptimo D\u00eda - Divisi\u00f3n Interamericana\",\"isPartOf\":{\"@id\":\"https:\\\/\\\/interamerica.org\\\/es\\\/#website\"},\"primaryImageOfPage\":{\"@id\":\"https:\\\/\\\/interamerica.org\\\/es\\\/2023\\\/07\\\/adventhealth-invierte-us-5-millones-en-impulsar-el-futuro-de-la-atencion-a-la-persona-integral\\\/#primaryimage\"},\"image\":{\"@id\":\"https:\\\/\\\/interamerica.org\\\/es\\\/2023\\\/07\\\/adventhealth-invierte-us-5-millones-en-impulsar-el-futuro-de-la-atencion-a-la-persona-integral\\\/#primaryimage\"},\"thumbnailUrl\":\"https:\\\/\\\/interamerica.org\\\/wp-content\\\/uploads\\\/2023\\\/07\\\/ucf-rendering.jpeg\",\"datePublished\":\"2023-07-10T13:34:04+00:00\",\"dateModified\":\"2023-07-11T19:16:12+00:00\",\"author\":{\"@id\":\"https:\\\/\\\/interamerica.org\\\/es\\\/#\\\/schema\\\/person\\\/29998f2bc2d8bd0d38662909289b54f1\"},\"breadcrumb\":{\"@id\":\"https:\\\/\\\/interamerica.org\\\/es\\\/2023\\\/07\\\/adventhealth-invierte-us-5-millones-en-impulsar-el-futuro-de-la-atencion-a-la-persona-integral\\\/#breadcrumb\"},\"inLanguage\":\"es\",\"potentialAction\":[{\"@type\":\"ReadAction\",\"target\":[\"https:\\\/\\\/interamerica.org\\\/es\\\/2023\\\/07\\\/adventhealth-invierte-us-5-millones-en-impulsar-el-futuro-de-la-atencion-a-la-persona-integral\\\/\"]}]},{\"@type\":\"ImageObject\",\"inLanguage\":\"es\",\"@id\":\"https:\\\/\\\/interamerica.org\\\/es\\\/2023\\\/07\\\/adventhealth-invierte-us-5-millones-en-impulsar-el-futuro-de-la-atencion-a-la-persona-integral\\\/#primaryimage\",\"url\":\"https:\\\/\\\/interamerica.org\\\/wp-content\\\/uploads\\\/2023\\\/07\\\/ucf-rendering.jpeg\",\"contentUrl\":\"https:\\\/\\\/interamerica.org\\\/wp-content\\\/uploads\\\/2023\\\/07\\\/ucf-rendering.jpeg\",\"width\":1600,\"height\":900,\"caption\":\"UCF is actively designing a 21st-century facility that will allow the university to educate more nurses and foster innovation and collaboration. [Image: UCF]\"},{\"@type\":\"BreadcrumbList\",\"@id\":\"https:\\\/\\\/interamerica.org\\\/es\\\/2023\\\/07\\\/adventhealth-invierte-us-5-millones-en-impulsar-el-futuro-de-la-atencion-a-la-persona-integral\\\/#breadcrumb\",\"itemListElement\":[{\"@type\":\"ListItem\",\"position\":1,\"name\":\"Home\",\"item\":\"https:\\\/\\\/interamerica.org\\\/es\\\/\"},{\"@type\":\"ListItem\",\"position\":2,\"name\":\"AdventHealth Invierte US$ 5 millones en impulsar el futuro de la atenci\u00f3n a la persona integral\"}]},{\"@type\":\"WebSite\",\"@id\":\"https:\\\/\\\/interamerica.org\\\/es\\\/#website\",\"url\":\"https:\\\/\\\/interamerica.org\\\/es\\\/\",\"name\":\"Iglesia Adventista del S\u00e9ptimo D\u00eda - Divisi\u00f3n Interamericana\",\"description\":\"\",\"potentialAction\":[{\"@type\":\"SearchAction\",\"target\":{\"@type\":\"EntryPoint\",\"urlTemplate\":\"https:\\\/\\\/interamerica.org\\\/es\\\/?s={search_term_string}\"},\"query-input\":{\"@type\":\"PropertyValueSpecification\",\"valueRequired\":true,\"valueName\":\"search_term_string\"}}],\"inLanguage\":\"es\"},{\"@type\":\"Person\",\"@id\":\"https:\\\/\\\/interamerica.org\\\/es\\\/#\\\/schema\\\/person\\\/29998f2bc2d8bd0d38662909289b54f1\",\"name\":\"libna\",\"image\":{\"@type\":\"ImageObject\",\"inLanguage\":\"es\",\"@id\":\"https:\\\/\\\/secure.gravatar.com\\\/avatar\\\/7c5bd30ae4b47a9ba3c856590957fd1d96dc588bf3ac05719d247e126840331f?s=96&d=mm&r=g\",\"url\":\"https:\\\/\\\/secure.gravatar.com\\\/avatar\\\/7c5bd30ae4b47a9ba3c856590957fd1d96dc588bf3ac05719d247e126840331f?s=96&d=mm&r=g\",\"contentUrl\":\"https:\\\/\\\/secure.gravatar.com\\\/avatar\\\/7c5bd30ae4b47a9ba3c856590957fd1d96dc588bf3ac05719d247e126840331f?s=96&d=mm&r=g\",\"caption\":\"libna\"}}]}<\/script>\n<!-- \/ Yoast SEO plugin. -->","yoast_head_json":{"title":"AdventHealth Invierte US$ 5 millones en impulsar el futuro de la atenci\u00f3n a la persona integral - Iglesia Adventista del S\u00e9ptimo D\u00eda - Divisi\u00f3n Interamericana","robots":{"index":"index","follow":"follow","max-snippet":"max-snippet:-1","max-image-preview":"max-image-preview:large","max-video-preview":"max-video-preview:-1"},"canonical":"https:\/\/interamerica.org\/es\/2023\/07\/adventhealth-invierte-us-5-millones-en-impulsar-el-futuro-de-la-atencion-a-la-persona-integral\/","og_locale":"es_ES","og_type":"article","og_title":"AdventHealth Invierte US$ 5 millones en impulsar el futuro de la atenci\u00f3n a la persona integral - Iglesia Adventista del S\u00e9ptimo D\u00eda - Divisi\u00f3n Interamericana","og_description":"Aportaci\u00f3n monetaria ayudar\u00e1 a apoyar planes de desarrollo de la Universidad del Centro de la Florida. 10 de julio de 2023 | Altamonte Springs, Florida, Estados Unidos | AdventHealth News...","og_url":"https:\/\/interamerica.org\/es\/2023\/07\/adventhealth-invierte-us-5-millones-en-impulsar-el-futuro-de-la-atencion-a-la-persona-integral\/","og_site_name":"Iglesia Adventista del S\u00e9ptimo D\u00eda - Divisi\u00f3n Interamericana","article_published_time":"2023-07-10T13:34:04+00:00","article_modified_time":"2023-07-11T19:16:12+00:00","og_image":[{"width":1600,"height":900,"url":"https:\/\/interamerica.org\/wp-content\/uploads\/2023\/07\/ucf-rendering.jpeg","type":"image\/jpeg"}],"author":"libna","twitter_card":"summary_large_image","twitter_misc":{"Escrito por":"libna","Tiempo de lectura":"5 minutos"},"schema":{"@context":"https:\/\/schema.org","@graph":[{"@type":"Article","@id":"https:\/\/interamerica.org\/es\/2023\/07\/adventhealth-invierte-us-5-millones-en-impulsar-el-futuro-de-la-atencion-a-la-persona-integral\/#article","isPartOf":{"@id":"https:\/\/interamerica.org\/es\/2023\/07\/adventhealth-invierte-us-5-millones-en-impulsar-el-futuro-de-la-atencion-a-la-persona-integral\/"},"author":{"name":"libna","@id":"https:\/\/interamerica.org\/es\/#\/schema\/person\/29998f2bc2d8bd0d38662909289b54f1"},"headline":"AdventHealth Invierte US$ 5 millones en impulsar el futuro de la atenci\u00f3n a la persona integral","datePublished":"2023-07-10T13:34:04+00:00","dateModified":"2023-07-11T19:16:12+00:00","mainEntityOfPage":{"@id":"https:\/\/interamerica.org\/es\/2023\/07\/adventhealth-invierte-us-5-millones-en-impulsar-el-futuro-de-la-atencion-a-la-persona-integral\/"},"wordCount":965,"image":{"@id":"https:\/\/interamerica.org\/es\/2023\/07\/adventhealth-invierte-us-5-millones-en-impulsar-el-futuro-de-la-atencion-a-la-persona-integral\/#primaryimage"},"thumbnailUrl":"https:\/\/interamerica.org\/wp-content\/uploads\/2023\/07\/ucf-rendering.jpeg","articleSection":["Desde la iglesia mundial","RSS Espa\u00f1ol"],"inLanguage":"es"},{"@type":"WebPage","@id":"https:\/\/interamerica.org\/es\/2023\/07\/adventhealth-invierte-us-5-millones-en-impulsar-el-futuro-de-la-atencion-a-la-persona-integral\/","url":"https:\/\/interamerica.org\/es\/2023\/07\/adventhealth-invierte-us-5-millones-en-impulsar-el-futuro-de-la-atencion-a-la-persona-integral\/","name":"AdventHealth Invierte US$ 5 millones en impulsar el futuro de la atenci\u00f3n a la persona integral - Iglesia Adventista del S\u00e9ptimo D\u00eda - Divisi\u00f3n Interamericana","isPartOf":{"@id":"https:\/\/interamerica.org\/es\/#website"},"primaryImageOfPage":{"@id":"https:\/\/interamerica.org\/es\/2023\/07\/adventhealth-invierte-us-5-millones-en-impulsar-el-futuro-de-la-atencion-a-la-persona-integral\/#primaryimage"},"image":{"@id":"https:\/\/interamerica.org\/es\/2023\/07\/adventhealth-invierte-us-5-millones-en-impulsar-el-futuro-de-la-atencion-a-la-persona-integral\/#primaryimage"},"thumbnailUrl":"https:\/\/interamerica.org\/wp-content\/uploads\/2023\/07\/ucf-rendering.jpeg","datePublished":"2023-07-10T13:34:04+00:00","dateModified":"2023-07-11T19:16:12+00:00","author":{"@id":"https:\/\/interamerica.org\/es\/#\/schema\/person\/29998f2bc2d8bd0d38662909289b54f1"},"breadcrumb":{"@id":"https:\/\/interamerica.org\/es\/2023\/07\/adventhealth-invierte-us-5-millones-en-impulsar-el-futuro-de-la-atencion-a-la-persona-integral\/#breadcrumb"},"inLanguage":"es","potentialAction":[{"@type":"ReadAction","target":["https:\/\/interamerica.org\/es\/2023\/07\/adventhealth-invierte-us-5-millones-en-impulsar-el-futuro-de-la-atencion-a-la-persona-integral\/"]}]},{"@type":"ImageObject","inLanguage":"es","@id":"https:\/\/interamerica.org\/es\/2023\/07\/adventhealth-invierte-us-5-millones-en-impulsar-el-futuro-de-la-atencion-a-la-persona-integral\/#primaryimage","url":"https:\/\/interamerica.org\/wp-content\/uploads\/2023\/07\/ucf-rendering.jpeg","contentUrl":"https:\/\/interamerica.org\/wp-content\/uploads\/2023\/07\/ucf-rendering.jpeg","width":1600,"height":900,"caption":"UCF is actively designing a 21st-century facility that will allow the university to educate more nurses and foster innovation and collaboration. [Image: UCF]"},{"@type":"BreadcrumbList","@id":"https:\/\/interamerica.org\/es\/2023\/07\/adventhealth-invierte-us-5-millones-en-impulsar-el-futuro-de-la-atencion-a-la-persona-integral\/#breadcrumb","itemListElement":[{"@type":"ListItem","position":1,"name":"Home","item":"https:\/\/interamerica.org\/es\/"},{"@type":"ListItem","position":2,"name":"AdventHealth Invierte US$ 5 millones en impulsar el futuro de la atenci\u00f3n a la persona integral"}]},{"@type":"WebSite","@id":"https:\/\/interamerica.org\/es\/#website","url":"https:\/\/interamerica.org\/es\/","name":"Iglesia Adventista del S\u00e9ptimo D\u00eda - Divisi\u00f3n Interamericana","description":"","potentialAction":[{"@type":"SearchAction","target":{"@type":"EntryPoint","urlTemplate":"https:\/\/interamerica.org\/es\/?s={search_term_string}"},"query-input":{"@type":"PropertyValueSpecification","valueRequired":true,"valueName":"search_term_string"}}],"inLanguage":"es"},{"@type":"Person","@id":"https:\/\/interamerica.org\/es\/#\/schema\/person\/29998f2bc2d8bd0d38662909289b54f1","name":"libna","image":{"@type":"ImageObject","inLanguage":"es","@id":"https:\/\/secure.gravatar.com\/avatar\/7c5bd30ae4b47a9ba3c856590957fd1d96dc588bf3ac05719d247e126840331f?s=96&d=mm&r=g","url":"https:\/\/secure.gravatar.com\/avatar\/7c5bd30ae4b47a9ba3c856590957fd1d96dc588bf3ac05719d247e126840331f?s=96&d=mm&r=g","contentUrl":"https:\/\/secure.gravatar.com\/avatar\/7c5bd30ae4b47a9ba3c856590957fd1d96dc588bf3ac05719d247e126840331f?s=96&d=mm&r=g","caption":"libna"}}]}},"_links":{"self":[{"href":"https:\/\/interamerica.org\/es\/wp-json\/wp\/v2\/posts\/100714","targetHints":{"allow":["GET"]}}],"collection":[{"href":"https:\/\/interamerica.org\/es\/wp-json\/wp\/v2\/posts"}],"about":[{"href":"https:\/\/interamerica.org\/es\/wp-json\/wp\/v2\/types\/post"}],"author":[{"embeddable":true,"href":"https:\/\/interamerica.org\/es\/wp-json\/wp\/v2\/users\/3"}],"replies":[{"embeddable":true,"href":"https:\/\/interamerica.org\/es\/wp-json\/wp\/v2\/comments?post=100714"}],"version-history":[{"count":0,"href":"https:\/\/interamerica.org\/es\/wp-json\/wp\/v2\/posts\/100714\/revisions"}],"wp:featuredmedia":[{"embeddable":true,"href":"https:\/\/interamerica.org\/es\/wp-json\/wp\/v2\/media\/100659"}],"wp:attachment":[{"href":"https:\/\/interamerica.org\/es\/wp-json\/wp\/v2\/media?parent=100714"}],"wp:term":[{"taxonomy":"category","embeddable":true,"href":"https:\/\/interamerica.org\/es\/wp-json\/wp\/v2\/categories?post=100714"},{"taxonomy":"post_tag","embeddable":true,"href":"https:\/\/interamerica.org\/es\/wp-json\/wp\/v2\/tags?post=100714"}],"curies":[{"name":"wp","href":"https:\/\/api.w.org\/{rel}","templated":true}]}}