{"id":100777,"date":"2023-07-11T15:12:07","date_gmt":"2023-07-11T19:12:07","guid":{"rendered":"https:\/\/interamerica.org\/?p=100777"},"modified":"2023-07-12T11:55:47","modified_gmt":"2023-07-12T15:55:47","slug":"planta-de-biogas-trae-energia-a-casas-familiares-destruidas","status":"publish","type":"post","link":"https:\/\/interamerica.org\/es\/2023\/07\/planta-de-biogas-trae-energia-a-casas-familiares-destruidas\/","title":{"rendered":"Planta de biog\u00e1s trae energ\u00eda a casas familiares destruidas"},"content":{"rendered":"<h4><\/h4>\n<p><div id=\"attachment_100728\" style=\"width: 858px\" class=\"wp-caption aligncenter\"><img fetchpriority=\"high\" decoding=\"async\" aria-describedby=\"caption-attachment-100728\" class=\" wp-image-100726\" src=\"https:\/\/interamerica.org\/wp-content\/uploads\/2023\/07\/adra-austria-1-1024x512.png\" alt=\"Biogas plant under construction in Koro Island, Fiji. [Photo: Marcel Wagner, ADRA Austria]\" width=\"848\" height=\"424\" srcset=\"https:\/\/interamerica.org\/wp-content\/uploads\/2023\/07\/adra-austria-1-1024x512.png 1024w, https:\/\/interamerica.org\/wp-content\/uploads\/2023\/07\/adra-austria-1-300x150.png 300w, https:\/\/interamerica.org\/wp-content\/uploads\/2023\/07\/adra-austria-1-768x384.png 768w, https:\/\/interamerica.org\/wp-content\/uploads\/2023\/07\/adra-austria-1.png 1500w\" sizes=\"(max-width: 848px) 100vw, 848px\" \/><p id=\"caption-attachment-100728\" class=\"wp-caption-text\">Planta de biog\u00e1s en construcci\u00f3n en Isla de Koro, Fiyi. [Imagen: Marcel Wagner, ADRA Austria]<\/p><\/div><strong>Iniciativa de ADRA Austria est\u00e1 ayudando a las familias en Isla de Koro, Fiyi.<\/strong><\/p>\n<p>11 de julio de 2023 | Austria | J\u00fcrgen Dostal, ADRA Austria y Adventist Review<\/p>\n<p>En 2016, un tif\u00f3n destroz\u00f3 la isla de Koro, una de las principales islas de Fiyi. Desde entonces, la Agencia Adventista de Desarrollo y Recursos Asistenciales (ADRA) en Austria ha estado proveyendo ayuda de reconstrucci\u00f3n con un enfoque sobre m\u00e9todos alternativos de agricultura y producci\u00f3n de energ\u00eda clim\u00e1ticamente neutra. En mayo, el director de ADRA Austria, Marcel Wagner, viaj\u00f3 a la isla para dirigir un equipo en la construcci\u00f3n de una planta aut\u00f3noma de biog\u00e1s.<\/p>\n<p><strong>Un sencillo dise\u00f1o<\/strong><\/p>\n<p>ADRA Austria inform\u00f3 que la construcci\u00f3n de una planta de biog\u00e1s es muy sencilla. El cilindro de fermentaci\u00f3n, con un volumen de 6 metros c\u00fabicos, se construye con ladrillos o bloques a una profundidad de 1.5 metros. Despu\u00e9s de terminado el cilindro, se coloca tierra alrededor del cilindro con el fin de crear suficientes fuerzas de estabilizaci\u00f3n contra la presi\u00f3n generada dentro. A 0.5 bares de presi\u00f3n, la presi\u00f3n se considera relativamente baja y es causada por la fermentaci\u00f3n de excremento tanto humano como animal.<\/p>\n<p><div id=\"attachment_100731\" style=\"width: 857px\" class=\"wp-caption aligncenter\"><img decoding=\"async\" aria-describedby=\"caption-attachment-100731\" class=\" wp-image-100729\" src=\"https:\/\/interamerica.org\/wp-content\/uploads\/2023\/07\/fiji3-1536x1152-1-1024x768.jpeg\" alt=\"\" width=\"847\" height=\"635\" srcset=\"https:\/\/interamerica.org\/wp-content\/uploads\/2023\/07\/fiji3-1536x1152-1-1024x768.jpeg 1024w, https:\/\/interamerica.org\/wp-content\/uploads\/2023\/07\/fiji3-1536x1152-1-300x225.jpeg 300w, https:\/\/interamerica.org\/wp-content\/uploads\/2023\/07\/fiji3-1536x1152-1-768x576.jpeg 768w, https:\/\/interamerica.org\/wp-content\/uploads\/2023\/07\/fiji3-1536x1152-1.jpeg 1536w\" sizes=\"(max-width: 847px) 100vw, 847px\" \/><p id=\"caption-attachment-100731\" class=\"wp-caption-text\">Estudiantes observan con inter\u00e9s la construcci\u00f3n. [Imagen: Marcel Wagner, ADRA Austria]<\/p><\/div>Siendo que es muy costoso el transportar concreto a Pacific Island, situada a unos 2,000 kil\u00f3metros de Australia, se utiliz\u00f3 una mezcla alternativa de recursos disponibles localmente. Adem\u00e1s de los bloques, se necesitan solamente mangueras de hule para distribuir el gas a las casas de las familias. El costo total de un sistema es de 2,500 euros, aproximadamente US$ 2,737. Sin embargo, esta inversi\u00f3n se pagar\u00e1 por s\u00ed misma en unos cuantos a\u00f1os, siendo que los cilindros importados de gas son extraordinariamente costosos, dijeron los dirigentes de ADRA.<\/p>\n<p><strong>Energ\u00eda para tres familias<\/strong><\/p>\n<p>De acuerdo con ADRA Austria, tal peque\u00f1a planta de biog\u00e1s produce suficiente gas para aproximadamente tres familias y se puede construir f\u00e1cilmente y con la cooperaci\u00f3n de los residentes. Esto capacita a las familias para independizarse de los altos precios del consumo de gas.<\/p>\n<p><div id=\"attachment_100734\" style=\"width: 880px\" class=\"wp-caption aligncenter\"><img decoding=\"async\" aria-describedby=\"caption-attachment-100734\" class=\" wp-image-100732\" src=\"https:\/\/interamerica.org\/wp-content\/uploads\/2023\/07\/fiji5-1536x1152-1-1024x768.jpeg\" alt=\"\" width=\"870\" height=\"653\" srcset=\"https:\/\/interamerica.org\/wp-content\/uploads\/2023\/07\/fiji5-1536x1152-1-1024x768.jpeg 1024w, https:\/\/interamerica.org\/wp-content\/uploads\/2023\/07\/fiji5-1536x1152-1-300x225.jpeg 300w, https:\/\/interamerica.org\/wp-content\/uploads\/2023\/07\/fiji5-1536x1152-1-768x576.jpeg 768w, https:\/\/interamerica.org\/wp-content\/uploads\/2023\/07\/fiji5-1536x1152-1.jpeg 1536w\" sizes=\"(max-width: 870px) 100vw, 870px\" \/><p id=\"caption-attachment-100734\" class=\"wp-caption-text\">Trabajadores cerca de la terminaci\u00f3n de la construcci\u00f3n de la planta de biog\u00e1s. Una vez terminada, colocar\u00e1n tierra a alrededor del cilindro para su estabilizaci\u00f3n. [Imagen: Marcel Wagner, ADRA Austria]<\/p><\/div>Aun as\u00ed, no siempre es f\u00e1cil para las familias financiar los costos de construcci\u00f3n. Pero ADRA ha logrado financiar el proyecto a trav\u00e9s de asociaciones de ahorro establecidas en las Islas Fiyi. La asociaci\u00f3n de peque\u00f1os socios privados hace posible que se re\u00fanan fondos para construir plantas tal como la que se acaba de construir en Koro. Sin embargo, el prerrequisito es que las familias obtengan un ingreso de la planta de gas a fin de que puedan reembolsar el capital a las asociaciones de ahorro, explicaron los dirigentes ADRA.<\/p>\n<p><strong>Transferencia de conocimiento<\/strong><\/p>\n<p>\u201cA trav\u00e9s de proyectos tales como este, ADRA Austria est\u00e1 ayudando a la gente a ayudarse a s\u00ed misma\u201d, dijeron los dirigentes de ADRA. \u201cPara lograr este fin, es importante que se transfiera el conocimiento a la poblaci\u00f3n y que la gente aprenda a beneficiarse directamente del este conocimiento impartido\u201d. En la Isla de Koro, se\u00f1alaron, la transferencia de conocimiento se lleva a cabo a trav\u00e9s de cooperaci\u00f3n con la universidad situada en ese lugar.<\/p>\n<p><div id=\"attachment_100737\" style=\"width: 475px\" class=\"wp-caption aligncenter\"><img loading=\"lazy\" decoding=\"async\" aria-describedby=\"caption-attachment-100737\" class=\" wp-image-100735\" src=\"https:\/\/interamerica.org\/wp-content\/uploads\/2023\/07\/fiji9a-1152x1536-1-768x1024.jpeg\" alt=\"\" width=\"465\" height=\"620\" srcset=\"https:\/\/interamerica.org\/wp-content\/uploads\/2023\/07\/fiji9a-1152x1536-1-768x1024.jpeg 768w, https:\/\/interamerica.org\/wp-content\/uploads\/2023\/07\/fiji9a-1152x1536-1-225x300.jpeg 225w, https:\/\/interamerica.org\/wp-content\/uploads\/2023\/07\/fiji9a-1152x1536-1.jpeg 1152w\" sizes=\"(max-width: 465px) 100vw, 465px\" \/><p id=\"caption-attachment-100737\" class=\"wp-caption-text\">Las estufas de gas son muy importantes en Fiyi. Esta estufa opera todav\u00eda con un costoso cilindro de gas. [Imagen: Marcel Wagner, ADRA Austria]<\/p><\/div>\u201cLa agencia ADRA se esfuerza por capacitar a las personas para vivir una vida de\u00a0 autodeterminaci\u00f3n, caracterizada por la sustentabilidad y la autonom\u00eda\u201d, dijo el director Wagner.<\/p>\n<p>La versi\u00f3n original de esta noticia fue publicada por ADRA Austria.<\/p>\n<p>Traducci\u00f3n \u2013 Gloria A. Castrej\u00f3n<\/p>\n<p>&nbsp;<\/p>\n","protected":false},"excerpt":{"rendered":"<p>Iniciativa de ADRA Austria est\u00e1 ayudando a las familias en Isla de Koro, Fiyi. 11 de julio de 2023 | Austria | J\u00fcrgen Dostal, ADRA Austria y Adventist Review En&#8230;<\/p>\n","protected":false},"author":3,"featured_media":100734,"comment_status":"closed","ping_status":"closed","sticky":false,"template":"","format":"standard","meta":{"_acf_changed":false,"footnotes":""},"categories":[14,15],"tags":[],"class_list":["post-100777","post","type-post","status-publish","format-standard","has-post-thumbnail","hentry","category-de-la-iglesia-mundial","category-rss-espanol"],"acf":[],"yoast_head":"<!-- This site is optimized with the Yoast SEO plugin v27.3 - https:\/\/yoast.com\/product\/yoast-seo-wordpress\/ -->\n<title>Planta de biog\u00e1s trae energ\u00eda a casas familiares destruidas - Iglesia Adventista del S\u00e9ptimo D\u00eda - Divisi\u00f3n Interamericana<\/title>\n<meta name=\"robots\" content=\"index, follow, max-snippet:-1, max-image-preview:large, max-video-preview:-1\" \/>\n<link rel=\"canonical\" href=\"https:\/\/interamerica.org\/es\/2023\/07\/planta-de-biogas-trae-energia-a-casas-familiares-destruidas\/\" \/>\n<meta property=\"og:locale\" content=\"es_ES\" \/>\n<meta property=\"og:type\" content=\"article\" \/>\n<meta property=\"og:title\" content=\"Planta de biog\u00e1s trae energ\u00eda a casas familiares destruidas - Iglesia Adventista del S\u00e9ptimo D\u00eda - Divisi\u00f3n Interamericana\" \/>\n<meta property=\"og:description\" content=\"Iniciativa de ADRA Austria est\u00e1 ayudando a las familias en Isla de Koro, Fiyi. 11 de julio de 2023 | Austria | J\u00fcrgen Dostal, ADRA Austria y Adventist Review En...\" \/>\n<meta property=\"og:url\" content=\"https:\/\/interamerica.org\/es\/2023\/07\/planta-de-biogas-trae-energia-a-casas-familiares-destruidas\/\" \/>\n<meta property=\"og:site_name\" content=\"Iglesia Adventista del S\u00e9ptimo D\u00eda - Divisi\u00f3n Interamericana\" \/>\n<meta property=\"article:published_time\" content=\"2023-07-11T19:12:07+00:00\" \/>\n<meta property=\"article:modified_time\" content=\"2023-07-12T15:55:47+00:00\" \/>\n<meta property=\"og:image\" content=\"https:\/\/interamerica.org\/wp-content\/uploads\/2023\/07\/fiji5-1536x1152-1.jpeg\" \/>\n\t<meta property=\"og:image:width\" content=\"1536\" \/>\n\t<meta property=\"og:image:height\" content=\"1152\" \/>\n\t<meta property=\"og:image:type\" content=\"image\/jpeg\" \/>\n<meta name=\"author\" content=\"libna\" \/>\n<meta name=\"twitter:card\" content=\"summary_large_image\" \/>\n<meta name=\"twitter:label1\" content=\"Escrito por\" \/>\n\t<meta name=\"twitter:data1\" content=\"libna\" \/>\n\t<meta name=\"twitter:label2\" content=\"Tiempo de lectura\" \/>\n\t<meta name=\"twitter:data2\" content=\"4 minutos\" \/>\n<script type=\"application\/ld+json\" class=\"yoast-schema-graph\">{\"@context\":\"https:\\\/\\\/schema.org\",\"@graph\":[{\"@type\":\"Article\",\"@id\":\"https:\\\/\\\/interamerica.org\\\/es\\\/2023\\\/07\\\/planta-de-biogas-trae-energia-a-casas-familiares-destruidas\\\/#article\",\"isPartOf\":{\"@id\":\"https:\\\/\\\/interamerica.org\\\/es\\\/2023\\\/07\\\/planta-de-biogas-trae-energia-a-casas-familiares-destruidas\\\/\"},\"author\":{\"name\":\"libna\",\"@id\":\"https:\\\/\\\/interamerica.org\\\/es\\\/#\\\/schema\\\/person\\\/29998f2bc2d8bd0d38662909289b54f1\"},\"headline\":\"Planta de biog\u00e1s trae energ\u00eda a casas familiares destruidas\",\"datePublished\":\"2023-07-11T19:12:07+00:00\",\"dateModified\":\"2023-07-12T15:55:47+00:00\",\"mainEntityOfPage\":{\"@id\":\"https:\\\/\\\/interamerica.org\\\/es\\\/2023\\\/07\\\/planta-de-biogas-trae-energia-a-casas-familiares-destruidas\\\/\"},\"wordCount\":703,\"image\":{\"@id\":\"https:\\\/\\\/interamerica.org\\\/es\\\/2023\\\/07\\\/planta-de-biogas-trae-energia-a-casas-familiares-destruidas\\\/#primaryimage\"},\"thumbnailUrl\":\"https:\\\/\\\/interamerica.org\\\/wp-content\\\/uploads\\\/2023\\\/07\\\/fiji5-1536x1152-1.jpeg\",\"articleSection\":[\"Desde la iglesia mundial\",\"RSS Espa\u00f1ol\"],\"inLanguage\":\"es\"},{\"@type\":\"WebPage\",\"@id\":\"https:\\\/\\\/interamerica.org\\\/es\\\/2023\\\/07\\\/planta-de-biogas-trae-energia-a-casas-familiares-destruidas\\\/\",\"url\":\"https:\\\/\\\/interamerica.org\\\/es\\\/2023\\\/07\\\/planta-de-biogas-trae-energia-a-casas-familiares-destruidas\\\/\",\"name\":\"Planta de biog\u00e1s trae energ\u00eda a casas familiares destruidas - Iglesia Adventista del S\u00e9ptimo D\u00eda - Divisi\u00f3n Interamericana\",\"isPartOf\":{\"@id\":\"https:\\\/\\\/interamerica.org\\\/es\\\/#website\"},\"primaryImageOfPage\":{\"@id\":\"https:\\\/\\\/interamerica.org\\\/es\\\/2023\\\/07\\\/planta-de-biogas-trae-energia-a-casas-familiares-destruidas\\\/#primaryimage\"},\"image\":{\"@id\":\"https:\\\/\\\/interamerica.org\\\/es\\\/2023\\\/07\\\/planta-de-biogas-trae-energia-a-casas-familiares-destruidas\\\/#primaryimage\"},\"thumbnailUrl\":\"https:\\\/\\\/interamerica.org\\\/wp-content\\\/uploads\\\/2023\\\/07\\\/fiji5-1536x1152-1.jpeg\",\"datePublished\":\"2023-07-11T19:12:07+00:00\",\"dateModified\":\"2023-07-12T15:55:47+00:00\",\"author\":{\"@id\":\"https:\\\/\\\/interamerica.org\\\/es\\\/#\\\/schema\\\/person\\\/29998f2bc2d8bd0d38662909289b54f1\"},\"breadcrumb\":{\"@id\":\"https:\\\/\\\/interamerica.org\\\/es\\\/2023\\\/07\\\/planta-de-biogas-trae-energia-a-casas-familiares-destruidas\\\/#breadcrumb\"},\"inLanguage\":\"es\",\"potentialAction\":[{\"@type\":\"ReadAction\",\"target\":[\"https:\\\/\\\/interamerica.org\\\/es\\\/2023\\\/07\\\/planta-de-biogas-trae-energia-a-casas-familiares-destruidas\\\/\"]}]},{\"@type\":\"ImageObject\",\"inLanguage\":\"es\",\"@id\":\"https:\\\/\\\/interamerica.org\\\/es\\\/2023\\\/07\\\/planta-de-biogas-trae-energia-a-casas-familiares-destruidas\\\/#primaryimage\",\"url\":\"https:\\\/\\\/interamerica.org\\\/wp-content\\\/uploads\\\/2023\\\/07\\\/fiji5-1536x1152-1.jpeg\",\"contentUrl\":\"https:\\\/\\\/interamerica.org\\\/wp-content\\\/uploads\\\/2023\\\/07\\\/fiji5-1536x1152-1.jpeg\",\"width\":1536,\"height\":1152,\"caption\":\"Workers near completion of the biogas plant. Once complete, they will pour soil around the cylinder to stabilize it. [Photo: Marcel Wagner, ADRA Austria]\"},{\"@type\":\"BreadcrumbList\",\"@id\":\"https:\\\/\\\/interamerica.org\\\/es\\\/2023\\\/07\\\/planta-de-biogas-trae-energia-a-casas-familiares-destruidas\\\/#breadcrumb\",\"itemListElement\":[{\"@type\":\"ListItem\",\"position\":1,\"name\":\"Home\",\"item\":\"https:\\\/\\\/interamerica.org\\\/es\\\/\"},{\"@type\":\"ListItem\",\"position\":2,\"name\":\"Planta de biog\u00e1s trae energ\u00eda a casas familiares destruidas\"}]},{\"@type\":\"WebSite\",\"@id\":\"https:\\\/\\\/interamerica.org\\\/es\\\/#website\",\"url\":\"https:\\\/\\\/interamerica.org\\\/es\\\/\",\"name\":\"Iglesia Adventista del S\u00e9ptimo D\u00eda - Divisi\u00f3n Interamericana\",\"description\":\"\",\"potentialAction\":[{\"@type\":\"SearchAction\",\"target\":{\"@type\":\"EntryPoint\",\"urlTemplate\":\"https:\\\/\\\/interamerica.org\\\/es\\\/?s={search_term_string}\"},\"query-input\":{\"@type\":\"PropertyValueSpecification\",\"valueRequired\":true,\"valueName\":\"search_term_string\"}}],\"inLanguage\":\"es\"},{\"@type\":\"Person\",\"@id\":\"https:\\\/\\\/interamerica.org\\\/es\\\/#\\\/schema\\\/person\\\/29998f2bc2d8bd0d38662909289b54f1\",\"name\":\"libna\",\"image\":{\"@type\":\"ImageObject\",\"inLanguage\":\"es\",\"@id\":\"https:\\\/\\\/secure.gravatar.com\\\/avatar\\\/7c5bd30ae4b47a9ba3c856590957fd1d96dc588bf3ac05719d247e126840331f?s=96&d=mm&r=g\",\"url\":\"https:\\\/\\\/secure.gravatar.com\\\/avatar\\\/7c5bd30ae4b47a9ba3c856590957fd1d96dc588bf3ac05719d247e126840331f?s=96&d=mm&r=g\",\"contentUrl\":\"https:\\\/\\\/secure.gravatar.com\\\/avatar\\\/7c5bd30ae4b47a9ba3c856590957fd1d96dc588bf3ac05719d247e126840331f?s=96&d=mm&r=g\",\"caption\":\"libna\"}}]}<\/script>\n<!-- \/ Yoast SEO plugin. -->","yoast_head_json":{"title":"Planta de biog\u00e1s trae energ\u00eda a casas familiares destruidas - Iglesia Adventista del S\u00e9ptimo D\u00eda - Divisi\u00f3n Interamericana","robots":{"index":"index","follow":"follow","max-snippet":"max-snippet:-1","max-image-preview":"max-image-preview:large","max-video-preview":"max-video-preview:-1"},"canonical":"https:\/\/interamerica.org\/es\/2023\/07\/planta-de-biogas-trae-energia-a-casas-familiares-destruidas\/","og_locale":"es_ES","og_type":"article","og_title":"Planta de biog\u00e1s trae energ\u00eda a casas familiares destruidas - Iglesia Adventista del S\u00e9ptimo D\u00eda - Divisi\u00f3n Interamericana","og_description":"Iniciativa de ADRA Austria est\u00e1 ayudando a las familias en Isla de Koro, Fiyi. 11 de julio de 2023 | Austria | J\u00fcrgen Dostal, ADRA Austria y Adventist Review En...","og_url":"https:\/\/interamerica.org\/es\/2023\/07\/planta-de-biogas-trae-energia-a-casas-familiares-destruidas\/","og_site_name":"Iglesia Adventista del S\u00e9ptimo D\u00eda - Divisi\u00f3n Interamericana","article_published_time":"2023-07-11T19:12:07+00:00","article_modified_time":"2023-07-12T15:55:47+00:00","og_image":[{"width":1536,"height":1152,"url":"https:\/\/interamerica.org\/wp-content\/uploads\/2023\/07\/fiji5-1536x1152-1.jpeg","type":"image\/jpeg"}],"author":"libna","twitter_card":"summary_large_image","twitter_misc":{"Escrito por":"libna","Tiempo de lectura":"4 minutos"},"schema":{"@context":"https:\/\/schema.org","@graph":[{"@type":"Article","@id":"https:\/\/interamerica.org\/es\/2023\/07\/planta-de-biogas-trae-energia-a-casas-familiares-destruidas\/#article","isPartOf":{"@id":"https:\/\/interamerica.org\/es\/2023\/07\/planta-de-biogas-trae-energia-a-casas-familiares-destruidas\/"},"author":{"name":"libna","@id":"https:\/\/interamerica.org\/es\/#\/schema\/person\/29998f2bc2d8bd0d38662909289b54f1"},"headline":"Planta de biog\u00e1s trae energ\u00eda a casas familiares destruidas","datePublished":"2023-07-11T19:12:07+00:00","dateModified":"2023-07-12T15:55:47+00:00","mainEntityOfPage":{"@id":"https:\/\/interamerica.org\/es\/2023\/07\/planta-de-biogas-trae-energia-a-casas-familiares-destruidas\/"},"wordCount":703,"image":{"@id":"https:\/\/interamerica.org\/es\/2023\/07\/planta-de-biogas-trae-energia-a-casas-familiares-destruidas\/#primaryimage"},"thumbnailUrl":"https:\/\/interamerica.org\/wp-content\/uploads\/2023\/07\/fiji5-1536x1152-1.jpeg","articleSection":["Desde la iglesia mundial","RSS Espa\u00f1ol"],"inLanguage":"es"},{"@type":"WebPage","@id":"https:\/\/interamerica.org\/es\/2023\/07\/planta-de-biogas-trae-energia-a-casas-familiares-destruidas\/","url":"https:\/\/interamerica.org\/es\/2023\/07\/planta-de-biogas-trae-energia-a-casas-familiares-destruidas\/","name":"Planta de biog\u00e1s trae energ\u00eda a casas familiares destruidas - Iglesia Adventista del S\u00e9ptimo D\u00eda - Divisi\u00f3n Interamericana","isPartOf":{"@id":"https:\/\/interamerica.org\/es\/#website"},"primaryImageOfPage":{"@id":"https:\/\/interamerica.org\/es\/2023\/07\/planta-de-biogas-trae-energia-a-casas-familiares-destruidas\/#primaryimage"},"image":{"@id":"https:\/\/interamerica.org\/es\/2023\/07\/planta-de-biogas-trae-energia-a-casas-familiares-destruidas\/#primaryimage"},"thumbnailUrl":"https:\/\/interamerica.org\/wp-content\/uploads\/2023\/07\/fiji5-1536x1152-1.jpeg","datePublished":"2023-07-11T19:12:07+00:00","dateModified":"2023-07-12T15:55:47+00:00","author":{"@id":"https:\/\/interamerica.org\/es\/#\/schema\/person\/29998f2bc2d8bd0d38662909289b54f1"},"breadcrumb":{"@id":"https:\/\/interamerica.org\/es\/2023\/07\/planta-de-biogas-trae-energia-a-casas-familiares-destruidas\/#breadcrumb"},"inLanguage":"es","potentialAction":[{"@type":"ReadAction","target":["https:\/\/interamerica.org\/es\/2023\/07\/planta-de-biogas-trae-energia-a-casas-familiares-destruidas\/"]}]},{"@type":"ImageObject","inLanguage":"es","@id":"https:\/\/interamerica.org\/es\/2023\/07\/planta-de-biogas-trae-energia-a-casas-familiares-destruidas\/#primaryimage","url":"https:\/\/interamerica.org\/wp-content\/uploads\/2023\/07\/fiji5-1536x1152-1.jpeg","contentUrl":"https:\/\/interamerica.org\/wp-content\/uploads\/2023\/07\/fiji5-1536x1152-1.jpeg","width":1536,"height":1152,"caption":"Workers near completion of the biogas plant. Once complete, they will pour soil around the cylinder to stabilize it. [Photo: Marcel Wagner, ADRA Austria]"},{"@type":"BreadcrumbList","@id":"https:\/\/interamerica.org\/es\/2023\/07\/planta-de-biogas-trae-energia-a-casas-familiares-destruidas\/#breadcrumb","itemListElement":[{"@type":"ListItem","position":1,"name":"Home","item":"https:\/\/interamerica.org\/es\/"},{"@type":"ListItem","position":2,"name":"Planta de biog\u00e1s trae energ\u00eda a casas familiares destruidas"}]},{"@type":"WebSite","@id":"https:\/\/interamerica.org\/es\/#website","url":"https:\/\/interamerica.org\/es\/","name":"Iglesia Adventista del S\u00e9ptimo D\u00eda - Divisi\u00f3n Interamericana","description":"","potentialAction":[{"@type":"SearchAction","target":{"@type":"EntryPoint","urlTemplate":"https:\/\/interamerica.org\/es\/?s={search_term_string}"},"query-input":{"@type":"PropertyValueSpecification","valueRequired":true,"valueName":"search_term_string"}}],"inLanguage":"es"},{"@type":"Person","@id":"https:\/\/interamerica.org\/es\/#\/schema\/person\/29998f2bc2d8bd0d38662909289b54f1","name":"libna","image":{"@type":"ImageObject","inLanguage":"es","@id":"https:\/\/secure.gravatar.com\/avatar\/7c5bd30ae4b47a9ba3c856590957fd1d96dc588bf3ac05719d247e126840331f?s=96&d=mm&r=g","url":"https:\/\/secure.gravatar.com\/avatar\/7c5bd30ae4b47a9ba3c856590957fd1d96dc588bf3ac05719d247e126840331f?s=96&d=mm&r=g","contentUrl":"https:\/\/secure.gravatar.com\/avatar\/7c5bd30ae4b47a9ba3c856590957fd1d96dc588bf3ac05719d247e126840331f?s=96&d=mm&r=g","caption":"libna"}}]}},"_links":{"self":[{"href":"https:\/\/interamerica.org\/es\/wp-json\/wp\/v2\/posts\/100777","targetHints":{"allow":["GET"]}}],"collection":[{"href":"https:\/\/interamerica.org\/es\/wp-json\/wp\/v2\/posts"}],"about":[{"href":"https:\/\/interamerica.org\/es\/wp-json\/wp\/v2\/types\/post"}],"author":[{"embeddable":true,"href":"https:\/\/interamerica.org\/es\/wp-json\/wp\/v2\/users\/3"}],"replies":[{"embeddable":true,"href":"https:\/\/interamerica.org\/es\/wp-json\/wp\/v2\/comments?post=100777"}],"version-history":[{"count":0,"href":"https:\/\/interamerica.org\/es\/wp-json\/wp\/v2\/posts\/100777\/revisions"}],"wp:featuredmedia":[{"embeddable":true,"href":"https:\/\/interamerica.org\/es\/wp-json\/wp\/v2\/media\/100734"}],"wp:attachment":[{"href":"https:\/\/interamerica.org\/es\/wp-json\/wp\/v2\/media?parent=100777"}],"wp:term":[{"taxonomy":"category","embeddable":true,"href":"https:\/\/interamerica.org\/es\/wp-json\/wp\/v2\/categories?post=100777"},{"taxonomy":"post_tag","embeddable":true,"href":"https:\/\/interamerica.org\/es\/wp-json\/wp\/v2\/tags?post=100777"}],"curies":[{"name":"wp","href":"https:\/\/api.w.org\/{rel}","templated":true}]}}