{"id":100864,"date":"2023-07-12T20:54:48","date_gmt":"2023-07-13T00:54:48","guid":{"rendered":"https:\/\/interamerica.org\/?p=100864"},"modified":"2023-07-17T12:45:21","modified_gmt":"2023-07-17T16:45:21","slug":"iglesia-adventista-concluye-esfuerzos-nacionales-de-evangelizacion-con-mas-de-21-mil-bautismos-en-todo-mexico","status":"publish","type":"post","link":"https:\/\/interamerica.org\/es\/2023\/07\/iglesia-adventista-concluye-esfuerzos-nacionales-de-evangelizacion-con-mas-de-21-mil-bautismos-en-todo-mexico\/","title":{"rendered":"Iglesia Adventista concluye esfuerzos nacionales de evangelizaci\u00f3n con m\u00e1s de 21 mil bautismos en todo M\u00e9xico"},"content":{"rendered":"<p><div id=\"attachment_100788\" style=\"width: 876px\" class=\"wp-caption aligncenter\"><img fetchpriority=\"high\" decoding=\"async\" aria-describedby=\"caption-attachment-100788\" class=\" wp-image-100789\" src=\"https:\/\/interamerica.org\/wp-content\/uploads\/2023\/07\/semu-tabasco-baptism-june2023.jpg\" alt=\"\" width=\"866\" height=\"569\" srcset=\"https:\/\/interamerica.org\/wp-content\/uploads\/2023\/07\/semu-tabasco-baptism-june2023.jpg 1000w, https:\/\/interamerica.org\/wp-content\/uploads\/2023\/07\/semu-tabasco-baptism-june2023-300x197.jpg 300w, https:\/\/interamerica.org\/wp-content\/uploads\/2023\/07\/semu-tabasco-baptism-june2023-768x505.jpg 768w\" sizes=\"(max-width: 866px) 100vw, 866px\" \/><p id=\"caption-attachment-100788\" class=\"wp-caption-text\">Padre e hija David (derecha) y Adalia (izquierda) Hern\u00e1ndez, en el sur de Tabasco en el territorio de la Uni\u00f3n Mexicana del Sureste, escuchan la oraci\u00f3n del pastor Eber Olmedo (al centro), antes de su bautismo una semana antes de la campa\u00f1a de evangelizaci\u00f3n de ocho d\u00edas que comenz\u00f3 el 17 de junio de 2023. M\u00e1s de 21 mil nuevos creyentes se unieron a la iglesia en todo M\u00e9xico, durante la tercera campa\u00f1a nacional consecutiva llevada a cabo en las cinco uniones o principales regiones de la iglesia en la naci\u00f3n. [Fotograf\u00eda: Uni\u00f3n Mexicana del Sureste]<\/p><\/div>12 de julio de 2023 | Ciudad de M\u00e9xico, M\u00e9xico | Fabiola Quinto y Libna Stevens, Noticias de la Divisi\u00f3n Interamericana<\/p>\n<p>La Iglesia Adventista del S\u00e9ptimo D\u00eda en M\u00e9xico dio la bienvenida a m\u00e1s de 21 mil nuevos miembros en la finalizaci\u00f3n de los primeros seis meses de intensos esfuerzos de evangelizaci\u00f3n en la naci\u00f3n que culminaron con una campa\u00f1a nacional de evangelismo en l\u00ednea desde Ciudad de M\u00e9xico, M\u00e9xico, el 24 de junio de 2023. La serie de ocho d\u00edas fue la tercera campa\u00f1a nacional de evangelizaci\u00f3n en l\u00ednea que llev\u00f3 a miles de l\u00edderes y miembros de iglesia a compartir el evangelio en ciudades y comunidades de las cinco uniones o regiones eclesi\u00e1sticas principales de M\u00e9xico desde el comienzo del a\u00f1o.<\/p>\n<p>Bajo el lema \u201cNo te rindas, a\u00fan hay esperanza\u201d, la campa\u00f1a alent\u00f3 a los m\u00e1s de ochocientos presentes en la iglesia adventista central de Ciudad de M\u00e9xico todas las noches, junto con miles de usuarios y oyentes en los hogares, las iglesias y los centros comunitarios de M\u00e9xico, para que se aferren a Jes\u00fas en momentos de temor, duda, estr\u00e9s, angustia e incertidumbre.<\/p>\n<p><div id=\"attachment_100827\" style=\"width: 863px\" class=\"wp-caption aligncenter\"><img decoding=\"async\" aria-describedby=\"caption-attachment-100827\" class=\" wp-image-100825\" src=\"https:\/\/interamerica.org\/wp-content\/uploads\/2023\/07\/cemu-baptism-central-church2023.jpg\" alt=\"\" width=\"853\" height=\"551\" srcset=\"https:\/\/interamerica.org\/wp-content\/uploads\/2023\/07\/cemu-baptism-central-church2023.jpg 1000w, https:\/\/interamerica.org\/wp-content\/uploads\/2023\/07\/cemu-baptism-central-church2023-300x194.jpg 300w, https:\/\/interamerica.org\/wp-content\/uploads\/2023\/07\/cemu-baptism-central-church2023-768x496.jpg 768w\" sizes=\"(max-width: 853px) 100vw, 853px\" \/><p id=\"caption-attachment-100827\" class=\"wp-caption-text\">Dos nuevos creyentes son bautizados por los pastores Yolman M\u00e9ndez (izquierda), de la Asociaci\u00f3n Mexicana Metropolitana, y Edgar Ben\u00edtez (derecha), de la Uni\u00f3n Mexicana Central, en la iglesia adventista Central, durante la campa\u00f1a en l\u00ednea del 17-24 de junio de 2023. [Fotograf\u00eda: Uni\u00f3n Mexicana Central]<\/p><\/div><strong>Vidas transformadas<\/strong><\/p>\n<p>Fue dif\u00edcil para Jorge Santiago de Ciudad de M\u00e9xico encontrar a Jes\u00fas. Durante la pandemia, pas\u00f3 muchas horas practicando la santer\u00eda, pero se dio cuenta de que necesitaba un cambio de vida.<\/p>\n<p>\u201cComenc\u00e9 a buscar videos en YouTube sobre Dios, y encontr\u00e9 varios sermones que me ayudaron a aprender m\u00e1s de la Biblia\u201d, dijo Santiago. \u201cAl leer Juan 10:10, me di cuenta de que Satan\u00e1s vino a la tierra para robar, matar y destruir, y lo que m\u00e1s me doli\u00f3 es que cuando acept\u00e9 a Jes\u00fas, mi familia me rechaz\u00f3. Pero no me importa porque, en Jes\u00fas, tengo vida eterna\u201d.<\/p>\n<p>No ha sido f\u00e1cil experimentar de cerca la lucha entre el bien y el mal, dijo Santiago. \u201cEn cierta ocasi\u00f3n que me invitaron a asistir a una iglesia [adventista], me detuve a alimentar a mis demonios, y poco a poco, me fui apartando de lo que me estaba destruyendo\u201d, dijo. Santiago sabe que le queda un camino dif\u00edcil por delante, pero est\u00e1 seguro de que, con Dios, podr\u00e1 triunfar y vencer los obst\u00e1culos. Santiago fue bautizado el 22 de junio en la iglesia adventista Zapata, en Ciudad de M\u00e9xico.<\/p>\n<p><div id=\"attachment_100823\" style=\"width: 586px\" class=\"wp-caption aligncenter\"><img decoding=\"async\" aria-describedby=\"caption-attachment-100823\" class=\"size-large wp-image-100821\" src=\"https:\/\/interamerica.org\/wp-content\/uploads\/2023\/07\/jorgesantiago-cemu-576x1024.jpg\" alt=\"\" width=\"576\" height=\"1024\" srcset=\"https:\/\/interamerica.org\/wp-content\/uploads\/2023\/07\/jorgesantiago-cemu-576x1024.jpg 576w, https:\/\/interamerica.org\/wp-content\/uploads\/2023\/07\/jorgesantiago-cemu-169x300.jpg 169w, https:\/\/interamerica.org\/wp-content\/uploads\/2023\/07\/jorgesantiago-cemu-768x1365.jpg 768w, https:\/\/interamerica.org\/wp-content\/uploads\/2023\/07\/jorgesantiago-cemu-864x1536.jpg 864w, https:\/\/interamerica.org\/wp-content\/uploads\/2023\/07\/jorgesantiago-cemu.jpg 882w\" sizes=\"(max-width: 576px) 100vw, 576px\" \/><p id=\"caption-attachment-100823\" class=\"wp-caption-text\">Jorge Santiago levanta la mano mientras sonr\u00ede con entusiasmo, despu\u00e9s de ser bautizado en la iglesia adventista en Ciudad de M\u00e9xico el 22 de junio de 2023. Santiago estaba practicando la santer\u00eda antes de dejarlo todo y tomar la decisi\u00f3n de seguir a Jes\u00fas. [Fotograf\u00eda: Fabiola Quinto]<\/p><\/div>Miguel \u00c1ngel P\u00e9rez, de m\u00e1s de 30 a\u00f1os, decidi\u00f3 bautizarse por segunda vez. Hab\u00eda llegado a la firme convicci\u00f3n de que ten\u00eda que entregar otra vez su vida a Cristo. P\u00e9rez hab\u00eda crecido en la iglesia, pero la hab\u00eda dejado por muchos a\u00f1os. Numerosos problemas y desaf\u00edos y los ruegos de su familia lo llevaron a \u00e9l y a su familia regresar a la iglesia. Asisti\u00f3 cada noche de la campa\u00f1a en la iglesia adventista central, escuchando con inter\u00e9s. \u201cAl escuchar los mensajes, me dije, \u2018Necesito regresar y aqu\u00ed me bautizar\u00e9 otra vez\u2019\u201d, dijo P\u00e9rez.<\/p>\n<p>Efr\u00e9n Mart\u00ednez, de 17 a\u00f1os, hab\u00eda estado estudiando la Biblia durante meses, pero sinti\u00f3 que no era momento de cambiar de vida, hasta que escuch\u00f3 el mensaje que desafiaba a la audiencia a \u201csalir de lo que les resulta c\u00f3modo\u201d. Fue entonces que tom\u00f3 la decisi\u00f3n y fue bautizado en el \u00faltimo d\u00eda de la campa\u00f1a. \u201cMe siento muy feliz porque s\u00e9 que Cristo me ha tocado el coraz\u00f3n\u201d, dijo Mart\u00ednez.<\/p>\n<p><div id=\"attachment_100831\" style=\"width: 831px\" class=\"wp-caption aligncenter\"><img loading=\"lazy\" decoding=\"async\" aria-describedby=\"caption-attachment-100831\" class=\" wp-image-100829\" src=\"https:\/\/interamerica.org\/wp-content\/uploads\/2023\/07\/iomu-baptism-june2023.jpg\" alt=\"\" width=\"821\" height=\"533\" srcset=\"https:\/\/interamerica.org\/wp-content\/uploads\/2023\/07\/iomu-baptism-june2023.jpg 1000w, https:\/\/interamerica.org\/wp-content\/uploads\/2023\/07\/iomu-baptism-june2023-300x195.jpg 300w, https:\/\/interamerica.org\/wp-content\/uploads\/2023\/07\/iomu-baptism-june2023-768x498.jpg 768w\" sizes=\"(max-width: 821px) 100vw, 821px\" \/><p id=\"caption-attachment-100831\" class=\"wp-caption-text\">Un nuevo creyente es bautizado en un lago en Veracruz, en el territorio de la Uni\u00f3n Mexicana Interoce\u00e1nica, en el cierre de la campa\u00f1a nacional en M\u00e9xico. [Fotograf\u00eda: Uni\u00f3n Mexicana Interoce\u00e1nica]<\/p><\/div>Karen Tepos, de 18 a\u00f1os, decidi\u00f3 bautizarse con su esposo V\u00edctor Nicanor. Un embarazo y la necesidad de comenzar una nueva vida con un beb\u00e9 despertaron el deseo de garantizar que el beb\u00e9 aprenda sobre el amor de Cristo. Ambos viajaron hasta la iglesia central desde la iglesia adventista Santa Rosa en Chicoloap\u00e1n para ser bautizados el 22 de junio de 2023.<\/p>\n<p>Entre los bautizados en la zona metropolitana estuvieron Shen Zhui y Jim Feg Chen, quienes estuvieron entre los primeros en bautizarse en una nueva congregaci\u00f3n que presta servicios a la comunidad china de Ciudad de M\u00e9xico. El proyecto de evangelismo, que ha estado ministrando durante meses en la ciudad, ha sido liderado por dos misioneros de la China, y supervisado por la Asociaci\u00f3n Metropolitana de la iglesia, dijeron los l\u00edderes de la iglesia.<\/p>\n<p><div id=\"attachment_100806\" style=\"width: 838px\" class=\"wp-caption aligncenter\"><img loading=\"lazy\" decoding=\"async\" aria-describedby=\"caption-attachment-100806\" class=\" wp-image-100807\" src=\"https:\/\/interamerica.org\/wp-content\/uploads\/2023\/07\/bautismo-chinos-3.jpeg\" alt=\"\" width=\"828\" height=\"466\" srcset=\"https:\/\/interamerica.org\/wp-content\/uploads\/2023\/07\/bautismo-chinos-3.jpeg 1024w, https:\/\/interamerica.org\/wp-content\/uploads\/2023\/07\/bautismo-chinos-3-300x169.jpeg 300w, https:\/\/interamerica.org\/wp-content\/uploads\/2023\/07\/bautismo-chinos-3-768x432.jpeg 768w\" sizes=\"(max-width: 828px) 100vw, 828px\" \/><p id=\"caption-attachment-100806\" class=\"wp-caption-text\">Shen Zhui (izquierda) y Jim Feg (derecha) sonr\u00eden despu\u00e9s de ser bautizados por el pastor Enoc Ram\u00edrez, presidente de la Asociaci\u00f3n Mexicana Metropolitana en Ciudad de M\u00e9xico, M\u00e9xico, el 17 de junio de 2023 en la iglesia adventista Portales. Ambos fueron los primeros en ser bautizados en la congregaci\u00f3n que est\u00e1 alcanzando a la comunidad china de Ciudad de M\u00e9xico. [Fotograf\u00eda: Asociaci\u00f3n Mexicana Metropolitana]<\/p><\/div><strong>Impacto de evangelismo en Ciudad de M\u00e9xico<\/strong><\/p>\n<p>Los cientos de bautismos que se llevaron a cabo en Ciudad de M\u00e9xico se han hecho posibles gracias a los l\u00edderes y miembros comprometidos, que han redoblado sus esfuerzos para esparcir el evangelio por medio de diversas actividades de impacto comunitario. Desde enero hasta el fin de la campa\u00f1a, m\u00e1s de 1600 personas han sido bautizadas en los 87 distritos de la Uni\u00f3n Mexicana Central, dijeron los principales l\u00edderes de la iglesia.<\/p>\n<p>M\u00e1s de 500 mil ejemplares en papel y digitales del libro \u201cEl conflicto de los siglos\u201d, de la cofundadora de la Iglesia Adventista Elena G. White fueron distribuidos en marzo en toda la Ciudad de M\u00e9xico, y en el resto del pa\u00eds se distribuy\u00f3 un triple de esa cantidad.<\/p>\n<p><div id=\"attachment_100803\" style=\"width: 846px\" class=\"wp-caption aligncenter\"><img loading=\"lazy\" decoding=\"async\" aria-describedby=\"caption-attachment-100803\" class=\" wp-image-100804\" src=\"https:\/\/interamerica.org\/wp-content\/uploads\/2023\/07\/limpiemos-cdmx-2b.jpg\" alt=\"\" width=\"836\" height=\"657\" srcset=\"https:\/\/interamerica.org\/wp-content\/uploads\/2023\/07\/limpiemos-cdmx-2b.jpg 900w, https:\/\/interamerica.org\/wp-content\/uploads\/2023\/07\/limpiemos-cdmx-2b-300x236.jpg 300w, https:\/\/interamerica.org\/wp-content\/uploads\/2023\/07\/limpiemos-cdmx-2b-768x603.jpg 768w\" sizes=\"(max-width: 836px) 100vw, 836px\" \/><p id=\"caption-attachment-100803\" class=\"wp-caption-text\">Los ni\u00f1os pintan un parque municipal, como parte de esfuerzos coordinados de embellecer y limpiar parques en la Uni\u00f3n Mexicana Central, antes de la campa\u00f1a nacional de evangelizaci\u00f3n en l\u00ednea del 17-24 de junio de 2023. [Fotograf\u00eda: Uni\u00f3n Mexicana Central]<\/p><\/div>Asimismo, los ni\u00f1os, los adolescentes y los j\u00f3venes, por medio de sus Clubes de Aventureros, Conquistadores y Gu\u00edas Mayores, salieron a limpiar las calles, los parques y las escuelas de la ciudad. Tambi\u00e9n distribuyeron agua y alimentos y oraron con todo el que as\u00ed lo deseara.<\/p>\n<p>En Ciudad de M\u00e9xico tambi\u00e9n hubo decenas de brigadas m\u00e9dicas y exposiciones de salud que llevaron a cabo profesionales m\u00e9dicos y de salud y m\u00e1s de cincuenta pastores de la Uni\u00f3n Mexicana de Chiapas, que tambi\u00e9n organizaron campa\u00f1as de evangelismo en diversas partes de la ciudad.<\/p>\n<p><div id=\"attachment_100850\" style=\"width: 843px\" class=\"wp-caption aligncenter\"><img loading=\"lazy\" decoding=\"async\" aria-describedby=\"caption-attachment-100850\" class=\" wp-image-100848\" src=\"https:\/\/interamerica.org\/wp-content\/uploads\/2023\/07\/casa-de-esperanza-cemu.jpg\" alt=\"\" width=\"833\" height=\"555\" srcset=\"https:\/\/interamerica.org\/wp-content\/uploads\/2023\/07\/casa-de-esperanza-cemu.jpg 1000w, https:\/\/interamerica.org\/wp-content\/uploads\/2023\/07\/casa-de-esperanza-cemu-300x200.jpg 300w, https:\/\/interamerica.org\/wp-content\/uploads\/2023\/07\/casa-de-esperanza-cemu-768x512.jpg 768w\" sizes=\"(max-width: 833px) 100vw, 833px\" \/><p id=\"caption-attachment-100850\" class=\"wp-caption-text\">Escuelas e instalaciones deportivas de todo M\u00e9xico sirvieron como \u201cCentros de Esperanza\u201d para invitar a que la comunidad siga la campa\u00f1a de evangelizaci\u00f3n en l\u00ednea. [Fotograf\u00eda: Uni\u00f3n Mexicana Central]<\/p><\/div><strong>Un esp\u00edritu de compromiso<\/strong><\/p>\n<p>En Michoac\u00e1n, un estado que es parte de la Uni\u00f3n Mexicana Central, un miembro de iglesia contact\u00f3 al alcalde de su pueblo, y este les provey\u00f3 de pantallas, Internet, y audio en el centro del pueblo para proyectar la campa\u00f1a de evangelizaci\u00f3n todas las noches.<\/p>\n<p>El impacto de evangelismo en toda la uni\u00f3n ha encendido a la feligres\u00eda, para esparcir la esperanza de salvaci\u00f3n, dijo el pastor Jos\u00e9 Dzul, presidente de la Uni\u00f3n Mexicana Central. \u201cNos sentimos tan agradecidos de ver que la iglesia abraza con un esp\u00edritu de compromiso los esfuerzos de evangelizaci\u00f3n que han llevado a tantas personas al bautismo\u201d, dijo Dzul. \u201cHa sido una bendici\u00f3n ver a tantos entusiasmados por servir a Dios, por hacer el bien, y ayudar y asistir a otros de la iglesia en los esfuerzos de evangelizaci\u00f3n de este a\u00f1o\u201d, a\u00f1adi\u00f3.<\/p>\n<p><div id=\"attachment_100839\" style=\"width: 861px\" class=\"wp-caption aligncenter\"><img loading=\"lazy\" decoding=\"async\" aria-describedby=\"caption-attachment-100839\" class=\" wp-image-100837\" src=\"https:\/\/interamerica.org\/wp-content\/uploads\/2023\/07\/chiapas-house-ofhope-2023.jpg\" alt=\"\" width=\"851\" height=\"638\" srcset=\"https:\/\/interamerica.org\/wp-content\/uploads\/2023\/07\/chiapas-house-ofhope-2023.jpg 1000w, https:\/\/interamerica.org\/wp-content\/uploads\/2023\/07\/chiapas-house-ofhope-2023-300x225.jpg 300w, https:\/\/interamerica.org\/wp-content\/uploads\/2023\/07\/chiapas-house-ofhope-2023-768x576.jpg 768w\" sizes=\"(max-width: 851px) 100vw, 851px\" \/><p id=\"caption-attachment-100839\" class=\"wp-caption-text\">Un grupo de Chiapas, M\u00e9xico, observa la campa\u00f1a de evangelizaci\u00f3n en l\u00ednea desde fuera del hogar de un miembro. El lugar ha sido designado como una \u201cCasa de Esperanza\u201d, en la campa\u00f1a del 17-24 de junio de 2023. [Fotograf\u00eda: Uni\u00f3n Mexicana de Chiapas]<\/p><\/div><strong>\u201cCasas de Esperanza\u201d<\/strong><\/p>\n<p>Durante la campa\u00f1a de evangelizaci\u00f3n en l\u00ednea de una semana, los miembros de iglesia de todo M\u00e9xico convirtieron a sus hogares en \u201cCasas de Esperanza\u201d. Invitaron a sus familiares y amigos cada noche para mirar los mensajes del pastor Daniel Torreblanca, director de ministerios j\u00f3venes de la Uni\u00f3n Mexicana de Chiapas. Las iglesias, las escuelas y aun algunos hospitales fueron transformados en \u201cCentros de Esperanza\u201d al llevar la campa\u00f1a al p\u00fablico.<\/p>\n<p>En Chiapas, familiares de los pacientes del Hospital G\u00f3mez Maza en Tuxtla Guti\u00e9rrez, fueron recibidos y animados por los miembros de iglesia del Distrito Patria Nueva y por los l\u00edderes de la Uni\u00f3n Mexicana de Chiapas, para ofrecer mensajes de esperanza antes y despu\u00e9s de la transmisi\u00f3n en l\u00ednea de cada noche. Los miembros de iglesia tambi\u00e9n distribuyeron m\u00e1s de doscientos platos de comida todas las noches en los terrenos del hospital despu\u00e9s de cada programa.<\/p>\n<p><div id=\"attachment_100794\" style=\"width: 850px\" class=\"wp-caption aligncenter\"><img loading=\"lazy\" decoding=\"async\" aria-describedby=\"caption-attachment-100794\" class=\" wp-image-100795\" src=\"https:\/\/interamerica.org\/wp-content\/uploads\/2023\/07\/hospital-tuxtla-3-umch-rev.jpg\" alt=\"\" width=\"840\" height=\"559\" srcset=\"https:\/\/interamerica.org\/wp-content\/uploads\/2023\/07\/hospital-tuxtla-3-umch-rev.jpg 1000w, https:\/\/interamerica.org\/wp-content\/uploads\/2023\/07\/hospital-tuxtla-3-umch-rev-300x200.jpg 300w, https:\/\/interamerica.org\/wp-content\/uploads\/2023\/07\/hospital-tuxtla-3-umch-rev-768x511.jpg 768w\" sizes=\"(max-width: 840px) 100vw, 840px\" \/><p id=\"caption-attachment-100794\" class=\"wp-caption-text\">Los miembros de iglesia distribuyen platos de comida a los familiares de los pacientes que aguardan frente al Hospital G\u00f3mez Maza en Tuxtla Guti\u00e9rrez, Chiapas, M\u00e9xico, despu\u00e9s de mirar los mensajes vespertinos en la pantalla gigante. Se distribuyeron tambi\u00e9n m\u00e1s de doscientos platos de comida durante los ocho d\u00edas en que se llev\u00f3 a cabo la campa\u00f1a nacional de evangelizaci\u00f3n en l\u00ednea. [Fotograf\u00eda: Uni\u00f3n Mexicana de Chiapas]<\/p><\/div>Roberto Velazco y su esposa Otelina de Tapachula, en Chiapas, estuvieron entre los que recibieron un ejemplar del libro \u201cEl conflicto de los siglos\u201d en marzo pasado, y aceptaron una invitaci\u00f3n de visitar una iglesia adventista. Comenzaron a estudiar la Biblia y decidieron ser bautizados. Poco despu\u00e9s, abrieron su hogar para que se lleven a cabo estudios b\u00edblicos y para transmitir la campa\u00f1a de evangelizaci\u00f3n en l\u00ednea. Los Velazco estuvieron entre las 9363 personas que este a\u00f1o se unieron a la Iglesia Adventista en la regi\u00f3n.<\/p>\n<p>Adem\u00e1s de ser transmitida por los canales de YouTube y Facebook de Hope Channel Interam\u00e9rica, la campa\u00f1a de evangelizaci\u00f3n tambi\u00e9n fue transmitida por v\u00eda radial y el canal nacional de televisi\u00f3n TV Azteca. La campa\u00f1a nacional tambi\u00e9n recibi\u00f3 cobertura de los medios impresos.<\/p>\n<p><div id=\"attachment_100842\" style=\"width: 849px\" class=\"wp-caption aligncenter\"><img loading=\"lazy\" decoding=\"async\" aria-describedby=\"caption-attachment-100842\" class=\" wp-image-100840\" src=\"https:\/\/interamerica.org\/wp-content\/uploads\/2023\/07\/chiapas-otelina-roberto-baptized-june2023.jpg\" alt=\"\" width=\"839\" height=\"509\" srcset=\"https:\/\/interamerica.org\/wp-content\/uploads\/2023\/07\/chiapas-otelina-roberto-baptized-june2023.jpg 950w, https:\/\/interamerica.org\/wp-content\/uploads\/2023\/07\/chiapas-otelina-roberto-baptized-june2023-300x182.jpg 300w, https:\/\/interamerica.org\/wp-content\/uploads\/2023\/07\/chiapas-otelina-roberto-baptized-june2023-768x466.jpg 768w\" sizes=\"(max-width: 839px) 100vw, 839px\" \/><p id=\"caption-attachment-100842\" class=\"wp-caption-text\">Roberto Velazco (izquierda) y su esposa Otelina (derecha), de Tapachula, en Chiapas, escuchan la oraci\u00f3n por ellos antes de ser bautizados el pasado 24 de junio de 2023. Recibieron un ejemplar del libro \u201cEl conflicto de los siglos\u201d en marzo, y aceptaron una invitaci\u00f3n de visitar una iglesia adventista. A eso le siguieron estudios b\u00edblicos. Estuvieron entre las m\u00e1s de nueve mil personas que se unieron a la Iglesia Adventista en la Uni\u00f3n Mexicana de Chiapas desde que comenzaron los esfuerzos de evangelizaci\u00f3n de este a\u00f1o. [Fotograf\u00eda: Uni\u00f3n Mexicana de Chiapas]<\/p><\/div><strong>Compartir la esperanza del evangelio<\/strong><\/p>\n<p>Para el orador principal, el pastor Torreblanca, fue importante llegar a las personas que necesitan a Dios y que est\u00e1n luchando con la depresi\u00f3n, la ansiedad y el conflicto cada vez mayor en la sociedad. \u201cHemos visto c\u00f3mo Dios est\u00e1 peleando las batallas, y vemos que esto no se debe al trabajo que hemos estado haciendo sino a que Dios se ha movido por medio de su Esp\u00edritu Santo\u201d, dijo Torreblanca.<\/p>\n<p>En la Uni\u00f3n Mexicana Interoce\u00e1nica, se llevaron a cabo m\u00e1s de 4300 bautismos despu\u00e9s de que los miembros de iglesia intensificaran sus esfuerzos en el ministerio de grupos peque\u00f1os, el evangelismo p\u00fablico, y las actividades de impacto comunitario, reportaron los l\u00edderes de la iglesia.<\/p>\n<p><div id=\"attachment_100800\" style=\"width: 847px\" class=\"wp-caption aligncenter\"><img loading=\"lazy\" decoding=\"async\" aria-describedby=\"caption-attachment-100800\" class=\" wp-image-100801\" src=\"https:\/\/interamerica.org\/wp-content\/uploads\/2023\/07\/daniel-torreblanca-mexcity.jpg\" alt=\"\" width=\"837\" height=\"558\" srcset=\"https:\/\/interamerica.org\/wp-content\/uploads\/2023\/07\/daniel-torreblanca-mexcity.jpg 1000w, https:\/\/interamerica.org\/wp-content\/uploads\/2023\/07\/daniel-torreblanca-mexcity-300x200.jpg 300w, https:\/\/interamerica.org\/wp-content\/uploads\/2023\/07\/daniel-torreblanca-mexcity-768x512.jpg 768w\" sizes=\"(max-width: 837px) 100vw, 837px\" \/><p id=\"caption-attachment-100800\" class=\"wp-caption-text\">El pastor Daniel Torreblanca, director de ministerios j\u00f3venes de la Uni\u00f3n Mexicana de Chiapas, fue el principal orador de la campa\u00f1a nacional de evangelizaci\u00f3n en M\u00e9xico. [Fotograf\u00eda: Uni\u00f3n Mexicana Central]<\/p><\/div>En la Uni\u00f3n Mexicana del Norte, los l\u00edderes de la iglesia reportaron m\u00e1s de 3300 bautismos en los catorce estados que conforman el territorio. Las iglesias lanzaron cientos de esfuerzos de evangelizaci\u00f3n, en especial en ciudades posmodernas que son dif\u00edciles de alcanzar, como lo es el caso en Guadalajara, en Jalisco, dijeron los l\u00edderes de la iglesia. Las campa\u00f1as de evangelizaci\u00f3n en decenas de grupos peque\u00f1os llevaron a m\u00e1s de trescientos bautismos en abril pasado.<\/p>\n<p>Maria de J\u00e9sus Alem\u00e1n comenz\u00f3 con estudios b\u00edblicos gracias a las reuniones de Zoom dirigidas por el pastor Erick Segundo, de Fresno Sur Tlajomulco, en Guadalajara. Ella invit\u00f3 a Carlos Guti\u00e9rrez al grupo de estudio, y ambos fueron bautizados el 22 de abril de 2023.<\/p>\n<p><div id=\"attachment_100785\" style=\"width: 866px\" class=\"wp-caption aligncenter\"><img loading=\"lazy\" decoding=\"async\" aria-describedby=\"caption-attachment-100785\" class=\" wp-image-100786\" src=\"https:\/\/interamerica.org\/wp-content\/uploads\/2023\/07\/nomu-guadalajara-baptisms2023.jpg\" alt=\"\" width=\"856\" height=\"542\" srcset=\"https:\/\/interamerica.org\/wp-content\/uploads\/2023\/07\/nomu-guadalajara-baptisms2023.jpg 1000w, https:\/\/interamerica.org\/wp-content\/uploads\/2023\/07\/nomu-guadalajara-baptisms2023-300x190.jpg 300w, https:\/\/interamerica.org\/wp-content\/uploads\/2023\/07\/nomu-guadalajara-baptisms2023-768x486.jpg 768w\" sizes=\"(max-width: 856px) 100vw, 856px\" \/><p id=\"caption-attachment-100785\" class=\"wp-caption-text\">Maria de J\u00e9sus Alem\u00e1n (right) is prayed for before she is baptized by Pastor Erik Segundo in Tlajomulco, Gudalajara. She invited Carlos Guti\u00e9rrez (left) to a bible study group on Zoom and he decided to be baptized as well on Apr. 22, 2023. Both were among more than 300 persons who joined the church at the close of historic evangelistic efforts in Guadalajara, in the North Mexican Union leading up to the national campaign in June. [Photo: North Mexican Union]<\/p><\/div>Padre e hija David y Adalia Hern\u00e1ndez en el sur de Tabasco en la Uni\u00f3n Mexicana del Sureste quisieron bautizarse juntos. Hab\u00edan estado estudiando la Biblia y decidieron bautizarse en un r\u00edo una semana antes del comienzo de la campa\u00f1a nacional de evangelizaci\u00f3n en l\u00ednea. \u201cYa no pod\u00edamos esperar m\u00e1s para ser bautizados\u201d, dijo David. La campa\u00f1a nacional comenz\u00f3 con el bautismo de ellos, dijo el pastor Heber Olmedo, quien los bautiz\u00f3. Ambos son parte de los 2800 nuevos creyentes que se han unido a la Iglesia Adventista gracias a los esfuerzos constantes que se llevaron a cabo este a\u00f1o en la Uni\u00f3n Mexicana del Sureste.<\/p>\n<p>La campa\u00f1a nacional de evangelizaci\u00f3n tambi\u00e9n ofreci\u00f3 lenguaje de se\u00f1as para la comunidad de sordos de M\u00e9xico. Cientos de miembros que est\u00e1n involucrados en los ministerios a los sordos en M\u00e9xico tambi\u00e9n trabajaron para compartir el evangelio durante los meses de evangelizaci\u00f3n en la naci\u00f3n. Norberto \u00c1valos y Lady P\u00e9rez fueron los int\u00e9rpretes que aparecieron durante la campa\u00f1a nacional en l\u00ednea en vivo. Ambos est\u00e1n comprometidos en apoyar a los ministerios de las posibilidades de la Iglesia Adventista, y esperan ver que cada a\u00f1o puedan crecer m\u00e1s esos ministerios.<\/p>\n<p><div id=\"attachment_100835\" style=\"width: 855px\" class=\"wp-caption aligncenter\"><img loading=\"lazy\" decoding=\"async\" aria-describedby=\"caption-attachment-100835\" class=\" wp-image-100833\" src=\"https:\/\/interamerica.org\/wp-content\/uploads\/2023\/07\/cemu-call-to-believers-june2023.jpg\" alt=\"\" width=\"845\" height=\"563\" srcset=\"https:\/\/interamerica.org\/wp-content\/uploads\/2023\/07\/cemu-call-to-believers-june2023.jpg 1000w, https:\/\/interamerica.org\/wp-content\/uploads\/2023\/07\/cemu-call-to-believers-june2023-300x200.jpg 300w, https:\/\/interamerica.org\/wp-content\/uploads\/2023\/07\/cemu-call-to-believers-june2023-768x512.jpg 768w\" sizes=\"(max-width: 845px) 100vw, 845px\" \/><p id=\"caption-attachment-100835\" class=\"wp-caption-text\">El pastor Daniel Torreblanca invita a los que asisten a la campa\u00f1a vespertina en la iglesia adventista central durante la campa\u00f1a de evangelizaci\u00f3n, para que escojan a Cristo como su Salvador, en la finalizaci\u00f3n de su mensaje en l\u00ednea. [Fotograf\u00eda: Uni\u00f3n Mexicana Central]<\/p><\/div><strong>Planes para el futuro<\/strong><\/p>\n<p>Los l\u00edderes de la iglesia en la Uni\u00f3n Mexicana Central est\u00e1n disfrutando de las bendiciones del impacto especial de evangelismo en el territorio, en especial en Ciudad de M\u00e9xico, dijo el pastor Edgar Ben\u00edtez, director de comunicaci\u00f3n y coordinador de evangelismo de la Uni\u00f3n Mexicana Central. \u201cEstamos ahora planificando otro per\u00edodo de campa\u00f1as de evangelizaci\u00f3n, en las que m\u00e1s de 150 predicadores llegar\u00e1n a Ciudad de M\u00e9xico para esparcir a\u00fan m\u00e1s el evangelio\u201d, a\u00f1adi\u00f3 Ben\u00edtez. Los l\u00edderes est\u00e1n planificando una gran celebraci\u00f3n del evangelismo en el Estadio Ciudad de M\u00e9xico en noviembre pr\u00f3ximo.<\/p>\n<p>Los l\u00edderes y miembros de iglesia ya est\u00e1n planificando la cuarta campa\u00f1a nacional de evangelismo en l\u00ednea, que se llevar\u00e1 a cabo del 15-21 de septiembre de 2024 en el territorio de la Uni\u00f3n Mexicana de Chiapas.<\/p>\n<p><em>Victor Mart\u00ednez, Gaby Chagolla, Jaime Armas y Uriel Castellanos colaboraron con informaci\u00f3n para este art\u00edculo.<\/em><\/p>\n<p>Para saber m\u00e1s sobre la campa\u00f1a de evangelizaci\u00f3n en l\u00ednea del 17-24 de junio de 2023 en Ciudad de M\u00e9xico, ingrese a <a href=\"https:\/\/adventistasmexico.com\/eventos\/\">adventistasmexico.com<\/a><\/p>\n<p>Para mirar la campa\u00f1a en l\u00ednea, ingrese <a href=\"https:\/\/www.youtube.com\/watch?v=XzuFtZC-7ko\">AQU\u00cd<\/a><\/p>\n<p>Traducci\u00f3n de Marcos Paseggi<\/p>\n","protected":false},"excerpt":{"rendered":"<p>12 de julio de 2023 | Ciudad de M\u00e9xico, M\u00e9xico | Fabiola Quinto y Libna Stevens, Noticias de la Divisi\u00f3n Interamericana La Iglesia Adventista del S\u00e9ptimo D\u00eda en M\u00e9xico dio&#8230;<\/p>\n","protected":false},"author":3,"featured_media":100788,"comment_status":"closed","ping_status":"closed","sticky":false,"template":"","format":"standard","meta":{"_acf_changed":false,"footnotes":""},"categories":[17,15],"tags":[],"class_list":["post-100864","post","type-post","status-publish","format-standard","has-post-thumbnail","hentry","category-desde-el-campo","category-rss-espanol"],"acf":[],"yoast_head":"<!-- This site is optimized with the Yoast SEO plugin v27.3 - https:\/\/yoast.com\/product\/yoast-seo-wordpress\/ -->\n<title>Iglesia Adventista concluye esfuerzos nacionales de evangelizaci\u00f3n con m\u00e1s de 21 mil bautismos en todo M\u00e9xico - Iglesia Adventista del S\u00e9ptimo D\u00eda - Divisi\u00f3n Interamericana<\/title>\n<meta name=\"robots\" content=\"index, follow, max-snippet:-1, max-image-preview:large, max-video-preview:-1\" \/>\n<link rel=\"canonical\" href=\"https:\/\/interamerica.org\/es\/2023\/07\/iglesia-adventista-concluye-esfuerzos-nacionales-de-evangelizacion-con-mas-de-21-mil-bautismos-en-todo-mexico\/\" \/>\n<meta property=\"og:locale\" content=\"es_ES\" \/>\n<meta property=\"og:type\" content=\"article\" \/>\n<meta property=\"og:title\" content=\"Iglesia Adventista concluye esfuerzos nacionales de evangelizaci\u00f3n con m\u00e1s de 21 mil bautismos en todo M\u00e9xico - Iglesia Adventista del S\u00e9ptimo D\u00eda - Divisi\u00f3n Interamericana\" \/>\n<meta property=\"og:description\" content=\"12 de julio de 2023 | Ciudad de M\u00e9xico, M\u00e9xico | Fabiola Quinto y Libna Stevens, Noticias de la Divisi\u00f3n Interamericana La Iglesia Adventista del S\u00e9ptimo D\u00eda en M\u00e9xico dio...\" \/>\n<meta property=\"og:url\" content=\"https:\/\/interamerica.org\/es\/2023\/07\/iglesia-adventista-concluye-esfuerzos-nacionales-de-evangelizacion-con-mas-de-21-mil-bautismos-en-todo-mexico\/\" \/>\n<meta property=\"og:site_name\" content=\"Iglesia Adventista del S\u00e9ptimo D\u00eda - Divisi\u00f3n Interamericana\" \/>\n<meta property=\"article:published_time\" content=\"2023-07-13T00:54:48+00:00\" \/>\n<meta property=\"article:modified_time\" content=\"2023-07-17T16:45:21+00:00\" \/>\n<meta property=\"og:image\" content=\"https:\/\/interamerica.org\/wp-content\/uploads\/2023\/07\/semu-tabasco-baptism-june2023.jpg\" \/>\n\t<meta property=\"og:image:width\" content=\"1000\" \/>\n\t<meta property=\"og:image:height\" content=\"657\" \/>\n\t<meta property=\"og:image:type\" content=\"image\/jpeg\" \/>\n<meta name=\"author\" content=\"libna\" \/>\n<meta name=\"twitter:card\" content=\"summary_large_image\" \/>\n<meta name=\"twitter:label1\" content=\"Escrito por\" \/>\n\t<meta name=\"twitter:data1\" content=\"libna\" \/>\n\t<meta name=\"twitter:label2\" content=\"Tiempo de lectura\" \/>\n\t<meta name=\"twitter:data2\" content=\"15 minutos\" \/>\n<script type=\"application\/ld+json\" class=\"yoast-schema-graph\">{\"@context\":\"https:\\\/\\\/schema.org\",\"@graph\":[{\"@type\":\"Article\",\"@id\":\"https:\\\/\\\/interamerica.org\\\/es\\\/2023\\\/07\\\/iglesia-adventista-concluye-esfuerzos-nacionales-de-evangelizacion-con-mas-de-21-mil-bautismos-en-todo-mexico\\\/#article\",\"isPartOf\":{\"@id\":\"https:\\\/\\\/interamerica.org\\\/es\\\/2023\\\/07\\\/iglesia-adventista-concluye-esfuerzos-nacionales-de-evangelizacion-con-mas-de-21-mil-bautismos-en-todo-mexico\\\/\"},\"author\":{\"name\":\"libna\",\"@id\":\"https:\\\/\\\/interamerica.org\\\/es\\\/#\\\/schema\\\/person\\\/29998f2bc2d8bd0d38662909289b54f1\"},\"headline\":\"Iglesia Adventista concluye esfuerzos nacionales de evangelizaci\u00f3n con m\u00e1s de 21 mil bautismos en todo M\u00e9xico\",\"datePublished\":\"2023-07-13T00:54:48+00:00\",\"dateModified\":\"2023-07-17T16:45:21+00:00\",\"mainEntityOfPage\":{\"@id\":\"https:\\\/\\\/interamerica.org\\\/es\\\/2023\\\/07\\\/iglesia-adventista-concluye-esfuerzos-nacionales-de-evangelizacion-con-mas-de-21-mil-bautismos-en-todo-mexico\\\/\"},\"wordCount\":3053,\"image\":{\"@id\":\"https:\\\/\\\/interamerica.org\\\/es\\\/2023\\\/07\\\/iglesia-adventista-concluye-esfuerzos-nacionales-de-evangelizacion-con-mas-de-21-mil-bautismos-en-todo-mexico\\\/#primaryimage\"},\"thumbnailUrl\":\"https:\\\/\\\/interamerica.org\\\/wp-content\\\/uploads\\\/2023\\\/07\\\/semu-tabasco-baptism-june2023.jpg\",\"articleSection\":[\"Desde el campo\",\"RSS Espa\u00f1ol\"],\"inLanguage\":\"es\"},{\"@type\":\"WebPage\",\"@id\":\"https:\\\/\\\/interamerica.org\\\/es\\\/2023\\\/07\\\/iglesia-adventista-concluye-esfuerzos-nacionales-de-evangelizacion-con-mas-de-21-mil-bautismos-en-todo-mexico\\\/\",\"url\":\"https:\\\/\\\/interamerica.org\\\/es\\\/2023\\\/07\\\/iglesia-adventista-concluye-esfuerzos-nacionales-de-evangelizacion-con-mas-de-21-mil-bautismos-en-todo-mexico\\\/\",\"name\":\"Iglesia Adventista concluye esfuerzos nacionales de evangelizaci\u00f3n con m\u00e1s de 21 mil bautismos en todo M\u00e9xico - Iglesia Adventista del S\u00e9ptimo D\u00eda - Divisi\u00f3n Interamericana\",\"isPartOf\":{\"@id\":\"https:\\\/\\\/interamerica.org\\\/es\\\/#website\"},\"primaryImageOfPage\":{\"@id\":\"https:\\\/\\\/interamerica.org\\\/es\\\/2023\\\/07\\\/iglesia-adventista-concluye-esfuerzos-nacionales-de-evangelizacion-con-mas-de-21-mil-bautismos-en-todo-mexico\\\/#primaryimage\"},\"image\":{\"@id\":\"https:\\\/\\\/interamerica.org\\\/es\\\/2023\\\/07\\\/iglesia-adventista-concluye-esfuerzos-nacionales-de-evangelizacion-con-mas-de-21-mil-bautismos-en-todo-mexico\\\/#primaryimage\"},\"thumbnailUrl\":\"https:\\\/\\\/interamerica.org\\\/wp-content\\\/uploads\\\/2023\\\/07\\\/semu-tabasco-baptism-june2023.jpg\",\"datePublished\":\"2023-07-13T00:54:48+00:00\",\"dateModified\":\"2023-07-17T16:45:21+00:00\",\"author\":{\"@id\":\"https:\\\/\\\/interamerica.org\\\/es\\\/#\\\/schema\\\/person\\\/29998f2bc2d8bd0d38662909289b54f1\"},\"breadcrumb\":{\"@id\":\"https:\\\/\\\/interamerica.org\\\/es\\\/2023\\\/07\\\/iglesia-adventista-concluye-esfuerzos-nacionales-de-evangelizacion-con-mas-de-21-mil-bautismos-en-todo-mexico\\\/#breadcrumb\"},\"inLanguage\":\"es\",\"potentialAction\":[{\"@type\":\"ReadAction\",\"target\":[\"https:\\\/\\\/interamerica.org\\\/es\\\/2023\\\/07\\\/iglesia-adventista-concluye-esfuerzos-nacionales-de-evangelizacion-con-mas-de-21-mil-bautismos-en-todo-mexico\\\/\"]}]},{\"@type\":\"ImageObject\",\"inLanguage\":\"es\",\"@id\":\"https:\\\/\\\/interamerica.org\\\/es\\\/2023\\\/07\\\/iglesia-adventista-concluye-esfuerzos-nacionales-de-evangelizacion-con-mas-de-21-mil-bautismos-en-todo-mexico\\\/#primaryimage\",\"url\":\"https:\\\/\\\/interamerica.org\\\/wp-content\\\/uploads\\\/2023\\\/07\\\/semu-tabasco-baptism-june2023.jpg\",\"contentUrl\":\"https:\\\/\\\/interamerica.org\\\/wp-content\\\/uploads\\\/2023\\\/07\\\/semu-tabasco-baptism-june2023.jpg\",\"width\":1000,\"height\":657},{\"@type\":\"BreadcrumbList\",\"@id\":\"https:\\\/\\\/interamerica.org\\\/es\\\/2023\\\/07\\\/iglesia-adventista-concluye-esfuerzos-nacionales-de-evangelizacion-con-mas-de-21-mil-bautismos-en-todo-mexico\\\/#breadcrumb\",\"itemListElement\":[{\"@type\":\"ListItem\",\"position\":1,\"name\":\"Home\",\"item\":\"https:\\\/\\\/interamerica.org\\\/es\\\/\"},{\"@type\":\"ListItem\",\"position\":2,\"name\":\"Iglesia Adventista concluye esfuerzos nacionales de evangelizaci\u00f3n con m\u00e1s de 21 mil bautismos en todo M\u00e9xico\"}]},{\"@type\":\"WebSite\",\"@id\":\"https:\\\/\\\/interamerica.org\\\/es\\\/#website\",\"url\":\"https:\\\/\\\/interamerica.org\\\/es\\\/\",\"name\":\"Iglesia Adventista del S\u00e9ptimo D\u00eda - Divisi\u00f3n Interamericana\",\"description\":\"\",\"potentialAction\":[{\"@type\":\"SearchAction\",\"target\":{\"@type\":\"EntryPoint\",\"urlTemplate\":\"https:\\\/\\\/interamerica.org\\\/es\\\/?s={search_term_string}\"},\"query-input\":{\"@type\":\"PropertyValueSpecification\",\"valueRequired\":true,\"valueName\":\"search_term_string\"}}],\"inLanguage\":\"es\"},{\"@type\":\"Person\",\"@id\":\"https:\\\/\\\/interamerica.org\\\/es\\\/#\\\/schema\\\/person\\\/29998f2bc2d8bd0d38662909289b54f1\",\"name\":\"libna\",\"image\":{\"@type\":\"ImageObject\",\"inLanguage\":\"es\",\"@id\":\"https:\\\/\\\/secure.gravatar.com\\\/avatar\\\/7c5bd30ae4b47a9ba3c856590957fd1d96dc588bf3ac05719d247e126840331f?s=96&d=mm&r=g\",\"url\":\"https:\\\/\\\/secure.gravatar.com\\\/avatar\\\/7c5bd30ae4b47a9ba3c856590957fd1d96dc588bf3ac05719d247e126840331f?s=96&d=mm&r=g\",\"contentUrl\":\"https:\\\/\\\/secure.gravatar.com\\\/avatar\\\/7c5bd30ae4b47a9ba3c856590957fd1d96dc588bf3ac05719d247e126840331f?s=96&d=mm&r=g\",\"caption\":\"libna\"}}]}<\/script>\n<!-- \/ Yoast SEO plugin. -->","yoast_head_json":{"title":"Iglesia Adventista concluye esfuerzos nacionales de evangelizaci\u00f3n con m\u00e1s de 21 mil bautismos en todo M\u00e9xico - Iglesia Adventista del S\u00e9ptimo D\u00eda - Divisi\u00f3n Interamericana","robots":{"index":"index","follow":"follow","max-snippet":"max-snippet:-1","max-image-preview":"max-image-preview:large","max-video-preview":"max-video-preview:-1"},"canonical":"https:\/\/interamerica.org\/es\/2023\/07\/iglesia-adventista-concluye-esfuerzos-nacionales-de-evangelizacion-con-mas-de-21-mil-bautismos-en-todo-mexico\/","og_locale":"es_ES","og_type":"article","og_title":"Iglesia Adventista concluye esfuerzos nacionales de evangelizaci\u00f3n con m\u00e1s de 21 mil bautismos en todo M\u00e9xico - Iglesia Adventista del S\u00e9ptimo D\u00eda - Divisi\u00f3n Interamericana","og_description":"12 de julio de 2023 | Ciudad de M\u00e9xico, M\u00e9xico | Fabiola Quinto y Libna Stevens, Noticias de la Divisi\u00f3n Interamericana La Iglesia Adventista del S\u00e9ptimo D\u00eda en M\u00e9xico dio...","og_url":"https:\/\/interamerica.org\/es\/2023\/07\/iglesia-adventista-concluye-esfuerzos-nacionales-de-evangelizacion-con-mas-de-21-mil-bautismos-en-todo-mexico\/","og_site_name":"Iglesia Adventista del S\u00e9ptimo D\u00eda - Divisi\u00f3n Interamericana","article_published_time":"2023-07-13T00:54:48+00:00","article_modified_time":"2023-07-17T16:45:21+00:00","og_image":[{"width":1000,"height":657,"url":"https:\/\/interamerica.org\/wp-content\/uploads\/2023\/07\/semu-tabasco-baptism-june2023.jpg","type":"image\/jpeg"}],"author":"libna","twitter_card":"summary_large_image","twitter_misc":{"Escrito por":"libna","Tiempo de lectura":"15 minutos"},"schema":{"@context":"https:\/\/schema.org","@graph":[{"@type":"Article","@id":"https:\/\/interamerica.org\/es\/2023\/07\/iglesia-adventista-concluye-esfuerzos-nacionales-de-evangelizacion-con-mas-de-21-mil-bautismos-en-todo-mexico\/#article","isPartOf":{"@id":"https:\/\/interamerica.org\/es\/2023\/07\/iglesia-adventista-concluye-esfuerzos-nacionales-de-evangelizacion-con-mas-de-21-mil-bautismos-en-todo-mexico\/"},"author":{"name":"libna","@id":"https:\/\/interamerica.org\/es\/#\/schema\/person\/29998f2bc2d8bd0d38662909289b54f1"},"headline":"Iglesia Adventista concluye esfuerzos nacionales de evangelizaci\u00f3n con m\u00e1s de 21 mil bautismos en todo M\u00e9xico","datePublished":"2023-07-13T00:54:48+00:00","dateModified":"2023-07-17T16:45:21+00:00","mainEntityOfPage":{"@id":"https:\/\/interamerica.org\/es\/2023\/07\/iglesia-adventista-concluye-esfuerzos-nacionales-de-evangelizacion-con-mas-de-21-mil-bautismos-en-todo-mexico\/"},"wordCount":3053,"image":{"@id":"https:\/\/interamerica.org\/es\/2023\/07\/iglesia-adventista-concluye-esfuerzos-nacionales-de-evangelizacion-con-mas-de-21-mil-bautismos-en-todo-mexico\/#primaryimage"},"thumbnailUrl":"https:\/\/interamerica.org\/wp-content\/uploads\/2023\/07\/semu-tabasco-baptism-june2023.jpg","articleSection":["Desde el campo","RSS Espa\u00f1ol"],"inLanguage":"es"},{"@type":"WebPage","@id":"https:\/\/interamerica.org\/es\/2023\/07\/iglesia-adventista-concluye-esfuerzos-nacionales-de-evangelizacion-con-mas-de-21-mil-bautismos-en-todo-mexico\/","url":"https:\/\/interamerica.org\/es\/2023\/07\/iglesia-adventista-concluye-esfuerzos-nacionales-de-evangelizacion-con-mas-de-21-mil-bautismos-en-todo-mexico\/","name":"Iglesia Adventista concluye esfuerzos nacionales de evangelizaci\u00f3n con m\u00e1s de 21 mil bautismos en todo M\u00e9xico - Iglesia Adventista del S\u00e9ptimo D\u00eda - Divisi\u00f3n Interamericana","isPartOf":{"@id":"https:\/\/interamerica.org\/es\/#website"},"primaryImageOfPage":{"@id":"https:\/\/interamerica.org\/es\/2023\/07\/iglesia-adventista-concluye-esfuerzos-nacionales-de-evangelizacion-con-mas-de-21-mil-bautismos-en-todo-mexico\/#primaryimage"},"image":{"@id":"https:\/\/interamerica.org\/es\/2023\/07\/iglesia-adventista-concluye-esfuerzos-nacionales-de-evangelizacion-con-mas-de-21-mil-bautismos-en-todo-mexico\/#primaryimage"},"thumbnailUrl":"https:\/\/interamerica.org\/wp-content\/uploads\/2023\/07\/semu-tabasco-baptism-june2023.jpg","datePublished":"2023-07-13T00:54:48+00:00","dateModified":"2023-07-17T16:45:21+00:00","author":{"@id":"https:\/\/interamerica.org\/es\/#\/schema\/person\/29998f2bc2d8bd0d38662909289b54f1"},"breadcrumb":{"@id":"https:\/\/interamerica.org\/es\/2023\/07\/iglesia-adventista-concluye-esfuerzos-nacionales-de-evangelizacion-con-mas-de-21-mil-bautismos-en-todo-mexico\/#breadcrumb"},"inLanguage":"es","potentialAction":[{"@type":"ReadAction","target":["https:\/\/interamerica.org\/es\/2023\/07\/iglesia-adventista-concluye-esfuerzos-nacionales-de-evangelizacion-con-mas-de-21-mil-bautismos-en-todo-mexico\/"]}]},{"@type":"ImageObject","inLanguage":"es","@id":"https:\/\/interamerica.org\/es\/2023\/07\/iglesia-adventista-concluye-esfuerzos-nacionales-de-evangelizacion-con-mas-de-21-mil-bautismos-en-todo-mexico\/#primaryimage","url":"https:\/\/interamerica.org\/wp-content\/uploads\/2023\/07\/semu-tabasco-baptism-june2023.jpg","contentUrl":"https:\/\/interamerica.org\/wp-content\/uploads\/2023\/07\/semu-tabasco-baptism-june2023.jpg","width":1000,"height":657},{"@type":"BreadcrumbList","@id":"https:\/\/interamerica.org\/es\/2023\/07\/iglesia-adventista-concluye-esfuerzos-nacionales-de-evangelizacion-con-mas-de-21-mil-bautismos-en-todo-mexico\/#breadcrumb","itemListElement":[{"@type":"ListItem","position":1,"name":"Home","item":"https:\/\/interamerica.org\/es\/"},{"@type":"ListItem","position":2,"name":"Iglesia Adventista concluye esfuerzos nacionales de evangelizaci\u00f3n con m\u00e1s de 21 mil bautismos en todo M\u00e9xico"}]},{"@type":"WebSite","@id":"https:\/\/interamerica.org\/es\/#website","url":"https:\/\/interamerica.org\/es\/","name":"Iglesia Adventista del S\u00e9ptimo D\u00eda - Divisi\u00f3n Interamericana","description":"","potentialAction":[{"@type":"SearchAction","target":{"@type":"EntryPoint","urlTemplate":"https:\/\/interamerica.org\/es\/?s={search_term_string}"},"query-input":{"@type":"PropertyValueSpecification","valueRequired":true,"valueName":"search_term_string"}}],"inLanguage":"es"},{"@type":"Person","@id":"https:\/\/interamerica.org\/es\/#\/schema\/person\/29998f2bc2d8bd0d38662909289b54f1","name":"libna","image":{"@type":"ImageObject","inLanguage":"es","@id":"https:\/\/secure.gravatar.com\/avatar\/7c5bd30ae4b47a9ba3c856590957fd1d96dc588bf3ac05719d247e126840331f?s=96&d=mm&r=g","url":"https:\/\/secure.gravatar.com\/avatar\/7c5bd30ae4b47a9ba3c856590957fd1d96dc588bf3ac05719d247e126840331f?s=96&d=mm&r=g","contentUrl":"https:\/\/secure.gravatar.com\/avatar\/7c5bd30ae4b47a9ba3c856590957fd1d96dc588bf3ac05719d247e126840331f?s=96&d=mm&r=g","caption":"libna"}}]}},"_links":{"self":[{"href":"https:\/\/interamerica.org\/es\/wp-json\/wp\/v2\/posts\/100864","targetHints":{"allow":["GET"]}}],"collection":[{"href":"https:\/\/interamerica.org\/es\/wp-json\/wp\/v2\/posts"}],"about":[{"href":"https:\/\/interamerica.org\/es\/wp-json\/wp\/v2\/types\/post"}],"author":[{"embeddable":true,"href":"https:\/\/interamerica.org\/es\/wp-json\/wp\/v2\/users\/3"}],"replies":[{"embeddable":true,"href":"https:\/\/interamerica.org\/es\/wp-json\/wp\/v2\/comments?post=100864"}],"version-history":[{"count":0,"href":"https:\/\/interamerica.org\/es\/wp-json\/wp\/v2\/posts\/100864\/revisions"}],"wp:featuredmedia":[{"embeddable":true,"href":"https:\/\/interamerica.org\/es\/wp-json\/wp\/v2\/media\/100788"}],"wp:attachment":[{"href":"https:\/\/interamerica.org\/es\/wp-json\/wp\/v2\/media?parent=100864"}],"wp:term":[{"taxonomy":"category","embeddable":true,"href":"https:\/\/interamerica.org\/es\/wp-json\/wp\/v2\/categories?post=100864"},{"taxonomy":"post_tag","embeddable":true,"href":"https:\/\/interamerica.org\/es\/wp-json\/wp\/v2\/tags?post=100864"}],"curies":[{"name":"wp","href":"https:\/\/api.w.org\/{rel}","templated":true}]}}