{"id":100993,"date":"2023-07-17T22:49:05","date_gmt":"2023-07-18T02:49:05","guid":{"rendered":"https:\/\/interamerica.org\/?p=100993"},"modified":"2023-07-18T10:56:26","modified_gmt":"2023-07-18T14:56:26","slug":"adra-haiti-distribuye-alimentos-a-cientos-muy-afectados-por-las-recientes-inundaciones","status":"publish","type":"post","link":"https:\/\/interamerica.org\/es\/2023\/07\/adra-haiti-distribuye-alimentos-a-cientos-muy-afectados-por-las-recientes-inundaciones\/","title":{"rendered":"ADRA Hait\u00ed distribuye alimentos a cientos muy afectados por las recientes inundaciones"},"content":{"rendered":"<p><div id=\"attachment_100982\" style=\"width: 892px\" class=\"wp-caption aligncenter\"><img fetchpriority=\"high\" decoding=\"async\" aria-describedby=\"caption-attachment-100982\" class=\"wp-image-100980\" src=\"https:\/\/interamerica.org\/wp-content\/uploads\/2023\/07\/adra-haiti-june2023-1280-1024x640.jpg\" alt=\"\" width=\"882\" height=\"551\" srcset=\"https:\/\/interamerica.org\/wp-content\/uploads\/2023\/07\/adra-haiti-june2023-1280-1024x640.jpg 1024w, https:\/\/interamerica.org\/wp-content\/uploads\/2023\/07\/adra-haiti-june2023-1280-300x188.jpg 300w, https:\/\/interamerica.org\/wp-content\/uploads\/2023\/07\/adra-haiti-june2023-1280-768x480.jpg 768w, https:\/\/interamerica.org\/wp-content\/uploads\/2023\/07\/adra-haiti-june2023-1280.jpg 1280w\" sizes=\"(max-width: 882px) 100vw, 882px\" \/><p id=\"caption-attachment-100982\" class=\"wp-caption-text\">Myrlaine Jean Pierre, directora de ADRA Hait\u00ed, habla con un hombre que recibe alimentos para su familia en Carrefour, en Puerto Pr\u00edncipe, Hait\u00ed, una de las varias comunidades que se vieron muy afectadas por inundaciones que destruyeron hogares, granjas y mataron cabezas de ganado en junio pasado. M\u00e1s de 4400 personas recibieron alimentos no perecederos, mantas, y juegos de art\u00edculos de higiene personal, entre otras cosas, durante varias distribuciones del 12-17 y el 25 de junio de 2023. [Fotograf\u00eda: ADRA Hait\u00ed]<\/p><\/div>July 17, 2023 | Carrefour, Puerto Pr\u00edncipe, Hait\u00ed | Kevner Sineus y Libna Stevens, Noticias de la Divisi\u00f3n Interamericana<\/p>\n<p>La Agencia Adventista de Desarrollo y Recursos Asistenciales (ADRA) en Hait\u00ed distribuy\u00f3 hace poco cientos de alimentos y juegos de art\u00edculos de higiene personal a las v\u00edctimas de las lluvias torrenciales que inundaron varias comunidades del sur del departamento Ouest, en Puerto Pr\u00edncipe el mes pasado. Las inundaciones dispararon aludes que se cobraron 51 vidas, produjeron decenas de heridos y destruyeron cientos de hogares. M\u00e1s de 39 casas se vieron inundadas, y se evacu\u00f3 a m\u00e1s de 3500 personas, seg\u00fan Protecci\u00f3n Civil de Hait\u00ed.<\/p>\n<p>ADRA Hait\u00ed distribuy\u00f3 4400 bolsas de alimentos, juegos de art\u00edculos de higiene personal y otros miscel\u00e1neos en la comunidades de Carrefour, Mariani, Merger, Gressier y Leogane.<\/p>\n<p><div id=\"attachment_100973\" style=\"width: 866px\" class=\"wp-caption aligncenter\"><img decoding=\"async\" aria-describedby=\"caption-attachment-100973\" class=\" wp-image-100971\" src=\"https:\/\/interamerica.org\/wp-content\/uploads\/2023\/07\/adra-haiti-distributino-lineup.jpg\" alt=\"\" width=\"856\" height=\"571\" srcset=\"https:\/\/interamerica.org\/wp-content\/uploads\/2023\/07\/adra-haiti-distributino-lineup.jpg 1000w, https:\/\/interamerica.org\/wp-content\/uploads\/2023\/07\/adra-haiti-distributino-lineup-300x200.jpg 300w, https:\/\/interamerica.org\/wp-content\/uploads\/2023\/07\/adra-haiti-distributino-lineup-768x512.jpg 768w\" sizes=\"(max-width: 856px) 100vw, 856px\" \/><p id=\"caption-attachment-100973\" class=\"wp-caption-text\">La mayor\u00eda de las personas afectadas hacen fila para recibir art\u00educlos durante una de las varias distribuciones en el Departamento Ouest en Puerto Pr\u00edncipe, Hait\u00ed. [Fotograf\u00eda: ADRA Hait\u00ed]<\/p><\/div>\u201cNos sentimos felices de que nuestro equipo de emergencias de ADRA llev\u00f3 a cabo las distribuciones en las zonas m\u00e1s vulnerables gracias a nuestro trabajo conjunto con agencias no gubernamentales tales como la UNICEF, la Organizaci\u00f3n Internacional para la Migraci\u00f3n y el Programa Mundial de Alimentos\u201d, dijo Myrlaine Jean Pierre, directora de ADRA Hait\u00ed. \u201cUn n\u00famero significativo de personas que viven en estas zonas han perdido sus hogares. Las inundaciones arrastraron el ganado y destruyeron sus huertas, que a menudo son su principal fuente de ingresos\u201d.<\/p>\n<p><a href=\"https:\/\/interamerica.org\/es\/2023\/06\/iglesia-adventista-se-moviliza-para-ayudar-a-familias-afectadas-por-inundaciones-severas-en-haiti\/\">ADRA Hait\u00ed y su equipo se trasladaron inmediatamente<\/a> para identificar las necesidades de las familias m\u00e1s vulnerables, dijo Willy Lima, director de programas de ADRA Hait\u00ed. La primera distribuci\u00f3n tuvo lugar del 12-17 de junio de 2023 y la \u00faltima se produjo el 25 de junio.<\/p>\n<p><div id=\"attachment_100970\" style=\"width: 853px\" class=\"wp-caption aligncenter\"><img decoding=\"async\" aria-describedby=\"caption-attachment-100970\" class=\" wp-image-100968\" src=\"https:\/\/interamerica.org\/wp-content\/uploads\/2023\/07\/adra-haiti-distribution-lady-juen2023.jpg\" alt=\"\" width=\"843\" height=\"633\" srcset=\"https:\/\/interamerica.org\/wp-content\/uploads\/2023\/07\/adra-haiti-distribution-lady-juen2023.jpg 950w, https:\/\/interamerica.org\/wp-content\/uploads\/2023\/07\/adra-haiti-distribution-lady-juen2023-300x225.jpg 300w, https:\/\/interamerica.org\/wp-content\/uploads\/2023\/07\/adra-haiti-distribution-lady-juen2023-768x576.jpg 768w\" sizes=\"(max-width: 843px) 100vw, 843px\" \/><p id=\"caption-attachment-100970\" class=\"wp-caption-text\">Una mujer es ayudada por una voluntaria de ADRA al recibir algunos art\u00edculos para su familia. ADRA Hait\u00ed llev\u00f3 a cabo la distribuci\u00f3n de alimentos, en sociedad con la UNICEF, la Organizaci\u00f3n Internacional para la Migraci\u00f3n y el Programa Mundial de Alimentos en las comunidades de Carrefour, Mariani, Merger, Gressier y Leogane. [Fotograf\u00eda: ADRA Hait\u00ed]<\/p><\/div>Se pusieron a disposici\u00f3n fondos de ADRA Internacional y ADRA Interam\u00e9rica para ayudar a cientos de familias en Carrefour y las comunidades aleda\u00f1as.<\/p>\n<p>Decenas de personas se alinearon para recibir mantas, agua, bolsas de arroz, porotos frijoles, aceite, y otros alimentos no perecederos que llevar a sus familias.<\/p>\n<p>Los que quedaron sin hogar y se vieron privados de sus fuentes de ingresos no saben c\u00f3mo avanzar\u00e1n para cubrir las necesidades de sus familias, dijeron los l\u00edderes de ADRA.<\/p>\n<p><div id=\"attachment_100976\" style=\"width: 845px\" class=\"wp-caption aligncenter\"><img loading=\"lazy\" decoding=\"async\" aria-describedby=\"caption-attachment-100976\" class=\" wp-image-100974\" src=\"https:\/\/interamerica.org\/wp-content\/uploads\/2023\/07\/adra-haiti-carrefour-food-distribution.jpg\" alt=\"\" width=\"835\" height=\"627\" srcset=\"https:\/\/interamerica.org\/wp-content\/uploads\/2023\/07\/adra-haiti-carrefour-food-distribution.jpg 950w, https:\/\/interamerica.org\/wp-content\/uploads\/2023\/07\/adra-haiti-carrefour-food-distribution-300x225.jpg 300w, https:\/\/interamerica.org\/wp-content\/uploads\/2023\/07\/adra-haiti-carrefour-food-distribution-768x576.jpg 768w\" sizes=\"(max-width: 835px) 100vw, 835px\" \/><p id=\"caption-attachment-100976\" class=\"wp-caption-text\">Una voluntaria de ADRA vestida en su uniforme de Gu\u00eda Mayor ayuda a coordinar la distribuci\u00f3n de alimentos en un determinado lugar, durante una de las distribuciones del mes pasado. [Fotograf\u00eda: ADRA Hait\u00ed]<\/p><\/div>\u201cLa tierra ya no podr\u00e1 producir m\u00e1s porque las capas f\u00e9rtiles de tierra fueron invadidas por los escombros\u201d, explic\u00f3 Lima. Muchos de los agricultores locales de la comunidad de Tamarin explicaron que debido a los terrenos devastados, todo lo plantado en el suelo morir\u00e1, a\u00f1adi\u00f3 Lima.<\/p>\n<p>Hay problemas y desaf\u00edos de inseguridad no solo en las diversas comunidades con rutas destruidas por el agua sino por las amenazas constantes de violencia en el pa\u00eds que han afectado que se consigan m\u00e1s pronto alimentos y art\u00edculos para las familias afectadas, dijeron los l\u00edderes de ADRA Hait\u00ed.<\/p>\n<p><div id=\"attachment_100979\" style=\"width: 849px\" class=\"wp-caption aligncenter\"><img loading=\"lazy\" decoding=\"async\" aria-describedby=\"caption-attachment-100979\" class=\" wp-image-100977\" src=\"https:\/\/interamerica.org\/wp-content\/uploads\/2023\/07\/adra-haiti-distribution-june2023.jpg\" alt=\"\" width=\"839\" height=\"590\" srcset=\"https:\/\/interamerica.org\/wp-content\/uploads\/2023\/07\/adra-haiti-distribution-june2023.jpg 625w, https:\/\/interamerica.org\/wp-content\/uploads\/2023\/07\/adra-haiti-distribution-june2023-300x211.jpg 300w\" sizes=\"(max-width: 839px) 100vw, 839px\" \/><p id=\"caption-attachment-100979\" class=\"wp-caption-text\">Un grupo forma fila, esperando su turno para recibir alimentos para sus familias en el Departamento Ouest, en Puerto Pr\u00edncipe, Hait\u00ed. [Fotograf\u00eda: ADRA Hait\u00ed]<\/p><\/div>\u201cADRA Hait\u00ed siempre est\u00e1 lista para apoyar a las comunidades afectadas en sus esfuerzos de recuperaci\u00f3n y reconstrucci\u00f3n\u201d, dijo Jean Pierre.<\/p>\n<p>Traducci\u00f3n de Marcos Paseggi<\/p>\n","protected":false},"excerpt":{"rendered":"<p>July 17, 2023 | Carrefour, Puerto Pr\u00edncipe, Hait\u00ed | Kevner Sineus y Libna Stevens, Noticias de la Divisi\u00f3n Interamericana La Agencia Adventista de Desarrollo y Recursos Asistenciales (ADRA) en Hait\u00ed&#8230;<\/p>\n","protected":false},"author":3,"featured_media":100985,"comment_status":"closed","ping_status":"closed","sticky":false,"template":"","format":"standard","meta":{"_acf_changed":false,"footnotes":""},"categories":[17,15],"tags":[],"class_list":["post-100993","post","type-post","status-publish","format-standard","has-post-thumbnail","hentry","category-desde-el-campo","category-rss-espanol"],"acf":[],"yoast_head":"<!-- This site is optimized with the Yoast SEO plugin v27.3 - https:\/\/yoast.com\/product\/yoast-seo-wordpress\/ -->\n<title>ADRA Hait\u00ed distribuye alimentos a cientos muy afectados por las recientes inundaciones - Iglesia Adventista del S\u00e9ptimo D\u00eda - Divisi\u00f3n Interamericana<\/title>\n<meta name=\"robots\" content=\"index, follow, max-snippet:-1, max-image-preview:large, max-video-preview:-1\" \/>\n<link rel=\"canonical\" href=\"https:\/\/interamerica.org\/es\/2023\/07\/adra-haiti-distribuye-alimentos-a-cientos-muy-afectados-por-las-recientes-inundaciones\/\" \/>\n<meta property=\"og:locale\" content=\"es_ES\" \/>\n<meta property=\"og:type\" content=\"article\" \/>\n<meta property=\"og:title\" content=\"ADRA Hait\u00ed distribuye alimentos a cientos muy afectados por las recientes inundaciones - Iglesia Adventista del S\u00e9ptimo D\u00eda - Divisi\u00f3n Interamericana\" \/>\n<meta property=\"og:description\" content=\"July 17, 2023 | Carrefour, Puerto Pr\u00edncipe, Hait\u00ed | Kevner Sineus y Libna Stevens, Noticias de la Divisi\u00f3n Interamericana La Agencia Adventista de Desarrollo y Recursos Asistenciales (ADRA) en Hait\u00ed...\" \/>\n<meta property=\"og:url\" content=\"https:\/\/interamerica.org\/es\/2023\/07\/adra-haiti-distribuye-alimentos-a-cientos-muy-afectados-por-las-recientes-inundaciones\/\" \/>\n<meta property=\"og:site_name\" content=\"Iglesia Adventista del S\u00e9ptimo D\u00eda - Divisi\u00f3n Interamericana\" \/>\n<meta property=\"article:published_time\" content=\"2023-07-18T02:49:05+00:00\" \/>\n<meta property=\"article:modified_time\" content=\"2023-07-18T14:56:26+00:00\" \/>\n<meta property=\"og:image\" content=\"https:\/\/interamerica.org\/wp-content\/uploads\/2023\/07\/adra-haiti-june2023.jpg\" \/>\n\t<meta property=\"og:image:width\" content=\"950\" \/>\n\t<meta property=\"og:image:height\" content=\"713\" \/>\n\t<meta property=\"og:image:type\" content=\"image\/jpeg\" \/>\n<meta name=\"author\" content=\"libna\" \/>\n<meta name=\"twitter:card\" content=\"summary_large_image\" \/>\n<meta name=\"twitter:label1\" content=\"Escrito por\" \/>\n\t<meta name=\"twitter:data1\" content=\"libna\" \/>\n\t<meta name=\"twitter:label2\" content=\"Tiempo de lectura\" \/>\n\t<meta name=\"twitter:data2\" content=\"5 minutos\" \/>\n<script type=\"application\/ld+json\" class=\"yoast-schema-graph\">{\"@context\":\"https:\\\/\\\/schema.org\",\"@graph\":[{\"@type\":\"Article\",\"@id\":\"https:\\\/\\\/interamerica.org\\\/es\\\/2023\\\/07\\\/adra-haiti-distribuye-alimentos-a-cientos-muy-afectados-por-las-recientes-inundaciones\\\/#article\",\"isPartOf\":{\"@id\":\"https:\\\/\\\/interamerica.org\\\/es\\\/2023\\\/07\\\/adra-haiti-distribuye-alimentos-a-cientos-muy-afectados-por-las-recientes-inundaciones\\\/\"},\"author\":{\"name\":\"libna\",\"@id\":\"https:\\\/\\\/interamerica.org\\\/es\\\/#\\\/schema\\\/person\\\/29998f2bc2d8bd0d38662909289b54f1\"},\"headline\":\"ADRA Hait\u00ed distribuye alimentos a cientos muy afectados por las recientes inundaciones\",\"datePublished\":\"2023-07-18T02:49:05+00:00\",\"dateModified\":\"2023-07-18T14:56:26+00:00\",\"mainEntityOfPage\":{\"@id\":\"https:\\\/\\\/interamerica.org\\\/es\\\/2023\\\/07\\\/adra-haiti-distribuye-alimentos-a-cientos-muy-afectados-por-las-recientes-inundaciones\\\/\"},\"wordCount\":766,\"image\":{\"@id\":\"https:\\\/\\\/interamerica.org\\\/es\\\/2023\\\/07\\\/adra-haiti-distribuye-alimentos-a-cientos-muy-afectados-por-las-recientes-inundaciones\\\/#primaryimage\"},\"thumbnailUrl\":\"https:\\\/\\\/interamerica.org\\\/wp-content\\\/uploads\\\/2023\\\/07\\\/adra-haiti-june2023.jpg\",\"articleSection\":[\"Desde el campo\",\"RSS Espa\u00f1ol\"],\"inLanguage\":\"es\"},{\"@type\":\"WebPage\",\"@id\":\"https:\\\/\\\/interamerica.org\\\/es\\\/2023\\\/07\\\/adra-haiti-distribuye-alimentos-a-cientos-muy-afectados-por-las-recientes-inundaciones\\\/\",\"url\":\"https:\\\/\\\/interamerica.org\\\/es\\\/2023\\\/07\\\/adra-haiti-distribuye-alimentos-a-cientos-muy-afectados-por-las-recientes-inundaciones\\\/\",\"name\":\"ADRA Hait\u00ed distribuye alimentos a cientos muy afectados por las recientes inundaciones - Iglesia Adventista del S\u00e9ptimo D\u00eda - Divisi\u00f3n Interamericana\",\"isPartOf\":{\"@id\":\"https:\\\/\\\/interamerica.org\\\/es\\\/#website\"},\"primaryImageOfPage\":{\"@id\":\"https:\\\/\\\/interamerica.org\\\/es\\\/2023\\\/07\\\/adra-haiti-distribuye-alimentos-a-cientos-muy-afectados-por-las-recientes-inundaciones\\\/#primaryimage\"},\"image\":{\"@id\":\"https:\\\/\\\/interamerica.org\\\/es\\\/2023\\\/07\\\/adra-haiti-distribuye-alimentos-a-cientos-muy-afectados-por-las-recientes-inundaciones\\\/#primaryimage\"},\"thumbnailUrl\":\"https:\\\/\\\/interamerica.org\\\/wp-content\\\/uploads\\\/2023\\\/07\\\/adra-haiti-june2023.jpg\",\"datePublished\":\"2023-07-18T02:49:05+00:00\",\"dateModified\":\"2023-07-18T14:56:26+00:00\",\"author\":{\"@id\":\"https:\\\/\\\/interamerica.org\\\/es\\\/#\\\/schema\\\/person\\\/29998f2bc2d8bd0d38662909289b54f1\"},\"breadcrumb\":{\"@id\":\"https:\\\/\\\/interamerica.org\\\/es\\\/2023\\\/07\\\/adra-haiti-distribuye-alimentos-a-cientos-muy-afectados-por-las-recientes-inundaciones\\\/#breadcrumb\"},\"inLanguage\":\"es\",\"potentialAction\":[{\"@type\":\"ReadAction\",\"target\":[\"https:\\\/\\\/interamerica.org\\\/es\\\/2023\\\/07\\\/adra-haiti-distribuye-alimentos-a-cientos-muy-afectados-por-las-recientes-inundaciones\\\/\"]}]},{\"@type\":\"ImageObject\",\"inLanguage\":\"es\",\"@id\":\"https:\\\/\\\/interamerica.org\\\/es\\\/2023\\\/07\\\/adra-haiti-distribuye-alimentos-a-cientos-muy-afectados-por-las-recientes-inundaciones\\\/#primaryimage\",\"url\":\"https:\\\/\\\/interamerica.org\\\/wp-content\\\/uploads\\\/2023\\\/07\\\/adra-haiti-june2023.jpg\",\"contentUrl\":\"https:\\\/\\\/interamerica.org\\\/wp-content\\\/uploads\\\/2023\\\/07\\\/adra-haiti-june2023.jpg\",\"width\":950,\"height\":713,\"caption\":\"[Photo: ADRA Haiti]\"},{\"@type\":\"BreadcrumbList\",\"@id\":\"https:\\\/\\\/interamerica.org\\\/es\\\/2023\\\/07\\\/adra-haiti-distribuye-alimentos-a-cientos-muy-afectados-por-las-recientes-inundaciones\\\/#breadcrumb\",\"itemListElement\":[{\"@type\":\"ListItem\",\"position\":1,\"name\":\"Home\",\"item\":\"https:\\\/\\\/interamerica.org\\\/es\\\/\"},{\"@type\":\"ListItem\",\"position\":2,\"name\":\"ADRA Hait\u00ed distribuye alimentos a cientos muy afectados por las recientes inundaciones\"}]},{\"@type\":\"WebSite\",\"@id\":\"https:\\\/\\\/interamerica.org\\\/es\\\/#website\",\"url\":\"https:\\\/\\\/interamerica.org\\\/es\\\/\",\"name\":\"Iglesia Adventista del S\u00e9ptimo D\u00eda - Divisi\u00f3n Interamericana\",\"description\":\"\",\"potentialAction\":[{\"@type\":\"SearchAction\",\"target\":{\"@type\":\"EntryPoint\",\"urlTemplate\":\"https:\\\/\\\/interamerica.org\\\/es\\\/?s={search_term_string}\"},\"query-input\":{\"@type\":\"PropertyValueSpecification\",\"valueRequired\":true,\"valueName\":\"search_term_string\"}}],\"inLanguage\":\"es\"},{\"@type\":\"Person\",\"@id\":\"https:\\\/\\\/interamerica.org\\\/es\\\/#\\\/schema\\\/person\\\/29998f2bc2d8bd0d38662909289b54f1\",\"name\":\"libna\",\"image\":{\"@type\":\"ImageObject\",\"inLanguage\":\"es\",\"@id\":\"https:\\\/\\\/secure.gravatar.com\\\/avatar\\\/7c5bd30ae4b47a9ba3c856590957fd1d96dc588bf3ac05719d247e126840331f?s=96&d=mm&r=g\",\"url\":\"https:\\\/\\\/secure.gravatar.com\\\/avatar\\\/7c5bd30ae4b47a9ba3c856590957fd1d96dc588bf3ac05719d247e126840331f?s=96&d=mm&r=g\",\"contentUrl\":\"https:\\\/\\\/secure.gravatar.com\\\/avatar\\\/7c5bd30ae4b47a9ba3c856590957fd1d96dc588bf3ac05719d247e126840331f?s=96&d=mm&r=g\",\"caption\":\"libna\"}}]}<\/script>\n<!-- \/ Yoast SEO plugin. -->","yoast_head_json":{"title":"ADRA Hait\u00ed distribuye alimentos a cientos muy afectados por las recientes inundaciones - Iglesia Adventista del S\u00e9ptimo D\u00eda - Divisi\u00f3n Interamericana","robots":{"index":"index","follow":"follow","max-snippet":"max-snippet:-1","max-image-preview":"max-image-preview:large","max-video-preview":"max-video-preview:-1"},"canonical":"https:\/\/interamerica.org\/es\/2023\/07\/adra-haiti-distribuye-alimentos-a-cientos-muy-afectados-por-las-recientes-inundaciones\/","og_locale":"es_ES","og_type":"article","og_title":"ADRA Hait\u00ed distribuye alimentos a cientos muy afectados por las recientes inundaciones - Iglesia Adventista del S\u00e9ptimo D\u00eda - Divisi\u00f3n Interamericana","og_description":"July 17, 2023 | Carrefour, Puerto Pr\u00edncipe, Hait\u00ed | Kevner Sineus y Libna Stevens, Noticias de la Divisi\u00f3n Interamericana La Agencia Adventista de Desarrollo y Recursos Asistenciales (ADRA) en Hait\u00ed...","og_url":"https:\/\/interamerica.org\/es\/2023\/07\/adra-haiti-distribuye-alimentos-a-cientos-muy-afectados-por-las-recientes-inundaciones\/","og_site_name":"Iglesia Adventista del S\u00e9ptimo D\u00eda - Divisi\u00f3n Interamericana","article_published_time":"2023-07-18T02:49:05+00:00","article_modified_time":"2023-07-18T14:56:26+00:00","og_image":[{"width":950,"height":713,"url":"https:\/\/interamerica.org\/wp-content\/uploads\/2023\/07\/adra-haiti-june2023.jpg","type":"image\/jpeg"}],"author":"libna","twitter_card":"summary_large_image","twitter_misc":{"Escrito por":"libna","Tiempo de lectura":"5 minutos"},"schema":{"@context":"https:\/\/schema.org","@graph":[{"@type":"Article","@id":"https:\/\/interamerica.org\/es\/2023\/07\/adra-haiti-distribuye-alimentos-a-cientos-muy-afectados-por-las-recientes-inundaciones\/#article","isPartOf":{"@id":"https:\/\/interamerica.org\/es\/2023\/07\/adra-haiti-distribuye-alimentos-a-cientos-muy-afectados-por-las-recientes-inundaciones\/"},"author":{"name":"libna","@id":"https:\/\/interamerica.org\/es\/#\/schema\/person\/29998f2bc2d8bd0d38662909289b54f1"},"headline":"ADRA Hait\u00ed distribuye alimentos a cientos muy afectados por las recientes inundaciones","datePublished":"2023-07-18T02:49:05+00:00","dateModified":"2023-07-18T14:56:26+00:00","mainEntityOfPage":{"@id":"https:\/\/interamerica.org\/es\/2023\/07\/adra-haiti-distribuye-alimentos-a-cientos-muy-afectados-por-las-recientes-inundaciones\/"},"wordCount":766,"image":{"@id":"https:\/\/interamerica.org\/es\/2023\/07\/adra-haiti-distribuye-alimentos-a-cientos-muy-afectados-por-las-recientes-inundaciones\/#primaryimage"},"thumbnailUrl":"https:\/\/interamerica.org\/wp-content\/uploads\/2023\/07\/adra-haiti-june2023.jpg","articleSection":["Desde el campo","RSS Espa\u00f1ol"],"inLanguage":"es"},{"@type":"WebPage","@id":"https:\/\/interamerica.org\/es\/2023\/07\/adra-haiti-distribuye-alimentos-a-cientos-muy-afectados-por-las-recientes-inundaciones\/","url":"https:\/\/interamerica.org\/es\/2023\/07\/adra-haiti-distribuye-alimentos-a-cientos-muy-afectados-por-las-recientes-inundaciones\/","name":"ADRA Hait\u00ed distribuye alimentos a cientos muy afectados por las recientes inundaciones - Iglesia Adventista del S\u00e9ptimo D\u00eda - Divisi\u00f3n Interamericana","isPartOf":{"@id":"https:\/\/interamerica.org\/es\/#website"},"primaryImageOfPage":{"@id":"https:\/\/interamerica.org\/es\/2023\/07\/adra-haiti-distribuye-alimentos-a-cientos-muy-afectados-por-las-recientes-inundaciones\/#primaryimage"},"image":{"@id":"https:\/\/interamerica.org\/es\/2023\/07\/adra-haiti-distribuye-alimentos-a-cientos-muy-afectados-por-las-recientes-inundaciones\/#primaryimage"},"thumbnailUrl":"https:\/\/interamerica.org\/wp-content\/uploads\/2023\/07\/adra-haiti-june2023.jpg","datePublished":"2023-07-18T02:49:05+00:00","dateModified":"2023-07-18T14:56:26+00:00","author":{"@id":"https:\/\/interamerica.org\/es\/#\/schema\/person\/29998f2bc2d8bd0d38662909289b54f1"},"breadcrumb":{"@id":"https:\/\/interamerica.org\/es\/2023\/07\/adra-haiti-distribuye-alimentos-a-cientos-muy-afectados-por-las-recientes-inundaciones\/#breadcrumb"},"inLanguage":"es","potentialAction":[{"@type":"ReadAction","target":["https:\/\/interamerica.org\/es\/2023\/07\/adra-haiti-distribuye-alimentos-a-cientos-muy-afectados-por-las-recientes-inundaciones\/"]}]},{"@type":"ImageObject","inLanguage":"es","@id":"https:\/\/interamerica.org\/es\/2023\/07\/adra-haiti-distribuye-alimentos-a-cientos-muy-afectados-por-las-recientes-inundaciones\/#primaryimage","url":"https:\/\/interamerica.org\/wp-content\/uploads\/2023\/07\/adra-haiti-june2023.jpg","contentUrl":"https:\/\/interamerica.org\/wp-content\/uploads\/2023\/07\/adra-haiti-june2023.jpg","width":950,"height":713,"caption":"[Photo: ADRA Haiti]"},{"@type":"BreadcrumbList","@id":"https:\/\/interamerica.org\/es\/2023\/07\/adra-haiti-distribuye-alimentos-a-cientos-muy-afectados-por-las-recientes-inundaciones\/#breadcrumb","itemListElement":[{"@type":"ListItem","position":1,"name":"Home","item":"https:\/\/interamerica.org\/es\/"},{"@type":"ListItem","position":2,"name":"ADRA Hait\u00ed distribuye alimentos a cientos muy afectados por las recientes inundaciones"}]},{"@type":"WebSite","@id":"https:\/\/interamerica.org\/es\/#website","url":"https:\/\/interamerica.org\/es\/","name":"Iglesia Adventista del S\u00e9ptimo D\u00eda - Divisi\u00f3n Interamericana","description":"","potentialAction":[{"@type":"SearchAction","target":{"@type":"EntryPoint","urlTemplate":"https:\/\/interamerica.org\/es\/?s={search_term_string}"},"query-input":{"@type":"PropertyValueSpecification","valueRequired":true,"valueName":"search_term_string"}}],"inLanguage":"es"},{"@type":"Person","@id":"https:\/\/interamerica.org\/es\/#\/schema\/person\/29998f2bc2d8bd0d38662909289b54f1","name":"libna","image":{"@type":"ImageObject","inLanguage":"es","@id":"https:\/\/secure.gravatar.com\/avatar\/7c5bd30ae4b47a9ba3c856590957fd1d96dc588bf3ac05719d247e126840331f?s=96&d=mm&r=g","url":"https:\/\/secure.gravatar.com\/avatar\/7c5bd30ae4b47a9ba3c856590957fd1d96dc588bf3ac05719d247e126840331f?s=96&d=mm&r=g","contentUrl":"https:\/\/secure.gravatar.com\/avatar\/7c5bd30ae4b47a9ba3c856590957fd1d96dc588bf3ac05719d247e126840331f?s=96&d=mm&r=g","caption":"libna"}}]}},"_links":{"self":[{"href":"https:\/\/interamerica.org\/es\/wp-json\/wp\/v2\/posts\/100993","targetHints":{"allow":["GET"]}}],"collection":[{"href":"https:\/\/interamerica.org\/es\/wp-json\/wp\/v2\/posts"}],"about":[{"href":"https:\/\/interamerica.org\/es\/wp-json\/wp\/v2\/types\/post"}],"author":[{"embeddable":true,"href":"https:\/\/interamerica.org\/es\/wp-json\/wp\/v2\/users\/3"}],"replies":[{"embeddable":true,"href":"https:\/\/interamerica.org\/es\/wp-json\/wp\/v2\/comments?post=100993"}],"version-history":[{"count":0,"href":"https:\/\/interamerica.org\/es\/wp-json\/wp\/v2\/posts\/100993\/revisions"}],"wp:featuredmedia":[{"embeddable":true,"href":"https:\/\/interamerica.org\/es\/wp-json\/wp\/v2\/media\/100985"}],"wp:attachment":[{"href":"https:\/\/interamerica.org\/es\/wp-json\/wp\/v2\/media?parent=100993"}],"wp:term":[{"taxonomy":"category","embeddable":true,"href":"https:\/\/interamerica.org\/es\/wp-json\/wp\/v2\/categories?post=100993"},{"taxonomy":"post_tag","embeddable":true,"href":"https:\/\/interamerica.org\/es\/wp-json\/wp\/v2\/tags?post=100993"}],"curies":[{"name":"wp","href":"https:\/\/api.w.org\/{rel}","templated":true}]}}