{"id":100994,"date":"2023-07-17T08:53:13","date_gmt":"2023-07-17T12:53:13","guid":{"rendered":"https:\/\/interamerica.org\/?p=100994"},"modified":"2023-07-18T10:54:41","modified_gmt":"2023-07-18T14:54:41","slug":"un-pueblo-profetico","status":"publish","type":"post","link":"https:\/\/interamerica.org\/es\/2023\/07\/un-pueblo-profetico\/","title":{"rendered":"Un pueblo prof\u00e9tico"},"content":{"rendered":"<p><strong>Por qu\u00e9 la profec\u00eda es importante para los adventistas del s\u00e9ptimo d\u00eda <\/strong><\/p>\n<p>16 de julio de 2023 | Sikhululekile Daco, Adventist Review Ministries<\/p>\n<p>\u00bfPodemos sentirnos tan fascinados con el enigma de la profec\u00eda b\u00edblica que esto llega a convertirse en una terrible obsesi\u00f3n? Como \u00a0puede ocurrir con muchas otras cosas, \u00a1por supuesto \u00a0que s\u00ed! Es posible que las cifras, los c\u00e1lculos, los hechos hist\u00f3ricos y hasta las especulaciones puedan llamar a tal punto nuestra atenci\u00f3n, que perdemos de vista la importancia m\u00e1s amplia del mensaje prof\u00e9tico. Esa afici\u00f3n exagerada por todas las fechas y nombres involucrados puede convertirse tambi\u00e9n en fuente de orgullo y un sustituto del cristianismo genuino.<\/p>\n<p>Por otro lado, la ignorancia de nuestra identidad prof\u00e9tica engendra confusi\u00f3n. \u00bfPor qu\u00e9 raz\u00f3n \u00a0hemos adoptado ciertas normas y pr\u00e1cticas de estilo de vida? \u00bfPor qu\u00e9 enfatizamos tan celosamente ciertas doctrinas? \u00bfEn qu\u00e9 forma debemos involucrarnos en el mundo? Es la intenci\u00f3n de este ejemplar de nuestra revista tratar el tema acerca de la forma como nos interrelacionamos con el mundo.<\/p>\n<p><div id=\"attachment_100955\" style=\"width: 842px\" class=\"wp-caption aligncenter\"><img fetchpriority=\"high\" decoding=\"async\" aria-describedby=\"caption-attachment-100955\" class=\" wp-image-100953\" src=\"https:\/\/interamerica.org\/wp-content\/uploads\/2023\/07\/emmanuel-phaeton-bbfpuf7kw3g-unsplash-1024x683.jpeg\" alt=\"\" width=\"832\" height=\"555\" srcset=\"https:\/\/interamerica.org\/wp-content\/uploads\/2023\/07\/emmanuel-phaeton-bbfpuf7kw3g-unsplash-1024x683.jpeg 1024w, https:\/\/interamerica.org\/wp-content\/uploads\/2023\/07\/emmanuel-phaeton-bbfpuf7kw3g-unsplash-300x200.jpeg 300w, https:\/\/interamerica.org\/wp-content\/uploads\/2023\/07\/emmanuel-phaeton-bbfpuf7kw3g-unsplash-768x512.jpeg 768w, https:\/\/interamerica.org\/wp-content\/uploads\/2023\/07\/emmanuel-phaeton-bbfpuf7kw3g-unsplash-1536x1024.jpeg 1536w, https:\/\/interamerica.org\/wp-content\/uploads\/2023\/07\/emmanuel-phaeton-bbfpuf7kw3g-unsplash.jpeg 1920w\" sizes=\"(max-width: 832px) 100vw, 832px\" \/><p id=\"caption-attachment-100955\" class=\"wp-caption-text\">[Imagen: Emmanuel Phaeton \/ Unsplash]<\/p><\/div>A principios del siglo diecinueve, nuestro movimiento naci\u00f3 a partir de una ardiente exploraci\u00f3n de las Sagradas Escrituras y sus declaraciones prof\u00e9ticas. M\u00e1s tarde, a partir del Gran Chasco de 1844, los creyentes adventistas descubrieron su misi\u00f3n singular dentro de las profec\u00edas de Apocalipsis. De hecho, los primeros adventistas encontraron que su experiencia desilusionadora \u00a0estaba profetizada en Apocalipsis 10, afirmando con ello su existencia misma. A trav\u00e9s de los a\u00f1os, la profec\u00eda ha continuado guiando el marco estructural y la identidad y misi\u00f3n del movimiento adventista del s\u00e9ptimo d\u00eda.<\/p>\n<p>Los eventos mundiales nos compelen peri\u00f3dicamente a revaluar nuestra comprensi\u00f3n de las verdades prof\u00e9ticas. Consideremos, por ejemplo, en qu\u00e9 forma, para muchos, la firma del Tratado Maastricht en 1992 despert\u00f3 simult\u00e1neamente esperanzas para la unificaci\u00f3n de Europa y al mismo tiempo algunas dudas acerca de la veracidad de Daniel 2. Entonces, y asombrosamente, el Reino Unido se convirti\u00f3 en la primera naci\u00f3n soberana en retirar su membres\u00eda de la Uni\u00f3n Europea, derribando con ello previas esperanzas y afirmando nuevamente la confianza en la profec\u00eda b\u00edblica. Podemos preguntarnos cu\u00e1ntas inversiones y estrat\u00e9gicas a largo plazo se vieron, o pudieron haberse visto impactadas en 1992, bas\u00e1ndose en la confianza en la interpretaci\u00f3n de Daniel 2.<\/p>\n<p>Actualmente, el escenario global est\u00e1 plagado de temor. Temor al terrorismo. Temor a la extinci\u00f3n \u00e9tnica. Temor de los efectos de la declinaci\u00f3n moral de la sociedad. Temor de los efectos del aumento del dogmatismo. Temor a lo conocido y a lo desconocido. Tales temores han llevado a muchos a reinterpretar nuestra comprensi\u00f3n de las profec\u00edas, particularmente de aquellas encontradas en los libros de Daniel y Apocalipsis. Afiliaciones pol\u00edticas, prejuicios de larga trayectoria y nuevas ideolog\u00edas, se superponen con, o socavan nuestra ya establecida comprensi\u00f3n. \u00bfCu\u00e1l en vez de ello ser\u00eda nuestra testificaci\u00f3n cristiana si manifestamos confianza en los resultados predichos en las p\u00e1ginas de las Escrituras? \u00bfC\u00f3mo debemos relacionarnos con las tendencias pol\u00edticas cristianas y cu\u00e1l es nuestro papel como movimiento prof\u00e9tico en este tiempo del fin?<\/p>\n<p>Nuestra comprensi\u00f3n de la profec\u00eda como adventistas del s\u00e9ptimo d\u00eda b\u00edblica nos brinda un sentido de orientaci\u00f3n. Nos indica en qu\u00e9 punto estamos en la historia de este mundo y nos reafirma en la idea de que nuestras pruebas y desaf\u00edos no son una sorpresa para el Dios omnisapiente. \u00a0Cuando el temor se apodera del mundo a nuestro alrededor, no encuentra lugar en el coraz\u00f3n de aquellos cuya confianza est\u00e1 anclada en el Dios de las Escrituras; el Dios que les prometi\u00f3 a Ad\u00e1n y Eva que aplastar\u00eda la cabeza de la serpiente aunque esta le hiriera en el calca\u00f1ar; el mismo Dios que le comunic\u00f3 a Abrah\u00e1n que sus descendientes ser\u00edan extranjeros y esclavos en un pa\u00eds extranjero por 400 a\u00f1os; el Dios que a trav\u00e9s de Jerem\u00edas anunci\u00f3 que Israel sufrir\u00eda el yugo de la cautividad babil\u00f3nica por 70 a\u00f1os; el Dios que predijo que despu\u00e9s del gobierno de Roma, los gobiernos de Europa nunca habr\u00edan de unirse entre ellos.<\/p>\n<p>Cuando aceptamos al Dios de la profec\u00eda b\u00edblica como nuestro Dios, podemos involucrarnos en el mundo con absoluta confianza; profundamente afectados y al mismo tiempo, simult\u00e1neamente imp\u00e1vidos ante la excesiva perversidad del mal. Sabemos hoy a grandes rasgos lo que se espera del ma\u00f1ana. Nuestro cristianismo, entonces, no puede ser reflejo de un mundo lleno de dudas u oscuridad. Tenemos un llamado prof\u00e9tico.<\/p>\n<p>Somos un pueblo prof\u00e9tico.<\/p>\n<p>Sikhululekile Daco es editora asociada de Adventist Review Ministries<\/p>\n<p>Traducci\u00f3n \u2013 Gloria A. Castrej\u00f3n<\/p>\n<p>&nbsp;<\/p>\n","protected":false},"excerpt":{"rendered":"<p>Por qu\u00e9 la profec\u00eda es importante para los adventistas del s\u00e9ptimo d\u00eda 16 de julio de 2023 | Sikhululekile Daco, Adventist Review Ministries \u00bfPodemos sentirnos tan fascinados con el enigma&#8230;<\/p>\n","protected":false},"author":3,"featured_media":100955,"comment_status":"closed","ping_status":"closed","sticky":false,"template":"","format":"standard","meta":{"_acf_changed":false,"footnotes":""},"categories":[14,15],"tags":[],"class_list":["post-100994","post","type-post","status-publish","format-standard","has-post-thumbnail","hentry","category-de-la-iglesia-mundial","category-rss-espanol"],"acf":[],"yoast_head":"<!-- This site is optimized with the Yoast SEO plugin v27.3 - https:\/\/yoast.com\/product\/yoast-seo-wordpress\/ -->\n<title>Un pueblo prof\u00e9tico - Iglesia Adventista del S\u00e9ptimo D\u00eda - Divisi\u00f3n Interamericana<\/title>\n<meta name=\"robots\" content=\"index, follow, max-snippet:-1, max-image-preview:large, max-video-preview:-1\" \/>\n<link rel=\"canonical\" href=\"https:\/\/interamerica.org\/es\/2023\/07\/un-pueblo-profetico\/\" \/>\n<meta property=\"og:locale\" content=\"es_ES\" \/>\n<meta property=\"og:type\" content=\"article\" \/>\n<meta property=\"og:title\" content=\"Un pueblo prof\u00e9tico - Iglesia Adventista del S\u00e9ptimo D\u00eda - Divisi\u00f3n Interamericana\" \/>\n<meta property=\"og:description\" content=\"Por qu\u00e9 la profec\u00eda es importante para los adventistas del s\u00e9ptimo d\u00eda 16 de julio de 2023 | Sikhululekile Daco, Adventist Review Ministries \u00bfPodemos sentirnos tan fascinados con el enigma...\" \/>\n<meta property=\"og:url\" content=\"https:\/\/interamerica.org\/es\/2023\/07\/un-pueblo-profetico\/\" \/>\n<meta property=\"og:site_name\" content=\"Iglesia Adventista del S\u00e9ptimo D\u00eda - Divisi\u00f3n Interamericana\" \/>\n<meta property=\"article:published_time\" content=\"2023-07-17T12:53:13+00:00\" \/>\n<meta property=\"article:modified_time\" content=\"2023-07-18T14:54:41+00:00\" \/>\n<meta property=\"og:image\" content=\"https:\/\/interamerica.org\/wp-content\/uploads\/2023\/07\/emmanuel-phaeton-bbfpuf7kw3g-unsplash.jpeg\" \/>\n\t<meta property=\"og:image:width\" content=\"1920\" \/>\n\t<meta property=\"og:image:height\" content=\"1280\" \/>\n\t<meta property=\"og:image:type\" content=\"image\/jpeg\" \/>\n<meta name=\"author\" content=\"libna\" \/>\n<meta name=\"twitter:card\" content=\"summary_large_image\" \/>\n<meta name=\"twitter:label1\" content=\"Escrito por\" \/>\n\t<meta name=\"twitter:data1\" content=\"libna\" \/>\n\t<meta name=\"twitter:label2\" content=\"Tiempo de lectura\" \/>\n\t<meta name=\"twitter:data2\" content=\"4 minutos\" \/>\n<script type=\"application\/ld+json\" class=\"yoast-schema-graph\">{\"@context\":\"https:\\\/\\\/schema.org\",\"@graph\":[{\"@type\":\"Article\",\"@id\":\"https:\\\/\\\/interamerica.org\\\/es\\\/2023\\\/07\\\/un-pueblo-profetico\\\/#article\",\"isPartOf\":{\"@id\":\"https:\\\/\\\/interamerica.org\\\/es\\\/2023\\\/07\\\/un-pueblo-profetico\\\/\"},\"author\":{\"name\":\"libna\",\"@id\":\"https:\\\/\\\/interamerica.org\\\/es\\\/#\\\/schema\\\/person\\\/29998f2bc2d8bd0d38662909289b54f1\"},\"headline\":\"Un pueblo prof\u00e9tico\",\"datePublished\":\"2023-07-17T12:53:13+00:00\",\"dateModified\":\"2023-07-18T14:54:41+00:00\",\"mainEntityOfPage\":{\"@id\":\"https:\\\/\\\/interamerica.org\\\/es\\\/2023\\\/07\\\/un-pueblo-profetico\\\/\"},\"wordCount\":836,\"image\":{\"@id\":\"https:\\\/\\\/interamerica.org\\\/es\\\/2023\\\/07\\\/un-pueblo-profetico\\\/#primaryimage\"},\"thumbnailUrl\":\"https:\\\/\\\/interamerica.org\\\/wp-content\\\/uploads\\\/2023\\\/07\\\/emmanuel-phaeton-bbfpuf7kw3g-unsplash.jpeg\",\"articleSection\":[\"Desde la iglesia mundial\",\"RSS Espa\u00f1ol\"],\"inLanguage\":\"es\"},{\"@type\":\"WebPage\",\"@id\":\"https:\\\/\\\/interamerica.org\\\/es\\\/2023\\\/07\\\/un-pueblo-profetico\\\/\",\"url\":\"https:\\\/\\\/interamerica.org\\\/es\\\/2023\\\/07\\\/un-pueblo-profetico\\\/\",\"name\":\"Un pueblo prof\u00e9tico - Iglesia Adventista del S\u00e9ptimo D\u00eda - Divisi\u00f3n Interamericana\",\"isPartOf\":{\"@id\":\"https:\\\/\\\/interamerica.org\\\/es\\\/#website\"},\"primaryImageOfPage\":{\"@id\":\"https:\\\/\\\/interamerica.org\\\/es\\\/2023\\\/07\\\/un-pueblo-profetico\\\/#primaryimage\"},\"image\":{\"@id\":\"https:\\\/\\\/interamerica.org\\\/es\\\/2023\\\/07\\\/un-pueblo-profetico\\\/#primaryimage\"},\"thumbnailUrl\":\"https:\\\/\\\/interamerica.org\\\/wp-content\\\/uploads\\\/2023\\\/07\\\/emmanuel-phaeton-bbfpuf7kw3g-unsplash.jpeg\",\"datePublished\":\"2023-07-17T12:53:13+00:00\",\"dateModified\":\"2023-07-18T14:54:41+00:00\",\"author\":{\"@id\":\"https:\\\/\\\/interamerica.org\\\/es\\\/#\\\/schema\\\/person\\\/29998f2bc2d8bd0d38662909289b54f1\"},\"breadcrumb\":{\"@id\":\"https:\\\/\\\/interamerica.org\\\/es\\\/2023\\\/07\\\/un-pueblo-profetico\\\/#breadcrumb\"},\"inLanguage\":\"es\",\"potentialAction\":[{\"@type\":\"ReadAction\",\"target\":[\"https:\\\/\\\/interamerica.org\\\/es\\\/2023\\\/07\\\/un-pueblo-profetico\\\/\"]}]},{\"@type\":\"ImageObject\",\"inLanguage\":\"es\",\"@id\":\"https:\\\/\\\/interamerica.org\\\/es\\\/2023\\\/07\\\/un-pueblo-profetico\\\/#primaryimage\",\"url\":\"https:\\\/\\\/interamerica.org\\\/wp-content\\\/uploads\\\/2023\\\/07\\\/emmanuel-phaeton-bbfpuf7kw3g-unsplash.jpeg\",\"contentUrl\":\"https:\\\/\\\/interamerica.org\\\/wp-content\\\/uploads\\\/2023\\\/07\\\/emmanuel-phaeton-bbfpuf7kw3g-unsplash.jpeg\",\"width\":1920,\"height\":1280,\"caption\":\"[Photo: Emmanuel Phaeton \\\/ Unsplash]\"},{\"@type\":\"BreadcrumbList\",\"@id\":\"https:\\\/\\\/interamerica.org\\\/es\\\/2023\\\/07\\\/un-pueblo-profetico\\\/#breadcrumb\",\"itemListElement\":[{\"@type\":\"ListItem\",\"position\":1,\"name\":\"Home\",\"item\":\"https:\\\/\\\/interamerica.org\\\/es\\\/\"},{\"@type\":\"ListItem\",\"position\":2,\"name\":\"Un pueblo prof\u00e9tico\"}]},{\"@type\":\"WebSite\",\"@id\":\"https:\\\/\\\/interamerica.org\\\/es\\\/#website\",\"url\":\"https:\\\/\\\/interamerica.org\\\/es\\\/\",\"name\":\"Iglesia Adventista del S\u00e9ptimo D\u00eda - Divisi\u00f3n Interamericana\",\"description\":\"\",\"potentialAction\":[{\"@type\":\"SearchAction\",\"target\":{\"@type\":\"EntryPoint\",\"urlTemplate\":\"https:\\\/\\\/interamerica.org\\\/es\\\/?s={search_term_string}\"},\"query-input\":{\"@type\":\"PropertyValueSpecification\",\"valueRequired\":true,\"valueName\":\"search_term_string\"}}],\"inLanguage\":\"es\"},{\"@type\":\"Person\",\"@id\":\"https:\\\/\\\/interamerica.org\\\/es\\\/#\\\/schema\\\/person\\\/29998f2bc2d8bd0d38662909289b54f1\",\"name\":\"libna\",\"image\":{\"@type\":\"ImageObject\",\"inLanguage\":\"es\",\"@id\":\"https:\\\/\\\/secure.gravatar.com\\\/avatar\\\/7c5bd30ae4b47a9ba3c856590957fd1d96dc588bf3ac05719d247e126840331f?s=96&d=mm&r=g\",\"url\":\"https:\\\/\\\/secure.gravatar.com\\\/avatar\\\/7c5bd30ae4b47a9ba3c856590957fd1d96dc588bf3ac05719d247e126840331f?s=96&d=mm&r=g\",\"contentUrl\":\"https:\\\/\\\/secure.gravatar.com\\\/avatar\\\/7c5bd30ae4b47a9ba3c856590957fd1d96dc588bf3ac05719d247e126840331f?s=96&d=mm&r=g\",\"caption\":\"libna\"}}]}<\/script>\n<!-- \/ Yoast SEO plugin. -->","yoast_head_json":{"title":"Un pueblo prof\u00e9tico - Iglesia Adventista del S\u00e9ptimo D\u00eda - Divisi\u00f3n Interamericana","robots":{"index":"index","follow":"follow","max-snippet":"max-snippet:-1","max-image-preview":"max-image-preview:large","max-video-preview":"max-video-preview:-1"},"canonical":"https:\/\/interamerica.org\/es\/2023\/07\/un-pueblo-profetico\/","og_locale":"es_ES","og_type":"article","og_title":"Un pueblo prof\u00e9tico - Iglesia Adventista del S\u00e9ptimo D\u00eda - Divisi\u00f3n Interamericana","og_description":"Por qu\u00e9 la profec\u00eda es importante para los adventistas del s\u00e9ptimo d\u00eda 16 de julio de 2023 | Sikhululekile Daco, Adventist Review Ministries \u00bfPodemos sentirnos tan fascinados con el enigma...","og_url":"https:\/\/interamerica.org\/es\/2023\/07\/un-pueblo-profetico\/","og_site_name":"Iglesia Adventista del S\u00e9ptimo D\u00eda - Divisi\u00f3n Interamericana","article_published_time":"2023-07-17T12:53:13+00:00","article_modified_time":"2023-07-18T14:54:41+00:00","og_image":[{"width":1920,"height":1280,"url":"https:\/\/interamerica.org\/wp-content\/uploads\/2023\/07\/emmanuel-phaeton-bbfpuf7kw3g-unsplash.jpeg","type":"image\/jpeg"}],"author":"libna","twitter_card":"summary_large_image","twitter_misc":{"Escrito por":"libna","Tiempo de lectura":"4 minutos"},"schema":{"@context":"https:\/\/schema.org","@graph":[{"@type":"Article","@id":"https:\/\/interamerica.org\/es\/2023\/07\/un-pueblo-profetico\/#article","isPartOf":{"@id":"https:\/\/interamerica.org\/es\/2023\/07\/un-pueblo-profetico\/"},"author":{"name":"libna","@id":"https:\/\/interamerica.org\/es\/#\/schema\/person\/29998f2bc2d8bd0d38662909289b54f1"},"headline":"Un pueblo prof\u00e9tico","datePublished":"2023-07-17T12:53:13+00:00","dateModified":"2023-07-18T14:54:41+00:00","mainEntityOfPage":{"@id":"https:\/\/interamerica.org\/es\/2023\/07\/un-pueblo-profetico\/"},"wordCount":836,"image":{"@id":"https:\/\/interamerica.org\/es\/2023\/07\/un-pueblo-profetico\/#primaryimage"},"thumbnailUrl":"https:\/\/interamerica.org\/wp-content\/uploads\/2023\/07\/emmanuel-phaeton-bbfpuf7kw3g-unsplash.jpeg","articleSection":["Desde la iglesia mundial","RSS Espa\u00f1ol"],"inLanguage":"es"},{"@type":"WebPage","@id":"https:\/\/interamerica.org\/es\/2023\/07\/un-pueblo-profetico\/","url":"https:\/\/interamerica.org\/es\/2023\/07\/un-pueblo-profetico\/","name":"Un pueblo prof\u00e9tico - Iglesia Adventista del S\u00e9ptimo D\u00eda - Divisi\u00f3n Interamericana","isPartOf":{"@id":"https:\/\/interamerica.org\/es\/#website"},"primaryImageOfPage":{"@id":"https:\/\/interamerica.org\/es\/2023\/07\/un-pueblo-profetico\/#primaryimage"},"image":{"@id":"https:\/\/interamerica.org\/es\/2023\/07\/un-pueblo-profetico\/#primaryimage"},"thumbnailUrl":"https:\/\/interamerica.org\/wp-content\/uploads\/2023\/07\/emmanuel-phaeton-bbfpuf7kw3g-unsplash.jpeg","datePublished":"2023-07-17T12:53:13+00:00","dateModified":"2023-07-18T14:54:41+00:00","author":{"@id":"https:\/\/interamerica.org\/es\/#\/schema\/person\/29998f2bc2d8bd0d38662909289b54f1"},"breadcrumb":{"@id":"https:\/\/interamerica.org\/es\/2023\/07\/un-pueblo-profetico\/#breadcrumb"},"inLanguage":"es","potentialAction":[{"@type":"ReadAction","target":["https:\/\/interamerica.org\/es\/2023\/07\/un-pueblo-profetico\/"]}]},{"@type":"ImageObject","inLanguage":"es","@id":"https:\/\/interamerica.org\/es\/2023\/07\/un-pueblo-profetico\/#primaryimage","url":"https:\/\/interamerica.org\/wp-content\/uploads\/2023\/07\/emmanuel-phaeton-bbfpuf7kw3g-unsplash.jpeg","contentUrl":"https:\/\/interamerica.org\/wp-content\/uploads\/2023\/07\/emmanuel-phaeton-bbfpuf7kw3g-unsplash.jpeg","width":1920,"height":1280,"caption":"[Photo: Emmanuel Phaeton \/ Unsplash]"},{"@type":"BreadcrumbList","@id":"https:\/\/interamerica.org\/es\/2023\/07\/un-pueblo-profetico\/#breadcrumb","itemListElement":[{"@type":"ListItem","position":1,"name":"Home","item":"https:\/\/interamerica.org\/es\/"},{"@type":"ListItem","position":2,"name":"Un pueblo prof\u00e9tico"}]},{"@type":"WebSite","@id":"https:\/\/interamerica.org\/es\/#website","url":"https:\/\/interamerica.org\/es\/","name":"Iglesia Adventista del S\u00e9ptimo D\u00eda - Divisi\u00f3n Interamericana","description":"","potentialAction":[{"@type":"SearchAction","target":{"@type":"EntryPoint","urlTemplate":"https:\/\/interamerica.org\/es\/?s={search_term_string}"},"query-input":{"@type":"PropertyValueSpecification","valueRequired":true,"valueName":"search_term_string"}}],"inLanguage":"es"},{"@type":"Person","@id":"https:\/\/interamerica.org\/es\/#\/schema\/person\/29998f2bc2d8bd0d38662909289b54f1","name":"libna","image":{"@type":"ImageObject","inLanguage":"es","@id":"https:\/\/secure.gravatar.com\/avatar\/7c5bd30ae4b47a9ba3c856590957fd1d96dc588bf3ac05719d247e126840331f?s=96&d=mm&r=g","url":"https:\/\/secure.gravatar.com\/avatar\/7c5bd30ae4b47a9ba3c856590957fd1d96dc588bf3ac05719d247e126840331f?s=96&d=mm&r=g","contentUrl":"https:\/\/secure.gravatar.com\/avatar\/7c5bd30ae4b47a9ba3c856590957fd1d96dc588bf3ac05719d247e126840331f?s=96&d=mm&r=g","caption":"libna"}}]}},"_links":{"self":[{"href":"https:\/\/interamerica.org\/es\/wp-json\/wp\/v2\/posts\/100994","targetHints":{"allow":["GET"]}}],"collection":[{"href":"https:\/\/interamerica.org\/es\/wp-json\/wp\/v2\/posts"}],"about":[{"href":"https:\/\/interamerica.org\/es\/wp-json\/wp\/v2\/types\/post"}],"author":[{"embeddable":true,"href":"https:\/\/interamerica.org\/es\/wp-json\/wp\/v2\/users\/3"}],"replies":[{"embeddable":true,"href":"https:\/\/interamerica.org\/es\/wp-json\/wp\/v2\/comments?post=100994"}],"version-history":[{"count":0,"href":"https:\/\/interamerica.org\/es\/wp-json\/wp\/v2\/posts\/100994\/revisions"}],"wp:featuredmedia":[{"embeddable":true,"href":"https:\/\/interamerica.org\/es\/wp-json\/wp\/v2\/media\/100955"}],"wp:attachment":[{"href":"https:\/\/interamerica.org\/es\/wp-json\/wp\/v2\/media?parent=100994"}],"wp:term":[{"taxonomy":"category","embeddable":true,"href":"https:\/\/interamerica.org\/es\/wp-json\/wp\/v2\/categories?post=100994"},{"taxonomy":"post_tag","embeddable":true,"href":"https:\/\/interamerica.org\/es\/wp-json\/wp\/v2\/tags?post=100994"}],"curies":[{"name":"wp","href":"https:\/\/api.w.org\/{rel}","templated":true}]}}