{"id":101049,"date":"2023-07-19T17:30:05","date_gmt":"2023-07-19T21:30:05","guid":{"rendered":"https:\/\/interamerica.org\/?p=101049"},"modified":"2023-07-20T09:47:55","modified_gmt":"2023-07-20T13:47:55","slug":"interamerica-llevara-a-cabo-su-convencion-anual-de-asi-en-jamaica","status":"publish","type":"post","link":"https:\/\/interamerica.org\/es\/2023\/07\/interamerica-llevara-a-cabo-su-convencion-anual-de-asi-en-jamaica\/","title":{"rendered":"Interam\u00e9rica llevar\u00e1 a cabo su convenci\u00f3n anual de ASi en Jamaica"},"content":{"rendered":"<p>19 de julio de 2023 | Miami, Florida, Estados Unidos | Libna Stevens, Noticias de la Divisi\u00f3n Interamericana<\/p>\n<p>Los Servicios e Industrias de Laicos Adventistas (ASi) de la Divisi\u00f3n Interamericana reunir\u00e1n a empresarios y profesionales adventistas de todo el territorio en Montego Bay, Jamaica, del 16-19 de agosto de 2023. El evento es el primer encuentro de ASi Interam\u00e9rica presencial despu\u00e9s de que azotara la pandemia en 2020.<\/p>\n<p>Bajo el lema, \u201cEncendamos las llamas para la misi\u00f3n\u201d, el evento de cuatro d\u00edas buscar\u00e1 inspirar y reafirmar a los miembros de las filiales de ASi y los asistentes de su compromiso de redoblar sus esfuerzos para compartir a Cristo en sus empresas y comunidades.<\/p>\n<p>\u201cNos sentimos muy felices de tener la oportunidad de llevar a cabo una convenci\u00f3n de ASi una vez m\u00e1s para dialogar, establecer conexiones y aprender sobre los proyectos y ministerios en los que tantos laicos han estado involucrados para esparcir gozo y el mensaje del evangelio\u201d, dijo David Poloche, secretario de ASi Interam\u00e9rica.<\/p>\n<p>Este a\u00f1o, la convenci\u00f3n contar\u00e1 con presentaciones y seminarios enfocados en la misi\u00f3n, la salud y el medio ambiente, dijeron los organizadores. Los oradores principales de la Divisi\u00f3n Interamericana incluir\u00e1n a los pastores Elie Henry, su presidente; a Leonard Johnson, su secretario ejecutivo; a Franck Geneus, director de ministerios de salud; y adem\u00e1s a Philip Baptiste, secretario-tesorero de ASi Norteam\u00e9rica, adem\u00e1s de otros oradores de diversas partes del territorio.<\/p>\n<p>Habr\u00e1 tambi\u00e9n seminarios sobre empresas, gesti\u00f3n, evangelismo digital, desarrollo de proyectos y salud, entre otros temas.<\/p>\n<p>Por detalles sobre el programa y mayor informaci\u00f3n sobre la Convenci\u00f3n de ASi, ingrese a <a href=\"https:\/\/asi23.interamerica.org\/\">asi23.interamerica.org<\/a><\/p>\n<p>Para registrarse para la convenci\u00f3n antes del 31 de julio de 2023, ingrese a <a href=\"https:\/\/asi23.interamerica.org\/\">asi23.interamerica.org<\/a><\/p>\n<p>Traducci\u00f3n de Marcos Paseggi<\/p>\n","protected":false},"excerpt":{"rendered":"<p>19 de julio de 2023 | Miami, Florida, Estados Unidos | Libna Stevens, Noticias de la Divisi\u00f3n Interamericana Los Servicios e Industrias de Laicos Adventistas (ASi) de la Divisi\u00f3n Interamericana&#8230;<\/p>\n","protected":false},"author":3,"featured_media":100711,"comment_status":"closed","ping_status":"closed","sticky":false,"template":"","format":"standard","meta":{"_acf_changed":false,"footnotes":""},"categories":[16,15],"tags":[],"class_list":["post-101049","post","type-post","status-publish","format-standard","has-post-thumbnail","hentry","category-desde-la-sede","category-rss-espanol"],"acf":[],"yoast_head":"<!-- This site is optimized with the Yoast SEO plugin v27.3 - https:\/\/yoast.com\/product\/yoast-seo-wordpress\/ -->\n<title>Interam\u00e9rica llevar\u00e1 a cabo su convenci\u00f3n anual de ASi en Jamaica - Iglesia Adventista del S\u00e9ptimo D\u00eda - Divisi\u00f3n Interamericana<\/title>\n<meta name=\"robots\" content=\"index, follow, max-snippet:-1, max-image-preview:large, max-video-preview:-1\" \/>\n<link rel=\"canonical\" href=\"https:\/\/interamerica.org\/es\/2023\/07\/interamerica-llevara-a-cabo-su-convencion-anual-de-asi-en-jamaica\/\" \/>\n<meta property=\"og:locale\" content=\"es_ES\" \/>\n<meta property=\"og:type\" content=\"article\" \/>\n<meta property=\"og:title\" content=\"Interam\u00e9rica llevar\u00e1 a cabo su convenci\u00f3n anual de ASi en Jamaica - Iglesia Adventista del S\u00e9ptimo D\u00eda - Divisi\u00f3n Interamericana\" \/>\n<meta property=\"og:description\" content=\"19 de julio de 2023 | Miami, Florida, Estados Unidos | Libna Stevens, Noticias de la Divisi\u00f3n Interamericana Los Servicios e Industrias de Laicos Adventistas (ASi) de la Divisi\u00f3n Interamericana...\" \/>\n<meta property=\"og:url\" content=\"https:\/\/interamerica.org\/es\/2023\/07\/interamerica-llevara-a-cabo-su-convencion-anual-de-asi-en-jamaica\/\" \/>\n<meta property=\"og:site_name\" content=\"Iglesia Adventista del S\u00e9ptimo D\u00eda - Divisi\u00f3n Interamericana\" \/>\n<meta property=\"article:published_time\" content=\"2023-07-19T21:30:05+00:00\" \/>\n<meta property=\"article:modified_time\" content=\"2023-07-20T13:47:55+00:00\" \/>\n<meta property=\"og:image\" content=\"https:\/\/interamerica.org\/wp-content\/uploads\/2023\/07\/asi.jpg\" \/>\n\t<meta property=\"og:image:width\" content=\"1280\" \/>\n\t<meta property=\"og:image:height\" content=\"800\" \/>\n\t<meta property=\"og:image:type\" content=\"image\/jpeg\" \/>\n<meta name=\"author\" content=\"libna\" \/>\n<meta name=\"twitter:card\" content=\"summary_large_image\" \/>\n<meta name=\"twitter:label1\" content=\"Escrito por\" \/>\n\t<meta name=\"twitter:data1\" content=\"libna\" \/>\n\t<meta name=\"twitter:label2\" content=\"Tiempo de lectura\" \/>\n\t<meta name=\"twitter:data2\" content=\"2 minutos\" \/>\n<script type=\"application\/ld+json\" class=\"yoast-schema-graph\">{\"@context\":\"https:\\\/\\\/schema.org\",\"@graph\":[{\"@type\":\"Article\",\"@id\":\"https:\\\/\\\/interamerica.org\\\/es\\\/2023\\\/07\\\/interamerica-llevara-a-cabo-su-convencion-anual-de-asi-en-jamaica\\\/#article\",\"isPartOf\":{\"@id\":\"https:\\\/\\\/interamerica.org\\\/es\\\/2023\\\/07\\\/interamerica-llevara-a-cabo-su-convencion-anual-de-asi-en-jamaica\\\/\"},\"author\":{\"name\":\"libna\",\"@id\":\"https:\\\/\\\/interamerica.org\\\/es\\\/#\\\/schema\\\/person\\\/29998f2bc2d8bd0d38662909289b54f1\"},\"headline\":\"Interam\u00e9rica llevar\u00e1 a cabo su convenci\u00f3n anual de ASi en Jamaica\",\"datePublished\":\"2023-07-19T21:30:05+00:00\",\"dateModified\":\"2023-07-20T13:47:55+00:00\",\"mainEntityOfPage\":{\"@id\":\"https:\\\/\\\/interamerica.org\\\/es\\\/2023\\\/07\\\/interamerica-llevara-a-cabo-su-convencion-anual-de-asi-en-jamaica\\\/\"},\"wordCount\":319,\"image\":{\"@id\":\"https:\\\/\\\/interamerica.org\\\/es\\\/2023\\\/07\\\/interamerica-llevara-a-cabo-su-convencion-anual-de-asi-en-jamaica\\\/#primaryimage\"},\"thumbnailUrl\":\"https:\\\/\\\/interamerica.org\\\/wp-content\\\/uploads\\\/2023\\\/07\\\/asi.jpg\",\"articleSection\":[\"Desde la sede\",\"RSS Espa\u00f1ol\"],\"inLanguage\":\"es\"},{\"@type\":\"WebPage\",\"@id\":\"https:\\\/\\\/interamerica.org\\\/es\\\/2023\\\/07\\\/interamerica-llevara-a-cabo-su-convencion-anual-de-asi-en-jamaica\\\/\",\"url\":\"https:\\\/\\\/interamerica.org\\\/es\\\/2023\\\/07\\\/interamerica-llevara-a-cabo-su-convencion-anual-de-asi-en-jamaica\\\/\",\"name\":\"Interam\u00e9rica llevar\u00e1 a cabo su convenci\u00f3n anual de ASi en Jamaica - Iglesia Adventista del S\u00e9ptimo D\u00eda - Divisi\u00f3n Interamericana\",\"isPartOf\":{\"@id\":\"https:\\\/\\\/interamerica.org\\\/es\\\/#website\"},\"primaryImageOfPage\":{\"@id\":\"https:\\\/\\\/interamerica.org\\\/es\\\/2023\\\/07\\\/interamerica-llevara-a-cabo-su-convencion-anual-de-asi-en-jamaica\\\/#primaryimage\"},\"image\":{\"@id\":\"https:\\\/\\\/interamerica.org\\\/es\\\/2023\\\/07\\\/interamerica-llevara-a-cabo-su-convencion-anual-de-asi-en-jamaica\\\/#primaryimage\"},\"thumbnailUrl\":\"https:\\\/\\\/interamerica.org\\\/wp-content\\\/uploads\\\/2023\\\/07\\\/asi.jpg\",\"datePublished\":\"2023-07-19T21:30:05+00:00\",\"dateModified\":\"2023-07-20T13:47:55+00:00\",\"author\":{\"@id\":\"https:\\\/\\\/interamerica.org\\\/es\\\/#\\\/schema\\\/person\\\/29998f2bc2d8bd0d38662909289b54f1\"},\"breadcrumb\":{\"@id\":\"https:\\\/\\\/interamerica.org\\\/es\\\/2023\\\/07\\\/interamerica-llevara-a-cabo-su-convencion-anual-de-asi-en-jamaica\\\/#breadcrumb\"},\"inLanguage\":\"es\",\"potentialAction\":[{\"@type\":\"ReadAction\",\"target\":[\"https:\\\/\\\/interamerica.org\\\/es\\\/2023\\\/07\\\/interamerica-llevara-a-cabo-su-convencion-anual-de-asi-en-jamaica\\\/\"]}]},{\"@type\":\"ImageObject\",\"inLanguage\":\"es\",\"@id\":\"https:\\\/\\\/interamerica.org\\\/es\\\/2023\\\/07\\\/interamerica-llevara-a-cabo-su-convencion-anual-de-asi-en-jamaica\\\/#primaryimage\",\"url\":\"https:\\\/\\\/interamerica.org\\\/wp-content\\\/uploads\\\/2023\\\/07\\\/asi.jpg\",\"contentUrl\":\"https:\\\/\\\/interamerica.org\\\/wp-content\\\/uploads\\\/2023\\\/07\\\/asi.jpg\",\"width\":1280,\"height\":800},{\"@type\":\"BreadcrumbList\",\"@id\":\"https:\\\/\\\/interamerica.org\\\/es\\\/2023\\\/07\\\/interamerica-llevara-a-cabo-su-convencion-anual-de-asi-en-jamaica\\\/#breadcrumb\",\"itemListElement\":[{\"@type\":\"ListItem\",\"position\":1,\"name\":\"Home\",\"item\":\"https:\\\/\\\/interamerica.org\\\/es\\\/\"},{\"@type\":\"ListItem\",\"position\":2,\"name\":\"Interam\u00e9rica llevar\u00e1 a cabo su convenci\u00f3n anual de ASi en Jamaica\"}]},{\"@type\":\"WebSite\",\"@id\":\"https:\\\/\\\/interamerica.org\\\/es\\\/#website\",\"url\":\"https:\\\/\\\/interamerica.org\\\/es\\\/\",\"name\":\"Iglesia Adventista del S\u00e9ptimo D\u00eda - Divisi\u00f3n Interamericana\",\"description\":\"\",\"potentialAction\":[{\"@type\":\"SearchAction\",\"target\":{\"@type\":\"EntryPoint\",\"urlTemplate\":\"https:\\\/\\\/interamerica.org\\\/es\\\/?s={search_term_string}\"},\"query-input\":{\"@type\":\"PropertyValueSpecification\",\"valueRequired\":true,\"valueName\":\"search_term_string\"}}],\"inLanguage\":\"es\"},{\"@type\":\"Person\",\"@id\":\"https:\\\/\\\/interamerica.org\\\/es\\\/#\\\/schema\\\/person\\\/29998f2bc2d8bd0d38662909289b54f1\",\"name\":\"libna\",\"image\":{\"@type\":\"ImageObject\",\"inLanguage\":\"es\",\"@id\":\"https:\\\/\\\/secure.gravatar.com\\\/avatar\\\/7c5bd30ae4b47a9ba3c856590957fd1d96dc588bf3ac05719d247e126840331f?s=96&d=mm&r=g\",\"url\":\"https:\\\/\\\/secure.gravatar.com\\\/avatar\\\/7c5bd30ae4b47a9ba3c856590957fd1d96dc588bf3ac05719d247e126840331f?s=96&d=mm&r=g\",\"contentUrl\":\"https:\\\/\\\/secure.gravatar.com\\\/avatar\\\/7c5bd30ae4b47a9ba3c856590957fd1d96dc588bf3ac05719d247e126840331f?s=96&d=mm&r=g\",\"caption\":\"libna\"}}]}<\/script>\n<!-- \/ Yoast SEO plugin. -->","yoast_head_json":{"title":"Interam\u00e9rica llevar\u00e1 a cabo su convenci\u00f3n anual de ASi en Jamaica - Iglesia Adventista del S\u00e9ptimo D\u00eda - Divisi\u00f3n Interamericana","robots":{"index":"index","follow":"follow","max-snippet":"max-snippet:-1","max-image-preview":"max-image-preview:large","max-video-preview":"max-video-preview:-1"},"canonical":"https:\/\/interamerica.org\/es\/2023\/07\/interamerica-llevara-a-cabo-su-convencion-anual-de-asi-en-jamaica\/","og_locale":"es_ES","og_type":"article","og_title":"Interam\u00e9rica llevar\u00e1 a cabo su convenci\u00f3n anual de ASi en Jamaica - Iglesia Adventista del S\u00e9ptimo D\u00eda - Divisi\u00f3n Interamericana","og_description":"19 de julio de 2023 | Miami, Florida, Estados Unidos | Libna Stevens, Noticias de la Divisi\u00f3n Interamericana Los Servicios e Industrias de Laicos Adventistas (ASi) de la Divisi\u00f3n Interamericana...","og_url":"https:\/\/interamerica.org\/es\/2023\/07\/interamerica-llevara-a-cabo-su-convencion-anual-de-asi-en-jamaica\/","og_site_name":"Iglesia Adventista del S\u00e9ptimo D\u00eda - Divisi\u00f3n Interamericana","article_published_time":"2023-07-19T21:30:05+00:00","article_modified_time":"2023-07-20T13:47:55+00:00","og_image":[{"width":1280,"height":800,"url":"https:\/\/interamerica.org\/wp-content\/uploads\/2023\/07\/asi.jpg","type":"image\/jpeg"}],"author":"libna","twitter_card":"summary_large_image","twitter_misc":{"Escrito por":"libna","Tiempo de lectura":"2 minutos"},"schema":{"@context":"https:\/\/schema.org","@graph":[{"@type":"Article","@id":"https:\/\/interamerica.org\/es\/2023\/07\/interamerica-llevara-a-cabo-su-convencion-anual-de-asi-en-jamaica\/#article","isPartOf":{"@id":"https:\/\/interamerica.org\/es\/2023\/07\/interamerica-llevara-a-cabo-su-convencion-anual-de-asi-en-jamaica\/"},"author":{"name":"libna","@id":"https:\/\/interamerica.org\/es\/#\/schema\/person\/29998f2bc2d8bd0d38662909289b54f1"},"headline":"Interam\u00e9rica llevar\u00e1 a cabo su convenci\u00f3n anual de ASi en Jamaica","datePublished":"2023-07-19T21:30:05+00:00","dateModified":"2023-07-20T13:47:55+00:00","mainEntityOfPage":{"@id":"https:\/\/interamerica.org\/es\/2023\/07\/interamerica-llevara-a-cabo-su-convencion-anual-de-asi-en-jamaica\/"},"wordCount":319,"image":{"@id":"https:\/\/interamerica.org\/es\/2023\/07\/interamerica-llevara-a-cabo-su-convencion-anual-de-asi-en-jamaica\/#primaryimage"},"thumbnailUrl":"https:\/\/interamerica.org\/wp-content\/uploads\/2023\/07\/asi.jpg","articleSection":["Desde la sede","RSS Espa\u00f1ol"],"inLanguage":"es"},{"@type":"WebPage","@id":"https:\/\/interamerica.org\/es\/2023\/07\/interamerica-llevara-a-cabo-su-convencion-anual-de-asi-en-jamaica\/","url":"https:\/\/interamerica.org\/es\/2023\/07\/interamerica-llevara-a-cabo-su-convencion-anual-de-asi-en-jamaica\/","name":"Interam\u00e9rica llevar\u00e1 a cabo su convenci\u00f3n anual de ASi en Jamaica - Iglesia Adventista del S\u00e9ptimo D\u00eda - Divisi\u00f3n Interamericana","isPartOf":{"@id":"https:\/\/interamerica.org\/es\/#website"},"primaryImageOfPage":{"@id":"https:\/\/interamerica.org\/es\/2023\/07\/interamerica-llevara-a-cabo-su-convencion-anual-de-asi-en-jamaica\/#primaryimage"},"image":{"@id":"https:\/\/interamerica.org\/es\/2023\/07\/interamerica-llevara-a-cabo-su-convencion-anual-de-asi-en-jamaica\/#primaryimage"},"thumbnailUrl":"https:\/\/interamerica.org\/wp-content\/uploads\/2023\/07\/asi.jpg","datePublished":"2023-07-19T21:30:05+00:00","dateModified":"2023-07-20T13:47:55+00:00","author":{"@id":"https:\/\/interamerica.org\/es\/#\/schema\/person\/29998f2bc2d8bd0d38662909289b54f1"},"breadcrumb":{"@id":"https:\/\/interamerica.org\/es\/2023\/07\/interamerica-llevara-a-cabo-su-convencion-anual-de-asi-en-jamaica\/#breadcrumb"},"inLanguage":"es","potentialAction":[{"@type":"ReadAction","target":["https:\/\/interamerica.org\/es\/2023\/07\/interamerica-llevara-a-cabo-su-convencion-anual-de-asi-en-jamaica\/"]}]},{"@type":"ImageObject","inLanguage":"es","@id":"https:\/\/interamerica.org\/es\/2023\/07\/interamerica-llevara-a-cabo-su-convencion-anual-de-asi-en-jamaica\/#primaryimage","url":"https:\/\/interamerica.org\/wp-content\/uploads\/2023\/07\/asi.jpg","contentUrl":"https:\/\/interamerica.org\/wp-content\/uploads\/2023\/07\/asi.jpg","width":1280,"height":800},{"@type":"BreadcrumbList","@id":"https:\/\/interamerica.org\/es\/2023\/07\/interamerica-llevara-a-cabo-su-convencion-anual-de-asi-en-jamaica\/#breadcrumb","itemListElement":[{"@type":"ListItem","position":1,"name":"Home","item":"https:\/\/interamerica.org\/es\/"},{"@type":"ListItem","position":2,"name":"Interam\u00e9rica llevar\u00e1 a cabo su convenci\u00f3n anual de ASi en Jamaica"}]},{"@type":"WebSite","@id":"https:\/\/interamerica.org\/es\/#website","url":"https:\/\/interamerica.org\/es\/","name":"Iglesia Adventista del S\u00e9ptimo D\u00eda - Divisi\u00f3n Interamericana","description":"","potentialAction":[{"@type":"SearchAction","target":{"@type":"EntryPoint","urlTemplate":"https:\/\/interamerica.org\/es\/?s={search_term_string}"},"query-input":{"@type":"PropertyValueSpecification","valueRequired":true,"valueName":"search_term_string"}}],"inLanguage":"es"},{"@type":"Person","@id":"https:\/\/interamerica.org\/es\/#\/schema\/person\/29998f2bc2d8bd0d38662909289b54f1","name":"libna","image":{"@type":"ImageObject","inLanguage":"es","@id":"https:\/\/secure.gravatar.com\/avatar\/7c5bd30ae4b47a9ba3c856590957fd1d96dc588bf3ac05719d247e126840331f?s=96&d=mm&r=g","url":"https:\/\/secure.gravatar.com\/avatar\/7c5bd30ae4b47a9ba3c856590957fd1d96dc588bf3ac05719d247e126840331f?s=96&d=mm&r=g","contentUrl":"https:\/\/secure.gravatar.com\/avatar\/7c5bd30ae4b47a9ba3c856590957fd1d96dc588bf3ac05719d247e126840331f?s=96&d=mm&r=g","caption":"libna"}}]}},"_links":{"self":[{"href":"https:\/\/interamerica.org\/es\/wp-json\/wp\/v2\/posts\/101049","targetHints":{"allow":["GET"]}}],"collection":[{"href":"https:\/\/interamerica.org\/es\/wp-json\/wp\/v2\/posts"}],"about":[{"href":"https:\/\/interamerica.org\/es\/wp-json\/wp\/v2\/types\/post"}],"author":[{"embeddable":true,"href":"https:\/\/interamerica.org\/es\/wp-json\/wp\/v2\/users\/3"}],"replies":[{"embeddable":true,"href":"https:\/\/interamerica.org\/es\/wp-json\/wp\/v2\/comments?post=101049"}],"version-history":[{"count":0,"href":"https:\/\/interamerica.org\/es\/wp-json\/wp\/v2\/posts\/101049\/revisions"}],"wp:featuredmedia":[{"embeddable":true,"href":"https:\/\/interamerica.org\/es\/wp-json\/wp\/v2\/media\/100711"}],"wp:attachment":[{"href":"https:\/\/interamerica.org\/es\/wp-json\/wp\/v2\/media?parent=101049"}],"wp:term":[{"taxonomy":"category","embeddable":true,"href":"https:\/\/interamerica.org\/es\/wp-json\/wp\/v2\/categories?post=101049"},{"taxonomy":"post_tag","embeddable":true,"href":"https:\/\/interamerica.org\/es\/wp-json\/wp\/v2\/tags?post=101049"}],"curies":[{"name":"wp","href":"https:\/\/api.w.org\/{rel}","templated":true}]}}