{"id":101050,"date":"2023-07-20T08:38:34","date_gmt":"2023-07-20T12:38:34","guid":{"rendered":"https:\/\/interamerica.org\/?p=101050"},"modified":"2023-07-20T14:26:41","modified_gmt":"2023-07-20T18:26:41","slug":"barry-c-black-completa-veinte-anos-como-capellan-del-senado-de-los-estados-unidos","status":"publish","type":"post","link":"https:\/\/interamerica.org\/es\/2023\/07\/barry-c-black-completa-veinte-anos-como-capellan-del-senado-de-los-estados-unidos\/","title":{"rendered":"Barry C. Black completa veinte a\u00f1os como capell\u00e1n del Senado de los Estados Unidos"},"content":{"rendered":"<p><em>Es el primer afroamericano y adventista del s\u00e9ptimo d\u00eda en ocupar ese puesto.<\/em><\/p>\n<p>20 de julio de 2023 | Silver Spring, Maryland, Estados Unidos | Marcos Paseggi, <em>Adventist Review<\/em><\/p>\n<p>Barry C. Black complete hace poco veinte a\u00f1os como capell\u00e1n del Senado de los Estados Unidos en Washington D.C. Black, que cumple 75 a\u00f1os en 2023, llev\u00f3 a ese cargo despu\u00e9s de una extensa carrera como capell\u00e1n de la Armada. Black es el primer capell\u00e1n militar, el primer adventista del s\u00e9ptimo d\u00eda, y el primer afroamericano en ocupar el cargo de capell\u00e1n del Senado de los Estados Unidos.<\/p>\n<p>Como parte de sus deberes, Black inaugura cada sesi\u00f3n del Senado con una oraci\u00f3n, pidiendo a Dios que d\u00e9 sabidur\u00eda a los legisladores. En su cargo, enfatiza, no hace acepci\u00f3n de personas o sigue agendas pol\u00edticas.<\/p>\n<p>\u201cCreo que no me identifico con ning\u00fan partido pol\u00edtico\u201d, cont\u00f3 Black en <a href=\"https:\/\/www.washingtontimes.com\/news\/2023\/jun\/27\/senate-chaplain-barry-black-marks-20-years-says-he\/\">una entrevista reciente<\/a> con el periodista Mark A. Kellner para<em> The Washington Times<\/em>. \u201cNo se espera que, con los legisladores, ponga la mente en blanco y no exprese mi opini\u00f3n sobre diversos temas. Por ello, puedo hablar y decirles lo que pienso, y me encanta tener la oportunidad de participar en ese gran di\u00e1logo\u201d.<\/p>\n<p>En 2017, Black se dirigi\u00f3 al entonces presidente Donald J. Trump y a una sala llena de l\u00edderes pol\u00edticos y civiles de los Estados Unidos, adem\u00e1s de l\u00edderes internacionales, que incluyeron al rey Abdul\u00e1 II de Jordania, durante el LXV Desayuno Nacional de la Oraci\u00f3n.<\/p>\n<p>Durante su mensaje destacado en el desayuno de la oraci\u00f3n, que fue transmitido a todo el pa\u00eds por televisi\u00f3n, Black mencion\u00f3 el tipo de relaci\u00f3n que Dios quiere tener con los que se le acercan en oraci\u00f3n, citando las palabras de Jes\u00fas a sus disc\u00edpulos en Juan 15:16, \u201cYa no os llamar\u00e9 siervos; os llamar\u00e9 amigos\u201d (par\u00e1frasis).<\/p>\n<p>Black es el segundo adventista en ser orador destacado en el desayuno, despu\u00e9s de que el ex neurocirujano y Ministro de Vivienda y Desarrollo Urbano Benjamin S. Carson Sr. Tuviera la palabra en el evento en dos ocasiones, la m\u00e1s reciente en 2013.<\/p>\n<p>Black tambi\u00e9n es un escritor bien conocido. Entre sus libros se encuentra su autobiograf\u00eda <em>From the Hood to the Hill<\/em> (Thomas Nelson, 2006), which tells his story of growing up to reach his current position.<\/p>\n<p>En 2022, Black escribi\u00f3 el libro titulado <em>Una oraci\u00f3n por nuestro pa\u00eds: Palabras para unirnos e inspirar esperanza <\/em>(Zonderkidz). Ilustrado por la artista Kim Holt, el libro de im\u00e1genes para j\u00f3venes lectores celebra las cosas que hacen que Estados Unidos de Am\u00e9rica sea \u201cun lugar fant\u00e1stico\u201d, dijo la editorial.<\/p>\n<p>\u201cCreo que una de las bendiciones m\u00e1s grandes de mi vida fue aprender a orar\u201d, dijo Black en una declaraci\u00f3n a <em>Adventist Review<\/em> para cuando se public\u00f3 su libro. \u201cMi madre y los miembros de iglesia me ense\u00f1aron por precepto y ejemplo c\u00f3mo hacer que mis susurros espirituales fueran escuchados en el cielo. Mi nuevo libro es un intento por ayudar a esta generaci\u00f3n de ni\u00f1os a que tambi\u00e9n aprenda a aprovechar al m\u00e1ximo el poder de la oraci\u00f3n\u201d.<\/p>\n<p>Quiz\u00e1 una de las oraciones m\u00e1s recordadas en el Senado de los Estados Unidos se produjo en las primeras horas del 7 de enero de 2021, un d\u00eda despu\u00e9s de los incidentes que afectaron el funcionamiento normal de la entidad. Al cerrar una sesi\u00f3n hist\u00f3rica, denunci\u00f3 la violencia e implor\u00f3 que las facciones en puga se unieran para beneficiar al pa\u00eds.<\/p>\n<p>\u201cDeploramos la profanaci\u00f3n del edificio del Capitolio de los Estados Unidos, el derramamiento de sangre inocente, la p\u00e9rdida de vidas, y el lodazal de disfunci\u00f3n que amenazan a nuestra democracia\u201d, cit\u00f3 <em>The New York Times<\/em> y otros medios nacionales ese d\u00eda. \u201cEsas tragedias nosh an recordado que las palabras son importantes, y que en la lengua se encuentra el poder de la vida y la muerte. Se nos ha advertido que la vigilancia eterna contin\u00faa siendo el precio de la libertad\u201d.<\/p>\n<p>Su hist\u00f3rica plegaria culmin\u00f3 con una solicitud especial. \u201c\u00dasanos para brindar sanaci\u00f3n y unidad a nuestra naci\u00f3n sufriente y dividida y al mundo\u201d, or\u00f3.<\/p>\n<p>Traducci\u00f3n de Marcos Paseggi<\/p>\n","protected":false},"excerpt":{"rendered":"<p>Es el primer afroamericano y adventista del s\u00e9ptimo d\u00eda en ocupar ese puesto. 20 de julio de 2023 | Silver Spring, Maryland, Estados Unidos | Marcos Paseggi, Adventist Review Barry&#8230;<\/p>\n","protected":false},"author":3,"featured_media":101027,"comment_status":"closed","ping_status":"closed","sticky":false,"template":"","format":"standard","meta":{"_acf_changed":false,"footnotes":""},"categories":[14,15],"tags":[],"class_list":["post-101050","post","type-post","status-publish","format-standard","has-post-thumbnail","hentry","category-de-la-iglesia-mundial","category-rss-espanol"],"acf":[],"yoast_head":"<!-- This site is optimized with the Yoast SEO plugin v27.3 - https:\/\/yoast.com\/product\/yoast-seo-wordpress\/ -->\n<title>Barry C. Black completa veinte a\u00f1os como capell\u00e1n del Senado de los Estados Unidos - Iglesia Adventista del S\u00e9ptimo D\u00eda - Divisi\u00f3n Interamericana<\/title>\n<meta name=\"robots\" content=\"index, follow, max-snippet:-1, max-image-preview:large, max-video-preview:-1\" \/>\n<link rel=\"canonical\" href=\"https:\/\/interamerica.org\/es\/2023\/07\/barry-c-black-completa-veinte-anos-como-capellan-del-senado-de-los-estados-unidos\/\" \/>\n<meta property=\"og:locale\" content=\"es_ES\" \/>\n<meta property=\"og:type\" content=\"article\" \/>\n<meta property=\"og:title\" content=\"Barry C. Black completa veinte a\u00f1os como capell\u00e1n del Senado de los Estados Unidos - Iglesia Adventista del S\u00e9ptimo D\u00eda - Divisi\u00f3n Interamericana\" \/>\n<meta property=\"og:description\" content=\"Es el primer afroamericano y adventista del s\u00e9ptimo d\u00eda en ocupar ese puesto. 20 de julio de 2023 | Silver Spring, Maryland, Estados Unidos | Marcos Paseggi, Adventist Review Barry...\" \/>\n<meta property=\"og:url\" content=\"https:\/\/interamerica.org\/es\/2023\/07\/barry-c-black-completa-veinte-anos-como-capellan-del-senado-de-los-estados-unidos\/\" \/>\n<meta property=\"og:site_name\" content=\"Iglesia Adventista del S\u00e9ptimo D\u00eda - Divisi\u00f3n Interamericana\" \/>\n<meta property=\"article:published_time\" content=\"2023-07-20T12:38:34+00:00\" \/>\n<meta property=\"article:modified_time\" content=\"2023-07-20T18:26:41+00:00\" \/>\n<meta property=\"og:image\" content=\"https:\/\/interamerica.org\/wp-content\/uploads\/2023\/07\/barry-black-prayer-breakfast.jpg\" \/>\n\t<meta property=\"og:image:width\" content=\"1000\" \/>\n\t<meta property=\"og:image:height\" content=\"500\" \/>\n\t<meta property=\"og:image:type\" content=\"image\/jpeg\" \/>\n<meta name=\"author\" content=\"libna\" \/>\n<meta name=\"twitter:card\" content=\"summary_large_image\" \/>\n<meta name=\"twitter:label1\" content=\"Escrito por\" \/>\n\t<meta name=\"twitter:data1\" content=\"libna\" \/>\n\t<meta name=\"twitter:label2\" content=\"Tiempo de lectura\" \/>\n\t<meta name=\"twitter:data2\" content=\"3 minutos\" \/>\n<script type=\"application\/ld+json\" class=\"yoast-schema-graph\">{\"@context\":\"https:\\\/\\\/schema.org\",\"@graph\":[{\"@type\":\"Article\",\"@id\":\"https:\\\/\\\/interamerica.org\\\/es\\\/2023\\\/07\\\/barry-c-black-completa-veinte-anos-como-capellan-del-senado-de-los-estados-unidos\\\/#article\",\"isPartOf\":{\"@id\":\"https:\\\/\\\/interamerica.org\\\/es\\\/2023\\\/07\\\/barry-c-black-completa-veinte-anos-como-capellan-del-senado-de-los-estados-unidos\\\/\"},\"author\":{\"name\":\"libna\",\"@id\":\"https:\\\/\\\/interamerica.org\\\/es\\\/#\\\/schema\\\/person\\\/29998f2bc2d8bd0d38662909289b54f1\"},\"headline\":\"Barry C. Black completa veinte a\u00f1os como capell\u00e1n del Senado de los Estados Unidos\",\"datePublished\":\"2023-07-20T12:38:34+00:00\",\"dateModified\":\"2023-07-20T18:26:41+00:00\",\"mainEntityOfPage\":{\"@id\":\"https:\\\/\\\/interamerica.org\\\/es\\\/2023\\\/07\\\/barry-c-black-completa-veinte-anos-como-capellan-del-senado-de-los-estados-unidos\\\/\"},\"wordCount\":748,\"image\":{\"@id\":\"https:\\\/\\\/interamerica.org\\\/es\\\/2023\\\/07\\\/barry-c-black-completa-veinte-anos-como-capellan-del-senado-de-los-estados-unidos\\\/#primaryimage\"},\"thumbnailUrl\":\"https:\\\/\\\/interamerica.org\\\/wp-content\\\/uploads\\\/2023\\\/07\\\/barry-black-prayer-breakfast.jpg\",\"articleSection\":[\"Desde la iglesia mundial\",\"RSS Espa\u00f1ol\"],\"inLanguage\":\"es\"},{\"@type\":\"WebPage\",\"@id\":\"https:\\\/\\\/interamerica.org\\\/es\\\/2023\\\/07\\\/barry-c-black-completa-veinte-anos-como-capellan-del-senado-de-los-estados-unidos\\\/\",\"url\":\"https:\\\/\\\/interamerica.org\\\/es\\\/2023\\\/07\\\/barry-c-black-completa-veinte-anos-como-capellan-del-senado-de-los-estados-unidos\\\/\",\"name\":\"Barry C. Black completa veinte a\u00f1os como capell\u00e1n del Senado de los Estados Unidos - Iglesia Adventista del S\u00e9ptimo D\u00eda - Divisi\u00f3n Interamericana\",\"isPartOf\":{\"@id\":\"https:\\\/\\\/interamerica.org\\\/es\\\/#website\"},\"primaryImageOfPage\":{\"@id\":\"https:\\\/\\\/interamerica.org\\\/es\\\/2023\\\/07\\\/barry-c-black-completa-veinte-anos-como-capellan-del-senado-de-los-estados-unidos\\\/#primaryimage\"},\"image\":{\"@id\":\"https:\\\/\\\/interamerica.org\\\/es\\\/2023\\\/07\\\/barry-c-black-completa-veinte-anos-como-capellan-del-senado-de-los-estados-unidos\\\/#primaryimage\"},\"thumbnailUrl\":\"https:\\\/\\\/interamerica.org\\\/wp-content\\\/uploads\\\/2023\\\/07\\\/barry-black-prayer-breakfast.jpg\",\"datePublished\":\"2023-07-20T12:38:34+00:00\",\"dateModified\":\"2023-07-20T18:26:41+00:00\",\"author\":{\"@id\":\"https:\\\/\\\/interamerica.org\\\/es\\\/#\\\/schema\\\/person\\\/29998f2bc2d8bd0d38662909289b54f1\"},\"breadcrumb\":{\"@id\":\"https:\\\/\\\/interamerica.org\\\/es\\\/2023\\\/07\\\/barry-c-black-completa-veinte-anos-como-capellan-del-senado-de-los-estados-unidos\\\/#breadcrumb\"},\"inLanguage\":\"es\",\"potentialAction\":[{\"@type\":\"ReadAction\",\"target\":[\"https:\\\/\\\/interamerica.org\\\/es\\\/2023\\\/07\\\/barry-c-black-completa-veinte-anos-como-capellan-del-senado-de-los-estados-unidos\\\/\"]}]},{\"@type\":\"ImageObject\",\"inLanguage\":\"es\",\"@id\":\"https:\\\/\\\/interamerica.org\\\/es\\\/2023\\\/07\\\/barry-c-black-completa-veinte-anos-como-capellan-del-senado-de-los-estados-unidos\\\/#primaryimage\",\"url\":\"https:\\\/\\\/interamerica.org\\\/wp-content\\\/uploads\\\/2023\\\/07\\\/barry-black-prayer-breakfast.jpg\",\"contentUrl\":\"https:\\\/\\\/interamerica.org\\\/wp-content\\\/uploads\\\/2023\\\/07\\\/barry-black-prayer-breakfast.jpg\",\"width\":1000,\"height\":500,\"caption\":\"U.S. Senate chaplain Barry C. Black addresses then President Donald Trump and American political and civic leaders during the 65th National Prayer Breakfast in 2017. [Photo: screenshot by Adventist Review]\"},{\"@type\":\"BreadcrumbList\",\"@id\":\"https:\\\/\\\/interamerica.org\\\/es\\\/2023\\\/07\\\/barry-c-black-completa-veinte-anos-como-capellan-del-senado-de-los-estados-unidos\\\/#breadcrumb\",\"itemListElement\":[{\"@type\":\"ListItem\",\"position\":1,\"name\":\"Home\",\"item\":\"https:\\\/\\\/interamerica.org\\\/es\\\/\"},{\"@type\":\"ListItem\",\"position\":2,\"name\":\"Barry C. Black completa veinte a\u00f1os como capell\u00e1n del Senado de los Estados Unidos\"}]},{\"@type\":\"WebSite\",\"@id\":\"https:\\\/\\\/interamerica.org\\\/es\\\/#website\",\"url\":\"https:\\\/\\\/interamerica.org\\\/es\\\/\",\"name\":\"Iglesia Adventista del S\u00e9ptimo D\u00eda - Divisi\u00f3n Interamericana\",\"description\":\"\",\"potentialAction\":[{\"@type\":\"SearchAction\",\"target\":{\"@type\":\"EntryPoint\",\"urlTemplate\":\"https:\\\/\\\/interamerica.org\\\/es\\\/?s={search_term_string}\"},\"query-input\":{\"@type\":\"PropertyValueSpecification\",\"valueRequired\":true,\"valueName\":\"search_term_string\"}}],\"inLanguage\":\"es\"},{\"@type\":\"Person\",\"@id\":\"https:\\\/\\\/interamerica.org\\\/es\\\/#\\\/schema\\\/person\\\/29998f2bc2d8bd0d38662909289b54f1\",\"name\":\"libna\",\"image\":{\"@type\":\"ImageObject\",\"inLanguage\":\"es\",\"@id\":\"https:\\\/\\\/secure.gravatar.com\\\/avatar\\\/7c5bd30ae4b47a9ba3c856590957fd1d96dc588bf3ac05719d247e126840331f?s=96&d=mm&r=g\",\"url\":\"https:\\\/\\\/secure.gravatar.com\\\/avatar\\\/7c5bd30ae4b47a9ba3c856590957fd1d96dc588bf3ac05719d247e126840331f?s=96&d=mm&r=g\",\"contentUrl\":\"https:\\\/\\\/secure.gravatar.com\\\/avatar\\\/7c5bd30ae4b47a9ba3c856590957fd1d96dc588bf3ac05719d247e126840331f?s=96&d=mm&r=g\",\"caption\":\"libna\"}}]}<\/script>\n<!-- \/ Yoast SEO plugin. -->","yoast_head_json":{"title":"Barry C. Black completa veinte a\u00f1os como capell\u00e1n del Senado de los Estados Unidos - Iglesia Adventista del S\u00e9ptimo D\u00eda - Divisi\u00f3n Interamericana","robots":{"index":"index","follow":"follow","max-snippet":"max-snippet:-1","max-image-preview":"max-image-preview:large","max-video-preview":"max-video-preview:-1"},"canonical":"https:\/\/interamerica.org\/es\/2023\/07\/barry-c-black-completa-veinte-anos-como-capellan-del-senado-de-los-estados-unidos\/","og_locale":"es_ES","og_type":"article","og_title":"Barry C. Black completa veinte a\u00f1os como capell\u00e1n del Senado de los Estados Unidos - Iglesia Adventista del S\u00e9ptimo D\u00eda - Divisi\u00f3n Interamericana","og_description":"Es el primer afroamericano y adventista del s\u00e9ptimo d\u00eda en ocupar ese puesto. 20 de julio de 2023 | Silver Spring, Maryland, Estados Unidos | Marcos Paseggi, Adventist Review Barry...","og_url":"https:\/\/interamerica.org\/es\/2023\/07\/barry-c-black-completa-veinte-anos-como-capellan-del-senado-de-los-estados-unidos\/","og_site_name":"Iglesia Adventista del S\u00e9ptimo D\u00eda - Divisi\u00f3n Interamericana","article_published_time":"2023-07-20T12:38:34+00:00","article_modified_time":"2023-07-20T18:26:41+00:00","og_image":[{"width":1000,"height":500,"url":"https:\/\/interamerica.org\/wp-content\/uploads\/2023\/07\/barry-black-prayer-breakfast.jpg","type":"image\/jpeg"}],"author":"libna","twitter_card":"summary_large_image","twitter_misc":{"Escrito por":"libna","Tiempo de lectura":"3 minutos"},"schema":{"@context":"https:\/\/schema.org","@graph":[{"@type":"Article","@id":"https:\/\/interamerica.org\/es\/2023\/07\/barry-c-black-completa-veinte-anos-como-capellan-del-senado-de-los-estados-unidos\/#article","isPartOf":{"@id":"https:\/\/interamerica.org\/es\/2023\/07\/barry-c-black-completa-veinte-anos-como-capellan-del-senado-de-los-estados-unidos\/"},"author":{"name":"libna","@id":"https:\/\/interamerica.org\/es\/#\/schema\/person\/29998f2bc2d8bd0d38662909289b54f1"},"headline":"Barry C. Black completa veinte a\u00f1os como capell\u00e1n del Senado de los Estados Unidos","datePublished":"2023-07-20T12:38:34+00:00","dateModified":"2023-07-20T18:26:41+00:00","mainEntityOfPage":{"@id":"https:\/\/interamerica.org\/es\/2023\/07\/barry-c-black-completa-veinte-anos-como-capellan-del-senado-de-los-estados-unidos\/"},"wordCount":748,"image":{"@id":"https:\/\/interamerica.org\/es\/2023\/07\/barry-c-black-completa-veinte-anos-como-capellan-del-senado-de-los-estados-unidos\/#primaryimage"},"thumbnailUrl":"https:\/\/interamerica.org\/wp-content\/uploads\/2023\/07\/barry-black-prayer-breakfast.jpg","articleSection":["Desde la iglesia mundial","RSS Espa\u00f1ol"],"inLanguage":"es"},{"@type":"WebPage","@id":"https:\/\/interamerica.org\/es\/2023\/07\/barry-c-black-completa-veinte-anos-como-capellan-del-senado-de-los-estados-unidos\/","url":"https:\/\/interamerica.org\/es\/2023\/07\/barry-c-black-completa-veinte-anos-como-capellan-del-senado-de-los-estados-unidos\/","name":"Barry C. Black completa veinte a\u00f1os como capell\u00e1n del Senado de los Estados Unidos - Iglesia Adventista del S\u00e9ptimo D\u00eda - Divisi\u00f3n Interamericana","isPartOf":{"@id":"https:\/\/interamerica.org\/es\/#website"},"primaryImageOfPage":{"@id":"https:\/\/interamerica.org\/es\/2023\/07\/barry-c-black-completa-veinte-anos-como-capellan-del-senado-de-los-estados-unidos\/#primaryimage"},"image":{"@id":"https:\/\/interamerica.org\/es\/2023\/07\/barry-c-black-completa-veinte-anos-como-capellan-del-senado-de-los-estados-unidos\/#primaryimage"},"thumbnailUrl":"https:\/\/interamerica.org\/wp-content\/uploads\/2023\/07\/barry-black-prayer-breakfast.jpg","datePublished":"2023-07-20T12:38:34+00:00","dateModified":"2023-07-20T18:26:41+00:00","author":{"@id":"https:\/\/interamerica.org\/es\/#\/schema\/person\/29998f2bc2d8bd0d38662909289b54f1"},"breadcrumb":{"@id":"https:\/\/interamerica.org\/es\/2023\/07\/barry-c-black-completa-veinte-anos-como-capellan-del-senado-de-los-estados-unidos\/#breadcrumb"},"inLanguage":"es","potentialAction":[{"@type":"ReadAction","target":["https:\/\/interamerica.org\/es\/2023\/07\/barry-c-black-completa-veinte-anos-como-capellan-del-senado-de-los-estados-unidos\/"]}]},{"@type":"ImageObject","inLanguage":"es","@id":"https:\/\/interamerica.org\/es\/2023\/07\/barry-c-black-completa-veinte-anos-como-capellan-del-senado-de-los-estados-unidos\/#primaryimage","url":"https:\/\/interamerica.org\/wp-content\/uploads\/2023\/07\/barry-black-prayer-breakfast.jpg","contentUrl":"https:\/\/interamerica.org\/wp-content\/uploads\/2023\/07\/barry-black-prayer-breakfast.jpg","width":1000,"height":500,"caption":"U.S. Senate chaplain Barry C. Black addresses then President Donald Trump and American political and civic leaders during the 65th National Prayer Breakfast in 2017. [Photo: screenshot by Adventist Review]"},{"@type":"BreadcrumbList","@id":"https:\/\/interamerica.org\/es\/2023\/07\/barry-c-black-completa-veinte-anos-como-capellan-del-senado-de-los-estados-unidos\/#breadcrumb","itemListElement":[{"@type":"ListItem","position":1,"name":"Home","item":"https:\/\/interamerica.org\/es\/"},{"@type":"ListItem","position":2,"name":"Barry C. Black completa veinte a\u00f1os como capell\u00e1n del Senado de los Estados Unidos"}]},{"@type":"WebSite","@id":"https:\/\/interamerica.org\/es\/#website","url":"https:\/\/interamerica.org\/es\/","name":"Iglesia Adventista del S\u00e9ptimo D\u00eda - Divisi\u00f3n Interamericana","description":"","potentialAction":[{"@type":"SearchAction","target":{"@type":"EntryPoint","urlTemplate":"https:\/\/interamerica.org\/es\/?s={search_term_string}"},"query-input":{"@type":"PropertyValueSpecification","valueRequired":true,"valueName":"search_term_string"}}],"inLanguage":"es"},{"@type":"Person","@id":"https:\/\/interamerica.org\/es\/#\/schema\/person\/29998f2bc2d8bd0d38662909289b54f1","name":"libna","image":{"@type":"ImageObject","inLanguage":"es","@id":"https:\/\/secure.gravatar.com\/avatar\/7c5bd30ae4b47a9ba3c856590957fd1d96dc588bf3ac05719d247e126840331f?s=96&d=mm&r=g","url":"https:\/\/secure.gravatar.com\/avatar\/7c5bd30ae4b47a9ba3c856590957fd1d96dc588bf3ac05719d247e126840331f?s=96&d=mm&r=g","contentUrl":"https:\/\/secure.gravatar.com\/avatar\/7c5bd30ae4b47a9ba3c856590957fd1d96dc588bf3ac05719d247e126840331f?s=96&d=mm&r=g","caption":"libna"}}]}},"_links":{"self":[{"href":"https:\/\/interamerica.org\/es\/wp-json\/wp\/v2\/posts\/101050","targetHints":{"allow":["GET"]}}],"collection":[{"href":"https:\/\/interamerica.org\/es\/wp-json\/wp\/v2\/posts"}],"about":[{"href":"https:\/\/interamerica.org\/es\/wp-json\/wp\/v2\/types\/post"}],"author":[{"embeddable":true,"href":"https:\/\/interamerica.org\/es\/wp-json\/wp\/v2\/users\/3"}],"replies":[{"embeddable":true,"href":"https:\/\/interamerica.org\/es\/wp-json\/wp\/v2\/comments?post=101050"}],"version-history":[{"count":0,"href":"https:\/\/interamerica.org\/es\/wp-json\/wp\/v2\/posts\/101050\/revisions"}],"wp:featuredmedia":[{"embeddable":true,"href":"https:\/\/interamerica.org\/es\/wp-json\/wp\/v2\/media\/101027"}],"wp:attachment":[{"href":"https:\/\/interamerica.org\/es\/wp-json\/wp\/v2\/media?parent=101050"}],"wp:term":[{"taxonomy":"category","embeddable":true,"href":"https:\/\/interamerica.org\/es\/wp-json\/wp\/v2\/categories?post=101050"},{"taxonomy":"post_tag","embeddable":true,"href":"https:\/\/interamerica.org\/es\/wp-json\/wp\/v2\/tags?post=101050"}],"curies":[{"name":"wp","href":"https:\/\/api.w.org\/{rel}","templated":true}]}}