{"id":101080,"date":"2023-07-20T18:43:44","date_gmt":"2023-07-20T22:43:44","guid":{"rendered":"https:\/\/interamerica.org\/?p=101080"},"modified":"2023-07-21T13:54:55","modified_gmt":"2023-07-21T17:54:55","slug":"america-tierra-de-libertad","status":"publish","type":"post","link":"https:\/\/interamerica.org\/es\/2023\/07\/america-tierra-de-libertad\/","title":{"rendered":"Am\u00e9rica, Tierra de Libertad"},"content":{"rendered":"<p>20 de julio del 2023 | Silver Spring, Maryland, Estados Unidos | Ted N.C. Wilson, President de la Asociaci\u00f3n General de los Adventistas del S\u00e9ptimo D\u00eda<\/p>\n<p><b>Ted Wilson (TW): <\/b><span style=\"font-weight: 400;\">Hola amigos. Durante las \u00faltimas semanas, mientras le\u00edamos el libro <\/span><i><span style=\"font-weight: 400;\">El Conflicto de los Siglos<\/span><\/i><span style=\"font-weight: 400;\">, vimos c\u00f3mo los valdenses, Juan Wiclef, Hus y Jer\u00f3nimo, Mart\u00edn Lutero y muchos otros llevaron la luz de la verdad a medida que La Reforma se extend\u00eda por toda Europa. M\u00e1s recientemente, vimos c\u00f3mo el rechazo de la verdad b\u00edblica condujo a un terrible derramamiento de sangre durante la Revoluci\u00f3n Francesa.<\/span><\/p>\n<p><b>Nancy Wilson (NW):<\/b><span style=\"font-weight: 400;\"> Hoy veremos lo que les sucedi\u00f3 a los creyentes fieles en el pa\u00eds de Inglaterra y c\u00f3mo la persecuci\u00f3n los llev\u00f3 a buscar refugio en un lugar donde pudieran adorar libremente. Conocidos como los \u00abpuritanos\u00bb, estas personas fieles no aceptaban muchas de las costumbres y ceremonias no b\u00edblicas de Roma que todav\u00eda formaban parte de la Iglesia de Inglaterra.<\/span><\/p>\n<p><b>TW: <\/b><span style=\"font-weight: 400;\">Dado que la Iglesia estaba unida con el Estado, ten\u00eda la autoridad de ordenar a las personas que asistieran a sus servicios. No se permit\u00eda la disidencia y se prohib\u00edan las reuniones no autorizadas para el culto religioso, bajo pena de prisi\u00f3n, destierro y muerte. Leemos en <\/span><i><span style=\"font-weight: 400;\">El Conflicto de los Siglos<\/span><\/i><span style=\"font-weight: 400;\">, <\/span><span style=\"font-weight: 400;\">\u201cA principios del siglo XVII el monarca que acababa de subir al trono de Inglaterra declar\u00f3 que estaba resuelto a hacer que los puritanos \u201cse conformaran, o\u2026 que fueran expulsados del pa\u00eds, o tratados todav\u00eda peor\u201d (CS 292.2).<\/span><span style=\"font-weight: 400;\"> Como muchos del pueblo fiel de Dios hab\u00edan experimentado en d\u00edas anteriores, estos creyentes ahora eran cazados, perseguidos y encarcelados por su fe.<\/span><\/p>\n<p><b>NW:<\/b><span style=\"font-weight: 400;\"> Algunas de estas queridas personas decidieron huir de su pa\u00eds. Dejando atr\u00e1s sus hogares y todo lo dem\u00e1s, encontraron refugio temporal en Holanda. Despu\u00e9s de algunos a\u00f1os, nuevamente buscaron una mejor tierra, esta vez yendo a un lugar que les ofreciera m\u00e1s oportunidades y a\u00fan m\u00e1s libertad. Elena G. de White escribe: <\/span><span style=\"font-weight: 400;\">\u201cConfiaban en las promesas del Se\u00f1or, el cual no los olvid\u00f3 en el tiempo de la prueba. Sus \u00e1ngeles estaban a su lado para animarlos y sostenerlos. Y cuando les pareci\u00f3 ver la mano de Dios se\u00f1al\u00e1ndoles hacia m\u00e1s all\u00e1 del mar una tierra en donde podr\u00edan fundar un estado, y dejar a sus hijos el precioso legado de la libertad religiosa, avanzaron sin miedo por el camino que la Providencia les indicaba (CS 293.1).<\/span><\/p>\n<p><b>TW:<\/b><span style=\"font-weight: 400;\"> Cuando se separaron de la Iglesia de Inglaterra, los puritanos se unieron por un convenio solemne, como el pueblo libre del Se\u00f1or, <\/span><span style=\"font-weight: 400;\">\u201cpara andar juntos en todos sus caminos que les hab\u00eda hecho conocer, o en los que \u00e9l les notificase\u201d (J. Brown, The Pilgrim Fathers, 74).<\/span><span style=\"font-weight: 400;\"> Este era un principio vital del protestantismo: Caminar en la voluntad revelada del Se\u00f1or, con el entendimiento de que se puede revelar m\u00e1s a trav\u00e9s de Su Palabra. Fue con esta promesa en sus corazones que los peregrinos dejaron Holanda para encontrar un hogar en lo que entonces se llamaba el \u00abNuevo Mundo\u00bb.<\/span><\/p>\n<p><b>NW:<\/b><span style=\"font-weight: 400;\"> Los peregrinos anhelaban tener una verdadera libertad religiosa para ellos y para sus hijos, y este gran anhelo los ayud\u00f3 a afrontar el largo viaje a trav\u00e9s del mar y a soportar las penalidades y los peligros de desembarcar en una tierra desconocida. Lamentablemente, sin embargo, a pesar de lo honestos y temerosos de Dios que eran, los peregrinos a\u00fan no entend\u00edan la verdadera libertad religiosa. La libertad por la que tanto sacrificaron para obtenerla, no estaban dispuestos a d\u00e1rsela a los dem\u00e1s.<\/span><\/p>\n<p><b>TW:<\/b><span style=\"font-weight: 400;\"> Los colonos adoptaron una regulaci\u00f3n seg\u00fan la cual solo los miembros de la iglesia pod\u00edan participar en su nuevo gobierno civil. Se form\u00f3 una especie de iglesia estatal, y todas las personas deb\u00edan contribuir a un fondo para mantener al clero. Peor a\u00fan, los magistrados fueron autorizados a reprimir la herej\u00eda, lo que condujo a m\u00e1s persecuci\u00f3n, esta vez en las colonias reci\u00e9n formadas de Am\u00e9rica.<\/span><\/p>\n<p><b>NW:<\/b><span style=\"font-weight: 400;\"> Once a\u00f1os despu\u00e9s de que se formara la primera colonia, un hombre llamado Roger Williams lleg\u00f3 a las costas de Am\u00e9rica. Al igual que los peregrinos anteriores, vino por la libertad religiosa, pero cre\u00eda que esta libertad deber\u00eda estar disponible para todos, independientemente de lo que creyeran. Tambi\u00e9n ense\u00f1\u00f3 que la religi\u00f3n y el gobierno deber\u00edan estar separados y que era <\/span><span style=\"font-weight: 400;\">\u201cdeber de los magistrados restringir el crimen, mas nunca regir la conciencia\u201d (295.1).<\/span><\/p>\n<p><b>TW:<\/b><span style=\"font-weight: 400;\"> Aunque hab\u00edan experimentado una persecuci\u00f3n similar en Inglaterra, los colonos requer\u00edan que todos asistieran a los servicios de su iglesia reci\u00e9n establecida, o ser\u00edan multados o encarcelados. Roger Williams fue un hombre \u00edntegro, respetado y amado como ministro fiel. Sin embargo, debido a que habl\u00f3 en contra de estas claras violaciones de la libertad religiosa, fue sentenciado al destierro.<\/span><\/p>\n<p><span style=\"font-weight: 400;\">Durante el tormentoso invierno, se vio obligado a huir a los bosques donde encontr\u00f3 refugio en un \u00e1rbol hueco. Despu\u00e9s de algunas semanas, se nos dice, <\/span><span style=\"font-weight: 400;\">\u201cencontr\u00f3 refugio en una tribu (nativa Americana) cuya confianza y afecto se hab\u00eda ganado esforz\u00e1ndose por darles a conocer las verdades del evangelio. (CS 296.2).<\/span><\/p>\n<p><b>NW:<\/b><span style=\"font-weight: 400;\"> A trav\u00e9s de la providencia de Dios, Roger Williams finalmente pudo establecer una nueva colonia donde a todos se les dio total libertad religiosa, y la iglesia y el estado se mantuvieron separados. En 1643, Williams viaj\u00f3 a Inglaterra y se le concedi\u00f3 una carta para la nueva colonia, a la que llam\u00f3 Rhode Island. La nueva colonia se convirti\u00f3 en un lugar de refugio para muchos y, finalmente, sus principios fundamentales de libertad civil y religiosa se convirtieron en las piedras angulares de la Rep\u00fablica Americana.<\/span><\/p>\n<p><b>TW:<\/b><span style=\"font-weight: 400;\"> Sin embargo, a medida que pasaba el tiempo, la fe simple y basada en la Biblia de los primeros colonos comenz\u00f3 a desvanecerse y la religi\u00f3n volvi\u00f3 a degenerar en formalismo. A medida que la Biblia estaba cada vez m\u00e1s disponible, menos personas la le\u00edan y las opiniones de los hombres se hicieron m\u00e1s prominentes. Las teor\u00edas humanas fueron sustituidas por las ense\u00f1anzas de la Palabra de Dios. Sin embargo, <\/span><b>Isa\u00edas 40:8<\/b><span style=\"font-weight: 400;\"> nos asegura que <\/span><b>\u201cS\u00e9case la hierba, march\u00edtase la flor; mas la palabra del Dios nuestro permanece para siempre\u201d.<\/b><span style=\"font-weight: 400;\"> Como veremos en nuestro pr\u00f3ximo video, la Palabra de Dios estaba a punto de cumplirse de la manera m\u00e1s magn\u00edfica. Pero antes de terminar, tengamos juntos una palabra de oraci\u00f3n, ahora mismo.<\/span><\/p>\n<p><span style=\"font-weight: 400;\">Padre Celestial, te agradecemos por la clara comprensi\u00f3n de la separaci\u00f3n de la iglesia y el Estado, de la importancia de la libertad religiosa y la libertad de conciencia. Gracias por personas como Roger Williams, quien fue capaz de establecer un lugar que le dio a la gente total libertad religiosa. Gracias por la libertad religiosa que disfrutamos. Dondequiera que sea en este mundo, Se\u00f1or, te agradecemos por esta maravillosa oportunidad de poder adorarte de acuerdo con los dictados de nuestra conciencia y la Palabra de Dios. Gracias por escucharnos en esta oraci\u00f3n y ay\u00fadanos a valorar cada d\u00eda la maravillosa libertad que nos ha sido dada de tu mano y la libertad religiosa que debemos promover de manera poderosa para ayudar a las personas a comprender que solo a trav\u00e9s del amor y una conciencia pura y comprensiva debemos adorarte en toda santidad. Gracias por escucharnos. En el nombre de Jes\u00fas, Am\u00e9n.<\/span><\/p>\n<p><iframe title=\"Am\u00e9rica, Tierra de Libertad \/ Pastor Ted Wilson y Nancy Wilson\" width=\"500\" height=\"281\" src=\"https:\/\/www.youtube.com\/embed\/Xn3ZkDks7sA?feature=oembed\" frameborder=\"0\" allow=\"accelerometer; autoplay; clipboard-write; encrypted-media; gyroscope; picture-in-picture; web-share\" referrerpolicy=\"strict-origin-when-cross-origin\" allowfullscreen><\/iframe><\/p>\n","protected":false},"excerpt":{"rendered":"<p>20 de julio del 2023 | Silver Spring, Maryland, Estados Unidos | Ted N.C. Wilson, President de la Asociaci\u00f3n General de los Adventistas del S\u00e9ptimo D\u00eda Ted Wilson (TW): Hola&#8230;<\/p>\n","protected":false},"author":3,"featured_media":101145,"comment_status":"closed","ping_status":"closed","sticky":false,"template":"","format":"standard","meta":{"_acf_changed":false,"footnotes":""},"categories":[14,15],"tags":[],"class_list":["post-101080","post","type-post","status-publish","format-standard","has-post-thumbnail","hentry","category-de-la-iglesia-mundial","category-rss-espanol"],"acf":[],"yoast_head":"<!-- This site is optimized with the Yoast SEO plugin v27.3 - https:\/\/yoast.com\/product\/yoast-seo-wordpress\/ -->\n<title>Am\u00e9rica, Tierra de Libertad - Iglesia Adventista del S\u00e9ptimo D\u00eda - Divisi\u00f3n Interamericana<\/title>\n<meta name=\"robots\" content=\"index, follow, max-snippet:-1, max-image-preview:large, max-video-preview:-1\" \/>\n<link rel=\"canonical\" href=\"https:\/\/interamerica.org\/es\/2023\/07\/america-tierra-de-libertad\/\" \/>\n<meta property=\"og:locale\" content=\"es_ES\" \/>\n<meta property=\"og:type\" content=\"article\" \/>\n<meta property=\"og:title\" content=\"Am\u00e9rica, Tierra de Libertad - Iglesia Adventista del S\u00e9ptimo D\u00eda - Divisi\u00f3n Interamericana\" \/>\n<meta property=\"og:description\" content=\"20 de julio del 2023 | Silver Spring, Maryland, Estados Unidos | Ted N.C. Wilson, President de la Asociaci\u00f3n General de los Adventistas del S\u00e9ptimo D\u00eda Ted Wilson (TW): Hola...\" \/>\n<meta property=\"og:url\" content=\"https:\/\/interamerica.org\/es\/2023\/07\/america-tierra-de-libertad\/\" \/>\n<meta property=\"og:site_name\" content=\"Iglesia Adventista del S\u00e9ptimo D\u00eda - Divisi\u00f3n Interamericana\" \/>\n<meta property=\"article:published_time\" content=\"2023-07-20T22:43:44+00:00\" \/>\n<meta property=\"article:modified_time\" content=\"2023-07-21T17:54:55+00:00\" \/>\n<meta property=\"og:image\" content=\"https:\/\/interamerica.org\/wp-content\/uploads\/2023\/07\/the-pilgrim-fathers-es.jpg\" \/>\n\t<meta property=\"og:image:width\" content=\"1334\" \/>\n\t<meta property=\"og:image:height\" content=\"750\" \/>\n\t<meta property=\"og:image:type\" content=\"image\/jpeg\" \/>\n<meta name=\"author\" content=\"libna\" \/>\n<meta name=\"twitter:card\" content=\"summary_large_image\" \/>\n<meta name=\"twitter:label1\" content=\"Escrito por\" \/>\n\t<meta name=\"twitter:data1\" content=\"libna\" \/>\n\t<meta name=\"twitter:label2\" content=\"Tiempo de lectura\" \/>\n\t<meta name=\"twitter:data2\" content=\"6 minutos\" \/>\n<script type=\"application\/ld+json\" class=\"yoast-schema-graph\">{\"@context\":\"https:\\\/\\\/schema.org\",\"@graph\":[{\"@type\":\"Article\",\"@id\":\"https:\\\/\\\/interamerica.org\\\/es\\\/2023\\\/07\\\/america-tierra-de-libertad\\\/#article\",\"isPartOf\":{\"@id\":\"https:\\\/\\\/interamerica.org\\\/es\\\/2023\\\/07\\\/america-tierra-de-libertad\\\/\"},\"author\":{\"name\":\"libna\",\"@id\":\"https:\\\/\\\/interamerica.org\\\/es\\\/#\\\/schema\\\/person\\\/29998f2bc2d8bd0d38662909289b54f1\"},\"headline\":\"Am\u00e9rica, Tierra de Libertad\",\"datePublished\":\"2023-07-20T22:43:44+00:00\",\"dateModified\":\"2023-07-21T17:54:55+00:00\",\"mainEntityOfPage\":{\"@id\":\"https:\\\/\\\/interamerica.org\\\/es\\\/2023\\\/07\\\/america-tierra-de-libertad\\\/\"},\"wordCount\":1303,\"image\":{\"@id\":\"https:\\\/\\\/interamerica.org\\\/es\\\/2023\\\/07\\\/america-tierra-de-libertad\\\/#primaryimage\"},\"thumbnailUrl\":\"https:\\\/\\\/interamerica.org\\\/wp-content\\\/uploads\\\/2023\\\/07\\\/the-pilgrim-fathers-es.jpg\",\"articleSection\":[\"Desde la iglesia mundial\",\"RSS Espa\u00f1ol\"],\"inLanguage\":\"es\"},{\"@type\":\"WebPage\",\"@id\":\"https:\\\/\\\/interamerica.org\\\/es\\\/2023\\\/07\\\/america-tierra-de-libertad\\\/\",\"url\":\"https:\\\/\\\/interamerica.org\\\/es\\\/2023\\\/07\\\/america-tierra-de-libertad\\\/\",\"name\":\"Am\u00e9rica, Tierra de Libertad - Iglesia Adventista del S\u00e9ptimo D\u00eda - Divisi\u00f3n Interamericana\",\"isPartOf\":{\"@id\":\"https:\\\/\\\/interamerica.org\\\/es\\\/#website\"},\"primaryImageOfPage\":{\"@id\":\"https:\\\/\\\/interamerica.org\\\/es\\\/2023\\\/07\\\/america-tierra-de-libertad\\\/#primaryimage\"},\"image\":{\"@id\":\"https:\\\/\\\/interamerica.org\\\/es\\\/2023\\\/07\\\/america-tierra-de-libertad\\\/#primaryimage\"},\"thumbnailUrl\":\"https:\\\/\\\/interamerica.org\\\/wp-content\\\/uploads\\\/2023\\\/07\\\/the-pilgrim-fathers-es.jpg\",\"datePublished\":\"2023-07-20T22:43:44+00:00\",\"dateModified\":\"2023-07-21T17:54:55+00:00\",\"author\":{\"@id\":\"https:\\\/\\\/interamerica.org\\\/es\\\/#\\\/schema\\\/person\\\/29998f2bc2d8bd0d38662909289b54f1\"},\"breadcrumb\":{\"@id\":\"https:\\\/\\\/interamerica.org\\\/es\\\/2023\\\/07\\\/america-tierra-de-libertad\\\/#breadcrumb\"},\"inLanguage\":\"es\",\"potentialAction\":[{\"@type\":\"ReadAction\",\"target\":[\"https:\\\/\\\/interamerica.org\\\/es\\\/2023\\\/07\\\/america-tierra-de-libertad\\\/\"]}]},{\"@type\":\"ImageObject\",\"inLanguage\":\"es\",\"@id\":\"https:\\\/\\\/interamerica.org\\\/es\\\/2023\\\/07\\\/america-tierra-de-libertad\\\/#primaryimage\",\"url\":\"https:\\\/\\\/interamerica.org\\\/wp-content\\\/uploads\\\/2023\\\/07\\\/the-pilgrim-fathers-es.jpg\",\"contentUrl\":\"https:\\\/\\\/interamerica.org\\\/wp-content\\\/uploads\\\/2023\\\/07\\\/the-pilgrim-fathers-es.jpg\",\"width\":1334,\"height\":750},{\"@type\":\"BreadcrumbList\",\"@id\":\"https:\\\/\\\/interamerica.org\\\/es\\\/2023\\\/07\\\/america-tierra-de-libertad\\\/#breadcrumb\",\"itemListElement\":[{\"@type\":\"ListItem\",\"position\":1,\"name\":\"Home\",\"item\":\"https:\\\/\\\/interamerica.org\\\/es\\\/\"},{\"@type\":\"ListItem\",\"position\":2,\"name\":\"Am\u00e9rica, Tierra de Libertad\"}]},{\"@type\":\"WebSite\",\"@id\":\"https:\\\/\\\/interamerica.org\\\/es\\\/#website\",\"url\":\"https:\\\/\\\/interamerica.org\\\/es\\\/\",\"name\":\"Iglesia Adventista del S\u00e9ptimo D\u00eda - Divisi\u00f3n Interamericana\",\"description\":\"\",\"potentialAction\":[{\"@type\":\"SearchAction\",\"target\":{\"@type\":\"EntryPoint\",\"urlTemplate\":\"https:\\\/\\\/interamerica.org\\\/es\\\/?s={search_term_string}\"},\"query-input\":{\"@type\":\"PropertyValueSpecification\",\"valueRequired\":true,\"valueName\":\"search_term_string\"}}],\"inLanguage\":\"es\"},{\"@type\":\"Person\",\"@id\":\"https:\\\/\\\/interamerica.org\\\/es\\\/#\\\/schema\\\/person\\\/29998f2bc2d8bd0d38662909289b54f1\",\"name\":\"libna\",\"image\":{\"@type\":\"ImageObject\",\"inLanguage\":\"es\",\"@id\":\"https:\\\/\\\/secure.gravatar.com\\\/avatar\\\/7c5bd30ae4b47a9ba3c856590957fd1d96dc588bf3ac05719d247e126840331f?s=96&d=mm&r=g\",\"url\":\"https:\\\/\\\/secure.gravatar.com\\\/avatar\\\/7c5bd30ae4b47a9ba3c856590957fd1d96dc588bf3ac05719d247e126840331f?s=96&d=mm&r=g\",\"contentUrl\":\"https:\\\/\\\/secure.gravatar.com\\\/avatar\\\/7c5bd30ae4b47a9ba3c856590957fd1d96dc588bf3ac05719d247e126840331f?s=96&d=mm&r=g\",\"caption\":\"libna\"}}]}<\/script>\n<!-- \/ Yoast SEO plugin. -->","yoast_head_json":{"title":"Am\u00e9rica, Tierra de Libertad - Iglesia Adventista del S\u00e9ptimo D\u00eda - Divisi\u00f3n Interamericana","robots":{"index":"index","follow":"follow","max-snippet":"max-snippet:-1","max-image-preview":"max-image-preview:large","max-video-preview":"max-video-preview:-1"},"canonical":"https:\/\/interamerica.org\/es\/2023\/07\/america-tierra-de-libertad\/","og_locale":"es_ES","og_type":"article","og_title":"Am\u00e9rica, Tierra de Libertad - Iglesia Adventista del S\u00e9ptimo D\u00eda - Divisi\u00f3n Interamericana","og_description":"20 de julio del 2023 | Silver Spring, Maryland, Estados Unidos | Ted N.C. Wilson, President de la Asociaci\u00f3n General de los Adventistas del S\u00e9ptimo D\u00eda Ted Wilson (TW): Hola...","og_url":"https:\/\/interamerica.org\/es\/2023\/07\/america-tierra-de-libertad\/","og_site_name":"Iglesia Adventista del S\u00e9ptimo D\u00eda - Divisi\u00f3n Interamericana","article_published_time":"2023-07-20T22:43:44+00:00","article_modified_time":"2023-07-21T17:54:55+00:00","og_image":[{"width":1334,"height":750,"url":"https:\/\/interamerica.org\/wp-content\/uploads\/2023\/07\/the-pilgrim-fathers-es.jpg","type":"image\/jpeg"}],"author":"libna","twitter_card":"summary_large_image","twitter_misc":{"Escrito por":"libna","Tiempo de lectura":"6 minutos"},"schema":{"@context":"https:\/\/schema.org","@graph":[{"@type":"Article","@id":"https:\/\/interamerica.org\/es\/2023\/07\/america-tierra-de-libertad\/#article","isPartOf":{"@id":"https:\/\/interamerica.org\/es\/2023\/07\/america-tierra-de-libertad\/"},"author":{"name":"libna","@id":"https:\/\/interamerica.org\/es\/#\/schema\/person\/29998f2bc2d8bd0d38662909289b54f1"},"headline":"Am\u00e9rica, Tierra de Libertad","datePublished":"2023-07-20T22:43:44+00:00","dateModified":"2023-07-21T17:54:55+00:00","mainEntityOfPage":{"@id":"https:\/\/interamerica.org\/es\/2023\/07\/america-tierra-de-libertad\/"},"wordCount":1303,"image":{"@id":"https:\/\/interamerica.org\/es\/2023\/07\/america-tierra-de-libertad\/#primaryimage"},"thumbnailUrl":"https:\/\/interamerica.org\/wp-content\/uploads\/2023\/07\/the-pilgrim-fathers-es.jpg","articleSection":["Desde la iglesia mundial","RSS Espa\u00f1ol"],"inLanguage":"es"},{"@type":"WebPage","@id":"https:\/\/interamerica.org\/es\/2023\/07\/america-tierra-de-libertad\/","url":"https:\/\/interamerica.org\/es\/2023\/07\/america-tierra-de-libertad\/","name":"Am\u00e9rica, Tierra de Libertad - Iglesia Adventista del S\u00e9ptimo D\u00eda - Divisi\u00f3n Interamericana","isPartOf":{"@id":"https:\/\/interamerica.org\/es\/#website"},"primaryImageOfPage":{"@id":"https:\/\/interamerica.org\/es\/2023\/07\/america-tierra-de-libertad\/#primaryimage"},"image":{"@id":"https:\/\/interamerica.org\/es\/2023\/07\/america-tierra-de-libertad\/#primaryimage"},"thumbnailUrl":"https:\/\/interamerica.org\/wp-content\/uploads\/2023\/07\/the-pilgrim-fathers-es.jpg","datePublished":"2023-07-20T22:43:44+00:00","dateModified":"2023-07-21T17:54:55+00:00","author":{"@id":"https:\/\/interamerica.org\/es\/#\/schema\/person\/29998f2bc2d8bd0d38662909289b54f1"},"breadcrumb":{"@id":"https:\/\/interamerica.org\/es\/2023\/07\/america-tierra-de-libertad\/#breadcrumb"},"inLanguage":"es","potentialAction":[{"@type":"ReadAction","target":["https:\/\/interamerica.org\/es\/2023\/07\/america-tierra-de-libertad\/"]}]},{"@type":"ImageObject","inLanguage":"es","@id":"https:\/\/interamerica.org\/es\/2023\/07\/america-tierra-de-libertad\/#primaryimage","url":"https:\/\/interamerica.org\/wp-content\/uploads\/2023\/07\/the-pilgrim-fathers-es.jpg","contentUrl":"https:\/\/interamerica.org\/wp-content\/uploads\/2023\/07\/the-pilgrim-fathers-es.jpg","width":1334,"height":750},{"@type":"BreadcrumbList","@id":"https:\/\/interamerica.org\/es\/2023\/07\/america-tierra-de-libertad\/#breadcrumb","itemListElement":[{"@type":"ListItem","position":1,"name":"Home","item":"https:\/\/interamerica.org\/es\/"},{"@type":"ListItem","position":2,"name":"Am\u00e9rica, Tierra de Libertad"}]},{"@type":"WebSite","@id":"https:\/\/interamerica.org\/es\/#website","url":"https:\/\/interamerica.org\/es\/","name":"Iglesia Adventista del S\u00e9ptimo D\u00eda - Divisi\u00f3n Interamericana","description":"","potentialAction":[{"@type":"SearchAction","target":{"@type":"EntryPoint","urlTemplate":"https:\/\/interamerica.org\/es\/?s={search_term_string}"},"query-input":{"@type":"PropertyValueSpecification","valueRequired":true,"valueName":"search_term_string"}}],"inLanguage":"es"},{"@type":"Person","@id":"https:\/\/interamerica.org\/es\/#\/schema\/person\/29998f2bc2d8bd0d38662909289b54f1","name":"libna","image":{"@type":"ImageObject","inLanguage":"es","@id":"https:\/\/secure.gravatar.com\/avatar\/7c5bd30ae4b47a9ba3c856590957fd1d96dc588bf3ac05719d247e126840331f?s=96&d=mm&r=g","url":"https:\/\/secure.gravatar.com\/avatar\/7c5bd30ae4b47a9ba3c856590957fd1d96dc588bf3ac05719d247e126840331f?s=96&d=mm&r=g","contentUrl":"https:\/\/secure.gravatar.com\/avatar\/7c5bd30ae4b47a9ba3c856590957fd1d96dc588bf3ac05719d247e126840331f?s=96&d=mm&r=g","caption":"libna"}}]}},"_links":{"self":[{"href":"https:\/\/interamerica.org\/es\/wp-json\/wp\/v2\/posts\/101080","targetHints":{"allow":["GET"]}}],"collection":[{"href":"https:\/\/interamerica.org\/es\/wp-json\/wp\/v2\/posts"}],"about":[{"href":"https:\/\/interamerica.org\/es\/wp-json\/wp\/v2\/types\/post"}],"author":[{"embeddable":true,"href":"https:\/\/interamerica.org\/es\/wp-json\/wp\/v2\/users\/3"}],"replies":[{"embeddable":true,"href":"https:\/\/interamerica.org\/es\/wp-json\/wp\/v2\/comments?post=101080"}],"version-history":[{"count":0,"href":"https:\/\/interamerica.org\/es\/wp-json\/wp\/v2\/posts\/101080\/revisions"}],"wp:featuredmedia":[{"embeddable":true,"href":"https:\/\/interamerica.org\/es\/wp-json\/wp\/v2\/media\/101145"}],"wp:attachment":[{"href":"https:\/\/interamerica.org\/es\/wp-json\/wp\/v2\/media?parent=101080"}],"wp:term":[{"taxonomy":"category","embeddable":true,"href":"https:\/\/interamerica.org\/es\/wp-json\/wp\/v2\/categories?post=101080"},{"taxonomy":"post_tag","embeddable":true,"href":"https:\/\/interamerica.org\/es\/wp-json\/wp\/v2\/tags?post=101080"}],"curies":[{"name":"wp","href":"https:\/\/api.w.org\/{rel}","templated":true}]}}