{"id":101130,"date":"2023-07-21T11:06:59","date_gmt":"2023-07-21T15:06:59","guid":{"rendered":"https:\/\/interamerica.org\/?p=101130"},"modified":"2023-07-25T09:50:51","modified_gmt":"2023-07-25T13:50:51","slug":"prosperando-en-la-fe","status":"publish","type":"post","link":"https:\/\/interamerica.org\/es\/2023\/07\/prosperando-en-la-fe\/","title":{"rendered":"Prosperando en la Fe"},"content":{"rendered":"<p><em>A continuaci\u00f3n se encuentra\u00a0 un mensaje dirigido a la Iglesia Adventista del S\u00e9ptimo D\u00eda en Interam\u00e9rica por el presidente de la Divisi\u00f3n Interamericana, Elie Henry\u2013Personal de noticias de la DIA<\/em><\/p>\n<p>21 de julio 2023 | Miami, Florida, Estados Unidos | Por Elie Henry, presidente de la Iglesia Adventista del S\u00e9ptimo D\u00eda Divisi\u00f3n Interamericana<\/p>\n<p><span style=\"font-weight: 400;\">Hola hermanas y hermanos, les saludo con alegr\u00eda en este s\u00e1bado tan especial cuando estamos culminando la semana de oraci\u00f3n de los ni\u00f1os y adolescentes, y adem\u00e1s celebramos a los ni\u00f1os en todo el mundo.<\/span><\/p>\n<p><span style=\"font-weight: 400;\">Como dec\u00edamos en un mensaje anterior, los miembros de iglesia tenemos el deber de orar por los ni\u00f1os y j\u00f3venes cada d\u00eda pidiendo que el Esp\u00edritu Santo los gu\u00ede en su crecimiento espiritual, y hoy quiero enfatizar la importancia de esta misi\u00f3n, en favor de las futuras generaciones.<\/span><\/p>\n<p><span style=\"font-weight: 400;\">Aprovecho para expresar mi gratitud y aprecio por su dedicaci\u00f3n constante a la fe y a los principios que nos unen como una familia: La familia Adventista. Y al iniciar esta pr\u00f3xima semana un simposio organizado por el Departamento de Ministerio de Salud, que ustedes podr\u00e1n seguir por internet, les invito a reflexionar en la tercera carta de <\/span><b>Juan, cap\u00edtulo 1, vers\u00edculo 2: \u00abAmado, yo deseo que t\u00fa seas prosperado en todas las cosas, y que tengas salud, as\u00ed como prospera tu alma.\u00bb<\/b><\/p>\n<p><span style=\"font-weight: 400;\">El cuidado de la salud es un componente esencial de nuestras creencias como Adventistas del S\u00e9ptimo D\u00eda. Pero, adem\u00e1s, nuestro enfoque en un estilo de vida saludable que incluye una nutrici\u00f3n adecuada, descanso, ejercicio, luz solar, aire puro, agua, temperancia y confianza en Dios, son parte integral de nuestra fe.<\/span><\/p>\n<p><span style=\"font-weight: 400;\">Como hermanos y hermanas en Cristo, es importante que nos cuidemos mutuamente, y permanezcamos atentos a las necesidades de quienes enfrentan alg\u00fan problema de salud, ya sea f\u00edsica o emocional. Que brindemos apoyo a los m\u00e1s vulnerables, ofreciendo cualquier tipo de ayuda a nuestro alcance.<\/span><\/p>\n<p><span style=\"font-weight: 400;\">Tomemos el tel\u00e9fono, mandemos un mensaje, vayamos hasta esos hogares u hospitales, compartiendo palabras de aliento y esperanza.<\/span><\/p>\n<p><span style=\"font-weight: 400;\">Pero sobre todo, oremos por ellos intercediendo para que Dios les de sanidad y les haga sentir amados por \u00c9l.<\/span><\/p>\n<p><span style=\"font-weight: 400;\">\u00a1Maranatha!\u00a0<\/span><\/p>\n<p><iframe title=\"Prosperando En La Fe \/ Pastor Elie Henry\" width=\"500\" height=\"281\" src=\"https:\/\/www.youtube.com\/embed\/LZGF7ET4qTw?feature=oembed\" frameborder=\"0\" allow=\"accelerometer; autoplay; clipboard-write; encrypted-media; gyroscope; picture-in-picture; web-share\" referrerpolicy=\"strict-origin-when-cross-origin\" allowfullscreen><\/iframe><\/p>\n","protected":false},"excerpt":{"rendered":"<p>A continuaci\u00f3n se encuentra\u00a0 un mensaje dirigido a la Iglesia Adventista del S\u00e9ptimo D\u00eda en Interam\u00e9rica por el presidente de la Divisi\u00f3n Interamericana, Elie Henry\u2013Personal de noticias de la DIA&#8230;<\/p>\n","protected":false},"author":3,"featured_media":101122,"comment_status":"closed","ping_status":"closed","sticky":false,"template":"","format":"standard","meta":{"_acf_changed":false,"footnotes":""},"categories":[16,15],"tags":[],"class_list":["post-101130","post","type-post","status-publish","format-standard","has-post-thumbnail","hentry","category-desde-la-sede","category-rss-espanol"],"acf":[],"yoast_head":"<!-- This site is optimized with the Yoast SEO plugin v27.3 - https:\/\/yoast.com\/product\/yoast-seo-wordpress\/ -->\n<title>Prosperando en la Fe - Iglesia Adventista del S\u00e9ptimo D\u00eda - Divisi\u00f3n Interamericana<\/title>\n<meta name=\"robots\" content=\"index, follow, max-snippet:-1, max-image-preview:large, max-video-preview:-1\" \/>\n<link rel=\"canonical\" href=\"https:\/\/interamerica.org\/es\/2023\/07\/prosperando-en-la-fe\/\" \/>\n<meta property=\"og:locale\" content=\"es_ES\" \/>\n<meta property=\"og:type\" content=\"article\" \/>\n<meta property=\"og:title\" content=\"Prosperando en la Fe - Iglesia Adventista del S\u00e9ptimo D\u00eda - Divisi\u00f3n Interamericana\" \/>\n<meta property=\"og:description\" content=\"A continuaci\u00f3n se encuentra\u00a0 un mensaje dirigido a la Iglesia Adventista del S\u00e9ptimo D\u00eda en Interam\u00e9rica por el presidente de la Divisi\u00f3n Interamericana, Elie Henry\u2013Personal de noticias de la DIA...\" \/>\n<meta property=\"og:url\" content=\"https:\/\/interamerica.org\/es\/2023\/07\/prosperando-en-la-fe\/\" \/>\n<meta property=\"og:site_name\" content=\"Iglesia Adventista del S\u00e9ptimo D\u00eda - Divisi\u00f3n Interamericana\" \/>\n<meta property=\"article:published_time\" content=\"2023-07-21T15:06:59+00:00\" \/>\n<meta property=\"article:modified_time\" content=\"2023-07-25T13:50:51+00:00\" \/>\n<meta property=\"og:image\" content=\"https:\/\/interamerica.org\/wp-content\/uploads\/2023\/07\/eh-23-29-thumb-esp.png\" \/>\n\t<meta property=\"og:image:width\" content=\"1252\" \/>\n\t<meta property=\"og:image:height\" content=\"707\" \/>\n\t<meta property=\"og:image:type\" content=\"image\/png\" \/>\n<meta name=\"author\" content=\"libna\" \/>\n<meta name=\"twitter:card\" content=\"summary_large_image\" \/>\n<meta name=\"twitter:label1\" content=\"Escrito por\" \/>\n\t<meta name=\"twitter:data1\" content=\"libna\" \/>\n\t<meta name=\"twitter:label2\" content=\"Tiempo de lectura\" \/>\n\t<meta name=\"twitter:data2\" content=\"2 minutos\" \/>\n<script type=\"application\/ld+json\" class=\"yoast-schema-graph\">{\"@context\":\"https:\\\/\\\/schema.org\",\"@graph\":[{\"@type\":\"Article\",\"@id\":\"https:\\\/\\\/interamerica.org\\\/es\\\/2023\\\/07\\\/prosperando-en-la-fe\\\/#article\",\"isPartOf\":{\"@id\":\"https:\\\/\\\/interamerica.org\\\/es\\\/2023\\\/07\\\/prosperando-en-la-fe\\\/\"},\"author\":{\"name\":\"libna\",\"@id\":\"https:\\\/\\\/interamerica.org\\\/es\\\/#\\\/schema\\\/person\\\/29998f2bc2d8bd0d38662909289b54f1\"},\"headline\":\"Prosperando en la Fe\",\"datePublished\":\"2023-07-21T15:06:59+00:00\",\"dateModified\":\"2023-07-25T13:50:51+00:00\",\"mainEntityOfPage\":{\"@id\":\"https:\\\/\\\/interamerica.org\\\/es\\\/2023\\\/07\\\/prosperando-en-la-fe\\\/\"},\"wordCount\":395,\"image\":{\"@id\":\"https:\\\/\\\/interamerica.org\\\/es\\\/2023\\\/07\\\/prosperando-en-la-fe\\\/#primaryimage\"},\"thumbnailUrl\":\"https:\\\/\\\/interamerica.org\\\/wp-content\\\/uploads\\\/2023\\\/07\\\/eh-23-29-thumb-esp.png\",\"articleSection\":[\"Desde la sede\",\"RSS Espa\u00f1ol\"],\"inLanguage\":\"es\"},{\"@type\":\"WebPage\",\"@id\":\"https:\\\/\\\/interamerica.org\\\/es\\\/2023\\\/07\\\/prosperando-en-la-fe\\\/\",\"url\":\"https:\\\/\\\/interamerica.org\\\/es\\\/2023\\\/07\\\/prosperando-en-la-fe\\\/\",\"name\":\"Prosperando en la Fe - Iglesia Adventista del S\u00e9ptimo D\u00eda - Divisi\u00f3n Interamericana\",\"isPartOf\":{\"@id\":\"https:\\\/\\\/interamerica.org\\\/es\\\/#website\"},\"primaryImageOfPage\":{\"@id\":\"https:\\\/\\\/interamerica.org\\\/es\\\/2023\\\/07\\\/prosperando-en-la-fe\\\/#primaryimage\"},\"image\":{\"@id\":\"https:\\\/\\\/interamerica.org\\\/es\\\/2023\\\/07\\\/prosperando-en-la-fe\\\/#primaryimage\"},\"thumbnailUrl\":\"https:\\\/\\\/interamerica.org\\\/wp-content\\\/uploads\\\/2023\\\/07\\\/eh-23-29-thumb-esp.png\",\"datePublished\":\"2023-07-21T15:06:59+00:00\",\"dateModified\":\"2023-07-25T13:50:51+00:00\",\"author\":{\"@id\":\"https:\\\/\\\/interamerica.org\\\/es\\\/#\\\/schema\\\/person\\\/29998f2bc2d8bd0d38662909289b54f1\"},\"breadcrumb\":{\"@id\":\"https:\\\/\\\/interamerica.org\\\/es\\\/2023\\\/07\\\/prosperando-en-la-fe\\\/#breadcrumb\"},\"inLanguage\":\"es\",\"potentialAction\":[{\"@type\":\"ReadAction\",\"target\":[\"https:\\\/\\\/interamerica.org\\\/es\\\/2023\\\/07\\\/prosperando-en-la-fe\\\/\"]}]},{\"@type\":\"ImageObject\",\"inLanguage\":\"es\",\"@id\":\"https:\\\/\\\/interamerica.org\\\/es\\\/2023\\\/07\\\/prosperando-en-la-fe\\\/#primaryimage\",\"url\":\"https:\\\/\\\/interamerica.org\\\/wp-content\\\/uploads\\\/2023\\\/07\\\/eh-23-29-thumb-esp.png\",\"contentUrl\":\"https:\\\/\\\/interamerica.org\\\/wp-content\\\/uploads\\\/2023\\\/07\\\/eh-23-29-thumb-esp.png\",\"width\":1252,\"height\":707},{\"@type\":\"BreadcrumbList\",\"@id\":\"https:\\\/\\\/interamerica.org\\\/es\\\/2023\\\/07\\\/prosperando-en-la-fe\\\/#breadcrumb\",\"itemListElement\":[{\"@type\":\"ListItem\",\"position\":1,\"name\":\"Home\",\"item\":\"https:\\\/\\\/interamerica.org\\\/es\\\/\"},{\"@type\":\"ListItem\",\"position\":2,\"name\":\"Prosperando en la Fe\"}]},{\"@type\":\"WebSite\",\"@id\":\"https:\\\/\\\/interamerica.org\\\/es\\\/#website\",\"url\":\"https:\\\/\\\/interamerica.org\\\/es\\\/\",\"name\":\"Iglesia Adventista del S\u00e9ptimo D\u00eda - Divisi\u00f3n Interamericana\",\"description\":\"\",\"potentialAction\":[{\"@type\":\"SearchAction\",\"target\":{\"@type\":\"EntryPoint\",\"urlTemplate\":\"https:\\\/\\\/interamerica.org\\\/es\\\/?s={search_term_string}\"},\"query-input\":{\"@type\":\"PropertyValueSpecification\",\"valueRequired\":true,\"valueName\":\"search_term_string\"}}],\"inLanguage\":\"es\"},{\"@type\":\"Person\",\"@id\":\"https:\\\/\\\/interamerica.org\\\/es\\\/#\\\/schema\\\/person\\\/29998f2bc2d8bd0d38662909289b54f1\",\"name\":\"libna\",\"image\":{\"@type\":\"ImageObject\",\"inLanguage\":\"es\",\"@id\":\"https:\\\/\\\/secure.gravatar.com\\\/avatar\\\/7c5bd30ae4b47a9ba3c856590957fd1d96dc588bf3ac05719d247e126840331f?s=96&d=mm&r=g\",\"url\":\"https:\\\/\\\/secure.gravatar.com\\\/avatar\\\/7c5bd30ae4b47a9ba3c856590957fd1d96dc588bf3ac05719d247e126840331f?s=96&d=mm&r=g\",\"contentUrl\":\"https:\\\/\\\/secure.gravatar.com\\\/avatar\\\/7c5bd30ae4b47a9ba3c856590957fd1d96dc588bf3ac05719d247e126840331f?s=96&d=mm&r=g\",\"caption\":\"libna\"}}]}<\/script>\n<!-- \/ Yoast SEO plugin. -->","yoast_head_json":{"title":"Prosperando en la Fe - Iglesia Adventista del S\u00e9ptimo D\u00eda - Divisi\u00f3n Interamericana","robots":{"index":"index","follow":"follow","max-snippet":"max-snippet:-1","max-image-preview":"max-image-preview:large","max-video-preview":"max-video-preview:-1"},"canonical":"https:\/\/interamerica.org\/es\/2023\/07\/prosperando-en-la-fe\/","og_locale":"es_ES","og_type":"article","og_title":"Prosperando en la Fe - Iglesia Adventista del S\u00e9ptimo D\u00eda - Divisi\u00f3n Interamericana","og_description":"A continuaci\u00f3n se encuentra\u00a0 un mensaje dirigido a la Iglesia Adventista del S\u00e9ptimo D\u00eda en Interam\u00e9rica por el presidente de la Divisi\u00f3n Interamericana, Elie Henry\u2013Personal de noticias de la DIA...","og_url":"https:\/\/interamerica.org\/es\/2023\/07\/prosperando-en-la-fe\/","og_site_name":"Iglesia Adventista del S\u00e9ptimo D\u00eda - Divisi\u00f3n Interamericana","article_published_time":"2023-07-21T15:06:59+00:00","article_modified_time":"2023-07-25T13:50:51+00:00","og_image":[{"width":1252,"height":707,"url":"https:\/\/interamerica.org\/wp-content\/uploads\/2023\/07\/eh-23-29-thumb-esp.png","type":"image\/png"}],"author":"libna","twitter_card":"summary_large_image","twitter_misc":{"Escrito por":"libna","Tiempo de lectura":"2 minutos"},"schema":{"@context":"https:\/\/schema.org","@graph":[{"@type":"Article","@id":"https:\/\/interamerica.org\/es\/2023\/07\/prosperando-en-la-fe\/#article","isPartOf":{"@id":"https:\/\/interamerica.org\/es\/2023\/07\/prosperando-en-la-fe\/"},"author":{"name":"libna","@id":"https:\/\/interamerica.org\/es\/#\/schema\/person\/29998f2bc2d8bd0d38662909289b54f1"},"headline":"Prosperando en la Fe","datePublished":"2023-07-21T15:06:59+00:00","dateModified":"2023-07-25T13:50:51+00:00","mainEntityOfPage":{"@id":"https:\/\/interamerica.org\/es\/2023\/07\/prosperando-en-la-fe\/"},"wordCount":395,"image":{"@id":"https:\/\/interamerica.org\/es\/2023\/07\/prosperando-en-la-fe\/#primaryimage"},"thumbnailUrl":"https:\/\/interamerica.org\/wp-content\/uploads\/2023\/07\/eh-23-29-thumb-esp.png","articleSection":["Desde la sede","RSS Espa\u00f1ol"],"inLanguage":"es"},{"@type":"WebPage","@id":"https:\/\/interamerica.org\/es\/2023\/07\/prosperando-en-la-fe\/","url":"https:\/\/interamerica.org\/es\/2023\/07\/prosperando-en-la-fe\/","name":"Prosperando en la Fe - Iglesia Adventista del S\u00e9ptimo D\u00eda - Divisi\u00f3n Interamericana","isPartOf":{"@id":"https:\/\/interamerica.org\/es\/#website"},"primaryImageOfPage":{"@id":"https:\/\/interamerica.org\/es\/2023\/07\/prosperando-en-la-fe\/#primaryimage"},"image":{"@id":"https:\/\/interamerica.org\/es\/2023\/07\/prosperando-en-la-fe\/#primaryimage"},"thumbnailUrl":"https:\/\/interamerica.org\/wp-content\/uploads\/2023\/07\/eh-23-29-thumb-esp.png","datePublished":"2023-07-21T15:06:59+00:00","dateModified":"2023-07-25T13:50:51+00:00","author":{"@id":"https:\/\/interamerica.org\/es\/#\/schema\/person\/29998f2bc2d8bd0d38662909289b54f1"},"breadcrumb":{"@id":"https:\/\/interamerica.org\/es\/2023\/07\/prosperando-en-la-fe\/#breadcrumb"},"inLanguage":"es","potentialAction":[{"@type":"ReadAction","target":["https:\/\/interamerica.org\/es\/2023\/07\/prosperando-en-la-fe\/"]}]},{"@type":"ImageObject","inLanguage":"es","@id":"https:\/\/interamerica.org\/es\/2023\/07\/prosperando-en-la-fe\/#primaryimage","url":"https:\/\/interamerica.org\/wp-content\/uploads\/2023\/07\/eh-23-29-thumb-esp.png","contentUrl":"https:\/\/interamerica.org\/wp-content\/uploads\/2023\/07\/eh-23-29-thumb-esp.png","width":1252,"height":707},{"@type":"BreadcrumbList","@id":"https:\/\/interamerica.org\/es\/2023\/07\/prosperando-en-la-fe\/#breadcrumb","itemListElement":[{"@type":"ListItem","position":1,"name":"Home","item":"https:\/\/interamerica.org\/es\/"},{"@type":"ListItem","position":2,"name":"Prosperando en la Fe"}]},{"@type":"WebSite","@id":"https:\/\/interamerica.org\/es\/#website","url":"https:\/\/interamerica.org\/es\/","name":"Iglesia Adventista del S\u00e9ptimo D\u00eda - Divisi\u00f3n Interamericana","description":"","potentialAction":[{"@type":"SearchAction","target":{"@type":"EntryPoint","urlTemplate":"https:\/\/interamerica.org\/es\/?s={search_term_string}"},"query-input":{"@type":"PropertyValueSpecification","valueRequired":true,"valueName":"search_term_string"}}],"inLanguage":"es"},{"@type":"Person","@id":"https:\/\/interamerica.org\/es\/#\/schema\/person\/29998f2bc2d8bd0d38662909289b54f1","name":"libna","image":{"@type":"ImageObject","inLanguage":"es","@id":"https:\/\/secure.gravatar.com\/avatar\/7c5bd30ae4b47a9ba3c856590957fd1d96dc588bf3ac05719d247e126840331f?s=96&d=mm&r=g","url":"https:\/\/secure.gravatar.com\/avatar\/7c5bd30ae4b47a9ba3c856590957fd1d96dc588bf3ac05719d247e126840331f?s=96&d=mm&r=g","contentUrl":"https:\/\/secure.gravatar.com\/avatar\/7c5bd30ae4b47a9ba3c856590957fd1d96dc588bf3ac05719d247e126840331f?s=96&d=mm&r=g","caption":"libna"}}]}},"_links":{"self":[{"href":"https:\/\/interamerica.org\/es\/wp-json\/wp\/v2\/posts\/101130","targetHints":{"allow":["GET"]}}],"collection":[{"href":"https:\/\/interamerica.org\/es\/wp-json\/wp\/v2\/posts"}],"about":[{"href":"https:\/\/interamerica.org\/es\/wp-json\/wp\/v2\/types\/post"}],"author":[{"embeddable":true,"href":"https:\/\/interamerica.org\/es\/wp-json\/wp\/v2\/users\/3"}],"replies":[{"embeddable":true,"href":"https:\/\/interamerica.org\/es\/wp-json\/wp\/v2\/comments?post=101130"}],"version-history":[{"count":0,"href":"https:\/\/interamerica.org\/es\/wp-json\/wp\/v2\/posts\/101130\/revisions"}],"wp:featuredmedia":[{"embeddable":true,"href":"https:\/\/interamerica.org\/es\/wp-json\/wp\/v2\/media\/101122"}],"wp:attachment":[{"href":"https:\/\/interamerica.org\/es\/wp-json\/wp\/v2\/media?parent=101130"}],"wp:term":[{"taxonomy":"category","embeddable":true,"href":"https:\/\/interamerica.org\/es\/wp-json\/wp\/v2\/categories?post=101130"},{"taxonomy":"post_tag","embeddable":true,"href":"https:\/\/interamerica.org\/es\/wp-json\/wp\/v2\/tags?post=101130"}],"curies":[{"name":"wp","href":"https:\/\/api.w.org\/{rel}","templated":true}]}}