{"id":101267,"date":"2023-07-27T20:51:58","date_gmt":"2023-07-28T00:51:58","guid":{"rendered":"https:\/\/interamerica.org\/?p=101267"},"modified":"2023-07-28T16:10:30","modified_gmt":"2023-07-28T20:10:30","slug":"heraldos-de-una-nueva-era","status":"publish","type":"post","link":"https:\/\/interamerica.org\/es\/2023\/07\/heraldos-de-una-nueva-era\/","title":{"rendered":"Heraldos de una nueva era"},"content":{"rendered":"<p>27 de julio del 2023 | Silver Spring, Maryland, Estados Unidos | Ted N.C. Wilson, President de la Asociaci\u00f3n General de los Adventistas del S\u00e9ptimo D\u00eda<\/p>\n<p><span style=\"font-weight: 400;\">Saludos amigos. Una de las verdades m\u00e1s solemnes y a la vez m\u00e1s maravillosas reveladas en la Biblia es la de la Segunda Venida de Cristo. Durante siglos, la gente ha anhelado y esperado el d\u00eda glorioso en que Jes\u00fas vendr\u00e1 a llevarnos a casa para vivir con \u00c9l para siempre.<\/span><\/p>\n<p><span style=\"font-weight: 400;\">Desde que Ad\u00e1n y Eva tuvieron que abandonar su hogar-jard\u00edn, los hijos de la fe han esperado la venida del Prometido para romper el poder destructor y traerlos de regreso al Para\u00edso perdido.<\/span><\/p>\n<p><span style=\"font-weight: 400;\">Las Escrituras registran esta bendita esperanza desde los primeros d\u00edas de la historia de esta Tierra. El profeta Enoc, que era s\u00f3lo la s\u00e9ptima generaci\u00f3n desde Ad\u00e1n, declar\u00f3: <\/span><span style=\"font-weight: 400;\">\u00abHe aqu\u00ed, vino el Se\u00f1or con sus santas decenas de millares, para hacer juicio contra todos&#8230;.\u00bb <\/span><b>(Judas 14, 15).<\/b><\/p>\n<p><span style=\"font-weight: 400;\">El patriarca Job exclam\u00f3: <\/span><span style=\"font-weight: 400;\">\u00abYo s\u00e9 que mi Redentor vive,\u00a0 Y al fin se levantar\u00e1 sobre el polvo\u2026 En mi carne he de ver a Dios; Al cual ver\u00e9 por m\u00ed mismo\u2026 aunque mi coraz\u00f3n desfallece dentro de m\u00ed\u00bb <\/span><b>(Job 19:25-27).<\/b><\/p>\n<p><span style=\"font-weight: 400;\">Los poetas y profetas de toda la Biblia han proclamado la llegada de ese gran d\u00eda, que ha sido la esperanza de los verdaderos seguidores de Dios a lo largo de los siglos.<\/span><\/p>\n<p><span style=\"font-weight: 400;\">La promesa de despedida de Jes\u00fas a sus disc\u00edpulos, dada a trav\u00e9s de los \u00e1ngeles mensajeros, los llen\u00f3 de esperanza: <\/span><span style=\"font-weight: 400;\">\u201cEste mismo Jes\u00fas\u201d,<\/span><span style=\"font-weight: 400;\"> dijo el \u00e1ngel, <\/span><span style=\"font-weight: 400;\">\u201cque ha sido tomado de vosotros al cielo, as\u00ed vendr\u00e1 como le hab\u00e9is visto ir al cielo\u201d <\/span><b>(Hechos 1:11)<\/b><span style=\"font-weight: 400;\">.<\/span><span style=\"font-weight: 400;\"> Esta promesa fue dada nuevamente por Jes\u00fas mismo al ap\u00f3stol Juan mientras estaba exiliado en la isla rocosa de Patmos: <\/span><span style=\"font-weight: 400;\">\u201cCiertamente vengo en breve\u201d <\/span><b>(Ap. 22:20).<\/b><\/p>\n<p><span style=\"font-weight: 400;\">Esta es la esperanza a la que se aferraron los m\u00e1rtires cuando dieron testimonio de la verdad con su propia sangre. Muchos reformadores, incluidos Mart\u00edn Lutero, Melanchton, Calvino, Knox, Latimer y muchos m\u00e1s, buscaron por fe el regreso del Se\u00f1or.<\/span><\/p>\n<p><span style=\"font-weight: 400;\">Al considerar la profec\u00eda b\u00edblica, no solo nos dice la forma en que Cristo regresar\u00e1, sino que tambi\u00e9n presenta se\u00f1ales que nos indican cu\u00e1ndo est\u00e1 cerca Su venida. Jes\u00fas dijo en <\/span><b>Lucas 21:25-28<\/b><span style=\"font-weight: 400;\">: \u201cEntonces habr\u00e1 se\u00f1ales en el sol, en la luna y en las estrellas, y en la tierra angustia de las gentes, confundidas a causa del bramido del mar y de las olas; desfalleciendo los hombres por el temor y la expectaci\u00f3n de las cosas que sobrevendr\u00e1n en la tierra; porque las potencias de los cielos ser\u00e1n conmovidas. Entonces ver\u00e1n al Hijo del Hombre, que vendr\u00e1 en una nube con poder y gran gloria. Cuando estas cosas comiencen a suceder, ergu\u00edos y levantad vuestra cabeza, porque vuestra redenci\u00f3n est\u00e1 cerca\u201d.<\/span><\/p>\n<p><span style=\"font-weight: 400;\">Se nos dan m\u00e1s detalles en <\/span><b>Marcos 13:24-25<\/b><span style=\"font-weight: 400;\"> donde leemos: <\/span><span style=\"font-weight: 400;\">\u00abel sol se oscurecer\u00e1, y la luna no dar\u00e1 su resplandor, y las estrellas caer\u00e1n del cielo, y las potencias que est\u00e1n en los cielos ser\u00e1n conmovidas\u201d.<\/span><span style=\"font-weight: 400;\"> Y en <\/span><b>Apocalipsis 6:12<\/b><span style=\"font-weight: 400;\">: \u201cY he aqu\u00ed hubo un gran terremoto; y el sol se puso negro como tela de cilicio, y la luna se volvi\u00f3 toda como sangre\u201d.<\/span><span style=\"font-weight: 400;\"> Amigos, estas se\u00f1ales prof\u00e9ticas se han cumplido de la manera m\u00e1s profunda y, a lo largo de dos videos, veremos su cumplimiento con m\u00e1s detalle.<\/span><\/p>\n<p><span style=\"font-weight: 400;\">Hoy consideraremos el cumplimiento de la profec\u00eda sobre el terrible terremoto que indica la cercan\u00eda del regreso de Cristo.<\/span><\/p>\n<p><span style=\"font-weight: 400;\">El terremoto m\u00e1s terrible jam\u00e1s registrado ocurri\u00f3 en el a\u00f1o 1755. Aunque com\u00fanmente se le conoce como el terremoto de Lisboa, se extendi\u00f3 por la mayor parte de Europa, \u00c1frica y Am\u00e9rica. Se sinti\u00f3 en Groenlandia, las Indias Occidentales, Noruega, Suecia, Gran Breta\u00f1a e Irlanda, \u00a1cubriendo al menos 6 millones de kil\u00f3metros cuadrados!<\/span><\/p>\n<p><span style=\"font-weight: 400;\">En \u00c1frica, el impacto fue casi tan severo como en Europa, donde un pueblo entero que conten\u00eda aproximadamente 10 mil personas fue completamente tragado. El mar mismo estaba agitado cuando una gran ola barri\u00f3 la costa de Espa\u00f1a y \u00c1frica, engullendo ciudades y causando una gran destrucci\u00f3n.<\/span><\/p>\n<p><span style=\"font-weight: 400;\">En Espa\u00f1a y Portugal, el terremoto fue especialmente violento. Leemos que <\/span><span style=\"font-weight: 400;\">\u00abEn Lisboa se oy\u00f3 bajo la tierra un ruido de trueno, e inmediatamente despu\u00e9s una violenta sacudida derrib\u00f3 la mayor parte de la ciudad&#8230; Se calcula que noventa mil personas perdieron la vida en aquel aciago d\u00eda.\u201d (<\/span><i><span style=\"font-weight: 400;\">CS 306.3<\/span><\/i><span style=\"font-weight: 400;\">).<\/span><\/p>\n<p><span style=\"font-weight: 400;\">Si bien el mundo ha experimentado muchos terremotos a lo largo de los a\u00f1os, ninguno ha igualado el alcance y la devastaci\u00f3n que provoc\u00f3 el terremoto de Lisboa. Esta es una de las se\u00f1ales prof\u00e9ticas que Jes\u00fas ha dado, dici\u00e9ndonos que la historia de esta Tierra est\u00e1 llegando a su fin y que Su venida se aproxima.<\/span><\/p>\n<p><span style=\"font-weight: 400;\">En nuestro pr\u00f3ximo video, continuaremos viendo las se\u00f1ales predichas por la profec\u00eda b\u00edblica y c\u00f3mo cada una de ellas se cumpli\u00f3 de la manera m\u00e1s dram\u00e1tica. Mientras tanto, los animo a leer el cap\u00edtulo \u201cHeraldos de una Nueva Era\u201d en El Conflicto de los Siglos, donde aprender\u00e1n m\u00e1s. Si a\u00fan no lo ha hecho, lo animo a que descargue su copia gratuita de este maravilloso libro en thegreatcontroversyproject.org<\/span><\/p>\n<p><span style=\"font-weight: 400;\">Amigos, \u00a1creo que Jes\u00fas viene pronto! Y mientras continuamos mirando estas profec\u00edas, creo que su coraz\u00f3n se calentar\u00e1 cuando juntos descubramos la cercan\u00eda de esta bendita esperanza.<\/span><\/p>\n<p><span style=\"font-weight: 400;\">Tengamos una palabra de oraci\u00f3n juntos ahora mismo.<\/span><\/p>\n<p><span style=\"font-weight: 400;\">Padre en el Cielo. Gracias por darnos las se\u00f1ales predichas en la Biblia sobre cu\u00e1l ser\u00eda la cercan\u00eda de la venida de Cristo. Gracias por alertarnos incluso de algo como el Gran Terremoto en Lisboa que nos dice que estamos viviendo en los \u00faltimos d\u00edas. Gracias por la promesa de tu Segunda Venida. Ay\u00fadanos a estar listos todos los d\u00edas. Se\u00f1or, nos comprometemos ahora como seguidores tuyos a reconciliarnos completamente contigo a trav\u00e9s de la sangre de Jesucristo para que pronto estemos listos para la pronta venida de Jes\u00fas. En el nombre de Cristo, lo pedimos. Am\u00e9n.<\/span><\/p>\n<p><iframe title=\"Misi\u00f3n Mundial \/ Pastor Ted Wilson\" width=\"500\" height=\"281\" src=\"https:\/\/www.youtube.com\/embed\/_PjDkY5EEgw?feature=oembed\" frameborder=\"0\" allow=\"accelerometer; autoplay; clipboard-write; encrypted-media; gyroscope; picture-in-picture; web-share\" referrerpolicy=\"strict-origin-when-cross-origin\" allowfullscreen><\/iframe><\/p>\n","protected":false},"excerpt":{"rendered":"<p>27 de julio del 2023 | Silver Spring, Maryland, Estados Unidos | Ted N.C. Wilson, President de la Asociaci\u00f3n General de los Adventistas del S\u00e9ptimo D\u00eda Saludos amigos. Una de&#8230;<\/p>\n","protected":false},"author":3,"featured_media":101268,"comment_status":"closed","ping_status":"closed","sticky":false,"template":"","format":"standard","meta":{"_acf_changed":false,"footnotes":""},"categories":[14,15],"tags":[],"class_list":["post-101267","post","type-post","status-publish","format-standard","has-post-thumbnail","hentry","category-de-la-iglesia-mundial","category-rss-espanol"],"acf":[],"yoast_head":"<!-- This site is optimized with the Yoast SEO plugin v27.3 - https:\/\/yoast.com\/product\/yoast-seo-wordpress\/ -->\n<title>Heraldos de una nueva era - Iglesia Adventista del S\u00e9ptimo D\u00eda - Divisi\u00f3n Interamericana<\/title>\n<meta name=\"robots\" content=\"index, follow, max-snippet:-1, max-image-preview:large, max-video-preview:-1\" \/>\n<link rel=\"canonical\" href=\"https:\/\/interamerica.org\/es\/2023\/07\/heraldos-de-una-nueva-era\/\" \/>\n<meta property=\"og:locale\" content=\"es_ES\" \/>\n<meta property=\"og:type\" content=\"article\" \/>\n<meta property=\"og:title\" content=\"Heraldos de una nueva era - Iglesia Adventista del S\u00e9ptimo D\u00eda - Divisi\u00f3n Interamericana\" \/>\n<meta property=\"og:description\" content=\"27 de julio del 2023 | Silver Spring, Maryland, Estados Unidos | Ted N.C. Wilson, President de la Asociaci\u00f3n General de los Adventistas del S\u00e9ptimo D\u00eda Saludos amigos. Una de...\" \/>\n<meta property=\"og:url\" content=\"https:\/\/interamerica.org\/es\/2023\/07\/heraldos-de-una-nueva-era\/\" \/>\n<meta property=\"og:site_name\" content=\"Iglesia Adventista del S\u00e9ptimo D\u00eda - Divisi\u00f3n Interamericana\" \/>\n<meta property=\"article:published_time\" content=\"2023-07-28T00:51:58+00:00\" \/>\n<meta property=\"article:modified_time\" content=\"2023-07-28T20:10:30+00:00\" \/>\n<meta property=\"og:image\" content=\"https:\/\/interamerica.org\/wp-content\/uploads\/2023\/07\/heralds-of-the-morning-es.jpg\" \/>\n\t<meta property=\"og:image:width\" content=\"1334\" \/>\n\t<meta property=\"og:image:height\" content=\"750\" \/>\n\t<meta property=\"og:image:type\" content=\"image\/jpeg\" \/>\n<meta name=\"author\" content=\"libna\" \/>\n<meta name=\"twitter:card\" content=\"summary_large_image\" \/>\n<meta name=\"twitter:label1\" content=\"Escrito por\" \/>\n\t<meta name=\"twitter:data1\" content=\"libna\" \/>\n\t<meta name=\"twitter:label2\" content=\"Tiempo de lectura\" \/>\n\t<meta name=\"twitter:data2\" content=\"5 minutos\" \/>\n<script type=\"application\/ld+json\" class=\"yoast-schema-graph\">{\"@context\":\"https:\\\/\\\/schema.org\",\"@graph\":[{\"@type\":\"Article\",\"@id\":\"https:\\\/\\\/interamerica.org\\\/es\\\/2023\\\/07\\\/heraldos-de-una-nueva-era\\\/#article\",\"isPartOf\":{\"@id\":\"https:\\\/\\\/interamerica.org\\\/es\\\/2023\\\/07\\\/heraldos-de-una-nueva-era\\\/\"},\"author\":{\"name\":\"libna\",\"@id\":\"https:\\\/\\\/interamerica.org\\\/es\\\/#\\\/schema\\\/person\\\/29998f2bc2d8bd0d38662909289b54f1\"},\"headline\":\"Heraldos de una nueva era\",\"datePublished\":\"2023-07-28T00:51:58+00:00\",\"dateModified\":\"2023-07-28T20:10:30+00:00\",\"mainEntityOfPage\":{\"@id\":\"https:\\\/\\\/interamerica.org\\\/es\\\/2023\\\/07\\\/heraldos-de-una-nueva-era\\\/\"},\"wordCount\":1081,\"image\":{\"@id\":\"https:\\\/\\\/interamerica.org\\\/es\\\/2023\\\/07\\\/heraldos-de-una-nueva-era\\\/#primaryimage\"},\"thumbnailUrl\":\"https:\\\/\\\/interamerica.org\\\/wp-content\\\/uploads\\\/2023\\\/07\\\/heralds-of-the-morning-es.jpg\",\"articleSection\":[\"Desde la iglesia mundial\",\"RSS Espa\u00f1ol\"],\"inLanguage\":\"es\"},{\"@type\":\"WebPage\",\"@id\":\"https:\\\/\\\/interamerica.org\\\/es\\\/2023\\\/07\\\/heraldos-de-una-nueva-era\\\/\",\"url\":\"https:\\\/\\\/interamerica.org\\\/es\\\/2023\\\/07\\\/heraldos-de-una-nueva-era\\\/\",\"name\":\"Heraldos de una nueva era - Iglesia Adventista del S\u00e9ptimo D\u00eda - Divisi\u00f3n Interamericana\",\"isPartOf\":{\"@id\":\"https:\\\/\\\/interamerica.org\\\/es\\\/#website\"},\"primaryImageOfPage\":{\"@id\":\"https:\\\/\\\/interamerica.org\\\/es\\\/2023\\\/07\\\/heraldos-de-una-nueva-era\\\/#primaryimage\"},\"image\":{\"@id\":\"https:\\\/\\\/interamerica.org\\\/es\\\/2023\\\/07\\\/heraldos-de-una-nueva-era\\\/#primaryimage\"},\"thumbnailUrl\":\"https:\\\/\\\/interamerica.org\\\/wp-content\\\/uploads\\\/2023\\\/07\\\/heralds-of-the-morning-es.jpg\",\"datePublished\":\"2023-07-28T00:51:58+00:00\",\"dateModified\":\"2023-07-28T20:10:30+00:00\",\"author\":{\"@id\":\"https:\\\/\\\/interamerica.org\\\/es\\\/#\\\/schema\\\/person\\\/29998f2bc2d8bd0d38662909289b54f1\"},\"breadcrumb\":{\"@id\":\"https:\\\/\\\/interamerica.org\\\/es\\\/2023\\\/07\\\/heraldos-de-una-nueva-era\\\/#breadcrumb\"},\"inLanguage\":\"es\",\"potentialAction\":[{\"@type\":\"ReadAction\",\"target\":[\"https:\\\/\\\/interamerica.org\\\/es\\\/2023\\\/07\\\/heraldos-de-una-nueva-era\\\/\"]}]},{\"@type\":\"ImageObject\",\"inLanguage\":\"es\",\"@id\":\"https:\\\/\\\/interamerica.org\\\/es\\\/2023\\\/07\\\/heraldos-de-una-nueva-era\\\/#primaryimage\",\"url\":\"https:\\\/\\\/interamerica.org\\\/wp-content\\\/uploads\\\/2023\\\/07\\\/heralds-of-the-morning-es.jpg\",\"contentUrl\":\"https:\\\/\\\/interamerica.org\\\/wp-content\\\/uploads\\\/2023\\\/07\\\/heralds-of-the-morning-es.jpg\",\"width\":1334,\"height\":750},{\"@type\":\"BreadcrumbList\",\"@id\":\"https:\\\/\\\/interamerica.org\\\/es\\\/2023\\\/07\\\/heraldos-de-una-nueva-era\\\/#breadcrumb\",\"itemListElement\":[{\"@type\":\"ListItem\",\"position\":1,\"name\":\"Home\",\"item\":\"https:\\\/\\\/interamerica.org\\\/es\\\/\"},{\"@type\":\"ListItem\",\"position\":2,\"name\":\"Heraldos de una nueva era\"}]},{\"@type\":\"WebSite\",\"@id\":\"https:\\\/\\\/interamerica.org\\\/es\\\/#website\",\"url\":\"https:\\\/\\\/interamerica.org\\\/es\\\/\",\"name\":\"Iglesia Adventista del S\u00e9ptimo D\u00eda - Divisi\u00f3n Interamericana\",\"description\":\"\",\"potentialAction\":[{\"@type\":\"SearchAction\",\"target\":{\"@type\":\"EntryPoint\",\"urlTemplate\":\"https:\\\/\\\/interamerica.org\\\/es\\\/?s={search_term_string}\"},\"query-input\":{\"@type\":\"PropertyValueSpecification\",\"valueRequired\":true,\"valueName\":\"search_term_string\"}}],\"inLanguage\":\"es\"},{\"@type\":\"Person\",\"@id\":\"https:\\\/\\\/interamerica.org\\\/es\\\/#\\\/schema\\\/person\\\/29998f2bc2d8bd0d38662909289b54f1\",\"name\":\"libna\",\"image\":{\"@type\":\"ImageObject\",\"inLanguage\":\"es\",\"@id\":\"https:\\\/\\\/secure.gravatar.com\\\/avatar\\\/7c5bd30ae4b47a9ba3c856590957fd1d96dc588bf3ac05719d247e126840331f?s=96&d=mm&r=g\",\"url\":\"https:\\\/\\\/secure.gravatar.com\\\/avatar\\\/7c5bd30ae4b47a9ba3c856590957fd1d96dc588bf3ac05719d247e126840331f?s=96&d=mm&r=g\",\"contentUrl\":\"https:\\\/\\\/secure.gravatar.com\\\/avatar\\\/7c5bd30ae4b47a9ba3c856590957fd1d96dc588bf3ac05719d247e126840331f?s=96&d=mm&r=g\",\"caption\":\"libna\"}}]}<\/script>\n<!-- \/ Yoast SEO plugin. -->","yoast_head_json":{"title":"Heraldos de una nueva era - Iglesia Adventista del S\u00e9ptimo D\u00eda - Divisi\u00f3n Interamericana","robots":{"index":"index","follow":"follow","max-snippet":"max-snippet:-1","max-image-preview":"max-image-preview:large","max-video-preview":"max-video-preview:-1"},"canonical":"https:\/\/interamerica.org\/es\/2023\/07\/heraldos-de-una-nueva-era\/","og_locale":"es_ES","og_type":"article","og_title":"Heraldos de una nueva era - Iglesia Adventista del S\u00e9ptimo D\u00eda - Divisi\u00f3n Interamericana","og_description":"27 de julio del 2023 | Silver Spring, Maryland, Estados Unidos | Ted N.C. Wilson, President de la Asociaci\u00f3n General de los Adventistas del S\u00e9ptimo D\u00eda Saludos amigos. Una de...","og_url":"https:\/\/interamerica.org\/es\/2023\/07\/heraldos-de-una-nueva-era\/","og_site_name":"Iglesia Adventista del S\u00e9ptimo D\u00eda - Divisi\u00f3n Interamericana","article_published_time":"2023-07-28T00:51:58+00:00","article_modified_time":"2023-07-28T20:10:30+00:00","og_image":[{"width":1334,"height":750,"url":"https:\/\/interamerica.org\/wp-content\/uploads\/2023\/07\/heralds-of-the-morning-es.jpg","type":"image\/jpeg"}],"author":"libna","twitter_card":"summary_large_image","twitter_misc":{"Escrito por":"libna","Tiempo de lectura":"5 minutos"},"schema":{"@context":"https:\/\/schema.org","@graph":[{"@type":"Article","@id":"https:\/\/interamerica.org\/es\/2023\/07\/heraldos-de-una-nueva-era\/#article","isPartOf":{"@id":"https:\/\/interamerica.org\/es\/2023\/07\/heraldos-de-una-nueva-era\/"},"author":{"name":"libna","@id":"https:\/\/interamerica.org\/es\/#\/schema\/person\/29998f2bc2d8bd0d38662909289b54f1"},"headline":"Heraldos de una nueva era","datePublished":"2023-07-28T00:51:58+00:00","dateModified":"2023-07-28T20:10:30+00:00","mainEntityOfPage":{"@id":"https:\/\/interamerica.org\/es\/2023\/07\/heraldos-de-una-nueva-era\/"},"wordCount":1081,"image":{"@id":"https:\/\/interamerica.org\/es\/2023\/07\/heraldos-de-una-nueva-era\/#primaryimage"},"thumbnailUrl":"https:\/\/interamerica.org\/wp-content\/uploads\/2023\/07\/heralds-of-the-morning-es.jpg","articleSection":["Desde la iglesia mundial","RSS Espa\u00f1ol"],"inLanguage":"es"},{"@type":"WebPage","@id":"https:\/\/interamerica.org\/es\/2023\/07\/heraldos-de-una-nueva-era\/","url":"https:\/\/interamerica.org\/es\/2023\/07\/heraldos-de-una-nueva-era\/","name":"Heraldos de una nueva era - Iglesia Adventista del S\u00e9ptimo D\u00eda - Divisi\u00f3n Interamericana","isPartOf":{"@id":"https:\/\/interamerica.org\/es\/#website"},"primaryImageOfPage":{"@id":"https:\/\/interamerica.org\/es\/2023\/07\/heraldos-de-una-nueva-era\/#primaryimage"},"image":{"@id":"https:\/\/interamerica.org\/es\/2023\/07\/heraldos-de-una-nueva-era\/#primaryimage"},"thumbnailUrl":"https:\/\/interamerica.org\/wp-content\/uploads\/2023\/07\/heralds-of-the-morning-es.jpg","datePublished":"2023-07-28T00:51:58+00:00","dateModified":"2023-07-28T20:10:30+00:00","author":{"@id":"https:\/\/interamerica.org\/es\/#\/schema\/person\/29998f2bc2d8bd0d38662909289b54f1"},"breadcrumb":{"@id":"https:\/\/interamerica.org\/es\/2023\/07\/heraldos-de-una-nueva-era\/#breadcrumb"},"inLanguage":"es","potentialAction":[{"@type":"ReadAction","target":["https:\/\/interamerica.org\/es\/2023\/07\/heraldos-de-una-nueva-era\/"]}]},{"@type":"ImageObject","inLanguage":"es","@id":"https:\/\/interamerica.org\/es\/2023\/07\/heraldos-de-una-nueva-era\/#primaryimage","url":"https:\/\/interamerica.org\/wp-content\/uploads\/2023\/07\/heralds-of-the-morning-es.jpg","contentUrl":"https:\/\/interamerica.org\/wp-content\/uploads\/2023\/07\/heralds-of-the-morning-es.jpg","width":1334,"height":750},{"@type":"BreadcrumbList","@id":"https:\/\/interamerica.org\/es\/2023\/07\/heraldos-de-una-nueva-era\/#breadcrumb","itemListElement":[{"@type":"ListItem","position":1,"name":"Home","item":"https:\/\/interamerica.org\/es\/"},{"@type":"ListItem","position":2,"name":"Heraldos de una nueva era"}]},{"@type":"WebSite","@id":"https:\/\/interamerica.org\/es\/#website","url":"https:\/\/interamerica.org\/es\/","name":"Iglesia Adventista del S\u00e9ptimo D\u00eda - Divisi\u00f3n Interamericana","description":"","potentialAction":[{"@type":"SearchAction","target":{"@type":"EntryPoint","urlTemplate":"https:\/\/interamerica.org\/es\/?s={search_term_string}"},"query-input":{"@type":"PropertyValueSpecification","valueRequired":true,"valueName":"search_term_string"}}],"inLanguage":"es"},{"@type":"Person","@id":"https:\/\/interamerica.org\/es\/#\/schema\/person\/29998f2bc2d8bd0d38662909289b54f1","name":"libna","image":{"@type":"ImageObject","inLanguage":"es","@id":"https:\/\/secure.gravatar.com\/avatar\/7c5bd30ae4b47a9ba3c856590957fd1d96dc588bf3ac05719d247e126840331f?s=96&d=mm&r=g","url":"https:\/\/secure.gravatar.com\/avatar\/7c5bd30ae4b47a9ba3c856590957fd1d96dc588bf3ac05719d247e126840331f?s=96&d=mm&r=g","contentUrl":"https:\/\/secure.gravatar.com\/avatar\/7c5bd30ae4b47a9ba3c856590957fd1d96dc588bf3ac05719d247e126840331f?s=96&d=mm&r=g","caption":"libna"}}]}},"_links":{"self":[{"href":"https:\/\/interamerica.org\/es\/wp-json\/wp\/v2\/posts\/101267","targetHints":{"allow":["GET"]}}],"collection":[{"href":"https:\/\/interamerica.org\/es\/wp-json\/wp\/v2\/posts"}],"about":[{"href":"https:\/\/interamerica.org\/es\/wp-json\/wp\/v2\/types\/post"}],"author":[{"embeddable":true,"href":"https:\/\/interamerica.org\/es\/wp-json\/wp\/v2\/users\/3"}],"replies":[{"embeddable":true,"href":"https:\/\/interamerica.org\/es\/wp-json\/wp\/v2\/comments?post=101267"}],"version-history":[{"count":0,"href":"https:\/\/interamerica.org\/es\/wp-json\/wp\/v2\/posts\/101267\/revisions"}],"wp:featuredmedia":[{"embeddable":true,"href":"https:\/\/interamerica.org\/es\/wp-json\/wp\/v2\/media\/101268"}],"wp:attachment":[{"href":"https:\/\/interamerica.org\/es\/wp-json\/wp\/v2\/media?parent=101267"}],"wp:term":[{"taxonomy":"category","embeddable":true,"href":"https:\/\/interamerica.org\/es\/wp-json\/wp\/v2\/categories?post=101267"},{"taxonomy":"post_tag","embeddable":true,"href":"https:\/\/interamerica.org\/es\/wp-json\/wp\/v2\/tags?post=101267"}],"curies":[{"name":"wp","href":"https:\/\/api.w.org\/{rel}","templated":true}]}}