{"id":101279,"date":"2023-07-26T18:10:42","date_gmt":"2023-07-26T22:10:42","guid":{"rendered":"https:\/\/interamerica.org\/?p=101279"},"modified":"2023-07-28T16:04:19","modified_gmt":"2023-07-28T20:04:19","slug":"en-la-seld-se-desafia-a-los-administradores-a-marcar-una-diferencia-positiva-como-lideres","status":"publish","type":"post","link":"https:\/\/interamerica.org\/es\/2023\/07\/en-la-seld-se-desafia-a-los-administradores-a-marcar-una-diferencia-positiva-como-lideres\/","title":{"rendered":"En la SeLD, se desaf\u00eda a los administradores a marcar una diferencia positiva como l\u00edderes"},"content":{"rendered":"<p><div id=\"attachment_101236\" style=\"width: 929px\" class=\"wp-caption aligncenter\"><img fetchpriority=\"high\" decoding=\"async\" aria-describedby=\"caption-attachment-101236\" class=\" wp-image-101234\" src=\"https:\/\/interamerica.org\/wp-content\/uploads\/2023\/07\/seld2023-crowd-opening.jpg\" alt=\"\" width=\"919\" height=\"613\" srcset=\"https:\/\/interamerica.org\/wp-content\/uploads\/2023\/07\/seld2023-crowd-opening.jpg 1000w, https:\/\/interamerica.org\/wp-content\/uploads\/2023\/07\/seld2023-crowd-opening-300x200.jpg 300w, https:\/\/interamerica.org\/wp-content\/uploads\/2023\/07\/seld2023-crowd-opening-768x512.jpg 768w\" sizes=\"(max-width: 919px) 100vw, 919px\" \/><p id=\"caption-attachment-101236\" class=\"wp-caption-text\">M\u00e1s de 1,600 l\u00edderes de la Iglesia Adventista de toda la Divisi\u00f3n Interamericana se reunieron en forma presencial y el l\u00ednea para la noche de apertura de la Conferencia del Segmento de Desarrollo de Liderazgo en Miami, Florida, Estados Unidos, el 24 de julio de 2023. El evento anual es la s\u00e9ptimo conferencia que tiene por objetivo facultar a los l\u00edderes para que sean m\u00e1s efectivos e influyentes en sus responsabilidades dentro de la organizaci\u00f3n de la iglesia. [Fotograf\u00eda: Libna Stevens\/DIA]<\/p><\/div>26 de julio de 2023 | Miami, Florida, Estados Unidos | Libna Stevens, Noticias de la Divisi\u00f3n Interamericana<\/p>\n<p>\u201cPuede que usted sea el candidato menos probable en la mente de los que lo rodean o acaso en su propia mente para llevar a cabo la tarea de l\u00edder. Puede que tenga que pasar m\u00e1s tiempo solo con Dios, enfrentar dudas, amenazas, des\u00e1nimo y cr\u00edticas, pero tienen que esperar en el Se\u00f1or\u201d, dijo el pastor Elie Henry, presidente de la Divisi\u00f3n Interamericana al dirigirse a los m\u00e1s de 1600 administradores, pastores, educadores, directores de departamento y ancianos de todo el territorio esta semana.<\/p>\n<p>\u201cS\u00e9 que el liderazgo no siempre es f\u00e1cil\u201d, dijo el pastor Henry, \u201cpero no permitan que el temor los inunde; sean fuertes, recordando que Dios es vuestra fortaleza y que los acompa\u00f1ar\u00e1 en medio de los desaf\u00edos de aqu\u00ed en adelante\u201d.<\/p>\n<p><div id=\"attachment_101239\" style=\"width: 923px\" class=\"wp-caption aligncenter\"><img decoding=\"async\" aria-describedby=\"caption-attachment-101239\" class=\" wp-image-101237\" src=\"https:\/\/interamerica.org\/wp-content\/uploads\/2023\/07\/elie-henry-seld2023.jpg\" alt=\"\" width=\"913\" height=\"633\" srcset=\"https:\/\/interamerica.org\/wp-content\/uploads\/2023\/07\/elie-henry-seld2023.jpg 1000w, https:\/\/interamerica.org\/wp-content\/uploads\/2023\/07\/elie-henry-seld2023-300x208.jpg 300w, https:\/\/interamerica.org\/wp-content\/uploads\/2023\/07\/elie-henry-seld2023-768x532.jpg 768w\" sizes=\"(max-width: 913px) 100vw, 913px\" \/><p id=\"caption-attachment-101239\" class=\"wp-caption-text\">El pastor Elie Henry, presidente de la Divisi\u00f3n Interamericana, recuerda a los l\u00edderes que tienen que apoyarse en Dios en medio de los desaf\u00edos que enfrentan al avanzar para cumplir con sus responsabilidades. [Fotograf\u00eda: Libna Stevens\/DIA]<\/p><\/div>El pastor Henry agradeci\u00f3 a los m\u00e1s de cuatrocientos l\u00edderes que se reunieron en Miami, Florida, Estados Unidos, y a m\u00e1s de 1200 l\u00edderes conectados en l\u00ednea por ser l\u00edderes, profesionales y transformadores excepcionales de todo el territorio en el comienzo de la Conferencia Anual del Segmento de Desarrollo del Liderazgo (SeLD) de la Divisi\u00f3n Interamericana el 24 de julio de 2023.<\/p>\n<p><strong>Fomento de un liderazgo efectivo<\/strong><\/p>\n<p>La conferencia de tres d\u00edas de duraci\u00f3n marca un hito significativo en la traves\u00eda hacia el fomento de un liderazgo efectivo y de alto impacto durante los \u00faltimos siete a\u00f1os, dijo el pastor Henry. \u201cLa SeLD se ha comprometido con facultar a los individuos con el conocimiento, las habilidades y la inspiraci\u00f3n de marcar una diferencia positiva aqu\u00ed en nuestra divisi\u00f3n\u201d, dijo. \u201cCreemos firmemente que un liderazgo s\u00f3lido es la piedra angular del progreso en el cumplimiento de la misi\u00f3n\u201d.<\/p>\n<p>El pastor Henry anim\u00f3 a los l\u00edderes para que abracen las oportunidades que les brinda la SeLD para aprender los unos de los otros, intercambiar ideas, forjar conexiones significativas, y absorber el conocimiento impartido y aplicarlo a la ejecuci\u00f3n de sus responsabilidades.<\/p>\n<p><div id=\"attachment_101255\" style=\"width: 910px\" class=\"wp-caption aligncenter\"><img decoding=\"async\" aria-describedby=\"caption-attachment-101255\" class=\"size-full wp-image-101253\" src=\"https:\/\/interamerica.org\/wp-content\/uploads\/2023\/07\/seld2023-audience.jpg\" alt=\"\" width=\"900\" height=\"669\" srcset=\"https:\/\/interamerica.org\/wp-content\/uploads\/2023\/07\/seld2023-audience.jpg 900w, https:\/\/interamerica.org\/wp-content\/uploads\/2023\/07\/seld2023-audience-300x223.jpg 300w, https:\/\/interamerica.org\/wp-content\/uploads\/2023\/07\/seld2023-audience-768x571.jpg 768w\" sizes=\"(max-width: 900px) 100vw, 900px\" \/><p id=\"caption-attachment-101255\" class=\"wp-caption-text\">M\u00e1s de cuatrocientos administradores de la iglesia, directores de departamento, pastores y ancianos de iglesia de toda la Divisi\u00f3n Interamericana viajaron hasta Miami, Florida, Estados Unidos, para la Conferencia SeLD de este a\u00f1o. [Photo: Libna Stevens\/DIA]<\/p><\/div>Bajo el lema \u201cTesoros en vasijas rotas para el cumplimiento de la misi\u00f3n\u201d, la conferencia de este a\u00f1o resuena con los desaf\u00edos y oportunidades del liderazgo en el marco global de r\u00e1pidos cambios, dijeron los organizadores. El evento anual incluy\u00f3 m\u00e1s de treinta presentadores de la Asociaci\u00f3n General, y las Divisiones Norteamericana e Interamericana.<\/p>\n<p>\u201cComo l\u00edderes, tenemos que adaptarnos y evolucionar continuamente, fomentando agilidad, resiliencia e innovaci\u00f3n sobre la base de la Palabra de Dios y las demandas de este tiempo final en el que vivimos\u201d, dijo el pastor Henry. Implica mejorar nuestras habilidades con las herramientas y estrategias que se necesitan para navegar las complejidades del mundo actual, liderando con visi\u00f3n, compasi\u00f3n y autenticidad, a\u00f1adi\u00f3.<\/p>\n<p>\u201cVivan una vida aut\u00e9ntica con Dios; tengan la seguridad de su llamado y perm\u00edtanle que \u00e9l los use para su gloria\u201d, dijo el pastor Henry, al reflexionar en las lecciones de la vida del rey David.<\/p>\n<p><div id=\"attachment_101242\" style=\"width: 901px\" class=\"wp-caption aligncenter\"><img loading=\"lazy\" decoding=\"async\" aria-describedby=\"caption-attachment-101242\" class=\" wp-image-101240\" src=\"https:\/\/interamerica.org\/wp-content\/uploads\/2023\/07\/seld2023-twilson-message.jpg\" alt=\"\" width=\"891\" height=\"594\" srcset=\"https:\/\/interamerica.org\/wp-content\/uploads\/2023\/07\/seld2023-twilson-message.jpg 1000w, https:\/\/interamerica.org\/wp-content\/uploads\/2023\/07\/seld2023-twilson-message-300x200.jpg 300w, https:\/\/interamerica.org\/wp-content\/uploads\/2023\/07\/seld2023-twilson-message-768x512.jpg 768w\" sizes=\"(max-width: 891px) 100vw, 891px\" \/><p id=\"caption-attachment-101242\" class=\"wp-caption-text\">[Fotograf\u00eda: Libna Stevens\/DIA]<\/p><\/div><strong>Llevar el mensaje<\/strong><\/p>\n<p>El pastor Ted Wilson, presidente de la Iglesia Adventista del S\u00e9ptimo D\u00eda, agradeci\u00f3 a la delegaci\u00f3n de la SeLD mediante un breve mensaje de video. El pastor Wilson anim\u00f3 a desarrollar una colaboraci\u00f3n m\u00e1s grande entre los l\u00edderes para el cumplimiento de la misi\u00f3n de la iglesia, comprendiendo lo que realmente significa.<\/p>\n<p>\u201cMiren en todo momento a Jes\u00fas, entendiendo que como vasijas rotas no somos completamente plenos hasta que estemos en Cristo. Entonces, el puede llenarnos con la capacidad de servirlo\u201d, dijo el pastor Wilson. Desafi\u00f3 a los l\u00edderes para que contin\u00faen portando el \u00faltimo mensaje, se\u00f1alando a Cristo, su justicia, el servicio de su santuario, el mensaje de salud, los mensajes de los tres \u00e1ngeles de Apocalipsis, y el verdadero d\u00eda de adoraci\u00f3n.<\/p>\n<p>El doctor Lowell Cooper, vicepresidente general de la Asociaci\u00f3n General ya jubilado, dirigi\u00f3 la primera sesi\u00f3n plenaria sobre el car\u00e1cter del liderazgo, los patrones de liderazgo, las responsabilidades centrales del liderazgo, los riesgos de pensar en la reelecci\u00f3n y la raz\u00f3n por la que los l\u00edderes son reelegidos.<\/p>\n<p><div id=\"attachment_101245\" style=\"width: 888px\" class=\"wp-caption aligncenter\"><img loading=\"lazy\" decoding=\"async\" aria-describedby=\"caption-attachment-101245\" class=\" wp-image-101243\" src=\"https:\/\/interamerica.org\/wp-content\/uploads\/2023\/07\/lowell-cooper-seld2023.jpg\" alt=\"\" width=\"878\" height=\"585\" srcset=\"https:\/\/interamerica.org\/wp-content\/uploads\/2023\/07\/lowell-cooper-seld2023.jpg 1000w, https:\/\/interamerica.org\/wp-content\/uploads\/2023\/07\/lowell-cooper-seld2023-300x200.jpg 300w, https:\/\/interamerica.org\/wp-content\/uploads\/2023\/07\/lowell-cooper-seld2023-768x511.jpg 768w\" sizes=\"(max-width: 878px) 100vw, 878px\" \/><p id=\"caption-attachment-101245\" class=\"wp-caption-text\">El doctor Lowell Cooper, vicepresidente general de la Asociaci\u00f3n General ya jubilado, habla durante la primera sesi\u00f3n plenaria de la conferencia el pasado 24 de julio de 2023. [Fotograf\u00eda: Libna Stevens\/DIA]<\/p><\/div><strong>El car\u00e1cter es m\u00e1s que el estatus<\/strong><\/p>\n<p>\u201cSi se les encomienda un determinado cargo, su prop\u00f3sito tiene que ser vivir para gloria de Dios\u201d, dijo Cooper. Tiene que ver m\u00e1s con el car\u00e1cter que con el estatus cuando somos l\u00edderes, dijo. \u201cLa confianza es una funci\u00f3n de dos cosas: el car\u00e1cter, que es su integridad, su motivaci\u00f3n, su intenci\u00f3n hacia las personas, y la competencia, que incluye sus capacidades, habilidades, resultados y sus antecedentes\u201d.<\/p>\n<p>Dos palabras que enfatizan todos los principios del liderazgo son la confianza y la verdad, a\u00f1adi\u00f3 Cooper. \u201cNuestra vida se torna de influencia para otra persona, de manera que no tenemos que pensar en la fortaleza de un cargo\u201d, dijo. \u201cTodo cargo basado en la confianza y la verdad va a producir una influencia positiva en este mundo\u201d. Y en lo que respecta a la popularidad, dijo, ese deber\u00eda ser efecto colateral del buen liderazgo y no un objetivo.<\/p>\n<p>Cooper destac\u00f3 ocho declaraciones de por qu\u00e9 los l\u00edderes son reelegidos: Son de confianza, est\u00e1n comprometidos con la excelencia, enfocados en la misi\u00f3n, buscan desarrollar a otros, practican lo que predican, se olvidan del yo en b\u00fasqueda del servicio, atienden las responsabilidades centrales del liderazgo y los que tienen que votarlo desean que contin\u00fae.<\/p>\n<p><div id=\"attachment_101249\" style=\"width: 918px\" class=\"wp-caption aligncenter\"><img loading=\"lazy\" decoding=\"async\" aria-describedby=\"caption-attachment-101249\" class=\" wp-image-101247\" src=\"https:\/\/interamerica.org\/wp-content\/uploads\/2023\/07\/seld2023-thelor-lambert-fagu.jpg\" alt=\"\" width=\"908\" height=\"511\" srcset=\"https:\/\/interamerica.org\/wp-content\/uploads\/2023\/07\/seld2023-thelor-lambert-fagu.jpg 1000w, https:\/\/interamerica.org\/wp-content\/uploads\/2023\/07\/seld2023-thelor-lambert-fagu-300x169.jpg 300w, https:\/\/interamerica.org\/wp-content\/uploads\/2023\/07\/seld2023-thelor-lambert-fagu-768x432.jpg 768w\" sizes=\"(max-width: 908px) 100vw, 908px\" \/><p id=\"caption-attachment-101249\" class=\"wp-caption-text\">Delegados del territorio de la Uni\u00f3n de Guyana y las Antillas Francesas escuchan durante las sesiones plenarias del pasado 24 de julio de 2023. [Fotograf\u00eda: John Garcia\/DIA]<\/p><\/div>Los l\u00edderes elegidos se desenvuelven a la vista de todos, a\u00f1adi\u00f3 Cooper. \u201cTodo lo que hacen es observado; el micr\u00f3fono siempre est\u00e1 encendido, y todo lo que hacen se ve magnificado\u201d. No tiene que ver con llamar la atenci\u00f3n a uno mismo sino a Dios. \u201cEsa es la influencia m\u00e1s estabilizadora en el liderazgo, porque mi prop\u00f3sito es dar gloria a Dios, lo que brinda calidad, brinda contentamiento \u00e9tico a mi liderazgo y moralidad a ese liderazgo\u201d.<\/p>\n<p><strong>Inteligencia cultural y liderazgo inclusivo<\/strong><\/p>\n<p>En una segunda sesi\u00f3n plenaria, el doctor Sung Kwon, profesor asociado de liderazgo en la Universidad Andrews, anim\u00f3 a los l\u00edderes a que vean a la inteligencia cultural como una habilidad fundamental y un imperativo del ministerio en el mundo global y multicultural actual.<\/p>\n<p>Kwon desafi\u00f3 a los l\u00edderes para que busquen el lugar o cargo m\u00e1s elevado de servicio al pie de la cruz. \u201cNo necesitamos l\u00edderes siervos sino m\u00e1s bien siervos que lideren\u201d, expres\u00f3. Los l\u00edderes tienen que escuchar y cambiar el \u00e9nfasis para que la iglesia llegue a ser parte de la comunidad.<\/p>\n<img loading=\"lazy\" decoding=\"async\" class=\"aligncenter wp-image-101231\" src=\"https:\/\/interamerica.org\/wp-content\/uploads\/2023\/07\/sungkwon-seld2023.jpg\" alt=\"\" width=\"852\" height=\"568\" srcset=\"https:\/\/interamerica.org\/wp-content\/uploads\/2023\/07\/sungkwon-seld2023.jpg 1000w, https:\/\/interamerica.org\/wp-content\/uploads\/2023\/07\/sungkwon-seld2023-300x200.jpg 300w, https:\/\/interamerica.org\/wp-content\/uploads\/2023\/07\/sungkwon-seld2023-768x512.jpg 768w\" sizes=\"(max-width: 852px) 100vw, 852px\" \/>\n<p>\u201c\u00bfCu\u00e1les son las maneras en las que necesitamos cambiar para involucrar a las personas de nuestra comunidad que ya no consideran a la iglesia parte de su vida?\u201d pregunt\u00f3 Kwon. Tenemos que crear confianza entre la iglesia y la comunidad y, mediante el establecimiento de esa relaci\u00f3n de confianza, la iglesia se ganar\u00e1 el derecho de compartir las buenas nuevas, expres\u00f3.<\/p>\n<p>No todos ven el mundo mediante el mismo marco cultural, por lo que como l\u00edderes tenemos que conservar una mentalidad abierta, una curiosidad profunda sobre los dem\u00e1s, y escuchar sin emitir juicios al buscar, con empat\u00eda, comprender a otros de la comunidad, expres\u00f3, dijo. Hay sistemas culturales b\u00e1sicos, dimensiones b\u00e1sicas de valor, y cosmovisiones VUCA (que se refiere en ingl\u00e9s a la visi\u00f3n y perspectiva sobre la volatilidad, incertidumbre, complejidad y ambig\u00fcedad), adem\u00e1s de la conducta de grupos e individuos.<\/p>\n<p><div id=\"attachment_101179\" style=\"width: 859px\" class=\"wp-caption aligncenter\"><img loading=\"lazy\" decoding=\"async\" aria-describedby=\"caption-attachment-101179\" class=\" wp-image-101177\" src=\"https:\/\/interamerica.org\/wp-content\/uploads\/2023\/07\/irving-calderon-guau-sara-pelaez-wgc-seld2023.jpg\" alt=\"\" width=\"849\" height=\"566\" srcset=\"https:\/\/interamerica.org\/wp-content\/uploads\/2023\/07\/irving-calderon-guau-sara-pelaez-wgc-seld2023.jpg 1000w, https:\/\/interamerica.org\/wp-content\/uploads\/2023\/07\/irving-calderon-guau-sara-pelaez-wgc-seld2023-300x200.jpg 300w, https:\/\/interamerica.org\/wp-content\/uploads\/2023\/07\/irving-calderon-guau-sara-pelaez-wgc-seld2023-768x512.jpg 768w\" sizes=\"(max-width: 849px) 100vw, 849px\" \/><p id=\"caption-attachment-101179\" class=\"wp-caption-text\">El pastor Irvin Calder\u00f3n, presidente de la Asociaci\u00f3n de Guatemala Occidental y su esposa Sara, sonr\u00eden ampliamente horas antes de la apertura de la Conferencia SeLD, el pasado 24 de julio de 2023. Ellos han asistido a cada conferencia anual de la SeLD desde que fue organizada casi una d\u00e9cada atr\u00e1s. [Fotograf\u00eda: Libna Stevens\/DIA]<\/p><\/div>\u201cNuestro \u00e9nfasis tiene que estar en la historia de vida [de los individuos], no en su conducta, y eso nos ayudar\u00e1 a comprender el \u2018por qu\u00e9\u2019 podemos crear mayor confianza\u201d, dijo Kwon. Para tener \u00e9xito en el mundo actual globalizado, multicultural, tiene que existir un desarrollo integral del liderazgo que incluye la inteligencia acad\u00e9mica, emocional, social y cultural, expres\u00f3. \u201cLa clave para la inteligencia cultural de \u00e9xito es funcionar a trav\u00e9s de diversos contextos culturales\u201d.<\/p>\n<p>Implica permitir que las personas expresen lo que ven, por qu\u00e9 ven lo que ven, y no insistan en que uno m\u00e1s uno equivale a dos. \u201cTenemos que interesarnos en las personas y en el conocimiento cultural para comprender las diferencias y similitudes, buscar estrat\u00e9gicas, planificar las interacciones multiculturales, y ser adaptables y colaboradores como equipo. \u201cLos l\u00edderes altamente inclusivos est\u00e1n confiados y son efectivos en sus interacciones multiculturales\u201d, dijo.<\/p>\n<p><div id=\"attachment_101252\" style=\"width: 849px\" class=\"wp-caption aligncenter\"><img loading=\"lazy\" decoding=\"async\" aria-describedby=\"caption-attachment-101252\" class=\" wp-image-101250\" src=\"https:\/\/interamerica.org\/wp-content\/uploads\/2023\/07\/balvin-braham-seld2023-opening.jpg\" alt=\"\" width=\"839\" height=\"568\" srcset=\"https:\/\/interamerica.org\/wp-content\/uploads\/2023\/07\/balvin-braham-seld2023-opening.jpg 1000w, https:\/\/interamerica.org\/wp-content\/uploads\/2023\/07\/balvin-braham-seld2023-opening-300x203.jpg 300w, https:\/\/interamerica.org\/wp-content\/uploads\/2023\/07\/balvin-braham-seld2023-opening-768x520.jpg 768w\" sizes=\"(max-width: 839px) 100vw, 839px\" \/><p id=\"caption-attachment-101252\" class=\"wp-caption-text\">El pastor Balvin Braham, vicepresidente a cargo del liderazgo de la Divisi\u00f3n Interamericana, da la bienvenida a la delegaci\u00f3n que asisti\u00f3 en forma presencial y en l\u00ednea, en el d\u00eda de apertura en Miami, Florida, Estados Unidos, el 24 de julio de 2023. [Fotograf\u00eda: Libna Stevens\/DIA<\/p><\/div><strong>Solo el m\u00e9todo de Cristo<\/strong><\/p>\n<p>En esencia, solo el m\u00e9todo de Cristo dar\u00e1 verdadero \u00e9xito en alcanzar a las personas, enfatiz\u00f3 Kwon. \u201cEl Salvador trataba con los hombres como quien deseaba hacerles bien. Les mostraba simpat\u00eda, atend\u00eda a sus necesidades y se ganaba su confianza. Entonces les dec\u00eda: \u2018Seguidme.\u2019\u201d Las relaciones son el m\u00e9todo: la vida en el evangelismo de vida, dijo Kwon. \u201cCuando somos fieles con el evangelismo de vida para vida, tendremos mayor \u00e9xito en nuestro evangelismo p\u00fablico. No se puede tener un evangelismo p\u00fablico efectivo sin invertir tiempo y recursos en las relaciones: vida para vida\u201d.<\/p>\n<p>El problema es, dijo Kwon, que \u201clos cristianos han divorciado las ense\u00f1anzas de Cristo de los m\u00e9todos de Cristo, pero a\u00fan as\u00ed, esperan tener los resultados que tuvo Cristo\u201d. Es tiempo de cambiar la manera en que pensamos y cambiar nuestra manera de trabajar, dijo Kwon.<\/p>\n<p><div id=\"attachment_101173\" style=\"width: 823px\" class=\"wp-caption aligncenter\"><img loading=\"lazy\" decoding=\"async\" aria-describedby=\"caption-attachment-101173\" class=\" wp-image-101171\" src=\"https:\/\/interamerica.org\/wp-content\/uploads\/2023\/07\/ramon-cedillo-javier-guichard-seld-2023-nomu-noreste.jpg\" alt=\"\" width=\"813\" height=\"542\" srcset=\"https:\/\/interamerica.org\/wp-content\/uploads\/2023\/07\/ramon-cedillo-javier-guichard-seld-2023-nomu-noreste.jpg 1000w, https:\/\/interamerica.org\/wp-content\/uploads\/2023\/07\/ramon-cedillo-javier-guichard-seld-2023-nomu-noreste-300x200.jpg 300w, https:\/\/interamerica.org\/wp-content\/uploads\/2023\/07\/ramon-cedillo-javier-guichard-seld-2023-nomu-noreste-768x512.jpg 768w\" sizes=\"(max-width: 813px) 100vw, 813px\" \/><p id=\"caption-attachment-101173\" class=\"wp-caption-text\">Los pastores Ramon Cedillo y Javier Guichard, de la Asociaci\u00f3n Mexicana del Noreste en Monterrey, M\u00e9xico, se alistan para asistir a la conferencia de tres d\u00edas al pasar por la mesa de inscripci\u00f3n el 24 de julio de 2023. [Fotograf\u00eda: Libna Stevens\/DIA]<\/p><\/div>Brindar perspectivas nuevas y efectivas de un conjunto de presentadores diversos, interculturales, ya probados es lo que busca llevar a cabo la conferencia anual de la SeLD, dijo el pastor Balvin Braham, vicepresidente de la Divisi\u00f3n Interamericana a cargo del desarrollo del liderazgo. \u201cReconocemos que el liderazgo es una fuerza din\u00e1mica que se adapta a los desaf\u00edos siempre cambiantes de nuestro tiempo. Por ello, nuestro objetivo es equipar a los l\u00edderes para que naveguen las complejidades del liderazgo en el marco global actual de r\u00e1pidas transformaciones\u201d, dijo Braham.<\/p>\n<p>Los l\u00edderes de la iglesia dedicaron tiempo a orar por la unidad y la misi\u00f3n, durante el evento de tres d\u00edas dedicado a la capacitaci\u00f3n del liderazgo.<\/p>\n<p>Para m\u00e1s noticias sobre la Conferencia de la SeLD de este a\u00f1o, ingrese a <a href=\"https:\/\/interamerica.org\/\">interamerica.org<\/a><\/p>\n<p>Traducci\u00f3n de Marcos Paseggi<\/p>\n","protected":false},"excerpt":{"rendered":"<p>26 de julio de 2023 | Miami, Florida, Estados Unidos | Libna Stevens, Noticias de la Divisi\u00f3n Interamericana \u201cPuede que usted sea el candidato menos probable en la mente de&#8230;<\/p>\n","protected":false},"author":3,"featured_media":101236,"comment_status":"closed","ping_status":"closed","sticky":false,"template":"","format":"standard","meta":{"_acf_changed":false,"footnotes":""},"categories":[16,15],"tags":[],"class_list":["post-101279","post","type-post","status-publish","format-standard","has-post-thumbnail","hentry","category-desde-la-sede","category-rss-espanol"],"acf":[],"yoast_head":"<!-- This site is optimized with the Yoast SEO plugin v27.3 - https:\/\/yoast.com\/product\/yoast-seo-wordpress\/ -->\n<title>En la SeLD, se desaf\u00eda a los administradores a marcar una diferencia positiva como l\u00edderes - Iglesia Adventista del S\u00e9ptimo D\u00eda - Divisi\u00f3n Interamericana<\/title>\n<meta name=\"robots\" content=\"index, follow, max-snippet:-1, max-image-preview:large, max-video-preview:-1\" \/>\n<link rel=\"canonical\" href=\"https:\/\/interamerica.org\/es\/2023\/07\/en-la-seld-se-desafia-a-los-administradores-a-marcar-una-diferencia-positiva-como-lideres\/\" \/>\n<meta property=\"og:locale\" content=\"es_ES\" \/>\n<meta property=\"og:type\" content=\"article\" \/>\n<meta property=\"og:title\" content=\"En la SeLD, se desaf\u00eda a los administradores a marcar una diferencia positiva como l\u00edderes - Iglesia Adventista del S\u00e9ptimo D\u00eda - Divisi\u00f3n Interamericana\" \/>\n<meta property=\"og:description\" content=\"26 de julio de 2023 | Miami, Florida, Estados Unidos | Libna Stevens, Noticias de la Divisi\u00f3n Interamericana \u201cPuede que usted sea el candidato menos probable en la mente de...\" \/>\n<meta property=\"og:url\" content=\"https:\/\/interamerica.org\/es\/2023\/07\/en-la-seld-se-desafia-a-los-administradores-a-marcar-una-diferencia-positiva-como-lideres\/\" \/>\n<meta property=\"og:site_name\" content=\"Iglesia Adventista del S\u00e9ptimo D\u00eda - Divisi\u00f3n Interamericana\" \/>\n<meta property=\"article:published_time\" content=\"2023-07-26T22:10:42+00:00\" \/>\n<meta property=\"article:modified_time\" content=\"2023-07-28T20:04:19+00:00\" \/>\n<meta property=\"og:image\" content=\"https:\/\/interamerica.org\/wp-content\/uploads\/2023\/07\/seld2023-crowd-opening.jpg\" \/>\n\t<meta property=\"og:image:width\" content=\"1000\" \/>\n\t<meta property=\"og:image:height\" content=\"667\" \/>\n\t<meta property=\"og:image:type\" content=\"image\/jpeg\" \/>\n<meta name=\"author\" content=\"libna\" \/>\n<meta name=\"twitter:card\" content=\"summary_large_image\" \/>\n<meta name=\"twitter:label1\" content=\"Escrito por\" \/>\n\t<meta name=\"twitter:data1\" content=\"libna\" \/>\n\t<meta name=\"twitter:label2\" content=\"Tiempo de lectura\" \/>\n\t<meta name=\"twitter:data2\" content=\"11 minutos\" \/>\n<script type=\"application\/ld+json\" class=\"yoast-schema-graph\">{\"@context\":\"https:\\\/\\\/schema.org\",\"@graph\":[{\"@type\":\"Article\",\"@id\":\"https:\\\/\\\/interamerica.org\\\/es\\\/2023\\\/07\\\/en-la-seld-se-desafia-a-los-administradores-a-marcar-una-diferencia-positiva-como-lideres\\\/#article\",\"isPartOf\":{\"@id\":\"https:\\\/\\\/interamerica.org\\\/es\\\/2023\\\/07\\\/en-la-seld-se-desafia-a-los-administradores-a-marcar-una-diferencia-positiva-como-lideres\\\/\"},\"author\":{\"name\":\"libna\",\"@id\":\"https:\\\/\\\/interamerica.org\\\/es\\\/#\\\/schema\\\/person\\\/29998f2bc2d8bd0d38662909289b54f1\"},\"headline\":\"En la SeLD, se desaf\u00eda a los administradores a marcar una diferencia positiva como l\u00edderes\",\"datePublished\":\"2023-07-26T22:10:42+00:00\",\"dateModified\":\"2023-07-28T20:04:19+00:00\",\"mainEntityOfPage\":{\"@id\":\"https:\\\/\\\/interamerica.org\\\/es\\\/2023\\\/07\\\/en-la-seld-se-desafia-a-los-administradores-a-marcar-una-diferencia-positiva-como-lideres\\\/\"},\"wordCount\":2202,\"image\":{\"@id\":\"https:\\\/\\\/interamerica.org\\\/es\\\/2023\\\/07\\\/en-la-seld-se-desafia-a-los-administradores-a-marcar-una-diferencia-positiva-como-lideres\\\/#primaryimage\"},\"thumbnailUrl\":\"https:\\\/\\\/interamerica.org\\\/wp-content\\\/uploads\\\/2023\\\/07\\\/seld2023-crowd-opening.jpg\",\"articleSection\":[\"Desde la sede\",\"RSS Espa\u00f1ol\"],\"inLanguage\":\"es\"},{\"@type\":\"WebPage\",\"@id\":\"https:\\\/\\\/interamerica.org\\\/es\\\/2023\\\/07\\\/en-la-seld-se-desafia-a-los-administradores-a-marcar-una-diferencia-positiva-como-lideres\\\/\",\"url\":\"https:\\\/\\\/interamerica.org\\\/es\\\/2023\\\/07\\\/en-la-seld-se-desafia-a-los-administradores-a-marcar-una-diferencia-positiva-como-lideres\\\/\",\"name\":\"En la SeLD, se desaf\u00eda a los administradores a marcar una diferencia positiva como l\u00edderes - Iglesia Adventista del S\u00e9ptimo D\u00eda - Divisi\u00f3n Interamericana\",\"isPartOf\":{\"@id\":\"https:\\\/\\\/interamerica.org\\\/es\\\/#website\"},\"primaryImageOfPage\":{\"@id\":\"https:\\\/\\\/interamerica.org\\\/es\\\/2023\\\/07\\\/en-la-seld-se-desafia-a-los-administradores-a-marcar-una-diferencia-positiva-como-lideres\\\/#primaryimage\"},\"image\":{\"@id\":\"https:\\\/\\\/interamerica.org\\\/es\\\/2023\\\/07\\\/en-la-seld-se-desafia-a-los-administradores-a-marcar-una-diferencia-positiva-como-lideres\\\/#primaryimage\"},\"thumbnailUrl\":\"https:\\\/\\\/interamerica.org\\\/wp-content\\\/uploads\\\/2023\\\/07\\\/seld2023-crowd-opening.jpg\",\"datePublished\":\"2023-07-26T22:10:42+00:00\",\"dateModified\":\"2023-07-28T20:04:19+00:00\",\"author\":{\"@id\":\"https:\\\/\\\/interamerica.org\\\/es\\\/#\\\/schema\\\/person\\\/29998f2bc2d8bd0d38662909289b54f1\"},\"breadcrumb\":{\"@id\":\"https:\\\/\\\/interamerica.org\\\/es\\\/2023\\\/07\\\/en-la-seld-se-desafia-a-los-administradores-a-marcar-una-diferencia-positiva-como-lideres\\\/#breadcrumb\"},\"inLanguage\":\"es\",\"potentialAction\":[{\"@type\":\"ReadAction\",\"target\":[\"https:\\\/\\\/interamerica.org\\\/es\\\/2023\\\/07\\\/en-la-seld-se-desafia-a-los-administradores-a-marcar-una-diferencia-positiva-como-lideres\\\/\"]}]},{\"@type\":\"ImageObject\",\"inLanguage\":\"es\",\"@id\":\"https:\\\/\\\/interamerica.org\\\/es\\\/2023\\\/07\\\/en-la-seld-se-desafia-a-los-administradores-a-marcar-una-diferencia-positiva-como-lideres\\\/#primaryimage\",\"url\":\"https:\\\/\\\/interamerica.org\\\/wp-content\\\/uploads\\\/2023\\\/07\\\/seld2023-crowd-opening.jpg\",\"contentUrl\":\"https:\\\/\\\/interamerica.org\\\/wp-content\\\/uploads\\\/2023\\\/07\\\/seld2023-crowd-opening.jpg\",\"width\":1000,\"height\":667,\"caption\":\"[Photo: Libna Stevens\\\/IAD]\"},{\"@type\":\"BreadcrumbList\",\"@id\":\"https:\\\/\\\/interamerica.org\\\/es\\\/2023\\\/07\\\/en-la-seld-se-desafia-a-los-administradores-a-marcar-una-diferencia-positiva-como-lideres\\\/#breadcrumb\",\"itemListElement\":[{\"@type\":\"ListItem\",\"position\":1,\"name\":\"Home\",\"item\":\"https:\\\/\\\/interamerica.org\\\/es\\\/\"},{\"@type\":\"ListItem\",\"position\":2,\"name\":\"En la SeLD, se desaf\u00eda a los administradores a marcar una diferencia positiva como l\u00edderes\"}]},{\"@type\":\"WebSite\",\"@id\":\"https:\\\/\\\/interamerica.org\\\/es\\\/#website\",\"url\":\"https:\\\/\\\/interamerica.org\\\/es\\\/\",\"name\":\"Iglesia Adventista del S\u00e9ptimo D\u00eda - Divisi\u00f3n Interamericana\",\"description\":\"\",\"potentialAction\":[{\"@type\":\"SearchAction\",\"target\":{\"@type\":\"EntryPoint\",\"urlTemplate\":\"https:\\\/\\\/interamerica.org\\\/es\\\/?s={search_term_string}\"},\"query-input\":{\"@type\":\"PropertyValueSpecification\",\"valueRequired\":true,\"valueName\":\"search_term_string\"}}],\"inLanguage\":\"es\"},{\"@type\":\"Person\",\"@id\":\"https:\\\/\\\/interamerica.org\\\/es\\\/#\\\/schema\\\/person\\\/29998f2bc2d8bd0d38662909289b54f1\",\"name\":\"libna\",\"image\":{\"@type\":\"ImageObject\",\"inLanguage\":\"es\",\"@id\":\"https:\\\/\\\/secure.gravatar.com\\\/avatar\\\/7c5bd30ae4b47a9ba3c856590957fd1d96dc588bf3ac05719d247e126840331f?s=96&d=mm&r=g\",\"url\":\"https:\\\/\\\/secure.gravatar.com\\\/avatar\\\/7c5bd30ae4b47a9ba3c856590957fd1d96dc588bf3ac05719d247e126840331f?s=96&d=mm&r=g\",\"contentUrl\":\"https:\\\/\\\/secure.gravatar.com\\\/avatar\\\/7c5bd30ae4b47a9ba3c856590957fd1d96dc588bf3ac05719d247e126840331f?s=96&d=mm&r=g\",\"caption\":\"libna\"}}]}<\/script>\n<!-- \/ Yoast SEO plugin. -->","yoast_head_json":{"title":"En la SeLD, se desaf\u00eda a los administradores a marcar una diferencia positiva como l\u00edderes - Iglesia Adventista del S\u00e9ptimo D\u00eda - Divisi\u00f3n Interamericana","robots":{"index":"index","follow":"follow","max-snippet":"max-snippet:-1","max-image-preview":"max-image-preview:large","max-video-preview":"max-video-preview:-1"},"canonical":"https:\/\/interamerica.org\/es\/2023\/07\/en-la-seld-se-desafia-a-los-administradores-a-marcar-una-diferencia-positiva-como-lideres\/","og_locale":"es_ES","og_type":"article","og_title":"En la SeLD, se desaf\u00eda a los administradores a marcar una diferencia positiva como l\u00edderes - Iglesia Adventista del S\u00e9ptimo D\u00eda - Divisi\u00f3n Interamericana","og_description":"26 de julio de 2023 | Miami, Florida, Estados Unidos | Libna Stevens, Noticias de la Divisi\u00f3n Interamericana \u201cPuede que usted sea el candidato menos probable en la mente de...","og_url":"https:\/\/interamerica.org\/es\/2023\/07\/en-la-seld-se-desafia-a-los-administradores-a-marcar-una-diferencia-positiva-como-lideres\/","og_site_name":"Iglesia Adventista del S\u00e9ptimo D\u00eda - Divisi\u00f3n Interamericana","article_published_time":"2023-07-26T22:10:42+00:00","article_modified_time":"2023-07-28T20:04:19+00:00","og_image":[{"width":1000,"height":667,"url":"https:\/\/interamerica.org\/wp-content\/uploads\/2023\/07\/seld2023-crowd-opening.jpg","type":"image\/jpeg"}],"author":"libna","twitter_card":"summary_large_image","twitter_misc":{"Escrito por":"libna","Tiempo de lectura":"11 minutos"},"schema":{"@context":"https:\/\/schema.org","@graph":[{"@type":"Article","@id":"https:\/\/interamerica.org\/es\/2023\/07\/en-la-seld-se-desafia-a-los-administradores-a-marcar-una-diferencia-positiva-como-lideres\/#article","isPartOf":{"@id":"https:\/\/interamerica.org\/es\/2023\/07\/en-la-seld-se-desafia-a-los-administradores-a-marcar-una-diferencia-positiva-como-lideres\/"},"author":{"name":"libna","@id":"https:\/\/interamerica.org\/es\/#\/schema\/person\/29998f2bc2d8bd0d38662909289b54f1"},"headline":"En la SeLD, se desaf\u00eda a los administradores a marcar una diferencia positiva como l\u00edderes","datePublished":"2023-07-26T22:10:42+00:00","dateModified":"2023-07-28T20:04:19+00:00","mainEntityOfPage":{"@id":"https:\/\/interamerica.org\/es\/2023\/07\/en-la-seld-se-desafia-a-los-administradores-a-marcar-una-diferencia-positiva-como-lideres\/"},"wordCount":2202,"image":{"@id":"https:\/\/interamerica.org\/es\/2023\/07\/en-la-seld-se-desafia-a-los-administradores-a-marcar-una-diferencia-positiva-como-lideres\/#primaryimage"},"thumbnailUrl":"https:\/\/interamerica.org\/wp-content\/uploads\/2023\/07\/seld2023-crowd-opening.jpg","articleSection":["Desde la sede","RSS Espa\u00f1ol"],"inLanguage":"es"},{"@type":"WebPage","@id":"https:\/\/interamerica.org\/es\/2023\/07\/en-la-seld-se-desafia-a-los-administradores-a-marcar-una-diferencia-positiva-como-lideres\/","url":"https:\/\/interamerica.org\/es\/2023\/07\/en-la-seld-se-desafia-a-los-administradores-a-marcar-una-diferencia-positiva-como-lideres\/","name":"En la SeLD, se desaf\u00eda a los administradores a marcar una diferencia positiva como l\u00edderes - Iglesia Adventista del S\u00e9ptimo D\u00eda - Divisi\u00f3n Interamericana","isPartOf":{"@id":"https:\/\/interamerica.org\/es\/#website"},"primaryImageOfPage":{"@id":"https:\/\/interamerica.org\/es\/2023\/07\/en-la-seld-se-desafia-a-los-administradores-a-marcar-una-diferencia-positiva-como-lideres\/#primaryimage"},"image":{"@id":"https:\/\/interamerica.org\/es\/2023\/07\/en-la-seld-se-desafia-a-los-administradores-a-marcar-una-diferencia-positiva-como-lideres\/#primaryimage"},"thumbnailUrl":"https:\/\/interamerica.org\/wp-content\/uploads\/2023\/07\/seld2023-crowd-opening.jpg","datePublished":"2023-07-26T22:10:42+00:00","dateModified":"2023-07-28T20:04:19+00:00","author":{"@id":"https:\/\/interamerica.org\/es\/#\/schema\/person\/29998f2bc2d8bd0d38662909289b54f1"},"breadcrumb":{"@id":"https:\/\/interamerica.org\/es\/2023\/07\/en-la-seld-se-desafia-a-los-administradores-a-marcar-una-diferencia-positiva-como-lideres\/#breadcrumb"},"inLanguage":"es","potentialAction":[{"@type":"ReadAction","target":["https:\/\/interamerica.org\/es\/2023\/07\/en-la-seld-se-desafia-a-los-administradores-a-marcar-una-diferencia-positiva-como-lideres\/"]}]},{"@type":"ImageObject","inLanguage":"es","@id":"https:\/\/interamerica.org\/es\/2023\/07\/en-la-seld-se-desafia-a-los-administradores-a-marcar-una-diferencia-positiva-como-lideres\/#primaryimage","url":"https:\/\/interamerica.org\/wp-content\/uploads\/2023\/07\/seld2023-crowd-opening.jpg","contentUrl":"https:\/\/interamerica.org\/wp-content\/uploads\/2023\/07\/seld2023-crowd-opening.jpg","width":1000,"height":667,"caption":"[Photo: Libna Stevens\/IAD]"},{"@type":"BreadcrumbList","@id":"https:\/\/interamerica.org\/es\/2023\/07\/en-la-seld-se-desafia-a-los-administradores-a-marcar-una-diferencia-positiva-como-lideres\/#breadcrumb","itemListElement":[{"@type":"ListItem","position":1,"name":"Home","item":"https:\/\/interamerica.org\/es\/"},{"@type":"ListItem","position":2,"name":"En la SeLD, se desaf\u00eda a los administradores a marcar una diferencia positiva como l\u00edderes"}]},{"@type":"WebSite","@id":"https:\/\/interamerica.org\/es\/#website","url":"https:\/\/interamerica.org\/es\/","name":"Iglesia Adventista del S\u00e9ptimo D\u00eda - Divisi\u00f3n Interamericana","description":"","potentialAction":[{"@type":"SearchAction","target":{"@type":"EntryPoint","urlTemplate":"https:\/\/interamerica.org\/es\/?s={search_term_string}"},"query-input":{"@type":"PropertyValueSpecification","valueRequired":true,"valueName":"search_term_string"}}],"inLanguage":"es"},{"@type":"Person","@id":"https:\/\/interamerica.org\/es\/#\/schema\/person\/29998f2bc2d8bd0d38662909289b54f1","name":"libna","image":{"@type":"ImageObject","inLanguage":"es","@id":"https:\/\/secure.gravatar.com\/avatar\/7c5bd30ae4b47a9ba3c856590957fd1d96dc588bf3ac05719d247e126840331f?s=96&d=mm&r=g","url":"https:\/\/secure.gravatar.com\/avatar\/7c5bd30ae4b47a9ba3c856590957fd1d96dc588bf3ac05719d247e126840331f?s=96&d=mm&r=g","contentUrl":"https:\/\/secure.gravatar.com\/avatar\/7c5bd30ae4b47a9ba3c856590957fd1d96dc588bf3ac05719d247e126840331f?s=96&d=mm&r=g","caption":"libna"}}]}},"_links":{"self":[{"href":"https:\/\/interamerica.org\/es\/wp-json\/wp\/v2\/posts\/101279","targetHints":{"allow":["GET"]}}],"collection":[{"href":"https:\/\/interamerica.org\/es\/wp-json\/wp\/v2\/posts"}],"about":[{"href":"https:\/\/interamerica.org\/es\/wp-json\/wp\/v2\/types\/post"}],"author":[{"embeddable":true,"href":"https:\/\/interamerica.org\/es\/wp-json\/wp\/v2\/users\/3"}],"replies":[{"embeddable":true,"href":"https:\/\/interamerica.org\/es\/wp-json\/wp\/v2\/comments?post=101279"}],"version-history":[{"count":0,"href":"https:\/\/interamerica.org\/es\/wp-json\/wp\/v2\/posts\/101279\/revisions"}],"wp:featuredmedia":[{"embeddable":true,"href":"https:\/\/interamerica.org\/es\/wp-json\/wp\/v2\/media\/101236"}],"wp:attachment":[{"href":"https:\/\/interamerica.org\/es\/wp-json\/wp\/v2\/media?parent=101279"}],"wp:term":[{"taxonomy":"category","embeddable":true,"href":"https:\/\/interamerica.org\/es\/wp-json\/wp\/v2\/categories?post=101279"},{"taxonomy":"post_tag","embeddable":true,"href":"https:\/\/interamerica.org\/es\/wp-json\/wp\/v2\/tags?post=101279"}],"curies":[{"name":"wp","href":"https:\/\/api.w.org\/{rel}","templated":true}]}}