{"id":101330,"date":"2023-07-28T12:30:32","date_gmt":"2023-07-28T16:30:32","guid":{"rendered":"https:\/\/interamerica.org\/?p=101330"},"modified":"2023-07-28T16:17:03","modified_gmt":"2023-07-28T20:17:03","slug":"experto-analiza-la-posicion-de-la-iglesia-adventista-respecto-de-las-cuestiones-de-genero","status":"publish","type":"post","link":"https:\/\/interamerica.org\/es\/2023\/07\/experto-analiza-la-posicion-de-la-iglesia-adventista-respecto-de-las-cuestiones-de-genero\/","title":{"rendered":"Experto analiza la posici\u00f3n de la Iglesia Adventista respecto de las cuestiones de g\u00e9nero"},"content":{"rendered":"<p><div id=\"attachment_101295\" style=\"width: 884px\" class=\"wp-caption aligncenter\"><img fetchpriority=\"high\" decoding=\"async\" aria-describedby=\"caption-attachment-101295\" class=\" wp-image-101293\" src=\"https:\/\/interamerica.org\/wp-content\/uploads\/2023\/07\/todd-mcfarland-seld2023-jul25.jpg\" alt=\"\" width=\"874\" height=\"583\" srcset=\"https:\/\/interamerica.org\/wp-content\/uploads\/2023\/07\/todd-mcfarland-seld2023-jul25.jpg 1000w, https:\/\/interamerica.org\/wp-content\/uploads\/2023\/07\/todd-mcfarland-seld2023-jul25-300x200.jpg 300w, https:\/\/interamerica.org\/wp-content\/uploads\/2023\/07\/todd-mcfarland-seld2023-jul25-768x512.jpg 768w\" sizes=\"(max-width: 874px) 100vw, 874px\" \/><p id=\"caption-attachment-101295\" class=\"wp-caption-text\">Todd McFarland (derecha), asesor legal general asociado de la Asociaci\u00f3n General de los Adventistas del S\u00e9ptimo D\u00eda, habla a la delegaci\u00f3n a la Conferencia del Segmento de Desarrollo del Liderazgo (SeLD) sobre cuestiones de g\u00e9nero que est\u00e1n enfrentando los l\u00edderes y las organizaciones de la iglesia, en Miami, Florida, Estados Unidos, el 25 de julio de 2023. Gustavo Men\u00e9ndez (izquierda), director de ministerios personales de la Uni\u00f3n Guatemalteca, traduce durante la presentaci\u00f3n de McFarland. [Fotograf\u00eda: Libna Stevens\/DIA]<\/p><\/div>27 de julio de 2023 | Miami, Florida, Estados Unidos | Marcos Paseggi y Libna Stevens, Noticias de la Divisi\u00f3n Interamericana<\/p>\n<p>Toda persona, no importa cu\u00e1les sean sus elecciones de vida, deber\u00eda sentirse bienvenida en una congregaci\u00f3n de la Iglesia Adventista del S\u00e9ptimo D\u00eda, dijo el asesor legal general asociado de la Asociaci\u00f3n General de los Adventistas del S\u00e9ptimo D\u00eda Todo McFarland el 25 de julio de 2023. La declaraci\u00f3n de McFarland fue parte de su presentaciones sobre cuestiones de g\u00e9nero en la Iglesia Adventista, para los cientos de l\u00edderes de la iglesia que participaron en la Conferencia del Segmento de Desarrollo de Liderazgo (SeLD) de la Divisi\u00f3n Interamericana (IAD). El evento anual, que ofrece capacitaci\u00f3n e informaci\u00f3n sobre temas de gesti\u00f3n, teol\u00f3gicos y organizacionales, sigui\u00f3 un modelo h\u00edbrido de asistencia presencial y en l\u00ednea este a\u00f1o.<\/p>\n<p><strong>Declaraci\u00f3n de la Iglesia Adventista sobre el transg\u00e9nero<\/strong><\/p>\n<p>En la primera parte de su presentaci\u00f3n, McFarland se dedic\u00f3 a explicar algunas de las implicaciones de la <a href=\"https:\/\/www.adventist.org\/official-statements\/statement-on-transgenderism\/\" data-saferedirecturl=\"https:\/\/www.google.com\/url?q=https:\/\/www.adventist.org\/official-statements\/statement-on-transgenderism\/&amp;source=gmail&amp;ust=1690645302295000&amp;usg=AOvVaw2vwc6KjCJv_bIERBLG6mp2\">Declaraci\u00f3n sobre las personas transg\u00e9nero<\/a> oficial de la Iglesia Adventista. El documento de 2017 no cubre todas las posibles instancias, sino que ofrece principios generales para hacer frente a un fen\u00f3meno m\u00e1s bien reciente conocido como disforia de g\u00e9nero, o la desalineaci\u00f3n del sexo y la identidad de g\u00e9nero que causa angustia, dijo McFarland. \u201cSeg\u00fan las Escrituras, nuestra identidad de g\u00e9nero, seg\u00fan la dise\u00f1\u00f3 Dios, est\u00e1 determinada por nuestro sexo biol\u00f3gico al momento del nacimiento\u201d, expres\u00f3.<\/p>\n<p><div id=\"attachment_101289\" style=\"width: 877px\" class=\"wp-caption aligncenter\"><img decoding=\"async\" aria-describedby=\"caption-attachment-101289\" class=\" wp-image-101287\" src=\"https:\/\/interamerica.org\/wp-content\/uploads\/2023\/07\/seld2023-july25-audience-morning.jpg\" alt=\"\" width=\"867\" height=\"578\" srcset=\"https:\/\/interamerica.org\/wp-content\/uploads\/2023\/07\/seld2023-july25-audience-morning.jpg 1000w, https:\/\/interamerica.org\/wp-content\/uploads\/2023\/07\/seld2023-july25-audience-morning-300x200.jpg 300w, https:\/\/interamerica.org\/wp-content\/uploads\/2023\/07\/seld2023-july25-audience-morning-768x512.jpg 768w\" sizes=\"(max-width: 867px) 100vw, 867px\" \/><p id=\"caption-attachment-101289\" class=\"wp-caption-text\">M\u00e1s de cuatrocientos delegados escuchan la presentaci\u00f3n sobre cuestiones de g\u00e9nero el 25 de julio de 2023. Otras cientos de delegados registrados siguieron el programa en l\u00ednea. [Fotograf\u00eda: Libna Stevens\/DIA]<\/p><\/div>La declaraci\u00f3n de la iglesia enfatiza que \u201csi bien la disforia de g\u00e9nero, una afecci\u00f3n m\u00e9dica reconocida, no es intr\u00ednsecamente pecaminosa, podr\u00eda resultar en elecciones pecaminosas\u201d. Y a\u00f1ade: \u201cMientras las personas transg\u00e9nero se comprometan con ordenar sus vidas seg\u00fan las ense\u00f1anzas b\u00edblicas sobre sexualidad y matrimonio, pueden ser miembros de la Iglesia Adventista\u201d.<\/p>\n<p><strong>Las personas transg\u00e9nero en la iglesia<\/strong><\/p>\n<p>Al mismo tiempo, la disforia de g\u00e9nero puede resultar en el travestismo, por ejemplo, y en la cirug\u00eda de reasignaci\u00f3n de sexo, y el deseo de tener una relaci\u00f3n marital con una persona del mismo sexo biol\u00f3gico, record\u00f3 McFarland al citar el documento. Pero no importa qu\u00e9 elecciones haya tomado una persona, enfatiz\u00f3 \u00e9l, \u201cla iglesia como comunidad de Jesucristo tiene por prop\u00f3sito ser un refugio y un lugar de esperanza, solicitud y comprensi\u00f3n a todos los que est\u00e1n perplejos, que sufren, que est\u00e1n luchando y est\u00e1n solos [\u2026]. Todos est\u00e1n invitados a asistir a la Iglesia Adventista y disfrutar de la comuni\u00f3n de sus creyentes\u201d.<\/p>\n<p><div id=\"attachment_101311\" style=\"width: 898px\" class=\"wp-caption aligncenter\"><img decoding=\"async\" aria-describedby=\"caption-attachment-101311\" class=\" wp-image-101309\" src=\"https:\/\/interamerica.org\/wp-content\/uploads\/2023\/07\/seld2023-todd-mcfarland-jul25-1.jpg\" alt=\"\" width=\"888\" height=\"592\" srcset=\"https:\/\/interamerica.org\/wp-content\/uploads\/2023\/07\/seld2023-todd-mcfarland-jul25-1.jpg 1000w, https:\/\/interamerica.org\/wp-content\/uploads\/2023\/07\/seld2023-todd-mcfarland-jul25-1-300x200.jpg 300w, https:\/\/interamerica.org\/wp-content\/uploads\/2023\/07\/seld2023-todd-mcfarland-jul25-1-768x511.jpg 768w\" sizes=\"(max-width: 888px) 100vw, 888px\" \/><p id=\"caption-attachment-101311\" class=\"wp-caption-text\">Cientos de delegados a la SeLD escuchan con atenci\u00f3n a la presentaci\u00f3n de Todd McFarland sobre cuestiones de g\u00e9nero y a la declaraci\u00f3n de la iglesia sobre el tema. [Photo: Libna Stevens\/IAD]<\/p><\/div>Explic\u00f3 a\u00fan m\u00e1s ese punto: \u201cComo iglesia, estamos acostumbrados a tratar con personas que toman decisiones que difieren de nuestras creencias. Nuestra manera de relacionarnos con ello es extremadamente importante. \u00bfLos acogemos, o los arrojamos a las tinieblas?\u201d pregunt\u00f3.<\/p>\n<p>McFarland enfatiz\u00f3 que ser amable con todos no necesariamente significa que estemos de acuerdo con las elecciones de vida de una persona. \u201cEn nuestras iglesias, aceptamos que las personas no guardan el s\u00e1bado o siguen las ense\u00f1anzas de la iglesia relacionadas con el r\u00e9gimen de alimentaci\u00f3n\u201d, dijo. \u201cNo forzamos a otros a que crean lo que creemos antes de invitarlos a asistir a nuestros cultos. Lo mismo se aplica a las personas transg\u00e9nero. Esas personas deber\u00edan sentirse bienvenidas en nuestras iglesias, aun si no son miembros. Ser una persona transg\u00e9nero y vivir como tal no deber\u00eda descalificar a alguien de la asistencia a nuestros cultos, aun si no puede ser miembro de iglesia. Todas las personas, incluidas las personas transg\u00e9nero, deber\u00edan sentirse amadas y aceptadas en la Iglesia Adventista\u201d.<\/p>\n<p><div id=\"attachment_101283\" style=\"width: 880px\" class=\"wp-caption aligncenter\"><img loading=\"lazy\" decoding=\"async\" aria-describedby=\"caption-attachment-101283\" class=\" wp-image-101281\" src=\"https:\/\/interamerica.org\/wp-content\/uploads\/2023\/07\/seld23-oscar-camacho-unadeca.jpg\" alt=\"\" width=\"870\" height=\"558\" srcset=\"https:\/\/interamerica.org\/wp-content\/uploads\/2023\/07\/seld23-oscar-camacho-unadeca.jpg 1000w, https:\/\/interamerica.org\/wp-content\/uploads\/2023\/07\/seld23-oscar-camacho-unadeca-300x192.jpg 300w, https:\/\/interamerica.org\/wp-content\/uploads\/2023\/07\/seld23-oscar-camacho-unadeca-768x492.jpg 768w\" sizes=\"(max-width: 870px) 100vw, 870px\" \/><p id=\"caption-attachment-101283\" class=\"wp-caption-text\">Oscar Camacho, rector de la Universidad Adventista Centroamericana en Alajuela, Costa Rica, pregunta qu\u00e9 pueden hacer las instituciones para acomodar a las personas transg\u00e9nero que quieran estudiar en un campus adventista. [Fotograf\u00eda: John Garcia\/DIA]<\/p><\/div><strong>Qu\u00e9 pueden hacer las iglesias locales<\/strong><\/p>\n<p>En la pr\u00e1ctica, la presencia de las personas transg\u00e9neros en las congregaciones e instituciones adventistas puede tener el potencial de \u00e1reas de conflicto, lo que incluyen cuestiones de vestimenta y apariencia, el uso de pronombres y nombres, el uso de cuartos de ba\u00f1o y casilleros, y la pr\u00e1ctica de deportes. McFarland explic\u00f3 que la Declaraci\u00f3n de la Iglesia Adventista sobre las personas transg\u00e9nero cubre principios generales y describe algunas elecciones inapropiadas, pero no cubre todas las instancias en todas las iglesias locales.<\/p>\n<p>Como bien pueden haber hallado los pastores de iglesia y los miembros, algunas personas llegan a la iglesia y llegan a conocer el mensaje adventista mientras acarrean las consecuencias de decisiones que tomaron muchos a\u00f1os antes. \u201cEn esas instancias, una iglesia local deber\u00eda relacionarse con ellos estudiando cada caso en forma individual\u201d, aconsej\u00f3, \u201csiempre teniendo en cuenta lo que dicen la declaraci\u00f3n de la iglesia y el Manual de la iglesia\u201d.<\/p>\n<p>En general, dijo McFarland, es sumamente probable que esas cuestiones hayan llegado para quedarse, y en el futuro, podr\u00edan incluir riesgos de reputaci\u00f3n para la Iglesia Adventista. \u201cAlgunos ven las cuestiones relacionadas con las personas transg\u00e9nero como equivalentes a la discriminaci\u00f3n racial\u201d, expres\u00f3. \u201cAunque yo creo que estos temas son diferentes, algunos creen que son lo mismo\u201d.<\/p>\n<p><div id=\"attachment_101286\" style=\"width: 879px\" class=\"wp-caption aligncenter\"><img loading=\"lazy\" decoding=\"async\" aria-describedby=\"caption-attachment-101286\" class=\" wp-image-101284\" src=\"https:\/\/interamerica.org\/wp-content\/uploads\/2023\/07\/seld-terry-tannis-atcu-ymd.jpg\" alt=\"\" width=\"869\" height=\"537\" srcset=\"https:\/\/interamerica.org\/wp-content\/uploads\/2023\/07\/seld-terry-tannis-atcu-ymd.jpg 1000w, https:\/\/interamerica.org\/wp-content\/uploads\/2023\/07\/seld-terry-tannis-atcu-ymd-300x185.jpg 300w, https:\/\/interamerica.org\/wp-content\/uploads\/2023\/07\/seld-terry-tannis-atcu-ymd-768x475.jpg 768w\" sizes=\"(max-width: 869px) 100vw, 869px\" \/><p id=\"caption-attachment-101286\" class=\"wp-caption-text\">Terry Tannis, director de ministerios j\u00f3venes de la Uni\u00f3n del Caribe Atl\u00e1ntico, pregunta sobre el posible inconveniente con individuos transg\u00e9nero que deseen ser bautizados. [Fotograf\u00eda: John Garcia\/DIA]<\/p><\/div>McFarland hizo un llamado a reforzar la posici\u00f3n hist\u00f3rica adventista, que incluye permitir que cada persona tenga libertad de conciencia, siga el ejemplo de Cristo al tratar con personas que est\u00e1n lejos del ideal de Dios y, ante la duda, consulte con los organismos pertinentes.<\/p>\n<p>\u201cCuando surge una cuesti\u00f3n a nivel local, llamen a su asociaci\u00f3n, uni\u00f3n y divisi\u00f3n\u201d, aconsej\u00f3 McFarland. \u201cHay personas que pueden ayudarlo para tratar con estas cuestiones\u201d.<\/p>\n<p><strong>Comentarios de los l\u00edderes<\/strong><\/p>\n<p>Para Erixson Surisaday Barrios, pastor distrital de siete iglesias en la regi\u00f3n metropolitana de Ciudad de Guatemala, Guatemala, escuchar que los l\u00edderes hablen de cuestiones de g\u00e9neros es algo que la iglesia deber\u00eda haber hecho hace mucho. Dese\u00f3 haber sabido m\u00e1s hace ocho a\u00f1os, cuando un joven que luchaba con su sexualidad se le acerc\u00f3. \u201cFracas\u00e9 porque no tuve una respuesta compasiva con \u00e9l en mi intento por defender los principios b\u00edblicos, y creo que eso le caus\u00f3 m\u00e1s da\u00f1o. Es algo que me averg\u00fcenza\u201d, dijo Surisaday.<\/p>\n<p><div id=\"attachment_101308\" style=\"width: 856px\" class=\"wp-caption aligncenter\"><img loading=\"lazy\" decoding=\"async\" aria-describedby=\"caption-attachment-101308\" class=\" wp-image-101306\" src=\"https:\/\/interamerica.org\/wp-content\/uploads\/2023\/07\/seld23-erixson-surisaday-guau.jpg\" alt=\"\" width=\"846\" height=\"555\" srcset=\"https:\/\/interamerica.org\/wp-content\/uploads\/2023\/07\/seld23-erixson-surisaday-guau.jpg 1000w, https:\/\/interamerica.org\/wp-content\/uploads\/2023\/07\/seld23-erixson-surisaday-guau-300x197.jpg 300w, https:\/\/interamerica.org\/wp-content\/uploads\/2023\/07\/seld23-erixson-surisaday-guau-768x504.jpg 768w\" sizes=\"(max-width: 846px) 100vw, 846px\" \/><p id=\"caption-attachment-101308\" class=\"wp-caption-text\">Erixson Surisday Barrios, pastor distrital en Guatemala, admite que deber\u00eda haber sabido c\u00f3mo hablar mejor con un joven que estaba luchando con su sexualidad ocho a\u00f1os atr\u00e1s. \u201cFracas\u00e9 porque no tuve una respuesta compasiva con \u00e9l en mi intento por defender los principios b\u00edblicos, y creo que eso le caus\u00f3 m\u00e1s da\u00f1o. Es algo que me averg\u00fcenza\u201d. [Fotograf\u00eda: Libna Stevens\/DIA]<\/p><\/div>La experiencia lo llev\u00f3 a comprender mejor la perspectiva b\u00edblica y aprender sobre la epigen\u00e9tica, o el estudio de c\u00f3mo el medio ambiente puede afectar la manera en que funcionan los genes de una persona, o la manera en que el cuerpo lee una secuencia de ADN como resultado de la experiencia en ese ambiente. \u201cEs una cuesti\u00f3n sumamente complicada, y la iglesia necesita comprender estas cuestiones, hablarlas m\u00e1s. La comunicaci\u00f3n es clave, desde los principales administradores al resto, para que no tengamos temor o nos aproximemos a estos temas de la mejor manera posible\u201d, expres\u00f3.<\/p>\n<p>Ha sido una experiencia de aprendizaje, pero tiene claro en la mente que es necesario usar una respuesta alentadora con los individuos que luchan con cuestiones de g\u00e9nero, ofreci\u00e9ndoles alternativas sin transgredir los principios b\u00edblicos. \u201cDesear\u00eda haber podido mostrar a este joven que ten\u00eda una iglesia y un pastor bondadosos, dispuestos a ayudarlo en su lucha, en el estudio de la Biblia, y en guiarlo a profesionales especializados que puedan ayudarlo\u201d, dijo el pastor Surisaday.<\/p>\n<p><strong>Ante casos de la vida real<\/strong><\/p>\n<p>Julio Rodr\u00edguez, quien presta servicios como secretario ejecutivo de la Asociaci\u00f3n del Atl\u00e1ntico Colombiano, dijo que responder a cuestiones que puede tener una persona respecto de su preferencia sexual puede ser un gran desaf\u00edo. Al dirigir un servicio de un grupo peque\u00f1o de adoraci\u00f3n en la comunidad, un hombre que hab\u00eda estado de duelo por la p\u00e9rdida de su compa\u00f1ero lleg\u00f3 hasta el lugar buscando sentir paz.<\/p>\n<p><div id=\"attachment_101298\" style=\"width: 871px\" class=\"wp-caption aligncenter\"><img loading=\"lazy\" decoding=\"async\" aria-describedby=\"caption-attachment-101298\" class=\" wp-image-101296\" src=\"https:\/\/interamerica.org\/wp-content\/uploads\/2023\/07\/seld23-julian-rodriguez-nocu.jpg\" alt=\"\" width=\"861\" height=\"538\" srcset=\"https:\/\/interamerica.org\/wp-content\/uploads\/2023\/07\/seld23-julian-rodriguez-nocu.jpg 1000w, https:\/\/interamerica.org\/wp-content\/uploads\/2023\/07\/seld23-julian-rodriguez-nocu-300x188.jpg 300w, https:\/\/interamerica.org\/wp-content\/uploads\/2023\/07\/seld23-julian-rodriguez-nocu-768x480.jpg 768w\" sizes=\"(max-width: 861px) 100vw, 861px\" \/><p id=\"caption-attachment-101298\" class=\"wp-caption-text\">El pastor Julio Rodr\u00edguez, secretario ejecutivo de la Asociaci\u00f3n del Atl\u00e1ntico Colombiano, dijo que la iglesia necesita hallar maneras mejores de conectarse de manera bondadosa con los que luchan con cuestiones de g\u00e9nero. [Fotograf\u00eda: Libna Stevens\/DIA]<\/p><\/div>\u201cComenc\u00e9 a estudiar la Biblia con \u00e9l sobre el estado de los muertos y los principios b\u00edblicos, y esta persona estaba convencida, dado que comprend\u00eda todo. Sin embargo, despu\u00e9s de meses de estudiar, se alej\u00f3 frustrado, porque quer\u00eda tener la seguridad de que se encontrar\u00eda con su esposo en el cielo\u201d, dijo Rodr\u00edguez.<\/p>\n<p>Los l\u00edderes de la iglesia necesitan hablar m\u00e1s sobre cuestiones de g\u00e9nero. \u201cNecesitamos hallar mejores maneras de conectarnos de manera bondadosa con los que est\u00e1n luchando con estas cuestiones de g\u00e9nero; es una cuesti\u00f3n apremiante\u201d, dijo. Rodr\u00edguez agreg\u00f3 que tiene planes de presentar el tema durante la pr\u00f3xima conferencia con cientos de ancianos de iglesia y 27 pastores distritales.<\/p>\n<p>El pastor Cesar Hern\u00e1ndez, presidente de la Asociaci\u00f3n Azteca en Ciudad de M\u00e9xico, que cuenta con una feligres\u00eda de m\u00e1s de veinte mil, dijo que es importante estudiar la declaraci\u00f3n de la iglesia sobre cuestiones de g\u00e9nero para enfrentar mejor lo que pueda surgir en las iglesias y escuelas. \u201cMuchos individuos afirman los derechos humanos en lo que respecta a las cuestiones de g\u00e9nero, y es importante navegar con mucho cuidado, garantizando que no contradigamos nuestras creencias b\u00edblicas, sino que seamos una iglesia compasiva respecto de esas cuestiones\u201d.<\/p>\n<p><div id=\"attachment_101305\" style=\"width: 877px\" class=\"wp-caption aligncenter\"><img loading=\"lazy\" decoding=\"async\" aria-describedby=\"caption-attachment-101305\" class=\" wp-image-101303\" src=\"https:\/\/interamerica.org\/wp-content\/uploads\/2023\/07\/cesar-hernandez-seld2023-aztecaconf.jpg\" alt=\"\" width=\"867\" height=\"542\" srcset=\"https:\/\/interamerica.org\/wp-content\/uploads\/2023\/07\/cesar-hernandez-seld2023-aztecaconf.jpg 1000w, https:\/\/interamerica.org\/wp-content\/uploads\/2023\/07\/cesar-hernandez-seld2023-aztecaconf-300x188.jpg 300w, https:\/\/interamerica.org\/wp-content\/uploads\/2023\/07\/cesar-hernandez-seld2023-aztecaconf-768x480.jpg 768w\" sizes=\"(max-width: 867px) 100vw, 867px\" \/><p id=\"caption-attachment-101305\" class=\"wp-caption-text\">C\u00e9sar Hern\u00e1ndez, presidente de la Asociaci\u00f3n Azteca en Ciudad de M\u00e9xico, dice que los l\u00edderes de la iglesia necesitan aprender c\u00f3mo navegar mejor por las complejidades que presentan las cuestiones de g\u00e9nero. [Fotograf\u00eda: Libna Stevens\/DIA]<\/p><\/div><strong>Necesidad de hablar m\u00e1s del tema<\/strong><\/p>\n<p>Han existido varios casos con los que ha tenido que tratar la iglesia en su territorio. En una de las escuelas adventistas m\u00e1s grandes all\u00ed, hab\u00eda un estudiante de escuela media que estaba luchando con su orientaci\u00f3n. Sus padres, que eran miembros de iglesia, decidieron sacar a ese hijo y tratar la cuesti\u00f3n como una cuesti\u00f3n familiar privada. Eso llev\u00f3 a los l\u00edderes y el personal de la escuela a que ofrecieran profundos b\u00edblicos m\u00e1s profundos a los estudiantes como parte del curr\u00edculum. \u201cLos chicos actuales juegan con aplicaciones que formulan preguntas sobre su preferencia de g\u00e9nero, y en ocasiones, pueden verse influidos por sugerencias por sus amigos, y ser llevados a cuestionarse su identidad u orientaci\u00f3n\u201d, dijo Hern\u00e1ndez.<\/p>\n<p>No hay duda de que surgir\u00e1n m\u00e1s cuestiones, dijo Hern\u00e1ndez. Dijo que est\u00e1 planeando reunirse con los veinte pastores de la asociaci\u00f3n durante la reuni\u00f3n mensual que tienen, para comenzar a hablar sobre el tema, sobre cuestiones que puedan surgir en sus congregaciones, y sobre cu\u00e1l es la mejor manera de navegar por las complejidades que presentan las cuestiones de g\u00e9nero. \u201cNecesitamos comenzar a aprender sobre c\u00f3mo enfrentar estos desaf\u00edos como iglesia, y c\u00f3mo representar mejor a Jes\u00fas en cada situaci\u00f3n\u201d, expres\u00f3.<\/p>\n<p>Traducci\u00f3n de Marcos Paseggi<\/p>\n","protected":false},"excerpt":{"rendered":"<p>27 de julio de 2023 | Miami, Florida, Estados Unidos | Marcos Paseggi y Libna Stevens, Noticias de la Divisi\u00f3n Interamericana Toda persona, no importa cu\u00e1les sean sus elecciones de&#8230;<\/p>\n","protected":false},"author":3,"featured_media":101295,"comment_status":"closed","ping_status":"closed","sticky":false,"template":"","format":"standard","meta":{"_acf_changed":false,"footnotes":""},"categories":[16,15],"tags":[],"class_list":["post-101330","post","type-post","status-publish","format-standard","has-post-thumbnail","hentry","category-desde-la-sede","category-rss-espanol"],"acf":[],"yoast_head":"<!-- This site is optimized with the Yoast SEO plugin v27.3 - https:\/\/yoast.com\/product\/yoast-seo-wordpress\/ -->\n<title>Experto analiza la posici\u00f3n de la Iglesia Adventista respecto de las cuestiones de g\u00e9nero - Iglesia Adventista del S\u00e9ptimo D\u00eda - Divisi\u00f3n Interamericana<\/title>\n<meta name=\"robots\" content=\"index, follow, max-snippet:-1, max-image-preview:large, max-video-preview:-1\" \/>\n<link rel=\"canonical\" href=\"https:\/\/interamerica.org\/es\/2023\/07\/experto-analiza-la-posicion-de-la-iglesia-adventista-respecto-de-las-cuestiones-de-genero\/\" \/>\n<meta property=\"og:locale\" content=\"es_ES\" \/>\n<meta property=\"og:type\" content=\"article\" \/>\n<meta property=\"og:title\" content=\"Experto analiza la posici\u00f3n de la Iglesia Adventista respecto de las cuestiones de g\u00e9nero - Iglesia Adventista del S\u00e9ptimo D\u00eda - Divisi\u00f3n Interamericana\" \/>\n<meta property=\"og:description\" content=\"27 de julio de 2023 | Miami, Florida, Estados Unidos | Marcos Paseggi y Libna Stevens, Noticias de la Divisi\u00f3n Interamericana Toda persona, no importa cu\u00e1les sean sus elecciones de...\" \/>\n<meta property=\"og:url\" content=\"https:\/\/interamerica.org\/es\/2023\/07\/experto-analiza-la-posicion-de-la-iglesia-adventista-respecto-de-las-cuestiones-de-genero\/\" \/>\n<meta property=\"og:site_name\" content=\"Iglesia Adventista del S\u00e9ptimo D\u00eda - Divisi\u00f3n Interamericana\" \/>\n<meta property=\"article:published_time\" content=\"2023-07-28T16:30:32+00:00\" \/>\n<meta property=\"article:modified_time\" content=\"2023-07-28T20:17:03+00:00\" \/>\n<meta property=\"og:image\" content=\"https:\/\/interamerica.org\/wp-content\/uploads\/2023\/07\/todd-mcfarland-seld2023-jul25.jpg\" \/>\n\t<meta property=\"og:image:width\" content=\"1000\" \/>\n\t<meta property=\"og:image:height\" content=\"667\" \/>\n\t<meta property=\"og:image:type\" content=\"image\/jpeg\" \/>\n<meta name=\"author\" content=\"libna\" \/>\n<meta name=\"twitter:card\" content=\"summary_large_image\" \/>\n<meta name=\"twitter:label1\" content=\"Escrito por\" \/>\n\t<meta name=\"twitter:data1\" content=\"libna\" \/>\n\t<meta name=\"twitter:label2\" content=\"Tiempo de lectura\" \/>\n\t<meta name=\"twitter:data2\" content=\"11 minutos\" \/>\n<script type=\"application\/ld+json\" class=\"yoast-schema-graph\">{\"@context\":\"https:\\\/\\\/schema.org\",\"@graph\":[{\"@type\":\"Article\",\"@id\":\"https:\\\/\\\/interamerica.org\\\/es\\\/2023\\\/07\\\/experto-analiza-la-posicion-de-la-iglesia-adventista-respecto-de-las-cuestiones-de-genero\\\/#article\",\"isPartOf\":{\"@id\":\"https:\\\/\\\/interamerica.org\\\/es\\\/2023\\\/07\\\/experto-analiza-la-posicion-de-la-iglesia-adventista-respecto-de-las-cuestiones-de-genero\\\/\"},\"author\":{\"name\":\"libna\",\"@id\":\"https:\\\/\\\/interamerica.org\\\/es\\\/#\\\/schema\\\/person\\\/29998f2bc2d8bd0d38662909289b54f1\"},\"headline\":\"Experto analiza la posici\u00f3n de la Iglesia Adventista respecto de las cuestiones de g\u00e9nero\",\"datePublished\":\"2023-07-28T16:30:32+00:00\",\"dateModified\":\"2023-07-28T20:17:03+00:00\",\"mainEntityOfPage\":{\"@id\":\"https:\\\/\\\/interamerica.org\\\/es\\\/2023\\\/07\\\/experto-analiza-la-posicion-de-la-iglesia-adventista-respecto-de-las-cuestiones-de-genero\\\/\"},\"wordCount\":2222,\"image\":{\"@id\":\"https:\\\/\\\/interamerica.org\\\/es\\\/2023\\\/07\\\/experto-analiza-la-posicion-de-la-iglesia-adventista-respecto-de-las-cuestiones-de-genero\\\/#primaryimage\"},\"thumbnailUrl\":\"https:\\\/\\\/interamerica.org\\\/wp-content\\\/uploads\\\/2023\\\/07\\\/todd-mcfarland-seld2023-jul25.jpg\",\"articleSection\":[\"Desde la sede\",\"RSS Espa\u00f1ol\"],\"inLanguage\":\"es\"},{\"@type\":\"WebPage\",\"@id\":\"https:\\\/\\\/interamerica.org\\\/es\\\/2023\\\/07\\\/experto-analiza-la-posicion-de-la-iglesia-adventista-respecto-de-las-cuestiones-de-genero\\\/\",\"url\":\"https:\\\/\\\/interamerica.org\\\/es\\\/2023\\\/07\\\/experto-analiza-la-posicion-de-la-iglesia-adventista-respecto-de-las-cuestiones-de-genero\\\/\",\"name\":\"Experto analiza la posici\u00f3n de la Iglesia Adventista respecto de las cuestiones de g\u00e9nero - Iglesia Adventista del S\u00e9ptimo D\u00eda - Divisi\u00f3n Interamericana\",\"isPartOf\":{\"@id\":\"https:\\\/\\\/interamerica.org\\\/es\\\/#website\"},\"primaryImageOfPage\":{\"@id\":\"https:\\\/\\\/interamerica.org\\\/es\\\/2023\\\/07\\\/experto-analiza-la-posicion-de-la-iglesia-adventista-respecto-de-las-cuestiones-de-genero\\\/#primaryimage\"},\"image\":{\"@id\":\"https:\\\/\\\/interamerica.org\\\/es\\\/2023\\\/07\\\/experto-analiza-la-posicion-de-la-iglesia-adventista-respecto-de-las-cuestiones-de-genero\\\/#primaryimage\"},\"thumbnailUrl\":\"https:\\\/\\\/interamerica.org\\\/wp-content\\\/uploads\\\/2023\\\/07\\\/todd-mcfarland-seld2023-jul25.jpg\",\"datePublished\":\"2023-07-28T16:30:32+00:00\",\"dateModified\":\"2023-07-28T20:17:03+00:00\",\"author\":{\"@id\":\"https:\\\/\\\/interamerica.org\\\/es\\\/#\\\/schema\\\/person\\\/29998f2bc2d8bd0d38662909289b54f1\"},\"breadcrumb\":{\"@id\":\"https:\\\/\\\/interamerica.org\\\/es\\\/2023\\\/07\\\/experto-analiza-la-posicion-de-la-iglesia-adventista-respecto-de-las-cuestiones-de-genero\\\/#breadcrumb\"},\"inLanguage\":\"es\",\"potentialAction\":[{\"@type\":\"ReadAction\",\"target\":[\"https:\\\/\\\/interamerica.org\\\/es\\\/2023\\\/07\\\/experto-analiza-la-posicion-de-la-iglesia-adventista-respecto-de-las-cuestiones-de-genero\\\/\"]}]},{\"@type\":\"ImageObject\",\"inLanguage\":\"es\",\"@id\":\"https:\\\/\\\/interamerica.org\\\/es\\\/2023\\\/07\\\/experto-analiza-la-posicion-de-la-iglesia-adventista-respecto-de-las-cuestiones-de-genero\\\/#primaryimage\",\"url\":\"https:\\\/\\\/interamerica.org\\\/wp-content\\\/uploads\\\/2023\\\/07\\\/todd-mcfarland-seld2023-jul25.jpg\",\"contentUrl\":\"https:\\\/\\\/interamerica.org\\\/wp-content\\\/uploads\\\/2023\\\/07\\\/todd-mcfarland-seld2023-jul25.jpg\",\"width\":1000,\"height\":667,\"caption\":\"[Photo: Libna Stevens\\\/IAD]\"},{\"@type\":\"BreadcrumbList\",\"@id\":\"https:\\\/\\\/interamerica.org\\\/es\\\/2023\\\/07\\\/experto-analiza-la-posicion-de-la-iglesia-adventista-respecto-de-las-cuestiones-de-genero\\\/#breadcrumb\",\"itemListElement\":[{\"@type\":\"ListItem\",\"position\":1,\"name\":\"Home\",\"item\":\"https:\\\/\\\/interamerica.org\\\/es\\\/\"},{\"@type\":\"ListItem\",\"position\":2,\"name\":\"Experto analiza la posici\u00f3n de la Iglesia Adventista respecto de las cuestiones de g\u00e9nero\"}]},{\"@type\":\"WebSite\",\"@id\":\"https:\\\/\\\/interamerica.org\\\/es\\\/#website\",\"url\":\"https:\\\/\\\/interamerica.org\\\/es\\\/\",\"name\":\"Iglesia Adventista del S\u00e9ptimo D\u00eda - Divisi\u00f3n Interamericana\",\"description\":\"\",\"potentialAction\":[{\"@type\":\"SearchAction\",\"target\":{\"@type\":\"EntryPoint\",\"urlTemplate\":\"https:\\\/\\\/interamerica.org\\\/es\\\/?s={search_term_string}\"},\"query-input\":{\"@type\":\"PropertyValueSpecification\",\"valueRequired\":true,\"valueName\":\"search_term_string\"}}],\"inLanguage\":\"es\"},{\"@type\":\"Person\",\"@id\":\"https:\\\/\\\/interamerica.org\\\/es\\\/#\\\/schema\\\/person\\\/29998f2bc2d8bd0d38662909289b54f1\",\"name\":\"libna\",\"image\":{\"@type\":\"ImageObject\",\"inLanguage\":\"es\",\"@id\":\"https:\\\/\\\/secure.gravatar.com\\\/avatar\\\/7c5bd30ae4b47a9ba3c856590957fd1d96dc588bf3ac05719d247e126840331f?s=96&d=mm&r=g\",\"url\":\"https:\\\/\\\/secure.gravatar.com\\\/avatar\\\/7c5bd30ae4b47a9ba3c856590957fd1d96dc588bf3ac05719d247e126840331f?s=96&d=mm&r=g\",\"contentUrl\":\"https:\\\/\\\/secure.gravatar.com\\\/avatar\\\/7c5bd30ae4b47a9ba3c856590957fd1d96dc588bf3ac05719d247e126840331f?s=96&d=mm&r=g\",\"caption\":\"libna\"}}]}<\/script>\n<!-- \/ Yoast SEO plugin. -->","yoast_head_json":{"title":"Experto analiza la posici\u00f3n de la Iglesia Adventista respecto de las cuestiones de g\u00e9nero - Iglesia Adventista del S\u00e9ptimo D\u00eda - Divisi\u00f3n Interamericana","robots":{"index":"index","follow":"follow","max-snippet":"max-snippet:-1","max-image-preview":"max-image-preview:large","max-video-preview":"max-video-preview:-1"},"canonical":"https:\/\/interamerica.org\/es\/2023\/07\/experto-analiza-la-posicion-de-la-iglesia-adventista-respecto-de-las-cuestiones-de-genero\/","og_locale":"es_ES","og_type":"article","og_title":"Experto analiza la posici\u00f3n de la Iglesia Adventista respecto de las cuestiones de g\u00e9nero - Iglesia Adventista del S\u00e9ptimo D\u00eda - Divisi\u00f3n Interamericana","og_description":"27 de julio de 2023 | Miami, Florida, Estados Unidos | Marcos Paseggi y Libna Stevens, Noticias de la Divisi\u00f3n Interamericana Toda persona, no importa cu\u00e1les sean sus elecciones de...","og_url":"https:\/\/interamerica.org\/es\/2023\/07\/experto-analiza-la-posicion-de-la-iglesia-adventista-respecto-de-las-cuestiones-de-genero\/","og_site_name":"Iglesia Adventista del S\u00e9ptimo D\u00eda - Divisi\u00f3n Interamericana","article_published_time":"2023-07-28T16:30:32+00:00","article_modified_time":"2023-07-28T20:17:03+00:00","og_image":[{"width":1000,"height":667,"url":"https:\/\/interamerica.org\/wp-content\/uploads\/2023\/07\/todd-mcfarland-seld2023-jul25.jpg","type":"image\/jpeg"}],"author":"libna","twitter_card":"summary_large_image","twitter_misc":{"Escrito por":"libna","Tiempo de lectura":"11 minutos"},"schema":{"@context":"https:\/\/schema.org","@graph":[{"@type":"Article","@id":"https:\/\/interamerica.org\/es\/2023\/07\/experto-analiza-la-posicion-de-la-iglesia-adventista-respecto-de-las-cuestiones-de-genero\/#article","isPartOf":{"@id":"https:\/\/interamerica.org\/es\/2023\/07\/experto-analiza-la-posicion-de-la-iglesia-adventista-respecto-de-las-cuestiones-de-genero\/"},"author":{"name":"libna","@id":"https:\/\/interamerica.org\/es\/#\/schema\/person\/29998f2bc2d8bd0d38662909289b54f1"},"headline":"Experto analiza la posici\u00f3n de la Iglesia Adventista respecto de las cuestiones de g\u00e9nero","datePublished":"2023-07-28T16:30:32+00:00","dateModified":"2023-07-28T20:17:03+00:00","mainEntityOfPage":{"@id":"https:\/\/interamerica.org\/es\/2023\/07\/experto-analiza-la-posicion-de-la-iglesia-adventista-respecto-de-las-cuestiones-de-genero\/"},"wordCount":2222,"image":{"@id":"https:\/\/interamerica.org\/es\/2023\/07\/experto-analiza-la-posicion-de-la-iglesia-adventista-respecto-de-las-cuestiones-de-genero\/#primaryimage"},"thumbnailUrl":"https:\/\/interamerica.org\/wp-content\/uploads\/2023\/07\/todd-mcfarland-seld2023-jul25.jpg","articleSection":["Desde la sede","RSS Espa\u00f1ol"],"inLanguage":"es"},{"@type":"WebPage","@id":"https:\/\/interamerica.org\/es\/2023\/07\/experto-analiza-la-posicion-de-la-iglesia-adventista-respecto-de-las-cuestiones-de-genero\/","url":"https:\/\/interamerica.org\/es\/2023\/07\/experto-analiza-la-posicion-de-la-iglesia-adventista-respecto-de-las-cuestiones-de-genero\/","name":"Experto analiza la posici\u00f3n de la Iglesia Adventista respecto de las cuestiones de g\u00e9nero - Iglesia Adventista del S\u00e9ptimo D\u00eda - Divisi\u00f3n Interamericana","isPartOf":{"@id":"https:\/\/interamerica.org\/es\/#website"},"primaryImageOfPage":{"@id":"https:\/\/interamerica.org\/es\/2023\/07\/experto-analiza-la-posicion-de-la-iglesia-adventista-respecto-de-las-cuestiones-de-genero\/#primaryimage"},"image":{"@id":"https:\/\/interamerica.org\/es\/2023\/07\/experto-analiza-la-posicion-de-la-iglesia-adventista-respecto-de-las-cuestiones-de-genero\/#primaryimage"},"thumbnailUrl":"https:\/\/interamerica.org\/wp-content\/uploads\/2023\/07\/todd-mcfarland-seld2023-jul25.jpg","datePublished":"2023-07-28T16:30:32+00:00","dateModified":"2023-07-28T20:17:03+00:00","author":{"@id":"https:\/\/interamerica.org\/es\/#\/schema\/person\/29998f2bc2d8bd0d38662909289b54f1"},"breadcrumb":{"@id":"https:\/\/interamerica.org\/es\/2023\/07\/experto-analiza-la-posicion-de-la-iglesia-adventista-respecto-de-las-cuestiones-de-genero\/#breadcrumb"},"inLanguage":"es","potentialAction":[{"@type":"ReadAction","target":["https:\/\/interamerica.org\/es\/2023\/07\/experto-analiza-la-posicion-de-la-iglesia-adventista-respecto-de-las-cuestiones-de-genero\/"]}]},{"@type":"ImageObject","inLanguage":"es","@id":"https:\/\/interamerica.org\/es\/2023\/07\/experto-analiza-la-posicion-de-la-iglesia-adventista-respecto-de-las-cuestiones-de-genero\/#primaryimage","url":"https:\/\/interamerica.org\/wp-content\/uploads\/2023\/07\/todd-mcfarland-seld2023-jul25.jpg","contentUrl":"https:\/\/interamerica.org\/wp-content\/uploads\/2023\/07\/todd-mcfarland-seld2023-jul25.jpg","width":1000,"height":667,"caption":"[Photo: Libna Stevens\/IAD]"},{"@type":"BreadcrumbList","@id":"https:\/\/interamerica.org\/es\/2023\/07\/experto-analiza-la-posicion-de-la-iglesia-adventista-respecto-de-las-cuestiones-de-genero\/#breadcrumb","itemListElement":[{"@type":"ListItem","position":1,"name":"Home","item":"https:\/\/interamerica.org\/es\/"},{"@type":"ListItem","position":2,"name":"Experto analiza la posici\u00f3n de la Iglesia Adventista respecto de las cuestiones de g\u00e9nero"}]},{"@type":"WebSite","@id":"https:\/\/interamerica.org\/es\/#website","url":"https:\/\/interamerica.org\/es\/","name":"Iglesia Adventista del S\u00e9ptimo D\u00eda - Divisi\u00f3n Interamericana","description":"","potentialAction":[{"@type":"SearchAction","target":{"@type":"EntryPoint","urlTemplate":"https:\/\/interamerica.org\/es\/?s={search_term_string}"},"query-input":{"@type":"PropertyValueSpecification","valueRequired":true,"valueName":"search_term_string"}}],"inLanguage":"es"},{"@type":"Person","@id":"https:\/\/interamerica.org\/es\/#\/schema\/person\/29998f2bc2d8bd0d38662909289b54f1","name":"libna","image":{"@type":"ImageObject","inLanguage":"es","@id":"https:\/\/secure.gravatar.com\/avatar\/7c5bd30ae4b47a9ba3c856590957fd1d96dc588bf3ac05719d247e126840331f?s=96&d=mm&r=g","url":"https:\/\/secure.gravatar.com\/avatar\/7c5bd30ae4b47a9ba3c856590957fd1d96dc588bf3ac05719d247e126840331f?s=96&d=mm&r=g","contentUrl":"https:\/\/secure.gravatar.com\/avatar\/7c5bd30ae4b47a9ba3c856590957fd1d96dc588bf3ac05719d247e126840331f?s=96&d=mm&r=g","caption":"libna"}}]}},"_links":{"self":[{"href":"https:\/\/interamerica.org\/es\/wp-json\/wp\/v2\/posts\/101330","targetHints":{"allow":["GET"]}}],"collection":[{"href":"https:\/\/interamerica.org\/es\/wp-json\/wp\/v2\/posts"}],"about":[{"href":"https:\/\/interamerica.org\/es\/wp-json\/wp\/v2\/types\/post"}],"author":[{"embeddable":true,"href":"https:\/\/interamerica.org\/es\/wp-json\/wp\/v2\/users\/3"}],"replies":[{"embeddable":true,"href":"https:\/\/interamerica.org\/es\/wp-json\/wp\/v2\/comments?post=101330"}],"version-history":[{"count":0,"href":"https:\/\/interamerica.org\/es\/wp-json\/wp\/v2\/posts\/101330\/revisions"}],"wp:featuredmedia":[{"embeddable":true,"href":"https:\/\/interamerica.org\/es\/wp-json\/wp\/v2\/media\/101295"}],"wp:attachment":[{"href":"https:\/\/interamerica.org\/es\/wp-json\/wp\/v2\/media?parent=101330"}],"wp:term":[{"taxonomy":"category","embeddable":true,"href":"https:\/\/interamerica.org\/es\/wp-json\/wp\/v2\/categories?post=101330"},{"taxonomy":"post_tag","embeddable":true,"href":"https:\/\/interamerica.org\/es\/wp-json\/wp\/v2\/tags?post=101330"}],"curies":[{"name":"wp","href":"https:\/\/api.w.org\/{rel}","templated":true}]}}