{"id":101377,"date":"2023-07-28T15:40:44","date_gmt":"2023-07-28T19:40:44","guid":{"rendered":"https:\/\/interamerica.org\/?p=101377"},"modified":"2023-07-28T17:16:14","modified_gmt":"2023-07-28T21:16:14","slug":"lideres-y-defensores-de-salud-se-reunen-para-reflexionar-compartir-y-mejorar","status":"publish","type":"post","link":"https:\/\/interamerica.org\/es\/2023\/07\/lideres-y-defensores-de-salud-se-reunen-para-reflexionar-compartir-y-mejorar\/","title":{"rendered":"L\u00edderes y defensores de salud se re\u00fanen para reflexionar, compartir y mejorar"},"content":{"rendered":"<p><div id=\"attachment_101351\" style=\"width: 894px\" class=\"wp-caption aligncenter\"><img fetchpriority=\"high\" decoding=\"async\" aria-describedby=\"caption-attachment-101351\" class=\" wp-image-101349\" src=\"https:\/\/interamerica.org\/wp-content\/uploads\/2023\/07\/franck-geneus-healthsymposium2023.jpg\" alt=\"\" width=\"884\" height=\"589\" srcset=\"https:\/\/interamerica.org\/wp-content\/uploads\/2023\/07\/franck-geneus-healthsymposium2023.jpg 1000w, https:\/\/interamerica.org\/wp-content\/uploads\/2023\/07\/franck-geneus-healthsymposium2023-300x200.jpg 300w, https:\/\/interamerica.org\/wp-content\/uploads\/2023\/07\/franck-geneus-healthsymposium2023-768x512.jpg 768w\" sizes=\"(max-width: 884px) 100vw, 884px\" \/><p id=\"caption-attachment-101351\" class=\"wp-caption-text\">El doctor Franck Gen\u00e9us, director de ministerios de salud y presidente de Servicios Adventistas de Salud de Interam\u00e9rica, da la bienvenida a decenas de administradores de la iglesia, administradores de los hospitales y directores de ministerios de salud de toda la Divisi\u00f3n Interamericana para la ceremonia de apertura del Simposio de Salud de Interam\u00e9rica, en Miami, Florida, Estados Unidos, el 27 de julio de 2023. [Fotograf\u00eda: Libna Stevens\/DIA]<\/p><\/div>28 de julio de 2023 | Miami, Florida, Estados Unidos | Marcos Paseggi, para Noticias de la Divisi\u00f3n Interamericana<\/p>\n<p>Decenas de l\u00edderes de la Iglesia Adventista del S\u00e9ptimo D\u00eda en la Divisi\u00f3n Interamericana se reunieron para el Simposio de Salud \u201cJuntos en Misi\u00f3n\u201d en Miami, Florida, Estados Unidos, el 27 de julio. El evento de tres d\u00edas de duraci\u00f3n, una iniciativa conjunta de Servicios Adventistas de Salud de Interam\u00e9rica (AHSIA) y el departamento de ministerios de salud de la iglesia, llev\u00f3 a que otros 2500 l\u00edderes, pastores de iglesias locales y miembros de todo el territorio se registraran para participar en l\u00ednea.<\/p>\n<p>El simposio apunta a los administradores, pastores y miembros laicos involucrados en ministerios de salud de la Iglesia Adventista. Incluye administradores de los hospitales y cl\u00ednicas adventistas y presidentes de las uniones que presiden juntas de las cl\u00ednicas. Tambi\u00e9n incluye miembros que est\u00e1n comprometidos en hacer de lo ministerios de salud \u201cel brazo derecho del evangelio\u201d, como lo defini\u00f3 la cofundadora de la Iglesia Adventista Elena G. White hace m\u00e1s de un siglo.<\/p>\n<p><div id=\"attachment_101348\" style=\"width: 863px\" class=\"wp-caption aligncenter\"><img decoding=\"async\" aria-describedby=\"caption-attachment-101348\" class=\" wp-image-101346\" src=\"https:\/\/interamerica.org\/wp-content\/uploads\/2023\/07\/elie-henry-health-symposium-2023.jpg\" alt=\"\" width=\"853\" height=\"568\" srcset=\"https:\/\/interamerica.org\/wp-content\/uploads\/2023\/07\/elie-henry-health-symposium-2023.jpg 1000w, https:\/\/interamerica.org\/wp-content\/uploads\/2023\/07\/elie-henry-health-symposium-2023-300x200.jpg 300w, https:\/\/interamerica.org\/wp-content\/uploads\/2023\/07\/elie-henry-health-symposium-2023-768x511.jpg 768w\" sizes=\"(max-width: 853px) 100vw, 853px\" \/><p id=\"caption-attachment-101348\" class=\"wp-caption-text\">El pastor Elie Henry, presidente de la Divisi\u00f3n Interamericana, expres\u00f3 que el territorio se encuentra en un proceso que busca hacer que los ministerios de salud sean a\u00fan m\u00e1s efectivos. [Fotograf\u00eda: Libna Stevens\/DIA]<\/p><\/div>\u201cToda vez que decimos \u2018Juntos en Misi\u00f3n\u2019 aqu\u00ed en la Divisi\u00f3n Interamericana nos entusiasma\u201d, dijo el pastor Elie Henry, presidente de la Divisi\u00f3n Interamericana, \u201cporque todo lo que hacemos tiene que ver con la misi\u00f3n\u201d.<\/p>\n<p>En ese sentido, el pastor Henry explic\u00f3 que, como territorio de la iglesia, la Divisi\u00f3n Interamericana se encuentra en un proceso de hacer que los ministerios de salud sean a\u00fan m\u00e1s efectivos, \u201cpensando estrategias, adoptando las investigaciones, y fomentando una cultura de mejoras en nuestros servicios de salud. Y estamos aqu\u00ed para hablar de ello\u201d, dijo el pastor Henry. Y a\u00f1adi\u00f3: \u201cAl colaborar y combinar nuestros esfuerzos, podemos crear una fuerza para el cambio positivo\u201d.<\/p>\n<p><div id=\"attachment_101336\" style=\"width: 877px\" class=\"wp-caption aligncenter\"><img decoding=\"async\" aria-describedby=\"caption-attachment-101336\" class=\" wp-image-101334\" src=\"https:\/\/interamerica.org\/wp-content\/uploads\/2023\/07\/rutherford-award-healthsymposium-2023.jpg\" alt=\"\" width=\"867\" height=\"575\" srcset=\"https:\/\/interamerica.org\/wp-content\/uploads\/2023\/07\/rutherford-award-healthsymposium-2023.jpg 1000w, https:\/\/interamerica.org\/wp-content\/uploads\/2023\/07\/rutherford-award-healthsymposium-2023-300x199.jpg 300w, https:\/\/interamerica.org\/wp-content\/uploads\/2023\/07\/rutherford-award-healthsymposium-2023-768x509.jpg 768w\" sizes=\"(max-width: 867px) 100vw, 867px\" \/><p id=\"caption-attachment-101336\" class=\"wp-caption-text\">Donmayne Gyles (tercero desde la izquierda), administrador del Hospital Andrews Memorial en Jamaica, sostiene el premio dado a Patrick Rutherford, exadministrador del hospital, por su servicio destacado, devoci\u00f3n, dedicaci\u00f3n y trabajo duro en esa instituci\u00f3n de salud. [Fotograf\u00eda: Libna Stevens\/IAD]<\/p><\/div><strong>Sentidos reconocimientos<\/strong><\/p>\n<p>La primera parte del programa de apertura incluy\u00f3 momentos para reconocer a los l\u00edderes y las instituciones que de alguna manera han impactado por su desempe\u00f1o y dedicaci\u00f3n a la misi\u00f3n. Los reconocimientos presentados por AHSIA incluyeron un premio especial entregado a Patrick Rutherford, quien hace poco se jubil\u00f3 como gerente general del Hospital Andrews Memorial en Jamaica. Donmayne Gyles, actual gerente general de esa instituci\u00f3n de salud recibi\u00f3 el premio en su nombre. La placa expresa: \u201cEn reconocimiento por su servicio destacado como administrador del Hospital Andrews Memorial en Jamaica\u201d, y a\u00f1ade: \u201cLe agradecemos por su devoci\u00f3n, dedicaci\u00f3n y trabajo duro\u201d.<\/p>\n<p><div id=\"attachment_101339\" style=\"width: 870px\" class=\"wp-caption aligncenter\"><img loading=\"lazy\" decoding=\"async\" aria-describedby=\"caption-attachment-101339\" class=\" wp-image-101337\" src=\"https:\/\/interamerica.org\/wp-content\/uploads\/2023\/07\/crbu-commhospital-award-healthsymp-2023.jpg\" alt=\"\" width=\"860\" height=\"558\" srcset=\"https:\/\/interamerica.org\/wp-content\/uploads\/2023\/07\/crbu-commhospital-award-healthsymp-2023.jpg 1000w, https:\/\/interamerica.org\/wp-content\/uploads\/2023\/07\/crbu-commhospital-award-healthsymp-2023-300x195.jpg 300w, https:\/\/interamerica.org\/wp-content\/uploads\/2023\/07\/crbu-commhospital-award-healthsymp-2023-768x498.jpg 768w\" sizes=\"(max-width: 860px) 100vw, 860px\" \/><p id=\"caption-attachment-101339\" class=\"wp-caption-text\">El pastor Peter Kerr (izquierda) presidente de la Uni\u00f3n del Caribe, salud al pastor Elie Henry, presidente de la Divisi\u00f3n Interamericana (derecha), al recibir un premio en nombre de los l\u00edderes del Hospital Comunitario de Trinidad en Trinidad, por implementar con \u00e9xito el plan de reestructuraci\u00f3n del hospital en 2022. Beri Henry (atr\u00e1s, al centro), tesorero de la Uni\u00f3n del Caribe, observa. [Fotograf\u00eda: Libna Stevens\/DIA]<\/p><\/div>Los l\u00edderes tambi\u00e9n presentaron premios a los l\u00edderes del Hospital Comunitario de Trinidad, \u201cpor implementar con \u00e9xito el plan de reestructuraci\u00f3n del hospital en 2022\u201d, y al Hospital Adventista de las Antillas en Curazao, \u201cen reconocimiento por el establecimiento exitoso de un programa de garant\u00eda de calidad que se requiere para la acreditaci\u00f3n internacional como hospital de clase mundial\u201d. La instituci\u00f3n est\u00e1 trabajando duro para ser acreditada antes del fin de 2024. Finalmente, los l\u00edderes reconocieron al Hospital de Bella Vista en Puerto Rico, \u201cpor alcanzar con \u00e9xito los requisitos para renovar su acreditaci\u00f3n como hospital de clase mundial\u201d. El Hospital de Bella Vista ha estado acreditado por la Comisi\u00f3n Conjunta desde 1980.<\/p>\n<p><strong>Nuestra obra final<\/strong><\/p>\n<p>Despu\u00e9s de la ceremonia de entrega de reconocimientos, el programa de apertura del 27 de julio cont\u00f3 con un video de Ministerios de Salud de la Asociaci\u00f3n General que record\u00f3 a los participantes del origen, el prop\u00f3sito y los objetivos de los ministerios adventistas de salud. El video repas\u00f3 los primeros mensajes que recibi\u00f3 Elena G. White sobre temas de salud, y la manera en que esas revelaciones impactaron en el nuevo \u00e9nfasis de la naciente denominaci\u00f3n sobre c\u00f3mo promover alimentos y h\u00e1bitos saludables. Asimismo, llev\u00f3 a la Iglesia Adventista a abrir dispensarios, cl\u00ednicas y m\u00e1s tarde hospitales para compartir el conocimiento y poner en pr\u00e1ctica los principios de salud basados en la Biblia. Y todo ello, con un \u00e9nfasis constante en la misi\u00f3n, explic\u00f3 el video.<\/p>\n<p><div id=\"attachment_101354\" style=\"width: 841px\" class=\"wp-caption aligncenter\"><img loading=\"lazy\" decoding=\"async\" aria-describedby=\"caption-attachment-101354\" class=\" wp-image-101352\" src=\"https:\/\/interamerica.org\/wp-content\/uploads\/2023\/07\/aah-award-healthsymposium.jpg\" alt=\"\" width=\"831\" height=\"525\" srcset=\"https:\/\/interamerica.org\/wp-content\/uploads\/2023\/07\/aah-award-healthsymposium.jpg 1000w, https:\/\/interamerica.org\/wp-content\/uploads\/2023\/07\/aah-award-healthsymposium-300x190.jpg 300w, https:\/\/interamerica.org\/wp-content\/uploads\/2023\/07\/aah-award-healthsymposium-768x485.jpg 768w\" sizes=\"(max-width: 831px) 100vw, 831px\" \/><p id=\"caption-attachment-101354\" class=\"wp-caption-text\">Faith Blades (tercera desde la izquierda), directora de garant\u00eda de calidad del Hospital Adventista de las Antillas en Curazao, sostiene el premio presentado al hospital, por el reciente establecimiento exitoso de un programa de garant\u00eda de calidad que requiere la acreditaci\u00f3n internacional, junto al Pastor Elie Henry, presidente de la Divisi\u00f3n Interamericana (segundo desde la izquierda), y ante la mirada de los miembros de la junta de AHSIA. [Fotograf\u00eda: Libna Stevens\/DIA]<\/p><\/div>El marco del ministerio integral de salud es un ministerio de buenas nuevas, comodidad, libertad, esperanza, gozo y restauraci\u00f3n para todos los que sufren en este mundo, expres\u00f3 el video.<\/p>\n<p>El doctor Peter Landless, director de ministerios de salud de la Asociaci\u00f3n General, habl\u00f3 mediante una presentaci\u00f3n en l\u00ednea, recordando a los participantes que Dios no les ha pedido a los adventistas que sean sanos solo para vivir m\u00e1s tiempo. \u201cElena G. White dej\u00f3 en claro que deber\u00edamos cuidar de manera especial de nuestra salud porque nuestro trabajo a\u00fan no ha est\u00e1 terminado\u201d, expres\u00f3.<\/p>\n<p><div id=\"attachment_101342\" style=\"width: 838px\" class=\"wp-caption aligncenter\"><img loading=\"lazy\" decoding=\"async\" aria-describedby=\"caption-attachment-101342\" class=\" wp-image-101340\" src=\"https:\/\/interamerica.org\/wp-content\/uploads\/2023\/07\/bvh-award-healthsymposium.jpg\" alt=\"\" width=\"828\" height=\"552\" srcset=\"https:\/\/interamerica.org\/wp-content\/uploads\/2023\/07\/bvh-award-healthsymposium.jpg 1000w, https:\/\/interamerica.org\/wp-content\/uploads\/2023\/07\/bvh-award-healthsymposium-300x200.jpg 300w, https:\/\/interamerica.org\/wp-content\/uploads\/2023\/07\/bvh-award-healthsymposium-768x512.jpg 768w\" sizes=\"(max-width: 828px) 100vw, 828px\" \/><p id=\"caption-attachment-101342\" class=\"wp-caption-text\">El pastor Elie Henry, presidente de la Divisi\u00f3n Interamericana (izquierda), lee el premio a los l\u00edderes del Hospital de Bella Vista Marielis Guerra (segunda desde la izquierda), administradora del Hospital de Bella Vista, y el pastor Luis Rivera (tercero desde la izquierda), presidente de la Uni\u00f3n Puertorrique\u00f1a, por el logro exitoso de los requisitos para la renovaci\u00f3n de su acreditaci\u00f3n como hospital de clase mundial. El hospital ha tenido la acreditaci\u00f3n de la Comisi\u00f3n Conjunta desde 1980. [Fotograf\u00eda: Libna Stevens\/DIA]<\/p><\/div>Landless cont\u00f3 algunas de las iniciativas de los ministerios de salud que lo entusiasman, y que est\u00e1n llev\u00e1ndose a cabo en diversas partes del mundo. Entre ellas, mencion\u00f3 la premiada \u201cIniciativa 10.000 Dedos\u201d en el Pac\u00edfico Sur, que est\u00e1 luchando contra la prevalencia de la diabetes entre las poblaciones de los isle\u00f1os del Pac\u00edfico. Tambi\u00e9n destac\u00f3 la obra del Equipo Angelia en Ucrania, que est\u00e1 apoyando los esfuerzos de atenci\u00f3n de salud mediante cl\u00ednicas en Kiev y Chernivski.<\/p>\n<p>Al mismo tiempo, Landless hizo referencia a la investigaci\u00f3n cient\u00edfica de salud sobre los h\u00e1bitos adventistas de salud, que fue lanzada en Norteam\u00e9rica hace a\u00f1os y que ahora se est\u00e1 llevando a cabo en toda \u00c1frica, con resultados que, seg\u00fan \u00e9l, se ven prometedores. \u201cEl mensaje adventista de salud cuenta con el apoyo de la ciencia moderna\u201d, dijo Landless.<\/p>\n<p><div id=\"attachment_101357\" style=\"width: 866px\" class=\"wp-caption aligncenter\"><img loading=\"lazy\" decoding=\"async\" aria-describedby=\"caption-attachment-101357\" class=\" wp-image-101355\" src=\"https:\/\/interamerica.org\/wp-content\/uploads\/2023\/07\/healthsymposium-2023-audience-header.jpg\" alt=\"\" width=\"856\" height=\"571\" srcset=\"https:\/\/interamerica.org\/wp-content\/uploads\/2023\/07\/healthsymposium-2023-audience-header.jpg 1000w, https:\/\/interamerica.org\/wp-content\/uploads\/2023\/07\/healthsymposium-2023-audience-header-300x200.jpg 300w, https:\/\/interamerica.org\/wp-content\/uploads\/2023\/07\/healthsymposium-2023-audience-header-768x512.jpg 768w\" sizes=\"(max-width: 856px) 100vw, 856px\" \/><p id=\"caption-attachment-101357\" class=\"wp-caption-text\">M\u00e1s de setenta administradores de hospitales, presidentes de uni\u00f3n, directores de ministerios de salud, asisten a la ceremonia de apertura del Simposio de Salud de la Divisi\u00f3n Interamericana en Miami, Florida, Estados Unidos, el 27 de julio de 2023. [Fotograf\u00eda: Libna Stevens\/DIA]<\/p><\/div>Pero m\u00e1s all\u00e1 de estos y muchos otros proyectos, los adventistas jam\u00e1s deber\u00edamos olvidar cual es el prop\u00f3sito de la atenci\u00f3n adventista de salud adventista en todo el mundo. \u201cNo es ofrecer una franquicia de atenci\u00f3n de salud, sino m\u00e1s bien extender el ministerio de sanaci\u00f3n de Jesucristo\u201d, enfatiz\u00f3. \u201cNo es brindar una franquicia para la educaci\u00f3n m\u00e9dica, sino m\u00e1s bien capacitar a los profesionales m\u00e9dicos para que sean la mano derecha de este ministerio de sanaci\u00f3n, y que toquen a un mundo quebrantado\u201d.<\/p>\n<p>En el cierre, el presidente de AHSIA, el doctor Franck G\u00e9neus, se mostr\u00f3 de acuerdo. \u201cRecordemos que el ministerio integral de salud es el evangelio en acci\u00f3n\u201d, expres\u00f3.<\/p>\n<p>Traducci\u00f3n de Marcos Paseggi<\/p>\n","protected":false},"excerpt":{"rendered":"<p>28 de julio de 2023 | Miami, Florida, Estados Unidos | Marcos Paseggi, para Noticias de la Divisi\u00f3n Interamericana Decenas de l\u00edderes de la Iglesia Adventista del S\u00e9ptimo D\u00eda en&#8230;<\/p>\n","protected":false},"author":3,"featured_media":101351,"comment_status":"closed","ping_status":"closed","sticky":false,"template":"","format":"standard","meta":{"_acf_changed":false,"footnotes":""},"categories":[16,15],"tags":[],"class_list":["post-101377","post","type-post","status-publish","format-standard","has-post-thumbnail","hentry","category-desde-la-sede","category-rss-espanol"],"acf":[],"yoast_head":"<!-- This site is optimized with the Yoast SEO plugin v27.3 - https:\/\/yoast.com\/product\/yoast-seo-wordpress\/ -->\n<title>L\u00edderes y defensores de salud se re\u00fanen para reflexionar, compartir y mejorar - Iglesia Adventista del S\u00e9ptimo D\u00eda - Divisi\u00f3n Interamericana<\/title>\n<meta name=\"robots\" content=\"index, follow, max-snippet:-1, max-image-preview:large, max-video-preview:-1\" \/>\n<link rel=\"canonical\" href=\"https:\/\/interamerica.org\/es\/2023\/07\/lideres-y-defensores-de-salud-se-reunen-para-reflexionar-compartir-y-mejorar\/\" \/>\n<meta property=\"og:locale\" content=\"es_ES\" \/>\n<meta property=\"og:type\" content=\"article\" \/>\n<meta property=\"og:title\" content=\"L\u00edderes y defensores de salud se re\u00fanen para reflexionar, compartir y mejorar - Iglesia Adventista del S\u00e9ptimo D\u00eda - Divisi\u00f3n Interamericana\" \/>\n<meta property=\"og:description\" content=\"28 de julio de 2023 | Miami, Florida, Estados Unidos | Marcos Paseggi, para Noticias de la Divisi\u00f3n Interamericana Decenas de l\u00edderes de la Iglesia Adventista del S\u00e9ptimo D\u00eda en...\" \/>\n<meta property=\"og:url\" content=\"https:\/\/interamerica.org\/es\/2023\/07\/lideres-y-defensores-de-salud-se-reunen-para-reflexionar-compartir-y-mejorar\/\" \/>\n<meta property=\"og:site_name\" content=\"Iglesia Adventista del S\u00e9ptimo D\u00eda - Divisi\u00f3n Interamericana\" \/>\n<meta property=\"article:published_time\" content=\"2023-07-28T19:40:44+00:00\" \/>\n<meta property=\"article:modified_time\" content=\"2023-07-28T21:16:14+00:00\" \/>\n<meta property=\"og:image\" content=\"https:\/\/interamerica.org\/wp-content\/uploads\/2023\/07\/franck-geneus-healthsymposium2023.jpg\" \/>\n\t<meta property=\"og:image:width\" content=\"1000\" \/>\n\t<meta property=\"og:image:height\" content=\"667\" \/>\n\t<meta property=\"og:image:type\" content=\"image\/jpeg\" \/>\n<meta name=\"author\" content=\"libna\" \/>\n<meta name=\"twitter:card\" content=\"summary_large_image\" \/>\n<meta name=\"twitter:label1\" content=\"Escrito por\" \/>\n\t<meta name=\"twitter:data1\" content=\"libna\" \/>\n\t<meta name=\"twitter:label2\" content=\"Tiempo de lectura\" \/>\n\t<meta name=\"twitter:data2\" content=\"8 minutos\" \/>\n<script type=\"application\/ld+json\" class=\"yoast-schema-graph\">{\"@context\":\"https:\\\/\\\/schema.org\",\"@graph\":[{\"@type\":\"Article\",\"@id\":\"https:\\\/\\\/interamerica.org\\\/es\\\/2023\\\/07\\\/lideres-y-defensores-de-salud-se-reunen-para-reflexionar-compartir-y-mejorar\\\/#article\",\"isPartOf\":{\"@id\":\"https:\\\/\\\/interamerica.org\\\/es\\\/2023\\\/07\\\/lideres-y-defensores-de-salud-se-reunen-para-reflexionar-compartir-y-mejorar\\\/\"},\"author\":{\"name\":\"libna\",\"@id\":\"https:\\\/\\\/interamerica.org\\\/es\\\/#\\\/schema\\\/person\\\/29998f2bc2d8bd0d38662909289b54f1\"},\"headline\":\"L\u00edderes y defensores de salud se re\u00fanen para reflexionar, compartir y mejorar\",\"datePublished\":\"2023-07-28T19:40:44+00:00\",\"dateModified\":\"2023-07-28T21:16:14+00:00\",\"mainEntityOfPage\":{\"@id\":\"https:\\\/\\\/interamerica.org\\\/es\\\/2023\\\/07\\\/lideres-y-defensores-de-salud-se-reunen-para-reflexionar-compartir-y-mejorar\\\/\"},\"wordCount\":1558,\"image\":{\"@id\":\"https:\\\/\\\/interamerica.org\\\/es\\\/2023\\\/07\\\/lideres-y-defensores-de-salud-se-reunen-para-reflexionar-compartir-y-mejorar\\\/#primaryimage\"},\"thumbnailUrl\":\"https:\\\/\\\/interamerica.org\\\/wp-content\\\/uploads\\\/2023\\\/07\\\/franck-geneus-healthsymposium2023.jpg\",\"articleSection\":[\"Desde la sede\",\"RSS Espa\u00f1ol\"],\"inLanguage\":\"es\"},{\"@type\":\"WebPage\",\"@id\":\"https:\\\/\\\/interamerica.org\\\/es\\\/2023\\\/07\\\/lideres-y-defensores-de-salud-se-reunen-para-reflexionar-compartir-y-mejorar\\\/\",\"url\":\"https:\\\/\\\/interamerica.org\\\/es\\\/2023\\\/07\\\/lideres-y-defensores-de-salud-se-reunen-para-reflexionar-compartir-y-mejorar\\\/\",\"name\":\"L\u00edderes y defensores de salud se re\u00fanen para reflexionar, compartir y mejorar - Iglesia Adventista del S\u00e9ptimo D\u00eda - Divisi\u00f3n Interamericana\",\"isPartOf\":{\"@id\":\"https:\\\/\\\/interamerica.org\\\/es\\\/#website\"},\"primaryImageOfPage\":{\"@id\":\"https:\\\/\\\/interamerica.org\\\/es\\\/2023\\\/07\\\/lideres-y-defensores-de-salud-se-reunen-para-reflexionar-compartir-y-mejorar\\\/#primaryimage\"},\"image\":{\"@id\":\"https:\\\/\\\/interamerica.org\\\/es\\\/2023\\\/07\\\/lideres-y-defensores-de-salud-se-reunen-para-reflexionar-compartir-y-mejorar\\\/#primaryimage\"},\"thumbnailUrl\":\"https:\\\/\\\/interamerica.org\\\/wp-content\\\/uploads\\\/2023\\\/07\\\/franck-geneus-healthsymposium2023.jpg\",\"datePublished\":\"2023-07-28T19:40:44+00:00\",\"dateModified\":\"2023-07-28T21:16:14+00:00\",\"author\":{\"@id\":\"https:\\\/\\\/interamerica.org\\\/es\\\/#\\\/schema\\\/person\\\/29998f2bc2d8bd0d38662909289b54f1\"},\"breadcrumb\":{\"@id\":\"https:\\\/\\\/interamerica.org\\\/es\\\/2023\\\/07\\\/lideres-y-defensores-de-salud-se-reunen-para-reflexionar-compartir-y-mejorar\\\/#breadcrumb\"},\"inLanguage\":\"es\",\"potentialAction\":[{\"@type\":\"ReadAction\",\"target\":[\"https:\\\/\\\/interamerica.org\\\/es\\\/2023\\\/07\\\/lideres-y-defensores-de-salud-se-reunen-para-reflexionar-compartir-y-mejorar\\\/\"]}]},{\"@type\":\"ImageObject\",\"inLanguage\":\"es\",\"@id\":\"https:\\\/\\\/interamerica.org\\\/es\\\/2023\\\/07\\\/lideres-y-defensores-de-salud-se-reunen-para-reflexionar-compartir-y-mejorar\\\/#primaryimage\",\"url\":\"https:\\\/\\\/interamerica.org\\\/wp-content\\\/uploads\\\/2023\\\/07\\\/franck-geneus-healthsymposium2023.jpg\",\"contentUrl\":\"https:\\\/\\\/interamerica.org\\\/wp-content\\\/uploads\\\/2023\\\/07\\\/franck-geneus-healthsymposium2023.jpg\",\"width\":1000,\"height\":667,\"caption\":\"[Photo: Libna Stevens\\\/IAD]\"},{\"@type\":\"BreadcrumbList\",\"@id\":\"https:\\\/\\\/interamerica.org\\\/es\\\/2023\\\/07\\\/lideres-y-defensores-de-salud-se-reunen-para-reflexionar-compartir-y-mejorar\\\/#breadcrumb\",\"itemListElement\":[{\"@type\":\"ListItem\",\"position\":1,\"name\":\"Home\",\"item\":\"https:\\\/\\\/interamerica.org\\\/es\\\/\"},{\"@type\":\"ListItem\",\"position\":2,\"name\":\"L\u00edderes y defensores de salud se re\u00fanen para reflexionar, compartir y mejorar\"}]},{\"@type\":\"WebSite\",\"@id\":\"https:\\\/\\\/interamerica.org\\\/es\\\/#website\",\"url\":\"https:\\\/\\\/interamerica.org\\\/es\\\/\",\"name\":\"Iglesia Adventista del S\u00e9ptimo D\u00eda - Divisi\u00f3n Interamericana\",\"description\":\"\",\"potentialAction\":[{\"@type\":\"SearchAction\",\"target\":{\"@type\":\"EntryPoint\",\"urlTemplate\":\"https:\\\/\\\/interamerica.org\\\/es\\\/?s={search_term_string}\"},\"query-input\":{\"@type\":\"PropertyValueSpecification\",\"valueRequired\":true,\"valueName\":\"search_term_string\"}}],\"inLanguage\":\"es\"},{\"@type\":\"Person\",\"@id\":\"https:\\\/\\\/interamerica.org\\\/es\\\/#\\\/schema\\\/person\\\/29998f2bc2d8bd0d38662909289b54f1\",\"name\":\"libna\",\"image\":{\"@type\":\"ImageObject\",\"inLanguage\":\"es\",\"@id\":\"https:\\\/\\\/secure.gravatar.com\\\/avatar\\\/7c5bd30ae4b47a9ba3c856590957fd1d96dc588bf3ac05719d247e126840331f?s=96&d=mm&r=g\",\"url\":\"https:\\\/\\\/secure.gravatar.com\\\/avatar\\\/7c5bd30ae4b47a9ba3c856590957fd1d96dc588bf3ac05719d247e126840331f?s=96&d=mm&r=g\",\"contentUrl\":\"https:\\\/\\\/secure.gravatar.com\\\/avatar\\\/7c5bd30ae4b47a9ba3c856590957fd1d96dc588bf3ac05719d247e126840331f?s=96&d=mm&r=g\",\"caption\":\"libna\"}}]}<\/script>\n<!-- \/ Yoast SEO plugin. -->","yoast_head_json":{"title":"L\u00edderes y defensores de salud se re\u00fanen para reflexionar, compartir y mejorar - Iglesia Adventista del S\u00e9ptimo D\u00eda - Divisi\u00f3n Interamericana","robots":{"index":"index","follow":"follow","max-snippet":"max-snippet:-1","max-image-preview":"max-image-preview:large","max-video-preview":"max-video-preview:-1"},"canonical":"https:\/\/interamerica.org\/es\/2023\/07\/lideres-y-defensores-de-salud-se-reunen-para-reflexionar-compartir-y-mejorar\/","og_locale":"es_ES","og_type":"article","og_title":"L\u00edderes y defensores de salud se re\u00fanen para reflexionar, compartir y mejorar - Iglesia Adventista del S\u00e9ptimo D\u00eda - Divisi\u00f3n Interamericana","og_description":"28 de julio de 2023 | Miami, Florida, Estados Unidos | Marcos Paseggi, para Noticias de la Divisi\u00f3n Interamericana Decenas de l\u00edderes de la Iglesia Adventista del S\u00e9ptimo D\u00eda en...","og_url":"https:\/\/interamerica.org\/es\/2023\/07\/lideres-y-defensores-de-salud-se-reunen-para-reflexionar-compartir-y-mejorar\/","og_site_name":"Iglesia Adventista del S\u00e9ptimo D\u00eda - Divisi\u00f3n Interamericana","article_published_time":"2023-07-28T19:40:44+00:00","article_modified_time":"2023-07-28T21:16:14+00:00","og_image":[{"width":1000,"height":667,"url":"https:\/\/interamerica.org\/wp-content\/uploads\/2023\/07\/franck-geneus-healthsymposium2023.jpg","type":"image\/jpeg"}],"author":"libna","twitter_card":"summary_large_image","twitter_misc":{"Escrito por":"libna","Tiempo de lectura":"8 minutos"},"schema":{"@context":"https:\/\/schema.org","@graph":[{"@type":"Article","@id":"https:\/\/interamerica.org\/es\/2023\/07\/lideres-y-defensores-de-salud-se-reunen-para-reflexionar-compartir-y-mejorar\/#article","isPartOf":{"@id":"https:\/\/interamerica.org\/es\/2023\/07\/lideres-y-defensores-de-salud-se-reunen-para-reflexionar-compartir-y-mejorar\/"},"author":{"name":"libna","@id":"https:\/\/interamerica.org\/es\/#\/schema\/person\/29998f2bc2d8bd0d38662909289b54f1"},"headline":"L\u00edderes y defensores de salud se re\u00fanen para reflexionar, compartir y mejorar","datePublished":"2023-07-28T19:40:44+00:00","dateModified":"2023-07-28T21:16:14+00:00","mainEntityOfPage":{"@id":"https:\/\/interamerica.org\/es\/2023\/07\/lideres-y-defensores-de-salud-se-reunen-para-reflexionar-compartir-y-mejorar\/"},"wordCount":1558,"image":{"@id":"https:\/\/interamerica.org\/es\/2023\/07\/lideres-y-defensores-de-salud-se-reunen-para-reflexionar-compartir-y-mejorar\/#primaryimage"},"thumbnailUrl":"https:\/\/interamerica.org\/wp-content\/uploads\/2023\/07\/franck-geneus-healthsymposium2023.jpg","articleSection":["Desde la sede","RSS Espa\u00f1ol"],"inLanguage":"es"},{"@type":"WebPage","@id":"https:\/\/interamerica.org\/es\/2023\/07\/lideres-y-defensores-de-salud-se-reunen-para-reflexionar-compartir-y-mejorar\/","url":"https:\/\/interamerica.org\/es\/2023\/07\/lideres-y-defensores-de-salud-se-reunen-para-reflexionar-compartir-y-mejorar\/","name":"L\u00edderes y defensores de salud se re\u00fanen para reflexionar, compartir y mejorar - Iglesia Adventista del S\u00e9ptimo D\u00eda - Divisi\u00f3n Interamericana","isPartOf":{"@id":"https:\/\/interamerica.org\/es\/#website"},"primaryImageOfPage":{"@id":"https:\/\/interamerica.org\/es\/2023\/07\/lideres-y-defensores-de-salud-se-reunen-para-reflexionar-compartir-y-mejorar\/#primaryimage"},"image":{"@id":"https:\/\/interamerica.org\/es\/2023\/07\/lideres-y-defensores-de-salud-se-reunen-para-reflexionar-compartir-y-mejorar\/#primaryimage"},"thumbnailUrl":"https:\/\/interamerica.org\/wp-content\/uploads\/2023\/07\/franck-geneus-healthsymposium2023.jpg","datePublished":"2023-07-28T19:40:44+00:00","dateModified":"2023-07-28T21:16:14+00:00","author":{"@id":"https:\/\/interamerica.org\/es\/#\/schema\/person\/29998f2bc2d8bd0d38662909289b54f1"},"breadcrumb":{"@id":"https:\/\/interamerica.org\/es\/2023\/07\/lideres-y-defensores-de-salud-se-reunen-para-reflexionar-compartir-y-mejorar\/#breadcrumb"},"inLanguage":"es","potentialAction":[{"@type":"ReadAction","target":["https:\/\/interamerica.org\/es\/2023\/07\/lideres-y-defensores-de-salud-se-reunen-para-reflexionar-compartir-y-mejorar\/"]}]},{"@type":"ImageObject","inLanguage":"es","@id":"https:\/\/interamerica.org\/es\/2023\/07\/lideres-y-defensores-de-salud-se-reunen-para-reflexionar-compartir-y-mejorar\/#primaryimage","url":"https:\/\/interamerica.org\/wp-content\/uploads\/2023\/07\/franck-geneus-healthsymposium2023.jpg","contentUrl":"https:\/\/interamerica.org\/wp-content\/uploads\/2023\/07\/franck-geneus-healthsymposium2023.jpg","width":1000,"height":667,"caption":"[Photo: Libna Stevens\/IAD]"},{"@type":"BreadcrumbList","@id":"https:\/\/interamerica.org\/es\/2023\/07\/lideres-y-defensores-de-salud-se-reunen-para-reflexionar-compartir-y-mejorar\/#breadcrumb","itemListElement":[{"@type":"ListItem","position":1,"name":"Home","item":"https:\/\/interamerica.org\/es\/"},{"@type":"ListItem","position":2,"name":"L\u00edderes y defensores de salud se re\u00fanen para reflexionar, compartir y mejorar"}]},{"@type":"WebSite","@id":"https:\/\/interamerica.org\/es\/#website","url":"https:\/\/interamerica.org\/es\/","name":"Iglesia Adventista del S\u00e9ptimo D\u00eda - Divisi\u00f3n Interamericana","description":"","potentialAction":[{"@type":"SearchAction","target":{"@type":"EntryPoint","urlTemplate":"https:\/\/interamerica.org\/es\/?s={search_term_string}"},"query-input":{"@type":"PropertyValueSpecification","valueRequired":true,"valueName":"search_term_string"}}],"inLanguage":"es"},{"@type":"Person","@id":"https:\/\/interamerica.org\/es\/#\/schema\/person\/29998f2bc2d8bd0d38662909289b54f1","name":"libna","image":{"@type":"ImageObject","inLanguage":"es","@id":"https:\/\/secure.gravatar.com\/avatar\/7c5bd30ae4b47a9ba3c856590957fd1d96dc588bf3ac05719d247e126840331f?s=96&d=mm&r=g","url":"https:\/\/secure.gravatar.com\/avatar\/7c5bd30ae4b47a9ba3c856590957fd1d96dc588bf3ac05719d247e126840331f?s=96&d=mm&r=g","contentUrl":"https:\/\/secure.gravatar.com\/avatar\/7c5bd30ae4b47a9ba3c856590957fd1d96dc588bf3ac05719d247e126840331f?s=96&d=mm&r=g","caption":"libna"}}]}},"_links":{"self":[{"href":"https:\/\/interamerica.org\/es\/wp-json\/wp\/v2\/posts\/101377","targetHints":{"allow":["GET"]}}],"collection":[{"href":"https:\/\/interamerica.org\/es\/wp-json\/wp\/v2\/posts"}],"about":[{"href":"https:\/\/interamerica.org\/es\/wp-json\/wp\/v2\/types\/post"}],"author":[{"embeddable":true,"href":"https:\/\/interamerica.org\/es\/wp-json\/wp\/v2\/users\/3"}],"replies":[{"embeddable":true,"href":"https:\/\/interamerica.org\/es\/wp-json\/wp\/v2\/comments?post=101377"}],"version-history":[{"count":0,"href":"https:\/\/interamerica.org\/es\/wp-json\/wp\/v2\/posts\/101377\/revisions"}],"wp:featuredmedia":[{"embeddable":true,"href":"https:\/\/interamerica.org\/es\/wp-json\/wp\/v2\/media\/101351"}],"wp:attachment":[{"href":"https:\/\/interamerica.org\/es\/wp-json\/wp\/v2\/media?parent=101377"}],"wp:term":[{"taxonomy":"category","embeddable":true,"href":"https:\/\/interamerica.org\/es\/wp-json\/wp\/v2\/categories?post=101377"},{"taxonomy":"post_tag","embeddable":true,"href":"https:\/\/interamerica.org\/es\/wp-json\/wp\/v2\/tags?post=101377"}],"curies":[{"name":"wp","href":"https:\/\/api.w.org\/{rel}","templated":true}]}}