{"id":101394,"date":"2023-07-29T10:55:41","date_gmt":"2023-07-29T14:55:41","guid":{"rendered":"https:\/\/interamerica.org\/?p=101394"},"modified":"2023-08-01T19:32:26","modified_gmt":"2023-08-01T23:32:26","slug":"cual-es-la-mayor-prioridad-en-la-mision","status":"publish","type":"post","link":"https:\/\/interamerica.org\/es\/2023\/07\/cual-es-la-mayor-prioridad-en-la-mision\/","title":{"rendered":"\u00bfCu\u00e1l es la mayor prioridad en la misi\u00f3n?"},"content":{"rendered":"<p>29 de julio de 2023 | Miami, Florida, Estados Unidos | Marcos Paseggi, para la Divisi\u00f3n Interamericana<\/p>\n<p>Despu\u00e9s de un fruct\u00edfero d\u00eda de presentaciones y discusiones estimulantes, los l\u00edderes adventistas que asistieron al Simposio de Salud de la Divisi\u00f3n Interamericana ingresaron a las horas sab\u00e1ticas con un culto de adoraci\u00f3n desde la sede regional de la iglesia en Miami, Florida, Estados Unidos, el 28 de julio de 2023. Decenas de l\u00edderes asistieron en forma presencial, mientras que otros cientos de toda la regi\u00f3n siguieron el programa en l\u00ednea.<\/p>\n<p>El culto vespertino incluy\u00f3 momentos de m\u00fasica de alabanza y un mensaje espiritual a cargo del vicepresidente de la Asociaci\u00f3n General ya jubilado Lowell Cooper. Cooper invit\u00f3 a su audiencia a pensar \u201cno en programas, o estrategias, o secretos de \u00e9xito en el liderazgo eclesi\u00e1stico o institucional\u201d. Por el contrario, hizo un llamado a los l\u00edderes adventistas de salud para que reflexionen en lo que alimenta la vida interior de un individuo. Al notar que las instituciones son una extensi\u00f3n del pensamiento y energ\u00eda humana, en los siguientes veinte minutos, Cooper se dedic\u00f3 a especificar cu\u00e1l deber\u00eda ser para los l\u00edderes, de acuerdo con la Biblia, la prioridad m\u00e1s elevada de la misi\u00f3n.<u><\/u><\/p>\n<p><div id=\"attachment_101389\" style=\"width: 886px\" class=\"wp-caption aligncenter\"><img fetchpriority=\"high\" decoding=\"async\" aria-describedby=\"caption-attachment-101389\" class=\" wp-image-101387\" src=\"https:\/\/interamerica.org\/wp-content\/uploads\/2023\/07\/lowell-cooper-healthsymposium-july28.jpg\" alt=\"\" width=\"876\" height=\"613\" srcset=\"https:\/\/interamerica.org\/wp-content\/uploads\/2023\/07\/lowell-cooper-healthsymposium-july28.jpg 950w, https:\/\/interamerica.org\/wp-content\/uploads\/2023\/07\/lowell-cooper-healthsymposium-july28-300x210.jpg 300w, https:\/\/interamerica.org\/wp-content\/uploads\/2023\/07\/lowell-cooper-healthsymposium-july28-768x538.jpg 768w\" sizes=\"(max-width: 876px) 100vw, 876px\" \/><p id=\"caption-attachment-101389\" class=\"wp-caption-text\">Lowell Cooper, vicepresidente de la Asociaci\u00f3n General ya jubilado, anima a los administradores de hospitales y directores de ministerios de salud de toda la Divisi\u00f3n Interamericana a que busquen plenamente a Jes\u00fas para servir mejor en la misi\u00f3n, durante su mensaje del viernes por la noche en el Simposio de Salud de la Divisi\u00f3n Interamericana el 28 de julio de 2023 en Miami, Florida, Estados Unidos. [Fotograf\u00eda: Libna Stevens\/DIA]<\/p><\/div><strong>\u00bfVentanas o espejos?<\/strong><\/p>\n<p>En las organizaciones, y quiz\u00e1 tambi\u00e9n en los individuos, existe una tendencia a, a medida que maduran, reemplazar las ventanas con espejos, dijo Cooper. Explic\u00f3 la met\u00e1fora: \u201cEl hecho mismo del \u00e9xito puede captar nuestra atenci\u00f3n de maneras que nos apartan de nuestro prop\u00f3sito. Terminamos mir\u00e1ndonos a nosotros mismos y descuidando la evaluaci\u00f3n futura y externa de lo que nos rodea y de nuestras trayectorias\u201d, explic\u00f3.<\/p>\n<p>Sigui\u00f3 diciendo: \u201cA nivel personal, despu\u00e9s de unos a\u00f1os en una carrera, hay una reputaci\u00f3n que proteger, un estatus en el que avanzar, y la preocupaci\u00f3n con esas cosas puede oscurecer el sentido propio del llamado al servicio\u201d.<\/p>\n<p>Todo hogar necesita ventanas y espejos, dijo Cooper al expandir la met\u00e1fora. \u201cLa contemplaci\u00f3n y la evaluaci\u00f3n de la misi\u00f3n tienen su lugar. Acaso el peligro [\u2026] es la tendencia a perder el equilibrio adecuado\u201d.<\/p>\n<p><strong>En busca de nuestro foco<\/strong><\/p>\n<p>Los psic\u00f3logos distinguen entre lo central y lo marginal en nuestra atenci\u00f3n, sigui\u00f3 diciendo Cooper. \u201cLa idea b\u00e1sica es que, en la vida cristiana, Dios tiene que llegar a ser el centro, no a costa de excluir las dem\u00e1s cosas, sino para darle el lugar y la perspectiva apropiados\u201d. Y a\u00f1adi\u00f3: \u201cEl peligro que tenemos no es que rechacemos por completo a Dios, sino que lleguemos a sentirnos tan atra\u00eddos por otras prioridades que perdamos la conexi\u00f3n con la fuente fundamental de poder, sabidur\u00eda, energ\u00eda y perspectiva. Podemos llegar a estar tan ocupados con la obra del Se\u00f1or que terminamos perdiendo contacto con el Se\u00f1or de la obra\u201d, expres\u00f3.<\/p>\n<p><div id=\"attachment_101392\" style=\"width: 850px\" class=\"wp-caption aligncenter\"><img decoding=\"async\" aria-describedby=\"caption-attachment-101392\" class=\" wp-image-101390\" src=\"https:\/\/interamerica.org\/wp-content\/uploads\/2023\/07\/health-symposium-audience-july28-2023.jpg\" alt=\"\" width=\"840\" height=\"560\" srcset=\"https:\/\/interamerica.org\/wp-content\/uploads\/2023\/07\/health-symposium-audience-july28-2023.jpg 1000w, https:\/\/interamerica.org\/wp-content\/uploads\/2023\/07\/health-symposium-audience-july28-2023-300x200.jpg 300w, https:\/\/interamerica.org\/wp-content\/uploads\/2023\/07\/health-symposium-audience-july28-2023-768x512.jpg 768w\" sizes=\"(max-width: 840px) 100vw, 840px\" \/><p id=\"caption-attachment-101392\" class=\"wp-caption-text\">Unos setenta l\u00edderes y administradores de hospitales participant del segundo d\u00eda del Simposio de Salud de la Divisi\u00f3n Interamericana, el 28 de julio de 2023. [Fotograf\u00eda: Libna Stevens\/DIA]<\/p><\/div>Con esto en mente, Cooper invit\u00f3 a los l\u00edderes adventistas a que reflexionen en el transcendental di\u00e1logo entre el Jes\u00fas resucitado y Pedro seg\u00fan se registra en Juan 21. Jes\u00fas le pregunt\u00f3 a Pedro tres veces: \u201c\u00bfMe amas?\u201d<\/p>\n<p>\u201cAl hacer esas preguntas, Jes\u00fas estaba tratando que Pedro pensara cu\u00e1l era su mayor prioridad en la misi\u00f3n,\u201d dijo Cooper. Jes\u00fas no le pregunt\u00f3: \u201cPedro, \u00bfme conoces?\u201d sino que le hizo una pregunta relacional, explic\u00f3 Cooper. No le pregunt\u00f3 a Pedro si hab\u00eda entendido las 28 creencias fundamentales, si conoc\u00eda la estructura organizacional o formular la planificaci\u00f3n estrat\u00e9gica. Jes\u00fas le pregunt\u00f3 a Pedro si lo amaba. Y cada vez que Pedro le respondi\u00f3, Jes\u00fas le respondi\u00f3 con una comisi\u00f3n. \u201cQuiero que comprendan que hay un estrecho v\u00ednculo entre la pregunta y la comisi\u00f3n\u201d, dijo Cooper.<\/p>\n<p><strong>\u00bfMe amas?<\/strong><\/p>\n<p>La pregunta fundamental de Jes\u00fas \u201cnos lleva a las profundidades de una mayor conciencia\u201d, enfatiz\u00f3 Cooper, \u201cporque la verdad de la naturaleza humana es que amaremos alguna cosa. Todas las personas adoran algo. Y la tragedia y la oportunidad es que terminamos siendo como aquello que adoramos.<\/p>\n<p>Cooper record\u00f3 a su audiencia que vivimos en una sociedad global saturada con mensajes y llamados de dar nuestra lealtad a diversos ideales y proyectos. \u201cEn medio de la confusi\u00f3n, necesitamos hallar algo que sirve como punto central en nuestra vida. Es la br\u00fajula por la cual operamos. [Y] el que obedece la br\u00fajula puede disfrutar de la libertad del mar; el que ignora la br\u00fajula, se ve cautivo de cada viento y cada ola\u201d, ilustr\u00f3 Cooper.<\/p>\n<p>Con esta pregunta, \u201c\u00bfMe amas?\u201d Jes\u00fas \u201cnos fuerza a considerar qu\u00e9 es lo que ocupa el centro de nuestra atenci\u00f3n. Uno que en verdad ama a Jes\u00fas sabe c\u00f3mo experimentar paz y gozo en este mundo sin verse cautivado por las cosas de este mundo\u201d, dijo Cooper.<\/p>\n<p><strong>Por qu\u00e9 es una pregunta fundamental<\/strong><\/p>\n<p>Seg\u00fan Cooper, es importante que pensemos con detenimiento en esta pregunta, porque \u201ces posible que lleguemos a Dios no porque lo amamos sino porque amamos alguna otra cosa y estamos buscando su ayuda para preservar el objeto de nuestros afectos [\u2026]. En un mundo dedicado a medir el desempe\u00f1o, es demasiado f\u00e1cil enfocarnos en la actividad antes que en la productividad [\u2026]. Es demasiado f\u00e1cil transformar la religi\u00f3n en tan solo un conjunto de creencias. [Pero] Jes\u00fas llam\u00f3 a las personas para que sean seguidores, no solo creyentes\u201d.<\/p>\n<p>En ese sentido, enfatiz\u00f3 Cooper, \u201ces el amor por Cristo que brinda el poder de transformaci\u00f3n en la vida, hasta que llegamos a ser como Cristo\u201d. Cooper cit\u00f3 a Elena G. White, cofundadora de la Iglesia Adventista, quien escribi\u00f3: \u201cLos seguidores de Cristo no necesitan preocuparse por brillar. Si contemplan constantemente la vida de Cristo, ser\u00e1n transformados a la misma imagen en su mente y coraz\u00f3n. Brillar\u00e1n entonces sin intentarlo superficialmente\u201d.<\/p>\n<p><strong>Amarlo es servirle<\/strong><\/p>\n<p>En el cierre de su mensaje, Cooper conect\u00f3 una declaraci\u00f3n de amor por Cristo con sus implicaciones pr\u00e1cticas para la vida de sus seguidores. \u201cCuando amamos a Jes\u00fas, aprendemos tambi\u00e9n a amar a las personas\u201d, record\u00f3 Cooper a los l\u00edderes adventistas. \u201cY cuanto m\u00e1s pensamos en las palabras de Jes\u00fas, m\u00e1s comenzamos a entender que la satisfacci\u00f3n proviene de ser vaciados en lugar de ser llenados. Una vida de servicio no solo para beneficiar a los dem\u00e1s; brinda significado a nuestras vidas\u201d.<\/p>\n<p>Es la raz\u00f3n por la que la pregunta que Jes\u00fas le hizo a Pedro es fundamental, enfatiz\u00f3 Cooper. Porque \u201cel amor por Jes\u00fas nos orienta a la misi\u00f3n de Dios. El amor por Jes\u00fas nos transforma para que seamos como Jes\u00fas. El amor por Jes\u00fas nos capacita para que sirvamos a la humanidad en su nombre. Y amor por Jes\u00fas hace que el servicio sea un privilegio\u201d.<\/p>\n<p>Traducci\u00f3n de Marcos Paseggi<\/p>\n","protected":false},"excerpt":{"rendered":"<p>29 de julio de 2023 | Miami, Florida, Estados Unidos | Marcos Paseggi, para la Divisi\u00f3n Interamericana Despu\u00e9s de un fruct\u00edfero d\u00eda de presentaciones y discusiones estimulantes, los l\u00edderes adventistas&#8230;<\/p>\n","protected":false},"author":3,"featured_media":60737,"comment_status":"closed","ping_status":"closed","sticky":false,"template":"","format":"standard","meta":{"_acf_changed":false,"footnotes":""},"categories":[16,15],"tags":[],"class_list":["post-101394","post","type-post","status-publish","format-standard","has-post-thumbnail","hentry","category-desde-la-sede","category-rss-espanol"],"acf":[],"yoast_head":"<!-- This site is optimized with the Yoast SEO plugin v27.3 - https:\/\/yoast.com\/product\/yoast-seo-wordpress\/ -->\n<title>\u00bfCu\u00e1l es la mayor prioridad en la misi\u00f3n? - Iglesia Adventista del S\u00e9ptimo D\u00eda - Divisi\u00f3n Interamericana<\/title>\n<meta name=\"robots\" content=\"index, follow, max-snippet:-1, max-image-preview:large, max-video-preview:-1\" \/>\n<link rel=\"canonical\" href=\"https:\/\/interamerica.org\/es\/2023\/07\/cual-es-la-mayor-prioridad-en-la-mision\/\" \/>\n<meta property=\"og:locale\" content=\"es_ES\" \/>\n<meta property=\"og:type\" content=\"article\" \/>\n<meta property=\"og:title\" content=\"\u00bfCu\u00e1l es la mayor prioridad en la misi\u00f3n? - Iglesia Adventista del S\u00e9ptimo D\u00eda - Divisi\u00f3n Interamericana\" \/>\n<meta property=\"og:description\" content=\"29 de julio de 2023 | Miami, Florida, Estados Unidos | Marcos Paseggi, para la Divisi\u00f3n Interamericana Despu\u00e9s de un fruct\u00edfero d\u00eda de presentaciones y discusiones estimulantes, los l\u00edderes adventistas...\" \/>\n<meta property=\"og:url\" content=\"https:\/\/interamerica.org\/es\/2023\/07\/cual-es-la-mayor-prioridad-en-la-mision\/\" \/>\n<meta property=\"og:site_name\" content=\"Iglesia Adventista del S\u00e9ptimo D\u00eda - Divisi\u00f3n Interamericana\" \/>\n<meta property=\"article:published_time\" content=\"2023-07-29T14:55:41+00:00\" \/>\n<meta property=\"article:modified_time\" content=\"2023-08-01T23:32:26+00:00\" \/>\n<meta property=\"og:image\" content=\"https:\/\/interamerica.org\/wp-content\/uploads\/2020\/07\/iad-building-pan.jpg\" \/>\n\t<meta property=\"og:image:width\" content=\"1280\" \/>\n\t<meta property=\"og:image:height\" content=\"800\" \/>\n\t<meta property=\"og:image:type\" content=\"image\/jpeg\" \/>\n<meta name=\"author\" content=\"libna\" \/>\n<meta name=\"twitter:card\" content=\"summary_large_image\" \/>\n<meta name=\"twitter:label1\" content=\"Escrito por\" \/>\n\t<meta name=\"twitter:data1\" content=\"libna\" \/>\n\t<meta name=\"twitter:label2\" content=\"Tiempo de lectura\" \/>\n\t<meta name=\"twitter:data2\" content=\"6 minutos\" \/>\n<script type=\"application\/ld+json\" class=\"yoast-schema-graph\">{\"@context\":\"https:\\\/\\\/schema.org\",\"@graph\":[{\"@type\":\"Article\",\"@id\":\"https:\\\/\\\/interamerica.org\\\/es\\\/2023\\\/07\\\/cual-es-la-mayor-prioridad-en-la-mision\\\/#article\",\"isPartOf\":{\"@id\":\"https:\\\/\\\/interamerica.org\\\/es\\\/2023\\\/07\\\/cual-es-la-mayor-prioridad-en-la-mision\\\/\"},\"author\":{\"name\":\"libna\",\"@id\":\"https:\\\/\\\/interamerica.org\\\/es\\\/#\\\/schema\\\/person\\\/29998f2bc2d8bd0d38662909289b54f1\"},\"headline\":\"\u00bfCu\u00e1l es la mayor prioridad en la misi\u00f3n?\",\"datePublished\":\"2023-07-29T14:55:41+00:00\",\"dateModified\":\"2023-08-01T23:32:26+00:00\",\"mainEntityOfPage\":{\"@id\":\"https:\\\/\\\/interamerica.org\\\/es\\\/2023\\\/07\\\/cual-es-la-mayor-prioridad-en-la-mision\\\/\"},\"wordCount\":1305,\"image\":{\"@id\":\"https:\\\/\\\/interamerica.org\\\/es\\\/2023\\\/07\\\/cual-es-la-mayor-prioridad-en-la-mision\\\/#primaryimage\"},\"thumbnailUrl\":\"https:\\\/\\\/interamerica.org\\\/wp-content\\\/uploads\\\/2020\\\/07\\\/iad-building-pan.jpg\",\"articleSection\":[\"Desde la sede\",\"RSS Espa\u00f1ol\"],\"inLanguage\":\"es\"},{\"@type\":\"WebPage\",\"@id\":\"https:\\\/\\\/interamerica.org\\\/es\\\/2023\\\/07\\\/cual-es-la-mayor-prioridad-en-la-mision\\\/\",\"url\":\"https:\\\/\\\/interamerica.org\\\/es\\\/2023\\\/07\\\/cual-es-la-mayor-prioridad-en-la-mision\\\/\",\"name\":\"\u00bfCu\u00e1l es la mayor prioridad en la misi\u00f3n? - Iglesia Adventista del S\u00e9ptimo D\u00eda - Divisi\u00f3n Interamericana\",\"isPartOf\":{\"@id\":\"https:\\\/\\\/interamerica.org\\\/es\\\/#website\"},\"primaryImageOfPage\":{\"@id\":\"https:\\\/\\\/interamerica.org\\\/es\\\/2023\\\/07\\\/cual-es-la-mayor-prioridad-en-la-mision\\\/#primaryimage\"},\"image\":{\"@id\":\"https:\\\/\\\/interamerica.org\\\/es\\\/2023\\\/07\\\/cual-es-la-mayor-prioridad-en-la-mision\\\/#primaryimage\"},\"thumbnailUrl\":\"https:\\\/\\\/interamerica.org\\\/wp-content\\\/uploads\\\/2020\\\/07\\\/iad-building-pan.jpg\",\"datePublished\":\"2023-07-29T14:55:41+00:00\",\"dateModified\":\"2023-08-01T23:32:26+00:00\",\"author\":{\"@id\":\"https:\\\/\\\/interamerica.org\\\/es\\\/#\\\/schema\\\/person\\\/29998f2bc2d8bd0d38662909289b54f1\"},\"breadcrumb\":{\"@id\":\"https:\\\/\\\/interamerica.org\\\/es\\\/2023\\\/07\\\/cual-es-la-mayor-prioridad-en-la-mision\\\/#breadcrumb\"},\"inLanguage\":\"es\",\"potentialAction\":[{\"@type\":\"ReadAction\",\"target\":[\"https:\\\/\\\/interamerica.org\\\/es\\\/2023\\\/07\\\/cual-es-la-mayor-prioridad-en-la-mision\\\/\"]}]},{\"@type\":\"ImageObject\",\"inLanguage\":\"es\",\"@id\":\"https:\\\/\\\/interamerica.org\\\/es\\\/2023\\\/07\\\/cual-es-la-mayor-prioridad-en-la-mision\\\/#primaryimage\",\"url\":\"https:\\\/\\\/interamerica.org\\\/wp-content\\\/uploads\\\/2020\\\/07\\\/iad-building-pan.jpg\",\"contentUrl\":\"https:\\\/\\\/interamerica.org\\\/wp-content\\\/uploads\\\/2020\\\/07\\\/iad-building-pan.jpg\",\"width\":1280,\"height\":800},{\"@type\":\"BreadcrumbList\",\"@id\":\"https:\\\/\\\/interamerica.org\\\/es\\\/2023\\\/07\\\/cual-es-la-mayor-prioridad-en-la-mision\\\/#breadcrumb\",\"itemListElement\":[{\"@type\":\"ListItem\",\"position\":1,\"name\":\"Home\",\"item\":\"https:\\\/\\\/interamerica.org\\\/es\\\/\"},{\"@type\":\"ListItem\",\"position\":2,\"name\":\"\u00bfCu\u00e1l es la mayor prioridad en la misi\u00f3n?\"}]},{\"@type\":\"WebSite\",\"@id\":\"https:\\\/\\\/interamerica.org\\\/es\\\/#website\",\"url\":\"https:\\\/\\\/interamerica.org\\\/es\\\/\",\"name\":\"Iglesia Adventista del S\u00e9ptimo D\u00eda - Divisi\u00f3n Interamericana\",\"description\":\"\",\"potentialAction\":[{\"@type\":\"SearchAction\",\"target\":{\"@type\":\"EntryPoint\",\"urlTemplate\":\"https:\\\/\\\/interamerica.org\\\/es\\\/?s={search_term_string}\"},\"query-input\":{\"@type\":\"PropertyValueSpecification\",\"valueRequired\":true,\"valueName\":\"search_term_string\"}}],\"inLanguage\":\"es\"},{\"@type\":\"Person\",\"@id\":\"https:\\\/\\\/interamerica.org\\\/es\\\/#\\\/schema\\\/person\\\/29998f2bc2d8bd0d38662909289b54f1\",\"name\":\"libna\",\"image\":{\"@type\":\"ImageObject\",\"inLanguage\":\"es\",\"@id\":\"https:\\\/\\\/secure.gravatar.com\\\/avatar\\\/7c5bd30ae4b47a9ba3c856590957fd1d96dc588bf3ac05719d247e126840331f?s=96&d=mm&r=g\",\"url\":\"https:\\\/\\\/secure.gravatar.com\\\/avatar\\\/7c5bd30ae4b47a9ba3c856590957fd1d96dc588bf3ac05719d247e126840331f?s=96&d=mm&r=g\",\"contentUrl\":\"https:\\\/\\\/secure.gravatar.com\\\/avatar\\\/7c5bd30ae4b47a9ba3c856590957fd1d96dc588bf3ac05719d247e126840331f?s=96&d=mm&r=g\",\"caption\":\"libna\"}}]}<\/script>\n<!-- \/ Yoast SEO plugin. -->","yoast_head_json":{"title":"\u00bfCu\u00e1l es la mayor prioridad en la misi\u00f3n? - Iglesia Adventista del S\u00e9ptimo D\u00eda - Divisi\u00f3n Interamericana","robots":{"index":"index","follow":"follow","max-snippet":"max-snippet:-1","max-image-preview":"max-image-preview:large","max-video-preview":"max-video-preview:-1"},"canonical":"https:\/\/interamerica.org\/es\/2023\/07\/cual-es-la-mayor-prioridad-en-la-mision\/","og_locale":"es_ES","og_type":"article","og_title":"\u00bfCu\u00e1l es la mayor prioridad en la misi\u00f3n? - Iglesia Adventista del S\u00e9ptimo D\u00eda - Divisi\u00f3n Interamericana","og_description":"29 de julio de 2023 | Miami, Florida, Estados Unidos | Marcos Paseggi, para la Divisi\u00f3n Interamericana Despu\u00e9s de un fruct\u00edfero d\u00eda de presentaciones y discusiones estimulantes, los l\u00edderes adventistas...","og_url":"https:\/\/interamerica.org\/es\/2023\/07\/cual-es-la-mayor-prioridad-en-la-mision\/","og_site_name":"Iglesia Adventista del S\u00e9ptimo D\u00eda - Divisi\u00f3n Interamericana","article_published_time":"2023-07-29T14:55:41+00:00","article_modified_time":"2023-08-01T23:32:26+00:00","og_image":[{"width":1280,"height":800,"url":"https:\/\/interamerica.org\/wp-content\/uploads\/2020\/07\/iad-building-pan.jpg","type":"image\/jpeg"}],"author":"libna","twitter_card":"summary_large_image","twitter_misc":{"Escrito por":"libna","Tiempo de lectura":"6 minutos"},"schema":{"@context":"https:\/\/schema.org","@graph":[{"@type":"Article","@id":"https:\/\/interamerica.org\/es\/2023\/07\/cual-es-la-mayor-prioridad-en-la-mision\/#article","isPartOf":{"@id":"https:\/\/interamerica.org\/es\/2023\/07\/cual-es-la-mayor-prioridad-en-la-mision\/"},"author":{"name":"libna","@id":"https:\/\/interamerica.org\/es\/#\/schema\/person\/29998f2bc2d8bd0d38662909289b54f1"},"headline":"\u00bfCu\u00e1l es la mayor prioridad en la misi\u00f3n?","datePublished":"2023-07-29T14:55:41+00:00","dateModified":"2023-08-01T23:32:26+00:00","mainEntityOfPage":{"@id":"https:\/\/interamerica.org\/es\/2023\/07\/cual-es-la-mayor-prioridad-en-la-mision\/"},"wordCount":1305,"image":{"@id":"https:\/\/interamerica.org\/es\/2023\/07\/cual-es-la-mayor-prioridad-en-la-mision\/#primaryimage"},"thumbnailUrl":"https:\/\/interamerica.org\/wp-content\/uploads\/2020\/07\/iad-building-pan.jpg","articleSection":["Desde la sede","RSS Espa\u00f1ol"],"inLanguage":"es"},{"@type":"WebPage","@id":"https:\/\/interamerica.org\/es\/2023\/07\/cual-es-la-mayor-prioridad-en-la-mision\/","url":"https:\/\/interamerica.org\/es\/2023\/07\/cual-es-la-mayor-prioridad-en-la-mision\/","name":"\u00bfCu\u00e1l es la mayor prioridad en la misi\u00f3n? - Iglesia Adventista del S\u00e9ptimo D\u00eda - Divisi\u00f3n Interamericana","isPartOf":{"@id":"https:\/\/interamerica.org\/es\/#website"},"primaryImageOfPage":{"@id":"https:\/\/interamerica.org\/es\/2023\/07\/cual-es-la-mayor-prioridad-en-la-mision\/#primaryimage"},"image":{"@id":"https:\/\/interamerica.org\/es\/2023\/07\/cual-es-la-mayor-prioridad-en-la-mision\/#primaryimage"},"thumbnailUrl":"https:\/\/interamerica.org\/wp-content\/uploads\/2020\/07\/iad-building-pan.jpg","datePublished":"2023-07-29T14:55:41+00:00","dateModified":"2023-08-01T23:32:26+00:00","author":{"@id":"https:\/\/interamerica.org\/es\/#\/schema\/person\/29998f2bc2d8bd0d38662909289b54f1"},"breadcrumb":{"@id":"https:\/\/interamerica.org\/es\/2023\/07\/cual-es-la-mayor-prioridad-en-la-mision\/#breadcrumb"},"inLanguage":"es","potentialAction":[{"@type":"ReadAction","target":["https:\/\/interamerica.org\/es\/2023\/07\/cual-es-la-mayor-prioridad-en-la-mision\/"]}]},{"@type":"ImageObject","inLanguage":"es","@id":"https:\/\/interamerica.org\/es\/2023\/07\/cual-es-la-mayor-prioridad-en-la-mision\/#primaryimage","url":"https:\/\/interamerica.org\/wp-content\/uploads\/2020\/07\/iad-building-pan.jpg","contentUrl":"https:\/\/interamerica.org\/wp-content\/uploads\/2020\/07\/iad-building-pan.jpg","width":1280,"height":800},{"@type":"BreadcrumbList","@id":"https:\/\/interamerica.org\/es\/2023\/07\/cual-es-la-mayor-prioridad-en-la-mision\/#breadcrumb","itemListElement":[{"@type":"ListItem","position":1,"name":"Home","item":"https:\/\/interamerica.org\/es\/"},{"@type":"ListItem","position":2,"name":"\u00bfCu\u00e1l es la mayor prioridad en la misi\u00f3n?"}]},{"@type":"WebSite","@id":"https:\/\/interamerica.org\/es\/#website","url":"https:\/\/interamerica.org\/es\/","name":"Iglesia Adventista del S\u00e9ptimo D\u00eda - Divisi\u00f3n Interamericana","description":"","potentialAction":[{"@type":"SearchAction","target":{"@type":"EntryPoint","urlTemplate":"https:\/\/interamerica.org\/es\/?s={search_term_string}"},"query-input":{"@type":"PropertyValueSpecification","valueRequired":true,"valueName":"search_term_string"}}],"inLanguage":"es"},{"@type":"Person","@id":"https:\/\/interamerica.org\/es\/#\/schema\/person\/29998f2bc2d8bd0d38662909289b54f1","name":"libna","image":{"@type":"ImageObject","inLanguage":"es","@id":"https:\/\/secure.gravatar.com\/avatar\/7c5bd30ae4b47a9ba3c856590957fd1d96dc588bf3ac05719d247e126840331f?s=96&d=mm&r=g","url":"https:\/\/secure.gravatar.com\/avatar\/7c5bd30ae4b47a9ba3c856590957fd1d96dc588bf3ac05719d247e126840331f?s=96&d=mm&r=g","contentUrl":"https:\/\/secure.gravatar.com\/avatar\/7c5bd30ae4b47a9ba3c856590957fd1d96dc588bf3ac05719d247e126840331f?s=96&d=mm&r=g","caption":"libna"}}]}},"_links":{"self":[{"href":"https:\/\/interamerica.org\/es\/wp-json\/wp\/v2\/posts\/101394","targetHints":{"allow":["GET"]}}],"collection":[{"href":"https:\/\/interamerica.org\/es\/wp-json\/wp\/v2\/posts"}],"about":[{"href":"https:\/\/interamerica.org\/es\/wp-json\/wp\/v2\/types\/post"}],"author":[{"embeddable":true,"href":"https:\/\/interamerica.org\/es\/wp-json\/wp\/v2\/users\/3"}],"replies":[{"embeddable":true,"href":"https:\/\/interamerica.org\/es\/wp-json\/wp\/v2\/comments?post=101394"}],"version-history":[{"count":0,"href":"https:\/\/interamerica.org\/es\/wp-json\/wp\/v2\/posts\/101394\/revisions"}],"wp:featuredmedia":[{"embeddable":true,"href":"https:\/\/interamerica.org\/es\/wp-json\/wp\/v2\/media\/60737"}],"wp:attachment":[{"href":"https:\/\/interamerica.org\/es\/wp-json\/wp\/v2\/media?parent=101394"}],"wp:term":[{"taxonomy":"category","embeddable":true,"href":"https:\/\/interamerica.org\/es\/wp-json\/wp\/v2\/categories?post=101394"},{"taxonomy":"post_tag","embeddable":true,"href":"https:\/\/interamerica.org\/es\/wp-json\/wp\/v2\/tags?post=101394"}],"curies":[{"name":"wp","href":"https:\/\/api.w.org\/{rel}","templated":true}]}}