{"id":101425,"date":"2023-07-31T16:26:46","date_gmt":"2023-07-31T20:26:46","guid":{"rendered":"https:\/\/interamerica.org\/?p=101425"},"modified":"2023-08-01T09:56:18","modified_gmt":"2023-08-01T13:56:18","slug":"las-luchas-espirituales-son-una-parte-natural-de-la-vida","status":"publish","type":"post","link":"https:\/\/interamerica.org\/es\/2023\/07\/las-luchas-espirituales-son-una-parte-natural-de-la-vida\/","title":{"rendered":"\u201cLas luchas espirituales son una parte natural de la vida\u201d"},"content":{"rendered":"<h4>En conferencia sobre familia, experto comparte consejos sobre qu\u00e9 hacer con los cuestionamientos y las dudas de \u00edndole religiosos.<\/h4>\n<p>30 de julio de 2023 | Silver Spring, Maryland, Estados Unidos | Marcos Paseggi, Adventist Review<\/p>\n<p>Un renombrado investigador sobre la integraci\u00f3n de la espiritualidad y la psicoterapia, al referirse al tema de las luchas espirituales, comparti\u00f3 maneras de evaluar los momentos de cuestionamientos y dudas para ayudarnos y ayudar a otros que est\u00e9n experimentado desaf\u00edos similares. Kenneth Pargament, considerado uno de los cincuenta psic\u00f3logos m\u00e1s influyentes del mundo, fue el primer orador destacado en la noche de apertura de la Conferencia Adventista sobre Investigaci\u00f3n y Pr\u00e1ctica de Familia 2023 el pasado 20 de julio.<\/p>\n<p>Pargament es profesor em\u00e9rito de psicolog\u00eda de la Universidad Bowling Green State y profesor adjunto del Departamento de Psiquiatr\u00eda y Ciencias de la Conducta Menninger del Colegio de Medicina de Baylor.<\/p>\n<p>\u201cLas luchas espirituales no son algo raro\u201d, dijo Pargament. Hizo referencia a estudios en el que el setenta por ciento de las personas reconocieron pasar por esas luchas al menos una vez en la vida. \u201cLas luchas espirituales afectan a todas las denominaciones y grupos demogr\u00e1ficos. Pero no son una se\u00f1al de una fe d\u00e9bil. Son una parte natural de la vida\u201d.<\/p>\n<p>La conferencia de tres d\u00edas de duraci\u00f3n, llevada a cabo totalmente en l\u00ednea, es una sociedad entre el departamento de ministerios de familia de la Asociaci\u00f3n General y el Departamento de Discipulado y Educaci\u00f3n del Desarrollo en el Seminario Teol\u00f3gico Adventista de la Universidad Andrews, la Escuela de Trabajo Social, y el Instituto para la Prevenci\u00f3n de Adicciones de la Universidad Andrews. Este a\u00f1o, el evento se enfoc\u00f3 en las familias y la salud emocional bajo el lema \u201cEsperanza, Sanaci\u00f3n y Progreso\u201d.<\/p>\n<p>Willie Oliver, director del departamento de ministerios de familia de la Asociaci\u00f3n General, dio la bienvenida a los participantes, destacando que m\u00e1s de dos mil personas se hab\u00edan registrado para el evento desde todo el mundo. \u201cHan pasado casi cincuenta a\u00f1os desde que esta conferencia se ha llevado a cabo en forma continua\u201d, dijo, explicando que comenz\u00f3 en 1975 en el campus de la Universidad Andrews gracias a John y Millie Youngberg, por entonces profesores de educaci\u00f3n religiosa que sent\u00edan entusiasmo ante la necesidad de que las familias de la iglesia fueron saludables. \u201cDesde 2020, debido al COVID, estamos llevando a cabo eventos virtuales, pero el pr\u00f3ximo a\u00f1o, ser\u00e1 en persona y otra vez m\u00e1s en la Universidad Andrews\u201d, anunci\u00f3.<\/p>\n<p>El objetivo del evento de este a\u00f1o, dijo Oliver, fue \u201caprender lo que podemos hacer como familias para encontrar salud emocional y ayudar a las familias con las que trabajamos para que tambi\u00e9n la hallen\u201d.<\/p>\n<p>En un mensaje de bienvenida grabado, Ted N. C. Wilson, presidente de la Asociaci\u00f3n General, comparti\u00f3 una declaraci\u00f3n similar.<\/p>\n<p>\u201cLas familias son los bloques que edifican la sociedad. Dios quiere que sus familias sean un testimonio para otros\u201d, expres\u00f3. Al cuidar de la familia propia, estaremos \u201clistos para ser una fuente de esperanza y sanaci\u00f3n\u201d, dijo Wilson.<\/p>\n<p><strong>Las luchas espirituales<\/strong><\/p>\n<p>El tema de las luchas espirituales \u2014esas experiencias de tensi\u00f3n, estr\u00e9s y conflicto sobre cuestiones sagradas\u2014 es un \u00e1rea sumamente compleja, reconoci\u00f3 Pargament al comienzo de su presentaci\u00f3n.<\/p>\n<p>\u201cLa espiritualidad es un tremendo recurso para muchas personas\u201d, expres\u00f3. \u201cEn los tiempos dif\u00edciles, las personas suelen buscar a su fe en busca de ayuda para afrontar los problemas, y ese afrontamiento puede ser sumamente efectivo para sus vidas\u201d.<\/p>\n<p>Una declaraci\u00f3n como esa incluye un \u201cpero\u201d sumamente significativo, explic\u00f3 Pargament. \u201cCuando hallamos estresores internos o externos, ellos nos sacuden hasta el mismo centro. El suelo sobre el que estamos deja de ser seguro. Y en esos momentos, podemos experimentar luchas espirituales\u201d.<\/p>\n<p>En ese sentido, reconoci\u00f3, \u201cla religi\u00f3n tiene dos lados: puede brindar consuelo, pero tambi\u00e9n puede ser una fuente de conflicto, luchas y serios problemas\u201d.<\/p>\n<p>Pargament, quien, junto a otros investigadores, ha estado estudiando el tema durante a\u00f1os, mencion\u00f3 diversos tipos de luchas espirituales, lo que incluye luchas divinas (por ejemplo, sentirse enojado con Dios o sentir que Dios te est\u00e1 castigando), luchas morales (por ejemplo, la dificultad de seguir principios morales o espirituales), y luchas del significado \u00faltimo (por ejemplo, cuestionarse si la vida realmente tiene sentido). Tambi\u00e9n mencion\u00f3 las luchas por dudas (por ejemplo, sentirse confundido respecto de las creencias religiosas propias), luchas religiosas interpersonales (por ejemplo, el conflicto con otras personas por motivos religiosos), y luchas con el mal sobrenatural (por ejemplo, sentirse que los eventos diarios en la vida propia son obra del diablo o los malos esp\u00edritus).<\/p>\n<p><strong>Profundas implicaciones para la salud<\/strong><\/p>\n<p>Pargament explic\u00f3 que los psic\u00f3logos cl\u00ednicos suelen trabajar con personas que enfrentan lesiones, accidentes, o enfermedades. \u201cPero a menudo pasamos por alto sus luchas espirituales\u201d, dijo, y a\u00f1adi\u00f3: \u201cNo podemos ayudarlos si ignoramos la dimensi\u00f3n espiritual de sus luchas\u201d.<\/p>\n<p>Una de las razones para ello, explic\u00f3 Pargamento, es que las luchas espirituales tienen profundas implicaciones para la salud y el bienestar.<\/p>\n<p>Los estudios sobre espiritualidad y salud revelan que las luchas espirituales est\u00e1n vinculadas con todas las formas de s\u00edntomas psicol\u00f3gicos, lo que incluye la ansiedad, la depresi\u00f3n, la conducta compulsiva y la somatizaci\u00f3n, cont\u00f3 Pargament.<\/p>\n<p>\u201cEn un hist\u00f3rico estudio sobre la espiritualidad y la salud, se mostr\u00f3 una vinculaci\u00f3n entre todos los tipos de luchas religiosas con una mayor depresi\u00f3n, mayor ansiedad, menos satisfacci\u00f3n para la vida, y menos felicidad\u201d, report\u00f3. \u201cEn un estudio de los veteranos de Irak y Afganist\u00e1n, las luchas espirituales fueron el \u00fanico predictor significativo de la intenci\u00f3n de suicidio, es decir, de la probabilidad de intentos futuros de suicidio\u201d.<\/p>\n<p><strong>\u00bfPueden las luchas espirituales llevar al crecimiento?<\/strong><\/p>\n<p>A primera vista, puede parecer que las luchas espirituales llevan al crecimiento, dijo Pargament. \u201cPensamos que las luchas son un camino hacia el crecimiento y la transformaci\u00f3n. No obstante, \u00bfes realmente as\u00ed?\u201d<\/p>\n<p>Explic\u00f3 que es verdad que las luchas espirituales \u201cpueden llevar a un cambio en las prioridades de la vida, el descubrimiento de la fortaleza personal, el hallazgo de un nuevo camino en la vida, o la experiencia de un mayor sentido de cercan\u00eda con los dem\u00e1s y con Dios\u201d. En lo que respecta a las luchas de origen divino, por ejemplo, \u201cuna expresi\u00f3n honesta de los sentimientos negativos puede incrementar el sentido de intimidad con Dios o desafiar las ideas simples sobre \u00e9l. Las luchas por dudas, por otro lado, pueden ayudar a cultivar el pensamiento cr\u00edtico o aclarar lo que realmente creemos en contraste con lo que simplemente nos han dicho que tenemos que creer\u201d, expres\u00f3.<\/p>\n<p>Al mismo tiempo, reconoci\u00f3 Pargament, las investigaciones emp\u00edricas han mostrado un v\u00ednculo consistente entre las luchas espirituales y el crecimiento. \u201c\u00a1No hagamos sentimentales las luchas espirituales!\u201d, pidi\u00f3, y agreg\u00f3: \u201cEl dolo no siempre produce buenos resultados; el sufrimiento no siempre edifica el car\u00e1cter\u201d.<\/p>\n<p>El enfoque clave, dijo Pargament, implica ver las luchas espirituales como una bifurcaci\u00f3n en el camino hacia el crecimiento y\/o el declive. En ese sentido, enfatiz\u00f3, es clave evaluar esas luchas espirituales.<\/p>\n<p><strong>Implicaciones pr\u00e1cticas<\/strong><\/p>\n<p>Pargament hizo un llamado a los profesionales de la salud mental y a otros para que exploren la naturaleza de las luchas espirituales en ellos y en sus pacientes al evaluar por qu\u00e9 est\u00e1 pasando la persona. Mediante una serie de preguntas, los profesionales de salud pueden ayudar a sus pacientes para que pongan en palabras esas luchas, lo que los llevar\u00e1 a una mejor comprensi\u00f3n de la situaci\u00f3n espec\u00edfica de una persona, expres\u00f3.<\/p>\n<p>Uno de esos m\u00e9todos incluye preguntarles expl\u00edcitamente: \u201c\u00bfLo han afectado religiosa o espiritualmente sus problemas? \u00bfDe qu\u00e9 manera?\u201d<\/p>\n<p>Pargament ha desarrollado una serie de preguntas que los profesionales pueden preguntar, lo que incluye: \u201c\u00bfCu\u00e1les son las preguntas m\u00e1s profundas que su situaci\u00f3n ha creado?\u201d Y: \u201c\u00bfC\u00f3mo ha esta situaci\u00f3n sacudido su fe?\u201d<\/p>\n<p>\u201cLa clave es estimular la conversaci\u00f3n sobre las luchas espirituales: escuchar, escuchar, escuchar\u201d, dijo. Es asimismo importante estimular la aceptaci\u00f3n en lugar de la evitaci\u00f3n para normalizar las luchas espirituales, expres\u00f3.<\/p>\n<p>Al mismo tiempo, enfatiz\u00f3 Pargament, es fundamental fomentar una plenitud m\u00e1s grande, evitando quedar atrapado en la lucha y buscando, por el contrario, un significado y prop\u00f3sito m\u00e1s profundos. Algunas actividades recomendadas a las personas que est\u00e1n pasando por luchas espirituales incluyen escribir y compartir una autobiograf\u00eda espiritual, compartir las luchas espirituales, y visualizar al ideal espiritual personal en el futuro.<\/p>\n<p>\u201cM\u00e1s all\u00e1 de la terapia del di\u00e1logo, las familias y las instituciones religiosas pueden anticipar las luchas espirituales\u201d, dijo Pargament. \u201cLos padres no deber\u00edan sentir temor de discutir el tema de las luchas espirituales en la mesa a la hora de la cena\u201d.<\/p>\n<p>Traducci\u00f3n de Marcos Paseggi<\/p>\n","protected":false},"excerpt":{"rendered":"<p>En conferencia sobre familia, experto comparte consejos sobre qu\u00e9 hacer con los cuestionamientos y las dudas de \u00edndole religiosos. 30 de julio de 2023 | Silver Spring, Maryland, Estados Unidos&#8230;<\/p>\n","protected":false},"author":3,"featured_media":101406,"comment_status":"closed","ping_status":"closed","sticky":false,"template":"","format":"standard","meta":{"_acf_changed":false,"footnotes":""},"categories":[14,15],"tags":[],"class_list":["post-101425","post","type-post","status-publish","format-standard","has-post-thumbnail","hentry","category-de-la-iglesia-mundial","category-rss-espanol"],"acf":[],"yoast_head":"<!-- This site is optimized with the Yoast SEO plugin v27.3 - https:\/\/yoast.com\/product\/yoast-seo-wordpress\/ -->\n<title>\u201cLas luchas espirituales son una parte natural de la vida\u201d - Iglesia Adventista del S\u00e9ptimo D\u00eda - Divisi\u00f3n Interamericana<\/title>\n<meta name=\"robots\" content=\"index, follow, max-snippet:-1, max-image-preview:large, max-video-preview:-1\" \/>\n<link rel=\"canonical\" href=\"https:\/\/interamerica.org\/es\/2023\/07\/las-luchas-espirituales-son-una-parte-natural-de-la-vida\/\" \/>\n<meta property=\"og:locale\" content=\"es_ES\" \/>\n<meta property=\"og:type\" content=\"article\" \/>\n<meta property=\"og:title\" content=\"\u201cLas luchas espirituales son una parte natural de la vida\u201d - Iglesia Adventista del S\u00e9ptimo D\u00eda - Divisi\u00f3n Interamericana\" \/>\n<meta property=\"og:description\" content=\"En conferencia sobre familia, experto comparte consejos sobre qu\u00e9 hacer con los cuestionamientos y las dudas de \u00edndole religiosos. 30 de julio de 2023 | Silver Spring, Maryland, Estados Unidos...\" \/>\n<meta property=\"og:url\" content=\"https:\/\/interamerica.org\/es\/2023\/07\/las-luchas-espirituales-son-una-parte-natural-de-la-vida\/\" \/>\n<meta property=\"og:site_name\" content=\"Iglesia Adventista del S\u00e9ptimo D\u00eda - Divisi\u00f3n Interamericana\" \/>\n<meta property=\"article:published_time\" content=\"2023-07-31T20:26:46+00:00\" \/>\n<meta property=\"article:modified_time\" content=\"2023-08-01T13:56:18+00:00\" \/>\n<meta property=\"og:image\" content=\"https:\/\/interamerica.org\/wp-content\/uploads\/2023\/07\/priscilla-du-preez-8xfoe4kiyys-unsplash.jpg\" \/>\n\t<meta property=\"og:image:width\" content=\"1000\" \/>\n\t<meta property=\"og:image:height\" content=\"667\" \/>\n\t<meta property=\"og:image:type\" content=\"image\/jpeg\" \/>\n<meta name=\"author\" content=\"libna\" \/>\n<meta name=\"twitter:card\" content=\"summary_large_image\" \/>\n<meta name=\"twitter:label1\" content=\"Escrito por\" \/>\n\t<meta name=\"twitter:data1\" content=\"libna\" \/>\n\t<meta name=\"twitter:label2\" content=\"Tiempo de lectura\" \/>\n\t<meta name=\"twitter:data2\" content=\"7 minutos\" \/>\n<script type=\"application\/ld+json\" class=\"yoast-schema-graph\">{\"@context\":\"https:\\\/\\\/schema.org\",\"@graph\":[{\"@type\":\"Article\",\"@id\":\"https:\\\/\\\/interamerica.org\\\/es\\\/2023\\\/07\\\/las-luchas-espirituales-son-una-parte-natural-de-la-vida\\\/#article\",\"isPartOf\":{\"@id\":\"https:\\\/\\\/interamerica.org\\\/es\\\/2023\\\/07\\\/las-luchas-espirituales-son-una-parte-natural-de-la-vida\\\/\"},\"author\":{\"name\":\"libna\",\"@id\":\"https:\\\/\\\/interamerica.org\\\/es\\\/#\\\/schema\\\/person\\\/29998f2bc2d8bd0d38662909289b54f1\"},\"headline\":\"\u201cLas luchas espirituales son una parte natural de la vida\u201d\",\"datePublished\":\"2023-07-31T20:26:46+00:00\",\"dateModified\":\"2023-08-01T13:56:18+00:00\",\"mainEntityOfPage\":{\"@id\":\"https:\\\/\\\/interamerica.org\\\/es\\\/2023\\\/07\\\/las-luchas-espirituales-son-una-parte-natural-de-la-vida\\\/\"},\"wordCount\":1518,\"image\":{\"@id\":\"https:\\\/\\\/interamerica.org\\\/es\\\/2023\\\/07\\\/las-luchas-espirituales-son-una-parte-natural-de-la-vida\\\/#primaryimage\"},\"thumbnailUrl\":\"https:\\\/\\\/interamerica.org\\\/wp-content\\\/uploads\\\/2023\\\/07\\\/priscilla-du-preez-8xfoe4kiyys-unsplash.jpg\",\"articleSection\":[\"Desde la iglesia mundial\",\"RSS Espa\u00f1ol\"],\"inLanguage\":\"es\"},{\"@type\":\"WebPage\",\"@id\":\"https:\\\/\\\/interamerica.org\\\/es\\\/2023\\\/07\\\/las-luchas-espirituales-son-una-parte-natural-de-la-vida\\\/\",\"url\":\"https:\\\/\\\/interamerica.org\\\/es\\\/2023\\\/07\\\/las-luchas-espirituales-son-una-parte-natural-de-la-vida\\\/\",\"name\":\"\u201cLas luchas espirituales son una parte natural de la vida\u201d - Iglesia Adventista del S\u00e9ptimo D\u00eda - Divisi\u00f3n Interamericana\",\"isPartOf\":{\"@id\":\"https:\\\/\\\/interamerica.org\\\/es\\\/#website\"},\"primaryImageOfPage\":{\"@id\":\"https:\\\/\\\/interamerica.org\\\/es\\\/2023\\\/07\\\/las-luchas-espirituales-son-una-parte-natural-de-la-vida\\\/#primaryimage\"},\"image\":{\"@id\":\"https:\\\/\\\/interamerica.org\\\/es\\\/2023\\\/07\\\/las-luchas-espirituales-son-una-parte-natural-de-la-vida\\\/#primaryimage\"},\"thumbnailUrl\":\"https:\\\/\\\/interamerica.org\\\/wp-content\\\/uploads\\\/2023\\\/07\\\/priscilla-du-preez-8xfoe4kiyys-unsplash.jpg\",\"datePublished\":\"2023-07-31T20:26:46+00:00\",\"dateModified\":\"2023-08-01T13:56:18+00:00\",\"author\":{\"@id\":\"https:\\\/\\\/interamerica.org\\\/es\\\/#\\\/schema\\\/person\\\/29998f2bc2d8bd0d38662909289b54f1\"},\"breadcrumb\":{\"@id\":\"https:\\\/\\\/interamerica.org\\\/es\\\/2023\\\/07\\\/las-luchas-espirituales-son-una-parte-natural-de-la-vida\\\/#breadcrumb\"},\"inLanguage\":\"es\",\"potentialAction\":[{\"@type\":\"ReadAction\",\"target\":[\"https:\\\/\\\/interamerica.org\\\/es\\\/2023\\\/07\\\/las-luchas-espirituales-son-una-parte-natural-de-la-vida\\\/\"]}]},{\"@type\":\"ImageObject\",\"inLanguage\":\"es\",\"@id\":\"https:\\\/\\\/interamerica.org\\\/es\\\/2023\\\/07\\\/las-luchas-espirituales-son-una-parte-natural-de-la-vida\\\/#primaryimage\",\"url\":\"https:\\\/\\\/interamerica.org\\\/wp-content\\\/uploads\\\/2023\\\/07\\\/priscilla-du-preez-8xfoe4kiyys-unsplash.jpg\",\"contentUrl\":\"https:\\\/\\\/interamerica.org\\\/wp-content\\\/uploads\\\/2023\\\/07\\\/priscilla-du-preez-8xfoe4kiyys-unsplash.jpg\",\"width\":1000,\"height\":667,\"caption\":\"[Photo: Pricilla Dupreez\\\/Unsplash]\"},{\"@type\":\"BreadcrumbList\",\"@id\":\"https:\\\/\\\/interamerica.org\\\/es\\\/2023\\\/07\\\/las-luchas-espirituales-son-una-parte-natural-de-la-vida\\\/#breadcrumb\",\"itemListElement\":[{\"@type\":\"ListItem\",\"position\":1,\"name\":\"Home\",\"item\":\"https:\\\/\\\/interamerica.org\\\/es\\\/\"},{\"@type\":\"ListItem\",\"position\":2,\"name\":\"\u201cLas luchas espirituales son una parte natural de la vida\u201d\"}]},{\"@type\":\"WebSite\",\"@id\":\"https:\\\/\\\/interamerica.org\\\/es\\\/#website\",\"url\":\"https:\\\/\\\/interamerica.org\\\/es\\\/\",\"name\":\"Iglesia Adventista del S\u00e9ptimo D\u00eda - Divisi\u00f3n Interamericana\",\"description\":\"\",\"potentialAction\":[{\"@type\":\"SearchAction\",\"target\":{\"@type\":\"EntryPoint\",\"urlTemplate\":\"https:\\\/\\\/interamerica.org\\\/es\\\/?s={search_term_string}\"},\"query-input\":{\"@type\":\"PropertyValueSpecification\",\"valueRequired\":true,\"valueName\":\"search_term_string\"}}],\"inLanguage\":\"es\"},{\"@type\":\"Person\",\"@id\":\"https:\\\/\\\/interamerica.org\\\/es\\\/#\\\/schema\\\/person\\\/29998f2bc2d8bd0d38662909289b54f1\",\"name\":\"libna\",\"image\":{\"@type\":\"ImageObject\",\"inLanguage\":\"es\",\"@id\":\"https:\\\/\\\/secure.gravatar.com\\\/avatar\\\/7c5bd30ae4b47a9ba3c856590957fd1d96dc588bf3ac05719d247e126840331f?s=96&d=mm&r=g\",\"url\":\"https:\\\/\\\/secure.gravatar.com\\\/avatar\\\/7c5bd30ae4b47a9ba3c856590957fd1d96dc588bf3ac05719d247e126840331f?s=96&d=mm&r=g\",\"contentUrl\":\"https:\\\/\\\/secure.gravatar.com\\\/avatar\\\/7c5bd30ae4b47a9ba3c856590957fd1d96dc588bf3ac05719d247e126840331f?s=96&d=mm&r=g\",\"caption\":\"libna\"}}]}<\/script>\n<!-- \/ Yoast SEO plugin. -->","yoast_head_json":{"title":"\u201cLas luchas espirituales son una parte natural de la vida\u201d - Iglesia Adventista del S\u00e9ptimo D\u00eda - Divisi\u00f3n Interamericana","robots":{"index":"index","follow":"follow","max-snippet":"max-snippet:-1","max-image-preview":"max-image-preview:large","max-video-preview":"max-video-preview:-1"},"canonical":"https:\/\/interamerica.org\/es\/2023\/07\/las-luchas-espirituales-son-una-parte-natural-de-la-vida\/","og_locale":"es_ES","og_type":"article","og_title":"\u201cLas luchas espirituales son una parte natural de la vida\u201d - Iglesia Adventista del S\u00e9ptimo D\u00eda - Divisi\u00f3n Interamericana","og_description":"En conferencia sobre familia, experto comparte consejos sobre qu\u00e9 hacer con los cuestionamientos y las dudas de \u00edndole religiosos. 30 de julio de 2023 | Silver Spring, Maryland, Estados Unidos...","og_url":"https:\/\/interamerica.org\/es\/2023\/07\/las-luchas-espirituales-son-una-parte-natural-de-la-vida\/","og_site_name":"Iglesia Adventista del S\u00e9ptimo D\u00eda - Divisi\u00f3n Interamericana","article_published_time":"2023-07-31T20:26:46+00:00","article_modified_time":"2023-08-01T13:56:18+00:00","og_image":[{"width":1000,"height":667,"url":"https:\/\/interamerica.org\/wp-content\/uploads\/2023\/07\/priscilla-du-preez-8xfoe4kiyys-unsplash.jpg","type":"image\/jpeg"}],"author":"libna","twitter_card":"summary_large_image","twitter_misc":{"Escrito por":"libna","Tiempo de lectura":"7 minutos"},"schema":{"@context":"https:\/\/schema.org","@graph":[{"@type":"Article","@id":"https:\/\/interamerica.org\/es\/2023\/07\/las-luchas-espirituales-son-una-parte-natural-de-la-vida\/#article","isPartOf":{"@id":"https:\/\/interamerica.org\/es\/2023\/07\/las-luchas-espirituales-son-una-parte-natural-de-la-vida\/"},"author":{"name":"libna","@id":"https:\/\/interamerica.org\/es\/#\/schema\/person\/29998f2bc2d8bd0d38662909289b54f1"},"headline":"\u201cLas luchas espirituales son una parte natural de la vida\u201d","datePublished":"2023-07-31T20:26:46+00:00","dateModified":"2023-08-01T13:56:18+00:00","mainEntityOfPage":{"@id":"https:\/\/interamerica.org\/es\/2023\/07\/las-luchas-espirituales-son-una-parte-natural-de-la-vida\/"},"wordCount":1518,"image":{"@id":"https:\/\/interamerica.org\/es\/2023\/07\/las-luchas-espirituales-son-una-parte-natural-de-la-vida\/#primaryimage"},"thumbnailUrl":"https:\/\/interamerica.org\/wp-content\/uploads\/2023\/07\/priscilla-du-preez-8xfoe4kiyys-unsplash.jpg","articleSection":["Desde la iglesia mundial","RSS Espa\u00f1ol"],"inLanguage":"es"},{"@type":"WebPage","@id":"https:\/\/interamerica.org\/es\/2023\/07\/las-luchas-espirituales-son-una-parte-natural-de-la-vida\/","url":"https:\/\/interamerica.org\/es\/2023\/07\/las-luchas-espirituales-son-una-parte-natural-de-la-vida\/","name":"\u201cLas luchas espirituales son una parte natural de la vida\u201d - Iglesia Adventista del S\u00e9ptimo D\u00eda - Divisi\u00f3n Interamericana","isPartOf":{"@id":"https:\/\/interamerica.org\/es\/#website"},"primaryImageOfPage":{"@id":"https:\/\/interamerica.org\/es\/2023\/07\/las-luchas-espirituales-son-una-parte-natural-de-la-vida\/#primaryimage"},"image":{"@id":"https:\/\/interamerica.org\/es\/2023\/07\/las-luchas-espirituales-son-una-parte-natural-de-la-vida\/#primaryimage"},"thumbnailUrl":"https:\/\/interamerica.org\/wp-content\/uploads\/2023\/07\/priscilla-du-preez-8xfoe4kiyys-unsplash.jpg","datePublished":"2023-07-31T20:26:46+00:00","dateModified":"2023-08-01T13:56:18+00:00","author":{"@id":"https:\/\/interamerica.org\/es\/#\/schema\/person\/29998f2bc2d8bd0d38662909289b54f1"},"breadcrumb":{"@id":"https:\/\/interamerica.org\/es\/2023\/07\/las-luchas-espirituales-son-una-parte-natural-de-la-vida\/#breadcrumb"},"inLanguage":"es","potentialAction":[{"@type":"ReadAction","target":["https:\/\/interamerica.org\/es\/2023\/07\/las-luchas-espirituales-son-una-parte-natural-de-la-vida\/"]}]},{"@type":"ImageObject","inLanguage":"es","@id":"https:\/\/interamerica.org\/es\/2023\/07\/las-luchas-espirituales-son-una-parte-natural-de-la-vida\/#primaryimage","url":"https:\/\/interamerica.org\/wp-content\/uploads\/2023\/07\/priscilla-du-preez-8xfoe4kiyys-unsplash.jpg","contentUrl":"https:\/\/interamerica.org\/wp-content\/uploads\/2023\/07\/priscilla-du-preez-8xfoe4kiyys-unsplash.jpg","width":1000,"height":667,"caption":"[Photo: Pricilla Dupreez\/Unsplash]"},{"@type":"BreadcrumbList","@id":"https:\/\/interamerica.org\/es\/2023\/07\/las-luchas-espirituales-son-una-parte-natural-de-la-vida\/#breadcrumb","itemListElement":[{"@type":"ListItem","position":1,"name":"Home","item":"https:\/\/interamerica.org\/es\/"},{"@type":"ListItem","position":2,"name":"\u201cLas luchas espirituales son una parte natural de la vida\u201d"}]},{"@type":"WebSite","@id":"https:\/\/interamerica.org\/es\/#website","url":"https:\/\/interamerica.org\/es\/","name":"Iglesia Adventista del S\u00e9ptimo D\u00eda - Divisi\u00f3n Interamericana","description":"","potentialAction":[{"@type":"SearchAction","target":{"@type":"EntryPoint","urlTemplate":"https:\/\/interamerica.org\/es\/?s={search_term_string}"},"query-input":{"@type":"PropertyValueSpecification","valueRequired":true,"valueName":"search_term_string"}}],"inLanguage":"es"},{"@type":"Person","@id":"https:\/\/interamerica.org\/es\/#\/schema\/person\/29998f2bc2d8bd0d38662909289b54f1","name":"libna","image":{"@type":"ImageObject","inLanguage":"es","@id":"https:\/\/secure.gravatar.com\/avatar\/7c5bd30ae4b47a9ba3c856590957fd1d96dc588bf3ac05719d247e126840331f?s=96&d=mm&r=g","url":"https:\/\/secure.gravatar.com\/avatar\/7c5bd30ae4b47a9ba3c856590957fd1d96dc588bf3ac05719d247e126840331f?s=96&d=mm&r=g","contentUrl":"https:\/\/secure.gravatar.com\/avatar\/7c5bd30ae4b47a9ba3c856590957fd1d96dc588bf3ac05719d247e126840331f?s=96&d=mm&r=g","caption":"libna"}}]}},"_links":{"self":[{"href":"https:\/\/interamerica.org\/es\/wp-json\/wp\/v2\/posts\/101425","targetHints":{"allow":["GET"]}}],"collection":[{"href":"https:\/\/interamerica.org\/es\/wp-json\/wp\/v2\/posts"}],"about":[{"href":"https:\/\/interamerica.org\/es\/wp-json\/wp\/v2\/types\/post"}],"author":[{"embeddable":true,"href":"https:\/\/interamerica.org\/es\/wp-json\/wp\/v2\/users\/3"}],"replies":[{"embeddable":true,"href":"https:\/\/interamerica.org\/es\/wp-json\/wp\/v2\/comments?post=101425"}],"version-history":[{"count":0,"href":"https:\/\/interamerica.org\/es\/wp-json\/wp\/v2\/posts\/101425\/revisions"}],"wp:featuredmedia":[{"embeddable":true,"href":"https:\/\/interamerica.org\/es\/wp-json\/wp\/v2\/media\/101406"}],"wp:attachment":[{"href":"https:\/\/interamerica.org\/es\/wp-json\/wp\/v2\/media?parent=101425"}],"wp:term":[{"taxonomy":"category","embeddable":true,"href":"https:\/\/interamerica.org\/es\/wp-json\/wp\/v2\/categories?post=101425"},{"taxonomy":"post_tag","embeddable":true,"href":"https:\/\/interamerica.org\/es\/wp-json\/wp\/v2\/tags?post=101425"}],"curies":[{"name":"wp","href":"https:\/\/api.w.org\/{rel}","templated":true}]}}