{"id":101503,"date":"2023-08-01T22:16:17","date_gmt":"2023-08-02T02:16:17","guid":{"rendered":"https:\/\/interamerica.org\/?p=101503"},"modified":"2023-08-02T11:32:01","modified_gmt":"2023-08-02T15:32:01","slug":"evitar-y-revelar-los-conflictos-de-interes-es-clave-para-cultivar-la-confianza-afirma-asesor-legal-adventista","status":"publish","type":"post","link":"https:\/\/interamerica.org\/es\/2023\/08\/evitar-y-revelar-los-conflictos-de-interes-es-clave-para-cultivar-la-confianza-afirma-asesor-legal-adventista\/","title":{"rendered":"Evitar y revelar los conflictos de inter\u00e9s es clave para cultivar la confianza, afirma asesor legal adventista"},"content":{"rendered":"<p><div id=\"attachment_101490\" style=\"width: 863px\" class=\"wp-caption aligncenter\"><img fetchpriority=\"high\" decoding=\"async\" aria-describedby=\"caption-attachment-101490\" class=\" wp-image-101488\" src=\"https:\/\/interamerica.org\/wp-content\/uploads\/2023\/08\/karnik-doukmetzian-2-seld-2023.jpg\" alt=\"\" width=\"853\" height=\"568\" srcset=\"https:\/\/interamerica.org\/wp-content\/uploads\/2023\/08\/karnik-doukmetzian-2-seld-2023.jpg 1000w, https:\/\/interamerica.org\/wp-content\/uploads\/2023\/08\/karnik-doukmetzian-2-seld-2023-300x200.jpg 300w, https:\/\/interamerica.org\/wp-content\/uploads\/2023\/08\/karnik-doukmetzian-2-seld-2023-768x511.jpg 768w\" sizes=\"(max-width: 853px) 100vw, 853px\" \/><p id=\"caption-attachment-101490\" class=\"wp-caption-text\">Karnik Doukmetzian (derecha), asesor legal general de la Asociaci\u00f3n General, habla a cientos de administradores de la iglesia, directores de departamento, educadores, pastores y ancianos de iglesia sobre los conflictos de inter\u00e9s, durante el segunda d\u00eda de la Conferencia del Segmento de Desarrollo del Liderazgo el 26 de julio de 2023. Gustavo Men\u00e9ndez (izquierda), director de ministerios personales de la Uni\u00f3n Guatemalteca, le traduce. [Fotograf\u00eda: Libna Stevens\/DIA]<\/p><\/div>31 de julio de 2023 | Miami, Florida, Estados Unidos | Marcos Paseggi, para Noticias de la Divisi\u00f3n Interamericana<\/p>\n<p>\u201c\u00bfCu\u00e1ntos de ustedes est\u00e1n en Facebook, Twitter o Instagram?\u201d pregunt\u00f3 el asesor legal general de la Asociaci\u00f3n General Karnik Doukmetzian al comienzo de su presentaci\u00f3n el pasado 26 de julio de 2023 en la Conferencia del Segmento de Desarrollo del Liderazgo (SeLD) de la Divisi\u00f3n Interamericana en Miami, Florida, Estados Unidos. \u201cVeo muchas manos\u201d, a\u00f1adi\u00f3. \u201cCuando se registraron por primera vez en esas plataformas, hab\u00eda un casillero que ten\u00edan que marcar: \u2018T\u00e9rminos y condiciones\u2019. \u00bfCu\u00e1ntos de ustedes leyeron todos los t\u00e9rminos y condiciones antes de marcar el casillero? \u00a1Ninguno! Pero entonces, \u00bfc\u00f3mo saben lo que [aceptaron]?\u201d<\/p>\n<p>Al dirigirse a cientos de l\u00edderes de la Divisi\u00f3n Interamericana tanto en forma presencial como en l\u00ednea, Doukmetzian lleg\u00f3 al punto que quer\u00eda destacar con una diapositiva que mostraba la Declaraci\u00f3n de Conflicto de Inter\u00e9s de la Iglesia Adventista. Es un documento que todo obrero de la iglesia tiene que firmar y presentar cada a\u00f1o. \u201cEs una declaraci\u00f3n que todos nos nosotros firmamos\u201d, dijo. \u201cNo obstante, \u00bfqu\u00e9 hacemos? \u00a1Marcamos el casillero sin leerla ni comprender lo que estamos firmando!\u201d<\/p>\n<p>En los siguientes minutos, Doukmetzian se dedic\u00f3 a explicar qu\u00e9 es un conflicto de inter\u00e9s y por qu\u00e9 es importante que los obreros de la iglesia lo comprendan y respeten sus provisiones.<\/p>\n<p><strong>Deberes fiduciarios<\/strong><\/p>\n<p>Un fiduciario es \u201cuna persona en posici\u00f3n de autoridad que est\u00e1 obligada para actuar en nombre de otra persona con buena fe\u201d, record\u00f3 Doukmetzian a los l\u00edderes adventistas. \u201cSu deber es actuar con lealtad, honestidad y con el mejor inter\u00e9s del beneficiario. Es algo que incluye evitar los conflictos de inter\u00e9s\u201d.<\/p>\n<p><div id=\"attachment_101499\" style=\"width: 865px\" class=\"wp-caption aligncenter\"><img decoding=\"async\" aria-describedby=\"caption-attachment-101499\" class=\" wp-image-101497\" src=\"https:\/\/interamerica.org\/wp-content\/uploads\/2023\/08\/seld-2023-audience-jul26.jpg\" alt=\"\" width=\"855\" height=\"570\" srcset=\"https:\/\/interamerica.org\/wp-content\/uploads\/2023\/08\/seld-2023-audience-jul26.jpg 1000w, https:\/\/interamerica.org\/wp-content\/uploads\/2023\/08\/seld-2023-audience-jul26-300x200.jpg 300w, https:\/\/interamerica.org\/wp-content\/uploads\/2023\/08\/seld-2023-audience-jul26-768x512.jpg 768w\" sizes=\"(max-width: 855px) 100vw, 855px\" \/><p id=\"caption-attachment-101499\" class=\"wp-caption-text\">M\u00e1s de cuatrocientos l\u00edderes de la iglesia en la Divisi\u00f3n Interamericana escuchan a Karnik Doukmetzian (derecha), asesor legal general de la Asociaci\u00f3n General, hablar sobre conflictos de inter\u00e9s en Miami, Florida, Estados Unidos, para la Conferencia del Segmento de Desarrollo del Liderazgo anual, mientras otros cientos participaron de manera virtual. [Fotograf\u00eda: Libna Stevens\/DIA]<\/p><\/div>Para asegurarse de que todos entend\u00edan de qu\u00e9 estaba hablando, Doukmetzian ley\u00f3 de los Reglamentos eclesi\u00e1stico-administrativos de la Divisi\u00f3n Interamericana, donde expresa: \u201cUn conflicto de inter\u00e9s implicar\u00e1 toda circunstancia bajo la cual un empleado o voluntario, por virtud de un inter\u00e9s personal financiero o de otro tipo, presente o potencial, de manera directa o indirecta, puede verse influido o parecer verse influido por cualquier motivo o deseo de ventaja personal, sea tangible o intangible, m\u00e1s all\u00e1 del \u00e9xito o el bienestar de la denominaci\u00f3n\u201d.<\/p>\n<p><strong>Los potenciales de conflicto no necesariamente son un problema<\/strong><\/p>\n<p>En la pr\u00e1ctica, hay muchas instancias que podr\u00edan en potencia presentar un conflicto de inter\u00e9s, dijo Doukmetzian, pero no todas ellas son necesariamente un problema. Por ejemplo, algunos l\u00edderes adventistas son parte de la junta de una instituci\u00f3n y, al mismo tiempo, presiden la junta del territorio eclesi\u00e1stico que patrocina a esa instituci\u00f3n.<\/p>\n<p>El reglamento de la Divisi\u00f3n Interamericana citado m\u00e1s arriba tambi\u00e9n expresa que \u201cla membres\u00eda simult\u00e1nea en m\u00e1s de una comisi\u00f3n o junta denominacional no constituye de por s\u00ed un conflicto de inter\u00e9s. Sin embargo, se espera que un directivo, fideicomisario o director que preste servicios en la junta de una determinada organizaci\u00f3n act\u00fae con el mejor inter\u00e9s de esa organizaci\u00f3n\u201d, enfatiz\u00f3.<\/p>\n<p><strong>\u00bfQu\u00e9 decir de los conflictos de compromiso?<\/strong><\/p>\n<p>Doukmetzian tambi\u00e9n se refiri\u00f3 a los conflictos de compromiso, o a \u201ccualquier situaci\u00f3n que interfiera con la capacidad de un empleado de cumplir con sus deberes de manera efectiva\u201d. Explic\u00f3 que los empleados de tiempo completo son compensados con un empleo de tiempo completo. \u201cPor ello, el empleo externo o dual o cualquier otra actividad, sea compensada o no, que de alguna manera interfiera con el desempe\u00f1o de los deberes y responsabilidades de un empleado constituye un conflicto de compromiso\u201d, ley\u00f3.<\/p>\n<p><div id=\"attachment_101493\" style=\"width: 883px\" class=\"wp-caption aligncenter\"><img decoding=\"async\" aria-describedby=\"caption-attachment-101493\" class=\" wp-image-101491\" src=\"https:\/\/interamerica.org\/wp-content\/uploads\/2023\/08\/karnik-doukmetzian-seld-2023.jpg\" alt=\"\" width=\"873\" height=\"582\" srcset=\"https:\/\/interamerica.org\/wp-content\/uploads\/2023\/08\/karnik-doukmetzian-seld-2023.jpg 1000w, https:\/\/interamerica.org\/wp-content\/uploads\/2023\/08\/karnik-doukmetzian-seld-2023-300x200.jpg 300w, https:\/\/interamerica.org\/wp-content\/uploads\/2023\/08\/karnik-doukmetzian-seld-2023-768x512.jpg 768w\" sizes=\"(max-width: 873px) 100vw, 873px\" \/><p id=\"caption-attachment-101493\" class=\"wp-caption-text\">Karnik Doukmetzian, asesor legal general de la Asociaci\u00f3n General (derecha), se dirige a los delegados a la SeLD durante su presentaci\u00f3n del 26 de julio de 2023. Gustavo Men\u00e9ndez (izquierda), director de ministerios personales de la Uni\u00f3n Guatemalteca, le traduce. [Fotograf\u00eda: Libna Stevens\/DIA]<\/p><\/div><strong>Fundamentos y pautas \u00e9ticas<\/strong><\/p>\n<p>La Iglesia Adventista tambi\u00e9n posee una Declaraci\u00f3n de Fundamentos \u00c9ticos, que fue votada en el Concilio Anual de la iglesia en 1999. Incluye valores denominacionales tales como una conducta moral y \u00e9tica, honestidad, integridad y confianza. Esos valores influyen, en este caso, las pautas \u00e9ticas de la Divisi\u00f3n Interamericana que tienen que seguir los empleados, record\u00f3 Doukmetzian a los l\u00edderes de la iglesia. Incluyen, por ejemplo, la equidad, la imparcialidad y la no discriminaci\u00f3n y el cumplimiento con las leyes de cada pa\u00eds.<\/p>\n<p>Al mismo tiempo, los empleados poseen responsabilidades \u00e9ticas que se espera que sigan. En primer lugar, ley\u00f3 Doukmetzian, \u201cel empleo en la Iglesia Adventista del S\u00e9ptimo D\u00eda implica un compromiso con la misi\u00f3n de la organizaci\u00f3n\u201d. Y el servicio razonable de los empleados incluye responsabilidades \u00e9ticas tales como vivir una vida que sea consecuencia con el mensaje y la misi\u00f3n de la iglesia, y respetar los bienes que posee la iglesia. Tambi\u00e9n el respeto a los colegas, la eficiencia y la atenci\u00f3n en el trabajo, y la integridad en cuestiones financieras, entre otros.<\/p>\n<p><strong>Cuando se sospecha de un conflicto de inter\u00e9s<\/strong><\/p>\n<p>Doukmetzian dijo que cuando la persona involucrada o un tercero sospecha de una situaci\u00f3n de conflicto de inter\u00e9s, los l\u00edderes deber\u00edan determinar si as\u00ed es, y entonces documentar c\u00f3mo hicieron frente a esa situaci\u00f3n particular. Si se sabe de antemano que se producir\u00e1 una situaci\u00f3n de conflicto de inter\u00e9s, esta deber\u00eda ser reportada inmediatamente. Por otro lado, si no se la conoce de antemano, deber\u00eda ser reportada cuando el conflicto de inter\u00e9s se torne aparente.<\/p>\n<p>\u201cEn resumen, cuando surgen los conflictos, deber\u00edan evitar involucrarse\u201d, dijo Doukmetzian. \u201cSi se puede superar el conflicto, es necesario comunicarlo por escrito y entonces, de ser aprobada la situaci\u00f3n, se podr\u00e1 seguir adelante\u201d. En ese contexto, la persona involucrada deber\u00eda retirarse para no ser parte del proceso de toma de decisiones respecto de su caso. \u201cSignifica no votar, no participar del an\u00e1lisis, no ser parte de la discusi\u00f3n, y no estar presente cuando se analiza\u201d, enfatiz\u00f3.<\/p>\n<p><div id=\"attachment_101496\" style=\"width: 880px\" class=\"wp-caption aligncenter\"><img loading=\"lazy\" decoding=\"async\" aria-describedby=\"caption-attachment-101496\" class=\" wp-image-101494\" src=\"https:\/\/interamerica.org\/wp-content\/uploads\/2023\/08\/seld2023-audience-leader-jul26.jpg\" alt=\"\" width=\"870\" height=\"580\" srcset=\"https:\/\/interamerica.org\/wp-content\/uploads\/2023\/08\/seld2023-audience-leader-jul26.jpg 1000w, https:\/\/interamerica.org\/wp-content\/uploads\/2023\/08\/seld2023-audience-leader-jul26-300x200.jpg 300w, https:\/\/interamerica.org\/wp-content\/uploads\/2023\/08\/seld2023-audience-leader-jul26-768x512.jpg 768w\" sizes=\"(max-width: 870px) 100vw, 870px\" \/><p id=\"caption-attachment-101496\" class=\"wp-caption-text\">Un delegado presente en la SeLD toma nota, durante la presentaci\u00f3n sobre conflictos de inter\u00e9s, en la ma\u00f1ana del 26 de julio de 2023. [Fotograf\u00eda: Libna Stevens\/DIA]<\/p><\/div>Algunas de las preguntas que pueden ayudar a que una persona reflexione para determinar si una situaci\u00f3n particular incluye un conflicto de inter\u00e9s son, por ejemplo: \u201c\u00bfEst\u00e1n mis acciones alineadas con mis valores personales y los de la organizaci\u00f3n que represento? \u00bfTienen apariencia de estar bien mis acciones? \u00bfEstoy siendo honesto respecto de todas las facetas de la situaci\u00f3n?\u201d dijo Doukmetzian. \u201cY si sospechan de un conflicto, rep\u00f3rtenlo\u201d.<\/p>\n<p><strong>Algunos ejemplos<\/strong><\/p>\n<p>En la \u00faltima parte de su presentaci\u00f3n, Doukmetzian record\u00f3 a los l\u00edderes de algunas de las situaciones que el reglamento eclesi\u00e1stico-administrativo considera un conflicto de inter\u00e9s. Incluyen la participaci\u00f3n en empleo o tareas externas; aceptar u ofrecer gratificaciones, favores, beneficios, o presentes; y usar el personal, la propiedad o los equipos de la organizaci\u00f3n para otros fines que no sean las actividades y programas aprobados. Tambi\u00e9n mencion\u00f3 pasar una cantidad irrazonable de tiempo durante las horas de trabajo en otras tareas y usar las conexiones personales para garantizar favores a familiares y amigos. \u201cEviten situaciones que podr\u00eda desacreditar, avergonzar o estar en conflicto con los mejores intereses de la organizaci\u00f3n\u201d, aconsej\u00f3.<\/p>\n<p>Un \u00e1rea potencial de conflicto de inter\u00e9s es el uso de medios sociales, especialmente cuando un empleado usa la cuenta de su trabajo o de la organizaci\u00f3n, explic\u00f3 Doukmetzian. Aconsej\u00f3: \u201cSi hablan de cuestiones p\u00fablicas, h\u00e1ganlo tan solo si han sido autorizados, y eviten hablar a t\u00edtulo personal, porque las personas no distinguir\u00e1n entre sus opiniones oficiales y privadas\u201d. Y a\u00f1adi\u00f3: \u201cNo usen el nombre, la influencia y los fondos de la organizaci\u00f3n para actividades externas a menos que tengan autorizaci\u00f3n\u201d.<\/p>\n<p>Doukmetzian tambi\u00e9n aconsej\u00f3 c\u00f3mo tratar con las relaciones con familiares y de car\u00e1cter personal. \u201cNo deber\u00edan contratar o supervisar a sus familiares\u201d, dijo, \u201cy tienen que revelar todas las relaciones familiares o personales que podr\u00eda crear un conflicto de inter\u00e9s\u201d.<\/p>\n<p>En resumen, Doukmetzian enfatiz\u00f3 que todos pueden en potencial involucrarse en una situaci\u00f3n que sea causa de un conflicto de inter\u00e9s. \u201cUn conflicto de inter\u00e9s no es una acusaci\u00f3n y no implica que su juicio ha sido comprometido\u201d, expres\u00f3. \u201cNo hay nada inherentemente malo en tener intereses en conflicto. La cuesti\u00f3n es qu\u00e9 hacemos en esos casos\u201d.<\/p>\n<p><strong>La confianza es clave<\/strong><\/p>\n<p>En el centro de las cuestiones relacionadas con los conflictos de inter\u00e9s est\u00e1 la confianza, o esa \u201cpercepci\u00f3n de honestidad, apertura y confiabilidad\u201d, dijo Doukmetzian. \u201cLa confianza es el lubricante de la organizaci\u00f3n. Lleva tiempo cultivarla pero puede verse debilitada o quebrantada muy f\u00e1cilmente\u201d.<\/p>\n<p>Culmin\u00f3 mediante la reformulaci\u00f3n de una muy conocida declaraci\u00f3n de Elena G. White, una de las fundadoras de la Iglesia Adventista: \u201cLa mayor necesidad del mundo es la de hombres y mujeres que no se compren o vendan, que no acepten o den un soborno [\u2026], hombres y mujeres que sean responsables [\u2026] [y] que se mantengan de parte de la justicia aunque se desplomen los cielos\u201d.<\/p>\n<p>Traducci\u00f3n de Marcos Paseggi<\/p>\n","protected":false},"excerpt":{"rendered":"<p>31 de julio de 2023 | Miami, Florida, Estados Unidos | Marcos Paseggi, para Noticias de la Divisi\u00f3n Interamericana \u201c\u00bfCu\u00e1ntos de ustedes est\u00e1n en Facebook, Twitter o Instagram?\u201d pregunt\u00f3 el&#8230;<\/p>\n","protected":false},"author":3,"featured_media":101487,"comment_status":"closed","ping_status":"closed","sticky":false,"template":"","format":"standard","meta":{"_acf_changed":false,"footnotes":""},"categories":[16,15],"tags":[],"class_list":["post-101503","post","type-post","status-publish","format-standard","has-post-thumbnail","hentry","category-desde-la-sede","category-rss-espanol"],"acf":[],"yoast_head":"<!-- This site is optimized with the Yoast SEO plugin v27.3 - https:\/\/yoast.com\/product\/yoast-seo-wordpress\/ -->\n<title>Evitar y revelar los conflictos de inter\u00e9s es clave para cultivar la confianza, afirma asesor legal adventista - Iglesia Adventista del S\u00e9ptimo D\u00eda - Divisi\u00f3n Interamericana<\/title>\n<meta name=\"robots\" content=\"index, follow, max-snippet:-1, max-image-preview:large, max-video-preview:-1\" \/>\n<link rel=\"canonical\" href=\"https:\/\/interamerica.org\/es\/2023\/08\/evitar-y-revelar-los-conflictos-de-interes-es-clave-para-cultivar-la-confianza-afirma-asesor-legal-adventista\/\" \/>\n<meta property=\"og:locale\" content=\"es_ES\" \/>\n<meta property=\"og:type\" content=\"article\" \/>\n<meta property=\"og:title\" content=\"Evitar y revelar los conflictos de inter\u00e9s es clave para cultivar la confianza, afirma asesor legal adventista - Iglesia Adventista del S\u00e9ptimo D\u00eda - Divisi\u00f3n Interamericana\" \/>\n<meta property=\"og:description\" content=\"31 de julio de 2023 | Miami, Florida, Estados Unidos | Marcos Paseggi, para Noticias de la Divisi\u00f3n Interamericana \u201c\u00bfCu\u00e1ntos de ustedes est\u00e1n en Facebook, Twitter o Instagram?\u201d pregunt\u00f3 el...\" \/>\n<meta property=\"og:url\" content=\"https:\/\/interamerica.org\/es\/2023\/08\/evitar-y-revelar-los-conflictos-de-interes-es-clave-para-cultivar-la-confianza-afirma-asesor-legal-adventista\/\" \/>\n<meta property=\"og:site_name\" content=\"Iglesia Adventista del S\u00e9ptimo D\u00eda - Divisi\u00f3n Interamericana\" \/>\n<meta property=\"article:published_time\" content=\"2023-08-02T02:16:17+00:00\" \/>\n<meta property=\"article:modified_time\" content=\"2023-08-02T15:32:01+00:00\" \/>\n<meta property=\"og:image\" content=\"https:\/\/interamerica.org\/wp-content\/uploads\/2023\/08\/karnik-doukmetzian-2-seld-2023-1280.jpg\" \/>\n\t<meta property=\"og:image:width\" content=\"1280\" \/>\n\t<meta property=\"og:image:height\" content=\"800\" \/>\n\t<meta property=\"og:image:type\" content=\"image\/jpeg\" \/>\n<meta name=\"author\" content=\"libna\" \/>\n<meta name=\"twitter:card\" content=\"summary_large_image\" \/>\n<meta name=\"twitter:label1\" content=\"Escrito por\" \/>\n\t<meta name=\"twitter:data1\" content=\"libna\" \/>\n\t<meta name=\"twitter:label2\" content=\"Tiempo de lectura\" \/>\n\t<meta name=\"twitter:data2\" content=\"8 minutos\" \/>\n<script type=\"application\/ld+json\" class=\"yoast-schema-graph\">{\"@context\":\"https:\\\/\\\/schema.org\",\"@graph\":[{\"@type\":\"Article\",\"@id\":\"https:\\\/\\\/interamerica.org\\\/es\\\/2023\\\/08\\\/evitar-y-revelar-los-conflictos-de-interes-es-clave-para-cultivar-la-confianza-afirma-asesor-legal-adventista\\\/#article\",\"isPartOf\":{\"@id\":\"https:\\\/\\\/interamerica.org\\\/es\\\/2023\\\/08\\\/evitar-y-revelar-los-conflictos-de-interes-es-clave-para-cultivar-la-confianza-afirma-asesor-legal-adventista\\\/\"},\"author\":{\"name\":\"libna\",\"@id\":\"https:\\\/\\\/interamerica.org\\\/es\\\/#\\\/schema\\\/person\\\/29998f2bc2d8bd0d38662909289b54f1\"},\"headline\":\"Evitar y revelar los conflictos de inter\u00e9s es clave para cultivar la confianza, afirma asesor legal adventista\",\"datePublished\":\"2023-08-02T02:16:17+00:00\",\"dateModified\":\"2023-08-02T15:32:01+00:00\",\"mainEntityOfPage\":{\"@id\":\"https:\\\/\\\/interamerica.org\\\/es\\\/2023\\\/08\\\/evitar-y-revelar-los-conflictos-de-interes-es-clave-para-cultivar-la-confianza-afirma-asesor-legal-adventista\\\/\"},\"wordCount\":1764,\"image\":{\"@id\":\"https:\\\/\\\/interamerica.org\\\/es\\\/2023\\\/08\\\/evitar-y-revelar-los-conflictos-de-interes-es-clave-para-cultivar-la-confianza-afirma-asesor-legal-adventista\\\/#primaryimage\"},\"thumbnailUrl\":\"https:\\\/\\\/interamerica.org\\\/wp-content\\\/uploads\\\/2023\\\/08\\\/karnik-doukmetzian-2-seld-2023-1280.jpg\",\"articleSection\":[\"Desde la sede\",\"RSS Espa\u00f1ol\"],\"inLanguage\":\"es\"},{\"@type\":\"WebPage\",\"@id\":\"https:\\\/\\\/interamerica.org\\\/es\\\/2023\\\/08\\\/evitar-y-revelar-los-conflictos-de-interes-es-clave-para-cultivar-la-confianza-afirma-asesor-legal-adventista\\\/\",\"url\":\"https:\\\/\\\/interamerica.org\\\/es\\\/2023\\\/08\\\/evitar-y-revelar-los-conflictos-de-interes-es-clave-para-cultivar-la-confianza-afirma-asesor-legal-adventista\\\/\",\"name\":\"Evitar y revelar los conflictos de inter\u00e9s es clave para cultivar la confianza, afirma asesor legal adventista - Iglesia Adventista del S\u00e9ptimo D\u00eda - Divisi\u00f3n Interamericana\",\"isPartOf\":{\"@id\":\"https:\\\/\\\/interamerica.org\\\/es\\\/#website\"},\"primaryImageOfPage\":{\"@id\":\"https:\\\/\\\/interamerica.org\\\/es\\\/2023\\\/08\\\/evitar-y-revelar-los-conflictos-de-interes-es-clave-para-cultivar-la-confianza-afirma-asesor-legal-adventista\\\/#primaryimage\"},\"image\":{\"@id\":\"https:\\\/\\\/interamerica.org\\\/es\\\/2023\\\/08\\\/evitar-y-revelar-los-conflictos-de-interes-es-clave-para-cultivar-la-confianza-afirma-asesor-legal-adventista\\\/#primaryimage\"},\"thumbnailUrl\":\"https:\\\/\\\/interamerica.org\\\/wp-content\\\/uploads\\\/2023\\\/08\\\/karnik-doukmetzian-2-seld-2023-1280.jpg\",\"datePublished\":\"2023-08-02T02:16:17+00:00\",\"dateModified\":\"2023-08-02T15:32:01+00:00\",\"author\":{\"@id\":\"https:\\\/\\\/interamerica.org\\\/es\\\/#\\\/schema\\\/person\\\/29998f2bc2d8bd0d38662909289b54f1\"},\"breadcrumb\":{\"@id\":\"https:\\\/\\\/interamerica.org\\\/es\\\/2023\\\/08\\\/evitar-y-revelar-los-conflictos-de-interes-es-clave-para-cultivar-la-confianza-afirma-asesor-legal-adventista\\\/#breadcrumb\"},\"inLanguage\":\"es\",\"potentialAction\":[{\"@type\":\"ReadAction\",\"target\":[\"https:\\\/\\\/interamerica.org\\\/es\\\/2023\\\/08\\\/evitar-y-revelar-los-conflictos-de-interes-es-clave-para-cultivar-la-confianza-afirma-asesor-legal-adventista\\\/\"]}]},{\"@type\":\"ImageObject\",\"inLanguage\":\"es\",\"@id\":\"https:\\\/\\\/interamerica.org\\\/es\\\/2023\\\/08\\\/evitar-y-revelar-los-conflictos-de-interes-es-clave-para-cultivar-la-confianza-afirma-asesor-legal-adventista\\\/#primaryimage\",\"url\":\"https:\\\/\\\/interamerica.org\\\/wp-content\\\/uploads\\\/2023\\\/08\\\/karnik-doukmetzian-2-seld-2023-1280.jpg\",\"contentUrl\":\"https:\\\/\\\/interamerica.org\\\/wp-content\\\/uploads\\\/2023\\\/08\\\/karnik-doukmetzian-2-seld-2023-1280.jpg\",\"width\":1280,\"height\":800,\"caption\":\"[Photo: Libna Stevens\\\/IAD]\"},{\"@type\":\"BreadcrumbList\",\"@id\":\"https:\\\/\\\/interamerica.org\\\/es\\\/2023\\\/08\\\/evitar-y-revelar-los-conflictos-de-interes-es-clave-para-cultivar-la-confianza-afirma-asesor-legal-adventista\\\/#breadcrumb\",\"itemListElement\":[{\"@type\":\"ListItem\",\"position\":1,\"name\":\"Home\",\"item\":\"https:\\\/\\\/interamerica.org\\\/es\\\/\"},{\"@type\":\"ListItem\",\"position\":2,\"name\":\"Evitar y revelar los conflictos de inter\u00e9s es clave para cultivar la confianza, afirma asesor legal adventista\"}]},{\"@type\":\"WebSite\",\"@id\":\"https:\\\/\\\/interamerica.org\\\/es\\\/#website\",\"url\":\"https:\\\/\\\/interamerica.org\\\/es\\\/\",\"name\":\"Iglesia Adventista del S\u00e9ptimo D\u00eda - Divisi\u00f3n Interamericana\",\"description\":\"\",\"potentialAction\":[{\"@type\":\"SearchAction\",\"target\":{\"@type\":\"EntryPoint\",\"urlTemplate\":\"https:\\\/\\\/interamerica.org\\\/es\\\/?s={search_term_string}\"},\"query-input\":{\"@type\":\"PropertyValueSpecification\",\"valueRequired\":true,\"valueName\":\"search_term_string\"}}],\"inLanguage\":\"es\"},{\"@type\":\"Person\",\"@id\":\"https:\\\/\\\/interamerica.org\\\/es\\\/#\\\/schema\\\/person\\\/29998f2bc2d8bd0d38662909289b54f1\",\"name\":\"libna\",\"image\":{\"@type\":\"ImageObject\",\"inLanguage\":\"es\",\"@id\":\"https:\\\/\\\/secure.gravatar.com\\\/avatar\\\/7c5bd30ae4b47a9ba3c856590957fd1d96dc588bf3ac05719d247e126840331f?s=96&d=mm&r=g\",\"url\":\"https:\\\/\\\/secure.gravatar.com\\\/avatar\\\/7c5bd30ae4b47a9ba3c856590957fd1d96dc588bf3ac05719d247e126840331f?s=96&d=mm&r=g\",\"contentUrl\":\"https:\\\/\\\/secure.gravatar.com\\\/avatar\\\/7c5bd30ae4b47a9ba3c856590957fd1d96dc588bf3ac05719d247e126840331f?s=96&d=mm&r=g\",\"caption\":\"libna\"}}]}<\/script>\n<!-- \/ Yoast SEO plugin. -->","yoast_head_json":{"title":"Evitar y revelar los conflictos de inter\u00e9s es clave para cultivar la confianza, afirma asesor legal adventista - Iglesia Adventista del S\u00e9ptimo D\u00eda - Divisi\u00f3n Interamericana","robots":{"index":"index","follow":"follow","max-snippet":"max-snippet:-1","max-image-preview":"max-image-preview:large","max-video-preview":"max-video-preview:-1"},"canonical":"https:\/\/interamerica.org\/es\/2023\/08\/evitar-y-revelar-los-conflictos-de-interes-es-clave-para-cultivar-la-confianza-afirma-asesor-legal-adventista\/","og_locale":"es_ES","og_type":"article","og_title":"Evitar y revelar los conflictos de inter\u00e9s es clave para cultivar la confianza, afirma asesor legal adventista - Iglesia Adventista del S\u00e9ptimo D\u00eda - Divisi\u00f3n Interamericana","og_description":"31 de julio de 2023 | Miami, Florida, Estados Unidos | Marcos Paseggi, para Noticias de la Divisi\u00f3n Interamericana \u201c\u00bfCu\u00e1ntos de ustedes est\u00e1n en Facebook, Twitter o Instagram?\u201d pregunt\u00f3 el...","og_url":"https:\/\/interamerica.org\/es\/2023\/08\/evitar-y-revelar-los-conflictos-de-interes-es-clave-para-cultivar-la-confianza-afirma-asesor-legal-adventista\/","og_site_name":"Iglesia Adventista del S\u00e9ptimo D\u00eda - Divisi\u00f3n Interamericana","article_published_time":"2023-08-02T02:16:17+00:00","article_modified_time":"2023-08-02T15:32:01+00:00","og_image":[{"width":1280,"height":800,"url":"https:\/\/interamerica.org\/wp-content\/uploads\/2023\/08\/karnik-doukmetzian-2-seld-2023-1280.jpg","type":"image\/jpeg"}],"author":"libna","twitter_card":"summary_large_image","twitter_misc":{"Escrito por":"libna","Tiempo de lectura":"8 minutos"},"schema":{"@context":"https:\/\/schema.org","@graph":[{"@type":"Article","@id":"https:\/\/interamerica.org\/es\/2023\/08\/evitar-y-revelar-los-conflictos-de-interes-es-clave-para-cultivar-la-confianza-afirma-asesor-legal-adventista\/#article","isPartOf":{"@id":"https:\/\/interamerica.org\/es\/2023\/08\/evitar-y-revelar-los-conflictos-de-interes-es-clave-para-cultivar-la-confianza-afirma-asesor-legal-adventista\/"},"author":{"name":"libna","@id":"https:\/\/interamerica.org\/es\/#\/schema\/person\/29998f2bc2d8bd0d38662909289b54f1"},"headline":"Evitar y revelar los conflictos de inter\u00e9s es clave para cultivar la confianza, afirma asesor legal adventista","datePublished":"2023-08-02T02:16:17+00:00","dateModified":"2023-08-02T15:32:01+00:00","mainEntityOfPage":{"@id":"https:\/\/interamerica.org\/es\/2023\/08\/evitar-y-revelar-los-conflictos-de-interes-es-clave-para-cultivar-la-confianza-afirma-asesor-legal-adventista\/"},"wordCount":1764,"image":{"@id":"https:\/\/interamerica.org\/es\/2023\/08\/evitar-y-revelar-los-conflictos-de-interes-es-clave-para-cultivar-la-confianza-afirma-asesor-legal-adventista\/#primaryimage"},"thumbnailUrl":"https:\/\/interamerica.org\/wp-content\/uploads\/2023\/08\/karnik-doukmetzian-2-seld-2023-1280.jpg","articleSection":["Desde la sede","RSS Espa\u00f1ol"],"inLanguage":"es"},{"@type":"WebPage","@id":"https:\/\/interamerica.org\/es\/2023\/08\/evitar-y-revelar-los-conflictos-de-interes-es-clave-para-cultivar-la-confianza-afirma-asesor-legal-adventista\/","url":"https:\/\/interamerica.org\/es\/2023\/08\/evitar-y-revelar-los-conflictos-de-interes-es-clave-para-cultivar-la-confianza-afirma-asesor-legal-adventista\/","name":"Evitar y revelar los conflictos de inter\u00e9s es clave para cultivar la confianza, afirma asesor legal adventista - Iglesia Adventista del S\u00e9ptimo D\u00eda - Divisi\u00f3n Interamericana","isPartOf":{"@id":"https:\/\/interamerica.org\/es\/#website"},"primaryImageOfPage":{"@id":"https:\/\/interamerica.org\/es\/2023\/08\/evitar-y-revelar-los-conflictos-de-interes-es-clave-para-cultivar-la-confianza-afirma-asesor-legal-adventista\/#primaryimage"},"image":{"@id":"https:\/\/interamerica.org\/es\/2023\/08\/evitar-y-revelar-los-conflictos-de-interes-es-clave-para-cultivar-la-confianza-afirma-asesor-legal-adventista\/#primaryimage"},"thumbnailUrl":"https:\/\/interamerica.org\/wp-content\/uploads\/2023\/08\/karnik-doukmetzian-2-seld-2023-1280.jpg","datePublished":"2023-08-02T02:16:17+00:00","dateModified":"2023-08-02T15:32:01+00:00","author":{"@id":"https:\/\/interamerica.org\/es\/#\/schema\/person\/29998f2bc2d8bd0d38662909289b54f1"},"breadcrumb":{"@id":"https:\/\/interamerica.org\/es\/2023\/08\/evitar-y-revelar-los-conflictos-de-interes-es-clave-para-cultivar-la-confianza-afirma-asesor-legal-adventista\/#breadcrumb"},"inLanguage":"es","potentialAction":[{"@type":"ReadAction","target":["https:\/\/interamerica.org\/es\/2023\/08\/evitar-y-revelar-los-conflictos-de-interes-es-clave-para-cultivar-la-confianza-afirma-asesor-legal-adventista\/"]}]},{"@type":"ImageObject","inLanguage":"es","@id":"https:\/\/interamerica.org\/es\/2023\/08\/evitar-y-revelar-los-conflictos-de-interes-es-clave-para-cultivar-la-confianza-afirma-asesor-legal-adventista\/#primaryimage","url":"https:\/\/interamerica.org\/wp-content\/uploads\/2023\/08\/karnik-doukmetzian-2-seld-2023-1280.jpg","contentUrl":"https:\/\/interamerica.org\/wp-content\/uploads\/2023\/08\/karnik-doukmetzian-2-seld-2023-1280.jpg","width":1280,"height":800,"caption":"[Photo: Libna Stevens\/IAD]"},{"@type":"BreadcrumbList","@id":"https:\/\/interamerica.org\/es\/2023\/08\/evitar-y-revelar-los-conflictos-de-interes-es-clave-para-cultivar-la-confianza-afirma-asesor-legal-adventista\/#breadcrumb","itemListElement":[{"@type":"ListItem","position":1,"name":"Home","item":"https:\/\/interamerica.org\/es\/"},{"@type":"ListItem","position":2,"name":"Evitar y revelar los conflictos de inter\u00e9s es clave para cultivar la confianza, afirma asesor legal adventista"}]},{"@type":"WebSite","@id":"https:\/\/interamerica.org\/es\/#website","url":"https:\/\/interamerica.org\/es\/","name":"Iglesia Adventista del S\u00e9ptimo D\u00eda - Divisi\u00f3n Interamericana","description":"","potentialAction":[{"@type":"SearchAction","target":{"@type":"EntryPoint","urlTemplate":"https:\/\/interamerica.org\/es\/?s={search_term_string}"},"query-input":{"@type":"PropertyValueSpecification","valueRequired":true,"valueName":"search_term_string"}}],"inLanguage":"es"},{"@type":"Person","@id":"https:\/\/interamerica.org\/es\/#\/schema\/person\/29998f2bc2d8bd0d38662909289b54f1","name":"libna","image":{"@type":"ImageObject","inLanguage":"es","@id":"https:\/\/secure.gravatar.com\/avatar\/7c5bd30ae4b47a9ba3c856590957fd1d96dc588bf3ac05719d247e126840331f?s=96&d=mm&r=g","url":"https:\/\/secure.gravatar.com\/avatar\/7c5bd30ae4b47a9ba3c856590957fd1d96dc588bf3ac05719d247e126840331f?s=96&d=mm&r=g","contentUrl":"https:\/\/secure.gravatar.com\/avatar\/7c5bd30ae4b47a9ba3c856590957fd1d96dc588bf3ac05719d247e126840331f?s=96&d=mm&r=g","caption":"libna"}}]}},"_links":{"self":[{"href":"https:\/\/interamerica.org\/es\/wp-json\/wp\/v2\/posts\/101503","targetHints":{"allow":["GET"]}}],"collection":[{"href":"https:\/\/interamerica.org\/es\/wp-json\/wp\/v2\/posts"}],"about":[{"href":"https:\/\/interamerica.org\/es\/wp-json\/wp\/v2\/types\/post"}],"author":[{"embeddable":true,"href":"https:\/\/interamerica.org\/es\/wp-json\/wp\/v2\/users\/3"}],"replies":[{"embeddable":true,"href":"https:\/\/interamerica.org\/es\/wp-json\/wp\/v2\/comments?post=101503"}],"version-history":[{"count":0,"href":"https:\/\/interamerica.org\/es\/wp-json\/wp\/v2\/posts\/101503\/revisions"}],"wp:featuredmedia":[{"embeddable":true,"href":"https:\/\/interamerica.org\/es\/wp-json\/wp\/v2\/media\/101487"}],"wp:attachment":[{"href":"https:\/\/interamerica.org\/es\/wp-json\/wp\/v2\/media?parent=101503"}],"wp:term":[{"taxonomy":"category","embeddable":true,"href":"https:\/\/interamerica.org\/es\/wp-json\/wp\/v2\/categories?post=101503"},{"taxonomy":"post_tag","embeddable":true,"href":"https:\/\/interamerica.org\/es\/wp-json\/wp\/v2\/tags?post=101503"}],"curies":[{"name":"wp","href":"https:\/\/api.w.org\/{rel}","templated":true}]}}