{"id":101573,"date":"2023-08-02T23:13:31","date_gmt":"2023-08-03T03:13:31","guid":{"rendered":"https:\/\/interamerica.org\/?p=101573"},"modified":"2023-08-04T09:24:15","modified_gmt":"2023-08-04T13:24:15","slug":"en-el-seld-lideres-tanto-jovenes-como-experimentados-reciben-una-perspectiva-mas-clara-de-su-mision","status":"publish","type":"post","link":"https:\/\/interamerica.org\/es\/2023\/08\/en-el-seld-lideres-tanto-jovenes-como-experimentados-reciben-una-perspectiva-mas-clara-de-su-mision\/","title":{"rendered":"En el SeLD, l\u00edderes tanto j\u00f3venes como experimentados reciben una perspectiva m\u00e1s clara de su misi\u00f3n"},"content":{"rendered":"<p>2 de agosto de 2023 | Miami, Florida, Estados Unidos | Libna Stevens, Noticias de la Divisi\u00f3n Interamericana<\/p>\n<p>Fue la s\u00e9ptima vez que vino a la Conferencia Anual del Segmento de Desarrollo del Liderazgo de la Divisi\u00f3n Interamericana (SeLD). \u201cCada vez que vengo a SeLD, est\u00e1 mejor y mejor\u201d, dijo Xenia Gamboa, rectora del Centro Educacional Adventista, una escuela primaria y secundaria biling\u00fce en Hatillo, San Jos\u00e9, Costa Rica. Gamboa tambi\u00e9n es directora de educaci\u00f3n de la Uni\u00f3n Centroamericana Sur, que supervisa las instituciones educativas primarias, secundarias y terciarias en Costa Rica y Nicaragua.<\/p>\n<p>Gamboa pudo codearse con administradores, pastores, educadores, directores de departamento y ancianos durante la conferencia, que cont\u00f3 con decenas de expertos y oradores destacados en Miami, Florida, Estados Unidos, del 24-26 de julio de 2023. La conferencia anual del SeLD busca empoderar a los individuos con el conocimiento, las habilidades y la inspiraci\u00f3n que les permitan marcar una diferencia positiva en el liderazgo en todas las organizaciones de la Iglesia Adventista en la Divisi\u00f3n Interamericana.<\/p>\n<p>Uno de los seminarios que la llev\u00f3 a tomar m\u00e1s notas fue el que dio Ismael Castillo, rector de la Universidad de Montemorelos en M\u00e9xico.<\/p>\n<p><div id=\"attachment_101519\" style=\"width: 855px\" class=\"wp-caption aligncenter\"><img fetchpriority=\"high\" decoding=\"async\" aria-describedby=\"caption-attachment-101519\" class=\" wp-image-101517\" src=\"https:\/\/interamerica.org\/wp-content\/uploads\/2023\/08\/xenia-gamboa-seld-jul25.jpg\" alt=\"\" width=\"845\" height=\"547\" srcset=\"https:\/\/interamerica.org\/wp-content\/uploads\/2023\/08\/xenia-gamboa-seld-jul25.jpg 1000w, https:\/\/interamerica.org\/wp-content\/uploads\/2023\/08\/xenia-gamboa-seld-jul25-300x194.jpg 300w, https:\/\/interamerica.org\/wp-content\/uploads\/2023\/08\/xenia-gamboa-seld-jul25-768x497.jpg 768w\" sizes=\"(max-width: 845px) 100vw, 845px\" \/><p id=\"caption-attachment-101519\" class=\"wp-caption-text\">Xenia Gamboa, rectora del Centro Educacional Adventista en Hatillo, San Jos\u00e9, Costa Rica, toma notas durante el seminario presentado por Ismael Castillo, rector de la Universidad de Montemorelos, el pasado 25 de julio de 2023. [Fotograf\u00eda: Libna Stevens\/DIA]<\/p><\/div>\u201c\u00bfPor qu\u00e9 sobreviven las instituciones educacionales?\u201d pregunt\u00f3 Castillo. \u201cDebido al c\u00edrculo dorado de la permanencia\u201d. Esa permanencia incluye mantener la principal identidad adventista clara respecto de su obra de publicaciones, herencia o historia, su mensaje de salud, y la educaci\u00f3n como pilares fundamentales, explic\u00f3 Castillo.<\/p>\n<p>Las instituciones tienen que tener en claro la necesidad de mantener a Cristo en el centro, de su visi\u00f3n prof\u00e9tica, su misi\u00f3n de compartir el evangelio, de seguir a Dios y no los patrones del mundo, dijo Castillo. Esa misi\u00f3n es lo que emocion\u00f3 a Gamboa.<\/p>\n<p>\u201cEl desaf\u00edo me qued\u00f3 claro, porque cada actividad, cada pr\u00e1ctica en nuestras instituciones tiene que llevar el sello de dar a conocer a Cristo\u201d, dijo Gamboa. Implica la integraci\u00f3n de la fe en cada clase y cada actividad a cargo de un personal comprometido, a\u00f1adi\u00f3. Eso le lleg\u00f3, no como un nuevo mandato, sino como un recordatorio que la lleva a tener un enfoque continuado sobre la misi\u00f3n y el prop\u00f3sito principales de la educaci\u00f3n adventista, expres\u00f3.<\/p>\n<p><div id=\"attachment_101528\" style=\"width: 869px\" class=\"wp-caption aligncenter\"><img decoding=\"async\" aria-describedby=\"caption-attachment-101528\" class=\" wp-image-101526\" src=\"https:\/\/interamerica.org\/wp-content\/uploads\/2023\/08\/ismael-castillo-seld2023-seminar.jpg\" alt=\"\" width=\"859\" height=\"546\" srcset=\"https:\/\/interamerica.org\/wp-content\/uploads\/2023\/08\/ismael-castillo-seld2023-seminar.jpg 1000w, https:\/\/interamerica.org\/wp-content\/uploads\/2023\/08\/ismael-castillo-seld2023-seminar-300x191.jpg 300w, https:\/\/interamerica.org\/wp-content\/uploads\/2023\/08\/ismael-castillo-seld2023-seminar-768x488.jpg 768w\" sizes=\"(max-width: 859px) 100vw, 859px\" \/><p id=\"caption-attachment-101528\" class=\"wp-caption-text\">Ismael Castillo, rector de la Universidad de Montemorelos en M\u00e9xico, dirige un seminario sobre las razones por las cuales sobreviven las instituciones educacionales, el pasado 25 de julio de 2023. [Fotograf\u00eda: Libna Stevens\/DIA]<\/p><\/div>Gamboa, que ha prestado servicios a la educaci\u00f3n por m\u00e1s de 32 a\u00f1os y es rectora de la escuela primaria y secundaria biling\u00fce m\u00e1s grande de Costa Rica, quiere garantizar que todo estudiante adventista de edad escolar tenga la oportunidad de estudiar en la escuela. Eso significa ver a m\u00e1s que el 35 por ciento de los estudiantes adventistas que est\u00e1n actualmente registrados en el Centro Educacional Adventista que dirige. Ha estado trabajando con sus 73 docentes y miembros del personal en una campa\u00f1a para reclutar y ofrecer educacional especial asequible consiguiendo fondos del gobierno, patrocinios de la iglesia, y patrocinios adicionales de parte de las familias de la iglesia que est\u00e1n dispuestas a patrocinar a un estudiante. \u201cSe nos ha encomendado preparar a los estudiantes y sus familias para que amen a Jes\u00fas e impacten a este mundo de manera positiva\u201d, dijo Gamboa.<\/p>\n<p>La Conferencia del SeLD le ha recordado a Gamboa del compromiso que debe de tener cada l\u00edder para continuar avanzando en la iniciativa misionera \u201cI Will Go\u201d. \u201cNo podemos detenernos por un momento; tenemos que continuar cumpliendo la misi\u00f3n de todas las maneras posibles dentro de nuestras responsabilidades\u201d, dijo Gamboa.<\/p>\n<p><div id=\"attachment_101543\" style=\"width: 859px\" class=\"wp-caption aligncenter\"><img decoding=\"async\" aria-describedby=\"caption-attachment-101543\" class=\" wp-image-101541\" src=\"https:\/\/interamerica.org\/wp-content\/uploads\/2023\/08\/xenia-gamboa-seld2023-portrait.jpg\" alt=\"\" width=\"849\" height=\"555\" srcset=\"https:\/\/interamerica.org\/wp-content\/uploads\/2023\/08\/xenia-gamboa-seld2023-portrait.jpg 1000w, https:\/\/interamerica.org\/wp-content\/uploads\/2023\/08\/xenia-gamboa-seld2023-portrait-300x196.jpg 300w, https:\/\/interamerica.org\/wp-content\/uploads\/2023\/08\/xenia-gamboa-seld2023-portrait-768x502.jpg 768w\" sizes=\"(max-width: 849px) 100vw, 849px\" \/><p id=\"caption-attachment-101543\" class=\"wp-caption-text\">Xenia Gamboa, rectora del Centro Educacional Adventista en Hatillo, San Jos\u00e9, Costa Rica, tambi\u00e9n es directora de educaci\u00f3n de la Uni\u00f3n Centroamericana Sur, dice que las conferencias del SeLD son mejores y mejores cada a\u00f1o. [Fotograf\u00eda: Libna Stevens\/DIA]<\/p><\/div><strong>Preparaci\u00f3n de los j\u00f3venes para el liderazgo<\/strong><\/p>\n<p>Para Ram\u00f3n Cedillo, de 30 a\u00f1os y pastor y director de ministerios j\u00f3venes de la Asociaci\u00f3n Mexicana del Noreste en Monterrey, M\u00e9xico, venir al SeLD por primera vez ha ampliado su visi\u00f3n como l\u00edder. \u201cPuedo definidamente ver el panorama m\u00e1s amplio de qu\u00e9 se ocupa la iglesia a nivel de divisi\u00f3n y de cu\u00e1n importante es apreciar diferentes pensamientos y culturas\u201d. Es importante tener inteligencia cultural y disfrutar de una perspectiva mejor y m\u00e1s inclusiva, a\u00f1adi\u00f3.<\/p>\n<p>Un seminario particular que le result\u00f3 beneficioso fue el que dio Melchor Ferreyra, director de ministerios personales de la Divisi\u00f3n Interamericana, que enfatiz\u00f3 la importancia de la productividad como ingrediente importante del liderazgo.<\/p>\n<p>\u201cLa productividad tiene que ver con el desempe\u00f1o personal; sin embargo, apunta a hacer que el equipo que nos rodee sea m\u00e1s productivo\u201d, dijo Ferreyra. \u201cToda persona que se integra en su equipo tiene que ser consciente de la visi\u00f3n, la misi\u00f3n, las estrategias y los objetivos que quiere lograr, transformando su ministerio y su equipo a una productividad m\u00e1xima\u201d.<\/p>\n<p><div id=\"attachment_101537\" style=\"width: 859px\" class=\"wp-caption aligncenter\"><img loading=\"lazy\" decoding=\"async\" aria-describedby=\"caption-attachment-101537\" class=\" wp-image-101535\" src=\"https:\/\/interamerica.org\/wp-content\/uploads\/2023\/08\/ramon-cedillo-seld2023.jpg\" alt=\"\" width=\"849\" height=\"554\" srcset=\"https:\/\/interamerica.org\/wp-content\/uploads\/2023\/08\/ramon-cedillo-seld2023.jpg 1000w, https:\/\/interamerica.org\/wp-content\/uploads\/2023\/08\/ramon-cedillo-seld2023-300x196.jpg 300w, https:\/\/interamerica.org\/wp-content\/uploads\/2023\/08\/ramon-cedillo-seld2023-768x502.jpg 768w\" sizes=\"(max-width: 849px) 100vw, 849px\" \/><p id=\"caption-attachment-101537\" class=\"wp-caption-text\">El pastor Ram\u00f3n Cedillo, director de ministerios j\u00f3venes de la Asociaci\u00f3n Mexicana del Noreste, asiste a su primera conferencia del SeLD, un a\u00f1o despu\u00e9s de haber sido elegido para dirigir a m\u00e1s de cuatrocientos j\u00f3venes activos en Monterrey. [Fotograf\u00eda: Libna Stevens\/DIA]<\/p><\/div>Uno de los grandes desaf\u00edos para que las iniciativas y actividades sean productivas con los j\u00f3venes implica mantenerlos involucrados y participando en un mundo que los empuja a lo que la ciudad les ofrece, dijo. Cedillo cuenta con m\u00e1s de cuatrocientos j\u00f3venes activos en su asociaci\u00f3n. La ciudad cuenta con eventos y producciones espectaculares, a\u00f1adi\u00f3. \u201cEn realidad no llamamos \u2018eventos\u2019 a nuestras actividades de j\u00f3venes. Por el contrario, las llamamos \u2018experiencias\u2019. Implica involucrarlos con experiencias espirituales, buenos contenidos, producciones creativas y talleres din\u00e1micos, dijo Cedillo.<\/p>\n<p>Al regresar a su puesto de liderazgo all\u00e1 en su pa\u00eds, se compromete en llevar su liderazgo al un nivel m\u00e1s elevado, a los j\u00f3venes a un nivel m\u00e1s elevado, y a los Conquistadores y Aventureros al siguiente nivel mientras estos cultivan su relaci\u00f3n con Cristo y se involucran m\u00e1s en el servicio a la comunidad. \u201cComo l\u00edderes, necesitamos estar abiertos a m\u00e1s oportunidades de liderazgo para los j\u00f3venes, confiando en ellos y siendo sus mentores, para que puedan llegar a ser s\u00f3lidos l\u00edderes en un mundo en continuo cambio\u201d, dijo Cedillo.<u><\/u><\/p>\n<p><div id=\"attachment_101531\" style=\"width: 862px\" class=\"wp-caption aligncenter\"><img loading=\"lazy\" decoding=\"async\" aria-describedby=\"caption-attachment-101531\" class=\" wp-image-101529\" src=\"https:\/\/interamerica.org\/wp-content\/uploads\/2023\/08\/seld-juan-prestol-jul25.jpg\" alt=\"\" width=\"852\" height=\"449\" srcset=\"https:\/\/interamerica.org\/wp-content\/uploads\/2023\/08\/seld-juan-prestol-jul25.jpg 1000w, https:\/\/interamerica.org\/wp-content\/uploads\/2023\/08\/seld-juan-prestol-jul25-300x158.jpg 300w, https:\/\/interamerica.org\/wp-content\/uploads\/2023\/08\/seld-juan-prestol-jul25-768x405.jpg 768w\" sizes=\"(max-width: 852px) 100vw, 852px\" \/><p id=\"caption-attachment-101531\" class=\"wp-caption-text\">Juan Prestol, extesorero de la Asociaci\u00f3n General, habla a los tesoreros de la Iglesia Adventista en Interam\u00e9rica, durante una de varias sesiones que hubo entre el 25 y el 26 de julio de 2023. [Fotograf\u00eda: Libna Stevens\/DIA]<\/p><\/div><strong>Financiaci\u00f3n efectiva de la iglesia<\/strong><\/p>\n<p>Con tan solo cuatro meses en su nuevo puesto, George Ramos, de 29 a\u00f1os, lleg\u00f3 por primera vez al SeLD. Despu\u00e9s de ocho a\u00f1os de ser contador de la Asociaci\u00f3n Comayaguela en Tegucigalpa, Honduras, Ramos fue elegido tesorero de la Asociaci\u00f3n Atl\u00e1ntica de Honduras en La Ceiba. Escuch\u00f3 con atenci\u00f3n cada presentaci\u00f3n y se le record\u00f3 de buscar a Dios en oraci\u00f3n cada d\u00eda. \u201cNo nacemos con toda la capacitaci\u00f3n, pero podemos usar las herramientas que Dios nos da, confiar en \u00e9l y hacer lo mejor para la iglesia\u201d, expres\u00f3.<\/p>\n<p>En el breve tiempo en que ha estado prestando servicios como tesorero de asociaci\u00f3n, ha tenido que administrar las finanzas de 185 iglesias, tres escuelas primarias y secundarias, y la estaci\u00f3n de radio.<\/p>\n<p>En uno de varios seminarios para los tesoreros durante el SeLD, Ramos aprendi\u00f3 que no ser\u00e1 posible hacer todo lo que el presidente proponga. \u201cTengo que estar una posici\u00f3n de buscar siempre una soluci\u00f3n, no solo ir y decir que \u2018no\u2019 todas las veces\u201d, expres\u00f3. Implica buscar maneras de no gastar en forma innecesaria, de conservar el mejor inter\u00e9s de la organizaci\u00f3n de la iglesia, dijo Ramos.<\/p>\n<p><div id=\"attachment_101534\" style=\"width: 866px\" class=\"wp-caption aligncenter\"><img loading=\"lazy\" decoding=\"async\" aria-describedby=\"caption-attachment-101534\" class=\" wp-image-101532\" src=\"https:\/\/interamerica.org\/wp-content\/uploads\/2023\/08\/george-ramos-seld2023.jpg\" alt=\"\" width=\"856\" height=\"576\" srcset=\"https:\/\/interamerica.org\/wp-content\/uploads\/2023\/08\/george-ramos-seld2023.jpg 1000w, https:\/\/interamerica.org\/wp-content\/uploads\/2023\/08\/george-ramos-seld2023-300x202.jpg 300w, https:\/\/interamerica.org\/wp-content\/uploads\/2023\/08\/george-ramos-seld2023-768x517.jpg 768w\" sizes=\"(max-width: 856px) 100vw, 856px\" \/><p id=\"caption-attachment-101534\" class=\"wp-caption-text\">George Ramos fue elegido hace poco tesorero de la Asociaci\u00f3n Atl\u00e1ntica de Honduras en La Ceiba, Honduras, y asisti\u00f3 este a\u00f1o a la primera conferencia del SeLD. [Fotograf\u00eda: Libna Stevens\/DIA]<\/p><\/div>Los fondos no abundan, dijo. \u201cLa organizaci\u00f3n de la iglesia tiene un prop\u00f3sito de predicar el evangelio\u201d, dijo Ramos. \u201cS\u00ed, necesitamos dinero, pero eso solo es un medio para alcanzar a otros con el evangelio\u201d.<\/p>\n<p>Ramos regresa a su hogar con una mayor intenci\u00f3n de conectarse m\u00e1s con los tesoreros de las iglesias locales, llamando todos los d\u00edas a uno para orar por ellos y sus familias, y ponerse al tanto de los desaf\u00edos que enfrentan, adem\u00e1s de capacitarlos mejor para que completen sus tareas financieras con el sistema financiero de la iglesia. El plan es alg\u00fan d\u00eda implementar un programa de visitas en cada iglesia y local para favorecer un sistema financiero efectivo en su asociaci\u00f3n.<\/p>\n<p>Asistir al SeLD le record\u00f3 a Ramos cu\u00e1nto aprecia servir al Se\u00f1or y a la iglesia. \u201cNo es f\u00e1cil, pero oro para que Dios pueda usarme para tomar las decisiones correctas de avanzar en la obra. Me siento muy honrado de servir a mi iglesia\u201d.<\/p>\n<p><div id=\"attachment_101522\" style=\"width: 865px\" class=\"wp-caption aligncenter\"><img loading=\"lazy\" decoding=\"async\" aria-describedby=\"caption-attachment-101522\" class=\" wp-image-101520\" src=\"https:\/\/interamerica.org\/wp-content\/uploads\/2023\/08\/seld-audience-wendy-edwards-july2023.jpg\" alt=\"\" width=\"855\" height=\"570\" srcset=\"https:\/\/interamerica.org\/wp-content\/uploads\/2023\/08\/seld-audience-wendy-edwards-july2023.jpg 1000w, https:\/\/interamerica.org\/wp-content\/uploads\/2023\/08\/seld-audience-wendy-edwards-july2023-300x200.jpg 300w, https:\/\/interamerica.org\/wp-content\/uploads\/2023\/08\/seld-audience-wendy-edwards-july2023-768x512.jpg 768w\" sizes=\"(max-width: 855px) 100vw, 855px\" \/><p id=\"caption-attachment-101522\" class=\"wp-caption-text\">Delegados al SeLD de toda la Divisi\u00f3n Interamericana escuchan atentamente en el \u00faltimo d\u00eda de la conferencia anual el pasado 26 de julio de 2023. [Fotograf\u00eda: Libna Stevens\/DIA]<\/p><\/div><strong>Un servicio compasivo<\/strong><\/p>\n<p>Wendy Edwards, de Barbados, fue designada directora de recursos humanos en enero pasado. Ha estado asistiendo a la conferencia del SeLD ya por siete a\u00f1os, y a disfrutado plenamente las presentaciones informativas y cautivantes. El SeLD de este a\u00f1o le record que el trabajo que hace no implica tan solo representarse personalmente sino hacer \u201ctodo lo que sea necesario para reflejar a Dios en nuestra vida\u201d, dijo Edwards.<\/p>\n<p>La compasi\u00f3n ha sido otro \u00e9nfasis principal de la conferencia anual, expres\u00f3. \u201cEs la primera vez que construimos un departamento de recursos humanos desde cero, y hemos tenido desaf\u00edos. Pero entiendo que la compasi\u00f3n tiene que ser una parte clave del liderazgo como empleadora\u201d, dijo Edwards. \u201cEs con compasi\u00f3n que logramos comprender d\u00f3nde se encuentran [los empleados] y cu\u00e1les son sus necesidades\u201d.<\/p>\n<p><div id=\"attachment_101540\" style=\"width: 859px\" class=\"wp-caption aligncenter\"><img loading=\"lazy\" decoding=\"async\" aria-describedby=\"caption-attachment-101540\" class=\" wp-image-101538\" src=\"https:\/\/interamerica.org\/wp-content\/uploads\/2023\/08\/wendy-edwards-seld2023.jpg\" alt=\"\" width=\"849\" height=\"586\" srcset=\"https:\/\/interamerica.org\/wp-content\/uploads\/2023\/08\/wendy-edwards-seld2023.jpg 1000w, https:\/\/interamerica.org\/wp-content\/uploads\/2023\/08\/wendy-edwards-seld2023-300x207.jpg 300w, https:\/\/interamerica.org\/wp-content\/uploads\/2023\/08\/wendy-edwards-seld2023-768x530.jpg 768w\" sizes=\"(max-width: 849px) 100vw, 849px\" \/><p id=\"caption-attachment-101540\" class=\"wp-caption-text\">Wendy Edwards, de la Asociaci\u00f3n del Caribe Oriental, fue nombrada directora de recursos humanos en enero pasado, y ha participado ya de siete conferencias anuales. [Fotograf\u00eda: Libna Stevens\/DIA]<\/p><\/div>Edwards supervisa el departamento de la Asociaci\u00f3n del Caribe Oriental en Barbados, con un personal de 38, lo que incluye el personal de la isla de Dominica. Estar en el SeLD le ha ayudado a ver la din\u00e1mica cambiante que enfrenta una organizaci\u00f3n, y cu\u00e1n importante es fomentar una cultura segura y compasiva en el trabajo. Regresa con un plan de pasar tiempo revisando los reglamentos eclesi\u00e1stico-administrativos de la organizaci\u00f3n y los contratos de conflictos de inter\u00e9s y manuales de los empleados, un tema que fue sumamente analizado en el SeLD de este a\u00f1o.<\/p>\n<p>\u201cQuiero continuar creciendo espiritualmente y ser compasivo para ayudar a que los empleados crezcan y sirvan a la misi\u00f3n de la iglesia\u201d, dijo Edwards.<\/p>\n<p>Traducci\u00f3n de Marcos Paseggi<\/p>\n","protected":false},"excerpt":{"rendered":"<p>2 de agosto de 2023 | Miami, Florida, Estados Unidos | Libna Stevens, Noticias de la Divisi\u00f3n Interamericana Fue la s\u00e9ptima vez que vino a la Conferencia Anual del Segmento&#8230;<\/p>\n","protected":false},"author":3,"featured_media":101522,"comment_status":"closed","ping_status":"closed","sticky":false,"template":"","format":"standard","meta":{"_acf_changed":false,"footnotes":""},"categories":[16,15],"tags":[],"class_list":["post-101573","post","type-post","status-publish","format-standard","has-post-thumbnail","hentry","category-desde-la-sede","category-rss-espanol"],"acf":[],"yoast_head":"<!-- This site is optimized with the Yoast SEO plugin v27.3 - https:\/\/yoast.com\/product\/yoast-seo-wordpress\/ -->\n<title>En el SeLD, l\u00edderes tanto j\u00f3venes como experimentados reciben una perspectiva m\u00e1s clara de su misi\u00f3n - Iglesia Adventista del S\u00e9ptimo D\u00eda - Divisi\u00f3n Interamericana<\/title>\n<meta name=\"robots\" content=\"index, follow, max-snippet:-1, max-image-preview:large, max-video-preview:-1\" \/>\n<link rel=\"canonical\" href=\"https:\/\/interamerica.org\/es\/2023\/08\/en-el-seld-lideres-tanto-jovenes-como-experimentados-reciben-una-perspectiva-mas-clara-de-su-mision\/\" \/>\n<meta property=\"og:locale\" content=\"es_ES\" \/>\n<meta property=\"og:type\" content=\"article\" \/>\n<meta property=\"og:title\" content=\"En el SeLD, l\u00edderes tanto j\u00f3venes como experimentados reciben una perspectiva m\u00e1s clara de su misi\u00f3n - Iglesia Adventista del S\u00e9ptimo D\u00eda - Divisi\u00f3n Interamericana\" \/>\n<meta property=\"og:description\" content=\"2 de agosto de 2023 | Miami, Florida, Estados Unidos | Libna Stevens, Noticias de la Divisi\u00f3n Interamericana Fue la s\u00e9ptima vez que vino a la Conferencia Anual del Segmento...\" \/>\n<meta property=\"og:url\" content=\"https:\/\/interamerica.org\/es\/2023\/08\/en-el-seld-lideres-tanto-jovenes-como-experimentados-reciben-una-perspectiva-mas-clara-de-su-mision\/\" \/>\n<meta property=\"og:site_name\" content=\"Iglesia Adventista del S\u00e9ptimo D\u00eda - Divisi\u00f3n Interamericana\" \/>\n<meta property=\"article:published_time\" content=\"2023-08-03T03:13:31+00:00\" \/>\n<meta property=\"article:modified_time\" content=\"2023-08-04T13:24:15+00:00\" \/>\n<meta property=\"og:image\" content=\"https:\/\/interamerica.org\/wp-content\/uploads\/2023\/08\/seld-audience-wendy-edwards-july2023.jpg\" \/>\n\t<meta property=\"og:image:width\" content=\"1000\" \/>\n\t<meta property=\"og:image:height\" content=\"667\" \/>\n\t<meta property=\"og:image:type\" content=\"image\/jpeg\" \/>\n<meta name=\"author\" content=\"libna\" \/>\n<meta name=\"twitter:card\" content=\"summary_large_image\" \/>\n<meta name=\"twitter:label1\" content=\"Escrito por\" \/>\n\t<meta name=\"twitter:data1\" content=\"libna\" \/>\n\t<meta name=\"twitter:label2\" content=\"Tiempo de lectura\" \/>\n\t<meta name=\"twitter:data2\" content=\"10 minutos\" \/>\n<script type=\"application\/ld+json\" class=\"yoast-schema-graph\">{\"@context\":\"https:\\\/\\\/schema.org\",\"@graph\":[{\"@type\":\"Article\",\"@id\":\"https:\\\/\\\/interamerica.org\\\/es\\\/2023\\\/08\\\/en-el-seld-lideres-tanto-jovenes-como-experimentados-reciben-una-perspectiva-mas-clara-de-su-mision\\\/#article\",\"isPartOf\":{\"@id\":\"https:\\\/\\\/interamerica.org\\\/es\\\/2023\\\/08\\\/en-el-seld-lideres-tanto-jovenes-como-experimentados-reciben-una-perspectiva-mas-clara-de-su-mision\\\/\"},\"author\":{\"name\":\"libna\",\"@id\":\"https:\\\/\\\/interamerica.org\\\/es\\\/#\\\/schema\\\/person\\\/29998f2bc2d8bd0d38662909289b54f1\"},\"headline\":\"En el SeLD, l\u00edderes tanto j\u00f3venes como experimentados reciben una perspectiva m\u00e1s clara de su misi\u00f3n\",\"datePublished\":\"2023-08-03T03:13:31+00:00\",\"dateModified\":\"2023-08-04T13:24:15+00:00\",\"mainEntityOfPage\":{\"@id\":\"https:\\\/\\\/interamerica.org\\\/es\\\/2023\\\/08\\\/en-el-seld-lideres-tanto-jovenes-como-experimentados-reciben-una-perspectiva-mas-clara-de-su-mision\\\/\"},\"wordCount\":2009,\"image\":{\"@id\":\"https:\\\/\\\/interamerica.org\\\/es\\\/2023\\\/08\\\/en-el-seld-lideres-tanto-jovenes-como-experimentados-reciben-una-perspectiva-mas-clara-de-su-mision\\\/#primaryimage\"},\"thumbnailUrl\":\"https:\\\/\\\/interamerica.org\\\/wp-content\\\/uploads\\\/2023\\\/08\\\/seld-audience-wendy-edwards-july2023.jpg\",\"articleSection\":[\"Desde la sede\",\"RSS Espa\u00f1ol\"],\"inLanguage\":\"es\"},{\"@type\":\"WebPage\",\"@id\":\"https:\\\/\\\/interamerica.org\\\/es\\\/2023\\\/08\\\/en-el-seld-lideres-tanto-jovenes-como-experimentados-reciben-una-perspectiva-mas-clara-de-su-mision\\\/\",\"url\":\"https:\\\/\\\/interamerica.org\\\/es\\\/2023\\\/08\\\/en-el-seld-lideres-tanto-jovenes-como-experimentados-reciben-una-perspectiva-mas-clara-de-su-mision\\\/\",\"name\":\"En el SeLD, l\u00edderes tanto j\u00f3venes como experimentados reciben una perspectiva m\u00e1s clara de su misi\u00f3n - Iglesia Adventista del S\u00e9ptimo D\u00eda - Divisi\u00f3n Interamericana\",\"isPartOf\":{\"@id\":\"https:\\\/\\\/interamerica.org\\\/es\\\/#website\"},\"primaryImageOfPage\":{\"@id\":\"https:\\\/\\\/interamerica.org\\\/es\\\/2023\\\/08\\\/en-el-seld-lideres-tanto-jovenes-como-experimentados-reciben-una-perspectiva-mas-clara-de-su-mision\\\/#primaryimage\"},\"image\":{\"@id\":\"https:\\\/\\\/interamerica.org\\\/es\\\/2023\\\/08\\\/en-el-seld-lideres-tanto-jovenes-como-experimentados-reciben-una-perspectiva-mas-clara-de-su-mision\\\/#primaryimage\"},\"thumbnailUrl\":\"https:\\\/\\\/interamerica.org\\\/wp-content\\\/uploads\\\/2023\\\/08\\\/seld-audience-wendy-edwards-july2023.jpg\",\"datePublished\":\"2023-08-03T03:13:31+00:00\",\"dateModified\":\"2023-08-04T13:24:15+00:00\",\"author\":{\"@id\":\"https:\\\/\\\/interamerica.org\\\/es\\\/#\\\/schema\\\/person\\\/29998f2bc2d8bd0d38662909289b54f1\"},\"breadcrumb\":{\"@id\":\"https:\\\/\\\/interamerica.org\\\/es\\\/2023\\\/08\\\/en-el-seld-lideres-tanto-jovenes-como-experimentados-reciben-una-perspectiva-mas-clara-de-su-mision\\\/#breadcrumb\"},\"inLanguage\":\"es\",\"potentialAction\":[{\"@type\":\"ReadAction\",\"target\":[\"https:\\\/\\\/interamerica.org\\\/es\\\/2023\\\/08\\\/en-el-seld-lideres-tanto-jovenes-como-experimentados-reciben-una-perspectiva-mas-clara-de-su-mision\\\/\"]}]},{\"@type\":\"ImageObject\",\"inLanguage\":\"es\",\"@id\":\"https:\\\/\\\/interamerica.org\\\/es\\\/2023\\\/08\\\/en-el-seld-lideres-tanto-jovenes-como-experimentados-reciben-una-perspectiva-mas-clara-de-su-mision\\\/#primaryimage\",\"url\":\"https:\\\/\\\/interamerica.org\\\/wp-content\\\/uploads\\\/2023\\\/08\\\/seld-audience-wendy-edwards-july2023.jpg\",\"contentUrl\":\"https:\\\/\\\/interamerica.org\\\/wp-content\\\/uploads\\\/2023\\\/08\\\/seld-audience-wendy-edwards-july2023.jpg\",\"width\":1000,\"height\":667,\"caption\":\"[Photo: Libna Stevens\\\/IAD]\"},{\"@type\":\"BreadcrumbList\",\"@id\":\"https:\\\/\\\/interamerica.org\\\/es\\\/2023\\\/08\\\/en-el-seld-lideres-tanto-jovenes-como-experimentados-reciben-una-perspectiva-mas-clara-de-su-mision\\\/#breadcrumb\",\"itemListElement\":[{\"@type\":\"ListItem\",\"position\":1,\"name\":\"Home\",\"item\":\"https:\\\/\\\/interamerica.org\\\/es\\\/\"},{\"@type\":\"ListItem\",\"position\":2,\"name\":\"En el SeLD, l\u00edderes tanto j\u00f3venes como experimentados reciben una perspectiva m\u00e1s clara de su misi\u00f3n\"}]},{\"@type\":\"WebSite\",\"@id\":\"https:\\\/\\\/interamerica.org\\\/es\\\/#website\",\"url\":\"https:\\\/\\\/interamerica.org\\\/es\\\/\",\"name\":\"Iglesia Adventista del S\u00e9ptimo D\u00eda - Divisi\u00f3n Interamericana\",\"description\":\"\",\"potentialAction\":[{\"@type\":\"SearchAction\",\"target\":{\"@type\":\"EntryPoint\",\"urlTemplate\":\"https:\\\/\\\/interamerica.org\\\/es\\\/?s={search_term_string}\"},\"query-input\":{\"@type\":\"PropertyValueSpecification\",\"valueRequired\":true,\"valueName\":\"search_term_string\"}}],\"inLanguage\":\"es\"},{\"@type\":\"Person\",\"@id\":\"https:\\\/\\\/interamerica.org\\\/es\\\/#\\\/schema\\\/person\\\/29998f2bc2d8bd0d38662909289b54f1\",\"name\":\"libna\",\"image\":{\"@type\":\"ImageObject\",\"inLanguage\":\"es\",\"@id\":\"https:\\\/\\\/secure.gravatar.com\\\/avatar\\\/7c5bd30ae4b47a9ba3c856590957fd1d96dc588bf3ac05719d247e126840331f?s=96&d=mm&r=g\",\"url\":\"https:\\\/\\\/secure.gravatar.com\\\/avatar\\\/7c5bd30ae4b47a9ba3c856590957fd1d96dc588bf3ac05719d247e126840331f?s=96&d=mm&r=g\",\"contentUrl\":\"https:\\\/\\\/secure.gravatar.com\\\/avatar\\\/7c5bd30ae4b47a9ba3c856590957fd1d96dc588bf3ac05719d247e126840331f?s=96&d=mm&r=g\",\"caption\":\"libna\"}}]}<\/script>\n<!-- \/ Yoast SEO plugin. -->","yoast_head_json":{"title":"En el SeLD, l\u00edderes tanto j\u00f3venes como experimentados reciben una perspectiva m\u00e1s clara de su misi\u00f3n - Iglesia Adventista del S\u00e9ptimo D\u00eda - Divisi\u00f3n Interamericana","robots":{"index":"index","follow":"follow","max-snippet":"max-snippet:-1","max-image-preview":"max-image-preview:large","max-video-preview":"max-video-preview:-1"},"canonical":"https:\/\/interamerica.org\/es\/2023\/08\/en-el-seld-lideres-tanto-jovenes-como-experimentados-reciben-una-perspectiva-mas-clara-de-su-mision\/","og_locale":"es_ES","og_type":"article","og_title":"En el SeLD, l\u00edderes tanto j\u00f3venes como experimentados reciben una perspectiva m\u00e1s clara de su misi\u00f3n - Iglesia Adventista del S\u00e9ptimo D\u00eda - Divisi\u00f3n Interamericana","og_description":"2 de agosto de 2023 | Miami, Florida, Estados Unidos | Libna Stevens, Noticias de la Divisi\u00f3n Interamericana Fue la s\u00e9ptima vez que vino a la Conferencia Anual del Segmento...","og_url":"https:\/\/interamerica.org\/es\/2023\/08\/en-el-seld-lideres-tanto-jovenes-como-experimentados-reciben-una-perspectiva-mas-clara-de-su-mision\/","og_site_name":"Iglesia Adventista del S\u00e9ptimo D\u00eda - Divisi\u00f3n Interamericana","article_published_time":"2023-08-03T03:13:31+00:00","article_modified_time":"2023-08-04T13:24:15+00:00","og_image":[{"width":1000,"height":667,"url":"https:\/\/interamerica.org\/wp-content\/uploads\/2023\/08\/seld-audience-wendy-edwards-july2023.jpg","type":"image\/jpeg"}],"author":"libna","twitter_card":"summary_large_image","twitter_misc":{"Escrito por":"libna","Tiempo de lectura":"10 minutos"},"schema":{"@context":"https:\/\/schema.org","@graph":[{"@type":"Article","@id":"https:\/\/interamerica.org\/es\/2023\/08\/en-el-seld-lideres-tanto-jovenes-como-experimentados-reciben-una-perspectiva-mas-clara-de-su-mision\/#article","isPartOf":{"@id":"https:\/\/interamerica.org\/es\/2023\/08\/en-el-seld-lideres-tanto-jovenes-como-experimentados-reciben-una-perspectiva-mas-clara-de-su-mision\/"},"author":{"name":"libna","@id":"https:\/\/interamerica.org\/es\/#\/schema\/person\/29998f2bc2d8bd0d38662909289b54f1"},"headline":"En el SeLD, l\u00edderes tanto j\u00f3venes como experimentados reciben una perspectiva m\u00e1s clara de su misi\u00f3n","datePublished":"2023-08-03T03:13:31+00:00","dateModified":"2023-08-04T13:24:15+00:00","mainEntityOfPage":{"@id":"https:\/\/interamerica.org\/es\/2023\/08\/en-el-seld-lideres-tanto-jovenes-como-experimentados-reciben-una-perspectiva-mas-clara-de-su-mision\/"},"wordCount":2009,"image":{"@id":"https:\/\/interamerica.org\/es\/2023\/08\/en-el-seld-lideres-tanto-jovenes-como-experimentados-reciben-una-perspectiva-mas-clara-de-su-mision\/#primaryimage"},"thumbnailUrl":"https:\/\/interamerica.org\/wp-content\/uploads\/2023\/08\/seld-audience-wendy-edwards-july2023.jpg","articleSection":["Desde la sede","RSS Espa\u00f1ol"],"inLanguage":"es"},{"@type":"WebPage","@id":"https:\/\/interamerica.org\/es\/2023\/08\/en-el-seld-lideres-tanto-jovenes-como-experimentados-reciben-una-perspectiva-mas-clara-de-su-mision\/","url":"https:\/\/interamerica.org\/es\/2023\/08\/en-el-seld-lideres-tanto-jovenes-como-experimentados-reciben-una-perspectiva-mas-clara-de-su-mision\/","name":"En el SeLD, l\u00edderes tanto j\u00f3venes como experimentados reciben una perspectiva m\u00e1s clara de su misi\u00f3n - Iglesia Adventista del S\u00e9ptimo D\u00eda - Divisi\u00f3n Interamericana","isPartOf":{"@id":"https:\/\/interamerica.org\/es\/#website"},"primaryImageOfPage":{"@id":"https:\/\/interamerica.org\/es\/2023\/08\/en-el-seld-lideres-tanto-jovenes-como-experimentados-reciben-una-perspectiva-mas-clara-de-su-mision\/#primaryimage"},"image":{"@id":"https:\/\/interamerica.org\/es\/2023\/08\/en-el-seld-lideres-tanto-jovenes-como-experimentados-reciben-una-perspectiva-mas-clara-de-su-mision\/#primaryimage"},"thumbnailUrl":"https:\/\/interamerica.org\/wp-content\/uploads\/2023\/08\/seld-audience-wendy-edwards-july2023.jpg","datePublished":"2023-08-03T03:13:31+00:00","dateModified":"2023-08-04T13:24:15+00:00","author":{"@id":"https:\/\/interamerica.org\/es\/#\/schema\/person\/29998f2bc2d8bd0d38662909289b54f1"},"breadcrumb":{"@id":"https:\/\/interamerica.org\/es\/2023\/08\/en-el-seld-lideres-tanto-jovenes-como-experimentados-reciben-una-perspectiva-mas-clara-de-su-mision\/#breadcrumb"},"inLanguage":"es","potentialAction":[{"@type":"ReadAction","target":["https:\/\/interamerica.org\/es\/2023\/08\/en-el-seld-lideres-tanto-jovenes-como-experimentados-reciben-una-perspectiva-mas-clara-de-su-mision\/"]}]},{"@type":"ImageObject","inLanguage":"es","@id":"https:\/\/interamerica.org\/es\/2023\/08\/en-el-seld-lideres-tanto-jovenes-como-experimentados-reciben-una-perspectiva-mas-clara-de-su-mision\/#primaryimage","url":"https:\/\/interamerica.org\/wp-content\/uploads\/2023\/08\/seld-audience-wendy-edwards-july2023.jpg","contentUrl":"https:\/\/interamerica.org\/wp-content\/uploads\/2023\/08\/seld-audience-wendy-edwards-july2023.jpg","width":1000,"height":667,"caption":"[Photo: Libna Stevens\/IAD]"},{"@type":"BreadcrumbList","@id":"https:\/\/interamerica.org\/es\/2023\/08\/en-el-seld-lideres-tanto-jovenes-como-experimentados-reciben-una-perspectiva-mas-clara-de-su-mision\/#breadcrumb","itemListElement":[{"@type":"ListItem","position":1,"name":"Home","item":"https:\/\/interamerica.org\/es\/"},{"@type":"ListItem","position":2,"name":"En el SeLD, l\u00edderes tanto j\u00f3venes como experimentados reciben una perspectiva m\u00e1s clara de su misi\u00f3n"}]},{"@type":"WebSite","@id":"https:\/\/interamerica.org\/es\/#website","url":"https:\/\/interamerica.org\/es\/","name":"Iglesia Adventista del S\u00e9ptimo D\u00eda - Divisi\u00f3n Interamericana","description":"","potentialAction":[{"@type":"SearchAction","target":{"@type":"EntryPoint","urlTemplate":"https:\/\/interamerica.org\/es\/?s={search_term_string}"},"query-input":{"@type":"PropertyValueSpecification","valueRequired":true,"valueName":"search_term_string"}}],"inLanguage":"es"},{"@type":"Person","@id":"https:\/\/interamerica.org\/es\/#\/schema\/person\/29998f2bc2d8bd0d38662909289b54f1","name":"libna","image":{"@type":"ImageObject","inLanguage":"es","@id":"https:\/\/secure.gravatar.com\/avatar\/7c5bd30ae4b47a9ba3c856590957fd1d96dc588bf3ac05719d247e126840331f?s=96&d=mm&r=g","url":"https:\/\/secure.gravatar.com\/avatar\/7c5bd30ae4b47a9ba3c856590957fd1d96dc588bf3ac05719d247e126840331f?s=96&d=mm&r=g","contentUrl":"https:\/\/secure.gravatar.com\/avatar\/7c5bd30ae4b47a9ba3c856590957fd1d96dc588bf3ac05719d247e126840331f?s=96&d=mm&r=g","caption":"libna"}}]}},"_links":{"self":[{"href":"https:\/\/interamerica.org\/es\/wp-json\/wp\/v2\/posts\/101573","targetHints":{"allow":["GET"]}}],"collection":[{"href":"https:\/\/interamerica.org\/es\/wp-json\/wp\/v2\/posts"}],"about":[{"href":"https:\/\/interamerica.org\/es\/wp-json\/wp\/v2\/types\/post"}],"author":[{"embeddable":true,"href":"https:\/\/interamerica.org\/es\/wp-json\/wp\/v2\/users\/3"}],"replies":[{"embeddable":true,"href":"https:\/\/interamerica.org\/es\/wp-json\/wp\/v2\/comments?post=101573"}],"version-history":[{"count":0,"href":"https:\/\/interamerica.org\/es\/wp-json\/wp\/v2\/posts\/101573\/revisions"}],"wp:featuredmedia":[{"embeddable":true,"href":"https:\/\/interamerica.org\/es\/wp-json\/wp\/v2\/media\/101522"}],"wp:attachment":[{"href":"https:\/\/interamerica.org\/es\/wp-json\/wp\/v2\/media?parent=101573"}],"wp:term":[{"taxonomy":"category","embeddable":true,"href":"https:\/\/interamerica.org\/es\/wp-json\/wp\/v2\/categories?post=101573"},{"taxonomy":"post_tag","embeddable":true,"href":"https:\/\/interamerica.org\/es\/wp-json\/wp\/v2\/tags?post=101573"}],"curies":[{"name":"wp","href":"https:\/\/api.w.org\/{rel}","templated":true}]}}