{"id":101621,"date":"2023-08-03T11:47:32","date_gmt":"2023-08-03T15:47:32","guid":{"rendered":"https:\/\/interamerica.org\/?p=101621"},"modified":"2023-08-03T15:25:51","modified_gmt":"2023-08-03T19:25:51","slug":"estudioso-analiza-la-teologia-que-motiva-la-participacion-adventista-en-la-comunidad","status":"publish","type":"post","link":"https:\/\/interamerica.org\/es\/2023\/08\/estudioso-analiza-la-teologia-que-motiva-la-participacion-adventista-en-la-comunidad\/","title":{"rendered":"Estudioso analiza la teolog\u00eda que motiva la participaci\u00f3n adventista en la comunidad"},"content":{"rendered":"<p>3 de agosto de 2023 | Miami, Florida, Estados Unidos | Marcos Paseggi, para Noticias de la Divisi\u00f3n Interamericana<\/p>\n<p>\u201cSi creemos que la Iglesia Adventista del S\u00e9ptimo D\u00eda es el centro del universo, estamos pasando por alto lo m\u00e1s importante\u201d, dijo Sung Kwon, al comienzo de su presentaci\u00f3n del pasado 26 de julio en la Conferencia del Segmento de Desarrollo del Liderazgo (SeLD) en Miami, Florida, Estados Unidos. Kwon, que es profesor asociado en la Escuela de Liderazgo y director de la maestr\u00eda de liderazgo en innovaci\u00f3n social en la Universidad Andrews, dijo a lo cientos de l\u00edderes de la iglesia durante el evento presencial y en l\u00ednea que nuestro \u00e9nfasis tiene que estar en el reino de Dios. \u201cTenemos que enfocarnos en Dios, que nos ha ordenado que cumplamos con nuestra participaci\u00f3n en las comunidades, que son parte de su reino\u201d, expres\u00f3.<\/p>\n<p><strong>En busca de plenitud<\/strong><\/p>\n<p>El evangelio es un mensaje de reconciliaci\u00f3n: de reconexi\u00f3n con Dios y de reconexi\u00f3n de las personas con las familias, los vecinos y sus comunidades, explic\u00f3 Kwon. El ministerio comienza con un Dios que nos ama y nos env\u00eda a amar a los dem\u00e1s. \u201cEn ocasiones, quedamos atrapados en nuestros objetivos institucionales miopes. Olvidamos nuestra raz\u00f3n de existir, e interpretamos la Biblia por medio de esos lentes miopes\u201d, expres\u00f3.<\/p>\n<p><div id=\"attachment_101601\" style=\"width: 858px\" class=\"wp-caption aligncenter\"><img fetchpriority=\"high\" decoding=\"async\" aria-describedby=\"caption-attachment-101601\" class=\" wp-image-101599\" src=\"https:\/\/interamerica.org\/wp-content\/uploads\/2023\/08\/seld-sung-kwon-july26.jpg\" alt=\"\" width=\"848\" height=\"528\" srcset=\"https:\/\/interamerica.org\/wp-content\/uploads\/2023\/08\/seld-sung-kwon-july26.jpg 1000w, https:\/\/interamerica.org\/wp-content\/uploads\/2023\/08\/seld-sung-kwon-july26-300x187.jpg 300w, https:\/\/interamerica.org\/wp-content\/uploads\/2023\/08\/seld-sung-kwon-july26-768x478.jpg 768w\" sizes=\"(max-width: 848px) 100vw, 848px\" \/><p id=\"caption-attachment-101601\" class=\"wp-caption-text\">Sung Kwon, profesor asociado en la Escuela de Liderazgo y director de la maestr\u00eda de liderazgo en innovaci\u00f3n social en la Universidad Andrews, recuerda a los l\u00edderes que \u201ctenemos que ser parte de nuestra comunidad porque nuestra comunidad pertenece al reino de Dios\u201d, durante el Segmento de Desarrollo del Liderazgo en Miami, Florida, Estados Unidos, el 26 de julio de 2023. [Fotograf\u00eda: Libna Stevens\/DIA]<\/p><\/div>Kwon record\u00f3 a su audiencia que cuando Jes\u00fas ley\u00f3 su declaraci\u00f3n mesi\u00e1nica registrada en Lucas 4, le dijo a su audiencia que el Esp\u00edritu del Se\u00f1or lo hab\u00eda ungido para predicar las buenas nuevas a los pobres. \u201cEn el original, no se refiere como pobres solo a los que no tienen dinero\u201d, explic\u00f3 Kwon. \u201cIncluye a los que son integralmente pobres: los afligidos, que carecen de <em>shalom<\/em>, o plenitud. En efecto, Lucas 4 hace un llamado a la proclamaci\u00f3n de las buenas nuevas de salvaci\u00f3n, la compasi\u00f3n por los enfermos y los angustiados, y un compromiso majestuoso con la justicia restaurativa\u201d.<\/p>\n<p>En ese sentido, a\u00f1adi\u00f3 Kwon, cuando Jes\u00fas dice: \u201cQuiero que sean perfectos como vuestro Padre es perfecto\u201d, no est\u00e1 hablando de llegar a ser seres humanos sin pecado alguno. Dios quiere que alcancemos la plenitud: en nuestro bienestar f\u00edsico, mental, social y espiritual\u201d.<\/p>\n<p>Las interacciones sociales son parte de esa plenitud, dijo Kwon. \u201cEl aspecto social tiene que ser parte de ello. Tenemos que ser parte de nuestra comunidad, porque nuestra comunidad pertenece al reino de Dios\u201d.<\/p>\n<p><strong>Qu\u00e9 significa en la pr\u00e1ctica<\/strong><\/p>\n<p>Kwon mostr\u00f3 de qu\u00e9 manera existe seg\u00fan \u00e9l una s\u00f3lida conexi\u00f3n entre las declaraciones de Jes\u00fas en Lucas 4 y los emprendimientos espirituales y f\u00edsicos de los miembros de iglesia adventistas en sus comunidades. \u201cPredicar el evangelio a los pobres incluye contar la historia de Cristo y vivir esa historia en la pr\u00e1ctica al ayudar a los necesitados\u201d, dijo. \u201cProclamar la liberaci\u00f3n de los cautivos incluye ense\u00f1ar que la esclavitud del pecado ha terminado y luchar por la libertad de todas las personas. Y recobrar la vista de los cielos incluye quitar la ignorancia sobre Dios y brindar ayuda m\u00e9dica a los enfermos\u201d.<\/p>\n<p>Tambi\u00e9n mencion\u00f3 la liberaci\u00f3n de los oprimidos, lo que se refleja al liberar a las personas atrapadas por el pecado y ayudar a quitar las injusticias del mundo; y a proclamar el a\u00f1o del Se\u00f1or, lo que se traduce en inculcar esperanza en los muertos espiritualmente y trabajar para que los seres humanos de todas partes puedan realizarse.<\/p>\n<p>Kwon enfatiz\u00f3 que nuestra teolog\u00eda \u2014pensar, hablar y escribir de Dios\u2014 deber\u00eda influir sobre nuestra fe y \u00e9tica, o sea, como la llevamos a la pr\u00e1ctica. \u201cNo podemos tan solo leer las Escrituras sin practicar nuestras creencias\u201d, enfatiz\u00f3. \u201cAl fin y al cabo, no son las propiedades de la iglesia lo que determinan nuestra presencia en la comunidad. Por el contrario, nuestra participaci\u00f3n en la comunidad es nuestra presencia\u201d.<\/p>\n<p><strong>Una presencia fiel del reino de Dios<\/strong><\/p>\n<p>Cada congregaci\u00f3n adventista tiene que llegar a ser una presencia fiel del reino de Dios, enfatiz\u00f3 Kwon. \u201cY eso no suceder\u00e1 en forma autom\u00e1tica. Tenemos que involucrarnos de manera deliberada, provisional y sustentable\u201d, expres\u00f3. \u201cPodemos jactarnos sobre todos nuestros miembros de iglesia y sobre todos nuestros templos, pero no si estamos marcando un impacto en nuestras comunidades, no son m\u00e1s que palabras vac\u00edas. El reino de Dios tiene que ser una realidad en la tierra as\u00ed como lo es en el cielo\u201d.<\/p>\n<p>En ese sentido, Kwon enfatiz\u00f3 que no podemos ir a la comunidad tan solo una vez al a\u00f1o, seg\u00fan nuestro calendario de eventos, nuestro evangelismo p\u00fablico, y esperar que la gente nos siga. \u201cLa gente nos dir\u00e1: \u2018\u00bfY ustedes qui\u00e9nes son?\u2019 No nos habremos ganado el derecho de predicarles las buenas nuevas. Es necesario cultivar una relaci\u00f3n entre la iglesia y la comunidad.<\/p>\n<p>Cultivar relaciones transformar\u00e1 nuestro enfoque y maneras de relacionarnos con nuestras comunidades, dijo Kwon. \u201cCuando ven a personas de su comunidad, no deber\u00edan verlas como potenciales para bautismos. Deber\u00edan ver a las personas como almas preciosas que pertenecen a Dios y mostrar una preocupaci\u00f3n genuina por el bienestar de ellas\u201d, dijo. \u201cComo miembros de iglesia, tenemos el mandato de llegar a ser agentes de transformaci\u00f3n [\u2026]. Tenemos que ir a nuestras comunidades y transformar vidas\u201d.<\/p>\n<p>Traducci\u00f3n de Marcos Paseggi<\/p>\n","protected":false},"excerpt":{"rendered":"<p>3 de agosto de 2023 | Miami, Florida, Estados Unidos | Marcos Paseggi, para Noticias de la Divisi\u00f3n Interamericana \u201cSi creemos que la Iglesia Adventista del S\u00e9ptimo D\u00eda es el&#8230;<\/p>\n","protected":false},"author":3,"featured_media":101601,"comment_status":"closed","ping_status":"closed","sticky":false,"template":"","format":"standard","meta":{"_acf_changed":false,"footnotes":""},"categories":[16,15],"tags":[],"class_list":["post-101621","post","type-post","status-publish","format-standard","has-post-thumbnail","hentry","category-desde-la-sede","category-rss-espanol"],"acf":[],"yoast_head":"<!-- This site is optimized with the Yoast SEO plugin v27.3 - https:\/\/yoast.com\/product\/yoast-seo-wordpress\/ -->\n<title>Estudioso analiza la teolog\u00eda que motiva la participaci\u00f3n adventista en la comunidad - Iglesia Adventista del S\u00e9ptimo D\u00eda - Divisi\u00f3n Interamericana<\/title>\n<meta name=\"robots\" content=\"index, follow, max-snippet:-1, max-image-preview:large, max-video-preview:-1\" \/>\n<link rel=\"canonical\" href=\"https:\/\/interamerica.org\/es\/2023\/08\/estudioso-analiza-la-teologia-que-motiva-la-participacion-adventista-en-la-comunidad\/\" \/>\n<meta property=\"og:locale\" content=\"es_ES\" \/>\n<meta property=\"og:type\" content=\"article\" \/>\n<meta property=\"og:title\" content=\"Estudioso analiza la teolog\u00eda que motiva la participaci\u00f3n adventista en la comunidad - Iglesia Adventista del S\u00e9ptimo D\u00eda - Divisi\u00f3n Interamericana\" \/>\n<meta property=\"og:description\" content=\"3 de agosto de 2023 | Miami, Florida, Estados Unidos | Marcos Paseggi, para Noticias de la Divisi\u00f3n Interamericana \u201cSi creemos que la Iglesia Adventista del S\u00e9ptimo D\u00eda es el...\" \/>\n<meta property=\"og:url\" content=\"https:\/\/interamerica.org\/es\/2023\/08\/estudioso-analiza-la-teologia-que-motiva-la-participacion-adventista-en-la-comunidad\/\" \/>\n<meta property=\"og:site_name\" content=\"Iglesia Adventista del S\u00e9ptimo D\u00eda - Divisi\u00f3n Interamericana\" \/>\n<meta property=\"article:published_time\" content=\"2023-08-03T15:47:32+00:00\" \/>\n<meta property=\"article:modified_time\" content=\"2023-08-03T19:25:51+00:00\" \/>\n<meta property=\"og:image\" content=\"https:\/\/interamerica.org\/wp-content\/uploads\/2023\/08\/seld-sung-kwon-july26.jpg\" \/>\n\t<meta property=\"og:image:width\" content=\"1000\" \/>\n\t<meta property=\"og:image:height\" content=\"623\" \/>\n\t<meta property=\"og:image:type\" content=\"image\/jpeg\" \/>\n<meta name=\"author\" content=\"libna\" \/>\n<meta name=\"twitter:card\" content=\"summary_large_image\" \/>\n<meta name=\"twitter:label1\" content=\"Escrito por\" \/>\n\t<meta name=\"twitter:data1\" content=\"libna\" \/>\n\t<meta name=\"twitter:label2\" content=\"Tiempo de lectura\" \/>\n\t<meta name=\"twitter:data2\" content=\"5 minutos\" \/>\n<script type=\"application\/ld+json\" class=\"yoast-schema-graph\">{\"@context\":\"https:\\\/\\\/schema.org\",\"@graph\":[{\"@type\":\"Article\",\"@id\":\"https:\\\/\\\/interamerica.org\\\/es\\\/2023\\\/08\\\/estudioso-analiza-la-teologia-que-motiva-la-participacion-adventista-en-la-comunidad\\\/#article\",\"isPartOf\":{\"@id\":\"https:\\\/\\\/interamerica.org\\\/es\\\/2023\\\/08\\\/estudioso-analiza-la-teologia-que-motiva-la-participacion-adventista-en-la-comunidad\\\/\"},\"author\":{\"name\":\"libna\",\"@id\":\"https:\\\/\\\/interamerica.org\\\/es\\\/#\\\/schema\\\/person\\\/29998f2bc2d8bd0d38662909289b54f1\"},\"headline\":\"Estudioso analiza la teolog\u00eda que motiva la participaci\u00f3n adventista en la comunidad\",\"datePublished\":\"2023-08-03T15:47:32+00:00\",\"dateModified\":\"2023-08-03T19:25:51+00:00\",\"mainEntityOfPage\":{\"@id\":\"https:\\\/\\\/interamerica.org\\\/es\\\/2023\\\/08\\\/estudioso-analiza-la-teologia-que-motiva-la-participacion-adventista-en-la-comunidad\\\/\"},\"wordCount\":999,\"image\":{\"@id\":\"https:\\\/\\\/interamerica.org\\\/es\\\/2023\\\/08\\\/estudioso-analiza-la-teologia-que-motiva-la-participacion-adventista-en-la-comunidad\\\/#primaryimage\"},\"thumbnailUrl\":\"https:\\\/\\\/interamerica.org\\\/wp-content\\\/uploads\\\/2023\\\/08\\\/seld-sung-kwon-july26.jpg\",\"articleSection\":[\"Desde la sede\",\"RSS Espa\u00f1ol\"],\"inLanguage\":\"es\"},{\"@type\":\"WebPage\",\"@id\":\"https:\\\/\\\/interamerica.org\\\/es\\\/2023\\\/08\\\/estudioso-analiza-la-teologia-que-motiva-la-participacion-adventista-en-la-comunidad\\\/\",\"url\":\"https:\\\/\\\/interamerica.org\\\/es\\\/2023\\\/08\\\/estudioso-analiza-la-teologia-que-motiva-la-participacion-adventista-en-la-comunidad\\\/\",\"name\":\"Estudioso analiza la teolog\u00eda que motiva la participaci\u00f3n adventista en la comunidad - Iglesia Adventista del S\u00e9ptimo D\u00eda - Divisi\u00f3n Interamericana\",\"isPartOf\":{\"@id\":\"https:\\\/\\\/interamerica.org\\\/es\\\/#website\"},\"primaryImageOfPage\":{\"@id\":\"https:\\\/\\\/interamerica.org\\\/es\\\/2023\\\/08\\\/estudioso-analiza-la-teologia-que-motiva-la-participacion-adventista-en-la-comunidad\\\/#primaryimage\"},\"image\":{\"@id\":\"https:\\\/\\\/interamerica.org\\\/es\\\/2023\\\/08\\\/estudioso-analiza-la-teologia-que-motiva-la-participacion-adventista-en-la-comunidad\\\/#primaryimage\"},\"thumbnailUrl\":\"https:\\\/\\\/interamerica.org\\\/wp-content\\\/uploads\\\/2023\\\/08\\\/seld-sung-kwon-july26.jpg\",\"datePublished\":\"2023-08-03T15:47:32+00:00\",\"dateModified\":\"2023-08-03T19:25:51+00:00\",\"author\":{\"@id\":\"https:\\\/\\\/interamerica.org\\\/es\\\/#\\\/schema\\\/person\\\/29998f2bc2d8bd0d38662909289b54f1\"},\"breadcrumb\":{\"@id\":\"https:\\\/\\\/interamerica.org\\\/es\\\/2023\\\/08\\\/estudioso-analiza-la-teologia-que-motiva-la-participacion-adventista-en-la-comunidad\\\/#breadcrumb\"},\"inLanguage\":\"es\",\"potentialAction\":[{\"@type\":\"ReadAction\",\"target\":[\"https:\\\/\\\/interamerica.org\\\/es\\\/2023\\\/08\\\/estudioso-analiza-la-teologia-que-motiva-la-participacion-adventista-en-la-comunidad\\\/\"]}]},{\"@type\":\"ImageObject\",\"inLanguage\":\"es\",\"@id\":\"https:\\\/\\\/interamerica.org\\\/es\\\/2023\\\/08\\\/estudioso-analiza-la-teologia-que-motiva-la-participacion-adventista-en-la-comunidad\\\/#primaryimage\",\"url\":\"https:\\\/\\\/interamerica.org\\\/wp-content\\\/uploads\\\/2023\\\/08\\\/seld-sung-kwon-july26.jpg\",\"contentUrl\":\"https:\\\/\\\/interamerica.org\\\/wp-content\\\/uploads\\\/2023\\\/08\\\/seld-sung-kwon-july26.jpg\",\"width\":1000,\"height\":623,\"caption\":\"[Photo: Libna Stevens\\\/IAD]\"},{\"@type\":\"BreadcrumbList\",\"@id\":\"https:\\\/\\\/interamerica.org\\\/es\\\/2023\\\/08\\\/estudioso-analiza-la-teologia-que-motiva-la-participacion-adventista-en-la-comunidad\\\/#breadcrumb\",\"itemListElement\":[{\"@type\":\"ListItem\",\"position\":1,\"name\":\"Home\",\"item\":\"https:\\\/\\\/interamerica.org\\\/es\\\/\"},{\"@type\":\"ListItem\",\"position\":2,\"name\":\"Estudioso analiza la teolog\u00eda que motiva la participaci\u00f3n adventista en la comunidad\"}]},{\"@type\":\"WebSite\",\"@id\":\"https:\\\/\\\/interamerica.org\\\/es\\\/#website\",\"url\":\"https:\\\/\\\/interamerica.org\\\/es\\\/\",\"name\":\"Iglesia Adventista del S\u00e9ptimo D\u00eda - Divisi\u00f3n Interamericana\",\"description\":\"\",\"potentialAction\":[{\"@type\":\"SearchAction\",\"target\":{\"@type\":\"EntryPoint\",\"urlTemplate\":\"https:\\\/\\\/interamerica.org\\\/es\\\/?s={search_term_string}\"},\"query-input\":{\"@type\":\"PropertyValueSpecification\",\"valueRequired\":true,\"valueName\":\"search_term_string\"}}],\"inLanguage\":\"es\"},{\"@type\":\"Person\",\"@id\":\"https:\\\/\\\/interamerica.org\\\/es\\\/#\\\/schema\\\/person\\\/29998f2bc2d8bd0d38662909289b54f1\",\"name\":\"libna\",\"image\":{\"@type\":\"ImageObject\",\"inLanguage\":\"es\",\"@id\":\"https:\\\/\\\/secure.gravatar.com\\\/avatar\\\/7c5bd30ae4b47a9ba3c856590957fd1d96dc588bf3ac05719d247e126840331f?s=96&d=mm&r=g\",\"url\":\"https:\\\/\\\/secure.gravatar.com\\\/avatar\\\/7c5bd30ae4b47a9ba3c856590957fd1d96dc588bf3ac05719d247e126840331f?s=96&d=mm&r=g\",\"contentUrl\":\"https:\\\/\\\/secure.gravatar.com\\\/avatar\\\/7c5bd30ae4b47a9ba3c856590957fd1d96dc588bf3ac05719d247e126840331f?s=96&d=mm&r=g\",\"caption\":\"libna\"}}]}<\/script>\n<!-- \/ Yoast SEO plugin. -->","yoast_head_json":{"title":"Estudioso analiza la teolog\u00eda que motiva la participaci\u00f3n adventista en la comunidad - Iglesia Adventista del S\u00e9ptimo D\u00eda - Divisi\u00f3n Interamericana","robots":{"index":"index","follow":"follow","max-snippet":"max-snippet:-1","max-image-preview":"max-image-preview:large","max-video-preview":"max-video-preview:-1"},"canonical":"https:\/\/interamerica.org\/es\/2023\/08\/estudioso-analiza-la-teologia-que-motiva-la-participacion-adventista-en-la-comunidad\/","og_locale":"es_ES","og_type":"article","og_title":"Estudioso analiza la teolog\u00eda que motiva la participaci\u00f3n adventista en la comunidad - Iglesia Adventista del S\u00e9ptimo D\u00eda - Divisi\u00f3n Interamericana","og_description":"3 de agosto de 2023 | Miami, Florida, Estados Unidos | Marcos Paseggi, para Noticias de la Divisi\u00f3n Interamericana \u201cSi creemos que la Iglesia Adventista del S\u00e9ptimo D\u00eda es el...","og_url":"https:\/\/interamerica.org\/es\/2023\/08\/estudioso-analiza-la-teologia-que-motiva-la-participacion-adventista-en-la-comunidad\/","og_site_name":"Iglesia Adventista del S\u00e9ptimo D\u00eda - Divisi\u00f3n Interamericana","article_published_time":"2023-08-03T15:47:32+00:00","article_modified_time":"2023-08-03T19:25:51+00:00","og_image":[{"width":1000,"height":623,"url":"https:\/\/interamerica.org\/wp-content\/uploads\/2023\/08\/seld-sung-kwon-july26.jpg","type":"image\/jpeg"}],"author":"libna","twitter_card":"summary_large_image","twitter_misc":{"Escrito por":"libna","Tiempo de lectura":"5 minutos"},"schema":{"@context":"https:\/\/schema.org","@graph":[{"@type":"Article","@id":"https:\/\/interamerica.org\/es\/2023\/08\/estudioso-analiza-la-teologia-que-motiva-la-participacion-adventista-en-la-comunidad\/#article","isPartOf":{"@id":"https:\/\/interamerica.org\/es\/2023\/08\/estudioso-analiza-la-teologia-que-motiva-la-participacion-adventista-en-la-comunidad\/"},"author":{"name":"libna","@id":"https:\/\/interamerica.org\/es\/#\/schema\/person\/29998f2bc2d8bd0d38662909289b54f1"},"headline":"Estudioso analiza la teolog\u00eda que motiva la participaci\u00f3n adventista en la comunidad","datePublished":"2023-08-03T15:47:32+00:00","dateModified":"2023-08-03T19:25:51+00:00","mainEntityOfPage":{"@id":"https:\/\/interamerica.org\/es\/2023\/08\/estudioso-analiza-la-teologia-que-motiva-la-participacion-adventista-en-la-comunidad\/"},"wordCount":999,"image":{"@id":"https:\/\/interamerica.org\/es\/2023\/08\/estudioso-analiza-la-teologia-que-motiva-la-participacion-adventista-en-la-comunidad\/#primaryimage"},"thumbnailUrl":"https:\/\/interamerica.org\/wp-content\/uploads\/2023\/08\/seld-sung-kwon-july26.jpg","articleSection":["Desde la sede","RSS Espa\u00f1ol"],"inLanguage":"es"},{"@type":"WebPage","@id":"https:\/\/interamerica.org\/es\/2023\/08\/estudioso-analiza-la-teologia-que-motiva-la-participacion-adventista-en-la-comunidad\/","url":"https:\/\/interamerica.org\/es\/2023\/08\/estudioso-analiza-la-teologia-que-motiva-la-participacion-adventista-en-la-comunidad\/","name":"Estudioso analiza la teolog\u00eda que motiva la participaci\u00f3n adventista en la comunidad - Iglesia Adventista del S\u00e9ptimo D\u00eda - Divisi\u00f3n Interamericana","isPartOf":{"@id":"https:\/\/interamerica.org\/es\/#website"},"primaryImageOfPage":{"@id":"https:\/\/interamerica.org\/es\/2023\/08\/estudioso-analiza-la-teologia-que-motiva-la-participacion-adventista-en-la-comunidad\/#primaryimage"},"image":{"@id":"https:\/\/interamerica.org\/es\/2023\/08\/estudioso-analiza-la-teologia-que-motiva-la-participacion-adventista-en-la-comunidad\/#primaryimage"},"thumbnailUrl":"https:\/\/interamerica.org\/wp-content\/uploads\/2023\/08\/seld-sung-kwon-july26.jpg","datePublished":"2023-08-03T15:47:32+00:00","dateModified":"2023-08-03T19:25:51+00:00","author":{"@id":"https:\/\/interamerica.org\/es\/#\/schema\/person\/29998f2bc2d8bd0d38662909289b54f1"},"breadcrumb":{"@id":"https:\/\/interamerica.org\/es\/2023\/08\/estudioso-analiza-la-teologia-que-motiva-la-participacion-adventista-en-la-comunidad\/#breadcrumb"},"inLanguage":"es","potentialAction":[{"@type":"ReadAction","target":["https:\/\/interamerica.org\/es\/2023\/08\/estudioso-analiza-la-teologia-que-motiva-la-participacion-adventista-en-la-comunidad\/"]}]},{"@type":"ImageObject","inLanguage":"es","@id":"https:\/\/interamerica.org\/es\/2023\/08\/estudioso-analiza-la-teologia-que-motiva-la-participacion-adventista-en-la-comunidad\/#primaryimage","url":"https:\/\/interamerica.org\/wp-content\/uploads\/2023\/08\/seld-sung-kwon-july26.jpg","contentUrl":"https:\/\/interamerica.org\/wp-content\/uploads\/2023\/08\/seld-sung-kwon-july26.jpg","width":1000,"height":623,"caption":"[Photo: Libna Stevens\/IAD]"},{"@type":"BreadcrumbList","@id":"https:\/\/interamerica.org\/es\/2023\/08\/estudioso-analiza-la-teologia-que-motiva-la-participacion-adventista-en-la-comunidad\/#breadcrumb","itemListElement":[{"@type":"ListItem","position":1,"name":"Home","item":"https:\/\/interamerica.org\/es\/"},{"@type":"ListItem","position":2,"name":"Estudioso analiza la teolog\u00eda que motiva la participaci\u00f3n adventista en la comunidad"}]},{"@type":"WebSite","@id":"https:\/\/interamerica.org\/es\/#website","url":"https:\/\/interamerica.org\/es\/","name":"Iglesia Adventista del S\u00e9ptimo D\u00eda - Divisi\u00f3n Interamericana","description":"","potentialAction":[{"@type":"SearchAction","target":{"@type":"EntryPoint","urlTemplate":"https:\/\/interamerica.org\/es\/?s={search_term_string}"},"query-input":{"@type":"PropertyValueSpecification","valueRequired":true,"valueName":"search_term_string"}}],"inLanguage":"es"},{"@type":"Person","@id":"https:\/\/interamerica.org\/es\/#\/schema\/person\/29998f2bc2d8bd0d38662909289b54f1","name":"libna","image":{"@type":"ImageObject","inLanguage":"es","@id":"https:\/\/secure.gravatar.com\/avatar\/7c5bd30ae4b47a9ba3c856590957fd1d96dc588bf3ac05719d247e126840331f?s=96&d=mm&r=g","url":"https:\/\/secure.gravatar.com\/avatar\/7c5bd30ae4b47a9ba3c856590957fd1d96dc588bf3ac05719d247e126840331f?s=96&d=mm&r=g","contentUrl":"https:\/\/secure.gravatar.com\/avatar\/7c5bd30ae4b47a9ba3c856590957fd1d96dc588bf3ac05719d247e126840331f?s=96&d=mm&r=g","caption":"libna"}}]}},"_links":{"self":[{"href":"https:\/\/interamerica.org\/es\/wp-json\/wp\/v2\/posts\/101621","targetHints":{"allow":["GET"]}}],"collection":[{"href":"https:\/\/interamerica.org\/es\/wp-json\/wp\/v2\/posts"}],"about":[{"href":"https:\/\/interamerica.org\/es\/wp-json\/wp\/v2\/types\/post"}],"author":[{"embeddable":true,"href":"https:\/\/interamerica.org\/es\/wp-json\/wp\/v2\/users\/3"}],"replies":[{"embeddable":true,"href":"https:\/\/interamerica.org\/es\/wp-json\/wp\/v2\/comments?post=101621"}],"version-history":[{"count":0,"href":"https:\/\/interamerica.org\/es\/wp-json\/wp\/v2\/posts\/101621\/revisions"}],"wp:featuredmedia":[{"embeddable":true,"href":"https:\/\/interamerica.org\/es\/wp-json\/wp\/v2\/media\/101601"}],"wp:attachment":[{"href":"https:\/\/interamerica.org\/es\/wp-json\/wp\/v2\/media?parent=101621"}],"wp:term":[{"taxonomy":"category","embeddable":true,"href":"https:\/\/interamerica.org\/es\/wp-json\/wp\/v2\/categories?post=101621"},{"taxonomy":"post_tag","embeddable":true,"href":"https:\/\/interamerica.org\/es\/wp-json\/wp\/v2\/tags?post=101621"}],"curies":[{"name":"wp","href":"https:\/\/api.w.org\/{rel}","templated":true}]}}