{"id":101624,"date":"2023-08-03T23:07:16","date_gmt":"2023-08-04T03:07:16","guid":{"rendered":"https:\/\/interamerica.org\/?p=101624"},"modified":"2023-08-04T09:25:02","modified_gmt":"2023-08-04T13:25:02","slug":"lider-analiza-lo-que-todo-miembro-adventista-de-junta-deberia-saber","status":"publish","type":"post","link":"https:\/\/interamerica.org\/es\/2023\/08\/lider-analiza-lo-que-todo-miembro-adventista-de-junta-deberia-saber\/","title":{"rendered":"L\u00edder analiza \u2018lo que todo miembro adventista de junta deber\u00eda saber\u2019"},"content":{"rendered":"<p>3 de agosto de 2023 | Miami, Florida, Estados Unidos | Marcos Paseggi, para Noticias de la Divisi\u00f3n Interamericana<\/p>\n<p>Aunque la organizaci\u00f3n de la Iglesia Adventista del S\u00e9ptimo D\u00eda y sus instituciones est\u00e1n estrechamente conectadas en su misi\u00f3n y objetivos \u00faltimos, sus sistemas de gobierno no son los mismos, dijo el ya jubilado ex vicepresidente de la Asociaci\u00f3n General Lowell Cooper.<\/p>\n<p>En una presentaci\u00f3n el pasado 28 de julio de 2023 ante administradores de instituciones de salud, pastores y partidarios de la salud que asistieron al Simposio de Salud de la Divisi\u00f3n Interamericana en Miami, Florida, Estados Unidos, Cooper analiz\u00f3 las diferencias b\u00e1sicas entre los modelos de gobierno de la iglesia y de gobierno de las instituciones. Su \u00e9nfasis especial estuvo en las casi dos mil instituciones adventistas de salud en el mundo, lo que incluye hospitales y sanatorios, hogares de ancianos y similares, y cl\u00ednicas de atenci\u00f3n m\u00e9dica y odontol\u00f3gica.<\/p>\n<p><div id=\"attachment_101617\" style=\"width: 863px\" class=\"wp-caption aligncenter\"><img fetchpriority=\"high\" decoding=\"async\" aria-describedby=\"caption-attachment-101617\" class=\" wp-image-101615\" src=\"https:\/\/interamerica.org\/wp-content\/uploads\/2023\/08\/lowell-cooper-health-symposium-july28-am.jpg\" alt=\"\" width=\"853\" height=\"569\" srcset=\"https:\/\/interamerica.org\/wp-content\/uploads\/2023\/08\/lowell-cooper-health-symposium-july28-am.jpg 1000w, https:\/\/interamerica.org\/wp-content\/uploads\/2023\/08\/lowell-cooper-health-symposium-july28-am-300x200.jpg 300w, https:\/\/interamerica.org\/wp-content\/uploads\/2023\/08\/lowell-cooper-health-symposium-july28-am-768x512.jpg 768w\" sizes=\"(max-width: 853px) 100vw, 853px\" \/><p id=\"caption-attachment-101617\" class=\"wp-caption-text\">Lowell Cooper, ya jubilado vicepresidente de la Asociaci\u00f3n General se dirige a los administradores de la iglesia y las instituciones de salud en el segundo d\u00eda del Simposio de Salud de la Divisi\u00f3n Interamericana, llevado a cabo en Miami, Florida, Estados Unidos, el 28 de julio de 2023. [Fotograf\u00eda: Libna Stevens\/DIA]<\/p><\/div><strong>Misi\u00f3n y m\u00e9todos<\/strong><\/p>\n<p>Las diferencias se inician desde el mismo comienzo: desde su misi\u00f3n y m\u00e9todos, dijo Cooper. La misi\u00f3n de la iglesia busca la renovaci\u00f3n espiritual; se enfoca en la adoraci\u00f3n, el discipulado y la proclamaci\u00f3n; y se ve en su mayor parte evaluada en t\u00e9rminos de n\u00famero de ingresos de miembros\u201d, explic\u00f3. \u201cLas instituciones de salud buscan continuar con el ministerio de sanaci\u00f3n de Cristo; abrazar la espiritualidad dentro de un concepto de plenitud; y se ven en su mayor pate evaluadas en t\u00e9rminos de calidad, servicio y resultados de los pacientes\u201d.<\/p>\n<p>Las instituciones patrocinadas por la iglesia son una expresi\u00f3n de la iglesia en misi\u00f3n, dijo Cooper. \u201cLas instituciones llenan funciones singulars dentro de la misi\u00f3n de la iglesia. No pueden pasar desapercibidas o ser vilipendiadas por la estructura eclesi\u00e1stica, o medidas en t\u00e9rmino del ingreso de miembros. Las instituciones, por otro lado, no deber\u00edan distanciarse de la iglesia mediante un pensamiento independiente y la inatenci\u00f3n a todas las dimensiones de la integralidad\u201d, expres\u00f3.<\/p>\n<p>Cooper profundiz\u00f3 m\u00e1s en ese punto. En lo que respecta a la alineaci\u00f3n del ministerio abarcador de salud con la iglesia, dijo: \u201cLas instituciones no pueden alejarse de la iglesia y llegar a ser independientes, como as\u00ed tampoco pueden ser tratadas por la iglesia como tan solo una congregaci\u00f3n m\u00e1s\u201d.<\/p>\n<p><strong>La identidad institucional<\/strong><\/p>\n<p>Una instituci\u00f3n adventista de salud no es tan solo una empresa, un emprendimiento; es un ministerio de base religiosa, enfatiz\u00f3 Cooper. En ese sentido, las entidades eclesi\u00e1sticas e institucionales tambi\u00e9n siguen patrones similares pero separados en lo que respecta a su identidad. En las primeras, explic\u00f3, hay un grupo de personas de un territorio que se reporta a una junta directiva, que nomina a los directivos y a los administradores. En las segundas, las personas de un determinado territorio eligen una junta de fideicomisarios, que se encarga de elegir un gerente general, quien a su vez se reporta a la administraci\u00f3n.<\/p>\n<p><div id=\"attachment_101611\" style=\"width: 875px\" class=\"wp-caption aligncenter\"><img decoding=\"async\" aria-describedby=\"caption-attachment-101611\" class=\" wp-image-101609\" src=\"https:\/\/interamerica.org\/wp-content\/uploads\/2023\/08\/lowell-cooper-seld-july28-am-2.jpg\" alt=\"\" width=\"865\" height=\"577\" srcset=\"https:\/\/interamerica.org\/wp-content\/uploads\/2023\/08\/lowell-cooper-seld-july28-am-2.jpg 1000w, https:\/\/interamerica.org\/wp-content\/uploads\/2023\/08\/lowell-cooper-seld-july28-am-2-300x200.jpg 300w, https:\/\/interamerica.org\/wp-content\/uploads\/2023\/08\/lowell-cooper-seld-july28-am-2-768x512.jpg 768w\" sizes=\"(max-width: 865px) 100vw, 865px\" \/><p id=\"caption-attachment-101611\" class=\"wp-caption-text\">Lowell Cooper dijo que \u201clos reglamentos denominacionales y creencias fundamentales forman un marco para el desarrollo de los reglamentos institucionales\u201d, durante su presentaci\u00f3n a decenas de administradores el pasado 28 de julio de 2023. [Fotograf\u00eda: Libna Stevens\/DIA]<\/p><\/div>Una vez m\u00e1s, y a pesar de sus diferencias, las conexiones entre las dos implican alineamiento y colaboraci\u00f3n. \u201cSe espera que la conducta corporativa demuestre la ense\u00f1anza, los valores, la \u00e9tica y el estilo de vida adventistas. La instituci\u00f3n se asemeja a su patrocinador\u201d, dijo Cooper.<\/p>\n<p><strong>Gobierno, estructura y propiedad<\/strong><\/p>\n<p>En los siguientes minutos, Cooper se dedic\u00f3 a analizar otras \u00e1reas de diferencias entre la organizaci\u00f3n eclesi\u00e1stica y la institucional, que incluy\u00f3 la estructura, el gobierno, la propiedad y los recursos. Tambi\u00e9n mencion\u00f3 las diferencias entre los empleados, los reglamentos y lo que sucede cuando una iglesia local se encuentra en un campus institucional. M\u00e1s abajo hay un resumen de las principales conclusiones a partir de la presentaci\u00f3n de Cooper.<\/p>\n<p>\u201cLa estructura eclesi\u00e1stica y la estructura institucional no son lo mismo. La entidad eclesi\u00e1stica es patrocinadora, no due\u00f1a\u201d, dijo Cooper. Es la raz\u00f3n por la que las instituciones deber\u00edan estar registradas como organizaci\u00f3n ben\u00e9fica, religiosa y sin fines de lucro toda vez que sea posible, explic\u00f3. \u201cLa estructura distintiva a\u00edsla la exposici\u00f3n a los riesgos y permite el desarrollo de las empresas que no est\u00e1 disponible para una estructura eclesi\u00e1stica\u201d, dijo.<\/p>\n<p>En lo respecta al gobierno, dentro del sistema eclesi\u00e1stico, cada entidad es parte de una cadena de organizaciones. Dentro del sistema institucional, por otra parte, cada entidad es una organizaci\u00f3n \u201caut\u00f3noma\u201d, si bien \u201clas instituciones denominacionales no son independientes; son interdependientes\u201d, enfatiz\u00f3 Cooper.<\/p>\n<p>Sucede a menudo que el presidente de una junta institucional es presidente de una regi\u00f3n eclesi\u00e1stica (a menudo divisi\u00f3n, uni\u00f3n o asociaci\u00f3n), explic\u00f3 Cooper. En esos casos, el l\u00edder de la iglesia tiene que servir con el mejor inter\u00e9s de la junta que est\u00e1 presidiendo. \u201cUn l\u00edder de la iglesia puede ponerse muchos sombreros, \u00a1pero solo uno a la vez!\u201d ilustr\u00f3.<\/p>\n<p>La propiedad demanda consideraciones cuidadosas, lo que incluye determinar si la propiedad usada por una instituci\u00f3n le pertenece, o es alquilada, o tiene un contrato de arrendamiento. En los dos \u00faltimos casos, \u00bfcu\u00e1les son los t\u00e9rminos? La pr\u00e1ctica muy difundida en la iglesia es que el t\u00edtulo de la propiedad lleve el nombre de una entidad de la corporaci\u00f3n de la iglesia, record\u00f3 a su audiencia. Esa corporaci\u00f3n de la entidad de la iglesia \u201cposee el t\u00edtulo como un fideicomiso en nombre de la instituci\u00f3n. Las transacciones que afectan la propiedad requerir\u00e1n de la aprobaci\u00f3n de la entidad que posee el t\u00edtulo de propiedad\u201d.<\/p>\n<p><strong>Los recursos, los empleados y los reglamentos <\/strong><\/p>\n<p>En lo que respecta a los recursos, hay muchas cosas a tener en cuenta, dijo Cooper. Incluyen, entre otras cosas, las subvenciones de las entidades de la iglesia a las instituciones, la distribuci\u00f3n de las ganancias institucionales con la entidad eclesi\u00e1stica patrocinadora, y los diezmos de los empleados que recolecta la instituci\u00f3n. \u201cLas instituciones que siguen un programa de deducci\u00f3n de diezmos necesitan contar con un sistema de autorizaci\u00f3n para hacerlo por parte del empleado\u201d, dijo Cooper. \u201cDevolver el diezmo como un acto de mayordom\u00eda necesita ser la decisi\u00f3n de cada persona en lugar del mandato de la organizaci\u00f3n\u201d.<\/p>\n<p>En general, \u201ctodo arreglo financiero entre una entidad de la iglesia y una instituci\u00f3n patrocinada por la iglesia necesita respetar los l\u00edmites organizacionales\u201d, expres\u00f3.<\/p>\n<p>Cooper tambi\u00e9n mencion\u00f3 algunas consideraciones relacionadas con los empleados. Cit\u00f3 los Reglamentos Eclesi\u00e1stico-Administrativos de la Asociaci\u00f3n General, que expresa que \u201clos hospitales y otras instituciones de salud no har\u00e1n distinci\u00f3n sobre la base de raza, color o sexo al admitir a los pacientes o poner sus instalaciones a disposici\u00f3n de m\u00e9dicos, residentes, enfermeras y administradores que cumplen con las normas profesionales de la instituci\u00f3n. Todas las organizaciones e instituciones ofrecer\u00e1n empleo y oportunidades de progreso sin importar la raza, el color o el sexo de las personas que califiquen\u201d.<\/p>\n<p>Las instituciones adventistas de salud enfrentan obst\u00e1culos significativos en lo que respecta al empleo, reconoci\u00f3 Cooper. \u201cLas instituciones de salud [\u2026] tienen en mayor desaf\u00edo para atraer a suficientes miembros de iglesia calificados para poder cumplir con lo que el empleado necesita de la instituci\u00f3n. La pregunta central es c\u00f3mo atraer una fuerza laboral que implemente de manera individual y colectiva la misi\u00f3n de la instituci\u00f3n\u201d, expres\u00f3.<\/p>\n<p>Es una cuesti\u00f3n de m\u00e1xima importancia, dijo Cooper, porque es el compromiso y las convicciones espirituales del personal de la instituci\u00f3n que crear\u00e1n la reputaci\u00f3n de la instituci\u00f3n respecto de su oferta de un \u201cministerio semejante al de Cristo\u201d. En el proceso de reclutamiento, es fundamental que los entrevistados sean conscientes de la identidad religiosa de la instituci\u00f3n y de las dimensiones espirituales de su misi\u00f3n\u201d, enfatiz\u00f3.<\/p>\n<p>En lo que respecta a los reglamentos, la junta institucional es el organismo que crea los reglamentos para la instituci\u00f3n, dijo Cooper. En ese sentido, \u201clos reglamentos denominacionales y las creencias fundamentales forman un marco para el desarrollo de los reglamentos institucionales. Y en algunas instancias, los reglamentos denominacionales ya predeterminan ciertos aspectos de la vida institucional.<\/p>\n<p><strong>Una iglesia local en el campus<\/strong><\/p>\n<p>Los Reglamentos Eclesi\u00e1stico-Administrativos de la Asociaci\u00f3n General tambi\u00e9n contemplan la relaci\u00f3n entre las entidades denominacionales y la iglesia local, lo que, seg\u00fan Cooper, \u201cpodr\u00eda ser un \u00e1rea de potenciales tensiones\u201d. Explic\u00f3 que, \u201cen muchos casos, el templo est\u00e1 ubicado dentro del campus de la instituci\u00f3n y un elevado porcentaje de la feligres\u00eda de la iglesia local\u201d es empleado de la instituci\u00f3n. \u201cEn estas situaciones\u201d, explic\u00f3, \u201ces importante preservar una distinci\u00f3n entre las funciones de la instituci\u00f3n y el papel que juega la iglesia local\u201d.<\/p>\n<p>El reglamento hace un llamado a \u201cmantener una relaci\u00f3n clara y mutualmente ben\u00e9fica con la Iglesia Adventista del S\u00e9ptimo D\u00eda\u201d, ley\u00f3 Cooper. Para lograrlo, dijo, \u201cla administraci\u00f3n de la instituci\u00f3n y los pastores de la iglesia necesitar\u00e1n mantener una comunicaci\u00f3n frecuente y de apoyo mutuo para que la vida de la instituci\u00f3n y la vida de la iglesia puedan florecer\u201d.<\/p>\n<p>Traducci\u00f3n de Marcos Paseggi<\/p>\n","protected":false},"excerpt":{"rendered":"<p>3 de agosto de 2023 | Miami, Florida, Estados Unidos | Marcos Paseggi, para Noticias de la Divisi\u00f3n Interamericana Aunque la organizaci\u00f3n de la Iglesia Adventista del S\u00e9ptimo D\u00eda y&#8230;<\/p>\n","protected":false},"author":3,"featured_media":101617,"comment_status":"closed","ping_status":"closed","sticky":false,"template":"","format":"standard","meta":{"_acf_changed":false,"footnotes":""},"categories":[16,15],"tags":[],"class_list":["post-101624","post","type-post","status-publish","format-standard","has-post-thumbnail","hentry","category-desde-la-sede","category-rss-espanol"],"acf":[],"yoast_head":"<!-- This site is optimized with the Yoast SEO plugin v27.3 - https:\/\/yoast.com\/product\/yoast-seo-wordpress\/ -->\n<title>L\u00edder analiza \u2018lo que todo miembro adventista de junta deber\u00eda saber\u2019 - Iglesia Adventista del S\u00e9ptimo D\u00eda - Divisi\u00f3n Interamericana<\/title>\n<meta name=\"robots\" content=\"index, follow, max-snippet:-1, max-image-preview:large, max-video-preview:-1\" \/>\n<link rel=\"canonical\" href=\"https:\/\/interamerica.org\/es\/2023\/08\/lider-analiza-lo-que-todo-miembro-adventista-de-junta-deberia-saber\/\" \/>\n<meta property=\"og:locale\" content=\"es_ES\" \/>\n<meta property=\"og:type\" content=\"article\" \/>\n<meta property=\"og:title\" content=\"L\u00edder analiza \u2018lo que todo miembro adventista de junta deber\u00eda saber\u2019 - Iglesia Adventista del S\u00e9ptimo D\u00eda - Divisi\u00f3n Interamericana\" \/>\n<meta property=\"og:description\" content=\"3 de agosto de 2023 | Miami, Florida, Estados Unidos | Marcos Paseggi, para Noticias de la Divisi\u00f3n Interamericana Aunque la organizaci\u00f3n de la Iglesia Adventista del S\u00e9ptimo D\u00eda y...\" \/>\n<meta property=\"og:url\" content=\"https:\/\/interamerica.org\/es\/2023\/08\/lider-analiza-lo-que-todo-miembro-adventista-de-junta-deberia-saber\/\" \/>\n<meta property=\"og:site_name\" content=\"Iglesia Adventista del S\u00e9ptimo D\u00eda - Divisi\u00f3n Interamericana\" \/>\n<meta property=\"article:published_time\" content=\"2023-08-04T03:07:16+00:00\" \/>\n<meta property=\"article:modified_time\" content=\"2023-08-04T13:25:02+00:00\" \/>\n<meta property=\"og:image\" content=\"https:\/\/interamerica.org\/wp-content\/uploads\/2023\/08\/lowell-cooper-health-symposium-july28-am.jpg\" \/>\n\t<meta property=\"og:image:width\" content=\"1000\" \/>\n\t<meta property=\"og:image:height\" content=\"667\" \/>\n\t<meta property=\"og:image:type\" content=\"image\/jpeg\" \/>\n<meta name=\"author\" content=\"libna\" \/>\n<meta name=\"twitter:card\" content=\"summary_large_image\" \/>\n<meta name=\"twitter:label1\" content=\"Escrito por\" \/>\n\t<meta name=\"twitter:data1\" content=\"libna\" \/>\n\t<meta name=\"twitter:label2\" content=\"Tiempo de lectura\" \/>\n\t<meta name=\"twitter:data2\" content=\"8 minutos\" \/>\n<script type=\"application\/ld+json\" class=\"yoast-schema-graph\">{\"@context\":\"https:\\\/\\\/schema.org\",\"@graph\":[{\"@type\":\"Article\",\"@id\":\"https:\\\/\\\/interamerica.org\\\/es\\\/2023\\\/08\\\/lider-analiza-lo-que-todo-miembro-adventista-de-junta-deberia-saber\\\/#article\",\"isPartOf\":{\"@id\":\"https:\\\/\\\/interamerica.org\\\/es\\\/2023\\\/08\\\/lider-analiza-lo-que-todo-miembro-adventista-de-junta-deberia-saber\\\/\"},\"author\":{\"name\":\"libna\",\"@id\":\"https:\\\/\\\/interamerica.org\\\/es\\\/#\\\/schema\\\/person\\\/29998f2bc2d8bd0d38662909289b54f1\"},\"headline\":\"L\u00edder analiza \u2018lo que todo miembro adventista de junta deber\u00eda saber\u2019\",\"datePublished\":\"2023-08-04T03:07:16+00:00\",\"dateModified\":\"2023-08-04T13:25:02+00:00\",\"mainEntityOfPage\":{\"@id\":\"https:\\\/\\\/interamerica.org\\\/es\\\/2023\\\/08\\\/lider-analiza-lo-que-todo-miembro-adventista-de-junta-deberia-saber\\\/\"},\"wordCount\":1685,\"image\":{\"@id\":\"https:\\\/\\\/interamerica.org\\\/es\\\/2023\\\/08\\\/lider-analiza-lo-que-todo-miembro-adventista-de-junta-deberia-saber\\\/#primaryimage\"},\"thumbnailUrl\":\"https:\\\/\\\/interamerica.org\\\/wp-content\\\/uploads\\\/2023\\\/08\\\/lowell-cooper-health-symposium-july28-am.jpg\",\"articleSection\":[\"Desde la sede\",\"RSS Espa\u00f1ol\"],\"inLanguage\":\"es\"},{\"@type\":\"WebPage\",\"@id\":\"https:\\\/\\\/interamerica.org\\\/es\\\/2023\\\/08\\\/lider-analiza-lo-que-todo-miembro-adventista-de-junta-deberia-saber\\\/\",\"url\":\"https:\\\/\\\/interamerica.org\\\/es\\\/2023\\\/08\\\/lider-analiza-lo-que-todo-miembro-adventista-de-junta-deberia-saber\\\/\",\"name\":\"L\u00edder analiza \u2018lo que todo miembro adventista de junta deber\u00eda saber\u2019 - Iglesia Adventista del S\u00e9ptimo D\u00eda - Divisi\u00f3n Interamericana\",\"isPartOf\":{\"@id\":\"https:\\\/\\\/interamerica.org\\\/es\\\/#website\"},\"primaryImageOfPage\":{\"@id\":\"https:\\\/\\\/interamerica.org\\\/es\\\/2023\\\/08\\\/lider-analiza-lo-que-todo-miembro-adventista-de-junta-deberia-saber\\\/#primaryimage\"},\"image\":{\"@id\":\"https:\\\/\\\/interamerica.org\\\/es\\\/2023\\\/08\\\/lider-analiza-lo-que-todo-miembro-adventista-de-junta-deberia-saber\\\/#primaryimage\"},\"thumbnailUrl\":\"https:\\\/\\\/interamerica.org\\\/wp-content\\\/uploads\\\/2023\\\/08\\\/lowell-cooper-health-symposium-july28-am.jpg\",\"datePublished\":\"2023-08-04T03:07:16+00:00\",\"dateModified\":\"2023-08-04T13:25:02+00:00\",\"author\":{\"@id\":\"https:\\\/\\\/interamerica.org\\\/es\\\/#\\\/schema\\\/person\\\/29998f2bc2d8bd0d38662909289b54f1\"},\"breadcrumb\":{\"@id\":\"https:\\\/\\\/interamerica.org\\\/es\\\/2023\\\/08\\\/lider-analiza-lo-que-todo-miembro-adventista-de-junta-deberia-saber\\\/#breadcrumb\"},\"inLanguage\":\"es\",\"potentialAction\":[{\"@type\":\"ReadAction\",\"target\":[\"https:\\\/\\\/interamerica.org\\\/es\\\/2023\\\/08\\\/lider-analiza-lo-que-todo-miembro-adventista-de-junta-deberia-saber\\\/\"]}]},{\"@type\":\"ImageObject\",\"inLanguage\":\"es\",\"@id\":\"https:\\\/\\\/interamerica.org\\\/es\\\/2023\\\/08\\\/lider-analiza-lo-que-todo-miembro-adventista-de-junta-deberia-saber\\\/#primaryimage\",\"url\":\"https:\\\/\\\/interamerica.org\\\/wp-content\\\/uploads\\\/2023\\\/08\\\/lowell-cooper-health-symposium-july28-am.jpg\",\"contentUrl\":\"https:\\\/\\\/interamerica.org\\\/wp-content\\\/uploads\\\/2023\\\/08\\\/lowell-cooper-health-symposium-july28-am.jpg\",\"width\":1000,\"height\":667,\"caption\":\"[Photo: Libna Stevens\\\/IAD]\"},{\"@type\":\"BreadcrumbList\",\"@id\":\"https:\\\/\\\/interamerica.org\\\/es\\\/2023\\\/08\\\/lider-analiza-lo-que-todo-miembro-adventista-de-junta-deberia-saber\\\/#breadcrumb\",\"itemListElement\":[{\"@type\":\"ListItem\",\"position\":1,\"name\":\"Home\",\"item\":\"https:\\\/\\\/interamerica.org\\\/es\\\/\"},{\"@type\":\"ListItem\",\"position\":2,\"name\":\"L\u00edder analiza \u2018lo que todo miembro adventista de junta deber\u00eda saber\u2019\"}]},{\"@type\":\"WebSite\",\"@id\":\"https:\\\/\\\/interamerica.org\\\/es\\\/#website\",\"url\":\"https:\\\/\\\/interamerica.org\\\/es\\\/\",\"name\":\"Iglesia Adventista del S\u00e9ptimo D\u00eda - Divisi\u00f3n Interamericana\",\"description\":\"\",\"potentialAction\":[{\"@type\":\"SearchAction\",\"target\":{\"@type\":\"EntryPoint\",\"urlTemplate\":\"https:\\\/\\\/interamerica.org\\\/es\\\/?s={search_term_string}\"},\"query-input\":{\"@type\":\"PropertyValueSpecification\",\"valueRequired\":true,\"valueName\":\"search_term_string\"}}],\"inLanguage\":\"es\"},{\"@type\":\"Person\",\"@id\":\"https:\\\/\\\/interamerica.org\\\/es\\\/#\\\/schema\\\/person\\\/29998f2bc2d8bd0d38662909289b54f1\",\"name\":\"libna\",\"image\":{\"@type\":\"ImageObject\",\"inLanguage\":\"es\",\"@id\":\"https:\\\/\\\/secure.gravatar.com\\\/avatar\\\/7c5bd30ae4b47a9ba3c856590957fd1d96dc588bf3ac05719d247e126840331f?s=96&d=mm&r=g\",\"url\":\"https:\\\/\\\/secure.gravatar.com\\\/avatar\\\/7c5bd30ae4b47a9ba3c856590957fd1d96dc588bf3ac05719d247e126840331f?s=96&d=mm&r=g\",\"contentUrl\":\"https:\\\/\\\/secure.gravatar.com\\\/avatar\\\/7c5bd30ae4b47a9ba3c856590957fd1d96dc588bf3ac05719d247e126840331f?s=96&d=mm&r=g\",\"caption\":\"libna\"}}]}<\/script>\n<!-- \/ Yoast SEO plugin. -->","yoast_head_json":{"title":"L\u00edder analiza \u2018lo que todo miembro adventista de junta deber\u00eda saber\u2019 - Iglesia Adventista del S\u00e9ptimo D\u00eda - Divisi\u00f3n Interamericana","robots":{"index":"index","follow":"follow","max-snippet":"max-snippet:-1","max-image-preview":"max-image-preview:large","max-video-preview":"max-video-preview:-1"},"canonical":"https:\/\/interamerica.org\/es\/2023\/08\/lider-analiza-lo-que-todo-miembro-adventista-de-junta-deberia-saber\/","og_locale":"es_ES","og_type":"article","og_title":"L\u00edder analiza \u2018lo que todo miembro adventista de junta deber\u00eda saber\u2019 - Iglesia Adventista del S\u00e9ptimo D\u00eda - Divisi\u00f3n Interamericana","og_description":"3 de agosto de 2023 | Miami, Florida, Estados Unidos | Marcos Paseggi, para Noticias de la Divisi\u00f3n Interamericana Aunque la organizaci\u00f3n de la Iglesia Adventista del S\u00e9ptimo D\u00eda y...","og_url":"https:\/\/interamerica.org\/es\/2023\/08\/lider-analiza-lo-que-todo-miembro-adventista-de-junta-deberia-saber\/","og_site_name":"Iglesia Adventista del S\u00e9ptimo D\u00eda - Divisi\u00f3n Interamericana","article_published_time":"2023-08-04T03:07:16+00:00","article_modified_time":"2023-08-04T13:25:02+00:00","og_image":[{"width":1000,"height":667,"url":"https:\/\/interamerica.org\/wp-content\/uploads\/2023\/08\/lowell-cooper-health-symposium-july28-am.jpg","type":"image\/jpeg"}],"author":"libna","twitter_card":"summary_large_image","twitter_misc":{"Escrito por":"libna","Tiempo de lectura":"8 minutos"},"schema":{"@context":"https:\/\/schema.org","@graph":[{"@type":"Article","@id":"https:\/\/interamerica.org\/es\/2023\/08\/lider-analiza-lo-que-todo-miembro-adventista-de-junta-deberia-saber\/#article","isPartOf":{"@id":"https:\/\/interamerica.org\/es\/2023\/08\/lider-analiza-lo-que-todo-miembro-adventista-de-junta-deberia-saber\/"},"author":{"name":"libna","@id":"https:\/\/interamerica.org\/es\/#\/schema\/person\/29998f2bc2d8bd0d38662909289b54f1"},"headline":"L\u00edder analiza \u2018lo que todo miembro adventista de junta deber\u00eda saber\u2019","datePublished":"2023-08-04T03:07:16+00:00","dateModified":"2023-08-04T13:25:02+00:00","mainEntityOfPage":{"@id":"https:\/\/interamerica.org\/es\/2023\/08\/lider-analiza-lo-que-todo-miembro-adventista-de-junta-deberia-saber\/"},"wordCount":1685,"image":{"@id":"https:\/\/interamerica.org\/es\/2023\/08\/lider-analiza-lo-que-todo-miembro-adventista-de-junta-deberia-saber\/#primaryimage"},"thumbnailUrl":"https:\/\/interamerica.org\/wp-content\/uploads\/2023\/08\/lowell-cooper-health-symposium-july28-am.jpg","articleSection":["Desde la sede","RSS Espa\u00f1ol"],"inLanguage":"es"},{"@type":"WebPage","@id":"https:\/\/interamerica.org\/es\/2023\/08\/lider-analiza-lo-que-todo-miembro-adventista-de-junta-deberia-saber\/","url":"https:\/\/interamerica.org\/es\/2023\/08\/lider-analiza-lo-que-todo-miembro-adventista-de-junta-deberia-saber\/","name":"L\u00edder analiza \u2018lo que todo miembro adventista de junta deber\u00eda saber\u2019 - Iglesia Adventista del S\u00e9ptimo D\u00eda - Divisi\u00f3n Interamericana","isPartOf":{"@id":"https:\/\/interamerica.org\/es\/#website"},"primaryImageOfPage":{"@id":"https:\/\/interamerica.org\/es\/2023\/08\/lider-analiza-lo-que-todo-miembro-adventista-de-junta-deberia-saber\/#primaryimage"},"image":{"@id":"https:\/\/interamerica.org\/es\/2023\/08\/lider-analiza-lo-que-todo-miembro-adventista-de-junta-deberia-saber\/#primaryimage"},"thumbnailUrl":"https:\/\/interamerica.org\/wp-content\/uploads\/2023\/08\/lowell-cooper-health-symposium-july28-am.jpg","datePublished":"2023-08-04T03:07:16+00:00","dateModified":"2023-08-04T13:25:02+00:00","author":{"@id":"https:\/\/interamerica.org\/es\/#\/schema\/person\/29998f2bc2d8bd0d38662909289b54f1"},"breadcrumb":{"@id":"https:\/\/interamerica.org\/es\/2023\/08\/lider-analiza-lo-que-todo-miembro-adventista-de-junta-deberia-saber\/#breadcrumb"},"inLanguage":"es","potentialAction":[{"@type":"ReadAction","target":["https:\/\/interamerica.org\/es\/2023\/08\/lider-analiza-lo-que-todo-miembro-adventista-de-junta-deberia-saber\/"]}]},{"@type":"ImageObject","inLanguage":"es","@id":"https:\/\/interamerica.org\/es\/2023\/08\/lider-analiza-lo-que-todo-miembro-adventista-de-junta-deberia-saber\/#primaryimage","url":"https:\/\/interamerica.org\/wp-content\/uploads\/2023\/08\/lowell-cooper-health-symposium-july28-am.jpg","contentUrl":"https:\/\/interamerica.org\/wp-content\/uploads\/2023\/08\/lowell-cooper-health-symposium-july28-am.jpg","width":1000,"height":667,"caption":"[Photo: Libna Stevens\/IAD]"},{"@type":"BreadcrumbList","@id":"https:\/\/interamerica.org\/es\/2023\/08\/lider-analiza-lo-que-todo-miembro-adventista-de-junta-deberia-saber\/#breadcrumb","itemListElement":[{"@type":"ListItem","position":1,"name":"Home","item":"https:\/\/interamerica.org\/es\/"},{"@type":"ListItem","position":2,"name":"L\u00edder analiza \u2018lo que todo miembro adventista de junta deber\u00eda saber\u2019"}]},{"@type":"WebSite","@id":"https:\/\/interamerica.org\/es\/#website","url":"https:\/\/interamerica.org\/es\/","name":"Iglesia Adventista del S\u00e9ptimo D\u00eda - Divisi\u00f3n Interamericana","description":"","potentialAction":[{"@type":"SearchAction","target":{"@type":"EntryPoint","urlTemplate":"https:\/\/interamerica.org\/es\/?s={search_term_string}"},"query-input":{"@type":"PropertyValueSpecification","valueRequired":true,"valueName":"search_term_string"}}],"inLanguage":"es"},{"@type":"Person","@id":"https:\/\/interamerica.org\/es\/#\/schema\/person\/29998f2bc2d8bd0d38662909289b54f1","name":"libna","image":{"@type":"ImageObject","inLanguage":"es","@id":"https:\/\/secure.gravatar.com\/avatar\/7c5bd30ae4b47a9ba3c856590957fd1d96dc588bf3ac05719d247e126840331f?s=96&d=mm&r=g","url":"https:\/\/secure.gravatar.com\/avatar\/7c5bd30ae4b47a9ba3c856590957fd1d96dc588bf3ac05719d247e126840331f?s=96&d=mm&r=g","contentUrl":"https:\/\/secure.gravatar.com\/avatar\/7c5bd30ae4b47a9ba3c856590957fd1d96dc588bf3ac05719d247e126840331f?s=96&d=mm&r=g","caption":"libna"}}]}},"_links":{"self":[{"href":"https:\/\/interamerica.org\/es\/wp-json\/wp\/v2\/posts\/101624","targetHints":{"allow":["GET"]}}],"collection":[{"href":"https:\/\/interamerica.org\/es\/wp-json\/wp\/v2\/posts"}],"about":[{"href":"https:\/\/interamerica.org\/es\/wp-json\/wp\/v2\/types\/post"}],"author":[{"embeddable":true,"href":"https:\/\/interamerica.org\/es\/wp-json\/wp\/v2\/users\/3"}],"replies":[{"embeddable":true,"href":"https:\/\/interamerica.org\/es\/wp-json\/wp\/v2\/comments?post=101624"}],"version-history":[{"count":0,"href":"https:\/\/interamerica.org\/es\/wp-json\/wp\/v2\/posts\/101624\/revisions"}],"wp:featuredmedia":[{"embeddable":true,"href":"https:\/\/interamerica.org\/es\/wp-json\/wp\/v2\/media\/101617"}],"wp:attachment":[{"href":"https:\/\/interamerica.org\/es\/wp-json\/wp\/v2\/media?parent=101624"}],"wp:term":[{"taxonomy":"category","embeddable":true,"href":"https:\/\/interamerica.org\/es\/wp-json\/wp\/v2\/categories?post=101624"},{"taxonomy":"post_tag","embeddable":true,"href":"https:\/\/interamerica.org\/es\/wp-json\/wp\/v2\/tags?post=101624"}],"curies":[{"name":"wp","href":"https:\/\/api.w.org\/{rel}","templated":true}]}}