{"id":101628,"date":"2023-08-03T18:10:47","date_gmt":"2023-08-03T22:10:47","guid":{"rendered":"https:\/\/interamerica.org\/?p=101628"},"modified":"2023-08-04T18:49:52","modified_gmt":"2023-08-04T22:49:52","slug":"heraldos-de-una-nueva-era-2a-parte","status":"publish","type":"post","link":"https:\/\/interamerica.org\/es\/2023\/08\/heraldos-de-una-nueva-era-2a-parte\/","title":{"rendered":"Heraldos de una nueva era &#8211; 2a parte"},"content":{"rendered":"<p>3 de julio del 2023 | Silver Spring, Maryland, Estados Unidos | Ted N.C. Wilson, President de la Asociaci\u00f3n General de los Adventistas del S\u00e9ptimo D\u00eda<\/p>\n<p><span style=\"font-weight: 400;\">Hola amigos. Hoy, en nuestro recorrido por el maravilloso libro <\/span><i><span style=\"font-weight: 400;\">El Conflicto de los Siglos<\/span><\/i><span style=\"font-weight: 400;\">, continuaremos mirando las se\u00f1ales dadas en la Biblia con respecto a la segunda venida de Cristo, y veremos c\u00f3mo esas se\u00f1ales se han cumplido de la manera m\u00e1s notable.<\/span><\/p>\n<p><span style=\"font-weight: 400;\">En nuestro video anterior, vimos c\u00f3mo la terrible devastaci\u00f3n del gran terremoto de 1755 se extendi\u00f3 por la mayor parte de Europa, junto con \u00c1frica y Am\u00e9rica, y cumpli\u00f3 notablemente la primera parte de la profec\u00eda de <\/span><b>Apocalipsis 6:12<\/b><span style=\"font-weight: 400;\">:<\/span><\/p>\n<p><span style=\"font-weight: 400;\">\u201c&#8230;y he aqu\u00ed hubo un gran terremoto; y el sol se puso negro como tela de cilicio, y la luna se volvi\u00f3 toda como sangre\u201d.<\/span><\/p>\n<p><span style=\"font-weight: 400;\">Veinticinco a\u00f1os despu\u00e9s del terrible terremoto, la siguiente se\u00f1al se cumpli\u00f3 el 19 de mayo de 1780. Conocido como el \u00abD\u00eda Oscuro\u00bb, este extra\u00f1o fen\u00f3meno se vio en todo el estrecho noreste de los Estados Unidos, conocido como Nueva Inglaterra.<\/span><\/p>\n<p><span style=\"font-weight: 400;\">Un testigo presencial que viv\u00eda en el Estado de Massachusetts describi\u00f3 el evento as\u00ed:<\/span><\/p>\n<p><span style=\"font-weight: 400;\">\u201cPor la ma\u00f1ana, el sol sali\u00f3 claro, pero pronto se nubl\u00f3. Las nubes se volvieron&#8230; negras y siniestras\u2026 rel\u00e1mpagos destellaron, retumbaron truenos y cay\u00f3 un poco de lluvia. Hacia las nueve, las nubes se hicieron m\u00e1s delgadas y adquirieron una apariencia cobriza, y la tierra, las rocas, los \u00e1rboles, los edificios, el agua y las personas cambiaron por esta luz extra\u00f1a y sobrenatural. Unos minutos m\u00e1s tarde, una pesada nube negra se extendi\u00f3 por todo el cielo excepto por un borde estrecho en el horizonte, y estaba tan oscuro como suele estar a las nueve en punto en una tarde de verano.<\/span><\/p>\n<p><span style=\"font-weight: 400;\">\u00a0\u201cTemor, zozobra y terror se apoderaron gradualmente de los \u00e1nimos. Desde las puertas de sus casas, las mujeres contemplaban la l\u00f3brega escena; los hombres volv\u00edan de las faenas del campo\u2026 Los ni\u00f1os fueron despedidos de las escuelas y huyeron a sus casas llenos de miedo&#8230; \u00bfQu\u00e9 va a pasar? preguntaban todos\u00bb (<\/span><i><span style=\"font-weight: 400;\">CS 308.1<\/span><\/i><span style=\"font-weight: 400;\">).<\/span><\/p>\n<p><span style=\"font-weight: 400;\">La gente se reuni\u00f3 en las iglesias donde, alarmados, los predicadores presentaron el mensaje prof\u00e9tico de las se\u00f1ales de la venida de Cristo. <\/span><span style=\"font-weight: 400;\">\u201cEl sol se convertir\u00e1 en tinieblas, y la luna en sangre, antes que venga el d\u00eda grande y espantoso de Jehov\u00e1\u201d<\/span><span style=\"font-weight: 400;\">, escribi\u00f3 el profeta Joel (<\/span><b>Joel 2:31<\/b><b>)<\/b><span style=\"font-weight: 400;\">.<\/span><\/p>\n<p><span style=\"font-weight: 400;\">Esa noche, despu\u00e9s de la medianoche, la oscuridad desapareci\u00f3, y cuando la luna fue visible, estaba roja como la sangre.<\/span><\/p>\n<p><span style=\"font-weight: 400;\">\u00bfPor qu\u00e9 se dieron estas se\u00f1ales? Leemos en El Conflicto de los Siglos: <\/span><span style=\"font-weight: 400;\">\u201cUna gran obra de reforma deb\u00eda realizarse para preparar a un pueblo que pudiese subsistir en el d\u00eda de Dios. El Se\u00f1or vio que\u00a0 muchos de los que profesaban pertenecer a su pueblo no edificaban para la eternidad, y en su misericordia iba a enviar una amonestaci\u00f3n para despertarlos de su estupor e inducirlos a prepararse para la venida de su Se\u00f1or.\u201d (p. 311.4).<\/span><\/p>\n<p><span style=\"font-weight: 400;\">Ese mensaje de advertencia se encuentra en <\/span><b>Apocalipsis 14<\/b><span style=\"font-weight: 400;\">, donde se proclama un triple mensaje a <\/span><span style=\"font-weight: 400;\">\u00abtoda naci\u00f3n, tribu, lengua y pueblo\u00bb (v.6)<\/span><span style=\"font-weight: 400;\">, despu\u00e9s de lo cual Cristo regresa. La primera de estas advertencias reconoce a Dios como Creador y anuncia el juicio que se acerca.<\/span><\/p>\n<p><span style=\"font-weight: 400;\">\u00abEste mensaje\u00bb<\/span><span style=\"font-weight: 400;\">, escribe Elena de White, <\/span><span style=\"font-weight: 400;\">\u00abse declara que es parte del &#8216;evangelio eterno&#8217;. La obra de predicar el evangelio no ha sido encomendada a los \u00e1ngeles, sino a los hombres\u201d, escribi\u00f3. (CS 312).<\/span><\/p>\n<p><span style=\"font-weight: 400;\">A medida que las se\u00f1ales dadas en la profec\u00eda comenzaron a cumplirse, los ojos comenzaron a abrirse y <\/span><span style=\"font-weight: 400;\">\u201cHombres fieles, obedientes a los impulsos del Esp\u00edritu de Dios y a las ense\u00f1anzas de su Palabra, iban a pregonar al mundo esta amonestaci\u00f3n.\u201d (CS 311.4).<\/span><\/p>\n<p><span style=\"font-weight: 400;\">Curiosamente, sin embargo, tal como sucedi\u00f3 antes de la primera venida de Cristo a esta tierra, no fueron los eruditos te\u00f3logos quienes entendieron las profec\u00edas. M\u00e1s bien, fueron aquellos que eran m\u00e1s humildes y estaban dispuestos a estudiar cuidadosamente la Palabra de Dios con un coraz\u00f3n abierto. Para ellos, la verdad fue revelada. Como declar\u00f3 Jes\u00fas en <\/span><b>Juan 8:12<\/b><span style=\"font-weight: 400;\">, \u201cEl que me sigue, no andar\u00e1 en tinieblas, sino que tendr\u00e1 la luz de la vida\u00bb.<\/span><\/p>\n<p><span style=\"font-weight: 400;\">En nuestro pr\u00f3ximo video, conoceremos a un personaje. Un hombre que al principio parec\u00eda poco probable que llevara un mensaje tan importante, pero que fue usado por Dios de una manera poderosa.<\/span><\/p>\n<p><span style=\"font-weight: 400;\">Mientras tanto, los animo a aprender m\u00e1s sobre las se\u00f1ales de la venida de Cristo, leyendo el cap\u00edtulo titulado \u00abHeraldos de una Nueva Era\u00bb, en el libro El Conflicto de los Siglos. Este libro est\u00e1 disponible para descarga, sin costo y en varios idiomas, en: thegreatcontroversyproject.org. Si a\u00fan no lo ha hecho, lo invito a descargar su copia gratuita hoy.<\/span><\/p>\n<p><span style=\"font-weight: 400;\">Amigos, tened buen \u00e1nimo. \u00a1La venida del Se\u00f1or est\u00e1 cerca! Las se\u00f1ales se revelan en Su Palabra, y se debe dar un mensaje claro al mundo. Los invito a continuar nuestro viaje juntos a medida que aprendemos m\u00e1s sobre estos mensajes tan importantes.<\/span><\/p>\n<p><span style=\"font-weight: 400;\">Inclinemos nuestros rostros juntos para una palabra de oraci\u00f3n en este momento.<\/span><\/p>\n<p><span style=\"font-weight: 400;\">Padre, te damos gracias por las muchas se\u00f1ales que nos has dado, profetizadas en la Escritura, dici\u00e9ndonos que la venida de Jes\u00fas est\u00e1 muy cerca. Ay\u00fadanos a ser conscientes, comprender y enfocarnos en c\u00f3mo podemos compartir con otros esta maravillosa y buena noticia de salvaci\u00f3n en Cristo Jes\u00fas, y su pr\u00f3xima segunda venida. Bend\u00edcenos a medida que continuamos este viaje en el Conflicto de los Siglos. Pedimos todas estas cosas en el nombre de Jes\u00fas, Am\u00e9n.<\/span><\/p>\n<p><iframe title=\"Heraldos de una Nueva Era (2a Parte) | Pastor Ted Wilson\" width=\"500\" height=\"281\" src=\"https:\/\/www.youtube.com\/embed\/Qj9-8HHdhos?feature=oembed\" frameborder=\"0\" allow=\"accelerometer; autoplay; clipboard-write; encrypted-media; gyroscope; picture-in-picture; web-share\" referrerpolicy=\"strict-origin-when-cross-origin\" allowfullscreen><\/iframe><\/p>\n","protected":false},"excerpt":{"rendered":"<p>3 de julio del 2023 | Silver Spring, Maryland, Estados Unidos | Ted N.C. Wilson, President de la Asociaci\u00f3n General de los Adventistas del S\u00e9ptimo D\u00eda Hola amigos. Hoy, en&#8230;<\/p>\n","protected":false},"author":3,"featured_media":101630,"comment_status":"closed","ping_status":"closed","sticky":false,"template":"","format":"standard","meta":{"_acf_changed":false,"footnotes":""},"categories":[14,15],"tags":[],"class_list":["post-101628","post","type-post","status-publish","format-standard","has-post-thumbnail","hentry","category-de-la-iglesia-mundial","category-rss-espanol"],"acf":[],"yoast_head":"<!-- This site is optimized with the Yoast SEO plugin v27.3 - https:\/\/yoast.com\/product\/yoast-seo-wordpress\/ -->\n<title>Heraldos de una nueva era - 2a parte - Iglesia Adventista del S\u00e9ptimo D\u00eda - Divisi\u00f3n Interamericana<\/title>\n<meta name=\"robots\" content=\"index, follow, max-snippet:-1, max-image-preview:large, max-video-preview:-1\" \/>\n<link rel=\"canonical\" href=\"https:\/\/interamerica.org\/es\/2023\/08\/heraldos-de-una-nueva-era-2a-parte\/\" \/>\n<meta property=\"og:locale\" content=\"es_ES\" \/>\n<meta property=\"og:type\" content=\"article\" \/>\n<meta property=\"og:title\" content=\"Heraldos de una nueva era - 2a parte - Iglesia Adventista del S\u00e9ptimo D\u00eda - Divisi\u00f3n Interamericana\" \/>\n<meta property=\"og:description\" content=\"3 de julio del 2023 | Silver Spring, Maryland, Estados Unidos | Ted N.C. Wilson, President de la Asociaci\u00f3n General de los Adventistas del S\u00e9ptimo D\u00eda Hola amigos. Hoy, en...\" \/>\n<meta property=\"og:url\" content=\"https:\/\/interamerica.org\/es\/2023\/08\/heraldos-de-una-nueva-era-2a-parte\/\" \/>\n<meta property=\"og:site_name\" content=\"Iglesia Adventista del S\u00e9ptimo D\u00eda - Divisi\u00f3n Interamericana\" \/>\n<meta property=\"article:published_time\" content=\"2023-08-03T22:10:47+00:00\" \/>\n<meta property=\"article:modified_time\" content=\"2023-08-04T22:49:52+00:00\" \/>\n<meta property=\"og:image\" content=\"https:\/\/interamerica.org\/wp-content\/uploads\/2023\/08\/heralds-of-the-morning-part-2-es.jpg\" \/>\n\t<meta property=\"og:image:width\" content=\"1334\" \/>\n\t<meta property=\"og:image:height\" content=\"750\" \/>\n\t<meta property=\"og:image:type\" content=\"image\/jpeg\" \/>\n<meta name=\"author\" content=\"libna\" \/>\n<meta name=\"twitter:card\" content=\"summary_large_image\" \/>\n<meta name=\"twitter:label1\" content=\"Escrito por\" \/>\n\t<meta name=\"twitter:data1\" content=\"libna\" \/>\n\t<meta name=\"twitter:label2\" content=\"Tiempo de lectura\" \/>\n\t<meta name=\"twitter:data2\" content=\"5 minutos\" \/>\n<script type=\"application\/ld+json\" class=\"yoast-schema-graph\">{\"@context\":\"https:\\\/\\\/schema.org\",\"@graph\":[{\"@type\":\"Article\",\"@id\":\"https:\\\/\\\/interamerica.org\\\/es\\\/2023\\\/08\\\/heraldos-de-una-nueva-era-2a-parte\\\/#article\",\"isPartOf\":{\"@id\":\"https:\\\/\\\/interamerica.org\\\/es\\\/2023\\\/08\\\/heraldos-de-una-nueva-era-2a-parte\\\/\"},\"author\":{\"name\":\"libna\",\"@id\":\"https:\\\/\\\/interamerica.org\\\/es\\\/#\\\/schema\\\/person\\\/29998f2bc2d8bd0d38662909289b54f1\"},\"headline\":\"Heraldos de una nueva era &#8211; 2a parte\",\"datePublished\":\"2023-08-03T22:10:47+00:00\",\"dateModified\":\"2023-08-04T22:49:52+00:00\",\"mainEntityOfPage\":{\"@id\":\"https:\\\/\\\/interamerica.org\\\/es\\\/2023\\\/08\\\/heraldos-de-una-nueva-era-2a-parte\\\/\"},\"wordCount\":986,\"image\":{\"@id\":\"https:\\\/\\\/interamerica.org\\\/es\\\/2023\\\/08\\\/heraldos-de-una-nueva-era-2a-parte\\\/#primaryimage\"},\"thumbnailUrl\":\"https:\\\/\\\/interamerica.org\\\/wp-content\\\/uploads\\\/2023\\\/08\\\/heralds-of-the-morning-part-2-es.jpg\",\"articleSection\":[\"Desde la iglesia mundial\",\"RSS Espa\u00f1ol\"],\"inLanguage\":\"es\"},{\"@type\":\"WebPage\",\"@id\":\"https:\\\/\\\/interamerica.org\\\/es\\\/2023\\\/08\\\/heraldos-de-una-nueva-era-2a-parte\\\/\",\"url\":\"https:\\\/\\\/interamerica.org\\\/es\\\/2023\\\/08\\\/heraldos-de-una-nueva-era-2a-parte\\\/\",\"name\":\"Heraldos de una nueva era - 2a parte - Iglesia Adventista del S\u00e9ptimo D\u00eda - Divisi\u00f3n Interamericana\",\"isPartOf\":{\"@id\":\"https:\\\/\\\/interamerica.org\\\/es\\\/#website\"},\"primaryImageOfPage\":{\"@id\":\"https:\\\/\\\/interamerica.org\\\/es\\\/2023\\\/08\\\/heraldos-de-una-nueva-era-2a-parte\\\/#primaryimage\"},\"image\":{\"@id\":\"https:\\\/\\\/interamerica.org\\\/es\\\/2023\\\/08\\\/heraldos-de-una-nueva-era-2a-parte\\\/#primaryimage\"},\"thumbnailUrl\":\"https:\\\/\\\/interamerica.org\\\/wp-content\\\/uploads\\\/2023\\\/08\\\/heralds-of-the-morning-part-2-es.jpg\",\"datePublished\":\"2023-08-03T22:10:47+00:00\",\"dateModified\":\"2023-08-04T22:49:52+00:00\",\"author\":{\"@id\":\"https:\\\/\\\/interamerica.org\\\/es\\\/#\\\/schema\\\/person\\\/29998f2bc2d8bd0d38662909289b54f1\"},\"breadcrumb\":{\"@id\":\"https:\\\/\\\/interamerica.org\\\/es\\\/2023\\\/08\\\/heraldos-de-una-nueva-era-2a-parte\\\/#breadcrumb\"},\"inLanguage\":\"es\",\"potentialAction\":[{\"@type\":\"ReadAction\",\"target\":[\"https:\\\/\\\/interamerica.org\\\/es\\\/2023\\\/08\\\/heraldos-de-una-nueva-era-2a-parte\\\/\"]}]},{\"@type\":\"ImageObject\",\"inLanguage\":\"es\",\"@id\":\"https:\\\/\\\/interamerica.org\\\/es\\\/2023\\\/08\\\/heraldos-de-una-nueva-era-2a-parte\\\/#primaryimage\",\"url\":\"https:\\\/\\\/interamerica.org\\\/wp-content\\\/uploads\\\/2023\\\/08\\\/heralds-of-the-morning-part-2-es.jpg\",\"contentUrl\":\"https:\\\/\\\/interamerica.org\\\/wp-content\\\/uploads\\\/2023\\\/08\\\/heralds-of-the-morning-part-2-es.jpg\",\"width\":1334,\"height\":750},{\"@type\":\"BreadcrumbList\",\"@id\":\"https:\\\/\\\/interamerica.org\\\/es\\\/2023\\\/08\\\/heraldos-de-una-nueva-era-2a-parte\\\/#breadcrumb\",\"itemListElement\":[{\"@type\":\"ListItem\",\"position\":1,\"name\":\"Home\",\"item\":\"https:\\\/\\\/interamerica.org\\\/es\\\/\"},{\"@type\":\"ListItem\",\"position\":2,\"name\":\"Heraldos de una nueva era &#8211; 2a parte\"}]},{\"@type\":\"WebSite\",\"@id\":\"https:\\\/\\\/interamerica.org\\\/es\\\/#website\",\"url\":\"https:\\\/\\\/interamerica.org\\\/es\\\/\",\"name\":\"Iglesia Adventista del S\u00e9ptimo D\u00eda - Divisi\u00f3n Interamericana\",\"description\":\"\",\"potentialAction\":[{\"@type\":\"SearchAction\",\"target\":{\"@type\":\"EntryPoint\",\"urlTemplate\":\"https:\\\/\\\/interamerica.org\\\/es\\\/?s={search_term_string}\"},\"query-input\":{\"@type\":\"PropertyValueSpecification\",\"valueRequired\":true,\"valueName\":\"search_term_string\"}}],\"inLanguage\":\"es\"},{\"@type\":\"Person\",\"@id\":\"https:\\\/\\\/interamerica.org\\\/es\\\/#\\\/schema\\\/person\\\/29998f2bc2d8bd0d38662909289b54f1\",\"name\":\"libna\",\"image\":{\"@type\":\"ImageObject\",\"inLanguage\":\"es\",\"@id\":\"https:\\\/\\\/secure.gravatar.com\\\/avatar\\\/7c5bd30ae4b47a9ba3c856590957fd1d96dc588bf3ac05719d247e126840331f?s=96&d=mm&r=g\",\"url\":\"https:\\\/\\\/secure.gravatar.com\\\/avatar\\\/7c5bd30ae4b47a9ba3c856590957fd1d96dc588bf3ac05719d247e126840331f?s=96&d=mm&r=g\",\"contentUrl\":\"https:\\\/\\\/secure.gravatar.com\\\/avatar\\\/7c5bd30ae4b47a9ba3c856590957fd1d96dc588bf3ac05719d247e126840331f?s=96&d=mm&r=g\",\"caption\":\"libna\"}}]}<\/script>\n<!-- \/ Yoast SEO plugin. -->","yoast_head_json":{"title":"Heraldos de una nueva era - 2a parte - Iglesia Adventista del S\u00e9ptimo D\u00eda - Divisi\u00f3n Interamericana","robots":{"index":"index","follow":"follow","max-snippet":"max-snippet:-1","max-image-preview":"max-image-preview:large","max-video-preview":"max-video-preview:-1"},"canonical":"https:\/\/interamerica.org\/es\/2023\/08\/heraldos-de-una-nueva-era-2a-parte\/","og_locale":"es_ES","og_type":"article","og_title":"Heraldos de una nueva era - 2a parte - Iglesia Adventista del S\u00e9ptimo D\u00eda - Divisi\u00f3n Interamericana","og_description":"3 de julio del 2023 | Silver Spring, Maryland, Estados Unidos | Ted N.C. Wilson, President de la Asociaci\u00f3n General de los Adventistas del S\u00e9ptimo D\u00eda Hola amigos. Hoy, en...","og_url":"https:\/\/interamerica.org\/es\/2023\/08\/heraldos-de-una-nueva-era-2a-parte\/","og_site_name":"Iglesia Adventista del S\u00e9ptimo D\u00eda - Divisi\u00f3n Interamericana","article_published_time":"2023-08-03T22:10:47+00:00","article_modified_time":"2023-08-04T22:49:52+00:00","og_image":[{"width":1334,"height":750,"url":"https:\/\/interamerica.org\/wp-content\/uploads\/2023\/08\/heralds-of-the-morning-part-2-es.jpg","type":"image\/jpeg"}],"author":"libna","twitter_card":"summary_large_image","twitter_misc":{"Escrito por":"libna","Tiempo de lectura":"5 minutos"},"schema":{"@context":"https:\/\/schema.org","@graph":[{"@type":"Article","@id":"https:\/\/interamerica.org\/es\/2023\/08\/heraldos-de-una-nueva-era-2a-parte\/#article","isPartOf":{"@id":"https:\/\/interamerica.org\/es\/2023\/08\/heraldos-de-una-nueva-era-2a-parte\/"},"author":{"name":"libna","@id":"https:\/\/interamerica.org\/es\/#\/schema\/person\/29998f2bc2d8bd0d38662909289b54f1"},"headline":"Heraldos de una nueva era &#8211; 2a parte","datePublished":"2023-08-03T22:10:47+00:00","dateModified":"2023-08-04T22:49:52+00:00","mainEntityOfPage":{"@id":"https:\/\/interamerica.org\/es\/2023\/08\/heraldos-de-una-nueva-era-2a-parte\/"},"wordCount":986,"image":{"@id":"https:\/\/interamerica.org\/es\/2023\/08\/heraldos-de-una-nueva-era-2a-parte\/#primaryimage"},"thumbnailUrl":"https:\/\/interamerica.org\/wp-content\/uploads\/2023\/08\/heralds-of-the-morning-part-2-es.jpg","articleSection":["Desde la iglesia mundial","RSS Espa\u00f1ol"],"inLanguage":"es"},{"@type":"WebPage","@id":"https:\/\/interamerica.org\/es\/2023\/08\/heraldos-de-una-nueva-era-2a-parte\/","url":"https:\/\/interamerica.org\/es\/2023\/08\/heraldos-de-una-nueva-era-2a-parte\/","name":"Heraldos de una nueva era - 2a parte - Iglesia Adventista del S\u00e9ptimo D\u00eda - Divisi\u00f3n Interamericana","isPartOf":{"@id":"https:\/\/interamerica.org\/es\/#website"},"primaryImageOfPage":{"@id":"https:\/\/interamerica.org\/es\/2023\/08\/heraldos-de-una-nueva-era-2a-parte\/#primaryimage"},"image":{"@id":"https:\/\/interamerica.org\/es\/2023\/08\/heraldos-de-una-nueva-era-2a-parte\/#primaryimage"},"thumbnailUrl":"https:\/\/interamerica.org\/wp-content\/uploads\/2023\/08\/heralds-of-the-morning-part-2-es.jpg","datePublished":"2023-08-03T22:10:47+00:00","dateModified":"2023-08-04T22:49:52+00:00","author":{"@id":"https:\/\/interamerica.org\/es\/#\/schema\/person\/29998f2bc2d8bd0d38662909289b54f1"},"breadcrumb":{"@id":"https:\/\/interamerica.org\/es\/2023\/08\/heraldos-de-una-nueva-era-2a-parte\/#breadcrumb"},"inLanguage":"es","potentialAction":[{"@type":"ReadAction","target":["https:\/\/interamerica.org\/es\/2023\/08\/heraldos-de-una-nueva-era-2a-parte\/"]}]},{"@type":"ImageObject","inLanguage":"es","@id":"https:\/\/interamerica.org\/es\/2023\/08\/heraldos-de-una-nueva-era-2a-parte\/#primaryimage","url":"https:\/\/interamerica.org\/wp-content\/uploads\/2023\/08\/heralds-of-the-morning-part-2-es.jpg","contentUrl":"https:\/\/interamerica.org\/wp-content\/uploads\/2023\/08\/heralds-of-the-morning-part-2-es.jpg","width":1334,"height":750},{"@type":"BreadcrumbList","@id":"https:\/\/interamerica.org\/es\/2023\/08\/heraldos-de-una-nueva-era-2a-parte\/#breadcrumb","itemListElement":[{"@type":"ListItem","position":1,"name":"Home","item":"https:\/\/interamerica.org\/es\/"},{"@type":"ListItem","position":2,"name":"Heraldos de una nueva era &#8211; 2a parte"}]},{"@type":"WebSite","@id":"https:\/\/interamerica.org\/es\/#website","url":"https:\/\/interamerica.org\/es\/","name":"Iglesia Adventista del S\u00e9ptimo D\u00eda - Divisi\u00f3n Interamericana","description":"","potentialAction":[{"@type":"SearchAction","target":{"@type":"EntryPoint","urlTemplate":"https:\/\/interamerica.org\/es\/?s={search_term_string}"},"query-input":{"@type":"PropertyValueSpecification","valueRequired":true,"valueName":"search_term_string"}}],"inLanguage":"es"},{"@type":"Person","@id":"https:\/\/interamerica.org\/es\/#\/schema\/person\/29998f2bc2d8bd0d38662909289b54f1","name":"libna","image":{"@type":"ImageObject","inLanguage":"es","@id":"https:\/\/secure.gravatar.com\/avatar\/7c5bd30ae4b47a9ba3c856590957fd1d96dc588bf3ac05719d247e126840331f?s=96&d=mm&r=g","url":"https:\/\/secure.gravatar.com\/avatar\/7c5bd30ae4b47a9ba3c856590957fd1d96dc588bf3ac05719d247e126840331f?s=96&d=mm&r=g","contentUrl":"https:\/\/secure.gravatar.com\/avatar\/7c5bd30ae4b47a9ba3c856590957fd1d96dc588bf3ac05719d247e126840331f?s=96&d=mm&r=g","caption":"libna"}}]}},"_links":{"self":[{"href":"https:\/\/interamerica.org\/es\/wp-json\/wp\/v2\/posts\/101628","targetHints":{"allow":["GET"]}}],"collection":[{"href":"https:\/\/interamerica.org\/es\/wp-json\/wp\/v2\/posts"}],"about":[{"href":"https:\/\/interamerica.org\/es\/wp-json\/wp\/v2\/types\/post"}],"author":[{"embeddable":true,"href":"https:\/\/interamerica.org\/es\/wp-json\/wp\/v2\/users\/3"}],"replies":[{"embeddable":true,"href":"https:\/\/interamerica.org\/es\/wp-json\/wp\/v2\/comments?post=101628"}],"version-history":[{"count":0,"href":"https:\/\/interamerica.org\/es\/wp-json\/wp\/v2\/posts\/101628\/revisions"}],"wp:featuredmedia":[{"embeddable":true,"href":"https:\/\/interamerica.org\/es\/wp-json\/wp\/v2\/media\/101630"}],"wp:attachment":[{"href":"https:\/\/interamerica.org\/es\/wp-json\/wp\/v2\/media?parent=101628"}],"wp:term":[{"taxonomy":"category","embeddable":true,"href":"https:\/\/interamerica.org\/es\/wp-json\/wp\/v2\/categories?post=101628"},{"taxonomy":"post_tag","embeddable":true,"href":"https:\/\/interamerica.org\/es\/wp-json\/wp\/v2\/tags?post=101628"}],"curies":[{"name":"wp","href":"https:\/\/api.w.org\/{rel}","templated":true}]}}