{"id":101726,"date":"2023-08-08T09:55:55","date_gmt":"2023-08-08T13:55:55","guid":{"rendered":"https:\/\/interamerica.org\/?p=101726"},"modified":"2023-08-08T11:19:33","modified_gmt":"2023-08-08T15:19:33","slug":"estudioso-analiza-como-podemos-aprender-a-vivir-con-nosotros-mismos","status":"publish","type":"post","link":"https:\/\/interamerica.org\/es\/2023\/08\/estudioso-analiza-como-podemos-aprender-a-vivir-con-nosotros-mismos\/","title":{"rendered":"Estudioso analiza c\u00f3mo podemos aprender a \u201cvivir con nosotros mismos\u201d"},"content":{"rendered":"<h4>En conferencia sobre familia, Kenneth Pargament dice que las luchas morales pueden ser una oportunidad.<\/h4>\n<p>9 de agosto de 2023 | Silver Spring, Maryland, Estados Unidos | Marcos Paseggi, Adventist Review<\/p>\n<p>En la Biblia, el rey David escribi\u00f3: \u201cPurif\u00edcame con hisopo y quedar\u00e9 limpio; l\u00e1vame y quedar\u00e9 m\u00e1s blanco que la nieve. An\u00fanciame gozo y alegr\u00eda; infunde gozo en estos huesos que has quebrantado\u201d (Sal. 51:7, 8, NVI). Cuando David escribi\u00f3 estas palabras, estaba experimentando una lucha moral, seg\u00fan Kenneth Pargament, un renombrado erudito sobre el tema de integraci\u00f3n de la espiritualidad y la psicoterapia sobre el tema de las luchas espirituales, en su presentaci\u00f3n plenaria en la Conferencia Adventista sobre Investigaci\u00f3n y Pr\u00e1ctica Familiar 2023. Lo mismo podr\u00eda decirse del ap\u00f3stol Pablo, que escribi\u00f3: \u201cNo entiendo lo que me pasa, pues no hago lo que quiero, sino lo que aborrezco [Rom. 7:15]\u201d, dijo Pargament.<\/p>\n<p>Pargament, profesor de psicolog\u00eda em\u00e9rito de la Universidad Bowling Green State y profesor adjunto del Departamento de Psiquiatr\u00eda Menninger en el Colegio de Medicina Baylor, ofreci\u00f3 una segunda presentaci\u00f3n, en el segundo d\u00eda de la conferencia. La conferencia fue una sociedad entre el departamento de ministerios de familia de la Asociaci\u00f3n General y el Departamento de Discipulado y Educaci\u00f3n del Desarrollo en el Seminario Teol\u00f3gico Adventista de la Universidad Andrews, la Escuela de Trabajo Social, y el Instituto para la Prevenci\u00f3n de Adicciones de la Universidad Andrews. Este a\u00f1o, el evento se enfoc\u00f3 en las familias y la salud emocional bajo el lema \u201cEsperanza, Sanaci\u00f3n y Progreso\u201d.<\/p>\n<p>Willie Oliver, director del Departamento de Ministerios de Familia de la Asociaci\u00f3n General explic\u00f3 que el prop\u00f3sito del evento es ofrecer algunas presentaciones con base cient\u00edfica sobre temas de importancia para la salud mental de la familia. Al mismo tiempo, se invit\u00f3 a los profesionales adventistas a compartir enfoques teol\u00f3gicos y b\u00edblicos relacionados con el tema, expres\u00f3.<\/p>\n<p>Oliver dijo que se sinti\u00f3 feliz de reportar sobre el alcance extensivo de la conferencia. \u201cHubo gente que se registr\u00f3 desde 115 pa\u00edses en cada divisi\u00f3n de [la iglesia mundial]\u201d, dijo. \u201cDe las m\u00e1s de dos mil personas que se registraron, hubo unos setecientos participantes reales durante la conferencia \u2018en vivo\u2019. Los matriculados tambi\u00e9n sab\u00edan que pod\u00edan acceder a las presentaciones \u2014 los plenarios y las sesiones simult\u00e1neas \u2014 en ACFRP.org en cualquier momento despu\u00e9s de la conferencia, por lo que personas de diversos husos horarios pero que no lograron acceder a la conferencia en vivo pueden regresar y experimentar las presentaciones\u201d.<\/p>\n<p><strong>Las ra\u00edces de las luchas morales<\/strong><\/p>\n<p>En su presentaci\u00f3n del 21 de julio, Pargament comenz\u00f3 explicando que las luchas morales constituyen un tipo particular de lucha espiritual. \u201cLas luchas morales son esas tensiones, conflictos, y presiones relacionados con la incongruencia entre los valores o normas morales propios y las acciones propias\u201d, expres\u00f3.<\/p>\n<p>Las luchas morales se desprenden del hecho de que los seres humanos somos \u201cseres morales motivados en diverso grado por un conjunto m\u00e1s elevado de valores y principios que definen lo que realmente significa ser una buena persona\u201d, explic\u00f3 Pargament, \u201cy el hecho de que somos un contenedor de impulsos, apetitos e imperfecciones que requieren atenci\u00f3n. Tanto nuestros yos m\u00e1s elevados como nuestros yos m\u00e1s impulsivos son partes fundamentales de lo que somos. Sin un sentido de un prop\u00f3sito mayor, muchos sentir\u00edan que la vida est\u00e1 vac\u00eda y carece de sentido alguno\u201d.<\/p>\n<p>Al mismo tiempo, dijo, somos seres biol\u00f3gicos, \u201ccon apetitos e impulsos que tienen que ser atendidos si es que esperamos sobrevivir. Las luchas morales se producen cuando surgen las dificultades para regular ya sea uno o ambos de esos aspectos, reconciliando los dos mutuamente\u201d.<\/p>\n<p>Brind\u00f3 un par de ejemplos de luchas morales. \u201cUna esposa, incapaz de reconciliar su continua participaci\u00f3n en una aventura extramarital [\u2026]; los obreros de salud que trataron a pacientes con COVID, que tuvieron que jugar el papel de Dios, decidiendo qui\u00e9n tendr\u00eda acceso a [\u2026] los respiradores que en potencia pod\u00edan salvar vidas\u201d, expres\u00f3.<\/p>\n<p><strong>Prevalencia y consecuencias<\/strong><\/p>\n<p>Las luchas morales son comunes, dijo Pargament, e hizo referencia a un estudio de 2014 que hall\u00f3 que el 57,5 por ciento de los adultos dijo haber experimentado una lucha moral en las \u00faltimas semanas. Entre los veteranos militares, las luchas morales son las m\u00e1s comunes de todas las luchas espirituales, a\u00f1adi\u00f3. Y dos terceras partes de los estudiantes universitarios que ven pornograf\u00eda en l\u00ednea reportan se\u00f1ales de luchas morales.<\/p>\n<p>\u201cLas luchas morales crean interrogantes profundamente problem\u00e1ticos, tales como: \u2018\u00bfSoy una buena persona? \u00bfEstoy viviendo a la altura de lo que me ense\u00f1aron? \u00bfPuedo a\u00fan ser amado? \u00bfPuedo ser perdonado? \u00bfTengo la fortaleza de dominar mis impulsos?\u2019\u201d dijo Pargament. \u201cY las luchas morales est\u00e1n insertadas en problemas psicol\u00f3gicos. Por ejemplo, la ansiedad como temor de fracaso moral; la depresi\u00f3n enmarcada en la verg\u00fcenza y la culpa; las violaciones morales como disparadores del conflicto marital\u201d, entre otros.<\/p>\n<p>En muchos casos, las consecuencias de luchas morales persistentes son la depresi\u00f3n, la ideaci\u00f3n suicida, la ansiedad, el trastorno obsesivo-compulsivo, el alcoholismo y otras adicciones, y el deseo de venganza, revel\u00f3 Pargament.<\/p>\n<p><strong>Beneficios potenciales<\/strong><\/p>\n<p>Las luchas morales, por otro lado, pueden tener algunos beneficios sobre la persona que las experimenta. Estos incluyen la autodisciplina, la prevenci\u00f3n de conductas impulsivas, la reflexi\u00f3n personal, y hasta la transformaci\u00f3n de la vida. \u201cCon ayuda, pueden ofrecer un sendero de beneficios y crecimiento\u201d, dijo Pargament.<\/p>\n<p>A\u00f1adi\u00f3 que, en ocasiones, la falta de luchas morales puede ser un problema, y un profesional de la salud mental a veces necesita disparar la lucha en una persona para ayudarlo a que desee el cambio.<\/p>\n<p>Las ra\u00edces de la lucha moral a menudo son lo que Pargament defini\u00f3 como \u201ccontrol moral excesivo \u2014 ser esclavo de la moralidad \u2014 y el control insuficiente de los impulsos \u2014 ser esclavo de los impulsos\u201d. Los dos pueden alimentar las luchas morales, expres\u00f3.<\/p>\n<p><strong>Para hacer frente a las luchas morales<\/strong><\/p>\n<p>Hay varias maneras en que los profesionales de salud pueden ayudar a los pacientes que luchan con el control moral excesivo. Una de ellas es crear una visi\u00f3n moral sustentable que acepte la fragilidad y las limitaciones humanas. En el libro La espiritualidad de la imperfeccci\u00f3n, de Ernest Kurtz y Katherine Ketcham (1992), los autores sugieren que \u201cla espiritualidad nos ayuda [\u2026] a aceptar la imperfecci\u00f3n que se encuentra en el centro mismo de nuestra humanidad\u201d (p. 2).<\/p>\n<p>Los profesionales de la salud mental tambi\u00e9n pueden ayudar a que sus pacientes enfrenten sus temores de imperfecci\u00f3n, lo que incluye el temor del prop\u00f3sito perdido, la falta de control, y el rechazo de los dem\u00e1s. Por \u00faltimo, aconsej\u00f3 Pargament, es importante remitirse a los recursos redentores, lo que incluye, entre otras cosas, alcanzar evaluaciones m\u00e1s justas sobre la responsabilidad de los errores propios y en reparar los da\u00f1os, arrepentirme, y expiar las culpas.<\/p>\n<p>Pargament cit\u00f3 una vez m\u00e1s a Kurtz y Ketcham, que escribieron: \u201cDios en el cielo sostiene a cada persona con una cuerda. Cuando pecamos, cortamos la cuerda. Entonces Dios la ata nuevamente con un nudo, acerc\u00e1ndonos de esa manera a \u00e9l. Una y otra vez nuestros pecados cortan la cuerda, y con cada nudo adicional, Dios nos sigue acercando m\u00e1s y m\u00e1s\u201d (p. 29).<\/p>\n<p>Contra ese trasfondo, un profesional de la salud mental deber\u00eda, entre otras cosas, crear un contexto de solicitud y esperanza, y ayudar a la persona para que identifique cu\u00e1l es su b\u00fasqueda sagrada aut\u00e9ntica. Esto \u00faltimo incluye hacer preguntas como las siguientes a la persona que enfrenta una lucha moral: \u201c\u00bfPor qu\u00e9 se est\u00e1 usted esforzando en la vida? \u00bfPor qu\u00e9 es importante que est\u00e9 usted aqu\u00ed en este mundo? \u00bfQu\u00e9 legado le gustar\u00eda dejar a usted en la vida?\u201d dijo Pargament.<\/p>\n<p><strong>D\u00f3nde hallar fortaleza y liberaci\u00f3n<\/strong><\/p>\n<p>Hacia el fin de la presentaci\u00f3n de Pargament, varios participantes compartieron sus conclusiones y enfoques personales en la funci\u00f3n de chat que estuvo abierta a cada participante registrado. Entre ellos estuvieron Willie Oliver y su esposa Elaine, que es directora asociada de ministerios de familia de la Asociaci\u00f3n General. \u201cLas luchas morales est\u00e1n encarnadas en la condici\u00f3n humana\u201d, escribi\u00f3 Willie Oliver. \u201cVayamos a Jes\u00fas para hallar fortaleza y liberaci\u00f3n todos los d\u00edas. \u00a1Eso se llama santificaci\u00f3n!\u201d<\/p>\n<p>Elaine Oliver se mostr\u00f3 de acuerdo. \u201cHay poder en el nombre de Jes\u00fas\u201d, escribi\u00f3. \u201cAun en medio de nuestras luchas podemos volvernos a \u00e9l. \u00c9l nos ve y nos escucha\u201d.<\/p>\n<p>Traducci\u00f3n de Marcos Paseggi<\/p>\n","protected":false},"excerpt":{"rendered":"<p>En conferencia sobre familia, Kenneth Pargament dice que las luchas morales pueden ser una oportunidad. 9 de agosto de 2023 | Silver Spring, Maryland, Estados Unidos | Marcos Paseggi, Adventist&#8230;<\/p>\n","protected":false},"author":3,"featured_media":101719,"comment_status":"closed","ping_status":"closed","sticky":false,"template":"","format":"standard","meta":{"_acf_changed":false,"footnotes":""},"categories":[14,15],"tags":[],"class_list":["post-101726","post","type-post","status-publish","format-standard","has-post-thumbnail","hentry","category-de-la-iglesia-mundial","category-rss-espanol"],"acf":[],"yoast_head":"<!-- This site is optimized with the Yoast SEO plugin v27.3 - https:\/\/yoast.com\/product\/yoast-seo-wordpress\/ -->\n<title>Estudioso analiza c\u00f3mo podemos aprender a \u201cvivir con nosotros mismos\u201d - Iglesia Adventista del S\u00e9ptimo D\u00eda - Divisi\u00f3n Interamericana<\/title>\n<meta name=\"robots\" content=\"index, follow, max-snippet:-1, max-image-preview:large, max-video-preview:-1\" \/>\n<link rel=\"canonical\" href=\"https:\/\/interamerica.org\/es\/2023\/08\/estudioso-analiza-como-podemos-aprender-a-vivir-con-nosotros-mismos\/\" \/>\n<meta property=\"og:locale\" content=\"es_ES\" \/>\n<meta property=\"og:type\" content=\"article\" \/>\n<meta property=\"og:title\" content=\"Estudioso analiza c\u00f3mo podemos aprender a \u201cvivir con nosotros mismos\u201d - Iglesia Adventista del S\u00e9ptimo D\u00eda - Divisi\u00f3n Interamericana\" \/>\n<meta property=\"og:description\" content=\"En conferencia sobre familia, Kenneth Pargament dice que las luchas morales pueden ser una oportunidad. 9 de agosto de 2023 | Silver Spring, Maryland, Estados Unidos | Marcos Paseggi, Adventist...\" \/>\n<meta property=\"og:url\" content=\"https:\/\/interamerica.org\/es\/2023\/08\/estudioso-analiza-como-podemos-aprender-a-vivir-con-nosotros-mismos\/\" \/>\n<meta property=\"og:site_name\" content=\"Iglesia Adventista del S\u00e9ptimo D\u00eda - Divisi\u00f3n Interamericana\" \/>\n<meta property=\"article:published_time\" content=\"2023-08-08T13:55:55+00:00\" \/>\n<meta property=\"article:modified_time\" content=\"2023-08-08T15:19:33+00:00\" \/>\n<meta property=\"og:image\" content=\"https:\/\/interamerica.org\/wp-content\/uploads\/2023\/08\/aditya-saxena-mixhvl-wza-unsplash-scaled.jpg\" \/>\n\t<meta property=\"og:image:width\" content=\"2560\" \/>\n\t<meta property=\"og:image:height\" content=\"1544\" \/>\n\t<meta property=\"og:image:type\" content=\"image\/jpeg\" \/>\n<meta name=\"author\" content=\"libna\" \/>\n<meta name=\"twitter:card\" content=\"summary_large_image\" \/>\n<meta name=\"twitter:label1\" content=\"Escrito por\" \/>\n\t<meta name=\"twitter:data1\" content=\"libna\" \/>\n\t<meta name=\"twitter:label2\" content=\"Tiempo de lectura\" \/>\n\t<meta name=\"twitter:data2\" content=\"7 minutos\" \/>\n<script type=\"application\/ld+json\" class=\"yoast-schema-graph\">{\"@context\":\"https:\\\/\\\/schema.org\",\"@graph\":[{\"@type\":\"Article\",\"@id\":\"https:\\\/\\\/interamerica.org\\\/es\\\/2023\\\/08\\\/estudioso-analiza-como-podemos-aprender-a-vivir-con-nosotros-mismos\\\/#article\",\"isPartOf\":{\"@id\":\"https:\\\/\\\/interamerica.org\\\/es\\\/2023\\\/08\\\/estudioso-analiza-como-podemos-aprender-a-vivir-con-nosotros-mismos\\\/\"},\"author\":{\"name\":\"libna\",\"@id\":\"https:\\\/\\\/interamerica.org\\\/es\\\/#\\\/schema\\\/person\\\/29998f2bc2d8bd0d38662909289b54f1\"},\"headline\":\"Estudioso analiza c\u00f3mo podemos aprender a \u201cvivir con nosotros mismos\u201d\",\"datePublished\":\"2023-08-08T13:55:55+00:00\",\"dateModified\":\"2023-08-08T15:19:33+00:00\",\"mainEntityOfPage\":{\"@id\":\"https:\\\/\\\/interamerica.org\\\/es\\\/2023\\\/08\\\/estudioso-analiza-como-podemos-aprender-a-vivir-con-nosotros-mismos\\\/\"},\"wordCount\":1473,\"image\":{\"@id\":\"https:\\\/\\\/interamerica.org\\\/es\\\/2023\\\/08\\\/estudioso-analiza-como-podemos-aprender-a-vivir-con-nosotros-mismos\\\/#primaryimage\"},\"thumbnailUrl\":\"https:\\\/\\\/interamerica.org\\\/wp-content\\\/uploads\\\/2023\\\/08\\\/aditya-saxena-mixhvl-wza-unsplash-scaled.jpg\",\"articleSection\":[\"Desde la iglesia mundial\",\"RSS Espa\u00f1ol\"],\"inLanguage\":\"es\"},{\"@type\":\"WebPage\",\"@id\":\"https:\\\/\\\/interamerica.org\\\/es\\\/2023\\\/08\\\/estudioso-analiza-como-podemos-aprender-a-vivir-con-nosotros-mismos\\\/\",\"url\":\"https:\\\/\\\/interamerica.org\\\/es\\\/2023\\\/08\\\/estudioso-analiza-como-podemos-aprender-a-vivir-con-nosotros-mismos\\\/\",\"name\":\"Estudioso analiza c\u00f3mo podemos aprender a \u201cvivir con nosotros mismos\u201d - Iglesia Adventista del S\u00e9ptimo D\u00eda - Divisi\u00f3n Interamericana\",\"isPartOf\":{\"@id\":\"https:\\\/\\\/interamerica.org\\\/es\\\/#website\"},\"primaryImageOfPage\":{\"@id\":\"https:\\\/\\\/interamerica.org\\\/es\\\/2023\\\/08\\\/estudioso-analiza-como-podemos-aprender-a-vivir-con-nosotros-mismos\\\/#primaryimage\"},\"image\":{\"@id\":\"https:\\\/\\\/interamerica.org\\\/es\\\/2023\\\/08\\\/estudioso-analiza-como-podemos-aprender-a-vivir-con-nosotros-mismos\\\/#primaryimage\"},\"thumbnailUrl\":\"https:\\\/\\\/interamerica.org\\\/wp-content\\\/uploads\\\/2023\\\/08\\\/aditya-saxena-mixhvl-wza-unsplash-scaled.jpg\",\"datePublished\":\"2023-08-08T13:55:55+00:00\",\"dateModified\":\"2023-08-08T15:19:33+00:00\",\"author\":{\"@id\":\"https:\\\/\\\/interamerica.org\\\/es\\\/#\\\/schema\\\/person\\\/29998f2bc2d8bd0d38662909289b54f1\"},\"breadcrumb\":{\"@id\":\"https:\\\/\\\/interamerica.org\\\/es\\\/2023\\\/08\\\/estudioso-analiza-como-podemos-aprender-a-vivir-con-nosotros-mismos\\\/#breadcrumb\"},\"inLanguage\":\"es\",\"potentialAction\":[{\"@type\":\"ReadAction\",\"target\":[\"https:\\\/\\\/interamerica.org\\\/es\\\/2023\\\/08\\\/estudioso-analiza-como-podemos-aprender-a-vivir-con-nosotros-mismos\\\/\"]}]},{\"@type\":\"ImageObject\",\"inLanguage\":\"es\",\"@id\":\"https:\\\/\\\/interamerica.org\\\/es\\\/2023\\\/08\\\/estudioso-analiza-como-podemos-aprender-a-vivir-con-nosotros-mismos\\\/#primaryimage\",\"url\":\"https:\\\/\\\/interamerica.org\\\/wp-content\\\/uploads\\\/2023\\\/08\\\/aditya-saxena-mixhvl-wza-unsplash-scaled.jpg\",\"contentUrl\":\"https:\\\/\\\/interamerica.org\\\/wp-content\\\/uploads\\\/2023\\\/08\\\/aditya-saxena-mixhvl-wza-unsplash-scaled.jpg\",\"width\":2560,\"height\":1544,\"caption\":\"[Photo: Aditya Saxena \\\/ Unsplash]\"},{\"@type\":\"BreadcrumbList\",\"@id\":\"https:\\\/\\\/interamerica.org\\\/es\\\/2023\\\/08\\\/estudioso-analiza-como-podemos-aprender-a-vivir-con-nosotros-mismos\\\/#breadcrumb\",\"itemListElement\":[{\"@type\":\"ListItem\",\"position\":1,\"name\":\"Home\",\"item\":\"https:\\\/\\\/interamerica.org\\\/es\\\/\"},{\"@type\":\"ListItem\",\"position\":2,\"name\":\"Estudioso analiza c\u00f3mo podemos aprender a \u201cvivir con nosotros mismos\u201d\"}]},{\"@type\":\"WebSite\",\"@id\":\"https:\\\/\\\/interamerica.org\\\/es\\\/#website\",\"url\":\"https:\\\/\\\/interamerica.org\\\/es\\\/\",\"name\":\"Iglesia Adventista del S\u00e9ptimo D\u00eda - Divisi\u00f3n Interamericana\",\"description\":\"\",\"potentialAction\":[{\"@type\":\"SearchAction\",\"target\":{\"@type\":\"EntryPoint\",\"urlTemplate\":\"https:\\\/\\\/interamerica.org\\\/es\\\/?s={search_term_string}\"},\"query-input\":{\"@type\":\"PropertyValueSpecification\",\"valueRequired\":true,\"valueName\":\"search_term_string\"}}],\"inLanguage\":\"es\"},{\"@type\":\"Person\",\"@id\":\"https:\\\/\\\/interamerica.org\\\/es\\\/#\\\/schema\\\/person\\\/29998f2bc2d8bd0d38662909289b54f1\",\"name\":\"libna\",\"image\":{\"@type\":\"ImageObject\",\"inLanguage\":\"es\",\"@id\":\"https:\\\/\\\/secure.gravatar.com\\\/avatar\\\/7c5bd30ae4b47a9ba3c856590957fd1d96dc588bf3ac05719d247e126840331f?s=96&d=mm&r=g\",\"url\":\"https:\\\/\\\/secure.gravatar.com\\\/avatar\\\/7c5bd30ae4b47a9ba3c856590957fd1d96dc588bf3ac05719d247e126840331f?s=96&d=mm&r=g\",\"contentUrl\":\"https:\\\/\\\/secure.gravatar.com\\\/avatar\\\/7c5bd30ae4b47a9ba3c856590957fd1d96dc588bf3ac05719d247e126840331f?s=96&d=mm&r=g\",\"caption\":\"libna\"}}]}<\/script>\n<!-- \/ Yoast SEO plugin. -->","yoast_head_json":{"title":"Estudioso analiza c\u00f3mo podemos aprender a \u201cvivir con nosotros mismos\u201d - Iglesia Adventista del S\u00e9ptimo D\u00eda - Divisi\u00f3n Interamericana","robots":{"index":"index","follow":"follow","max-snippet":"max-snippet:-1","max-image-preview":"max-image-preview:large","max-video-preview":"max-video-preview:-1"},"canonical":"https:\/\/interamerica.org\/es\/2023\/08\/estudioso-analiza-como-podemos-aprender-a-vivir-con-nosotros-mismos\/","og_locale":"es_ES","og_type":"article","og_title":"Estudioso analiza c\u00f3mo podemos aprender a \u201cvivir con nosotros mismos\u201d - Iglesia Adventista del S\u00e9ptimo D\u00eda - Divisi\u00f3n Interamericana","og_description":"En conferencia sobre familia, Kenneth Pargament dice que las luchas morales pueden ser una oportunidad. 9 de agosto de 2023 | Silver Spring, Maryland, Estados Unidos | Marcos Paseggi, Adventist...","og_url":"https:\/\/interamerica.org\/es\/2023\/08\/estudioso-analiza-como-podemos-aprender-a-vivir-con-nosotros-mismos\/","og_site_name":"Iglesia Adventista del S\u00e9ptimo D\u00eda - Divisi\u00f3n Interamericana","article_published_time":"2023-08-08T13:55:55+00:00","article_modified_time":"2023-08-08T15:19:33+00:00","og_image":[{"width":2560,"height":1544,"url":"https:\/\/interamerica.org\/wp-content\/uploads\/2023\/08\/aditya-saxena-mixhvl-wza-unsplash-scaled.jpg","type":"image\/jpeg"}],"author":"libna","twitter_card":"summary_large_image","twitter_misc":{"Escrito por":"libna","Tiempo de lectura":"7 minutos"},"schema":{"@context":"https:\/\/schema.org","@graph":[{"@type":"Article","@id":"https:\/\/interamerica.org\/es\/2023\/08\/estudioso-analiza-como-podemos-aprender-a-vivir-con-nosotros-mismos\/#article","isPartOf":{"@id":"https:\/\/interamerica.org\/es\/2023\/08\/estudioso-analiza-como-podemos-aprender-a-vivir-con-nosotros-mismos\/"},"author":{"name":"libna","@id":"https:\/\/interamerica.org\/es\/#\/schema\/person\/29998f2bc2d8bd0d38662909289b54f1"},"headline":"Estudioso analiza c\u00f3mo podemos aprender a \u201cvivir con nosotros mismos\u201d","datePublished":"2023-08-08T13:55:55+00:00","dateModified":"2023-08-08T15:19:33+00:00","mainEntityOfPage":{"@id":"https:\/\/interamerica.org\/es\/2023\/08\/estudioso-analiza-como-podemos-aprender-a-vivir-con-nosotros-mismos\/"},"wordCount":1473,"image":{"@id":"https:\/\/interamerica.org\/es\/2023\/08\/estudioso-analiza-como-podemos-aprender-a-vivir-con-nosotros-mismos\/#primaryimage"},"thumbnailUrl":"https:\/\/interamerica.org\/wp-content\/uploads\/2023\/08\/aditya-saxena-mixhvl-wza-unsplash-scaled.jpg","articleSection":["Desde la iglesia mundial","RSS Espa\u00f1ol"],"inLanguage":"es"},{"@type":"WebPage","@id":"https:\/\/interamerica.org\/es\/2023\/08\/estudioso-analiza-como-podemos-aprender-a-vivir-con-nosotros-mismos\/","url":"https:\/\/interamerica.org\/es\/2023\/08\/estudioso-analiza-como-podemos-aprender-a-vivir-con-nosotros-mismos\/","name":"Estudioso analiza c\u00f3mo podemos aprender a \u201cvivir con nosotros mismos\u201d - Iglesia Adventista del S\u00e9ptimo D\u00eda - Divisi\u00f3n Interamericana","isPartOf":{"@id":"https:\/\/interamerica.org\/es\/#website"},"primaryImageOfPage":{"@id":"https:\/\/interamerica.org\/es\/2023\/08\/estudioso-analiza-como-podemos-aprender-a-vivir-con-nosotros-mismos\/#primaryimage"},"image":{"@id":"https:\/\/interamerica.org\/es\/2023\/08\/estudioso-analiza-como-podemos-aprender-a-vivir-con-nosotros-mismos\/#primaryimage"},"thumbnailUrl":"https:\/\/interamerica.org\/wp-content\/uploads\/2023\/08\/aditya-saxena-mixhvl-wza-unsplash-scaled.jpg","datePublished":"2023-08-08T13:55:55+00:00","dateModified":"2023-08-08T15:19:33+00:00","author":{"@id":"https:\/\/interamerica.org\/es\/#\/schema\/person\/29998f2bc2d8bd0d38662909289b54f1"},"breadcrumb":{"@id":"https:\/\/interamerica.org\/es\/2023\/08\/estudioso-analiza-como-podemos-aprender-a-vivir-con-nosotros-mismos\/#breadcrumb"},"inLanguage":"es","potentialAction":[{"@type":"ReadAction","target":["https:\/\/interamerica.org\/es\/2023\/08\/estudioso-analiza-como-podemos-aprender-a-vivir-con-nosotros-mismos\/"]}]},{"@type":"ImageObject","inLanguage":"es","@id":"https:\/\/interamerica.org\/es\/2023\/08\/estudioso-analiza-como-podemos-aprender-a-vivir-con-nosotros-mismos\/#primaryimage","url":"https:\/\/interamerica.org\/wp-content\/uploads\/2023\/08\/aditya-saxena-mixhvl-wza-unsplash-scaled.jpg","contentUrl":"https:\/\/interamerica.org\/wp-content\/uploads\/2023\/08\/aditya-saxena-mixhvl-wza-unsplash-scaled.jpg","width":2560,"height":1544,"caption":"[Photo: Aditya Saxena \/ Unsplash]"},{"@type":"BreadcrumbList","@id":"https:\/\/interamerica.org\/es\/2023\/08\/estudioso-analiza-como-podemos-aprender-a-vivir-con-nosotros-mismos\/#breadcrumb","itemListElement":[{"@type":"ListItem","position":1,"name":"Home","item":"https:\/\/interamerica.org\/es\/"},{"@type":"ListItem","position":2,"name":"Estudioso analiza c\u00f3mo podemos aprender a \u201cvivir con nosotros mismos\u201d"}]},{"@type":"WebSite","@id":"https:\/\/interamerica.org\/es\/#website","url":"https:\/\/interamerica.org\/es\/","name":"Iglesia Adventista del S\u00e9ptimo D\u00eda - Divisi\u00f3n Interamericana","description":"","potentialAction":[{"@type":"SearchAction","target":{"@type":"EntryPoint","urlTemplate":"https:\/\/interamerica.org\/es\/?s={search_term_string}"},"query-input":{"@type":"PropertyValueSpecification","valueRequired":true,"valueName":"search_term_string"}}],"inLanguage":"es"},{"@type":"Person","@id":"https:\/\/interamerica.org\/es\/#\/schema\/person\/29998f2bc2d8bd0d38662909289b54f1","name":"libna","image":{"@type":"ImageObject","inLanguage":"es","@id":"https:\/\/secure.gravatar.com\/avatar\/7c5bd30ae4b47a9ba3c856590957fd1d96dc588bf3ac05719d247e126840331f?s=96&d=mm&r=g","url":"https:\/\/secure.gravatar.com\/avatar\/7c5bd30ae4b47a9ba3c856590957fd1d96dc588bf3ac05719d247e126840331f?s=96&d=mm&r=g","contentUrl":"https:\/\/secure.gravatar.com\/avatar\/7c5bd30ae4b47a9ba3c856590957fd1d96dc588bf3ac05719d247e126840331f?s=96&d=mm&r=g","caption":"libna"}}]}},"_links":{"self":[{"href":"https:\/\/interamerica.org\/es\/wp-json\/wp\/v2\/posts\/101726","targetHints":{"allow":["GET"]}}],"collection":[{"href":"https:\/\/interamerica.org\/es\/wp-json\/wp\/v2\/posts"}],"about":[{"href":"https:\/\/interamerica.org\/es\/wp-json\/wp\/v2\/types\/post"}],"author":[{"embeddable":true,"href":"https:\/\/interamerica.org\/es\/wp-json\/wp\/v2\/users\/3"}],"replies":[{"embeddable":true,"href":"https:\/\/interamerica.org\/es\/wp-json\/wp\/v2\/comments?post=101726"}],"version-history":[{"count":0,"href":"https:\/\/interamerica.org\/es\/wp-json\/wp\/v2\/posts\/101726\/revisions"}],"wp:featuredmedia":[{"embeddable":true,"href":"https:\/\/interamerica.org\/es\/wp-json\/wp\/v2\/media\/101719"}],"wp:attachment":[{"href":"https:\/\/interamerica.org\/es\/wp-json\/wp\/v2\/media?parent=101726"}],"wp:term":[{"taxonomy":"category","embeddable":true,"href":"https:\/\/interamerica.org\/es\/wp-json\/wp\/v2\/categories?post=101726"},{"taxonomy":"post_tag","embeddable":true,"href":"https:\/\/interamerica.org\/es\/wp-json\/wp\/v2\/tags?post=101726"}],"curies":[{"name":"wp","href":"https:\/\/api.w.org\/{rel}","templated":true}]}}