{"id":101763,"date":"2023-08-07T15:26:16","date_gmt":"2023-08-07T19:26:16","guid":{"rendered":"https:\/\/interamerica.org\/?p=101763"},"modified":"2023-08-08T11:19:11","modified_gmt":"2023-08-08T15:19:11","slug":"campana-procura-despertar-conciencia-acerca-del-abuso-sexual","status":"publish","type":"post","link":"https:\/\/interamerica.org\/es\/2023\/08\/campana-procura-despertar-conciencia-acerca-del-abuso-sexual\/","title":{"rendered":"Campa\u00f1a procura despertar conciencia acerca del abuso sexual"},"content":{"rendered":"<p><strong>Expertos se manifiestan especialmente en contra de incidentes perpetrados por miembros y dirigentes de iglesia.<\/strong><\/p>\n<p>7 de agosto de 2023 | Lake Union Herald y Adventist Review<\/p>\n<p>\u201cEl abuso sexual es siempre nocivo\u201d, explica Ann Hamelen en el material Enditnow 2023; \u201cpero cuando es perpetrado por alguien que dice que sigue a Jes\u00fas, es todav\u00eda m\u00e1s da\u00f1ino. Esto es as\u00ed porque ahora se a\u00f1ade una capa adicional de abuso espiritual. Cuando el abuso es perpetrado por un dirigente cristiano, el da\u00f1o es obviamente todav\u00eda mayor\u201d.<\/p>\n<p>Enditnow es una iniciativa de la Asociaci\u00f3n General de la Iglesia Adventista del S\u00e9ptimo para encarar el problema del abuso. Cada a\u00f1o se env\u00eda material acerca de alg\u00fan aspecto del abuso a las iglesias de todo el mundo y se anima a las iglesias a presentar ese material a sus congregaciones el cuarto s\u00e1bado del mes de agosto. Los dirigentes de Ministerio de la Mujer reciben material que pueden adaptar tanto para un serm\u00f3n, como para un taller de trabajo. Este a\u00f1o, adem\u00e1s de los recursos impresos, se pueden obtener videos tanto del serm\u00f3n como del taller de trabajo. Est\u00e1n dise\u00f1ados para usarse el s\u00e1bado, en el marco de la iglesia local; pero pueden utilizarse tambi\u00e9n en otros horarios y en otros contextos, tales como reuniones de facultad en las escuelas.<\/p>\n<p><div id=\"attachment_101711\" style=\"width: 822px\" class=\"wp-caption aligncenter\"><img fetchpriority=\"high\" decoding=\"async\" aria-describedby=\"caption-attachment-101711\" class=\" wp-image-101709\" src=\"https:\/\/interamerica.org\/wp-content\/uploads\/2023\/08\/enditnw-2023-journal-1024x512.jpeg\" alt=\"\" width=\"812\" height=\"406\" srcset=\"https:\/\/interamerica.org\/wp-content\/uploads\/2023\/08\/enditnw-2023-journal-1024x512.jpeg 1024w, https:\/\/interamerica.org\/wp-content\/uploads\/2023\/08\/enditnw-2023-journal-300x150.jpeg 300w, https:\/\/interamerica.org\/wp-content\/uploads\/2023\/08\/enditnw-2023-journal-768x384.jpeg 768w, https:\/\/interamerica.org\/wp-content\/uploads\/2023\/08\/enditnw-2023-journal.jpeg 1460w\" sizes=\"(max-width: 812px) 100vw, 812px\" \/><p id=\"caption-attachment-101711\" class=\"wp-caption-text\">\u201cEl papel de \u201cSarah\u201d es representado por una actriz profesional (izquierda). [Imagen: Dave Sherwin]. El diario de Sarah (derecha). [Imagen: Cheri Corder]<\/p><\/div>Las coautoras del material son Ann Hamel, una sic\u00f3loga del Equipo de Apoyo de Empleados del Servicio Internacional de la Asociaci\u00f3n General y Cheri Corder, quien ha estado involucrada en Ministerio de la Mujer por m\u00e1s de 35 a\u00f1os. Cheri Corder presenta el serm\u00f3n y Ann Hamel presenta el taller de trabajo.<\/p>\n<p>El serm\u00f3n lleva por t\u00edtulo \u201cLobos Vestidos de Ovejas\u201d: Cuando aquellos que aseguran ser seguidores de Jes\u00fas lastiman a otros\u201d, el que se provee un resumen general del abuso sexual cuando es perpetrado por miembros y especialmente por dirigentes de la iglesia. El material incluye siete ejemplos reales para ayudar a ilustrar los conceptos que se quieren desarrollar y muestra formas en que el abuso puede ocurrir, el impacto del abuso y la forma en que podemos responder al mismo. Hay un mensaje especial al final para aquellas personas que han sido v\u00edctimas.<\/p>\n<p>\u201cDiario de Sarah: Ella pensaba que era amor\u201d, es la parte del taller de trabajo. Basado en un caso de estudio de uno de sus clientes anteriores, la sic\u00f3loga Hamel da a conocer la historia de una jovencita de 14 a\u00f1os que fue seducida a una relaci\u00f3n sexual de larga duraci\u00f3n con el director de su escuela de iglesia. Quince entradas del diario de \u201cSarah\u201d narran la historia de c\u00f3mo puede suceder esto, por qu\u00e9 raz\u00f3n no dijo nada y otras consideraciones. En el video, la sic\u00f3loga Hamel presenta la historia, provee comentario al respecto y proporciona a la audiencia preguntas para consideraci\u00f3n y discusi\u00f3n. La historia se cuenta a trav\u00e9s de una actriz leyendo de las entradas del diario, acompa\u00f1ada de fotos fijas de otra actriz representando los pensamientos y reacciones de Sarah a trav\u00e9s del desarrollo de la historia. Tambi\u00e9n est\u00e1n disponibles pautas para la discusi\u00f3n.<\/p>\n<p>\u201cEs un tema dif\u00edcil; pero es uno que debemos abordar\u201d, dijeron las coautoras Hamel y Corder.<\/p>\n<p>La <a href=\"https:\/\/www.lakeunionherald.org\/archive\/articles\/new-campaign-seeks-to-raise-awareness-of-sexual-abuse\">versi\u00f3n original<\/a> de esta noticia se public\u00f3 en el <a href=\"https:\/\/www.lakeunionherald.org\/\">Lake Union Herald<\/a>.<\/p>\n<p>Traducci\u00f3n \u2013 Gloria A. Castrej\u00f3n<\/p>\n","protected":false},"excerpt":{"rendered":"<p>Expertos se manifiestan especialmente en contra de incidentes perpetrados por miembros y dirigentes de iglesia. 7 de agosto de 2023 | Lake Union Herald y Adventist Review \u201cEl abuso sexual&#8230;<\/p>\n","protected":false},"author":3,"featured_media":101711,"comment_status":"closed","ping_status":"closed","sticky":false,"template":"","format":"standard","meta":{"_acf_changed":false,"footnotes":""},"categories":[14,15],"tags":[],"class_list":["post-101763","post","type-post","status-publish","format-standard","has-post-thumbnail","hentry","category-de-la-iglesia-mundial","category-rss-espanol"],"acf":[],"yoast_head":"<!-- This site is optimized with the Yoast SEO plugin v27.3 - https:\/\/yoast.com\/product\/yoast-seo-wordpress\/ -->\n<title>Campa\u00f1a procura despertar conciencia acerca del abuso sexual - Iglesia Adventista del S\u00e9ptimo D\u00eda - Divisi\u00f3n Interamericana<\/title>\n<meta name=\"robots\" content=\"index, follow, max-snippet:-1, max-image-preview:large, max-video-preview:-1\" \/>\n<link rel=\"canonical\" href=\"https:\/\/interamerica.org\/es\/2023\/08\/campana-procura-despertar-conciencia-acerca-del-abuso-sexual\/\" \/>\n<meta property=\"og:locale\" content=\"es_ES\" \/>\n<meta property=\"og:type\" content=\"article\" \/>\n<meta property=\"og:title\" content=\"Campa\u00f1a procura despertar conciencia acerca del abuso sexual - Iglesia Adventista del S\u00e9ptimo D\u00eda - Divisi\u00f3n Interamericana\" \/>\n<meta property=\"og:description\" content=\"Expertos se manifiestan especialmente en contra de incidentes perpetrados por miembros y dirigentes de iglesia. 7 de agosto de 2023 | Lake Union Herald y Adventist Review \u201cEl abuso sexual...\" \/>\n<meta property=\"og:url\" content=\"https:\/\/interamerica.org\/es\/2023\/08\/campana-procura-despertar-conciencia-acerca-del-abuso-sexual\/\" \/>\n<meta property=\"og:site_name\" content=\"Iglesia Adventista del S\u00e9ptimo D\u00eda - Divisi\u00f3n Interamericana\" \/>\n<meta property=\"article:published_time\" content=\"2023-08-07T19:26:16+00:00\" \/>\n<meta property=\"article:modified_time\" content=\"2023-08-08T15:19:11+00:00\" \/>\n<meta property=\"og:image\" content=\"https:\/\/interamerica.org\/wp-content\/uploads\/2023\/08\/enditnw-2023-journal.jpeg\" \/>\n\t<meta property=\"og:image:width\" content=\"1460\" \/>\n\t<meta property=\"og:image:height\" content=\"730\" \/>\n\t<meta property=\"og:image:type\" content=\"image\/jpeg\" \/>\n<meta name=\"author\" content=\"libna\" \/>\n<meta name=\"twitter:card\" content=\"summary_large_image\" \/>\n<meta name=\"twitter:label1\" content=\"Escrito por\" \/>\n\t<meta name=\"twitter:data1\" content=\"libna\" \/>\n\t<meta name=\"twitter:label2\" content=\"Tiempo de lectura\" \/>\n\t<meta name=\"twitter:data2\" content=\"3 minutos\" \/>\n<script type=\"application\/ld+json\" class=\"yoast-schema-graph\">{\"@context\":\"https:\\\/\\\/schema.org\",\"@graph\":[{\"@type\":\"Article\",\"@id\":\"https:\\\/\\\/interamerica.org\\\/es\\\/2023\\\/08\\\/campana-procura-despertar-conciencia-acerca-del-abuso-sexual\\\/#article\",\"isPartOf\":{\"@id\":\"https:\\\/\\\/interamerica.org\\\/es\\\/2023\\\/08\\\/campana-procura-despertar-conciencia-acerca-del-abuso-sexual\\\/\"},\"author\":{\"name\":\"libna\",\"@id\":\"https:\\\/\\\/interamerica.org\\\/es\\\/#\\\/schema\\\/person\\\/29998f2bc2d8bd0d38662909289b54f1\"},\"headline\":\"Campa\u00f1a procura despertar conciencia acerca del abuso sexual\",\"datePublished\":\"2023-08-07T19:26:16+00:00\",\"dateModified\":\"2023-08-08T15:19:11+00:00\",\"mainEntityOfPage\":{\"@id\":\"https:\\\/\\\/interamerica.org\\\/es\\\/2023\\\/08\\\/campana-procura-despertar-conciencia-acerca-del-abuso-sexual\\\/\"},\"wordCount\":623,\"image\":{\"@id\":\"https:\\\/\\\/interamerica.org\\\/es\\\/2023\\\/08\\\/campana-procura-despertar-conciencia-acerca-del-abuso-sexual\\\/#primaryimage\"},\"thumbnailUrl\":\"https:\\\/\\\/interamerica.org\\\/wp-content\\\/uploads\\\/2023\\\/08\\\/enditnw-2023-journal.jpeg\",\"articleSection\":[\"Desde la iglesia mundial\",\"RSS Espa\u00f1ol\"],\"inLanguage\":\"es\"},{\"@type\":\"WebPage\",\"@id\":\"https:\\\/\\\/interamerica.org\\\/es\\\/2023\\\/08\\\/campana-procura-despertar-conciencia-acerca-del-abuso-sexual\\\/\",\"url\":\"https:\\\/\\\/interamerica.org\\\/es\\\/2023\\\/08\\\/campana-procura-despertar-conciencia-acerca-del-abuso-sexual\\\/\",\"name\":\"Campa\u00f1a procura despertar conciencia acerca del abuso sexual - Iglesia Adventista del S\u00e9ptimo D\u00eda - Divisi\u00f3n Interamericana\",\"isPartOf\":{\"@id\":\"https:\\\/\\\/interamerica.org\\\/es\\\/#website\"},\"primaryImageOfPage\":{\"@id\":\"https:\\\/\\\/interamerica.org\\\/es\\\/2023\\\/08\\\/campana-procura-despertar-conciencia-acerca-del-abuso-sexual\\\/#primaryimage\"},\"image\":{\"@id\":\"https:\\\/\\\/interamerica.org\\\/es\\\/2023\\\/08\\\/campana-procura-despertar-conciencia-acerca-del-abuso-sexual\\\/#primaryimage\"},\"thumbnailUrl\":\"https:\\\/\\\/interamerica.org\\\/wp-content\\\/uploads\\\/2023\\\/08\\\/enditnw-2023-journal.jpeg\",\"datePublished\":\"2023-08-07T19:26:16+00:00\",\"dateModified\":\"2023-08-08T15:19:11+00:00\",\"author\":{\"@id\":\"https:\\\/\\\/interamerica.org\\\/es\\\/#\\\/schema\\\/person\\\/29998f2bc2d8bd0d38662909289b54f1\"},\"breadcrumb\":{\"@id\":\"https:\\\/\\\/interamerica.org\\\/es\\\/2023\\\/08\\\/campana-procura-despertar-conciencia-acerca-del-abuso-sexual\\\/#breadcrumb\"},\"inLanguage\":\"es\",\"potentialAction\":[{\"@type\":\"ReadAction\",\"target\":[\"https:\\\/\\\/interamerica.org\\\/es\\\/2023\\\/08\\\/campana-procura-despertar-conciencia-acerca-del-abuso-sexual\\\/\"]}]},{\"@type\":\"ImageObject\",\"inLanguage\":\"es\",\"@id\":\"https:\\\/\\\/interamerica.org\\\/es\\\/2023\\\/08\\\/campana-procura-despertar-conciencia-acerca-del-abuso-sexual\\\/#primaryimage\",\"url\":\"https:\\\/\\\/interamerica.org\\\/wp-content\\\/uploads\\\/2023\\\/08\\\/enditnw-2023-journal.jpeg\",\"contentUrl\":\"https:\\\/\\\/interamerica.org\\\/wp-content\\\/uploads\\\/2023\\\/08\\\/enditnw-2023-journal.jpeg\",\"width\":1460,\"height\":730,\"caption\":\"\u201cSarah\u201d is portrayed by a professional actress (left). [Photo: Dave Sherwin]. Sarah\u2019s diary (right). [Photo: Cheri Corder]\"},{\"@type\":\"BreadcrumbList\",\"@id\":\"https:\\\/\\\/interamerica.org\\\/es\\\/2023\\\/08\\\/campana-procura-despertar-conciencia-acerca-del-abuso-sexual\\\/#breadcrumb\",\"itemListElement\":[{\"@type\":\"ListItem\",\"position\":1,\"name\":\"Home\",\"item\":\"https:\\\/\\\/interamerica.org\\\/es\\\/\"},{\"@type\":\"ListItem\",\"position\":2,\"name\":\"Campa\u00f1a procura despertar conciencia acerca del abuso sexual\"}]},{\"@type\":\"WebSite\",\"@id\":\"https:\\\/\\\/interamerica.org\\\/es\\\/#website\",\"url\":\"https:\\\/\\\/interamerica.org\\\/es\\\/\",\"name\":\"Iglesia Adventista del S\u00e9ptimo D\u00eda - Divisi\u00f3n Interamericana\",\"description\":\"\",\"potentialAction\":[{\"@type\":\"SearchAction\",\"target\":{\"@type\":\"EntryPoint\",\"urlTemplate\":\"https:\\\/\\\/interamerica.org\\\/es\\\/?s={search_term_string}\"},\"query-input\":{\"@type\":\"PropertyValueSpecification\",\"valueRequired\":true,\"valueName\":\"search_term_string\"}}],\"inLanguage\":\"es\"},{\"@type\":\"Person\",\"@id\":\"https:\\\/\\\/interamerica.org\\\/es\\\/#\\\/schema\\\/person\\\/29998f2bc2d8bd0d38662909289b54f1\",\"name\":\"libna\",\"image\":{\"@type\":\"ImageObject\",\"inLanguage\":\"es\",\"@id\":\"https:\\\/\\\/secure.gravatar.com\\\/avatar\\\/7c5bd30ae4b47a9ba3c856590957fd1d96dc588bf3ac05719d247e126840331f?s=96&d=mm&r=g\",\"url\":\"https:\\\/\\\/secure.gravatar.com\\\/avatar\\\/7c5bd30ae4b47a9ba3c856590957fd1d96dc588bf3ac05719d247e126840331f?s=96&d=mm&r=g\",\"contentUrl\":\"https:\\\/\\\/secure.gravatar.com\\\/avatar\\\/7c5bd30ae4b47a9ba3c856590957fd1d96dc588bf3ac05719d247e126840331f?s=96&d=mm&r=g\",\"caption\":\"libna\"}}]}<\/script>\n<!-- \/ Yoast SEO plugin. -->","yoast_head_json":{"title":"Campa\u00f1a procura despertar conciencia acerca del abuso sexual - Iglesia Adventista del S\u00e9ptimo D\u00eda - Divisi\u00f3n Interamericana","robots":{"index":"index","follow":"follow","max-snippet":"max-snippet:-1","max-image-preview":"max-image-preview:large","max-video-preview":"max-video-preview:-1"},"canonical":"https:\/\/interamerica.org\/es\/2023\/08\/campana-procura-despertar-conciencia-acerca-del-abuso-sexual\/","og_locale":"es_ES","og_type":"article","og_title":"Campa\u00f1a procura despertar conciencia acerca del abuso sexual - Iglesia Adventista del S\u00e9ptimo D\u00eda - Divisi\u00f3n Interamericana","og_description":"Expertos se manifiestan especialmente en contra de incidentes perpetrados por miembros y dirigentes de iglesia. 7 de agosto de 2023 | Lake Union Herald y Adventist Review \u201cEl abuso sexual...","og_url":"https:\/\/interamerica.org\/es\/2023\/08\/campana-procura-despertar-conciencia-acerca-del-abuso-sexual\/","og_site_name":"Iglesia Adventista del S\u00e9ptimo D\u00eda - Divisi\u00f3n Interamericana","article_published_time":"2023-08-07T19:26:16+00:00","article_modified_time":"2023-08-08T15:19:11+00:00","og_image":[{"width":1460,"height":730,"url":"https:\/\/interamerica.org\/wp-content\/uploads\/2023\/08\/enditnw-2023-journal.jpeg","type":"image\/jpeg"}],"author":"libna","twitter_card":"summary_large_image","twitter_misc":{"Escrito por":"libna","Tiempo de lectura":"3 minutos"},"schema":{"@context":"https:\/\/schema.org","@graph":[{"@type":"Article","@id":"https:\/\/interamerica.org\/es\/2023\/08\/campana-procura-despertar-conciencia-acerca-del-abuso-sexual\/#article","isPartOf":{"@id":"https:\/\/interamerica.org\/es\/2023\/08\/campana-procura-despertar-conciencia-acerca-del-abuso-sexual\/"},"author":{"name":"libna","@id":"https:\/\/interamerica.org\/es\/#\/schema\/person\/29998f2bc2d8bd0d38662909289b54f1"},"headline":"Campa\u00f1a procura despertar conciencia acerca del abuso sexual","datePublished":"2023-08-07T19:26:16+00:00","dateModified":"2023-08-08T15:19:11+00:00","mainEntityOfPage":{"@id":"https:\/\/interamerica.org\/es\/2023\/08\/campana-procura-despertar-conciencia-acerca-del-abuso-sexual\/"},"wordCount":623,"image":{"@id":"https:\/\/interamerica.org\/es\/2023\/08\/campana-procura-despertar-conciencia-acerca-del-abuso-sexual\/#primaryimage"},"thumbnailUrl":"https:\/\/interamerica.org\/wp-content\/uploads\/2023\/08\/enditnw-2023-journal.jpeg","articleSection":["Desde la iglesia mundial","RSS Espa\u00f1ol"],"inLanguage":"es"},{"@type":"WebPage","@id":"https:\/\/interamerica.org\/es\/2023\/08\/campana-procura-despertar-conciencia-acerca-del-abuso-sexual\/","url":"https:\/\/interamerica.org\/es\/2023\/08\/campana-procura-despertar-conciencia-acerca-del-abuso-sexual\/","name":"Campa\u00f1a procura despertar conciencia acerca del abuso sexual - Iglesia Adventista del S\u00e9ptimo D\u00eda - Divisi\u00f3n Interamericana","isPartOf":{"@id":"https:\/\/interamerica.org\/es\/#website"},"primaryImageOfPage":{"@id":"https:\/\/interamerica.org\/es\/2023\/08\/campana-procura-despertar-conciencia-acerca-del-abuso-sexual\/#primaryimage"},"image":{"@id":"https:\/\/interamerica.org\/es\/2023\/08\/campana-procura-despertar-conciencia-acerca-del-abuso-sexual\/#primaryimage"},"thumbnailUrl":"https:\/\/interamerica.org\/wp-content\/uploads\/2023\/08\/enditnw-2023-journal.jpeg","datePublished":"2023-08-07T19:26:16+00:00","dateModified":"2023-08-08T15:19:11+00:00","author":{"@id":"https:\/\/interamerica.org\/es\/#\/schema\/person\/29998f2bc2d8bd0d38662909289b54f1"},"breadcrumb":{"@id":"https:\/\/interamerica.org\/es\/2023\/08\/campana-procura-despertar-conciencia-acerca-del-abuso-sexual\/#breadcrumb"},"inLanguage":"es","potentialAction":[{"@type":"ReadAction","target":["https:\/\/interamerica.org\/es\/2023\/08\/campana-procura-despertar-conciencia-acerca-del-abuso-sexual\/"]}]},{"@type":"ImageObject","inLanguage":"es","@id":"https:\/\/interamerica.org\/es\/2023\/08\/campana-procura-despertar-conciencia-acerca-del-abuso-sexual\/#primaryimage","url":"https:\/\/interamerica.org\/wp-content\/uploads\/2023\/08\/enditnw-2023-journal.jpeg","contentUrl":"https:\/\/interamerica.org\/wp-content\/uploads\/2023\/08\/enditnw-2023-journal.jpeg","width":1460,"height":730,"caption":"\u201cSarah\u201d is portrayed by a professional actress (left). [Photo: Dave Sherwin]. Sarah\u2019s diary (right). [Photo: Cheri Corder]"},{"@type":"BreadcrumbList","@id":"https:\/\/interamerica.org\/es\/2023\/08\/campana-procura-despertar-conciencia-acerca-del-abuso-sexual\/#breadcrumb","itemListElement":[{"@type":"ListItem","position":1,"name":"Home","item":"https:\/\/interamerica.org\/es\/"},{"@type":"ListItem","position":2,"name":"Campa\u00f1a procura despertar conciencia acerca del abuso sexual"}]},{"@type":"WebSite","@id":"https:\/\/interamerica.org\/es\/#website","url":"https:\/\/interamerica.org\/es\/","name":"Iglesia Adventista del S\u00e9ptimo D\u00eda - Divisi\u00f3n Interamericana","description":"","potentialAction":[{"@type":"SearchAction","target":{"@type":"EntryPoint","urlTemplate":"https:\/\/interamerica.org\/es\/?s={search_term_string}"},"query-input":{"@type":"PropertyValueSpecification","valueRequired":true,"valueName":"search_term_string"}}],"inLanguage":"es"},{"@type":"Person","@id":"https:\/\/interamerica.org\/es\/#\/schema\/person\/29998f2bc2d8bd0d38662909289b54f1","name":"libna","image":{"@type":"ImageObject","inLanguage":"es","@id":"https:\/\/secure.gravatar.com\/avatar\/7c5bd30ae4b47a9ba3c856590957fd1d96dc588bf3ac05719d247e126840331f?s=96&d=mm&r=g","url":"https:\/\/secure.gravatar.com\/avatar\/7c5bd30ae4b47a9ba3c856590957fd1d96dc588bf3ac05719d247e126840331f?s=96&d=mm&r=g","contentUrl":"https:\/\/secure.gravatar.com\/avatar\/7c5bd30ae4b47a9ba3c856590957fd1d96dc588bf3ac05719d247e126840331f?s=96&d=mm&r=g","caption":"libna"}}]}},"_links":{"self":[{"href":"https:\/\/interamerica.org\/es\/wp-json\/wp\/v2\/posts\/101763","targetHints":{"allow":["GET"]}}],"collection":[{"href":"https:\/\/interamerica.org\/es\/wp-json\/wp\/v2\/posts"}],"about":[{"href":"https:\/\/interamerica.org\/es\/wp-json\/wp\/v2\/types\/post"}],"author":[{"embeddable":true,"href":"https:\/\/interamerica.org\/es\/wp-json\/wp\/v2\/users\/3"}],"replies":[{"embeddable":true,"href":"https:\/\/interamerica.org\/es\/wp-json\/wp\/v2\/comments?post=101763"}],"version-history":[{"count":0,"href":"https:\/\/interamerica.org\/es\/wp-json\/wp\/v2\/posts\/101763\/revisions"}],"wp:featuredmedia":[{"embeddable":true,"href":"https:\/\/interamerica.org\/es\/wp-json\/wp\/v2\/media\/101711"}],"wp:attachment":[{"href":"https:\/\/interamerica.org\/es\/wp-json\/wp\/v2\/media?parent=101763"}],"wp:term":[{"taxonomy":"category","embeddable":true,"href":"https:\/\/interamerica.org\/es\/wp-json\/wp\/v2\/categories?post=101763"},{"taxonomy":"post_tag","embeddable":true,"href":"https:\/\/interamerica.org\/es\/wp-json\/wp\/v2\/tags?post=101763"}],"curies":[{"name":"wp","href":"https:\/\/api.w.org\/{rel}","templated":true}]}}