{"id":101786,"date":"2023-08-09T08:32:48","date_gmt":"2023-08-09T12:32:48","guid":{"rendered":"https:\/\/interamerica.org\/?p=101786"},"modified":"2023-08-10T10:44:57","modified_gmt":"2023-08-10T14:44:57","slug":"la-medicina-de-estilo-de-vida-puede-abrir-puertas-al-evangelismo-de-la-salud-afirma-lider-adventista","status":"publish","type":"post","link":"https:\/\/interamerica.org\/es\/2023\/08\/la-medicina-de-estilo-de-vida-puede-abrir-puertas-al-evangelismo-de-la-salud-afirma-lider-adventista\/","title":{"rendered":"La medicina de estilo de vida puede abrir puertas al evangelismo de la salud, afirma l\u00edder adventista"},"content":{"rendered":"<p><div id=\"attachment_101776\" style=\"width: 869px\" class=\"wp-caption aligncenter\"><img fetchpriority=\"high\" decoding=\"async\" aria-describedby=\"caption-attachment-101776\" class=\" wp-image-101774\" src=\"https:\/\/interamerica.org\/wp-content\/uploads\/2023\/08\/zeno-charles-marcel-health-symposium-audience-1280-1024x640.jpg\" alt=\"\" width=\"859\" height=\"537\" srcset=\"https:\/\/interamerica.org\/wp-content\/uploads\/2023\/08\/zeno-charles-marcel-health-symposium-audience-1280-1024x640.jpg 1024w, https:\/\/interamerica.org\/wp-content\/uploads\/2023\/08\/zeno-charles-marcel-health-symposium-audience-1280-300x188.jpg 300w, https:\/\/interamerica.org\/wp-content\/uploads\/2023\/08\/zeno-charles-marcel-health-symposium-audience-1280-768x480.jpg 768w, https:\/\/interamerica.org\/wp-content\/uploads\/2023\/08\/zeno-charles-marcel-health-symposium-audience-1280.jpg 1280w\" sizes=\"(max-width: 859px) 100vw, 859px\" \/><p id=\"caption-attachment-101776\" class=\"wp-caption-text\">Zeno Charles-Marcel, director asociado de ministerios de salud de la Asociaci\u00f3n General, habla a los administradores de hospitales y directores de ministerios de salud de todo el territorio, durante el Simposio de Salud de la Divisi\u00f3n Interamericana el pasado 29 de julio de 2023. [Fotograf\u00eda: Libna Stevens\/DIA]<\/p><\/div>9 de agosto de 2023 | Miami, Florida, Estados Unidos | Marcos Paseggi, para Noticias de la Divisi\u00f3n Interamericana<\/p>\n<p>\u201cNo subestimen lo que Dios ha ordenado como medio para alcanzar a las personas\u201d, dijo Zeno Charles-Marcel, director asociado de ministerios de salud de la Asociaci\u00f3n General, al dirigirse a l\u00edderes y partidarios adventistas de la salud en el Simposio de Salud de la Divisi\u00f3n Interamericana en Miami, Florida, Estados Unidos, el 29 de julio de 2023. La presentaci\u00f3n de Charles-Marcel analiz\u00f3 lo que los l\u00edderes adventistas de salud est\u00e1n denominando \u201cel sanatorio del siglo XXI\u201d, esos centros de servicios de estilo de vida en los que los profesionales de salud pueden compartir con otros algo del conocimiento que la Iglesia Adventista del S\u00e9ptimo D\u00eda ha conocido durante ya m\u00e1s de un siglo.<\/p>\n<p><strong>Compartir las instrucciones de Dios<\/strong><\/p>\n<p>\u201cContamos con un conjunto espec\u00edfico de instrucciones\u201d, dijo. \u201cTenemos la promesa de que si seguimos esas cosas, podremos prevenir mucho sufrimiento, reducir el riesgo de muerte prematura y el riesgo de muchas de las enfermedades que agobian actualmente a la humanidad\u201d.<\/p>\n<p>Charles-Marcel explic\u00f3 que en todo lo que hacemos, estamos anunciando un nuevo mundo en el que todas las cosas viejas dejar\u00e1n de ser. Solo entonces todo volver\u00e1 a ser perfecto. \u201cPero mientras estamos aqu\u00ed, tenemos una obra que hacer, porque nuestra obra a\u00fan no est\u00e1 terminada\u201d, dijo, y a\u00f1adi\u00f3: \u201cDios nos ha dado las llaves del cofre que puede reducir el dolor y el sufrimiento que tienen muchos, y al hacerlo, estimular [sus] inquietudes espirituales.<\/p>\n<p>Seg\u00fan Charles-Marcel, solo un Dios misericordioso puede darnos las herramientas que podemos usar para reducir el sufrimiento. \u201cY tenemos la esperanza de que podremos cumplir, por la gracia de Dios, lo que \u00e9l nos ha pedido que hagamos\u201d.<\/p>\n<p><strong>La medicina de estilo de vida y el mensaje de salud<\/strong><\/p>\n<p>Al mismo tiempo, se\u00f1al\u00f3, la medicina de estilo de vida no es el mensaje de salud en s\u00ed mismo. Es tan solo una modalidad de tratamiento, una modalidad de prevenci\u00f3n, una modalidad para intervenir e interrumpir el curso de la enfermedad. \u201cNo es el mensaje de salud, pero es parte del mensaje de salud\u201d, enfatiz\u00f3 Charles-Marcel.<\/p>\n<p>Por s\u00ed solo, la medicina de estilo de vida no tiene el mismo objetivo explic\u00f3. \u201cEl objetivo del mensaje de salud es el alma, cada aspecto de la persona\u201d, dijo. \u201cDeber\u00eda funcionar con todo complete, con todo en funcionamiento tal como Dios procur\u00f3 que funcionara. Ese es el objetivo que tenemos\u201d.<\/p>\n<p><div id=\"attachment_101783\" style=\"width: 842px\" class=\"wp-caption aligncenter\"><img decoding=\"async\" aria-describedby=\"caption-attachment-101783\" class=\" wp-image-101781\" src=\"https:\/\/interamerica.org\/wp-content\/uploads\/2023\/08\/zeno-charles-marcel-healthsymposium.jpg\" alt=\"\" width=\"832\" height=\"555\" srcset=\"https:\/\/interamerica.org\/wp-content\/uploads\/2023\/08\/zeno-charles-marcel-healthsymposium.jpg 1000w, https:\/\/interamerica.org\/wp-content\/uploads\/2023\/08\/zeno-charles-marcel-healthsymposium-300x200.jpg 300w, https:\/\/interamerica.org\/wp-content\/uploads\/2023\/08\/zeno-charles-marcel-healthsymposium-768x512.jpg 768w\" sizes=\"(max-width: 832px) 100vw, 832px\" \/><p id=\"caption-attachment-101783\" class=\"wp-caption-text\">\u201cSe nos han dado las llaves de maneras de autosost\u00e9n, provistas por Dios para ayudar a las personas, y ellas nos buscar\u00e1n, y est\u00e1n dispuestas a pagar por ello\u201d, dijo Zeno Charles-Marcel, director asociado de ministerios de salud de la Asociaci\u00f3n General. [Fotograf\u00eda: Libna Stevens\/DIA]<\/p><\/div><strong>El papel de la medicina de estilo de vida<\/strong><\/p>\n<p>El \u00e9nfasis en el bienestar es algo que se ha puesto de moda en todo el mundo, inform\u00f3 Charles-Marcel. Organizaciones sin conexi\u00f3n alguna con la Iglesia Adventista est\u00e1n capitalizando ese enfoque. Comparti\u00f3 datos impresionantes sobre el dinero que las personas invierten cada a\u00f1o para sentirse mejor. Incluyen los spas m\u00e9dicos (68-70 mil millones de d\u00f3lares), bienestar mental (131 mil millones), prevenci\u00f3n y atenci\u00f3n m\u00e9dica personalizada (375 mil millones), y salud tradicional y complementaria (413 mil millones). Tambi\u00e9n, en alternativas de bienestar tales como el zen, la meditaci\u00f3n, el yoga, y otros (436 mil millones) y en personas dispuestas a aprender sobre vida sana y nutrici\u00f3n (946 mil millones).<\/p>\n<p>Muchas escuelas de cocina adventistas, sin embargo, ahora est\u00e1n cerradas, reconoci\u00f3 Charles-Marcel, porque \u201cpensamos que nadie est\u00e1 interesado, pero no es as\u00ed\u201d, expres\u00f3.<\/p>\n<p>\u201cSe nos han dado las llaves de maneras de autosost\u00e9n, provistas por Dios para ayudar a las personas, y ellas nos buscar\u00e1n, y est\u00e1n dispuestas a pagar por ello\u201d, dijo Charles-Marcel. Por supuesto, a\u00f1adi\u00f3, \u201cno estamos en esto tan solo porque hay dinero en ello. Por el contrario, ministrar a las personas es nuestro prop\u00f3sito; el objetivo es el alma, y ellos est\u00e1n dispuestos a pagarnos para que le es ayudemos en ese sentido\u201d.<\/p>\n<p><strong>M\u00e1s all\u00e1 de la sala de emergencias<\/strong><\/p>\n<p>En la segunda parte de su presentaci\u00f3n, Charles-Marcel comparti\u00f3 un par de ejemplos emocionantes sobre c\u00f3mo el compartir el mensaje de salud ha transformado incontables vidas.<\/p>\n<p>En el primero cont\u00f3 de Brenda, una mujer diab\u00e9tica que estaba muy mal despu\u00e9s de que su m\u00e9dico le dijo que ya no pod\u00eda hacer nada por ella. Un d\u00eda, Brenda vio un aviso que finalmente la llev\u00f3 a un m\u00e9dico y una cl\u00ednica adventistas. La implementaci\u00f3n de los principios b\u00edblicos de la salud adventista no solo cambi\u00f3 por completo su vida, sino que transform\u00f3 a su familia. Con el tiempo, ella y varios integrantes de su familia llegaron a ser adventistas.<\/p>\n<p>\u201cBrenda es un ejemplo de lo que sucede cuando pasamos tiempo con la familia, que es una de las cosas que los centros de bienestar, y los centros de estilo de vida y los spas de salud pueden darse el lujo de hacer, pero que no es posible hacer en una sala de emergencias\u201d.<\/p>\n<p>Aunque el objetivo siempre es el alma, es incorrecto evaluar el centro de bienestar por el n\u00famero de conversos, enfatiz\u00f3 Charles-Marcel. \u201cEstamos sembrando semillas; estamos despertando las inquietudes de la persona; estamos reformando pr\u00e1cticas de salud, y estamos reformando la pr\u00e1ctica de la medicina cuando utilizamos estos enfoques; estamos educando, no solo a los pacientes sino tambi\u00e9n a los m\u00e9dicos\u201d.<\/p>\n<p><strong>De una causa perdida a defensora de salud<\/strong><\/p>\n<p>Charles-Marcel tambi\u00e9n cont\u00f3 la historia de Mar\u00eda, una mujer extremadamente obesa con insuficiencia card\u00edaca, diabetes, elevada presi\u00f3n arterial, e inmensas piernas llena de fluido, entre otras afecciones. Su endocrin\u00f3logo, un profesor de Harvard que atend\u00eda un consultorio privado, le dijo que no hab\u00eda nada m\u00e1s que pod\u00eda hacer por ella.<\/p>\n<p>Para tratar de salvarla, su familia le regal\u00f3 un programa en un centro adventista de salud donde Charles-Marcel prestaba servicios. \u201cOramos, e hicimos lo que era necesario hacer\u201d, cont\u00f3. \u201cNo solo con m\u00e9dicos, pero los terapeutas y aun los cocineros trabajaron para ayudar a Mar\u00eda, y los \u00e1ngeles trabajaron junto a nosotros\u201d.<\/p>\n<p>Charles-Marcel dijo que la mujer hizo maravillosos progresos. El personal del centro de salud la invit\u00f3 incluso a sus hogares, y ella disfrut\u00f3 de pasar tiempo con las familias adventistas. \u201cCuando termin\u00f3, regres\u00f3 a su hogar como una nueva persona. Perdi\u00f3 50 libras [22,7 kilogramos] y la familia tuvo que llevarle ropas nuevas porque las viejas se le ca\u00edan.<\/p>\n<p>La siguiente vez que visit\u00f3 al renombrado endocrin\u00f3logo, el m\u00e9dico qued\u00f3 at\u00f3nito. Como ten\u00eda pacientes con afecciones similares a las de Mar\u00eda, el m\u00e9dico la invit\u00f3 para que fuera voluntaria y les hablara a los pacientes en su oficina. \u201cCuando pod\u00eda un turno para esos pacientes, tambi\u00e9n la inclu\u00eda a Mar\u00eda, y hac\u00eda que Mar\u00eda les ense\u00f1ara lo que ella hab\u00eda aprendido. Ahora ella lleg\u00f3 a ser voluntaria, y ayuda a otras personas que est\u00e1n en la misma situaci\u00f3n en la que estuvo ella\u201d, cont\u00f3 Charles-Marcel.<\/p>\n<p>\u201cDios nos ha dado este mensaje que tenemos que compartir con el mundo\u201d, dijo. \u201cSi amamos a las personas, \u00bfc\u00f3mo podemos guardarnos esto para nosotros? Nuestros sanatorios y centros de salud son una de las mejores maneras de encontrarnos con las personas y pasar tiempo con ellas. Mi oraci\u00f3n es que en esta conferencia, ustedes puedan recibir nuevas herramientas y la chispa del evangelismo de salud\u201d.<\/p>\n<p>Traducci\u00f3n de Marcos Paseggi<\/p>\n","protected":false},"excerpt":{"rendered":"<p>9 de agosto de 2023 | Miami, Florida, Estados Unidos | Marcos Paseggi, para Noticias de la Divisi\u00f3n Interamericana \u201cNo subestimen lo que Dios ha ordenado como medio para alcanzar&#8230;<\/p>\n","protected":false},"author":3,"featured_media":101779,"comment_status":"closed","ping_status":"closed","sticky":false,"template":"","format":"standard","meta":{"_acf_changed":false,"footnotes":""},"categories":[16,15],"tags":[],"class_list":["post-101786","post","type-post","status-publish","format-standard","has-post-thumbnail","hentry","category-desde-la-sede","category-rss-espanol"],"acf":[],"yoast_head":"<!-- This site is optimized with the Yoast SEO plugin v27.3 - https:\/\/yoast.com\/product\/yoast-seo-wordpress\/ -->\n<title>La medicina de estilo de vida puede abrir puertas al evangelismo de la salud, afirma l\u00edder adventista - Iglesia Adventista del S\u00e9ptimo D\u00eda - Divisi\u00f3n Interamericana<\/title>\n<meta name=\"robots\" content=\"index, follow, max-snippet:-1, max-image-preview:large, max-video-preview:-1\" \/>\n<link rel=\"canonical\" href=\"https:\/\/interamerica.org\/es\/2023\/08\/la-medicina-de-estilo-de-vida-puede-abrir-puertas-al-evangelismo-de-la-salud-afirma-lider-adventista\/\" \/>\n<meta property=\"og:locale\" content=\"es_ES\" \/>\n<meta property=\"og:type\" content=\"article\" \/>\n<meta property=\"og:title\" content=\"La medicina de estilo de vida puede abrir puertas al evangelismo de la salud, afirma l\u00edder adventista - Iglesia Adventista del S\u00e9ptimo D\u00eda - Divisi\u00f3n Interamericana\" \/>\n<meta property=\"og:description\" content=\"9 de agosto de 2023 | Miami, Florida, Estados Unidos | Marcos Paseggi, para Noticias de la Divisi\u00f3n Interamericana \u201cNo subestimen lo que Dios ha ordenado como medio para alcanzar...\" \/>\n<meta property=\"og:url\" content=\"https:\/\/interamerica.org\/es\/2023\/08\/la-medicina-de-estilo-de-vida-puede-abrir-puertas-al-evangelismo-de-la-salud-afirma-lider-adventista\/\" \/>\n<meta property=\"og:site_name\" content=\"Iglesia Adventista del S\u00e9ptimo D\u00eda - Divisi\u00f3n Interamericana\" \/>\n<meta property=\"article:published_time\" content=\"2023-08-09T12:32:48+00:00\" \/>\n<meta property=\"article:modified_time\" content=\"2023-08-10T14:44:57+00:00\" \/>\n<meta property=\"og:image\" content=\"https:\/\/interamerica.org\/wp-content\/uploads\/2023\/08\/zeno-charles-marcel-health-symposium-audience.jpg\" \/>\n\t<meta property=\"og:image:width\" content=\"1000\" \/>\n\t<meta property=\"og:image:height\" content=\"667\" \/>\n\t<meta property=\"og:image:type\" content=\"image\/jpeg\" \/>\n<meta name=\"author\" content=\"libna\" \/>\n<meta name=\"twitter:card\" content=\"summary_large_image\" \/>\n<meta name=\"twitter:label1\" content=\"Escrito por\" \/>\n\t<meta name=\"twitter:data1\" content=\"libna\" \/>\n\t<meta name=\"twitter:label2\" content=\"Tiempo de lectura\" \/>\n\t<meta name=\"twitter:data2\" content=\"7 minutos\" \/>\n<script type=\"application\/ld+json\" class=\"yoast-schema-graph\">{\"@context\":\"https:\\\/\\\/schema.org\",\"@graph\":[{\"@type\":\"Article\",\"@id\":\"https:\\\/\\\/interamerica.org\\\/es\\\/2023\\\/08\\\/la-medicina-de-estilo-de-vida-puede-abrir-puertas-al-evangelismo-de-la-salud-afirma-lider-adventista\\\/#article\",\"isPartOf\":{\"@id\":\"https:\\\/\\\/interamerica.org\\\/es\\\/2023\\\/08\\\/la-medicina-de-estilo-de-vida-puede-abrir-puertas-al-evangelismo-de-la-salud-afirma-lider-adventista\\\/\"},\"author\":{\"name\":\"libna\",\"@id\":\"https:\\\/\\\/interamerica.org\\\/es\\\/#\\\/schema\\\/person\\\/29998f2bc2d8bd0d38662909289b54f1\"},\"headline\":\"La medicina de estilo de vida puede abrir puertas al evangelismo de la salud, afirma l\u00edder adventista\",\"datePublished\":\"2023-08-09T12:32:48+00:00\",\"dateModified\":\"2023-08-10T14:44:57+00:00\",\"mainEntityOfPage\":{\"@id\":\"https:\\\/\\\/interamerica.org\\\/es\\\/2023\\\/08\\\/la-medicina-de-estilo-de-vida-puede-abrir-puertas-al-evangelismo-de-la-salud-afirma-lider-adventista\\\/\"},\"wordCount\":1380,\"image\":{\"@id\":\"https:\\\/\\\/interamerica.org\\\/es\\\/2023\\\/08\\\/la-medicina-de-estilo-de-vida-puede-abrir-puertas-al-evangelismo-de-la-salud-afirma-lider-adventista\\\/#primaryimage\"},\"thumbnailUrl\":\"https:\\\/\\\/interamerica.org\\\/wp-content\\\/uploads\\\/2023\\\/08\\\/zeno-charles-marcel-health-symposium-audience.jpg\",\"articleSection\":[\"Desde la sede\",\"RSS Espa\u00f1ol\"],\"inLanguage\":\"es\"},{\"@type\":\"WebPage\",\"@id\":\"https:\\\/\\\/interamerica.org\\\/es\\\/2023\\\/08\\\/la-medicina-de-estilo-de-vida-puede-abrir-puertas-al-evangelismo-de-la-salud-afirma-lider-adventista\\\/\",\"url\":\"https:\\\/\\\/interamerica.org\\\/es\\\/2023\\\/08\\\/la-medicina-de-estilo-de-vida-puede-abrir-puertas-al-evangelismo-de-la-salud-afirma-lider-adventista\\\/\",\"name\":\"La medicina de estilo de vida puede abrir puertas al evangelismo de la salud, afirma l\u00edder adventista - Iglesia Adventista del S\u00e9ptimo D\u00eda - Divisi\u00f3n Interamericana\",\"isPartOf\":{\"@id\":\"https:\\\/\\\/interamerica.org\\\/es\\\/#website\"},\"primaryImageOfPage\":{\"@id\":\"https:\\\/\\\/interamerica.org\\\/es\\\/2023\\\/08\\\/la-medicina-de-estilo-de-vida-puede-abrir-puertas-al-evangelismo-de-la-salud-afirma-lider-adventista\\\/#primaryimage\"},\"image\":{\"@id\":\"https:\\\/\\\/interamerica.org\\\/es\\\/2023\\\/08\\\/la-medicina-de-estilo-de-vida-puede-abrir-puertas-al-evangelismo-de-la-salud-afirma-lider-adventista\\\/#primaryimage\"},\"thumbnailUrl\":\"https:\\\/\\\/interamerica.org\\\/wp-content\\\/uploads\\\/2023\\\/08\\\/zeno-charles-marcel-health-symposium-audience.jpg\",\"datePublished\":\"2023-08-09T12:32:48+00:00\",\"dateModified\":\"2023-08-10T14:44:57+00:00\",\"author\":{\"@id\":\"https:\\\/\\\/interamerica.org\\\/es\\\/#\\\/schema\\\/person\\\/29998f2bc2d8bd0d38662909289b54f1\"},\"breadcrumb\":{\"@id\":\"https:\\\/\\\/interamerica.org\\\/es\\\/2023\\\/08\\\/la-medicina-de-estilo-de-vida-puede-abrir-puertas-al-evangelismo-de-la-salud-afirma-lider-adventista\\\/#breadcrumb\"},\"inLanguage\":\"es\",\"potentialAction\":[{\"@type\":\"ReadAction\",\"target\":[\"https:\\\/\\\/interamerica.org\\\/es\\\/2023\\\/08\\\/la-medicina-de-estilo-de-vida-puede-abrir-puertas-al-evangelismo-de-la-salud-afirma-lider-adventista\\\/\"]}]},{\"@type\":\"ImageObject\",\"inLanguage\":\"es\",\"@id\":\"https:\\\/\\\/interamerica.org\\\/es\\\/2023\\\/08\\\/la-medicina-de-estilo-de-vida-puede-abrir-puertas-al-evangelismo-de-la-salud-afirma-lider-adventista\\\/#primaryimage\",\"url\":\"https:\\\/\\\/interamerica.org\\\/wp-content\\\/uploads\\\/2023\\\/08\\\/zeno-charles-marcel-health-symposium-audience.jpg\",\"contentUrl\":\"https:\\\/\\\/interamerica.org\\\/wp-content\\\/uploads\\\/2023\\\/08\\\/zeno-charles-marcel-health-symposium-audience.jpg\",\"width\":1000,\"height\":667,\"caption\":\"[Photo: Libna Stevens\\\/IAD]\"},{\"@type\":\"BreadcrumbList\",\"@id\":\"https:\\\/\\\/interamerica.org\\\/es\\\/2023\\\/08\\\/la-medicina-de-estilo-de-vida-puede-abrir-puertas-al-evangelismo-de-la-salud-afirma-lider-adventista\\\/#breadcrumb\",\"itemListElement\":[{\"@type\":\"ListItem\",\"position\":1,\"name\":\"Home\",\"item\":\"https:\\\/\\\/interamerica.org\\\/es\\\/\"},{\"@type\":\"ListItem\",\"position\":2,\"name\":\"La medicina de estilo de vida puede abrir puertas al evangelismo de la salud, afirma l\u00edder adventista\"}]},{\"@type\":\"WebSite\",\"@id\":\"https:\\\/\\\/interamerica.org\\\/es\\\/#website\",\"url\":\"https:\\\/\\\/interamerica.org\\\/es\\\/\",\"name\":\"Iglesia Adventista del S\u00e9ptimo D\u00eda - Divisi\u00f3n Interamericana\",\"description\":\"\",\"potentialAction\":[{\"@type\":\"SearchAction\",\"target\":{\"@type\":\"EntryPoint\",\"urlTemplate\":\"https:\\\/\\\/interamerica.org\\\/es\\\/?s={search_term_string}\"},\"query-input\":{\"@type\":\"PropertyValueSpecification\",\"valueRequired\":true,\"valueName\":\"search_term_string\"}}],\"inLanguage\":\"es\"},{\"@type\":\"Person\",\"@id\":\"https:\\\/\\\/interamerica.org\\\/es\\\/#\\\/schema\\\/person\\\/29998f2bc2d8bd0d38662909289b54f1\",\"name\":\"libna\",\"image\":{\"@type\":\"ImageObject\",\"inLanguage\":\"es\",\"@id\":\"https:\\\/\\\/secure.gravatar.com\\\/avatar\\\/7c5bd30ae4b47a9ba3c856590957fd1d96dc588bf3ac05719d247e126840331f?s=96&d=mm&r=g\",\"url\":\"https:\\\/\\\/secure.gravatar.com\\\/avatar\\\/7c5bd30ae4b47a9ba3c856590957fd1d96dc588bf3ac05719d247e126840331f?s=96&d=mm&r=g\",\"contentUrl\":\"https:\\\/\\\/secure.gravatar.com\\\/avatar\\\/7c5bd30ae4b47a9ba3c856590957fd1d96dc588bf3ac05719d247e126840331f?s=96&d=mm&r=g\",\"caption\":\"libna\"}}]}<\/script>\n<!-- \/ Yoast SEO plugin. -->","yoast_head_json":{"title":"La medicina de estilo de vida puede abrir puertas al evangelismo de la salud, afirma l\u00edder adventista - Iglesia Adventista del S\u00e9ptimo D\u00eda - Divisi\u00f3n Interamericana","robots":{"index":"index","follow":"follow","max-snippet":"max-snippet:-1","max-image-preview":"max-image-preview:large","max-video-preview":"max-video-preview:-1"},"canonical":"https:\/\/interamerica.org\/es\/2023\/08\/la-medicina-de-estilo-de-vida-puede-abrir-puertas-al-evangelismo-de-la-salud-afirma-lider-adventista\/","og_locale":"es_ES","og_type":"article","og_title":"La medicina de estilo de vida puede abrir puertas al evangelismo de la salud, afirma l\u00edder adventista - Iglesia Adventista del S\u00e9ptimo D\u00eda - Divisi\u00f3n Interamericana","og_description":"9 de agosto de 2023 | Miami, Florida, Estados Unidos | Marcos Paseggi, para Noticias de la Divisi\u00f3n Interamericana \u201cNo subestimen lo que Dios ha ordenado como medio para alcanzar...","og_url":"https:\/\/interamerica.org\/es\/2023\/08\/la-medicina-de-estilo-de-vida-puede-abrir-puertas-al-evangelismo-de-la-salud-afirma-lider-adventista\/","og_site_name":"Iglesia Adventista del S\u00e9ptimo D\u00eda - Divisi\u00f3n Interamericana","article_published_time":"2023-08-09T12:32:48+00:00","article_modified_time":"2023-08-10T14:44:57+00:00","og_image":[{"width":1000,"height":667,"url":"https:\/\/interamerica.org\/wp-content\/uploads\/2023\/08\/zeno-charles-marcel-health-symposium-audience.jpg","type":"image\/jpeg"}],"author":"libna","twitter_card":"summary_large_image","twitter_misc":{"Escrito por":"libna","Tiempo de lectura":"7 minutos"},"schema":{"@context":"https:\/\/schema.org","@graph":[{"@type":"Article","@id":"https:\/\/interamerica.org\/es\/2023\/08\/la-medicina-de-estilo-de-vida-puede-abrir-puertas-al-evangelismo-de-la-salud-afirma-lider-adventista\/#article","isPartOf":{"@id":"https:\/\/interamerica.org\/es\/2023\/08\/la-medicina-de-estilo-de-vida-puede-abrir-puertas-al-evangelismo-de-la-salud-afirma-lider-adventista\/"},"author":{"name":"libna","@id":"https:\/\/interamerica.org\/es\/#\/schema\/person\/29998f2bc2d8bd0d38662909289b54f1"},"headline":"La medicina de estilo de vida puede abrir puertas al evangelismo de la salud, afirma l\u00edder adventista","datePublished":"2023-08-09T12:32:48+00:00","dateModified":"2023-08-10T14:44:57+00:00","mainEntityOfPage":{"@id":"https:\/\/interamerica.org\/es\/2023\/08\/la-medicina-de-estilo-de-vida-puede-abrir-puertas-al-evangelismo-de-la-salud-afirma-lider-adventista\/"},"wordCount":1380,"image":{"@id":"https:\/\/interamerica.org\/es\/2023\/08\/la-medicina-de-estilo-de-vida-puede-abrir-puertas-al-evangelismo-de-la-salud-afirma-lider-adventista\/#primaryimage"},"thumbnailUrl":"https:\/\/interamerica.org\/wp-content\/uploads\/2023\/08\/zeno-charles-marcel-health-symposium-audience.jpg","articleSection":["Desde la sede","RSS Espa\u00f1ol"],"inLanguage":"es"},{"@type":"WebPage","@id":"https:\/\/interamerica.org\/es\/2023\/08\/la-medicina-de-estilo-de-vida-puede-abrir-puertas-al-evangelismo-de-la-salud-afirma-lider-adventista\/","url":"https:\/\/interamerica.org\/es\/2023\/08\/la-medicina-de-estilo-de-vida-puede-abrir-puertas-al-evangelismo-de-la-salud-afirma-lider-adventista\/","name":"La medicina de estilo de vida puede abrir puertas al evangelismo de la salud, afirma l\u00edder adventista - Iglesia Adventista del S\u00e9ptimo D\u00eda - Divisi\u00f3n Interamericana","isPartOf":{"@id":"https:\/\/interamerica.org\/es\/#website"},"primaryImageOfPage":{"@id":"https:\/\/interamerica.org\/es\/2023\/08\/la-medicina-de-estilo-de-vida-puede-abrir-puertas-al-evangelismo-de-la-salud-afirma-lider-adventista\/#primaryimage"},"image":{"@id":"https:\/\/interamerica.org\/es\/2023\/08\/la-medicina-de-estilo-de-vida-puede-abrir-puertas-al-evangelismo-de-la-salud-afirma-lider-adventista\/#primaryimage"},"thumbnailUrl":"https:\/\/interamerica.org\/wp-content\/uploads\/2023\/08\/zeno-charles-marcel-health-symposium-audience.jpg","datePublished":"2023-08-09T12:32:48+00:00","dateModified":"2023-08-10T14:44:57+00:00","author":{"@id":"https:\/\/interamerica.org\/es\/#\/schema\/person\/29998f2bc2d8bd0d38662909289b54f1"},"breadcrumb":{"@id":"https:\/\/interamerica.org\/es\/2023\/08\/la-medicina-de-estilo-de-vida-puede-abrir-puertas-al-evangelismo-de-la-salud-afirma-lider-adventista\/#breadcrumb"},"inLanguage":"es","potentialAction":[{"@type":"ReadAction","target":["https:\/\/interamerica.org\/es\/2023\/08\/la-medicina-de-estilo-de-vida-puede-abrir-puertas-al-evangelismo-de-la-salud-afirma-lider-adventista\/"]}]},{"@type":"ImageObject","inLanguage":"es","@id":"https:\/\/interamerica.org\/es\/2023\/08\/la-medicina-de-estilo-de-vida-puede-abrir-puertas-al-evangelismo-de-la-salud-afirma-lider-adventista\/#primaryimage","url":"https:\/\/interamerica.org\/wp-content\/uploads\/2023\/08\/zeno-charles-marcel-health-symposium-audience.jpg","contentUrl":"https:\/\/interamerica.org\/wp-content\/uploads\/2023\/08\/zeno-charles-marcel-health-symposium-audience.jpg","width":1000,"height":667,"caption":"[Photo: Libna Stevens\/IAD]"},{"@type":"BreadcrumbList","@id":"https:\/\/interamerica.org\/es\/2023\/08\/la-medicina-de-estilo-de-vida-puede-abrir-puertas-al-evangelismo-de-la-salud-afirma-lider-adventista\/#breadcrumb","itemListElement":[{"@type":"ListItem","position":1,"name":"Home","item":"https:\/\/interamerica.org\/es\/"},{"@type":"ListItem","position":2,"name":"La medicina de estilo de vida puede abrir puertas al evangelismo de la salud, afirma l\u00edder adventista"}]},{"@type":"WebSite","@id":"https:\/\/interamerica.org\/es\/#website","url":"https:\/\/interamerica.org\/es\/","name":"Iglesia Adventista del S\u00e9ptimo D\u00eda - Divisi\u00f3n Interamericana","description":"","potentialAction":[{"@type":"SearchAction","target":{"@type":"EntryPoint","urlTemplate":"https:\/\/interamerica.org\/es\/?s={search_term_string}"},"query-input":{"@type":"PropertyValueSpecification","valueRequired":true,"valueName":"search_term_string"}}],"inLanguage":"es"},{"@type":"Person","@id":"https:\/\/interamerica.org\/es\/#\/schema\/person\/29998f2bc2d8bd0d38662909289b54f1","name":"libna","image":{"@type":"ImageObject","inLanguage":"es","@id":"https:\/\/secure.gravatar.com\/avatar\/7c5bd30ae4b47a9ba3c856590957fd1d96dc588bf3ac05719d247e126840331f?s=96&d=mm&r=g","url":"https:\/\/secure.gravatar.com\/avatar\/7c5bd30ae4b47a9ba3c856590957fd1d96dc588bf3ac05719d247e126840331f?s=96&d=mm&r=g","contentUrl":"https:\/\/secure.gravatar.com\/avatar\/7c5bd30ae4b47a9ba3c856590957fd1d96dc588bf3ac05719d247e126840331f?s=96&d=mm&r=g","caption":"libna"}}]}},"_links":{"self":[{"href":"https:\/\/interamerica.org\/es\/wp-json\/wp\/v2\/posts\/101786","targetHints":{"allow":["GET"]}}],"collection":[{"href":"https:\/\/interamerica.org\/es\/wp-json\/wp\/v2\/posts"}],"about":[{"href":"https:\/\/interamerica.org\/es\/wp-json\/wp\/v2\/types\/post"}],"author":[{"embeddable":true,"href":"https:\/\/interamerica.org\/es\/wp-json\/wp\/v2\/users\/3"}],"replies":[{"embeddable":true,"href":"https:\/\/interamerica.org\/es\/wp-json\/wp\/v2\/comments?post=101786"}],"version-history":[{"count":0,"href":"https:\/\/interamerica.org\/es\/wp-json\/wp\/v2\/posts\/101786\/revisions"}],"wp:featuredmedia":[{"embeddable":true,"href":"https:\/\/interamerica.org\/es\/wp-json\/wp\/v2\/media\/101779"}],"wp:attachment":[{"href":"https:\/\/interamerica.org\/es\/wp-json\/wp\/v2\/media?parent=101786"}],"wp:term":[{"taxonomy":"category","embeddable":true,"href":"https:\/\/interamerica.org\/es\/wp-json\/wp\/v2\/categories?post=101786"},{"taxonomy":"post_tag","embeddable":true,"href":"https:\/\/interamerica.org\/es\/wp-json\/wp\/v2\/tags?post=101786"}],"curies":[{"name":"wp","href":"https:\/\/api.w.org\/{rel}","templated":true}]}}