{"id":101896,"date":"2023-08-10T19:16:59","date_gmt":"2023-08-10T23:16:59","guid":{"rendered":"https:\/\/interamerica.org\/?p=101896"},"modified":"2023-08-11T15:40:14","modified_gmt":"2023-08-11T19:40:14","slug":"una-profecia-significativa","status":"publish","type":"post","link":"https:\/\/interamerica.org\/es\/2023\/08\/una-profecia-significativa\/","title":{"rendered":"Una Profec\u00eda Significativa"},"content":{"rendered":"<p>10 de agosto del\u00a0 2023 | Silver Spring, Maryland, Estados Unidos | Ted N.C. Wilson, President de la Asociaci\u00f3n General de los Adventistas del S\u00e9ptimo D\u00eda<\/p>\n<p><span style=\"font-weight: 400;\">Saludos, amigos. Hoy, mientras continuamos a trav\u00e9s de <\/span><i><span style=\"font-weight: 400;\">El Conflicto de los Siglos<\/span><\/i><span style=\"font-weight: 400;\">, nos encontraremos con un agricultor de coraz\u00f3n honesto que hab\u00eda sido llevado a dudar de la autoridad divina de las Escrituras, pero sinceramente deseaba conocer la verdad. Su nombre era Guillermo Miller, y fue especialmente elegido por Dios para liderar la proclamaci\u00f3n de la Segunda Venida de Cristo.<\/span><\/p>\n<p><span style=\"font-weight: 400;\">Guillermo Miller naci\u00f3 el 15 de febrero de 1782, en el Estado de Massachusetts, en los Estados Unidos. Cuando ten\u00eda cuatro a\u00f1os de edad, su familia se mud\u00f3 a la zona rural de Low Hampton, en el estado de Nueva York. Incluso cuando era peque\u00f1o, Guillermo mostr\u00f3 signos de ser brillante.<\/span><\/p>\n<p><span style=\"font-weight: 400;\">Leemos en <\/span><i><span style=\"font-weight: 400;\">El Conflicto de los Siglos<\/span><\/i><span style=\"font-weight: 400;\">: <\/span><b>\u00abAunque no gozara de las ventajas de una instrucci\u00f3n acad\u00e9mica, su amor al estudio y el h\u00e1bito de reflexionar cuidadosamente, junto con su agudo criterio, hac\u00edan de \u00e9l un hombre de sano juicio y de vasta comprensi\u00f3n. Su car\u00e1cter moral era irreprochable, y gozaba de envidiable reputaci\u00f3n, siendo generalmente estimado por su integridad, su frugalidad y su benevolencia \u00bb (p. 318.1).<\/b><\/p>\n<p><span style=\"font-weight: 400;\">Mientras crec\u00eda en un hogar con influencias cristianas, Guillermo Miller decidi\u00f3 cuando era joven que las Escrituras eran demasiado dif\u00edciles de entender, por lo que decidi\u00f3 seguir la influencia de sus amigos y se convirti\u00f3 en un \u00abde\u00edsta\u00bb. El de\u00edsmo era un movimiento filos\u00f3fico popular en ese momento, basado \u00fanicamente en el pensamiento racional sin depender de la revelaci\u00f3n de Dios contenida en la Biblia. Si bien los de\u00edstas afirmaron creer en la existencia de Dios, rechazaron la idea de que \u00c9l tuviera alguna participaci\u00f3n en el universo despu\u00e9s de crearlo.<\/span><\/p>\n<p><span style=\"font-weight: 400;\">Guillermo Miller sigui\u00f3 siendo de\u00edsta durante unos doce a\u00f1os, pero a la edad de 34 a\u00f1os, el Esp\u00edritu Santo toc\u00f3 su coraz\u00f3n. Al darse cuenta de que no ten\u00eda ninguna garant\u00eda de felicidad m\u00e1s all\u00e1 de la tumba, Miller luch\u00f3 con sus propios pensamientos durante varios meses. M\u00e1s tarde escribi\u00f3: <\/span><span style=\"font-weight: 400;\">\u201c<\/span><b>Cuanto m\u00e1s discurr\u00eda, tanto m\u00e1s lejos estaba de la demostraci\u00f3n. Cuanto m\u00e1s pensaba, tanto m\u00e1s divergentes eran las conclusiones a que llegaba. Trat\u00e9 de no pensar m\u00e1s; pero ya no era due\u00f1o de mis pensamientos&#8230; Sab\u00eda que algo andaba mal, pero no sab\u00eda ni d\u00f3nde ni c\u00f3mo encontrar lo correcto y justo. Gem\u00eda, pero lo hac\u00eda sin esperanza\u201d (<\/b><b><i>CS 318.3<\/i><\/b><b>).<\/b><\/p>\n<p><span style=\"font-weight: 400;\">El pobre Guillermo contin\u00f3\u00a0 en este estado terribe, hasta que \u201cde pronto\u201d, escribi\u00f3: <\/span><b>\u201cEl car\u00e1cter de un Salvador se grab\u00f3 hondamente en mi esp\u00edritu. Me pareci\u00f3 que bien pod\u00eda existir un ser tan bueno y compasivo que expiara nuestras transgresiones\u2026 Sent\u00ed inmediatamente cu\u00e1n amable hab\u00eda de ser este alguien, y me imagin\u00e9 que podr\u00eda yo echarme en sus brazos y confiar en su misericordia\u201d (CS 319).<\/b><\/p>\n<p><span style=\"font-weight: 400;\">Miller anhel\u00f3 encontrar un Ser as\u00ed, y decidi\u00f3 recurrir a la Biblia, aun cuando anteriormente la hab\u00eda visto como un libro sin inspiraci\u00f3n.<\/span><\/p>\n<p><b>\u201cDiscern\u00ed que la Biblia presentaba precisamente a un Salvador como el que yo necesitaba,\u201d<\/b><span style=\"font-weight: 400;\"> escribi\u00f3, <\/span><b>\u201cMe vi obligado a admitir que las Sagradas Escrituras deb\u00edan ser una revelaci\u00f3n de Dios. Llegaron a ser mi deleite; y encontr\u00e9 en Jes\u00fas un amigo\u201d (CS 319.3).<\/b><\/p>\n<p><b>\u201cLas Escrituras,\u201d<\/b><span style=\"font-weight: 400;\"> escribi\u00f3 Miller, <\/span><b>\u201cque antes eran oscuras y contradictorias, se volvieron entonces antorcha a mis pies y luz a mi senda. Mi esp\u00edritu obtuvo calma y satisfacci\u00f3n. Encontr\u00e9 que el Se\u00f1or Dios era una Roca en medio del oc\u00e9ano de la vida\u00a0 (CS 319.3).<\/b><\/p>\n<p><span style=\"font-weight: 400;\">Mientras Miller profes\u00f3 p\u00fablicamente su fe en la religi\u00f3n que una vez hab\u00eda despreciado, sus antiguos amigos se volvieron r\u00e1pidamente hacia \u00e9l, utilizando los mismos argumentos que hab\u00eda declarado para refutar la autoridad divina de las Escrituras.<\/span><\/p>\n<p><span style=\"font-weight: 400;\">Aunque Miller no estaba preparado para responderles de inmediato, <\/span><b>\u00abdijo que si la Biblia es una revelaci\u00f3n de Dios, deb\u00eda ser consecuente consigo misma; y que habiendo sido dada para instrucci\u00f3n del hombre, deb\u00eda estar adaptada a su inteligencia. Resolvi\u00f3 estudiar las Sagradas Escrituras por su cuenta, y averiguar si toda contradicci\u00f3n aparente no pod\u00eda armonizarse (CS 319.4).<\/b><\/p>\n<p><span style=\"font-weight: 400;\">Guillermo Miller decidi\u00f3 estudiar la biblia en serio. Permitir que las Escrituras hablaran por s\u00ed mismas, dej\u00f3 de lado todas sus opiniones preconcebidas y no us\u00f3 ning\u00fan comentario. En su lugar, decidi\u00f3 estudiar la Palabra de Dios comparando la Escritura con la Escritura con la ayuda de referencias marginales en su Biblia y una concordancia.<\/span><\/p>\n<p><span style=\"font-weight: 400;\">Adelant\u00f3 de manera regular y met\u00f3dica, comenzando con G\u00e9nesis, leyendo verso a verso. No fue m\u00e1s r\u00e1pido de lo que pudo entender. Cuando se encontr\u00f3 con un texto que no parec\u00eda claro, usando su concordancia, lo compar\u00f3 con cualquier otro pasaje de las Escrituras que trataba el tema hasta que el mensaje entr\u00f3 en plena armon\u00eda. Luego pas\u00f3 al siguiente verso.<\/span><\/p>\n<p><span style=\"font-weight: 400;\">Dios bendijo a Guillermo Miller. Leemos que\u00a0 <\/span><b>\u201cA medida que estudiaba y oraba fervorosamente para que Dios le alumbrara, lo que antes le hab\u00eda parecido oscuro se le aclaraba. Experimentaba la verdad de las palabras del salmista: \u201cEl principio de tus palabras alumbra; hace entender a los simples\u201d. Salmos 119:130 (CS 320.1).<\/b><span style=\"font-weight: 400;\">\u00a0<\/span><\/p>\n<p><span style=\"font-weight: 400;\">En nuestro pr\u00f3ximo v\u00eddeo, continuaremos siguiendo a Guillermo Miller en su estudio y veremos qu\u00e9 cosas incre\u00edbles Dios revel\u00f3 a este humilde hombre a trav\u00e9s de las Escrituras, y c\u00f3mo us\u00f3 a Miller para proclamar al mundo que Su venida estaba cerca.<\/span><\/p>\n<p><span style=\"font-weight: 400;\">Les invito a orar conmigo ahora mismo.\u00a0<\/span><\/p>\n<p><span style=\"font-weight: 400;\">Padre en el Cielo. Gracias por las Escrituras. Gracias porque nos guiar\u00e1s a cada uno mientras estudiamos las Escrituras, al igual que lo hiciste con Guillermo Miller y muchos otros, personas que en dedicaci\u00f3n buscaban aprender la verdad y entender de qu\u00e9 se trataba Tu Palabra, de una manera pr\u00e1ctica.<\/span><\/p>\n<p><span style=\"font-weight: 400;\">Bendice a cada uno de nosotros mientras estudiamos la Palabra de Dios, mientras la leemos, mientras tomamos en nuestras vidas lo que luego podemos compartir con los dem\u00e1s, proclamando que Jes\u00fas nos ama con un amor eterno y que Jes\u00fas vendr\u00e1 pronto. En el nombre de Cristo lo pedimos. Am\u00e9n.<\/span><\/p>\n<p><iframe title=\"Una Profec\u00eda Significativa | Un Mensaje Especial del Pastor Ted Wilson\" width=\"500\" height=\"281\" src=\"https:\/\/www.youtube.com\/embed\/XMa4ugbmQQg?feature=oembed\" frameborder=\"0\" allow=\"accelerometer; autoplay; clipboard-write; encrypted-media; gyroscope; picture-in-picture; web-share\" referrerpolicy=\"strict-origin-when-cross-origin\" allowfullscreen><\/iframe><\/p>\n","protected":false},"excerpt":{"rendered":"<p>10 de agosto del\u00a0 2023 | Silver Spring, Maryland, Estados Unidos | Ted N.C. Wilson, President de la Asociaci\u00f3n General de los Adventistas del S\u00e9ptimo D\u00eda Saludos, amigos. Hoy, mientras&#8230;<\/p>\n","protected":false},"author":3,"featured_media":101920,"comment_status":"closed","ping_status":"closed","sticky":false,"template":"","format":"standard","meta":{"_acf_changed":false,"footnotes":""},"categories":[14,15],"tags":[],"class_list":["post-101896","post","type-post","status-publish","format-standard","has-post-thumbnail","hentry","category-de-la-iglesia-mundial","category-rss-espanol"],"acf":[],"yoast_head":"<!-- This site is optimized with the Yoast SEO plugin v27.3 - https:\/\/yoast.com\/product\/yoast-seo-wordpress\/ -->\n<title>Una Profec\u00eda Significativa - Iglesia Adventista del S\u00e9ptimo D\u00eda - Divisi\u00f3n Interamericana<\/title>\n<meta name=\"robots\" content=\"index, follow, max-snippet:-1, max-image-preview:large, max-video-preview:-1\" \/>\n<link rel=\"canonical\" href=\"https:\/\/interamerica.org\/es\/2023\/08\/una-profecia-significativa\/\" \/>\n<meta property=\"og:locale\" content=\"es_ES\" \/>\n<meta property=\"og:type\" content=\"article\" \/>\n<meta property=\"og:title\" content=\"Una Profec\u00eda Significativa - Iglesia Adventista del S\u00e9ptimo D\u00eda - Divisi\u00f3n Interamericana\" \/>\n<meta property=\"og:description\" content=\"10 de agosto del\u00a0 2023 | Silver Spring, Maryland, Estados Unidos | Ted N.C. Wilson, President de la Asociaci\u00f3n General de los Adventistas del S\u00e9ptimo D\u00eda Saludos, amigos. Hoy, mientras...\" \/>\n<meta property=\"og:url\" content=\"https:\/\/interamerica.org\/es\/2023\/08\/una-profecia-significativa\/\" \/>\n<meta property=\"og:site_name\" content=\"Iglesia Adventista del S\u00e9ptimo D\u00eda - Divisi\u00f3n Interamericana\" \/>\n<meta property=\"article:published_time\" content=\"2023-08-10T23:16:59+00:00\" \/>\n<meta property=\"article:modified_time\" content=\"2023-08-11T19:40:14+00:00\" \/>\n<meta property=\"og:image\" content=\"https:\/\/interamerica.org\/wp-content\/uploads\/2023\/08\/an-american-reformer-es.jpg\" \/>\n\t<meta property=\"og:image:width\" content=\"1334\" \/>\n\t<meta property=\"og:image:height\" content=\"750\" \/>\n\t<meta property=\"og:image:type\" content=\"image\/jpeg\" \/>\n<meta name=\"author\" content=\"libna\" \/>\n<meta name=\"twitter:card\" content=\"summary_large_image\" \/>\n<meta name=\"twitter:label1\" content=\"Escrito por\" \/>\n\t<meta name=\"twitter:data1\" content=\"libna\" \/>\n\t<meta name=\"twitter:label2\" content=\"Tiempo de lectura\" \/>\n\t<meta name=\"twitter:data2\" content=\"5 minutos\" \/>\n<script type=\"application\/ld+json\" class=\"yoast-schema-graph\">{\"@context\":\"https:\\\/\\\/schema.org\",\"@graph\":[{\"@type\":\"Article\",\"@id\":\"https:\\\/\\\/interamerica.org\\\/es\\\/2023\\\/08\\\/una-profecia-significativa\\\/#article\",\"isPartOf\":{\"@id\":\"https:\\\/\\\/interamerica.org\\\/es\\\/2023\\\/08\\\/una-profecia-significativa\\\/\"},\"author\":{\"name\":\"libna\",\"@id\":\"https:\\\/\\\/interamerica.org\\\/es\\\/#\\\/schema\\\/person\\\/29998f2bc2d8bd0d38662909289b54f1\"},\"headline\":\"Una Profec\u00eda Significativa\",\"datePublished\":\"2023-08-10T23:16:59+00:00\",\"dateModified\":\"2023-08-11T19:40:14+00:00\",\"mainEntityOfPage\":{\"@id\":\"https:\\\/\\\/interamerica.org\\\/es\\\/2023\\\/08\\\/una-profecia-significativa\\\/\"},\"wordCount\":1088,\"image\":{\"@id\":\"https:\\\/\\\/interamerica.org\\\/es\\\/2023\\\/08\\\/una-profecia-significativa\\\/#primaryimage\"},\"thumbnailUrl\":\"https:\\\/\\\/interamerica.org\\\/wp-content\\\/uploads\\\/2023\\\/08\\\/an-american-reformer-es.jpg\",\"articleSection\":[\"Desde la iglesia mundial\",\"RSS Espa\u00f1ol\"],\"inLanguage\":\"es\"},{\"@type\":\"WebPage\",\"@id\":\"https:\\\/\\\/interamerica.org\\\/es\\\/2023\\\/08\\\/una-profecia-significativa\\\/\",\"url\":\"https:\\\/\\\/interamerica.org\\\/es\\\/2023\\\/08\\\/una-profecia-significativa\\\/\",\"name\":\"Una Profec\u00eda Significativa - Iglesia Adventista del S\u00e9ptimo D\u00eda - Divisi\u00f3n Interamericana\",\"isPartOf\":{\"@id\":\"https:\\\/\\\/interamerica.org\\\/es\\\/#website\"},\"primaryImageOfPage\":{\"@id\":\"https:\\\/\\\/interamerica.org\\\/es\\\/2023\\\/08\\\/una-profecia-significativa\\\/#primaryimage\"},\"image\":{\"@id\":\"https:\\\/\\\/interamerica.org\\\/es\\\/2023\\\/08\\\/una-profecia-significativa\\\/#primaryimage\"},\"thumbnailUrl\":\"https:\\\/\\\/interamerica.org\\\/wp-content\\\/uploads\\\/2023\\\/08\\\/an-american-reformer-es.jpg\",\"datePublished\":\"2023-08-10T23:16:59+00:00\",\"dateModified\":\"2023-08-11T19:40:14+00:00\",\"author\":{\"@id\":\"https:\\\/\\\/interamerica.org\\\/es\\\/#\\\/schema\\\/person\\\/29998f2bc2d8bd0d38662909289b54f1\"},\"breadcrumb\":{\"@id\":\"https:\\\/\\\/interamerica.org\\\/es\\\/2023\\\/08\\\/una-profecia-significativa\\\/#breadcrumb\"},\"inLanguage\":\"es\",\"potentialAction\":[{\"@type\":\"ReadAction\",\"target\":[\"https:\\\/\\\/interamerica.org\\\/es\\\/2023\\\/08\\\/una-profecia-significativa\\\/\"]}]},{\"@type\":\"ImageObject\",\"inLanguage\":\"es\",\"@id\":\"https:\\\/\\\/interamerica.org\\\/es\\\/2023\\\/08\\\/una-profecia-significativa\\\/#primaryimage\",\"url\":\"https:\\\/\\\/interamerica.org\\\/wp-content\\\/uploads\\\/2023\\\/08\\\/an-american-reformer-es.jpg\",\"contentUrl\":\"https:\\\/\\\/interamerica.org\\\/wp-content\\\/uploads\\\/2023\\\/08\\\/an-american-reformer-es.jpg\",\"width\":1334,\"height\":750},{\"@type\":\"BreadcrumbList\",\"@id\":\"https:\\\/\\\/interamerica.org\\\/es\\\/2023\\\/08\\\/una-profecia-significativa\\\/#breadcrumb\",\"itemListElement\":[{\"@type\":\"ListItem\",\"position\":1,\"name\":\"Home\",\"item\":\"https:\\\/\\\/interamerica.org\\\/es\\\/\"},{\"@type\":\"ListItem\",\"position\":2,\"name\":\"Una Profec\u00eda Significativa\"}]},{\"@type\":\"WebSite\",\"@id\":\"https:\\\/\\\/interamerica.org\\\/es\\\/#website\",\"url\":\"https:\\\/\\\/interamerica.org\\\/es\\\/\",\"name\":\"Iglesia Adventista del S\u00e9ptimo D\u00eda - Divisi\u00f3n Interamericana\",\"description\":\"\",\"potentialAction\":[{\"@type\":\"SearchAction\",\"target\":{\"@type\":\"EntryPoint\",\"urlTemplate\":\"https:\\\/\\\/interamerica.org\\\/es\\\/?s={search_term_string}\"},\"query-input\":{\"@type\":\"PropertyValueSpecification\",\"valueRequired\":true,\"valueName\":\"search_term_string\"}}],\"inLanguage\":\"es\"},{\"@type\":\"Person\",\"@id\":\"https:\\\/\\\/interamerica.org\\\/es\\\/#\\\/schema\\\/person\\\/29998f2bc2d8bd0d38662909289b54f1\",\"name\":\"libna\",\"image\":{\"@type\":\"ImageObject\",\"inLanguage\":\"es\",\"@id\":\"https:\\\/\\\/secure.gravatar.com\\\/avatar\\\/7c5bd30ae4b47a9ba3c856590957fd1d96dc588bf3ac05719d247e126840331f?s=96&d=mm&r=g\",\"url\":\"https:\\\/\\\/secure.gravatar.com\\\/avatar\\\/7c5bd30ae4b47a9ba3c856590957fd1d96dc588bf3ac05719d247e126840331f?s=96&d=mm&r=g\",\"contentUrl\":\"https:\\\/\\\/secure.gravatar.com\\\/avatar\\\/7c5bd30ae4b47a9ba3c856590957fd1d96dc588bf3ac05719d247e126840331f?s=96&d=mm&r=g\",\"caption\":\"libna\"}}]}<\/script>\n<!-- \/ Yoast SEO plugin. -->","yoast_head_json":{"title":"Una Profec\u00eda Significativa - Iglesia Adventista del S\u00e9ptimo D\u00eda - Divisi\u00f3n Interamericana","robots":{"index":"index","follow":"follow","max-snippet":"max-snippet:-1","max-image-preview":"max-image-preview:large","max-video-preview":"max-video-preview:-1"},"canonical":"https:\/\/interamerica.org\/es\/2023\/08\/una-profecia-significativa\/","og_locale":"es_ES","og_type":"article","og_title":"Una Profec\u00eda Significativa - Iglesia Adventista del S\u00e9ptimo D\u00eda - Divisi\u00f3n Interamericana","og_description":"10 de agosto del\u00a0 2023 | Silver Spring, Maryland, Estados Unidos | Ted N.C. Wilson, President de la Asociaci\u00f3n General de los Adventistas del S\u00e9ptimo D\u00eda Saludos, amigos. Hoy, mientras...","og_url":"https:\/\/interamerica.org\/es\/2023\/08\/una-profecia-significativa\/","og_site_name":"Iglesia Adventista del S\u00e9ptimo D\u00eda - Divisi\u00f3n Interamericana","article_published_time":"2023-08-10T23:16:59+00:00","article_modified_time":"2023-08-11T19:40:14+00:00","og_image":[{"width":1334,"height":750,"url":"https:\/\/interamerica.org\/wp-content\/uploads\/2023\/08\/an-american-reformer-es.jpg","type":"image\/jpeg"}],"author":"libna","twitter_card":"summary_large_image","twitter_misc":{"Escrito por":"libna","Tiempo de lectura":"5 minutos"},"schema":{"@context":"https:\/\/schema.org","@graph":[{"@type":"Article","@id":"https:\/\/interamerica.org\/es\/2023\/08\/una-profecia-significativa\/#article","isPartOf":{"@id":"https:\/\/interamerica.org\/es\/2023\/08\/una-profecia-significativa\/"},"author":{"name":"libna","@id":"https:\/\/interamerica.org\/es\/#\/schema\/person\/29998f2bc2d8bd0d38662909289b54f1"},"headline":"Una Profec\u00eda Significativa","datePublished":"2023-08-10T23:16:59+00:00","dateModified":"2023-08-11T19:40:14+00:00","mainEntityOfPage":{"@id":"https:\/\/interamerica.org\/es\/2023\/08\/una-profecia-significativa\/"},"wordCount":1088,"image":{"@id":"https:\/\/interamerica.org\/es\/2023\/08\/una-profecia-significativa\/#primaryimage"},"thumbnailUrl":"https:\/\/interamerica.org\/wp-content\/uploads\/2023\/08\/an-american-reformer-es.jpg","articleSection":["Desde la iglesia mundial","RSS Espa\u00f1ol"],"inLanguage":"es"},{"@type":"WebPage","@id":"https:\/\/interamerica.org\/es\/2023\/08\/una-profecia-significativa\/","url":"https:\/\/interamerica.org\/es\/2023\/08\/una-profecia-significativa\/","name":"Una Profec\u00eda Significativa - Iglesia Adventista del S\u00e9ptimo D\u00eda - Divisi\u00f3n Interamericana","isPartOf":{"@id":"https:\/\/interamerica.org\/es\/#website"},"primaryImageOfPage":{"@id":"https:\/\/interamerica.org\/es\/2023\/08\/una-profecia-significativa\/#primaryimage"},"image":{"@id":"https:\/\/interamerica.org\/es\/2023\/08\/una-profecia-significativa\/#primaryimage"},"thumbnailUrl":"https:\/\/interamerica.org\/wp-content\/uploads\/2023\/08\/an-american-reformer-es.jpg","datePublished":"2023-08-10T23:16:59+00:00","dateModified":"2023-08-11T19:40:14+00:00","author":{"@id":"https:\/\/interamerica.org\/es\/#\/schema\/person\/29998f2bc2d8bd0d38662909289b54f1"},"breadcrumb":{"@id":"https:\/\/interamerica.org\/es\/2023\/08\/una-profecia-significativa\/#breadcrumb"},"inLanguage":"es","potentialAction":[{"@type":"ReadAction","target":["https:\/\/interamerica.org\/es\/2023\/08\/una-profecia-significativa\/"]}]},{"@type":"ImageObject","inLanguage":"es","@id":"https:\/\/interamerica.org\/es\/2023\/08\/una-profecia-significativa\/#primaryimage","url":"https:\/\/interamerica.org\/wp-content\/uploads\/2023\/08\/an-american-reformer-es.jpg","contentUrl":"https:\/\/interamerica.org\/wp-content\/uploads\/2023\/08\/an-american-reformer-es.jpg","width":1334,"height":750},{"@type":"BreadcrumbList","@id":"https:\/\/interamerica.org\/es\/2023\/08\/una-profecia-significativa\/#breadcrumb","itemListElement":[{"@type":"ListItem","position":1,"name":"Home","item":"https:\/\/interamerica.org\/es\/"},{"@type":"ListItem","position":2,"name":"Una Profec\u00eda Significativa"}]},{"@type":"WebSite","@id":"https:\/\/interamerica.org\/es\/#website","url":"https:\/\/interamerica.org\/es\/","name":"Iglesia Adventista del S\u00e9ptimo D\u00eda - Divisi\u00f3n Interamericana","description":"","potentialAction":[{"@type":"SearchAction","target":{"@type":"EntryPoint","urlTemplate":"https:\/\/interamerica.org\/es\/?s={search_term_string}"},"query-input":{"@type":"PropertyValueSpecification","valueRequired":true,"valueName":"search_term_string"}}],"inLanguage":"es"},{"@type":"Person","@id":"https:\/\/interamerica.org\/es\/#\/schema\/person\/29998f2bc2d8bd0d38662909289b54f1","name":"libna","image":{"@type":"ImageObject","inLanguage":"es","@id":"https:\/\/secure.gravatar.com\/avatar\/7c5bd30ae4b47a9ba3c856590957fd1d96dc588bf3ac05719d247e126840331f?s=96&d=mm&r=g","url":"https:\/\/secure.gravatar.com\/avatar\/7c5bd30ae4b47a9ba3c856590957fd1d96dc588bf3ac05719d247e126840331f?s=96&d=mm&r=g","contentUrl":"https:\/\/secure.gravatar.com\/avatar\/7c5bd30ae4b47a9ba3c856590957fd1d96dc588bf3ac05719d247e126840331f?s=96&d=mm&r=g","caption":"libna"}}]}},"_links":{"self":[{"href":"https:\/\/interamerica.org\/es\/wp-json\/wp\/v2\/posts\/101896","targetHints":{"allow":["GET"]}}],"collection":[{"href":"https:\/\/interamerica.org\/es\/wp-json\/wp\/v2\/posts"}],"about":[{"href":"https:\/\/interamerica.org\/es\/wp-json\/wp\/v2\/types\/post"}],"author":[{"embeddable":true,"href":"https:\/\/interamerica.org\/es\/wp-json\/wp\/v2\/users\/3"}],"replies":[{"embeddable":true,"href":"https:\/\/interamerica.org\/es\/wp-json\/wp\/v2\/comments?post=101896"}],"version-history":[{"count":0,"href":"https:\/\/interamerica.org\/es\/wp-json\/wp\/v2\/posts\/101896\/revisions"}],"wp:featuredmedia":[{"embeddable":true,"href":"https:\/\/interamerica.org\/es\/wp-json\/wp\/v2\/media\/101920"}],"wp:attachment":[{"href":"https:\/\/interamerica.org\/es\/wp-json\/wp\/v2\/media?parent=101896"}],"wp:term":[{"taxonomy":"category","embeddable":true,"href":"https:\/\/interamerica.org\/es\/wp-json\/wp\/v2\/categories?post=101896"},{"taxonomy":"post_tag","embeddable":true,"href":"https:\/\/interamerica.org\/es\/wp-json\/wp\/v2\/tags?post=101896"}],"curies":[{"name":"wp","href":"https:\/\/api.w.org\/{rel}","templated":true}]}}