{"id":101912,"date":"2023-08-10T23:01:16","date_gmt":"2023-08-11T03:01:16","guid":{"rendered":"https:\/\/interamerica.org\/?p=101912"},"modified":"2023-08-11T12:01:52","modified_gmt":"2023-08-11T16:01:52","slug":"iniciativa-mision-caleb-impacta-municipalidad-montanosa-en-puerto-rico","status":"publish","type":"post","link":"https:\/\/interamerica.org\/es\/2023\/08\/iniciativa-mision-caleb-impacta-municipalidad-montanosa-en-puerto-rico\/","title":{"rendered":"Iniciativa \u201cMisi\u00f3n Caleb\u201d impacta municipalidad monta\u00f1osa en Puerto Rico"},"content":{"rendered":"<p><div id=\"attachment_101863\" style=\"width: 878px\" class=\"wp-caption aligncenter\"><img fetchpriority=\"high\" decoding=\"async\" aria-describedby=\"caption-attachment-101863\" class=\" wp-image-101861\" src=\"https:\/\/interamerica.org\/wp-content\/uploads\/2023\/08\/puru-caleb-utuado-prayer-1-1-1024x768.jpg\" alt=\"\" width=\"868\" height=\"651\" srcset=\"https:\/\/interamerica.org\/wp-content\/uploads\/2023\/08\/puru-caleb-utuado-prayer-1-1-1024x768.jpg 1024w, https:\/\/interamerica.org\/wp-content\/uploads\/2023\/08\/puru-caleb-utuado-prayer-1-1-300x225.jpg 300w, https:\/\/interamerica.org\/wp-content\/uploads\/2023\/08\/puru-caleb-utuado-prayer-1-1-768x576.jpg 768w, https:\/\/interamerica.org\/wp-content\/uploads\/2023\/08\/puru-caleb-utuado-prayer-1-1-1536x1152.jpg 1536w, https:\/\/interamerica.org\/wp-content\/uploads\/2023\/08\/puru-caleb-utuado-prayer-1-1-2048x1536.jpg 2048w\" sizes=\"(max-width: 868px) 100vw, 868px\" \/><p id=\"caption-attachment-101863\" class=\"wp-caption-text\">Grupo de j\u00f3venes de todas las iglesias adventistas de Puerto Rico oran por una iniciativa exitosa de Misi\u00f3n Caleb en Utuado, una municipalidad monta\u00f1osa en el centro-norte de la isla, donde marcaron un impacto en las comunidades con actividades misioneras, adem\u00e1s de un torneo de tenis de mesa, del 5-15 de julio de 2023. [Fotograf\u00eda: Uni\u00f3n Puertorrique\u00f1a]<\/p><\/div>10 de agosto de 2023 | Mayag\u00fcez, Puerto Rico | David Sebastian y Noticias de la Divisi\u00f3n Interamericana<\/p>\n<p>Un grupo de j\u00f3venes de todo Puerto Rico empac\u00f3 sus maletas y tiendas para viajar hasta Utuado, una municipalidad monta\u00f1osa en la regi\u00f3n centro-norte de la isla, y participar all\u00ed en actividades de impacto misionero adem\u00e1s de un torneo de tenis de mesa en la comunidad, del 5-15 de julio de 2023.<\/p>\n<p>El grupo de 19 j\u00f3venes adventistas, de entre 16 y 23 a\u00f1os, distribuyeron cajas de alimentos a familias de bajos ingresos, limpiaron las calles, pintaron hogares, cortaron la grama, recogieron desperdicios en parques y zonas p\u00fablicas, y visitaron varias agencias de gobierno y hogares. La comunidad fue invitada a dos campa\u00f1as de evangelizaci\u00f3n, una en una cancha de deportes en la comunidad y otra en la iglesia adventista del Barrio Sabana Grande. Durante la campa\u00f1a, los j\u00f3venes compartieron libros misioneros, oraron por todo aquel que necesitaba oraciones y distribuyeron platos de comida.<\/p>\n<p><div id=\"attachment_101866\" style=\"width: 844px\" class=\"wp-caption aligncenter\"><img decoding=\"async\" aria-describedby=\"caption-attachment-101866\" class=\" wp-image-101864\" src=\"https:\/\/interamerica.org\/wp-content\/uploads\/2023\/08\/puru-caleb-ampitheater.jpg\" alt=\"\" width=\"834\" height=\"625\" srcset=\"https:\/\/interamerica.org\/wp-content\/uploads\/2023\/08\/puru-caleb-ampitheater.jpg 900w, https:\/\/interamerica.org\/wp-content\/uploads\/2023\/08\/puru-caleb-ampitheater-300x225.jpg 300w, https:\/\/interamerica.org\/wp-content\/uploads\/2023\/08\/puru-caleb-ampitheater-768x576.jpg 768w\" sizes=\"(max-width: 834px) 100vw, 834px\" \/><p id=\"caption-attachment-101866\" class=\"wp-caption-text\">Un miembro del equipo de Misi\u00f3n Caleb lava a presi\u00f3n el Anfiteatro \u00c1ngel Lile Medina de Utuado, Puerto Rico. [Fotograf\u00eda: Uni\u00f3n Puertorrique\u00f1a]<\/p><\/div>La iniciativa, denominada Misi\u00f3n Caleb, es parte de un programa de evangelizaci\u00f3n de la Iglesia Adventista, en la que los j\u00f3venes participan de actividades sociales y de testificaci\u00f3n durante sus vacaciones de verano.<\/p>\n<p>Jorge P\u00e9rez, el alcalde de Utuado, agradeci\u00f3 a los j\u00f3venes adventistas por sus servicios a la municipalidad. \u201cHan llegado hasta Utuado para traernos un poco de diversi\u00f3n, educaci\u00f3n y cosas que pueden ayudar a que los seres humanos reflexionen y traigan la Palabra de Dios\u201d, expres\u00f3.<\/p>\n<p><div id=\"attachment_101881\" style=\"width: 824px\" class=\"wp-caption aligncenter\"><img decoding=\"async\" aria-describedby=\"caption-attachment-101881\" class=\" wp-image-101879\" src=\"https:\/\/interamerica.org\/wp-content\/uploads\/2023\/08\/puru-mision-caleb-youth-series-1.jpeg\" alt=\"\" width=\"814\" height=\"610\" srcset=\"https:\/\/interamerica.org\/wp-content\/uploads\/2023\/08\/puru-mision-caleb-youth-series-1.jpeg 900w, https:\/\/interamerica.org\/wp-content\/uploads\/2023\/08\/puru-mision-caleb-youth-series-1-300x225.jpeg 300w, https:\/\/interamerica.org\/wp-content\/uploads\/2023\/08\/puru-mision-caleb-youth-series-1-768x576.jpeg 768w\" sizes=\"(max-width: 814px) 100vw, 814px\" \/><p id=\"caption-attachment-101881\" class=\"wp-caption-text\">El director de ministerios j\u00f3venes de la Uni\u00f3n Puertorrique\u00f1a presenta al grupo de j\u00f3venes que estuvo al frente de la campa\u00f1a de evangelismo joven en la iglesia adventista del Barrio Sabana Grande cerca de Utuado. [Fotograf\u00eda: Uni\u00f3n Puertorrique\u00f1a]<\/p><\/div>De manera similar, Carmen Myriam Gonz\u00e1lez, directora de la Oficina Iniciativas Comunitarias y Base de Fe de Utuado, dijo: \u201cUtuado les agradece, Misi\u00f3n Caleb, y les tiene las puertas abiertas, porque ustedes ya son parte de nosotros\u201d.<\/p>\n<p><strong>Torneo de tenis de mesa <\/strong><\/p>\n<p>Sesenta y cinco jugadores se hicieron presentes para el torneo de tenis de mesa y decenas de la comunidad observaron a los participantes de nivel inicial y avanzado el pasado 9 de julio de 2023. La m\u00fasica y un devocional especial a cargo del equipo de Misi\u00f3n Caleb dio inicio al evento y cont\u00f3 con la presencia de Fabiola D\u00edaz, medalla de oro en tenis de mesa en los Juegos Centroamericanos, y de Yeriel L\u00f3pez, medallista en tenis de mesa de los Juegos Paraol\u00edmpicos de Colombia.<\/p>\n<p><div id=\"attachment_101869\" style=\"width: 532px\" class=\"wp-caption aligncenter\"><img loading=\"lazy\" decoding=\"async\" aria-describedby=\"caption-attachment-101869\" class=\" wp-image-101867\" src=\"https:\/\/interamerica.org\/wp-content\/uploads\/2023\/08\/puru-caleb-house-painting-1.jpeg\" alt=\"\" width=\"522\" height=\"696\" srcset=\"https:\/\/interamerica.org\/wp-content\/uploads\/2023\/08\/puru-caleb-house-painting-1.jpeg 600w, https:\/\/interamerica.org\/wp-content\/uploads\/2023\/08\/puru-caleb-house-painting-1-225x300.jpeg 225w\" sizes=\"(max-width: 522px) 100vw, 522px\" \/><p id=\"caption-attachment-101869\" class=\"wp-caption-text\">J\u00f3venes pintan parte de una casa en Utuado, Puerto Rico. [Fotograf\u00eda: Uni\u00f3n Puertorrique\u00f1a]<\/p><\/div>Los ganadores recibieron medallas, y se invit\u00f3 a la audiencia a que mirara el <a href=\"https:\/\/interamerica.org\/2021\/09\/adventist-church-in-puerto-rico-showcases-first-major-film-throughout-the-island\/\">filme SPIN<\/a> en el Anfiteatro \u00c1ngel Lile Medina el 14 de julio. M\u00e1s de 120 personas se registraron para ver el filme y se apuntaron para recibir estudios b\u00edblicos. SPIN es un filme de evangelizaci\u00f3n de la Iglesia Adventista que fue producido y lanzado en Puerto Rico en 2021. Cuenta la historia de una adolescente que tiene problemas en su hogar, se une a un club de tenis de mesa, aprende a jugar el deporte, conoce a alguien que la ayuda a encontrar el significado de la vida, y termina jugando en una competici\u00f3n a nivel nacional.<\/p>\n<p>\u201cGracias por bendecir a nuestro pueblo\u201d, dijo Gonz\u00e1lez. \u201cRealmente hemos disfutado de todo lo que han hecho y por traernos este evento [del torneo y el filme]\u201d. Gonz\u00e1lez anim\u00f3 a los padres para que motiven a sus hijos a ser parte de las actividades misioneras para bendecir a otros de sus comunidades.<\/p>\n<p><div id=\"attachment_101884\" style=\"width: 861px\" class=\"wp-caption aligncenter\"><img loading=\"lazy\" decoding=\"async\" aria-describedby=\"caption-attachment-101884\" class=\" wp-image-101882\" src=\"https:\/\/interamerica.org\/wp-content\/uploads\/2023\/08\/puru-caleb-table-tennis-2.jpg\" alt=\"\" width=\"851\" height=\"536\" srcset=\"https:\/\/interamerica.org\/wp-content\/uploads\/2023\/08\/puru-caleb-table-tennis-2.jpg 900w, https:\/\/interamerica.org\/wp-content\/uploads\/2023\/08\/puru-caleb-table-tennis-2-300x189.jpg 300w, https:\/\/interamerica.org\/wp-content\/uploads\/2023\/08\/puru-caleb-table-tennis-2-768x484.jpg 768w\" sizes=\"(max-width: 851px) 100vw, 851px\" \/><p id=\"caption-attachment-101884\" class=\"wp-caption-text\">Los j\u00f3venes de la comunidad participant en un torneo de tenis de mesa organizado por el grupo de j\u00f3venes adventista del Centro Zaida Nieves And\u00fajar en Utuado, el 9 de julio de 2023. [Fotograf\u00eda: Uni\u00f3n Puertorrique\u00f1a]<\/p><\/div>Gustavo Garc\u00eda, director municipal de deportes y recreaci\u00f3n de Utuado, agradeci\u00f3 al grupo de j\u00f3venes por ayudar durante las dos semanas que pas\u00f3 en el pueblo. \u201cEsta ha sido una buena experiencia, participar de competencias saludables, y espero que puedan llevar esta iniciativa tambi\u00e9n a otras ciudades\u201d, dijo Garc\u00eda. \u201cLos desaf\u00edo a servir con entusiasmo, y a continuar colaborando como voluntarios en estos tipos de iniciativas que ser\u00e1n una bendici\u00f3n para ustedes en el futuro\u201d.<\/p>\n<p>Adem\u00e1s de ello, Bol\u00edvar Berm\u00fadez, vicealcalde de Utuado, tambi\u00e9n agradeci\u00f3 al grupo de j\u00f3venes y a sus l\u00edderes por su dedicaci\u00f3n para servir en la municipalidad. \u201cContin\u00faen haciendo el bien no solo en Utuado sino tambi\u00e9n en nuestro pa\u00eds\u201d, expres\u00f3. \u201cNecesitamos personas como ustedes, j\u00f3venes que se hagan cargo de este barco de nuestro pa\u00eds, para que puedan mantenerlo a flote\u201d.<\/p>\n<p><div id=\"attachment_101875\" style=\"width: 855px\" class=\"wp-caption aligncenter\"><img loading=\"lazy\" decoding=\"async\" aria-describedby=\"caption-attachment-101875\" class=\" wp-image-101873\" src=\"https:\/\/interamerica.org\/wp-content\/uploads\/2023\/08\/puru-caleb-spin-movie-1.jpeg\" alt=\"\" width=\"845\" height=\"634\" srcset=\"https:\/\/interamerica.org\/wp-content\/uploads\/2023\/08\/puru-caleb-spin-movie-1.jpeg 900w, https:\/\/interamerica.org\/wp-content\/uploads\/2023\/08\/puru-caleb-spin-movie-1-300x225.jpeg 300w, https:\/\/interamerica.org\/wp-content\/uploads\/2023\/08\/puru-caleb-spin-movie-1-768x576.jpeg 768w\" sizes=\"(max-width: 845px) 100vw, 845px\" \/><p id=\"caption-attachment-101875\" class=\"wp-caption-text\">Miembros del equipo de Misi\u00f3n Caleb se alistan para comenzar el culto de adoraci\u00f3n del pasado 14 de julio de 2023, en el Anfiteatro \u00c1ngel Lile Medina, antes de que se presentara el filme SPIN, en el \u00faltimo d\u00eda de la campa\u00f1a de evangelismo joven. [Fotograf\u00eda: Uni\u00f3n Puertorrique\u00f1a]<\/p><\/div>El pueblo estaba tan agradecido al grupo que el due\u00f1o de un restaurante les regal\u00f3 un almuerzo gratuito, y otro los invit\u00f3 tambi\u00e9n con una comida. El grupo de Misi\u00f3n Caleb tambi\u00e9n apareci\u00f3 en la estaci\u00f3n local de radio para explicar la iniciativa y sus actividades durante las dos semanas.<\/p>\n<p>Traducci\u00f3n de Marcos Paseggi<\/p>\n","protected":false},"excerpt":{"rendered":"<p>10 de agosto de 2023 | Mayag\u00fcez, Puerto Rico | David Sebastian y Noticias de la Divisi\u00f3n Interamericana Un grupo de j\u00f3venes de todo Puerto Rico empac\u00f3 sus maletas y&#8230;<\/p>\n","protected":false},"author":3,"featured_media":101860,"comment_status":"closed","ping_status":"closed","sticky":false,"template":"","format":"standard","meta":{"_acf_changed":false,"footnotes":""},"categories":[17,15],"tags":[],"class_list":["post-101912","post","type-post","status-publish","format-standard","has-post-thumbnail","hentry","category-desde-el-campo","category-rss-espanol"],"acf":[],"yoast_head":"<!-- This site is optimized with the Yoast SEO plugin v27.3 - https:\/\/yoast.com\/product\/yoast-seo-wordpress\/ -->\n<title>Iniciativa \u201cMisi\u00f3n Caleb\u201d impacta municipalidad monta\u00f1osa en Puerto Rico - Iglesia Adventista del S\u00e9ptimo D\u00eda - Divisi\u00f3n Interamericana<\/title>\n<meta name=\"robots\" content=\"index, follow, max-snippet:-1, max-image-preview:large, max-video-preview:-1\" \/>\n<link rel=\"canonical\" href=\"https:\/\/interamerica.org\/es\/2023\/08\/iniciativa-mision-caleb-impacta-municipalidad-montanosa-en-puerto-rico\/\" \/>\n<meta property=\"og:locale\" content=\"es_ES\" \/>\n<meta property=\"og:type\" content=\"article\" \/>\n<meta property=\"og:title\" content=\"Iniciativa \u201cMisi\u00f3n Caleb\u201d impacta municipalidad monta\u00f1osa en Puerto Rico - Iglesia Adventista del S\u00e9ptimo D\u00eda - Divisi\u00f3n Interamericana\" \/>\n<meta property=\"og:description\" content=\"10 de agosto de 2023 | Mayag\u00fcez, Puerto Rico | David Sebastian y Noticias de la Divisi\u00f3n Interamericana Un grupo de j\u00f3venes de todo Puerto Rico empac\u00f3 sus maletas y...\" \/>\n<meta property=\"og:url\" content=\"https:\/\/interamerica.org\/es\/2023\/08\/iniciativa-mision-caleb-impacta-municipalidad-montanosa-en-puerto-rico\/\" \/>\n<meta property=\"og:site_name\" content=\"Iglesia Adventista del S\u00e9ptimo D\u00eda - Divisi\u00f3n Interamericana\" \/>\n<meta property=\"article:published_time\" content=\"2023-08-11T03:01:16+00:00\" \/>\n<meta property=\"article:modified_time\" content=\"2023-08-11T16:01:52+00:00\" \/>\n<meta property=\"og:image\" content=\"https:\/\/interamerica.org\/wp-content\/uploads\/2023\/08\/puru-caleb-utuado-prayer-1-scaled.jpg\" \/>\n\t<meta property=\"og:image:width\" content=\"2560\" \/>\n\t<meta property=\"og:image:height\" content=\"1920\" \/>\n\t<meta property=\"og:image:type\" content=\"image\/jpeg\" \/>\n<meta name=\"author\" content=\"libna\" \/>\n<meta name=\"twitter:card\" content=\"summary_large_image\" \/>\n<meta name=\"twitter:label1\" content=\"Escrito por\" \/>\n\t<meta name=\"twitter:data1\" content=\"libna\" \/>\n\t<meta name=\"twitter:label2\" content=\"Tiempo de lectura\" \/>\n\t<meta name=\"twitter:data2\" content=\"6 minutos\" \/>\n<script type=\"application\/ld+json\" class=\"yoast-schema-graph\">{\"@context\":\"https:\\\/\\\/schema.org\",\"@graph\":[{\"@type\":\"Article\",\"@id\":\"https:\\\/\\\/interamerica.org\\\/es\\\/2023\\\/08\\\/iniciativa-mision-caleb-impacta-municipalidad-montanosa-en-puerto-rico\\\/#article\",\"isPartOf\":{\"@id\":\"https:\\\/\\\/interamerica.org\\\/es\\\/2023\\\/08\\\/iniciativa-mision-caleb-impacta-municipalidad-montanosa-en-puerto-rico\\\/\"},\"author\":{\"name\":\"libna\",\"@id\":\"https:\\\/\\\/interamerica.org\\\/es\\\/#\\\/schema\\\/person\\\/29998f2bc2d8bd0d38662909289b54f1\"},\"headline\":\"Iniciativa \u201cMisi\u00f3n Caleb\u201d impacta municipalidad monta\u00f1osa en Puerto Rico\",\"datePublished\":\"2023-08-11T03:01:16+00:00\",\"dateModified\":\"2023-08-11T16:01:52+00:00\",\"mainEntityOfPage\":{\"@id\":\"https:\\\/\\\/interamerica.org\\\/es\\\/2023\\\/08\\\/iniciativa-mision-caleb-impacta-municipalidad-montanosa-en-puerto-rico\\\/\"},\"wordCount\":1068,\"image\":{\"@id\":\"https:\\\/\\\/interamerica.org\\\/es\\\/2023\\\/08\\\/iniciativa-mision-caleb-impacta-municipalidad-montanosa-en-puerto-rico\\\/#primaryimage\"},\"thumbnailUrl\":\"https:\\\/\\\/interamerica.org\\\/wp-content\\\/uploads\\\/2023\\\/08\\\/puru-caleb-utuado-prayer-1-scaled.jpg\",\"articleSection\":[\"Desde el campo\",\"RSS Espa\u00f1ol\"],\"inLanguage\":\"es\"},{\"@type\":\"WebPage\",\"@id\":\"https:\\\/\\\/interamerica.org\\\/es\\\/2023\\\/08\\\/iniciativa-mision-caleb-impacta-municipalidad-montanosa-en-puerto-rico\\\/\",\"url\":\"https:\\\/\\\/interamerica.org\\\/es\\\/2023\\\/08\\\/iniciativa-mision-caleb-impacta-municipalidad-montanosa-en-puerto-rico\\\/\",\"name\":\"Iniciativa \u201cMisi\u00f3n Caleb\u201d impacta municipalidad monta\u00f1osa en Puerto Rico - Iglesia Adventista del S\u00e9ptimo D\u00eda - Divisi\u00f3n Interamericana\",\"isPartOf\":{\"@id\":\"https:\\\/\\\/interamerica.org\\\/es\\\/#website\"},\"primaryImageOfPage\":{\"@id\":\"https:\\\/\\\/interamerica.org\\\/es\\\/2023\\\/08\\\/iniciativa-mision-caleb-impacta-municipalidad-montanosa-en-puerto-rico\\\/#primaryimage\"},\"image\":{\"@id\":\"https:\\\/\\\/interamerica.org\\\/es\\\/2023\\\/08\\\/iniciativa-mision-caleb-impacta-municipalidad-montanosa-en-puerto-rico\\\/#primaryimage\"},\"thumbnailUrl\":\"https:\\\/\\\/interamerica.org\\\/wp-content\\\/uploads\\\/2023\\\/08\\\/puru-caleb-utuado-prayer-1-scaled.jpg\",\"datePublished\":\"2023-08-11T03:01:16+00:00\",\"dateModified\":\"2023-08-11T16:01:52+00:00\",\"author\":{\"@id\":\"https:\\\/\\\/interamerica.org\\\/es\\\/#\\\/schema\\\/person\\\/29998f2bc2d8bd0d38662909289b54f1\"},\"breadcrumb\":{\"@id\":\"https:\\\/\\\/interamerica.org\\\/es\\\/2023\\\/08\\\/iniciativa-mision-caleb-impacta-municipalidad-montanosa-en-puerto-rico\\\/#breadcrumb\"},\"inLanguage\":\"es\",\"potentialAction\":[{\"@type\":\"ReadAction\",\"target\":[\"https:\\\/\\\/interamerica.org\\\/es\\\/2023\\\/08\\\/iniciativa-mision-caleb-impacta-municipalidad-montanosa-en-puerto-rico\\\/\"]}]},{\"@type\":\"ImageObject\",\"inLanguage\":\"es\",\"@id\":\"https:\\\/\\\/interamerica.org\\\/es\\\/2023\\\/08\\\/iniciativa-mision-caleb-impacta-municipalidad-montanosa-en-puerto-rico\\\/#primaryimage\",\"url\":\"https:\\\/\\\/interamerica.org\\\/wp-content\\\/uploads\\\/2023\\\/08\\\/puru-caleb-utuado-prayer-1-scaled.jpg\",\"contentUrl\":\"https:\\\/\\\/interamerica.org\\\/wp-content\\\/uploads\\\/2023\\\/08\\\/puru-caleb-utuado-prayer-1-scaled.jpg\",\"width\":2560,\"height\":1920,\"caption\":\"[Photo: Puerto Rican Union]\"},{\"@type\":\"BreadcrumbList\",\"@id\":\"https:\\\/\\\/interamerica.org\\\/es\\\/2023\\\/08\\\/iniciativa-mision-caleb-impacta-municipalidad-montanosa-en-puerto-rico\\\/#breadcrumb\",\"itemListElement\":[{\"@type\":\"ListItem\",\"position\":1,\"name\":\"Home\",\"item\":\"https:\\\/\\\/interamerica.org\\\/es\\\/\"},{\"@type\":\"ListItem\",\"position\":2,\"name\":\"Iniciativa \u201cMisi\u00f3n Caleb\u201d impacta municipalidad monta\u00f1osa en Puerto Rico\"}]},{\"@type\":\"WebSite\",\"@id\":\"https:\\\/\\\/interamerica.org\\\/es\\\/#website\",\"url\":\"https:\\\/\\\/interamerica.org\\\/es\\\/\",\"name\":\"Iglesia Adventista del S\u00e9ptimo D\u00eda - Divisi\u00f3n Interamericana\",\"description\":\"\",\"potentialAction\":[{\"@type\":\"SearchAction\",\"target\":{\"@type\":\"EntryPoint\",\"urlTemplate\":\"https:\\\/\\\/interamerica.org\\\/es\\\/?s={search_term_string}\"},\"query-input\":{\"@type\":\"PropertyValueSpecification\",\"valueRequired\":true,\"valueName\":\"search_term_string\"}}],\"inLanguage\":\"es\"},{\"@type\":\"Person\",\"@id\":\"https:\\\/\\\/interamerica.org\\\/es\\\/#\\\/schema\\\/person\\\/29998f2bc2d8bd0d38662909289b54f1\",\"name\":\"libna\",\"image\":{\"@type\":\"ImageObject\",\"inLanguage\":\"es\",\"@id\":\"https:\\\/\\\/secure.gravatar.com\\\/avatar\\\/7c5bd30ae4b47a9ba3c856590957fd1d96dc588bf3ac05719d247e126840331f?s=96&d=mm&r=g\",\"url\":\"https:\\\/\\\/secure.gravatar.com\\\/avatar\\\/7c5bd30ae4b47a9ba3c856590957fd1d96dc588bf3ac05719d247e126840331f?s=96&d=mm&r=g\",\"contentUrl\":\"https:\\\/\\\/secure.gravatar.com\\\/avatar\\\/7c5bd30ae4b47a9ba3c856590957fd1d96dc588bf3ac05719d247e126840331f?s=96&d=mm&r=g\",\"caption\":\"libna\"}}]}<\/script>\n<!-- \/ Yoast SEO plugin. -->","yoast_head_json":{"title":"Iniciativa \u201cMisi\u00f3n Caleb\u201d impacta municipalidad monta\u00f1osa en Puerto Rico - Iglesia Adventista del S\u00e9ptimo D\u00eda - Divisi\u00f3n Interamericana","robots":{"index":"index","follow":"follow","max-snippet":"max-snippet:-1","max-image-preview":"max-image-preview:large","max-video-preview":"max-video-preview:-1"},"canonical":"https:\/\/interamerica.org\/es\/2023\/08\/iniciativa-mision-caleb-impacta-municipalidad-montanosa-en-puerto-rico\/","og_locale":"es_ES","og_type":"article","og_title":"Iniciativa \u201cMisi\u00f3n Caleb\u201d impacta municipalidad monta\u00f1osa en Puerto Rico - Iglesia Adventista del S\u00e9ptimo D\u00eda - Divisi\u00f3n Interamericana","og_description":"10 de agosto de 2023 | Mayag\u00fcez, Puerto Rico | David Sebastian y Noticias de la Divisi\u00f3n Interamericana Un grupo de j\u00f3venes de todo Puerto Rico empac\u00f3 sus maletas y...","og_url":"https:\/\/interamerica.org\/es\/2023\/08\/iniciativa-mision-caleb-impacta-municipalidad-montanosa-en-puerto-rico\/","og_site_name":"Iglesia Adventista del S\u00e9ptimo D\u00eda - Divisi\u00f3n Interamericana","article_published_time":"2023-08-11T03:01:16+00:00","article_modified_time":"2023-08-11T16:01:52+00:00","og_image":[{"width":2560,"height":1920,"url":"https:\/\/interamerica.org\/wp-content\/uploads\/2023\/08\/puru-caleb-utuado-prayer-1-scaled.jpg","type":"image\/jpeg"}],"author":"libna","twitter_card":"summary_large_image","twitter_misc":{"Escrito por":"libna","Tiempo de lectura":"6 minutos"},"schema":{"@context":"https:\/\/schema.org","@graph":[{"@type":"Article","@id":"https:\/\/interamerica.org\/es\/2023\/08\/iniciativa-mision-caleb-impacta-municipalidad-montanosa-en-puerto-rico\/#article","isPartOf":{"@id":"https:\/\/interamerica.org\/es\/2023\/08\/iniciativa-mision-caleb-impacta-municipalidad-montanosa-en-puerto-rico\/"},"author":{"name":"libna","@id":"https:\/\/interamerica.org\/es\/#\/schema\/person\/29998f2bc2d8bd0d38662909289b54f1"},"headline":"Iniciativa \u201cMisi\u00f3n Caleb\u201d impacta municipalidad monta\u00f1osa en Puerto Rico","datePublished":"2023-08-11T03:01:16+00:00","dateModified":"2023-08-11T16:01:52+00:00","mainEntityOfPage":{"@id":"https:\/\/interamerica.org\/es\/2023\/08\/iniciativa-mision-caleb-impacta-municipalidad-montanosa-en-puerto-rico\/"},"wordCount":1068,"image":{"@id":"https:\/\/interamerica.org\/es\/2023\/08\/iniciativa-mision-caleb-impacta-municipalidad-montanosa-en-puerto-rico\/#primaryimage"},"thumbnailUrl":"https:\/\/interamerica.org\/wp-content\/uploads\/2023\/08\/puru-caleb-utuado-prayer-1-scaled.jpg","articleSection":["Desde el campo","RSS Espa\u00f1ol"],"inLanguage":"es"},{"@type":"WebPage","@id":"https:\/\/interamerica.org\/es\/2023\/08\/iniciativa-mision-caleb-impacta-municipalidad-montanosa-en-puerto-rico\/","url":"https:\/\/interamerica.org\/es\/2023\/08\/iniciativa-mision-caleb-impacta-municipalidad-montanosa-en-puerto-rico\/","name":"Iniciativa \u201cMisi\u00f3n Caleb\u201d impacta municipalidad monta\u00f1osa en Puerto Rico - Iglesia Adventista del S\u00e9ptimo D\u00eda - Divisi\u00f3n Interamericana","isPartOf":{"@id":"https:\/\/interamerica.org\/es\/#website"},"primaryImageOfPage":{"@id":"https:\/\/interamerica.org\/es\/2023\/08\/iniciativa-mision-caleb-impacta-municipalidad-montanosa-en-puerto-rico\/#primaryimage"},"image":{"@id":"https:\/\/interamerica.org\/es\/2023\/08\/iniciativa-mision-caleb-impacta-municipalidad-montanosa-en-puerto-rico\/#primaryimage"},"thumbnailUrl":"https:\/\/interamerica.org\/wp-content\/uploads\/2023\/08\/puru-caleb-utuado-prayer-1-scaled.jpg","datePublished":"2023-08-11T03:01:16+00:00","dateModified":"2023-08-11T16:01:52+00:00","author":{"@id":"https:\/\/interamerica.org\/es\/#\/schema\/person\/29998f2bc2d8bd0d38662909289b54f1"},"breadcrumb":{"@id":"https:\/\/interamerica.org\/es\/2023\/08\/iniciativa-mision-caleb-impacta-municipalidad-montanosa-en-puerto-rico\/#breadcrumb"},"inLanguage":"es","potentialAction":[{"@type":"ReadAction","target":["https:\/\/interamerica.org\/es\/2023\/08\/iniciativa-mision-caleb-impacta-municipalidad-montanosa-en-puerto-rico\/"]}]},{"@type":"ImageObject","inLanguage":"es","@id":"https:\/\/interamerica.org\/es\/2023\/08\/iniciativa-mision-caleb-impacta-municipalidad-montanosa-en-puerto-rico\/#primaryimage","url":"https:\/\/interamerica.org\/wp-content\/uploads\/2023\/08\/puru-caleb-utuado-prayer-1-scaled.jpg","contentUrl":"https:\/\/interamerica.org\/wp-content\/uploads\/2023\/08\/puru-caleb-utuado-prayer-1-scaled.jpg","width":2560,"height":1920,"caption":"[Photo: Puerto Rican Union]"},{"@type":"BreadcrumbList","@id":"https:\/\/interamerica.org\/es\/2023\/08\/iniciativa-mision-caleb-impacta-municipalidad-montanosa-en-puerto-rico\/#breadcrumb","itemListElement":[{"@type":"ListItem","position":1,"name":"Home","item":"https:\/\/interamerica.org\/es\/"},{"@type":"ListItem","position":2,"name":"Iniciativa \u201cMisi\u00f3n Caleb\u201d impacta municipalidad monta\u00f1osa en Puerto Rico"}]},{"@type":"WebSite","@id":"https:\/\/interamerica.org\/es\/#website","url":"https:\/\/interamerica.org\/es\/","name":"Iglesia Adventista del S\u00e9ptimo D\u00eda - Divisi\u00f3n Interamericana","description":"","potentialAction":[{"@type":"SearchAction","target":{"@type":"EntryPoint","urlTemplate":"https:\/\/interamerica.org\/es\/?s={search_term_string}"},"query-input":{"@type":"PropertyValueSpecification","valueRequired":true,"valueName":"search_term_string"}}],"inLanguage":"es"},{"@type":"Person","@id":"https:\/\/interamerica.org\/es\/#\/schema\/person\/29998f2bc2d8bd0d38662909289b54f1","name":"libna","image":{"@type":"ImageObject","inLanguage":"es","@id":"https:\/\/secure.gravatar.com\/avatar\/7c5bd30ae4b47a9ba3c856590957fd1d96dc588bf3ac05719d247e126840331f?s=96&d=mm&r=g","url":"https:\/\/secure.gravatar.com\/avatar\/7c5bd30ae4b47a9ba3c856590957fd1d96dc588bf3ac05719d247e126840331f?s=96&d=mm&r=g","contentUrl":"https:\/\/secure.gravatar.com\/avatar\/7c5bd30ae4b47a9ba3c856590957fd1d96dc588bf3ac05719d247e126840331f?s=96&d=mm&r=g","caption":"libna"}}]}},"_links":{"self":[{"href":"https:\/\/interamerica.org\/es\/wp-json\/wp\/v2\/posts\/101912","targetHints":{"allow":["GET"]}}],"collection":[{"href":"https:\/\/interamerica.org\/es\/wp-json\/wp\/v2\/posts"}],"about":[{"href":"https:\/\/interamerica.org\/es\/wp-json\/wp\/v2\/types\/post"}],"author":[{"embeddable":true,"href":"https:\/\/interamerica.org\/es\/wp-json\/wp\/v2\/users\/3"}],"replies":[{"embeddable":true,"href":"https:\/\/interamerica.org\/es\/wp-json\/wp\/v2\/comments?post=101912"}],"version-history":[{"count":0,"href":"https:\/\/interamerica.org\/es\/wp-json\/wp\/v2\/posts\/101912\/revisions"}],"wp:featuredmedia":[{"embeddable":true,"href":"https:\/\/interamerica.org\/es\/wp-json\/wp\/v2\/media\/101860"}],"wp:attachment":[{"href":"https:\/\/interamerica.org\/es\/wp-json\/wp\/v2\/media?parent=101912"}],"wp:term":[{"taxonomy":"category","embeddable":true,"href":"https:\/\/interamerica.org\/es\/wp-json\/wp\/v2\/categories?post=101912"},{"taxonomy":"post_tag","embeddable":true,"href":"https:\/\/interamerica.org\/es\/wp-json\/wp\/v2\/tags?post=101912"}],"curies":[{"name":"wp","href":"https:\/\/api.w.org\/{rel}","templated":true}]}}