{"id":102073,"date":"2023-08-16T23:21:45","date_gmt":"2023-08-17T03:21:45","guid":{"rendered":"https:\/\/interamerica.org\/?p=102073"},"modified":"2023-08-17T10:03:17","modified_gmt":"2023-08-17T14:03:17","slug":"en-el-amazonas-venezolano-cacique-se-hace-adventista-gracias-a-programa-de-radio","status":"publish","type":"post","link":"https:\/\/interamerica.org\/es\/2023\/08\/en-el-amazonas-venezolano-cacique-se-hace-adventista-gracias-a-programa-de-radio\/","title":{"rendered":"En el Amazonas venezolano, cacique se hace adventista gracias a programa de radio"},"content":{"rendered":"<p><em>Norberto Chipiage y su familia est\u00e1n ayudando a establecer la primera congregaci\u00f3n en la zona.<\/em><\/p>\n<p>16 de agosto de 2023 | Atures, Estado de Amazonas, Venezuela | Di\u00f3genes Belisario, Steven&#8217;s Rosado, y Noticias de la Divisi\u00f3n Interamericana<\/p>\n<p>Un cacique ind\u00edgena y su familia que viven en la selva venezolana entregaron sus vidas a Jes\u00fas gracias a una estaci\u00f3n de radio adventista. Norberto Chipiage, cacique de las comunidades Nuevo Milenio en Atures, Estado de Amazonas, escuch\u00f3 el mensaje del evangelio en espa\u00f1ol en una transmisi\u00f3n de la radio adventista en Puerto Ayacucho, seg\u00fan Ybraham Mujica, pastor de la iglesia local y conductor del programa.<\/p>\n<p>\u201cPor la gracia de Dios, Chipiage escuch\u00f3 un mensaje de salvaci\u00f3n en la radio FM Plenitud 104.1\u201d, dijo el pastor Mujica. \u201cDespu\u00e9s de un a\u00f1o de escuchar el programa radial <em>La verdad presente<\/em> junto con su familia, el cacique llam\u00f3 a la estaci\u00f3n\u201d.<\/p>\n<p><div id=\"attachment_102064\" style=\"width: 481px\" class=\"wp-caption aligncenter\"><img fetchpriority=\"high\" decoding=\"async\" aria-describedby=\"caption-attachment-102064\" class=\" wp-image-102062\" src=\"https:\/\/interamerica.org\/wp-content\/uploads\/2023\/08\/evau-cacique-baptism.jpg\" alt=\"\" width=\"471\" height=\"707\" srcset=\"https:\/\/interamerica.org\/wp-content\/uploads\/2023\/08\/evau-cacique-baptism.jpg 480w, https:\/\/interamerica.org\/wp-content\/uploads\/2023\/08\/evau-cacique-baptism-200x300.jpg 200w\" sizes=\"(max-width: 471px) 100vw, 471px\" \/><p id=\"caption-attachment-102064\" class=\"wp-caption-text\">El pastor Ybraham Mujica ora por Norberto Chipiage (derecha) antes de bautizarlo en el r\u00edo Ca\u00f1o Carinagua en la selva venezolana en junio de 2023. Chipiage, l\u00edder de cuatro comunidades, se convirti\u00f3 al adventismo despu\u00e9s de escuchar a un programa de radio en la radio adventista local y recibir estudios b\u00edblicos. \u00c9l y su esposa junto con sus seis hijos tambi\u00e9n fueron bautizados. [Fotograf\u00eda: cortes\u00eda de Ybraham Mujica]<\/p><\/div>Despu\u00e9s de que Chipiage, de 37 a\u00f1os, llam\u00f3 a la estaci\u00f3n, Mujica y los ancianos de la iglesia local Idelfonso Castro y Jos\u00e9 Puerta fueron a visitarlo y le dieron estudios b\u00edblicos tanto a \u00e9l como a su familia. Norberto acept\u00f3 la fe adventista, contrajo matrimonio con Nayla, su compa\u00f1era de a\u00f1os, y fue bautizado junto con sus seis hijos en el r\u00edo Ca\u00f1o Carinagua a comienzos de junio de 2023.<\/p>\n<p>\u201cChipiage sufr\u00eda de una afecci\u00f3n grave que no le permit\u00eda caminar libremente\u201d, dijo el pastor Mujica. Los m\u00e9dicos hab\u00edan estado tratando de ayudarlo, pero sin \u00e9xito. \u201cSin embargo, despu\u00e9s de escuchar y aceptar el mensaje adventista, se encuentra recuper\u00e1ndose cada vez m\u00e1s\u201d, a\u00f1adi\u00f3 el pastor Mujica.<\/p>\n<p>Seg\u00fan Chipiage, los temas del programa radial <em>La verdad presente<\/em> que m\u00e1s le llamaron la atenci\u00f3n fueron la verdad sobre el s\u00e1bado b\u00edblico, los principios b\u00edblicos de salud, la ense\u00f1anza b\u00edblica sobre el santuario, los diez mandamientos y los mensajes de los tres \u00e1ngeles.<\/p>\n<p>Cont\u00f3 que hab\u00eda aceptado a Cristo en su coraz\u00f3n hace a\u00f1os y hab\u00eda estado asistiendo a otra denominaci\u00f3n cristiana por cierto tiempo. Pero despu\u00e9s de profundizar en el estudio de la Biblia, gracias en primer lugar al programa de la radio adventista y entonces a estudios personalizados con Mujica, decidi\u00f3 unirse a la Iglesia Adventista del S\u00e9ptimo D\u00eda. Chipiage mismo fue fundamental a la hora de compartir lo que hab\u00eda aprendido con su familia, lo que incluy\u00f3 la verdad sobre el d\u00eda de reposo de Dios.<\/p>\n<p><div id=\"attachment_102061\" style=\"width: 894px\" class=\"wp-caption aligncenter\"><img decoding=\"async\" aria-describedby=\"caption-attachment-102061\" class=\" wp-image-102059\" src=\"https:\/\/interamerica.org\/wp-content\/uploads\/2023\/08\/evau-cacique-family.jpg\" alt=\"\" width=\"884\" height=\"517\" srcset=\"https:\/\/interamerica.org\/wp-content\/uploads\/2023\/08\/evau-cacique-family.jpg 850w, https:\/\/interamerica.org\/wp-content\/uploads\/2023\/08\/evau-cacique-family-300x175.jpg 300w, https:\/\/interamerica.org\/wp-content\/uploads\/2023\/08\/evau-cacique-family-768x449.jpg 768w\" sizes=\"(max-width: 884px) 100vw, 884px\" \/><p id=\"caption-attachment-102061\" class=\"wp-caption-text\">Norberto Chipiage y su familia levantan las manos para aceptar las verdades de la Biblia, antes de ser bautizados por el pastor Ybraham Mujica en el r\u00edo Ca\u00f1o Carinagua. [Fotograf\u00eda: cortes\u00eda de Ybraham Mujica]<\/p><\/div>Las comunidades de Nuevo Milenio abarcan a ochenta familias distribuidas en cuatro comunidades locales, informaron los l\u00edderes. Chipiage hab\u00eda dirigido una de las comunidades y ahora est\u00e1 a cargo de cuatro de ellas, explicaron.<\/p>\n<p>No es la primera vez que la estadio de radio local ha sido fundamental para atraer a las personas para que estudien la Biblia y se acerquen a la Iglesia Adventista, dijo el pastor Mujica. Aunque la radio necesita nuevas oficinas y equipos de transmisi\u00f3n y su personal es reducido, la estaci\u00f3n est\u00e1 diseminando la verdad de la Biblia en la zona.<\/p>\n<p>Despu\u00e9s del bautismo de la familia Chipiage, el cacique se sinti\u00f3 tan agradecido a Dios que decidi\u00f3 donar una casa que puede ser transformada en la primera iglesia adventista en la zona, dijo Mujica.<\/p>\n<p>El 1 de julio de 2023, la familia Chipiage disfrut\u00f3 de participar de la primera Santa Cena en la nueva propiedad, dijo Mujica.<\/p>\n<p>El Estado de Amazonas es uno de los 23 que tiene Venezuela. Aunque cubre casi una quinta parte de la superficie del pa\u00eds, solo cuenta con el 0,3 por ciento de la poblaci\u00f3n.<\/p>\n<p>Traducci\u00f3n de Marcos Paseggi<\/p>\n","protected":false},"excerpt":{"rendered":"<p>Norberto Chipiage y su familia est\u00e1n ayudando a establecer la primera congregaci\u00f3n en la zona. 16 de agosto de 2023 | Atures, Estado de Amazonas, Venezuela | Di\u00f3genes Belisario, Steven&#8217;s&#8230;<\/p>\n","protected":false},"author":3,"featured_media":102070,"comment_status":"closed","ping_status":"closed","sticky":false,"template":"","format":"standard","meta":{"_acf_changed":false,"footnotes":""},"categories":[17,15],"tags":[],"class_list":["post-102073","post","type-post","status-publish","format-standard","has-post-thumbnail","hentry","category-desde-el-campo","category-rss-espanol"],"acf":[],"yoast_head":"<!-- This site is optimized with the Yoast SEO plugin v27.3 - https:\/\/yoast.com\/product\/yoast-seo-wordpress\/ -->\n<title>En el Amazonas venezolano, cacique se hace adventista gracias a programa de radio - Iglesia Adventista del S\u00e9ptimo D\u00eda - Divisi\u00f3n Interamericana<\/title>\n<meta name=\"robots\" content=\"index, follow, max-snippet:-1, max-image-preview:large, max-video-preview:-1\" \/>\n<link rel=\"canonical\" href=\"https:\/\/interamerica.org\/es\/2023\/08\/en-el-amazonas-venezolano-cacique-se-hace-adventista-gracias-a-programa-de-radio\/\" \/>\n<meta property=\"og:locale\" content=\"es_ES\" \/>\n<meta property=\"og:type\" content=\"article\" \/>\n<meta property=\"og:title\" content=\"En el Amazonas venezolano, cacique se hace adventista gracias a programa de radio - Iglesia Adventista del S\u00e9ptimo D\u00eda - Divisi\u00f3n Interamericana\" \/>\n<meta property=\"og:description\" content=\"Norberto Chipiage y su familia est\u00e1n ayudando a establecer la primera congregaci\u00f3n en la zona. 16 de agosto de 2023 | Atures, Estado de Amazonas, Venezuela | Di\u00f3genes Belisario, Steven&#8217;s...\" \/>\n<meta property=\"og:url\" content=\"https:\/\/interamerica.org\/es\/2023\/08\/en-el-amazonas-venezolano-cacique-se-hace-adventista-gracias-a-programa-de-radio\/\" \/>\n<meta property=\"og:site_name\" content=\"Iglesia Adventista del S\u00e9ptimo D\u00eda - Divisi\u00f3n Interamericana\" \/>\n<meta property=\"article:published_time\" content=\"2023-08-17T03:21:45+00:00\" \/>\n<meta property=\"article:modified_time\" content=\"2023-08-17T14:03:17+00:00\" \/>\n<meta property=\"og:image\" content=\"https:\/\/interamerica.org\/wp-content\/uploads\/2023\/08\/christian-lue-ykbc9hqr3u0-unsplash-scaled.jpg\" \/>\n\t<meta property=\"og:image:width\" content=\"2560\" \/>\n\t<meta property=\"og:image:height\" content=\"1706\" \/>\n\t<meta property=\"og:image:type\" content=\"image\/jpeg\" \/>\n<meta name=\"author\" content=\"libna\" \/>\n<meta name=\"twitter:card\" content=\"summary_large_image\" \/>\n<meta name=\"twitter:label1\" content=\"Escrito por\" \/>\n\t<meta name=\"twitter:data1\" content=\"libna\" \/>\n\t<meta name=\"twitter:label2\" content=\"Tiempo de lectura\" \/>\n\t<meta name=\"twitter:data2\" content=\"4 minutos\" \/>\n<script type=\"application\/ld+json\" class=\"yoast-schema-graph\">{\"@context\":\"https:\\\/\\\/schema.org\",\"@graph\":[{\"@type\":\"Article\",\"@id\":\"https:\\\/\\\/interamerica.org\\\/es\\\/2023\\\/08\\\/en-el-amazonas-venezolano-cacique-se-hace-adventista-gracias-a-programa-de-radio\\\/#article\",\"isPartOf\":{\"@id\":\"https:\\\/\\\/interamerica.org\\\/es\\\/2023\\\/08\\\/en-el-amazonas-venezolano-cacique-se-hace-adventista-gracias-a-programa-de-radio\\\/\"},\"author\":{\"name\":\"libna\",\"@id\":\"https:\\\/\\\/interamerica.org\\\/es\\\/#\\\/schema\\\/person\\\/29998f2bc2d8bd0d38662909289b54f1\"},\"headline\":\"En el Amazonas venezolano, cacique se hace adventista gracias a programa de radio\",\"datePublished\":\"2023-08-17T03:21:45+00:00\",\"dateModified\":\"2023-08-17T14:03:17+00:00\",\"mainEntityOfPage\":{\"@id\":\"https:\\\/\\\/interamerica.org\\\/es\\\/2023\\\/08\\\/en-el-amazonas-venezolano-cacique-se-hace-adventista-gracias-a-programa-de-radio\\\/\"},\"wordCount\":770,\"image\":{\"@id\":\"https:\\\/\\\/interamerica.org\\\/es\\\/2023\\\/08\\\/en-el-amazonas-venezolano-cacique-se-hace-adventista-gracias-a-programa-de-radio\\\/#primaryimage\"},\"thumbnailUrl\":\"https:\\\/\\\/interamerica.org\\\/wp-content\\\/uploads\\\/2023\\\/08\\\/christian-lue-ykbc9hqr3u0-unsplash-scaled.jpg\",\"articleSection\":[\"Desde el campo\",\"RSS Espa\u00f1ol\"],\"inLanguage\":\"es\"},{\"@type\":\"WebPage\",\"@id\":\"https:\\\/\\\/interamerica.org\\\/es\\\/2023\\\/08\\\/en-el-amazonas-venezolano-cacique-se-hace-adventista-gracias-a-programa-de-radio\\\/\",\"url\":\"https:\\\/\\\/interamerica.org\\\/es\\\/2023\\\/08\\\/en-el-amazonas-venezolano-cacique-se-hace-adventista-gracias-a-programa-de-radio\\\/\",\"name\":\"En el Amazonas venezolano, cacique se hace adventista gracias a programa de radio - Iglesia Adventista del S\u00e9ptimo D\u00eda - Divisi\u00f3n Interamericana\",\"isPartOf\":{\"@id\":\"https:\\\/\\\/interamerica.org\\\/es\\\/#website\"},\"primaryImageOfPage\":{\"@id\":\"https:\\\/\\\/interamerica.org\\\/es\\\/2023\\\/08\\\/en-el-amazonas-venezolano-cacique-se-hace-adventista-gracias-a-programa-de-radio\\\/#primaryimage\"},\"image\":{\"@id\":\"https:\\\/\\\/interamerica.org\\\/es\\\/2023\\\/08\\\/en-el-amazonas-venezolano-cacique-se-hace-adventista-gracias-a-programa-de-radio\\\/#primaryimage\"},\"thumbnailUrl\":\"https:\\\/\\\/interamerica.org\\\/wp-content\\\/uploads\\\/2023\\\/08\\\/christian-lue-ykbc9hqr3u0-unsplash-scaled.jpg\",\"datePublished\":\"2023-08-17T03:21:45+00:00\",\"dateModified\":\"2023-08-17T14:03:17+00:00\",\"author\":{\"@id\":\"https:\\\/\\\/interamerica.org\\\/es\\\/#\\\/schema\\\/person\\\/29998f2bc2d8bd0d38662909289b54f1\"},\"breadcrumb\":{\"@id\":\"https:\\\/\\\/interamerica.org\\\/es\\\/2023\\\/08\\\/en-el-amazonas-venezolano-cacique-se-hace-adventista-gracias-a-programa-de-radio\\\/#breadcrumb\"},\"inLanguage\":\"es\",\"potentialAction\":[{\"@type\":\"ReadAction\",\"target\":[\"https:\\\/\\\/interamerica.org\\\/es\\\/2023\\\/08\\\/en-el-amazonas-venezolano-cacique-se-hace-adventista-gracias-a-programa-de-radio\\\/\"]}]},{\"@type\":\"ImageObject\",\"inLanguage\":\"es\",\"@id\":\"https:\\\/\\\/interamerica.org\\\/es\\\/2023\\\/08\\\/en-el-amazonas-venezolano-cacique-se-hace-adventista-gracias-a-programa-de-radio\\\/#primaryimage\",\"url\":\"https:\\\/\\\/interamerica.org\\\/wp-content\\\/uploads\\\/2023\\\/08\\\/christian-lue-ykbc9hqr3u0-unsplash-scaled.jpg\",\"contentUrl\":\"https:\\\/\\\/interamerica.org\\\/wp-content\\\/uploads\\\/2023\\\/08\\\/christian-lue-ykbc9hqr3u0-unsplash-scaled.jpg\",\"width\":2560,\"height\":1706,\"caption\":\"[Photo: Christian Lue \\\/ Unsplash]\"},{\"@type\":\"BreadcrumbList\",\"@id\":\"https:\\\/\\\/interamerica.org\\\/es\\\/2023\\\/08\\\/en-el-amazonas-venezolano-cacique-se-hace-adventista-gracias-a-programa-de-radio\\\/#breadcrumb\",\"itemListElement\":[{\"@type\":\"ListItem\",\"position\":1,\"name\":\"Home\",\"item\":\"https:\\\/\\\/interamerica.org\\\/es\\\/\"},{\"@type\":\"ListItem\",\"position\":2,\"name\":\"En el Amazonas venezolano, cacique se hace adventista gracias a programa de radio\"}]},{\"@type\":\"WebSite\",\"@id\":\"https:\\\/\\\/interamerica.org\\\/es\\\/#website\",\"url\":\"https:\\\/\\\/interamerica.org\\\/es\\\/\",\"name\":\"Iglesia Adventista del S\u00e9ptimo D\u00eda - Divisi\u00f3n Interamericana\",\"description\":\"\",\"potentialAction\":[{\"@type\":\"SearchAction\",\"target\":{\"@type\":\"EntryPoint\",\"urlTemplate\":\"https:\\\/\\\/interamerica.org\\\/es\\\/?s={search_term_string}\"},\"query-input\":{\"@type\":\"PropertyValueSpecification\",\"valueRequired\":true,\"valueName\":\"search_term_string\"}}],\"inLanguage\":\"es\"},{\"@type\":\"Person\",\"@id\":\"https:\\\/\\\/interamerica.org\\\/es\\\/#\\\/schema\\\/person\\\/29998f2bc2d8bd0d38662909289b54f1\",\"name\":\"libna\",\"image\":{\"@type\":\"ImageObject\",\"inLanguage\":\"es\",\"@id\":\"https:\\\/\\\/secure.gravatar.com\\\/avatar\\\/7c5bd30ae4b47a9ba3c856590957fd1d96dc588bf3ac05719d247e126840331f?s=96&d=mm&r=g\",\"url\":\"https:\\\/\\\/secure.gravatar.com\\\/avatar\\\/7c5bd30ae4b47a9ba3c856590957fd1d96dc588bf3ac05719d247e126840331f?s=96&d=mm&r=g\",\"contentUrl\":\"https:\\\/\\\/secure.gravatar.com\\\/avatar\\\/7c5bd30ae4b47a9ba3c856590957fd1d96dc588bf3ac05719d247e126840331f?s=96&d=mm&r=g\",\"caption\":\"libna\"}}]}<\/script>\n<!-- \/ Yoast SEO plugin. -->","yoast_head_json":{"title":"En el Amazonas venezolano, cacique se hace adventista gracias a programa de radio - Iglesia Adventista del S\u00e9ptimo D\u00eda - Divisi\u00f3n Interamericana","robots":{"index":"index","follow":"follow","max-snippet":"max-snippet:-1","max-image-preview":"max-image-preview:large","max-video-preview":"max-video-preview:-1"},"canonical":"https:\/\/interamerica.org\/es\/2023\/08\/en-el-amazonas-venezolano-cacique-se-hace-adventista-gracias-a-programa-de-radio\/","og_locale":"es_ES","og_type":"article","og_title":"En el Amazonas venezolano, cacique se hace adventista gracias a programa de radio - Iglesia Adventista del S\u00e9ptimo D\u00eda - Divisi\u00f3n Interamericana","og_description":"Norberto Chipiage y su familia est\u00e1n ayudando a establecer la primera congregaci\u00f3n en la zona. 16 de agosto de 2023 | Atures, Estado de Amazonas, Venezuela | Di\u00f3genes Belisario, Steven&#8217;s...","og_url":"https:\/\/interamerica.org\/es\/2023\/08\/en-el-amazonas-venezolano-cacique-se-hace-adventista-gracias-a-programa-de-radio\/","og_site_name":"Iglesia Adventista del S\u00e9ptimo D\u00eda - Divisi\u00f3n Interamericana","article_published_time":"2023-08-17T03:21:45+00:00","article_modified_time":"2023-08-17T14:03:17+00:00","og_image":[{"width":2560,"height":1706,"url":"https:\/\/interamerica.org\/wp-content\/uploads\/2023\/08\/christian-lue-ykbc9hqr3u0-unsplash-scaled.jpg","type":"image\/jpeg"}],"author":"libna","twitter_card":"summary_large_image","twitter_misc":{"Escrito por":"libna","Tiempo de lectura":"4 minutos"},"schema":{"@context":"https:\/\/schema.org","@graph":[{"@type":"Article","@id":"https:\/\/interamerica.org\/es\/2023\/08\/en-el-amazonas-venezolano-cacique-se-hace-adventista-gracias-a-programa-de-radio\/#article","isPartOf":{"@id":"https:\/\/interamerica.org\/es\/2023\/08\/en-el-amazonas-venezolano-cacique-se-hace-adventista-gracias-a-programa-de-radio\/"},"author":{"name":"libna","@id":"https:\/\/interamerica.org\/es\/#\/schema\/person\/29998f2bc2d8bd0d38662909289b54f1"},"headline":"En el Amazonas venezolano, cacique se hace adventista gracias a programa de radio","datePublished":"2023-08-17T03:21:45+00:00","dateModified":"2023-08-17T14:03:17+00:00","mainEntityOfPage":{"@id":"https:\/\/interamerica.org\/es\/2023\/08\/en-el-amazonas-venezolano-cacique-se-hace-adventista-gracias-a-programa-de-radio\/"},"wordCount":770,"image":{"@id":"https:\/\/interamerica.org\/es\/2023\/08\/en-el-amazonas-venezolano-cacique-se-hace-adventista-gracias-a-programa-de-radio\/#primaryimage"},"thumbnailUrl":"https:\/\/interamerica.org\/wp-content\/uploads\/2023\/08\/christian-lue-ykbc9hqr3u0-unsplash-scaled.jpg","articleSection":["Desde el campo","RSS Espa\u00f1ol"],"inLanguage":"es"},{"@type":"WebPage","@id":"https:\/\/interamerica.org\/es\/2023\/08\/en-el-amazonas-venezolano-cacique-se-hace-adventista-gracias-a-programa-de-radio\/","url":"https:\/\/interamerica.org\/es\/2023\/08\/en-el-amazonas-venezolano-cacique-se-hace-adventista-gracias-a-programa-de-radio\/","name":"En el Amazonas venezolano, cacique se hace adventista gracias a programa de radio - Iglesia Adventista del S\u00e9ptimo D\u00eda - Divisi\u00f3n Interamericana","isPartOf":{"@id":"https:\/\/interamerica.org\/es\/#website"},"primaryImageOfPage":{"@id":"https:\/\/interamerica.org\/es\/2023\/08\/en-el-amazonas-venezolano-cacique-se-hace-adventista-gracias-a-programa-de-radio\/#primaryimage"},"image":{"@id":"https:\/\/interamerica.org\/es\/2023\/08\/en-el-amazonas-venezolano-cacique-se-hace-adventista-gracias-a-programa-de-radio\/#primaryimage"},"thumbnailUrl":"https:\/\/interamerica.org\/wp-content\/uploads\/2023\/08\/christian-lue-ykbc9hqr3u0-unsplash-scaled.jpg","datePublished":"2023-08-17T03:21:45+00:00","dateModified":"2023-08-17T14:03:17+00:00","author":{"@id":"https:\/\/interamerica.org\/es\/#\/schema\/person\/29998f2bc2d8bd0d38662909289b54f1"},"breadcrumb":{"@id":"https:\/\/interamerica.org\/es\/2023\/08\/en-el-amazonas-venezolano-cacique-se-hace-adventista-gracias-a-programa-de-radio\/#breadcrumb"},"inLanguage":"es","potentialAction":[{"@type":"ReadAction","target":["https:\/\/interamerica.org\/es\/2023\/08\/en-el-amazonas-venezolano-cacique-se-hace-adventista-gracias-a-programa-de-radio\/"]}]},{"@type":"ImageObject","inLanguage":"es","@id":"https:\/\/interamerica.org\/es\/2023\/08\/en-el-amazonas-venezolano-cacique-se-hace-adventista-gracias-a-programa-de-radio\/#primaryimage","url":"https:\/\/interamerica.org\/wp-content\/uploads\/2023\/08\/christian-lue-ykbc9hqr3u0-unsplash-scaled.jpg","contentUrl":"https:\/\/interamerica.org\/wp-content\/uploads\/2023\/08\/christian-lue-ykbc9hqr3u0-unsplash-scaled.jpg","width":2560,"height":1706,"caption":"[Photo: Christian Lue \/ Unsplash]"},{"@type":"BreadcrumbList","@id":"https:\/\/interamerica.org\/es\/2023\/08\/en-el-amazonas-venezolano-cacique-se-hace-adventista-gracias-a-programa-de-radio\/#breadcrumb","itemListElement":[{"@type":"ListItem","position":1,"name":"Home","item":"https:\/\/interamerica.org\/es\/"},{"@type":"ListItem","position":2,"name":"En el Amazonas venezolano, cacique se hace adventista gracias a programa de radio"}]},{"@type":"WebSite","@id":"https:\/\/interamerica.org\/es\/#website","url":"https:\/\/interamerica.org\/es\/","name":"Iglesia Adventista del S\u00e9ptimo D\u00eda - Divisi\u00f3n Interamericana","description":"","potentialAction":[{"@type":"SearchAction","target":{"@type":"EntryPoint","urlTemplate":"https:\/\/interamerica.org\/es\/?s={search_term_string}"},"query-input":{"@type":"PropertyValueSpecification","valueRequired":true,"valueName":"search_term_string"}}],"inLanguage":"es"},{"@type":"Person","@id":"https:\/\/interamerica.org\/es\/#\/schema\/person\/29998f2bc2d8bd0d38662909289b54f1","name":"libna","image":{"@type":"ImageObject","inLanguage":"es","@id":"https:\/\/secure.gravatar.com\/avatar\/7c5bd30ae4b47a9ba3c856590957fd1d96dc588bf3ac05719d247e126840331f?s=96&d=mm&r=g","url":"https:\/\/secure.gravatar.com\/avatar\/7c5bd30ae4b47a9ba3c856590957fd1d96dc588bf3ac05719d247e126840331f?s=96&d=mm&r=g","contentUrl":"https:\/\/secure.gravatar.com\/avatar\/7c5bd30ae4b47a9ba3c856590957fd1d96dc588bf3ac05719d247e126840331f?s=96&d=mm&r=g","caption":"libna"}}]}},"_links":{"self":[{"href":"https:\/\/interamerica.org\/es\/wp-json\/wp\/v2\/posts\/102073","targetHints":{"allow":["GET"]}}],"collection":[{"href":"https:\/\/interamerica.org\/es\/wp-json\/wp\/v2\/posts"}],"about":[{"href":"https:\/\/interamerica.org\/es\/wp-json\/wp\/v2\/types\/post"}],"author":[{"embeddable":true,"href":"https:\/\/interamerica.org\/es\/wp-json\/wp\/v2\/users\/3"}],"replies":[{"embeddable":true,"href":"https:\/\/interamerica.org\/es\/wp-json\/wp\/v2\/comments?post=102073"}],"version-history":[{"count":0,"href":"https:\/\/interamerica.org\/es\/wp-json\/wp\/v2\/posts\/102073\/revisions"}],"wp:featuredmedia":[{"embeddable":true,"href":"https:\/\/interamerica.org\/es\/wp-json\/wp\/v2\/media\/102070"}],"wp:attachment":[{"href":"https:\/\/interamerica.org\/es\/wp-json\/wp\/v2\/media?parent=102073"}],"wp:term":[{"taxonomy":"category","embeddable":true,"href":"https:\/\/interamerica.org\/es\/wp-json\/wp\/v2\/categories?post=102073"},{"taxonomy":"post_tag","embeddable":true,"href":"https:\/\/interamerica.org\/es\/wp-json\/wp\/v2\/tags?post=102073"}],"curies":[{"name":"wp","href":"https:\/\/api.w.org\/{rel}","templated":true}]}}