{"id":102089,"date":"2023-08-17T11:57:12","date_gmt":"2023-08-17T15:57:12","guid":{"rendered":"https:\/\/interamerica.org\/?p=102089"},"modified":"2023-08-17T20:14:44","modified_gmt":"2023-08-18T00:14:44","slug":"ataque-de-dron-interrumpe-distribucion-de-ayuda-de-adra-ucrania","status":"publish","type":"post","link":"https:\/\/interamerica.org\/es\/2023\/08\/ataque-de-dron-interrumpe-distribucion-de-ayuda-de-adra-ucrania\/","title":{"rendered":"Ataque de dron interrumpe distribuci\u00f3n de ayuda de ADRA Ucrania"},"content":{"rendered":"<h4>No se reportaron p\u00e9rdidas humanas cuando los veh\u00edculos sufrieron rondas de municiones.<\/h4>\n<p>17 de agosto de 2023 | Beryslav, Ucrania | ADRA Ucrania, y Adventist Review<\/p>\n<p>En la ma\u00f1ana del 11 de agosto, el dep\u00f3sito de ayuda humanitaria de la Agencia Adventista de Desarrollo y Recursos Asistenciales (ADRA) en Ucrania, ubicado en Beryslav, en la regi\u00f3n de Kherson, recibi\u00f3 un env\u00edo planificado de ayuda humanitaria que el equipo de voluntarios planeaba entregar ese d\u00eda a los beneficiarios. Al mismo tiempo, un dron que sobrevolaba el lugar de la distribuci\u00f3n dej\u00f3 caer tres explosivos que da\u00f1aron los veh\u00edculos que funcionarios locales hab\u00eda prestado a la agencia. El personal de ADRA Ucrania logr\u00f3 ponerse a resguardo unos segundos antes de las explosiones, y solo sufrieron contusiones menores.<\/p>\n<p><div id=\"attachment_102078\" style=\"width: 863px\" class=\"wp-caption aligncenter\"><img fetchpriority=\"high\" decoding=\"async\" aria-describedby=\"caption-attachment-102078\" class=\" wp-image-102076\" src=\"https:\/\/interamerica.org\/wp-content\/uploads\/2023\/08\/adra-ukraine-photo-2023-08-11-17-49-41-fix-1024x768.webp\" alt=\"\" width=\"853\" height=\"640\" srcset=\"https:\/\/interamerica.org\/wp-content\/uploads\/2023\/08\/adra-ukraine-photo-2023-08-11-17-49-41-fix-1024x768.webp 1024w, https:\/\/interamerica.org\/wp-content\/uploads\/2023\/08\/adra-ukraine-photo-2023-08-11-17-49-41-fix-300x225.webp 300w, https:\/\/interamerica.org\/wp-content\/uploads\/2023\/08\/adra-ukraine-photo-2023-08-11-17-49-41-fix-768x576.webp 768w, https:\/\/interamerica.org\/wp-content\/uploads\/2023\/08\/adra-ukraine-photo-2023-08-11-17-49-41-fix.webp 1280w\" sizes=\"(max-width: 853px) 100vw, 853px\" \/><p id=\"caption-attachment-102078\" class=\"wp-caption-text\">La fotograf\u00eda muestra parte del da\u00f1o a uno de los autom\u00f3viles que estaba siendo usado para distribuir ayuda humanitaria en Beryslav, en la regi\u00f3n de Kherson, Ukraine, el 11 de agosto. [Fotograf\u00eda: ADRA Ucrania]<\/p><\/div>Marina, una de las voluntarias de ADRA Ucrania, dijo: \u201cSe produjo justo antes de las 8:00. Est\u00e1bamos entregando paquetes de alimentos a la aldea de Novoberislav, donde viven 344 personas. Cuando est\u00e1bamos cargando la \u00faltima caja y nos aprest\u00e1bamos a irnos, escuchamos el sonido de un dron. Miramos hacia arriba y vimos que estaba sobrevol\u00e1ndonos. Los muchachos gritaron: \u201c\u00a1C\u00fabranse!\u201d y todos corrimos a ponernos a resguardo. Un segundo despu\u00e9s, el dron comenz\u00f3 a dejar caer explosivos. Dej\u00f3 caer tres en un minuto, uno directamente al cap\u00f3 (o cofre) del autom\u00f3vil, el segundo entre el segundo autom\u00f3vil y una furgoneta, y el tercero frente a la furgoneta misma. Afortunadamente, para entonces est\u00e1bamos en el b\u00fanker, por lo que todos estamos vivos y bien, pero sufri\u00f3 un traumatismo leve de esas explosiones, y a\u00fan tengo dolor de cabeza\u201d.<\/p>\n<p>Despu\u00e9s del ataque, los miembros del equipo descubrieron que tres de los veh\u00edculos ten\u00edan ruedas y radiadores con agujeros, ventanillas destruidas, y tambi\u00e9n algunas puertas rotas. Por ello, no pudimos distribuir la ayuda humanitaria en Novoberislav ese d\u00eda. Los funcionarios locales, incluido el alcalde de Novoberislav, hab\u00eda prestado los veh\u00edculos a ADRA para ayudar en la distribuci\u00f3n de paquetes de alimentos a los residentes, dado que el elevado volumen de ayuda humanitaria no le permitir\u00eda ser transportado exclusivamente por los veh\u00edculos de ADRA Ucrania.<\/p>\n<p>La carga humanitaria misma no sufri\u00f3 da\u00f1os y fue regresada al dep\u00f3sito despu\u00e9s de descargarla de los veh\u00edculos. El personal de la agencia llam\u00f3 a la polic\u00eda, y los agentes registraron todos los da\u00f1os.<\/p>\n<p><div id=\"attachment_102084\" style=\"width: 847px\" class=\"wp-caption aligncenter\"><img decoding=\"async\" aria-describedby=\"caption-attachment-102084\" class=\"wp-image-102082\" src=\"https:\/\/interamerica.org\/wp-content\/uploads\/2023\/08\/ukraine-2photo-2023-08-11-17-49-42-1024x768.webp\" alt=\"\" width=\"837\" height=\"628\" srcset=\"https:\/\/interamerica.org\/wp-content\/uploads\/2023\/08\/ukraine-2photo-2023-08-11-17-49-42-1024x768.webp 1024w, https:\/\/interamerica.org\/wp-content\/uploads\/2023\/08\/ukraine-2photo-2023-08-11-17-49-42-300x225.webp 300w, https:\/\/interamerica.org\/wp-content\/uploads\/2023\/08\/ukraine-2photo-2023-08-11-17-49-42-768x576.webp 768w, https:\/\/interamerica.org\/wp-content\/uploads\/2023\/08\/ukraine-2photo-2023-08-11-17-49-42.webp 1280w\" sizes=\"(max-width: 837px) 100vw, 837px\" \/><p id=\"caption-attachment-102084\" class=\"wp-caption-text\">Despu\u00e9s del ataque, los miembros del equipo descubrieron que tres de los veh\u00edculos ten\u00edan ruedas y radiadores con agujeros, ventanillas destruidas, y tambi\u00e9n algunas puertas rotas. [Fotograf\u00eda: ADRA Ucrania]<\/p><\/div>El 14 de agosto, Denise Brown, coordinadora humanitaria de las Naciones Unidas para Ucrania dio a conocer una declaraci\u00f3n donde se refiri\u00f3 al incidente.<\/p>\n<p>\u201cLos habitantes del sur del pa\u00eds, lo que incluye a las regiones de Kherson y Odessa, han soportado un fin de semana particularmente duro, dado que los ataques han producido muchos heridos y muertos civiles, incluidos ni\u00f1os\u201d, escribi\u00f3 Brown. \u201cLos ataques tambi\u00e9n han afectado a los humanitarios, y nuestra capacidad de apoyar a los que sufren las consecuencias de la guerra. El viernes [11 de agosto], nuestros colegas de la ONG ADRA tuvieron de interrumpir la tan necesaria distribuci\u00f3n de art\u00edculos esenciales, despu\u00e9s de que su dep\u00f3sito y autom\u00f3viles sufrieron da\u00f1os debido a la artiller\u00eda que recibieron en la regi\u00f3n de Kherson. Los civiles y las infraestructura civil tiene que ser respetada; jam\u00e1s tendr\u00edan que convertirse en un blanco\u201d.<\/p>\n<p><strong>Acerca de ADRA Ucrania<\/strong><\/p>\n<p>ADRA Ucrania es parte de la red global de ADRA Internacional, que opera en m\u00e1s de 130 pa\u00edses. La principal tarea de ADRA es apoyar a los necesitados y a los segmentos m\u00e1s vulnerables de la poblaci\u00f3n, mejorando sus vidas y ayud\u00e1ndolos a ser m\u00e1s activos y exitosos a la hora de vencer situaciones dif\u00edciles.<\/p>\n<p>En Ucrania, ADRA se ha registrado oficialmente y ha estado implementando proyectos humanitarios desde el 21 de febrero de 1993. ADRA Ucrania ayuda a las v\u00edctimas de conflictos y desastres, a los desplazados internos y sus familias, a los hu\u00e9rfanos en orfanatos y refugios, a los pacientes en los hospitales, a los que viven en lugares de conflictos, a los ancianos y discapacitados, y promueve asimismo un estilo de vida sano.<\/p>\n<p>La <a href=\"https:\/\/www.adra.ua\/en\/a-russian-drone-dropped-ammunition-on-the-adra-ukraine-warehouse-where-humanitarian-aid-was-being-shipped\/\">versi\u00f3n original<\/a> de esta noticia fue publicada por <a href=\"https:\/\/www.adra.ua\/en\/home-en\/\">ADRA Ucrania<\/a>.<\/p>\n<p>Traducci\u00f3n de Marcos Paseggi<\/p>\n","protected":false},"excerpt":{"rendered":"<p>No se reportaron p\u00e9rdidas humanas cuando los veh\u00edculos sufrieron rondas de municiones. 17 de agosto de 2023 | Beryslav, Ucrania | ADRA Ucrania, y Adventist Review En la ma\u00f1ana del&#8230;<\/p>\n","protected":false},"author":3,"featured_media":102078,"comment_status":"closed","ping_status":"closed","sticky":false,"template":"","format":"standard","meta":{"_acf_changed":false,"footnotes":""},"categories":[14,15],"tags":[],"class_list":["post-102089","post","type-post","status-publish","format-standard","has-post-thumbnail","hentry","category-de-la-iglesia-mundial","category-rss-espanol"],"acf":[],"yoast_head":"<!-- This site is optimized with the Yoast SEO plugin v27.3 - https:\/\/yoast.com\/product\/yoast-seo-wordpress\/ -->\n<title>Ataque de dron interrumpe distribuci\u00f3n de ayuda de ADRA Ucrania - Iglesia Adventista del S\u00e9ptimo D\u00eda - Divisi\u00f3n Interamericana<\/title>\n<meta name=\"robots\" content=\"index, follow, max-snippet:-1, max-image-preview:large, max-video-preview:-1\" \/>\n<link rel=\"canonical\" href=\"https:\/\/interamerica.org\/es\/2023\/08\/ataque-de-dron-interrumpe-distribucion-de-ayuda-de-adra-ucrania\/\" \/>\n<meta property=\"og:locale\" content=\"es_ES\" \/>\n<meta property=\"og:type\" content=\"article\" \/>\n<meta property=\"og:title\" content=\"Ataque de dron interrumpe distribuci\u00f3n de ayuda de ADRA Ucrania - Iglesia Adventista del S\u00e9ptimo D\u00eda - Divisi\u00f3n Interamericana\" \/>\n<meta property=\"og:description\" content=\"No se reportaron p\u00e9rdidas humanas cuando los veh\u00edculos sufrieron rondas de municiones. 17 de agosto de 2023 | Beryslav, Ucrania | ADRA Ucrania, y Adventist Review En la ma\u00f1ana del...\" \/>\n<meta property=\"og:url\" content=\"https:\/\/interamerica.org\/es\/2023\/08\/ataque-de-dron-interrumpe-distribucion-de-ayuda-de-adra-ucrania\/\" \/>\n<meta property=\"og:site_name\" content=\"Iglesia Adventista del S\u00e9ptimo D\u00eda - Divisi\u00f3n Interamericana\" \/>\n<meta property=\"article:published_time\" content=\"2023-08-17T15:57:12+00:00\" \/>\n<meta property=\"article:modified_time\" content=\"2023-08-18T00:14:44+00:00\" \/>\n<meta property=\"og:image\" content=\"https:\/\/interamerica.org\/wp-content\/uploads\/2023\/08\/adra-ukraine-photo-2023-08-11-17-49-41-fix.webp\" \/>\n\t<meta property=\"og:image:width\" content=\"1280\" \/>\n\t<meta property=\"og:image:height\" content=\"960\" \/>\n\t<meta property=\"og:image:type\" content=\"image\/webp\" \/>\n<meta name=\"author\" content=\"libna\" \/>\n<meta name=\"twitter:card\" content=\"summary_large_image\" \/>\n<meta name=\"twitter:label1\" content=\"Escrito por\" \/>\n\t<meta name=\"twitter:data1\" content=\"libna\" \/>\n\t<meta name=\"twitter:label2\" content=\"Tiempo de lectura\" \/>\n\t<meta name=\"twitter:data2\" content=\"4 minutos\" \/>\n<script type=\"application\/ld+json\" class=\"yoast-schema-graph\">{\"@context\":\"https:\\\/\\\/schema.org\",\"@graph\":[{\"@type\":\"Article\",\"@id\":\"https:\\\/\\\/interamerica.org\\\/es\\\/2023\\\/08\\\/ataque-de-dron-interrumpe-distribucion-de-ayuda-de-adra-ucrania\\\/#article\",\"isPartOf\":{\"@id\":\"https:\\\/\\\/interamerica.org\\\/es\\\/2023\\\/08\\\/ataque-de-dron-interrumpe-distribucion-de-ayuda-de-adra-ucrania\\\/\"},\"author\":{\"name\":\"libna\",\"@id\":\"https:\\\/\\\/interamerica.org\\\/es\\\/#\\\/schema\\\/person\\\/29998f2bc2d8bd0d38662909289b54f1\"},\"headline\":\"Ataque de dron interrumpe distribuci\u00f3n de ayuda de ADRA Ucrania\",\"datePublished\":\"2023-08-17T15:57:12+00:00\",\"dateModified\":\"2023-08-18T00:14:44+00:00\",\"mainEntityOfPage\":{\"@id\":\"https:\\\/\\\/interamerica.org\\\/es\\\/2023\\\/08\\\/ataque-de-dron-interrumpe-distribucion-de-ayuda-de-adra-ucrania\\\/\"},\"wordCount\":815,\"image\":{\"@id\":\"https:\\\/\\\/interamerica.org\\\/es\\\/2023\\\/08\\\/ataque-de-dron-interrumpe-distribucion-de-ayuda-de-adra-ucrania\\\/#primaryimage\"},\"thumbnailUrl\":\"https:\\\/\\\/interamerica.org\\\/wp-content\\\/uploads\\\/2023\\\/08\\\/adra-ukraine-photo-2023-08-11-17-49-41-fix.webp\",\"articleSection\":[\"Desde la iglesia mundial\",\"RSS Espa\u00f1ol\"],\"inLanguage\":\"es\"},{\"@type\":\"WebPage\",\"@id\":\"https:\\\/\\\/interamerica.org\\\/es\\\/2023\\\/08\\\/ataque-de-dron-interrumpe-distribucion-de-ayuda-de-adra-ucrania\\\/\",\"url\":\"https:\\\/\\\/interamerica.org\\\/es\\\/2023\\\/08\\\/ataque-de-dron-interrumpe-distribucion-de-ayuda-de-adra-ucrania\\\/\",\"name\":\"Ataque de dron interrumpe distribuci\u00f3n de ayuda de ADRA Ucrania - Iglesia Adventista del S\u00e9ptimo D\u00eda - Divisi\u00f3n Interamericana\",\"isPartOf\":{\"@id\":\"https:\\\/\\\/interamerica.org\\\/es\\\/#website\"},\"primaryImageOfPage\":{\"@id\":\"https:\\\/\\\/interamerica.org\\\/es\\\/2023\\\/08\\\/ataque-de-dron-interrumpe-distribucion-de-ayuda-de-adra-ucrania\\\/#primaryimage\"},\"image\":{\"@id\":\"https:\\\/\\\/interamerica.org\\\/es\\\/2023\\\/08\\\/ataque-de-dron-interrumpe-distribucion-de-ayuda-de-adra-ucrania\\\/#primaryimage\"},\"thumbnailUrl\":\"https:\\\/\\\/interamerica.org\\\/wp-content\\\/uploads\\\/2023\\\/08\\\/adra-ukraine-photo-2023-08-11-17-49-41-fix.webp\",\"datePublished\":\"2023-08-17T15:57:12+00:00\",\"dateModified\":\"2023-08-18T00:14:44+00:00\",\"author\":{\"@id\":\"https:\\\/\\\/interamerica.org\\\/es\\\/#\\\/schema\\\/person\\\/29998f2bc2d8bd0d38662909289b54f1\"},\"breadcrumb\":{\"@id\":\"https:\\\/\\\/interamerica.org\\\/es\\\/2023\\\/08\\\/ataque-de-dron-interrumpe-distribucion-de-ayuda-de-adra-ucrania\\\/#breadcrumb\"},\"inLanguage\":\"es\",\"potentialAction\":[{\"@type\":\"ReadAction\",\"target\":[\"https:\\\/\\\/interamerica.org\\\/es\\\/2023\\\/08\\\/ataque-de-dron-interrumpe-distribucion-de-ayuda-de-adra-ucrania\\\/\"]}]},{\"@type\":\"ImageObject\",\"inLanguage\":\"es\",\"@id\":\"https:\\\/\\\/interamerica.org\\\/es\\\/2023\\\/08\\\/ataque-de-dron-interrumpe-distribucion-de-ayuda-de-adra-ucrania\\\/#primaryimage\",\"url\":\"https:\\\/\\\/interamerica.org\\\/wp-content\\\/uploads\\\/2023\\\/08\\\/adra-ukraine-photo-2023-08-11-17-49-41-fix.webp\",\"contentUrl\":\"https:\\\/\\\/interamerica.org\\\/wp-content\\\/uploads\\\/2023\\\/08\\\/adra-ukraine-photo-2023-08-11-17-49-41-fix.webp\",\"width\":1280,\"height\":960,\"caption\":\"The photo shows part of the damage to one of the cars that was being used to distribute aid in Beryslav, Kherson region, Ukraine, on August 11. [Photo: ADRA Ukraine]\"},{\"@type\":\"BreadcrumbList\",\"@id\":\"https:\\\/\\\/interamerica.org\\\/es\\\/2023\\\/08\\\/ataque-de-dron-interrumpe-distribucion-de-ayuda-de-adra-ucrania\\\/#breadcrumb\",\"itemListElement\":[{\"@type\":\"ListItem\",\"position\":1,\"name\":\"Home\",\"item\":\"https:\\\/\\\/interamerica.org\\\/es\\\/\"},{\"@type\":\"ListItem\",\"position\":2,\"name\":\"Ataque de dron interrumpe distribuci\u00f3n de ayuda de ADRA Ucrania\"}]},{\"@type\":\"WebSite\",\"@id\":\"https:\\\/\\\/interamerica.org\\\/es\\\/#website\",\"url\":\"https:\\\/\\\/interamerica.org\\\/es\\\/\",\"name\":\"Iglesia Adventista del S\u00e9ptimo D\u00eda - Divisi\u00f3n Interamericana\",\"description\":\"\",\"potentialAction\":[{\"@type\":\"SearchAction\",\"target\":{\"@type\":\"EntryPoint\",\"urlTemplate\":\"https:\\\/\\\/interamerica.org\\\/es\\\/?s={search_term_string}\"},\"query-input\":{\"@type\":\"PropertyValueSpecification\",\"valueRequired\":true,\"valueName\":\"search_term_string\"}}],\"inLanguage\":\"es\"},{\"@type\":\"Person\",\"@id\":\"https:\\\/\\\/interamerica.org\\\/es\\\/#\\\/schema\\\/person\\\/29998f2bc2d8bd0d38662909289b54f1\",\"name\":\"libna\",\"image\":{\"@type\":\"ImageObject\",\"inLanguage\":\"es\",\"@id\":\"https:\\\/\\\/secure.gravatar.com\\\/avatar\\\/7c5bd30ae4b47a9ba3c856590957fd1d96dc588bf3ac05719d247e126840331f?s=96&d=mm&r=g\",\"url\":\"https:\\\/\\\/secure.gravatar.com\\\/avatar\\\/7c5bd30ae4b47a9ba3c856590957fd1d96dc588bf3ac05719d247e126840331f?s=96&d=mm&r=g\",\"contentUrl\":\"https:\\\/\\\/secure.gravatar.com\\\/avatar\\\/7c5bd30ae4b47a9ba3c856590957fd1d96dc588bf3ac05719d247e126840331f?s=96&d=mm&r=g\",\"caption\":\"libna\"}}]}<\/script>\n<!-- \/ Yoast SEO plugin. -->","yoast_head_json":{"title":"Ataque de dron interrumpe distribuci\u00f3n de ayuda de ADRA Ucrania - Iglesia Adventista del S\u00e9ptimo D\u00eda - Divisi\u00f3n Interamericana","robots":{"index":"index","follow":"follow","max-snippet":"max-snippet:-1","max-image-preview":"max-image-preview:large","max-video-preview":"max-video-preview:-1"},"canonical":"https:\/\/interamerica.org\/es\/2023\/08\/ataque-de-dron-interrumpe-distribucion-de-ayuda-de-adra-ucrania\/","og_locale":"es_ES","og_type":"article","og_title":"Ataque de dron interrumpe distribuci\u00f3n de ayuda de ADRA Ucrania - Iglesia Adventista del S\u00e9ptimo D\u00eda - Divisi\u00f3n Interamericana","og_description":"No se reportaron p\u00e9rdidas humanas cuando los veh\u00edculos sufrieron rondas de municiones. 17 de agosto de 2023 | Beryslav, Ucrania | ADRA Ucrania, y Adventist Review En la ma\u00f1ana del...","og_url":"https:\/\/interamerica.org\/es\/2023\/08\/ataque-de-dron-interrumpe-distribucion-de-ayuda-de-adra-ucrania\/","og_site_name":"Iglesia Adventista del S\u00e9ptimo D\u00eda - Divisi\u00f3n Interamericana","article_published_time":"2023-08-17T15:57:12+00:00","article_modified_time":"2023-08-18T00:14:44+00:00","og_image":[{"width":1280,"height":960,"url":"https:\/\/interamerica.org\/wp-content\/uploads\/2023\/08\/adra-ukraine-photo-2023-08-11-17-49-41-fix.webp","type":"image\/webp"}],"author":"libna","twitter_card":"summary_large_image","twitter_misc":{"Escrito por":"libna","Tiempo de lectura":"4 minutos"},"schema":{"@context":"https:\/\/schema.org","@graph":[{"@type":"Article","@id":"https:\/\/interamerica.org\/es\/2023\/08\/ataque-de-dron-interrumpe-distribucion-de-ayuda-de-adra-ucrania\/#article","isPartOf":{"@id":"https:\/\/interamerica.org\/es\/2023\/08\/ataque-de-dron-interrumpe-distribucion-de-ayuda-de-adra-ucrania\/"},"author":{"name":"libna","@id":"https:\/\/interamerica.org\/es\/#\/schema\/person\/29998f2bc2d8bd0d38662909289b54f1"},"headline":"Ataque de dron interrumpe distribuci\u00f3n de ayuda de ADRA Ucrania","datePublished":"2023-08-17T15:57:12+00:00","dateModified":"2023-08-18T00:14:44+00:00","mainEntityOfPage":{"@id":"https:\/\/interamerica.org\/es\/2023\/08\/ataque-de-dron-interrumpe-distribucion-de-ayuda-de-adra-ucrania\/"},"wordCount":815,"image":{"@id":"https:\/\/interamerica.org\/es\/2023\/08\/ataque-de-dron-interrumpe-distribucion-de-ayuda-de-adra-ucrania\/#primaryimage"},"thumbnailUrl":"https:\/\/interamerica.org\/wp-content\/uploads\/2023\/08\/adra-ukraine-photo-2023-08-11-17-49-41-fix.webp","articleSection":["Desde la iglesia mundial","RSS Espa\u00f1ol"],"inLanguage":"es"},{"@type":"WebPage","@id":"https:\/\/interamerica.org\/es\/2023\/08\/ataque-de-dron-interrumpe-distribucion-de-ayuda-de-adra-ucrania\/","url":"https:\/\/interamerica.org\/es\/2023\/08\/ataque-de-dron-interrumpe-distribucion-de-ayuda-de-adra-ucrania\/","name":"Ataque de dron interrumpe distribuci\u00f3n de ayuda de ADRA Ucrania - Iglesia Adventista del S\u00e9ptimo D\u00eda - Divisi\u00f3n Interamericana","isPartOf":{"@id":"https:\/\/interamerica.org\/es\/#website"},"primaryImageOfPage":{"@id":"https:\/\/interamerica.org\/es\/2023\/08\/ataque-de-dron-interrumpe-distribucion-de-ayuda-de-adra-ucrania\/#primaryimage"},"image":{"@id":"https:\/\/interamerica.org\/es\/2023\/08\/ataque-de-dron-interrumpe-distribucion-de-ayuda-de-adra-ucrania\/#primaryimage"},"thumbnailUrl":"https:\/\/interamerica.org\/wp-content\/uploads\/2023\/08\/adra-ukraine-photo-2023-08-11-17-49-41-fix.webp","datePublished":"2023-08-17T15:57:12+00:00","dateModified":"2023-08-18T00:14:44+00:00","author":{"@id":"https:\/\/interamerica.org\/es\/#\/schema\/person\/29998f2bc2d8bd0d38662909289b54f1"},"breadcrumb":{"@id":"https:\/\/interamerica.org\/es\/2023\/08\/ataque-de-dron-interrumpe-distribucion-de-ayuda-de-adra-ucrania\/#breadcrumb"},"inLanguage":"es","potentialAction":[{"@type":"ReadAction","target":["https:\/\/interamerica.org\/es\/2023\/08\/ataque-de-dron-interrumpe-distribucion-de-ayuda-de-adra-ucrania\/"]}]},{"@type":"ImageObject","inLanguage":"es","@id":"https:\/\/interamerica.org\/es\/2023\/08\/ataque-de-dron-interrumpe-distribucion-de-ayuda-de-adra-ucrania\/#primaryimage","url":"https:\/\/interamerica.org\/wp-content\/uploads\/2023\/08\/adra-ukraine-photo-2023-08-11-17-49-41-fix.webp","contentUrl":"https:\/\/interamerica.org\/wp-content\/uploads\/2023\/08\/adra-ukraine-photo-2023-08-11-17-49-41-fix.webp","width":1280,"height":960,"caption":"The photo shows part of the damage to one of the cars that was being used to distribute aid in Beryslav, Kherson region, Ukraine, on August 11. [Photo: ADRA Ukraine]"},{"@type":"BreadcrumbList","@id":"https:\/\/interamerica.org\/es\/2023\/08\/ataque-de-dron-interrumpe-distribucion-de-ayuda-de-adra-ucrania\/#breadcrumb","itemListElement":[{"@type":"ListItem","position":1,"name":"Home","item":"https:\/\/interamerica.org\/es\/"},{"@type":"ListItem","position":2,"name":"Ataque de dron interrumpe distribuci\u00f3n de ayuda de ADRA Ucrania"}]},{"@type":"WebSite","@id":"https:\/\/interamerica.org\/es\/#website","url":"https:\/\/interamerica.org\/es\/","name":"Iglesia Adventista del S\u00e9ptimo D\u00eda - Divisi\u00f3n Interamericana","description":"","potentialAction":[{"@type":"SearchAction","target":{"@type":"EntryPoint","urlTemplate":"https:\/\/interamerica.org\/es\/?s={search_term_string}"},"query-input":{"@type":"PropertyValueSpecification","valueRequired":true,"valueName":"search_term_string"}}],"inLanguage":"es"},{"@type":"Person","@id":"https:\/\/interamerica.org\/es\/#\/schema\/person\/29998f2bc2d8bd0d38662909289b54f1","name":"libna","image":{"@type":"ImageObject","inLanguage":"es","@id":"https:\/\/secure.gravatar.com\/avatar\/7c5bd30ae4b47a9ba3c856590957fd1d96dc588bf3ac05719d247e126840331f?s=96&d=mm&r=g","url":"https:\/\/secure.gravatar.com\/avatar\/7c5bd30ae4b47a9ba3c856590957fd1d96dc588bf3ac05719d247e126840331f?s=96&d=mm&r=g","contentUrl":"https:\/\/secure.gravatar.com\/avatar\/7c5bd30ae4b47a9ba3c856590957fd1d96dc588bf3ac05719d247e126840331f?s=96&d=mm&r=g","caption":"libna"}}]}},"_links":{"self":[{"href":"https:\/\/interamerica.org\/es\/wp-json\/wp\/v2\/posts\/102089","targetHints":{"allow":["GET"]}}],"collection":[{"href":"https:\/\/interamerica.org\/es\/wp-json\/wp\/v2\/posts"}],"about":[{"href":"https:\/\/interamerica.org\/es\/wp-json\/wp\/v2\/types\/post"}],"author":[{"embeddable":true,"href":"https:\/\/interamerica.org\/es\/wp-json\/wp\/v2\/users\/3"}],"replies":[{"embeddable":true,"href":"https:\/\/interamerica.org\/es\/wp-json\/wp\/v2\/comments?post=102089"}],"version-history":[{"count":0,"href":"https:\/\/interamerica.org\/es\/wp-json\/wp\/v2\/posts\/102089\/revisions"}],"wp:featuredmedia":[{"embeddable":true,"href":"https:\/\/interamerica.org\/es\/wp-json\/wp\/v2\/media\/102078"}],"wp:attachment":[{"href":"https:\/\/interamerica.org\/es\/wp-json\/wp\/v2\/media?parent=102089"}],"wp:term":[{"taxonomy":"category","embeddable":true,"href":"https:\/\/interamerica.org\/es\/wp-json\/wp\/v2\/categories?post=102089"},{"taxonomy":"post_tag","embeddable":true,"href":"https:\/\/interamerica.org\/es\/wp-json\/wp\/v2\/tags?post=102089"}],"curies":[{"name":"wp","href":"https:\/\/api.w.org\/{rel}","templated":true}]}}