{"id":102186,"date":"2023-08-17T14:45:37","date_gmt":"2023-08-17T18:45:37","guid":{"rendered":"https:\/\/interamerica.org\/?p=102186"},"modified":"2023-08-18T06:27:56","modified_gmt":"2023-08-18T10:27:56","slug":"servicio-adventista-a-la-comunidad-se-une-a-las-labores-humanitarias-en-hawai-despues-que-el-fuego-en-maui","status":"publish","type":"post","link":"https:\/\/interamerica.org\/es\/2023\/08\/servicio-adventista-a-la-comunidad-se-une-a-las-labores-humanitarias-en-hawai-despues-que-el-fuego-en-maui\/","title":{"rendered":"Servicio Adventista a la Comunidad se une a las labores humanitarias en Haw\u00e1i despu\u00e9s que el fuego en Maui"},"content":{"rendered":"<p>17 de agosto de 2023\u00a0|\u00a0Columbia, Maryland, Estados Unidos\u00a0|\u00a0Oficina de Comunicaci\u00f3n de la Divisi\u00f3n Norteamericana<\/p>\n<p>El personal de Respuesta en Caso de Desastres, de Servicio Adventista a la Comunidad (ACS DR, por sus siglas en ingl\u00e9s) se ha unido a las labores humanitarias y de recuperaci\u00f3n en Haw\u00e1i; y se siguen formulando planes mientras las organizaciones unen sus manos para apoyar a las personas afectadas por los incendios forestales que ardieron a trav\u00e9s Lahaina y otras partes de \u00a0Maui la semana pasada. El director de ACS de la Asociaci\u00f3n de Haw\u00e1i, Mark Tamalaa, dirigi\u00f3 los esfuerzos locales estableciendo un refugio en Maui, en donde han tenido lugar los mayores da\u00f1os.<\/p>\n<p>M\u00e1s de 100 personas perecieron cuando los incendios forestales de la semana pasada destruyeron la hist\u00f3rica poblaci\u00f3n de Lahaina y dejaron sin techo a miles de residentes, siendo que m\u00e1s de 270 estructures quedaron da\u00f1adas o destruidas. El incendio forestal en Maui ha superado al llamado Camp Fire 2018 en California, como el m\u00e1s mort\u00edfero incendio forestal en los Estados Unidos en m\u00e1s de un siglo. Muchas personas no tuvieron posibilidad de evacuar cuando la carretera principal que corre a lo largo de la costa occidental de Maui \u2014y tambi\u00e9n la \u00fanica carretera de entrada y salida de Lahaina\u2014, estuvo cerrada al tr\u00e1nsito vehicular, mientras continuaban los esfuerzos de los bomberos y los de rescate de emergencia. Esa carretera volvi\u00f3 a abrirse el 16 de agosto.<\/p>\n<p><div id=\"attachment_102095\" style=\"width: 852px\" class=\"wp-caption aligncenter\"><img fetchpriority=\"high\" decoding=\"async\" aria-describedby=\"caption-attachment-102095\" class=\" wp-image-102093\" src=\"https:\/\/interamerica.org\/wp-content\/uploads\/2023\/08\/lahaina-hawaii-fire-cc-1280-1024x640.jpg\" alt=\"\" width=\"842\" height=\"526\" srcset=\"https:\/\/interamerica.org\/wp-content\/uploads\/2023\/08\/lahaina-hawaii-fire-cc-1280-1024x640.jpg 1024w, https:\/\/interamerica.org\/wp-content\/uploads\/2023\/08\/lahaina-hawaii-fire-cc-1280-300x188.jpg 300w, https:\/\/interamerica.org\/wp-content\/uploads\/2023\/08\/lahaina-hawaii-fire-cc-1280-768x480.jpg 768w, https:\/\/interamerica.org\/wp-content\/uploads\/2023\/08\/lahaina-hawaii-fire-cc-1280.jpg 1280w\" sizes=\"(max-width: 842px) 100vw, 842px\" \/><p id=\"caption-attachment-102095\" class=\"wp-caption-text\">Una vista del \u00e1rea calcinada en Lahaina, Maui, Haw\u00e1i, despu\u00e9s que el fuego se difundi\u00f3 a trav\u00e9s de la costa a principios de agosto de 2023. [Imagen: State Farm \/ Creative Commons]<\/p><\/div>En la Iglesia Adventista del S\u00e9ptimo D\u00eda Kahului, \u201cestamos alojando a unos 50 residentes que han visto incendiados sus hogares\u201d, dijo W. Derrick Lea, director de ACS de la Divisi\u00f3n Norteamericana, que se ha reunido con el director Tamalaa, los dirigentes de la Asociaci\u00f3n de Haw\u00e1i, otros empleados de ACS y otras agencias humanitarias. \u201cNo estamos seguros de cu\u00e1nto tiempo se har\u00e1n necesarios estos esfuerzos, pero la Asociaci\u00f3n de Haw\u00e1i ha determinado que vamos a apoyar a estas personas necesitadas seg\u00fan sea apropiado. Adem\u00e1s de que ACS est\u00e1 ofreciendo este servicio, nos estamos asociando con el Salvation Army (Ej\u00e9rcito de Salvaci\u00f3n), que est\u00e1 distribuyendo comidas calientes y otros alimentos entre las personas alojadas\u201d, Se ha provisto tambi\u00e9n atenci\u00f3n espiritual a esas personas, por parte de ACS.<\/p>\n<p>El director Lea inform\u00f3 que el Estado de Haw\u00e1i le ha pedido a la directora de ACS de la Uni\u00f3n Asociaci\u00f3n del Pac\u00edfico, Charlene Sargent, que preste sus servicios como \u201cexperta en la materia\u201d, en el centro de comando de operaciones de emergencia (EOC) en Maui, ayudando en la secci\u00f3n de donaciones. \u201cEsto nos ofrece una oportunidad para tener un representante dentro de las operaciones, que nos puede proveer informaci\u00f3n acerca de c\u00f3mo van los esfuerzos de recuperaci\u00f3n. Estaremos en comunicaci\u00f3n con EOC a trav\u00e9s de Charlene y planificaremos utilizando algunos de nuestros recursos para ofrecer sitios de distribuci\u00f3n en torno a la zona afectada\u201d.<\/p>\n<p>El lunes de ma\u00f1ana, 14 de agosto, ACS, en conjunto con m\u00e1s de 150 grupos gubernamentales y no gubernamentales, incluyendo la Agencia Federal de Manejo de Emergencias (FEMA), se discuti\u00f3 el estado de recuperaci\u00f3n en Maui. Hasta ese d\u00eda, los fuegos continuaban ardiendo en tres lugares y cerca de 5,000 residentes permanec\u00edan sin energ\u00eda el\u00e9ctrica.<\/p>\n<p>Aunque la \u00a0Iglesia Adventista del S\u00e9ptimo D\u00eda de Lahaina sufri\u00f3 algunos da\u00f1os, la propiedad de la iglesia posiblemente podr\u00e1 ser utilizada como sitio de distribuci\u00f3n de suministros, siendo que se han hecho planes acerca de c\u00f3mo se podr\u00eda lograr esto de la mejor manera al ponerse en marcha. \u201cAdem\u00e1s, estamos considerando obtener algunas de nuestras unidades de ba\u00f1os de \u00a0regadera y m\u00e1quinas de lavar ropa para ponerlas al servicio en los pr\u00f3ximos d\u00edas. Estos esfuerzos tendr\u00e1n el apoyo de los voluntarios locales de ACS; y la Asociaci\u00f3n de Haw\u00e1i est\u00e1 determinando c\u00f3mo se va a manejar esto\u201d, dijo el director Lea.<\/p>\n<p>Se ha informado que la Agencia Adventista de Desarrollo y Recursos Asistenciales (ADRA) tiene algunos suministros que pueden ser usados en un sitio de distribuci\u00f3n. \u201cDe acuerdo a nuestra necesidad, hemos estado de acuerdo en recibir carpas o tiendas de campa\u00f1a, kits de refugio y linternas solares. Estos art\u00edculos se usar\u00e1n para apoyar nuestra operaci\u00f3n en Haw\u00e1i y para entregarlos a las personas necesitadas en la zona afectada. Nos sentimos emocionados por la oportunidad de unir esfuerzos con nuestros amigos de ADRA\u201d, dijo el director Lea.<\/p>\n<p>Y a\u00f1adi\u00f3: \u201cEste esfuerzo continuar\u00e1 durante varios meses y se espera que esta hist\u00f3rica recuperaci\u00f3n dure m\u00e1s de un a\u00f1o. La Divisi\u00f3n Norteamericana apoyar\u00e1 a nuestra asociaci\u00f3n local y aprecia todas las oraciones y apoyo en favor de este esfuerzo\u201d.<\/p>\n<p>Traducci\u00f3n \u2013 Gloria A. Castrej\u00f3n<\/p>\n<p>&nbsp;<\/p>\n","protected":false},"excerpt":{"rendered":"<p>17 de agosto de 2023\u00a0|\u00a0Columbia, Maryland, Estados Unidos\u00a0|\u00a0Oficina de Comunicaci\u00f3n de la Divisi\u00f3n Norteamericana El personal de Respuesta en Caso de Desastres, de Servicio Adventista a la Comunidad (ACS DR,&#8230;<\/p>\n","protected":false},"author":3,"featured_media":102095,"comment_status":"closed","ping_status":"closed","sticky":false,"template":"","format":"standard","meta":{"_acf_changed":false,"footnotes":""},"categories":[14,15],"tags":[],"class_list":["post-102186","post","type-post","status-publish","format-standard","has-post-thumbnail","hentry","category-de-la-iglesia-mundial","category-rss-espanol"],"acf":[],"yoast_head":"<!-- This site is optimized with the Yoast SEO plugin v27.3 - https:\/\/yoast.com\/product\/yoast-seo-wordpress\/ -->\n<title>Servicio Adventista a la Comunidad se une a las labores humanitarias en Haw\u00e1i despu\u00e9s que el fuego en Maui - Iglesia Adventista del S\u00e9ptimo D\u00eda - Divisi\u00f3n Interamericana<\/title>\n<meta name=\"robots\" content=\"index, follow, max-snippet:-1, max-image-preview:large, max-video-preview:-1\" \/>\n<link rel=\"canonical\" href=\"https:\/\/interamerica.org\/es\/2023\/08\/servicio-adventista-a-la-comunidad-se-une-a-las-labores-humanitarias-en-hawai-despues-que-el-fuego-en-maui\/\" \/>\n<meta property=\"og:locale\" content=\"es_ES\" \/>\n<meta property=\"og:type\" content=\"article\" \/>\n<meta property=\"og:title\" content=\"Servicio Adventista a la Comunidad se une a las labores humanitarias en Haw\u00e1i despu\u00e9s que el fuego en Maui - Iglesia Adventista del S\u00e9ptimo D\u00eda - Divisi\u00f3n Interamericana\" \/>\n<meta property=\"og:description\" content=\"17 de agosto de 2023\u00a0|\u00a0Columbia, Maryland, Estados Unidos\u00a0|\u00a0Oficina de Comunicaci\u00f3n de la Divisi\u00f3n Norteamericana El personal de Respuesta en Caso de Desastres, de Servicio Adventista a la Comunidad (ACS DR,...\" \/>\n<meta property=\"og:url\" content=\"https:\/\/interamerica.org\/es\/2023\/08\/servicio-adventista-a-la-comunidad-se-une-a-las-labores-humanitarias-en-hawai-despues-que-el-fuego-en-maui\/\" \/>\n<meta property=\"og:site_name\" content=\"Iglesia Adventista del S\u00e9ptimo D\u00eda - Divisi\u00f3n Interamericana\" \/>\n<meta property=\"article:published_time\" content=\"2023-08-17T18:45:37+00:00\" \/>\n<meta property=\"article:modified_time\" content=\"2023-08-18T10:27:56+00:00\" \/>\n<meta property=\"og:image\" content=\"https:\/\/interamerica.org\/wp-content\/uploads\/2023\/08\/lahaina-hawaii-fire-cc-1280.jpg\" \/>\n\t<meta property=\"og:image:width\" content=\"1280\" \/>\n\t<meta property=\"og:image:height\" content=\"800\" \/>\n\t<meta property=\"og:image:type\" content=\"image\/jpeg\" \/>\n<meta name=\"author\" content=\"libna\" \/>\n<meta name=\"twitter:card\" content=\"summary_large_image\" \/>\n<meta name=\"twitter:label1\" content=\"Escrito por\" \/>\n\t<meta name=\"twitter:data1\" content=\"libna\" \/>\n\t<meta name=\"twitter:label2\" content=\"Tiempo de lectura\" \/>\n\t<meta name=\"twitter:data2\" content=\"4 minutos\" \/>\n<script type=\"application\/ld+json\" class=\"yoast-schema-graph\">{\"@context\":\"https:\\\/\\\/schema.org\",\"@graph\":[{\"@type\":\"Article\",\"@id\":\"https:\\\/\\\/interamerica.org\\\/es\\\/2023\\\/08\\\/servicio-adventista-a-la-comunidad-se-une-a-las-labores-humanitarias-en-hawai-despues-que-el-fuego-en-maui\\\/#article\",\"isPartOf\":{\"@id\":\"https:\\\/\\\/interamerica.org\\\/es\\\/2023\\\/08\\\/servicio-adventista-a-la-comunidad-se-une-a-las-labores-humanitarias-en-hawai-despues-que-el-fuego-en-maui\\\/\"},\"author\":{\"name\":\"libna\",\"@id\":\"https:\\\/\\\/interamerica.org\\\/es\\\/#\\\/schema\\\/person\\\/29998f2bc2d8bd0d38662909289b54f1\"},\"headline\":\"Servicio Adventista a la Comunidad se une a las labores humanitarias en Haw\u00e1i despu\u00e9s que el fuego en Maui\",\"datePublished\":\"2023-08-17T18:45:37+00:00\",\"dateModified\":\"2023-08-18T10:27:56+00:00\",\"mainEntityOfPage\":{\"@id\":\"https:\\\/\\\/interamerica.org\\\/es\\\/2023\\\/08\\\/servicio-adventista-a-la-comunidad-se-une-a-las-labores-humanitarias-en-hawai-despues-que-el-fuego-en-maui\\\/\"},\"wordCount\":888,\"image\":{\"@id\":\"https:\\\/\\\/interamerica.org\\\/es\\\/2023\\\/08\\\/servicio-adventista-a-la-comunidad-se-une-a-las-labores-humanitarias-en-hawai-despues-que-el-fuego-en-maui\\\/#primaryimage\"},\"thumbnailUrl\":\"https:\\\/\\\/interamerica.org\\\/wp-content\\\/uploads\\\/2023\\\/08\\\/lahaina-hawaii-fire-cc-1280.jpg\",\"articleSection\":[\"Desde la iglesia mundial\",\"RSS Espa\u00f1ol\"],\"inLanguage\":\"es\"},{\"@type\":\"WebPage\",\"@id\":\"https:\\\/\\\/interamerica.org\\\/es\\\/2023\\\/08\\\/servicio-adventista-a-la-comunidad-se-une-a-las-labores-humanitarias-en-hawai-despues-que-el-fuego-en-maui\\\/\",\"url\":\"https:\\\/\\\/interamerica.org\\\/es\\\/2023\\\/08\\\/servicio-adventista-a-la-comunidad-se-une-a-las-labores-humanitarias-en-hawai-despues-que-el-fuego-en-maui\\\/\",\"name\":\"Servicio Adventista a la Comunidad se une a las labores humanitarias en Haw\u00e1i despu\u00e9s que el fuego en Maui - Iglesia Adventista del S\u00e9ptimo D\u00eda - Divisi\u00f3n Interamericana\",\"isPartOf\":{\"@id\":\"https:\\\/\\\/interamerica.org\\\/es\\\/#website\"},\"primaryImageOfPage\":{\"@id\":\"https:\\\/\\\/interamerica.org\\\/es\\\/2023\\\/08\\\/servicio-adventista-a-la-comunidad-se-une-a-las-labores-humanitarias-en-hawai-despues-que-el-fuego-en-maui\\\/#primaryimage\"},\"image\":{\"@id\":\"https:\\\/\\\/interamerica.org\\\/es\\\/2023\\\/08\\\/servicio-adventista-a-la-comunidad-se-une-a-las-labores-humanitarias-en-hawai-despues-que-el-fuego-en-maui\\\/#primaryimage\"},\"thumbnailUrl\":\"https:\\\/\\\/interamerica.org\\\/wp-content\\\/uploads\\\/2023\\\/08\\\/lahaina-hawaii-fire-cc-1280.jpg\",\"datePublished\":\"2023-08-17T18:45:37+00:00\",\"dateModified\":\"2023-08-18T10:27:56+00:00\",\"author\":{\"@id\":\"https:\\\/\\\/interamerica.org\\\/es\\\/#\\\/schema\\\/person\\\/29998f2bc2d8bd0d38662909289b54f1\"},\"breadcrumb\":{\"@id\":\"https:\\\/\\\/interamerica.org\\\/es\\\/2023\\\/08\\\/servicio-adventista-a-la-comunidad-se-une-a-las-labores-humanitarias-en-hawai-despues-que-el-fuego-en-maui\\\/#breadcrumb\"},\"inLanguage\":\"es\",\"potentialAction\":[{\"@type\":\"ReadAction\",\"target\":[\"https:\\\/\\\/interamerica.org\\\/es\\\/2023\\\/08\\\/servicio-adventista-a-la-comunidad-se-une-a-las-labores-humanitarias-en-hawai-despues-que-el-fuego-en-maui\\\/\"]}]},{\"@type\":\"ImageObject\",\"inLanguage\":\"es\",\"@id\":\"https:\\\/\\\/interamerica.org\\\/es\\\/2023\\\/08\\\/servicio-adventista-a-la-comunidad-se-une-a-las-labores-humanitarias-en-hawai-despues-que-el-fuego-en-maui\\\/#primaryimage\",\"url\":\"https:\\\/\\\/interamerica.org\\\/wp-content\\\/uploads\\\/2023\\\/08\\\/lahaina-hawaii-fire-cc-1280.jpg\",\"contentUrl\":\"https:\\\/\\\/interamerica.org\\\/wp-content\\\/uploads\\\/2023\\\/08\\\/lahaina-hawaii-fire-cc-1280.jpg\",\"width\":1280,\"height\":800,\"caption\":\"[Photo: State Farm \\\/ Creative Commons]\"},{\"@type\":\"BreadcrumbList\",\"@id\":\"https:\\\/\\\/interamerica.org\\\/es\\\/2023\\\/08\\\/servicio-adventista-a-la-comunidad-se-une-a-las-labores-humanitarias-en-hawai-despues-que-el-fuego-en-maui\\\/#breadcrumb\",\"itemListElement\":[{\"@type\":\"ListItem\",\"position\":1,\"name\":\"Home\",\"item\":\"https:\\\/\\\/interamerica.org\\\/es\\\/\"},{\"@type\":\"ListItem\",\"position\":2,\"name\":\"Servicio Adventista a la Comunidad se une a las labores humanitarias en Haw\u00e1i despu\u00e9s que el fuego en Maui\"}]},{\"@type\":\"WebSite\",\"@id\":\"https:\\\/\\\/interamerica.org\\\/es\\\/#website\",\"url\":\"https:\\\/\\\/interamerica.org\\\/es\\\/\",\"name\":\"Iglesia Adventista del S\u00e9ptimo D\u00eda - Divisi\u00f3n Interamericana\",\"description\":\"\",\"potentialAction\":[{\"@type\":\"SearchAction\",\"target\":{\"@type\":\"EntryPoint\",\"urlTemplate\":\"https:\\\/\\\/interamerica.org\\\/es\\\/?s={search_term_string}\"},\"query-input\":{\"@type\":\"PropertyValueSpecification\",\"valueRequired\":true,\"valueName\":\"search_term_string\"}}],\"inLanguage\":\"es\"},{\"@type\":\"Person\",\"@id\":\"https:\\\/\\\/interamerica.org\\\/es\\\/#\\\/schema\\\/person\\\/29998f2bc2d8bd0d38662909289b54f1\",\"name\":\"libna\",\"image\":{\"@type\":\"ImageObject\",\"inLanguage\":\"es\",\"@id\":\"https:\\\/\\\/secure.gravatar.com\\\/avatar\\\/7c5bd30ae4b47a9ba3c856590957fd1d96dc588bf3ac05719d247e126840331f?s=96&d=mm&r=g\",\"url\":\"https:\\\/\\\/secure.gravatar.com\\\/avatar\\\/7c5bd30ae4b47a9ba3c856590957fd1d96dc588bf3ac05719d247e126840331f?s=96&d=mm&r=g\",\"contentUrl\":\"https:\\\/\\\/secure.gravatar.com\\\/avatar\\\/7c5bd30ae4b47a9ba3c856590957fd1d96dc588bf3ac05719d247e126840331f?s=96&d=mm&r=g\",\"caption\":\"libna\"}}]}<\/script>\n<!-- \/ Yoast SEO plugin. -->","yoast_head_json":{"title":"Servicio Adventista a la Comunidad se une a las labores humanitarias en Haw\u00e1i despu\u00e9s que el fuego en Maui - Iglesia Adventista del S\u00e9ptimo D\u00eda - Divisi\u00f3n Interamericana","robots":{"index":"index","follow":"follow","max-snippet":"max-snippet:-1","max-image-preview":"max-image-preview:large","max-video-preview":"max-video-preview:-1"},"canonical":"https:\/\/interamerica.org\/es\/2023\/08\/servicio-adventista-a-la-comunidad-se-une-a-las-labores-humanitarias-en-hawai-despues-que-el-fuego-en-maui\/","og_locale":"es_ES","og_type":"article","og_title":"Servicio Adventista a la Comunidad se une a las labores humanitarias en Haw\u00e1i despu\u00e9s que el fuego en Maui - Iglesia Adventista del S\u00e9ptimo D\u00eda - Divisi\u00f3n Interamericana","og_description":"17 de agosto de 2023\u00a0|\u00a0Columbia, Maryland, Estados Unidos\u00a0|\u00a0Oficina de Comunicaci\u00f3n de la Divisi\u00f3n Norteamericana El personal de Respuesta en Caso de Desastres, de Servicio Adventista a la Comunidad (ACS DR,...","og_url":"https:\/\/interamerica.org\/es\/2023\/08\/servicio-adventista-a-la-comunidad-se-une-a-las-labores-humanitarias-en-hawai-despues-que-el-fuego-en-maui\/","og_site_name":"Iglesia Adventista del S\u00e9ptimo D\u00eda - Divisi\u00f3n Interamericana","article_published_time":"2023-08-17T18:45:37+00:00","article_modified_time":"2023-08-18T10:27:56+00:00","og_image":[{"width":1280,"height":800,"url":"https:\/\/interamerica.org\/wp-content\/uploads\/2023\/08\/lahaina-hawaii-fire-cc-1280.jpg","type":"image\/jpeg"}],"author":"libna","twitter_card":"summary_large_image","twitter_misc":{"Escrito por":"libna","Tiempo de lectura":"4 minutos"},"schema":{"@context":"https:\/\/schema.org","@graph":[{"@type":"Article","@id":"https:\/\/interamerica.org\/es\/2023\/08\/servicio-adventista-a-la-comunidad-se-une-a-las-labores-humanitarias-en-hawai-despues-que-el-fuego-en-maui\/#article","isPartOf":{"@id":"https:\/\/interamerica.org\/es\/2023\/08\/servicio-adventista-a-la-comunidad-se-une-a-las-labores-humanitarias-en-hawai-despues-que-el-fuego-en-maui\/"},"author":{"name":"libna","@id":"https:\/\/interamerica.org\/es\/#\/schema\/person\/29998f2bc2d8bd0d38662909289b54f1"},"headline":"Servicio Adventista a la Comunidad se une a las labores humanitarias en Haw\u00e1i despu\u00e9s que el fuego en Maui","datePublished":"2023-08-17T18:45:37+00:00","dateModified":"2023-08-18T10:27:56+00:00","mainEntityOfPage":{"@id":"https:\/\/interamerica.org\/es\/2023\/08\/servicio-adventista-a-la-comunidad-se-une-a-las-labores-humanitarias-en-hawai-despues-que-el-fuego-en-maui\/"},"wordCount":888,"image":{"@id":"https:\/\/interamerica.org\/es\/2023\/08\/servicio-adventista-a-la-comunidad-se-une-a-las-labores-humanitarias-en-hawai-despues-que-el-fuego-en-maui\/#primaryimage"},"thumbnailUrl":"https:\/\/interamerica.org\/wp-content\/uploads\/2023\/08\/lahaina-hawaii-fire-cc-1280.jpg","articleSection":["Desde la iglesia mundial","RSS Espa\u00f1ol"],"inLanguage":"es"},{"@type":"WebPage","@id":"https:\/\/interamerica.org\/es\/2023\/08\/servicio-adventista-a-la-comunidad-se-une-a-las-labores-humanitarias-en-hawai-despues-que-el-fuego-en-maui\/","url":"https:\/\/interamerica.org\/es\/2023\/08\/servicio-adventista-a-la-comunidad-se-une-a-las-labores-humanitarias-en-hawai-despues-que-el-fuego-en-maui\/","name":"Servicio Adventista a la Comunidad se une a las labores humanitarias en Haw\u00e1i despu\u00e9s que el fuego en Maui - Iglesia Adventista del S\u00e9ptimo D\u00eda - Divisi\u00f3n Interamericana","isPartOf":{"@id":"https:\/\/interamerica.org\/es\/#website"},"primaryImageOfPage":{"@id":"https:\/\/interamerica.org\/es\/2023\/08\/servicio-adventista-a-la-comunidad-se-une-a-las-labores-humanitarias-en-hawai-despues-que-el-fuego-en-maui\/#primaryimage"},"image":{"@id":"https:\/\/interamerica.org\/es\/2023\/08\/servicio-adventista-a-la-comunidad-se-une-a-las-labores-humanitarias-en-hawai-despues-que-el-fuego-en-maui\/#primaryimage"},"thumbnailUrl":"https:\/\/interamerica.org\/wp-content\/uploads\/2023\/08\/lahaina-hawaii-fire-cc-1280.jpg","datePublished":"2023-08-17T18:45:37+00:00","dateModified":"2023-08-18T10:27:56+00:00","author":{"@id":"https:\/\/interamerica.org\/es\/#\/schema\/person\/29998f2bc2d8bd0d38662909289b54f1"},"breadcrumb":{"@id":"https:\/\/interamerica.org\/es\/2023\/08\/servicio-adventista-a-la-comunidad-se-une-a-las-labores-humanitarias-en-hawai-despues-que-el-fuego-en-maui\/#breadcrumb"},"inLanguage":"es","potentialAction":[{"@type":"ReadAction","target":["https:\/\/interamerica.org\/es\/2023\/08\/servicio-adventista-a-la-comunidad-se-une-a-las-labores-humanitarias-en-hawai-despues-que-el-fuego-en-maui\/"]}]},{"@type":"ImageObject","inLanguage":"es","@id":"https:\/\/interamerica.org\/es\/2023\/08\/servicio-adventista-a-la-comunidad-se-une-a-las-labores-humanitarias-en-hawai-despues-que-el-fuego-en-maui\/#primaryimage","url":"https:\/\/interamerica.org\/wp-content\/uploads\/2023\/08\/lahaina-hawaii-fire-cc-1280.jpg","contentUrl":"https:\/\/interamerica.org\/wp-content\/uploads\/2023\/08\/lahaina-hawaii-fire-cc-1280.jpg","width":1280,"height":800,"caption":"[Photo: State Farm \/ Creative Commons]"},{"@type":"BreadcrumbList","@id":"https:\/\/interamerica.org\/es\/2023\/08\/servicio-adventista-a-la-comunidad-se-une-a-las-labores-humanitarias-en-hawai-despues-que-el-fuego-en-maui\/#breadcrumb","itemListElement":[{"@type":"ListItem","position":1,"name":"Home","item":"https:\/\/interamerica.org\/es\/"},{"@type":"ListItem","position":2,"name":"Servicio Adventista a la Comunidad se une a las labores humanitarias en Haw\u00e1i despu\u00e9s que el fuego en Maui"}]},{"@type":"WebSite","@id":"https:\/\/interamerica.org\/es\/#website","url":"https:\/\/interamerica.org\/es\/","name":"Iglesia Adventista del S\u00e9ptimo D\u00eda - Divisi\u00f3n Interamericana","description":"","potentialAction":[{"@type":"SearchAction","target":{"@type":"EntryPoint","urlTemplate":"https:\/\/interamerica.org\/es\/?s={search_term_string}"},"query-input":{"@type":"PropertyValueSpecification","valueRequired":true,"valueName":"search_term_string"}}],"inLanguage":"es"},{"@type":"Person","@id":"https:\/\/interamerica.org\/es\/#\/schema\/person\/29998f2bc2d8bd0d38662909289b54f1","name":"libna","image":{"@type":"ImageObject","inLanguage":"es","@id":"https:\/\/secure.gravatar.com\/avatar\/7c5bd30ae4b47a9ba3c856590957fd1d96dc588bf3ac05719d247e126840331f?s=96&d=mm&r=g","url":"https:\/\/secure.gravatar.com\/avatar\/7c5bd30ae4b47a9ba3c856590957fd1d96dc588bf3ac05719d247e126840331f?s=96&d=mm&r=g","contentUrl":"https:\/\/secure.gravatar.com\/avatar\/7c5bd30ae4b47a9ba3c856590957fd1d96dc588bf3ac05719d247e126840331f?s=96&d=mm&r=g","caption":"libna"}}]}},"_links":{"self":[{"href":"https:\/\/interamerica.org\/es\/wp-json\/wp\/v2\/posts\/102186","targetHints":{"allow":["GET"]}}],"collection":[{"href":"https:\/\/interamerica.org\/es\/wp-json\/wp\/v2\/posts"}],"about":[{"href":"https:\/\/interamerica.org\/es\/wp-json\/wp\/v2\/types\/post"}],"author":[{"embeddable":true,"href":"https:\/\/interamerica.org\/es\/wp-json\/wp\/v2\/users\/3"}],"replies":[{"embeddable":true,"href":"https:\/\/interamerica.org\/es\/wp-json\/wp\/v2\/comments?post=102186"}],"version-history":[{"count":0,"href":"https:\/\/interamerica.org\/es\/wp-json\/wp\/v2\/posts\/102186\/revisions"}],"wp:featuredmedia":[{"embeddable":true,"href":"https:\/\/interamerica.org\/es\/wp-json\/wp\/v2\/media\/102095"}],"wp:attachment":[{"href":"https:\/\/interamerica.org\/es\/wp-json\/wp\/v2\/media?parent=102186"}],"wp:term":[{"taxonomy":"category","embeddable":true,"href":"https:\/\/interamerica.org\/es\/wp-json\/wp\/v2\/categories?post=102186"},{"taxonomy":"post_tag","embeddable":true,"href":"https:\/\/interamerica.org\/es\/wp-json\/wp\/v2\/tags?post=102186"}],"curies":[{"name":"wp","href":"https:\/\/api.w.org\/{rel}","templated":true}]}}