{"id":102187,"date":"2023-08-17T22:52:19","date_gmt":"2023-08-18T02:52:19","guid":{"rendered":"https:\/\/interamerica.org\/?p=102187"},"modified":"2023-08-18T06:16:24","modified_gmt":"2023-08-18T10:16:24","slug":"iglesias-adventistas-e-instituciones-de-salud-tienen-que-ser-una-presencia-que-sana-en-la-comunidad","status":"publish","type":"post","link":"https:\/\/interamerica.org\/es\/2023\/08\/iglesias-adventistas-e-instituciones-de-salud-tienen-que-ser-una-presencia-que-sana-en-la-comunidad\/","title":{"rendered":"Iglesias adventistas e instituciones de salud tienen que ser \u2018una presencia que sana en la comunidad\u2019"},"content":{"rendered":"<p>17 de agosto de 2023 | Miami, Florida, Estados Unidos | Libna Stevens, Noticias de la Divisi\u00f3n Interamericana<\/p>\n<p>\u201cEl ministerio abarcador de salud nos invita a pensar en lo que significa la salud y en qu\u00e9 papel podemos cumplir en ayudar a las comunidades para que experimenten todo lo bueno que incluye la salud\u201d, dijo Lowell Cooper, ex vicepresidente de la Asociaci\u00f3n General ya jubilado. Cooper se dirigi\u00f3 a decenas de administradores de la iglesia, administradores de hospitales y l\u00edderes de ministerios de salud que asistieron al Simposio de Salud de la Divisi\u00f3n Interamericana (IAD) en Miami, Florida, Estados Unidos, del 27-29 de julio de 2023.<\/p>\n<p>Definir el ministerio abarcador de salud comienza escuchando lo que Jes\u00fas dijo, sobre su prop\u00f3sito al venir a este mundo, seg\u00fan se encuentra en Juan 12:46 y Juan 10:10, dijo Cooper.<\/p>\n<p>\u201c\u00bfQu\u00e9 quiso decir Jes\u00fas cuando habla de tener vida y de tenerla en abundancia? \u00bfSer\u00e1 que vivir una larga vida se equipara a tener una vida abundante? \u00bfSer\u00e1 que vivir con mucho dinero y mucha depresi\u00f3n constituye tener una vida abundante? \u00bfQu\u00e9 quiere decir Jes\u00fas cuando dijo que no estemos en la oscuridad? \u00bfPodr\u00eda ser esto una referencia al papel que juegan las bater\u00edas de litio y las fuentes de energ\u00eda solar? \u00bfC\u00f3mo tenemos que entender lo que Jes\u00fas quiso decir cuando expres\u00f3: \u2018He venido como la Luz del mundo\u2019?\u201d pregunt\u00f3 Cooper.<\/p>\n<p><div id=\"attachment_102156\" style=\"width: 879px\" class=\"wp-caption aligncenter\"><img fetchpriority=\"high\" decoding=\"async\" aria-describedby=\"caption-attachment-102156\" class=\" wp-image-102154\" src=\"https:\/\/interamerica.org\/wp-content\/uploads\/2023\/08\/lowell-cooper-july29-health-symposium.jpg\" alt=\"\" width=\"869\" height=\"569\" srcset=\"https:\/\/interamerica.org\/wp-content\/uploads\/2023\/08\/lowell-cooper-july29-health-symposium.jpg 1000w, https:\/\/interamerica.org\/wp-content\/uploads\/2023\/08\/lowell-cooper-july29-health-symposium-300x197.jpg 300w, https:\/\/interamerica.org\/wp-content\/uploads\/2023\/08\/lowell-cooper-july29-health-symposium-768x503.jpg 768w\" sizes=\"(max-width: 869px) 100vw, 869px\" \/><p id=\"caption-attachment-102156\" class=\"wp-caption-text\">Lowell Cooper, ex vicepresidente de la Asociaci\u00f3n General ya jubilado, se dirige a los administradores de la iglesia y las instituciones de salud durante el Simposio de Salud de la Divisi\u00f3n Interamericana, llevado a cabo en Miami, Florida, Estados Unidos, el 29 de julio de 2023. [Fotograf\u00eda: Libna Stevens\/DIA]<\/p><\/div>La misi\u00f3n de Dios incluye la restauraci\u00f3n de todo lo que era verdadero sobre toda la creaci\u00f3n, y la erradicaci\u00f3n de todo el mal que se ha introducido en el mundo, mencion\u00f3 Cooper. \u201cNuestra misi\u00f3n tiene que ser abarcadora en su alcance, como el evangelio que nos da toda la Biblia\u201d.<\/p>\n<p>Podr\u00eda decirse que Dios no tiene una misi\u00f3n para la iglesia, sino que tiene una iglesia para su misi\u00f3n, declar\u00f3 Cooper. Tiene que ver con ocuparse m\u00e1s de la humanidad que de las religiones.<\/p>\n<p>El mensaje de salud implica m\u00e1s que comer verduras y abstenerse del tabaco. \u201cEl mensaje de salud requiere esas cosas pero adopta muchas m\u00e1s: c\u00f3mo pensamos, c\u00f3mo vivimos y por qu\u00e9\u201d.<\/p>\n<p><strong>Juntos en misi\u00f3n<\/strong><\/p>\n<p>Parte de lo que implica expresar el ministerio de salud incluye asociarse entre la iglesia y las instituciones de salud, de manera muy similar a \u2018Juntos en Misi\u00f3n\u2019 como el tema central del simposio, dijo Cooper. \u201cEn el sentido m\u00e1s aut\u00e9ntico, el hospital y la iglesia est\u00e1n dise\u00f1ados para ser instituciones de sanaci\u00f3n. No ocupan el mismo lugar ni tienen la misma funci\u00f3n, pero se encuentran en la misma tarea de reparar, rehabilitar, restaurar, reorientar y reenergizar vidas con significado y prop\u00f3sito.<\/p>\n<p><div id=\"attachment_102150\" style=\"width: 878px\" class=\"wp-caption aligncenter\"><img decoding=\"async\" aria-describedby=\"caption-attachment-102150\" class=\" wp-image-102148\" src=\"https:\/\/interamerica.org\/wp-content\/uploads\/2023\/08\/health-symposium-lcooper-slide.jpg\" alt=\"\" width=\"868\" height=\"579\" srcset=\"https:\/\/interamerica.org\/wp-content\/uploads\/2023\/08\/health-symposium-lcooper-slide.jpg 1000w, https:\/\/interamerica.org\/wp-content\/uploads\/2023\/08\/health-symposium-lcooper-slide-300x200.jpg 300w, https:\/\/interamerica.org\/wp-content\/uploads\/2023\/08\/health-symposium-lcooper-slide-768x512.jpg 768w\" sizes=\"(max-width: 868px) 100vw, 868px\" \/><p id=\"caption-attachment-102150\" class=\"wp-caption-text\">[Fotograf\u00eda: Libna Stevens\/DIA]<\/p><\/div>Llevar a que la iglesia demuestre una unidad en misi\u00f3n y abrece el ministerio abarcador de salud significa proclamar todo el evangelio. \u201cLos que ense\u00f1an, predican y escriben el mensaje del evangelio tienen que asegurarse de que est\u00e1n comunicando el evangelio de manera correcta\u201d, dijo. La gracia tiene que ser m\u00e1s grande que la culpa.<\/p>\n<p>Cooper enfatiz\u00f3 que la salvaci\u00f3n no implica solo perd\u00f3n sino un nuevo orden de vida con un nuevo prop\u00f3sito, nuevos motivos, nuevas actitudes, nuevas relaciones y un nuevo punto de referencia. En esencia, la misi\u00f3n de Dios \u201creformula toda nuestra vida, actitudes, apetitos, creencias, compromiso, h\u00e1bitos, relaciones y valores\u201d. A su vez, dijo, la misi\u00f3n de Dios puede brindar una nueva perspectiva al sufrimiento, proveer de estabilidad financiera a los h\u00e1bitos de gastos, claves para afrontar a una enfermedad debilitante, brindar poder para librar a una persona de un mal h\u00e1bito, liberarnos de la carga de la carga incapacitante de la culpa, iluminar la oscuridad de una prisi\u00f3n, restaurar la paz ante conflictos en apariencia sin resoluci\u00f3n, recaracterizar el fracaso y la derrota para transformarlos en sabidur\u00eda y gracia.<\/p>\n<p>Al estar en armon\u00eda con la misi\u00f3n de Dios, la iglesia y las instituciones llegar\u00e1n a ser conocidas por lo que afirmamos en lugar de tan solo lo que negamos, dijo Cooper. \u201cEl estilo de vida adventista es mucho m\u00e1s que abstenerse del cerdo, el alcohol, el tabaco y las sustancias adictivas. \u00bfNo podr\u00edamos ser conocidos como personas de gozo, paz, salud, longevidad y amor?<\/p>\n<p><strong>Vivamos el mensaje de salud<\/strong><\/p>\n<p>Como adventistas, tenemos que vivir, no solo ense\u00f1ar el mensaje de salud, desafi\u00f3 Cooper. \u201cTenemos que llegar a ser expertos en la demostraci\u00f3n de relaciones humanas saludables, porque la iglesia y el hospital est\u00e1n conectados en un continuo de atenci\u00f3n. Toda la iglesia es llamada a ser una comunidad de sanaci\u00f3n\u201d.<\/p>\n<p><div id=\"attachment_102147\" style=\"width: 880px\" class=\"wp-caption aligncenter\"><img decoding=\"async\" aria-describedby=\"caption-attachment-102147\" class=\" wp-image-102145\" src=\"https:\/\/interamerica.org\/wp-content\/uploads\/2023\/08\/health-symposium-audience-lcooper-2023.jpg\" alt=\"\" width=\"870\" height=\"580\" srcset=\"https:\/\/interamerica.org\/wp-content\/uploads\/2023\/08\/health-symposium-audience-lcooper-2023.jpg 1000w, https:\/\/interamerica.org\/wp-content\/uploads\/2023\/08\/health-symposium-audience-lcooper-2023-300x200.jpg 300w, https:\/\/interamerica.org\/wp-content\/uploads\/2023\/08\/health-symposium-audience-lcooper-2023-768x512.jpg 768w\" sizes=\"(max-width: 870px) 100vw, 870px\" \/><p id=\"caption-attachment-102147\" class=\"wp-caption-text\">Decenas de l\u00edderes de la iglesia, administradores de hospitales y directores de ministerios de salud se reunieron en el tercer d\u00eda del Simposio de Salud de la Divisi\u00f3n Interamericana llevado a cabo en Miami, Florida, Estados Unidos, del 27-29 de julio de 2023. [Fotograf\u00eda: Libna Stevens\/DIA]<\/p><\/div>Durante su mensaje especial, Cooper lanz\u00f3 una advertencia contra la proclamaci\u00f3n de un evangelio de prosperidad en el que se lleva a creer a las personas que, si comen lo correcto, oran a menudo, guardan el s\u00e1bado y diezman fielmente, Dios les allanar\u00e1 el camino hacia la eternidad. \u201cEsa l\u00ednea de pensamiento es un enga\u00f1o traicionero. No miremos con desprecio a los que sufren de enfermedades cr\u00f3nicas como si estuvieran experimentando los resultados justos de su estilo de vida. \u00a1Cu\u00e1n poco sabemos de todos los factores que enmarcan el curso de una vida!\u201d Implica tener cuidado de no ser cr\u00edticos, para por el contrario ser r\u00e1pidos a la hora de simpatizar, empatizar y servir, a\u00f1adi\u00f3.<\/p>\n<p><strong>Practicar la buena vecindad<\/strong><\/p>\n<p>Practicar la buena vecindad implica agrandar el c\u00edrculo de conocidos e influencia. Implica salir de la iglesia hacia la comunidad, dijo Cooper. \u201cSeamos conscientes de las necesidades de las personas y actuemos de maneras que alivien el sufrimiento\u201d. As\u00ed es como necesita verse cada iglesia local, como una instituci\u00f3n de salud. \u201cLa atenci\u00f3n de la salud puede apoyarse mucho en la ciencia de la medicina, pero la atenci\u00f3n de salud en la comunidad se apoya firmemente en la ciencia del amor, el perd\u00f3n, la gracia y el compa\u00f1erismo\u201d.<\/p>\n<p>\u201c\u00bfQu\u00e9 pasar\u00eda en nuestras iglesias si lleg\u00e1ramos a ser los m\u00e1s saludables, felices, santos y sol\u00edcitos de la comunidad?\u201d pregunt\u00f3 Cooper. \u201c\u00bfNo ser\u00eda, como sucedi\u00f3 en los d\u00edas de Jes\u00fas, que las personas derribar\u00edan paredes para entrar, porque esa comunidad estar\u00eda ministrando a sus necesidades m\u00e1s profundas?\u201d<\/p>\n<p>Al referirse a lo que pueden hacer las instituciones de salud para demostrar unidad en la misi\u00f3n de abrazar el ministerio abarcador de salud, implica enfocarse en la salud integral de la persona y no tan solo en la recuperaci\u00f3n de la enfermedad. \u201cTenemos que enfatizar el bienestar, no tan solo la recuperaci\u00f3n de las enfermedades\u201d.<\/p>\n<p>La declaraci\u00f3n de Jes\u00fas cuando dijo \u201cHe venido para que tengan vida y para que la tengan en abundancia\u201d hace que el obrero cristiano de la salud se enfoque no solo en la erradicaci\u00f3n de la enfermedad o la incomodidad, sino que tambi\u00e9n d\u00e9 consideraci\u00f3n cercana a todo lo que le mejore la vida, dijo Cooper. \u201cEl ministerio de sanaci\u00f3n est\u00e1 intr\u00ednsicamente relacionado con todos los prop\u00f3sitos redentores de Dios\u201d.<\/p>\n<p><strong>Aboguemos por desarrollar una conciencia espiritual<\/strong><\/p>\n<p>\u201cLas instituciones de salud no son iglesias, pero pueden llegar a ser maneras muy efectivas de llevar a las personas hacia la comunidad de la fe\u201d, enfatiz\u00f3 Cooper. \u201cJam\u00e1s deber\u00edamos tener miedo o mostrarnos reacios de identificar a nuestras instalaciones como de propiedad y operaci\u00f3n de la Iglesia Adventista del S\u00e9ptimo D\u00eda, contribuyendo as\u00ed con la misi\u00f3n general de la iglesia\u201d. En resumen, la misi\u00f3n espiritual de la iglesia respecto del ministerio de salud prepara el suelo y siembra semillas, y no es primordialmente una cosechadora. Los p\u00f3steres en las paredes, las publicaciones y la se\u00f1alizaci\u00f3n en las instituciones son maneras que tiene la instituci\u00f3n de salud para promover la espiritualidad, dijo. Adem\u00e1s de un programa de capellan\u00eda, una sala de cultos en la instituci\u00f3n, y lo que sucede en s\u00e1bado, no solo lo que se hace sino lo que se a\u00f1ade.<\/p>\n<p>Asociarse con otras agencias de la comunidad, adem\u00e1s de fomentar la marca global de las instituciones adventistas de salud, tambi\u00e9n puede ser una manera efectiva de destacar la unidad en la misi\u00f3n entre la iglesia y sus instituciones de salud, expres\u00f3.<\/p>\n<p>\u201cNuestros caminos hacia el futuro estar\u00e1n sin duda plagados de obst\u00e1culos y oportunidades\u201d, dijo Cooper. \u201cEn ocasiones, nuestra mejor manera de pensar y energ\u00eda se ver\u00e1n desbaratadas por circunstancias m\u00e1s all\u00e1 de nuestro control. En otras ocasiones, nos asombraremos ante el crecimiento y la expansi\u00f3n que nos sorprender\u00e1 sin que nos demos cuenta\u201d.<\/p>\n<p>Sin duda, dijo Cooper, \u201cnuestro \u00e9xito en la misi\u00f3n, tanto psicol\u00f3gica como financieramente, deriva del reconocimiento de que la misi\u00f3n de Dios se ocupa de cada aspecto de la vida que se ha visto da\u00f1ado por la rebeli\u00f3n humana. \u00c9l nos invita a involucrarnos en su misi\u00f3n, y cuando lo amamos, trabajamos juntos con \u00e9l\u201d.<\/p>\n<p>Al fin de todo, no hay nada m\u00e1s que exclamar m\u00e1s all\u00e1 de \u2018Gloria sea a Dios\u2019 porque \u00e9l ha cumplido sus prop\u00f3sitos\u201d.<\/p>\n<p>Traducci\u00f3n de Marcos Paseggi<\/p>\n","protected":false},"excerpt":{"rendered":"<p>17 de agosto de 2023 | Miami, Florida, Estados Unidos | Libna Stevens, Noticias de la Divisi\u00f3n Interamericana \u201cEl ministerio abarcador de salud nos invita a pensar en lo que&#8230;<\/p>\n","protected":false},"author":3,"featured_media":102156,"comment_status":"closed","ping_status":"closed","sticky":false,"template":"","format":"standard","meta":{"_acf_changed":false,"footnotes":""},"categories":[16,15],"tags":[],"class_list":["post-102187","post","type-post","status-publish","format-standard","has-post-thumbnail","hentry","category-desde-la-sede","category-rss-espanol"],"acf":[],"yoast_head":"<!-- This site is optimized with the Yoast SEO plugin v27.3 - https:\/\/yoast.com\/product\/yoast-seo-wordpress\/ -->\n<title>Iglesias adventistas e instituciones de salud tienen que ser \u2018una presencia que sana en la comunidad\u2019 - Iglesia Adventista del S\u00e9ptimo D\u00eda - Divisi\u00f3n Interamericana<\/title>\n<meta name=\"robots\" content=\"index, follow, max-snippet:-1, max-image-preview:large, max-video-preview:-1\" \/>\n<link rel=\"canonical\" href=\"https:\/\/interamerica.org\/es\/2023\/08\/iglesias-adventistas-e-instituciones-de-salud-tienen-que-ser-una-presencia-que-sana-en-la-comunidad\/\" \/>\n<meta property=\"og:locale\" content=\"es_ES\" \/>\n<meta property=\"og:type\" content=\"article\" \/>\n<meta property=\"og:title\" content=\"Iglesias adventistas e instituciones de salud tienen que ser \u2018una presencia que sana en la comunidad\u2019 - Iglesia Adventista del S\u00e9ptimo D\u00eda - Divisi\u00f3n Interamericana\" \/>\n<meta property=\"og:description\" content=\"17 de agosto de 2023 | Miami, Florida, Estados Unidos | Libna Stevens, Noticias de la Divisi\u00f3n Interamericana \u201cEl ministerio abarcador de salud nos invita a pensar en lo que...\" \/>\n<meta property=\"og:url\" content=\"https:\/\/interamerica.org\/es\/2023\/08\/iglesias-adventistas-e-instituciones-de-salud-tienen-que-ser-una-presencia-que-sana-en-la-comunidad\/\" \/>\n<meta property=\"og:site_name\" content=\"Iglesia Adventista del S\u00e9ptimo D\u00eda - Divisi\u00f3n Interamericana\" \/>\n<meta property=\"article:published_time\" content=\"2023-08-18T02:52:19+00:00\" \/>\n<meta property=\"article:modified_time\" content=\"2023-08-18T10:16:24+00:00\" \/>\n<meta property=\"og:image\" content=\"https:\/\/interamerica.org\/wp-content\/uploads\/2023\/08\/lowell-cooper-july29-health-symposium.jpg\" \/>\n\t<meta property=\"og:image:width\" content=\"1000\" \/>\n\t<meta property=\"og:image:height\" content=\"655\" \/>\n\t<meta property=\"og:image:type\" content=\"image\/jpeg\" \/>\n<meta name=\"author\" content=\"libna\" \/>\n<meta name=\"twitter:card\" content=\"summary_large_image\" \/>\n<meta name=\"twitter:label1\" content=\"Escrito por\" \/>\n\t<meta name=\"twitter:data1\" content=\"libna\" \/>\n\t<meta name=\"twitter:label2\" content=\"Tiempo de lectura\" \/>\n\t<meta name=\"twitter:data2\" content=\"8 minutos\" \/>\n<script type=\"application\/ld+json\" class=\"yoast-schema-graph\">{\"@context\":\"https:\\\/\\\/schema.org\",\"@graph\":[{\"@type\":\"Article\",\"@id\":\"https:\\\/\\\/interamerica.org\\\/es\\\/2023\\\/08\\\/iglesias-adventistas-e-instituciones-de-salud-tienen-que-ser-una-presencia-que-sana-en-la-comunidad\\\/#article\",\"isPartOf\":{\"@id\":\"https:\\\/\\\/interamerica.org\\\/es\\\/2023\\\/08\\\/iglesias-adventistas-e-instituciones-de-salud-tienen-que-ser-una-presencia-que-sana-en-la-comunidad\\\/\"},\"author\":{\"name\":\"libna\",\"@id\":\"https:\\\/\\\/interamerica.org\\\/es\\\/#\\\/schema\\\/person\\\/29998f2bc2d8bd0d38662909289b54f1\"},\"headline\":\"Iglesias adventistas e instituciones de salud tienen que ser \u2018una presencia que sana en la comunidad\u2019\",\"datePublished\":\"2023-08-18T02:52:19+00:00\",\"dateModified\":\"2023-08-18T10:16:24+00:00\",\"mainEntityOfPage\":{\"@id\":\"https:\\\/\\\/interamerica.org\\\/es\\\/2023\\\/08\\\/iglesias-adventistas-e-instituciones-de-salud-tienen-que-ser-una-presencia-que-sana-en-la-comunidad\\\/\"},\"wordCount\":1708,\"image\":{\"@id\":\"https:\\\/\\\/interamerica.org\\\/es\\\/2023\\\/08\\\/iglesias-adventistas-e-instituciones-de-salud-tienen-que-ser-una-presencia-que-sana-en-la-comunidad\\\/#primaryimage\"},\"thumbnailUrl\":\"https:\\\/\\\/interamerica.org\\\/wp-content\\\/uploads\\\/2023\\\/08\\\/lowell-cooper-july29-health-symposium.jpg\",\"articleSection\":[\"Desde la sede\",\"RSS Espa\u00f1ol\"],\"inLanguage\":\"es\"},{\"@type\":\"WebPage\",\"@id\":\"https:\\\/\\\/interamerica.org\\\/es\\\/2023\\\/08\\\/iglesias-adventistas-e-instituciones-de-salud-tienen-que-ser-una-presencia-que-sana-en-la-comunidad\\\/\",\"url\":\"https:\\\/\\\/interamerica.org\\\/es\\\/2023\\\/08\\\/iglesias-adventistas-e-instituciones-de-salud-tienen-que-ser-una-presencia-que-sana-en-la-comunidad\\\/\",\"name\":\"Iglesias adventistas e instituciones de salud tienen que ser \u2018una presencia que sana en la comunidad\u2019 - Iglesia Adventista del S\u00e9ptimo D\u00eda - Divisi\u00f3n Interamericana\",\"isPartOf\":{\"@id\":\"https:\\\/\\\/interamerica.org\\\/es\\\/#website\"},\"primaryImageOfPage\":{\"@id\":\"https:\\\/\\\/interamerica.org\\\/es\\\/2023\\\/08\\\/iglesias-adventistas-e-instituciones-de-salud-tienen-que-ser-una-presencia-que-sana-en-la-comunidad\\\/#primaryimage\"},\"image\":{\"@id\":\"https:\\\/\\\/interamerica.org\\\/es\\\/2023\\\/08\\\/iglesias-adventistas-e-instituciones-de-salud-tienen-que-ser-una-presencia-que-sana-en-la-comunidad\\\/#primaryimage\"},\"thumbnailUrl\":\"https:\\\/\\\/interamerica.org\\\/wp-content\\\/uploads\\\/2023\\\/08\\\/lowell-cooper-july29-health-symposium.jpg\",\"datePublished\":\"2023-08-18T02:52:19+00:00\",\"dateModified\":\"2023-08-18T10:16:24+00:00\",\"author\":{\"@id\":\"https:\\\/\\\/interamerica.org\\\/es\\\/#\\\/schema\\\/person\\\/29998f2bc2d8bd0d38662909289b54f1\"},\"breadcrumb\":{\"@id\":\"https:\\\/\\\/interamerica.org\\\/es\\\/2023\\\/08\\\/iglesias-adventistas-e-instituciones-de-salud-tienen-que-ser-una-presencia-que-sana-en-la-comunidad\\\/#breadcrumb\"},\"inLanguage\":\"es\",\"potentialAction\":[{\"@type\":\"ReadAction\",\"target\":[\"https:\\\/\\\/interamerica.org\\\/es\\\/2023\\\/08\\\/iglesias-adventistas-e-instituciones-de-salud-tienen-que-ser-una-presencia-que-sana-en-la-comunidad\\\/\"]}]},{\"@type\":\"ImageObject\",\"inLanguage\":\"es\",\"@id\":\"https:\\\/\\\/interamerica.org\\\/es\\\/2023\\\/08\\\/iglesias-adventistas-e-instituciones-de-salud-tienen-que-ser-una-presencia-que-sana-en-la-comunidad\\\/#primaryimage\",\"url\":\"https:\\\/\\\/interamerica.org\\\/wp-content\\\/uploads\\\/2023\\\/08\\\/lowell-cooper-july29-health-symposium.jpg\",\"contentUrl\":\"https:\\\/\\\/interamerica.org\\\/wp-content\\\/uploads\\\/2023\\\/08\\\/lowell-cooper-july29-health-symposium.jpg\",\"width\":1000,\"height\":655,\"caption\":\"Dr. Lowell Cooper, [Photo: Libna Stevens\\\/IAD]\"},{\"@type\":\"BreadcrumbList\",\"@id\":\"https:\\\/\\\/interamerica.org\\\/es\\\/2023\\\/08\\\/iglesias-adventistas-e-instituciones-de-salud-tienen-que-ser-una-presencia-que-sana-en-la-comunidad\\\/#breadcrumb\",\"itemListElement\":[{\"@type\":\"ListItem\",\"position\":1,\"name\":\"Home\",\"item\":\"https:\\\/\\\/interamerica.org\\\/es\\\/\"},{\"@type\":\"ListItem\",\"position\":2,\"name\":\"Iglesias adventistas e instituciones de salud tienen que ser \u2018una presencia que sana en la comunidad\u2019\"}]},{\"@type\":\"WebSite\",\"@id\":\"https:\\\/\\\/interamerica.org\\\/es\\\/#website\",\"url\":\"https:\\\/\\\/interamerica.org\\\/es\\\/\",\"name\":\"Iglesia Adventista del S\u00e9ptimo D\u00eda - Divisi\u00f3n Interamericana\",\"description\":\"\",\"potentialAction\":[{\"@type\":\"SearchAction\",\"target\":{\"@type\":\"EntryPoint\",\"urlTemplate\":\"https:\\\/\\\/interamerica.org\\\/es\\\/?s={search_term_string}\"},\"query-input\":{\"@type\":\"PropertyValueSpecification\",\"valueRequired\":true,\"valueName\":\"search_term_string\"}}],\"inLanguage\":\"es\"},{\"@type\":\"Person\",\"@id\":\"https:\\\/\\\/interamerica.org\\\/es\\\/#\\\/schema\\\/person\\\/29998f2bc2d8bd0d38662909289b54f1\",\"name\":\"libna\",\"image\":{\"@type\":\"ImageObject\",\"inLanguage\":\"es\",\"@id\":\"https:\\\/\\\/secure.gravatar.com\\\/avatar\\\/7c5bd30ae4b47a9ba3c856590957fd1d96dc588bf3ac05719d247e126840331f?s=96&d=mm&r=g\",\"url\":\"https:\\\/\\\/secure.gravatar.com\\\/avatar\\\/7c5bd30ae4b47a9ba3c856590957fd1d96dc588bf3ac05719d247e126840331f?s=96&d=mm&r=g\",\"contentUrl\":\"https:\\\/\\\/secure.gravatar.com\\\/avatar\\\/7c5bd30ae4b47a9ba3c856590957fd1d96dc588bf3ac05719d247e126840331f?s=96&d=mm&r=g\",\"caption\":\"libna\"}}]}<\/script>\n<!-- \/ Yoast SEO plugin. -->","yoast_head_json":{"title":"Iglesias adventistas e instituciones de salud tienen que ser \u2018una presencia que sana en la comunidad\u2019 - Iglesia Adventista del S\u00e9ptimo D\u00eda - Divisi\u00f3n Interamericana","robots":{"index":"index","follow":"follow","max-snippet":"max-snippet:-1","max-image-preview":"max-image-preview:large","max-video-preview":"max-video-preview:-1"},"canonical":"https:\/\/interamerica.org\/es\/2023\/08\/iglesias-adventistas-e-instituciones-de-salud-tienen-que-ser-una-presencia-que-sana-en-la-comunidad\/","og_locale":"es_ES","og_type":"article","og_title":"Iglesias adventistas e instituciones de salud tienen que ser \u2018una presencia que sana en la comunidad\u2019 - Iglesia Adventista del S\u00e9ptimo D\u00eda - Divisi\u00f3n Interamericana","og_description":"17 de agosto de 2023 | Miami, Florida, Estados Unidos | Libna Stevens, Noticias de la Divisi\u00f3n Interamericana \u201cEl ministerio abarcador de salud nos invita a pensar en lo que...","og_url":"https:\/\/interamerica.org\/es\/2023\/08\/iglesias-adventistas-e-instituciones-de-salud-tienen-que-ser-una-presencia-que-sana-en-la-comunidad\/","og_site_name":"Iglesia Adventista del S\u00e9ptimo D\u00eda - Divisi\u00f3n Interamericana","article_published_time":"2023-08-18T02:52:19+00:00","article_modified_time":"2023-08-18T10:16:24+00:00","og_image":[{"width":1000,"height":655,"url":"https:\/\/interamerica.org\/wp-content\/uploads\/2023\/08\/lowell-cooper-july29-health-symposium.jpg","type":"image\/jpeg"}],"author":"libna","twitter_card":"summary_large_image","twitter_misc":{"Escrito por":"libna","Tiempo de lectura":"8 minutos"},"schema":{"@context":"https:\/\/schema.org","@graph":[{"@type":"Article","@id":"https:\/\/interamerica.org\/es\/2023\/08\/iglesias-adventistas-e-instituciones-de-salud-tienen-que-ser-una-presencia-que-sana-en-la-comunidad\/#article","isPartOf":{"@id":"https:\/\/interamerica.org\/es\/2023\/08\/iglesias-adventistas-e-instituciones-de-salud-tienen-que-ser-una-presencia-que-sana-en-la-comunidad\/"},"author":{"name":"libna","@id":"https:\/\/interamerica.org\/es\/#\/schema\/person\/29998f2bc2d8bd0d38662909289b54f1"},"headline":"Iglesias adventistas e instituciones de salud tienen que ser \u2018una presencia que sana en la comunidad\u2019","datePublished":"2023-08-18T02:52:19+00:00","dateModified":"2023-08-18T10:16:24+00:00","mainEntityOfPage":{"@id":"https:\/\/interamerica.org\/es\/2023\/08\/iglesias-adventistas-e-instituciones-de-salud-tienen-que-ser-una-presencia-que-sana-en-la-comunidad\/"},"wordCount":1708,"image":{"@id":"https:\/\/interamerica.org\/es\/2023\/08\/iglesias-adventistas-e-instituciones-de-salud-tienen-que-ser-una-presencia-que-sana-en-la-comunidad\/#primaryimage"},"thumbnailUrl":"https:\/\/interamerica.org\/wp-content\/uploads\/2023\/08\/lowell-cooper-july29-health-symposium.jpg","articleSection":["Desde la sede","RSS Espa\u00f1ol"],"inLanguage":"es"},{"@type":"WebPage","@id":"https:\/\/interamerica.org\/es\/2023\/08\/iglesias-adventistas-e-instituciones-de-salud-tienen-que-ser-una-presencia-que-sana-en-la-comunidad\/","url":"https:\/\/interamerica.org\/es\/2023\/08\/iglesias-adventistas-e-instituciones-de-salud-tienen-que-ser-una-presencia-que-sana-en-la-comunidad\/","name":"Iglesias adventistas e instituciones de salud tienen que ser \u2018una presencia que sana en la comunidad\u2019 - Iglesia Adventista del S\u00e9ptimo D\u00eda - Divisi\u00f3n Interamericana","isPartOf":{"@id":"https:\/\/interamerica.org\/es\/#website"},"primaryImageOfPage":{"@id":"https:\/\/interamerica.org\/es\/2023\/08\/iglesias-adventistas-e-instituciones-de-salud-tienen-que-ser-una-presencia-que-sana-en-la-comunidad\/#primaryimage"},"image":{"@id":"https:\/\/interamerica.org\/es\/2023\/08\/iglesias-adventistas-e-instituciones-de-salud-tienen-que-ser-una-presencia-que-sana-en-la-comunidad\/#primaryimage"},"thumbnailUrl":"https:\/\/interamerica.org\/wp-content\/uploads\/2023\/08\/lowell-cooper-july29-health-symposium.jpg","datePublished":"2023-08-18T02:52:19+00:00","dateModified":"2023-08-18T10:16:24+00:00","author":{"@id":"https:\/\/interamerica.org\/es\/#\/schema\/person\/29998f2bc2d8bd0d38662909289b54f1"},"breadcrumb":{"@id":"https:\/\/interamerica.org\/es\/2023\/08\/iglesias-adventistas-e-instituciones-de-salud-tienen-que-ser-una-presencia-que-sana-en-la-comunidad\/#breadcrumb"},"inLanguage":"es","potentialAction":[{"@type":"ReadAction","target":["https:\/\/interamerica.org\/es\/2023\/08\/iglesias-adventistas-e-instituciones-de-salud-tienen-que-ser-una-presencia-que-sana-en-la-comunidad\/"]}]},{"@type":"ImageObject","inLanguage":"es","@id":"https:\/\/interamerica.org\/es\/2023\/08\/iglesias-adventistas-e-instituciones-de-salud-tienen-que-ser-una-presencia-que-sana-en-la-comunidad\/#primaryimage","url":"https:\/\/interamerica.org\/wp-content\/uploads\/2023\/08\/lowell-cooper-july29-health-symposium.jpg","contentUrl":"https:\/\/interamerica.org\/wp-content\/uploads\/2023\/08\/lowell-cooper-july29-health-symposium.jpg","width":1000,"height":655,"caption":"Dr. Lowell Cooper, [Photo: Libna Stevens\/IAD]"},{"@type":"BreadcrumbList","@id":"https:\/\/interamerica.org\/es\/2023\/08\/iglesias-adventistas-e-instituciones-de-salud-tienen-que-ser-una-presencia-que-sana-en-la-comunidad\/#breadcrumb","itemListElement":[{"@type":"ListItem","position":1,"name":"Home","item":"https:\/\/interamerica.org\/es\/"},{"@type":"ListItem","position":2,"name":"Iglesias adventistas e instituciones de salud tienen que ser \u2018una presencia que sana en la comunidad\u2019"}]},{"@type":"WebSite","@id":"https:\/\/interamerica.org\/es\/#website","url":"https:\/\/interamerica.org\/es\/","name":"Iglesia Adventista del S\u00e9ptimo D\u00eda - Divisi\u00f3n Interamericana","description":"","potentialAction":[{"@type":"SearchAction","target":{"@type":"EntryPoint","urlTemplate":"https:\/\/interamerica.org\/es\/?s={search_term_string}"},"query-input":{"@type":"PropertyValueSpecification","valueRequired":true,"valueName":"search_term_string"}}],"inLanguage":"es"},{"@type":"Person","@id":"https:\/\/interamerica.org\/es\/#\/schema\/person\/29998f2bc2d8bd0d38662909289b54f1","name":"libna","image":{"@type":"ImageObject","inLanguage":"es","@id":"https:\/\/secure.gravatar.com\/avatar\/7c5bd30ae4b47a9ba3c856590957fd1d96dc588bf3ac05719d247e126840331f?s=96&d=mm&r=g","url":"https:\/\/secure.gravatar.com\/avatar\/7c5bd30ae4b47a9ba3c856590957fd1d96dc588bf3ac05719d247e126840331f?s=96&d=mm&r=g","contentUrl":"https:\/\/secure.gravatar.com\/avatar\/7c5bd30ae4b47a9ba3c856590957fd1d96dc588bf3ac05719d247e126840331f?s=96&d=mm&r=g","caption":"libna"}}]}},"_links":{"self":[{"href":"https:\/\/interamerica.org\/es\/wp-json\/wp\/v2\/posts\/102187","targetHints":{"allow":["GET"]}}],"collection":[{"href":"https:\/\/interamerica.org\/es\/wp-json\/wp\/v2\/posts"}],"about":[{"href":"https:\/\/interamerica.org\/es\/wp-json\/wp\/v2\/types\/post"}],"author":[{"embeddable":true,"href":"https:\/\/interamerica.org\/es\/wp-json\/wp\/v2\/users\/3"}],"replies":[{"embeddable":true,"href":"https:\/\/interamerica.org\/es\/wp-json\/wp\/v2\/comments?post=102187"}],"version-history":[{"count":0,"href":"https:\/\/interamerica.org\/es\/wp-json\/wp\/v2\/posts\/102187\/revisions"}],"wp:featuredmedia":[{"embeddable":true,"href":"https:\/\/interamerica.org\/es\/wp-json\/wp\/v2\/media\/102156"}],"wp:attachment":[{"href":"https:\/\/interamerica.org\/es\/wp-json\/wp\/v2\/media?parent=102187"}],"wp:term":[{"taxonomy":"category","embeddable":true,"href":"https:\/\/interamerica.org\/es\/wp-json\/wp\/v2\/categories?post=102187"},{"taxonomy":"post_tag","embeddable":true,"href":"https:\/\/interamerica.org\/es\/wp-json\/wp\/v2\/tags?post=102187"}],"curies":[{"name":"wp","href":"https:\/\/api.w.org\/{rel}","templated":true}]}}