{"id":10222,"date":"2003-12-11T00:00:00","date_gmt":"2003-12-11T04:00:00","guid":{"rendered":"http:\/\/192.81.217.108\/interamerica\/2003\/12\/mexico-cerca-de-2000-laicos-terminan-entrenamiento-en-evangelismo-personal\/"},"modified":"2017-06-02T09:20:43","modified_gmt":"2017-06-02T13:20:43","slug":"mexico-cerca-de-2000-laicos-terminan-entrenamiento-en-evangelismo-personal","status":"publish","type":"post","link":"https:\/\/interamerica.org\/es\/2003\/12\/mexico-cerca-de-2000-laicos-terminan-entrenamiento-en-evangelismo-personal\/","title":{"rendered":"M\u00e9xico: cerca de 2,000 laicos terminan entrenamiento en Evangelismo Personal"},"content":{"rendered":"<p>Ciudad de M\u00e9xico, M\u00e9xico&#8230;[Libna Stevens\/Personal de la DIA]<\/p>\n<p>Cerca de 2,000\u00a0laicos recibieron diploma de certificaci\u00f3n\u00a0en las Iglesias Adventistas del S\u00e9ptimo D\u00eda de la Uni\u00f3n\u00a0o Regi\u00f3n \u00cdnter Oce\u00e1nica, con sede en Ciudad de M\u00e9xico.\u00a0Las ceremonias de graduaci\u00f3n, llevadas a cabo del 3 al 7 de diciembre, fueron parte de un programa variado de cursos de entrenamiento en evangelismo especializado, ofrecido a los miembros de iglesia por parte del Instituto Internacional de Ministerios Cristianos, de la Divisi\u00f3n Interamericana.<\/p>\n<p>De acuerdo con Luis Fajardo, director del Instituto Internacional de Ministerios Cristianos de la DIA, la Uni\u00f3n Mexicana Interoce\u00e1nica es la primera en celebrar su ceremonia de graduaci\u00f3n en el territorio de la Divisi\u00f3n.<\/p>\n<p>\u00abEstas fueron las primeras ceremonias de graduaci\u00f3n llevadas a cabo en el terrritorio de la Divisi\u00f3n\u00bb, dice Fajardo. \u00abFue maravilloso\u00a0presenciar c\u00f3mo los laicos se emocionaban vestidos en sus trajes de graduaci\u00f3n mientras recib\u00edan sus diplomas\u00bb, agrega \u00e9l.\u00a0Los casi 2,000 laicos de las iglesias de Olmeca, Veracruz, Oaxaca, Tabasco y los campos del Pac\u00edfico Sur completaron su entrenamiento especializado en Evangelismo Personal, un programa de certificaci\u00f3n que consta de una serie de 10 cursos llevados a cabo en sesiones de fin de semana, o sesiones semanales que eran dirigidas por personal de la Uni\u00f3n y del campo local.<\/p>\n<p>Fajardo avanza m\u00e1s, al decir que el Instituto, que comenz\u00f3 en 2001, ha implementado un agresivo plan de entrenamiento a lo largo y ancho de \u00cdnter Am\u00e9rica. \u00c9l explica que los 10 cursos inclu\u00edan cuatro programas medulares: Dones Espirituales, Principios de la Testificaci\u00f3n, Liderazgo y Crecimiento, y Doctrina B\u00edblica Adventista, con otros seis acerca de Principios de Evangelismo en la Vida de Jes\u00fas, Ministerio en Peque\u00f1os Grupos, M\u00e9todos para Obtener Decisiones, Estrategias de Visitaci\u00f3n, M\u00e9todos Simples para dar Estudios B\u00edblicos, y C\u00f3mo Alcanzar Grupos Especiales. Todas las clases conformaban un curso de tres horas de cr\u00e9dito, acreditado por la Universidad Griggs, una instituci\u00f3n localizada en los Estados Unidos.<\/p>\n<p>13 de los 15 territorios regionales de Uni\u00f3n en \u00cdnter Am\u00e9rica han estado ofreciendo este programa de certificaci\u00f3n a sus 60,000 estudiantes laicos durante todo el a\u00f1o, y la mayor\u00eda tendr\u00e1 pronto sus ceremonias de graduaci\u00f3n, en los pr\u00f3ximos meses.<\/p>\n<p>El Instituto es un programa sombrilla establecido por la Asociaci\u00f3n General, en el cual una serie de cursos es ofrecido a los laicos con el prop\u00f3sito de equipar a los Adventistas del S\u00e9ptimo D\u00eda a lo largo y ancho de la DIA para contribuir con el crecimiento de la membres\u00eda.<\/p>\n<p>El nuevo programa de certificaci\u00f3n para el pr\u00f3ximo a\u00f1o ser\u00e1 acerca de Educaci\u00f3n Religiosa para Adultos.<\/p>\n<p>Para m\u00e1s informaci\u00f3n acerca del Instituto Internacional de Ministerios Cristianos, escriba a la Divisi\u00f3n Interamericana, 8100 S.W. 117th Avenue, Miami, Florida, 33183, o visite www.interamerica.org.<\/p>\n","protected":false},"excerpt":{"rendered":"<p>Cerca de 2,000 laicos recibieron diplomas de certificaci\u00f3n a lo largo y ancho de las iglesias adventistas del s\u00e9ptimo d\u00eda en la Uni\u00f3n o regi\u00f3n Interoce\u00e1nica, con sede en Ciudad de M\u00e9xico.<\/p>\n","protected":false},"author":1,"featured_media":0,"comment_status":"closed","ping_status":"closed","sticky":false,"template":"","format":"standard","meta":{"_acf_changed":false,"footnotes":""},"categories":[8],"tags":[],"class_list":["post-10222","post","type-post","status-publish","format-standard","hentry","category-archivo"],"acf":[],"yoast_head":"<!-- This site is optimized with the Yoast SEO plugin v27.3 - https:\/\/yoast.com\/product\/yoast-seo-wordpress\/ -->\n<title>M\u00e9xico: cerca de 2,000 laicos terminan entrenamiento en Evangelismo Personal - Iglesia Adventista del S\u00e9ptimo D\u00eda - Divisi\u00f3n Interamericana<\/title>\n<meta name=\"robots\" content=\"index, follow, max-snippet:-1, max-image-preview:large, max-video-preview:-1\" \/>\n<link rel=\"canonical\" href=\"https:\/\/interamerica.org\/es\/2003\/12\/mexico-cerca-de-2000-laicos-terminan-entrenamiento-en-evangelismo-personal\/\" \/>\n<meta property=\"og:locale\" content=\"es_ES\" \/>\n<meta property=\"og:type\" content=\"article\" \/>\n<meta property=\"og:title\" content=\"M\u00e9xico: cerca de 2,000 laicos terminan entrenamiento en Evangelismo Personal - Iglesia Adventista del S\u00e9ptimo D\u00eda - Divisi\u00f3n Interamericana\" \/>\n<meta property=\"og:description\" content=\"Cerca de 2,000 laicos recibieron diplomas de certificaci\u00f3n a lo largo y ancho de las iglesias adventistas del s\u00e9ptimo d\u00eda en la Uni\u00f3n o regi\u00f3n Interoce\u00e1nica, con sede en Ciudad de M\u00e9xico.\" \/>\n<meta property=\"og:url\" content=\"https:\/\/interamerica.org\/es\/2003\/12\/mexico-cerca-de-2000-laicos-terminan-entrenamiento-en-evangelismo-personal\/\" \/>\n<meta property=\"og:site_name\" content=\"Iglesia Adventista del S\u00e9ptimo D\u00eda - Divisi\u00f3n Interamericana\" \/>\n<meta property=\"article:published_time\" content=\"2003-12-11T04:00:00+00:00\" \/>\n<meta property=\"article:modified_time\" content=\"2017-06-02T13:20:43+00:00\" \/>\n<meta name=\"author\" content=\"Lorenzo Verduzco\" \/>\n<meta name=\"twitter:card\" content=\"summary_large_image\" \/>\n<meta name=\"twitter:label1\" content=\"Escrito por\" \/>\n\t<meta name=\"twitter:data1\" content=\"Lorenzo Verduzco\" \/>\n\t<meta name=\"twitter:label2\" content=\"Tiempo de lectura\" \/>\n\t<meta name=\"twitter:data2\" content=\"3 minutos\" \/>\n<script type=\"application\/ld+json\" class=\"yoast-schema-graph\">{\"@context\":\"https:\\\/\\\/schema.org\",\"@graph\":[{\"@type\":\"Article\",\"@id\":\"https:\\\/\\\/interamerica.org\\\/es\\\/2003\\\/12\\\/mexico-cerca-de-2000-laicos-terminan-entrenamiento-en-evangelismo-personal\\\/#article\",\"isPartOf\":{\"@id\":\"https:\\\/\\\/interamerica.org\\\/es\\\/2003\\\/12\\\/mexico-cerca-de-2000-laicos-terminan-entrenamiento-en-evangelismo-personal\\\/\"},\"author\":{\"name\":\"Lorenzo Verduzco\",\"@id\":\"https:\\\/\\\/interamerica.org\\\/es\\\/#\\\/schema\\\/person\\\/68ede8bdc292885bb76c1e3810e73c39\"},\"headline\":\"M\u00e9xico: cerca de 2,000 laicos terminan entrenamiento en Evangelismo Personal\",\"datePublished\":\"2003-12-11T04:00:00+00:00\",\"dateModified\":\"2017-06-02T13:20:43+00:00\",\"mainEntityOfPage\":{\"@id\":\"https:\\\/\\\/interamerica.org\\\/es\\\/2003\\\/12\\\/mexico-cerca-de-2000-laicos-terminan-entrenamiento-en-evangelismo-personal\\\/\"},\"wordCount\":511,\"articleSection\":[\"Archivo\"],\"inLanguage\":\"es\"},{\"@type\":\"WebPage\",\"@id\":\"https:\\\/\\\/interamerica.org\\\/es\\\/2003\\\/12\\\/mexico-cerca-de-2000-laicos-terminan-entrenamiento-en-evangelismo-personal\\\/\",\"url\":\"https:\\\/\\\/interamerica.org\\\/es\\\/2003\\\/12\\\/mexico-cerca-de-2000-laicos-terminan-entrenamiento-en-evangelismo-personal\\\/\",\"name\":\"M\u00e9xico: cerca de 2,000 laicos terminan entrenamiento en Evangelismo Personal - Iglesia Adventista del S\u00e9ptimo D\u00eda - Divisi\u00f3n Interamericana\",\"isPartOf\":{\"@id\":\"https:\\\/\\\/interamerica.org\\\/es\\\/#website\"},\"datePublished\":\"2003-12-11T04:00:00+00:00\",\"dateModified\":\"2017-06-02T13:20:43+00:00\",\"author\":{\"@id\":\"https:\\\/\\\/interamerica.org\\\/es\\\/#\\\/schema\\\/person\\\/68ede8bdc292885bb76c1e3810e73c39\"},\"breadcrumb\":{\"@id\":\"https:\\\/\\\/interamerica.org\\\/es\\\/2003\\\/12\\\/mexico-cerca-de-2000-laicos-terminan-entrenamiento-en-evangelismo-personal\\\/#breadcrumb\"},\"inLanguage\":\"es\",\"potentialAction\":[{\"@type\":\"ReadAction\",\"target\":[\"https:\\\/\\\/interamerica.org\\\/es\\\/2003\\\/12\\\/mexico-cerca-de-2000-laicos-terminan-entrenamiento-en-evangelismo-personal\\\/\"]}]},{\"@type\":\"BreadcrumbList\",\"@id\":\"https:\\\/\\\/interamerica.org\\\/es\\\/2003\\\/12\\\/mexico-cerca-de-2000-laicos-terminan-entrenamiento-en-evangelismo-personal\\\/#breadcrumb\",\"itemListElement\":[{\"@type\":\"ListItem\",\"position\":1,\"name\":\"Home\",\"item\":\"https:\\\/\\\/interamerica.org\\\/es\\\/\"},{\"@type\":\"ListItem\",\"position\":2,\"name\":\"M\u00e9xico: cerca de 2,000 laicos terminan entrenamiento en Evangelismo Personal\"}]},{\"@type\":\"WebSite\",\"@id\":\"https:\\\/\\\/interamerica.org\\\/es\\\/#website\",\"url\":\"https:\\\/\\\/interamerica.org\\\/es\\\/\",\"name\":\"Iglesia Adventista del S\u00e9ptimo D\u00eda - Divisi\u00f3n Interamericana\",\"description\":\"\",\"potentialAction\":[{\"@type\":\"SearchAction\",\"target\":{\"@type\":\"EntryPoint\",\"urlTemplate\":\"https:\\\/\\\/interamerica.org\\\/es\\\/?s={search_term_string}\"},\"query-input\":{\"@type\":\"PropertyValueSpecification\",\"valueRequired\":true,\"valueName\":\"search_term_string\"}}],\"inLanguage\":\"es\"},{\"@type\":\"Person\",\"@id\":\"https:\\\/\\\/interamerica.org\\\/es\\\/#\\\/schema\\\/person\\\/68ede8bdc292885bb76c1e3810e73c39\",\"name\":\"Lorenzo Verduzco\",\"image\":{\"@type\":\"ImageObject\",\"inLanguage\":\"es\",\"@id\":\"https:\\\/\\\/secure.gravatar.com\\\/avatar\\\/fb81a55b6218459490a9c1dc841a34909185b81904c5337b4b27f7a6fd60c49e?s=96&d=mm&r=g\",\"url\":\"https:\\\/\\\/secure.gravatar.com\\\/avatar\\\/fb81a55b6218459490a9c1dc841a34909185b81904c5337b4b27f7a6fd60c49e?s=96&d=mm&r=g\",\"contentUrl\":\"https:\\\/\\\/secure.gravatar.com\\\/avatar\\\/fb81a55b6218459490a9c1dc841a34909185b81904c5337b4b27f7a6fd60c49e?s=96&d=mm&r=g\",\"caption\":\"Lorenzo Verduzco\"}}]}<\/script>\n<!-- \/ Yoast SEO plugin. -->","yoast_head_json":{"title":"M\u00e9xico: cerca de 2,000 laicos terminan entrenamiento en Evangelismo Personal - Iglesia Adventista del S\u00e9ptimo D\u00eda - Divisi\u00f3n Interamericana","robots":{"index":"index","follow":"follow","max-snippet":"max-snippet:-1","max-image-preview":"max-image-preview:large","max-video-preview":"max-video-preview:-1"},"canonical":"https:\/\/interamerica.org\/es\/2003\/12\/mexico-cerca-de-2000-laicos-terminan-entrenamiento-en-evangelismo-personal\/","og_locale":"es_ES","og_type":"article","og_title":"M\u00e9xico: cerca de 2,000 laicos terminan entrenamiento en Evangelismo Personal - Iglesia Adventista del S\u00e9ptimo D\u00eda - Divisi\u00f3n Interamericana","og_description":"Cerca de 2,000 laicos recibieron diplomas de certificaci\u00f3n a lo largo y ancho de las iglesias adventistas del s\u00e9ptimo d\u00eda en la Uni\u00f3n o regi\u00f3n Interoce\u00e1nica, con sede en Ciudad de M\u00e9xico.","og_url":"https:\/\/interamerica.org\/es\/2003\/12\/mexico-cerca-de-2000-laicos-terminan-entrenamiento-en-evangelismo-personal\/","og_site_name":"Iglesia Adventista del S\u00e9ptimo D\u00eda - Divisi\u00f3n Interamericana","article_published_time":"2003-12-11T04:00:00+00:00","article_modified_time":"2017-06-02T13:20:43+00:00","author":"Lorenzo Verduzco","twitter_card":"summary_large_image","twitter_misc":{"Escrito por":"Lorenzo Verduzco","Tiempo de lectura":"3 minutos"},"schema":{"@context":"https:\/\/schema.org","@graph":[{"@type":"Article","@id":"https:\/\/interamerica.org\/es\/2003\/12\/mexico-cerca-de-2000-laicos-terminan-entrenamiento-en-evangelismo-personal\/#article","isPartOf":{"@id":"https:\/\/interamerica.org\/es\/2003\/12\/mexico-cerca-de-2000-laicos-terminan-entrenamiento-en-evangelismo-personal\/"},"author":{"name":"Lorenzo Verduzco","@id":"https:\/\/interamerica.org\/es\/#\/schema\/person\/68ede8bdc292885bb76c1e3810e73c39"},"headline":"M\u00e9xico: cerca de 2,000 laicos terminan entrenamiento en Evangelismo Personal","datePublished":"2003-12-11T04:00:00+00:00","dateModified":"2017-06-02T13:20:43+00:00","mainEntityOfPage":{"@id":"https:\/\/interamerica.org\/es\/2003\/12\/mexico-cerca-de-2000-laicos-terminan-entrenamiento-en-evangelismo-personal\/"},"wordCount":511,"articleSection":["Archivo"],"inLanguage":"es"},{"@type":"WebPage","@id":"https:\/\/interamerica.org\/es\/2003\/12\/mexico-cerca-de-2000-laicos-terminan-entrenamiento-en-evangelismo-personal\/","url":"https:\/\/interamerica.org\/es\/2003\/12\/mexico-cerca-de-2000-laicos-terminan-entrenamiento-en-evangelismo-personal\/","name":"M\u00e9xico: cerca de 2,000 laicos terminan entrenamiento en Evangelismo Personal - Iglesia Adventista del S\u00e9ptimo D\u00eda - Divisi\u00f3n Interamericana","isPartOf":{"@id":"https:\/\/interamerica.org\/es\/#website"},"datePublished":"2003-12-11T04:00:00+00:00","dateModified":"2017-06-02T13:20:43+00:00","author":{"@id":"https:\/\/interamerica.org\/es\/#\/schema\/person\/68ede8bdc292885bb76c1e3810e73c39"},"breadcrumb":{"@id":"https:\/\/interamerica.org\/es\/2003\/12\/mexico-cerca-de-2000-laicos-terminan-entrenamiento-en-evangelismo-personal\/#breadcrumb"},"inLanguage":"es","potentialAction":[{"@type":"ReadAction","target":["https:\/\/interamerica.org\/es\/2003\/12\/mexico-cerca-de-2000-laicos-terminan-entrenamiento-en-evangelismo-personal\/"]}]},{"@type":"BreadcrumbList","@id":"https:\/\/interamerica.org\/es\/2003\/12\/mexico-cerca-de-2000-laicos-terminan-entrenamiento-en-evangelismo-personal\/#breadcrumb","itemListElement":[{"@type":"ListItem","position":1,"name":"Home","item":"https:\/\/interamerica.org\/es\/"},{"@type":"ListItem","position":2,"name":"M\u00e9xico: cerca de 2,000 laicos terminan entrenamiento en Evangelismo Personal"}]},{"@type":"WebSite","@id":"https:\/\/interamerica.org\/es\/#website","url":"https:\/\/interamerica.org\/es\/","name":"Iglesia Adventista del S\u00e9ptimo D\u00eda - Divisi\u00f3n Interamericana","description":"","potentialAction":[{"@type":"SearchAction","target":{"@type":"EntryPoint","urlTemplate":"https:\/\/interamerica.org\/es\/?s={search_term_string}"},"query-input":{"@type":"PropertyValueSpecification","valueRequired":true,"valueName":"search_term_string"}}],"inLanguage":"es"},{"@type":"Person","@id":"https:\/\/interamerica.org\/es\/#\/schema\/person\/68ede8bdc292885bb76c1e3810e73c39","name":"Lorenzo Verduzco","image":{"@type":"ImageObject","inLanguage":"es","@id":"https:\/\/secure.gravatar.com\/avatar\/fb81a55b6218459490a9c1dc841a34909185b81904c5337b4b27f7a6fd60c49e?s=96&d=mm&r=g","url":"https:\/\/secure.gravatar.com\/avatar\/fb81a55b6218459490a9c1dc841a34909185b81904c5337b4b27f7a6fd60c49e?s=96&d=mm&r=g","contentUrl":"https:\/\/secure.gravatar.com\/avatar\/fb81a55b6218459490a9c1dc841a34909185b81904c5337b4b27f7a6fd60c49e?s=96&d=mm&r=g","caption":"Lorenzo Verduzco"}}]}},"_links":{"self":[{"href":"https:\/\/interamerica.org\/es\/wp-json\/wp\/v2\/posts\/10222","targetHints":{"allow":["GET"]}}],"collection":[{"href":"https:\/\/interamerica.org\/es\/wp-json\/wp\/v2\/posts"}],"about":[{"href":"https:\/\/interamerica.org\/es\/wp-json\/wp\/v2\/types\/post"}],"author":[{"embeddable":true,"href":"https:\/\/interamerica.org\/es\/wp-json\/wp\/v2\/users\/1"}],"replies":[{"embeddable":true,"href":"https:\/\/interamerica.org\/es\/wp-json\/wp\/v2\/comments?post=10222"}],"version-history":[{"count":0,"href":"https:\/\/interamerica.org\/es\/wp-json\/wp\/v2\/posts\/10222\/revisions"}],"wp:attachment":[{"href":"https:\/\/interamerica.org\/es\/wp-json\/wp\/v2\/media?parent=10222"}],"wp:term":[{"taxonomy":"category","embeddable":true,"href":"https:\/\/interamerica.org\/es\/wp-json\/wp\/v2\/categories?post=10222"},{"taxonomy":"post_tag","embeddable":true,"href":"https:\/\/interamerica.org\/es\/wp-json\/wp\/v2\/tags?post=10222"}],"curies":[{"name":"wp","href":"https:\/\/api.w.org\/{rel}","templated":true}]}}