{"id":10234,"date":"2004-01-08T00:00:00","date_gmt":"2004-01-08T04:00:00","guid":{"rendered":"http:\/\/192.81.217.108\/interamerica\/2004\/01\/tailandia-conferencia-juvenil-congrega-a-1300-para-servir-a-la-comunidad\/"},"modified":"2017-06-02T09:20:35","modified_gmt":"2017-06-02T13:20:35","slug":"tailandia-conferencia-juvenil-congrega-a-1300-para-servir-a-la-comunidad","status":"publish","type":"post","link":"https:\/\/interamerica.org\/es\/2004\/01\/tailandia-conferencia-juvenil-congrega-a-1300-para-servir-a-la-comunidad\/","title":{"rendered":"Tailandia: Conferencia Juvenil Congrega a 1,300 Para Servir a la Comunidad."},"content":{"rendered":"<p>La Conferencia Mundial de la Iglesia Adventista del S\u00e9ptimo D\u00eda sobre Juventud y Servicios a la Comunidad fue convocada el 30 de diciembre pasado en el Centro de Convenciones en Bangkok bajo el tema general, \u00abMuchas Manos&#8211;Una Misi\u00f3n\u00bb.\u00a0<\/p>\n<p>En representaci\u00f3n de 70 pa\u00edses, m\u00e1s de 1,300 delegados asistieron al evento que fue clausurado el 4 de enero. Dificultades de visado y la preocupaci\u00f3n respecto a la continuaci\u00f3n de la epidemia del SARS, o\u00a0s\u00edndrome agudo\u00a0de\u00a0respiraci\u00f3n severa, previno a algunos delegados de asistir, dijeron los l\u00edderes de la iglesia.<\/p>\n<p>El doctor Sahas Bunditkul Gobernador Diputado de Bangkok dio apertura formalmente a la conferencia y dijo que apreciaba la llegada de los j\u00f3venes delegados\u00a0a la ciudad de Bangkok y\u00a0su contribuci\u00f3n a la comunidad tailand\u00e9s.<\/p>\n<p>Vicki, una joven universitaria budista de Tailandia se enter\u00f3 de la aportaci\u00f3n y participaci\u00f3n de los j\u00f3venes adventistas del s\u00e9ptimo d\u00eda asignados para conducir varios proyectos comunitarios en Tailandia antes de empezar el congreso. Ella fue invitada por el director mundial de ministerios juveniles,Baraka Magunda, para expresar su aprecio en nombre de los tailandeses. En sus comentarios de clausura dijo que estaba orgullosa de ser budista, pero desafi\u00f3 a los delegados a \u00abmostrar m\u00e1s de su Dios\u00bb.<\/p>\n<p>ANN<\/p>\n","protected":false},"excerpt":{"rendered":"<p>La Conferencia Mundial de la Iglesia Adventista del S\u00e9ptimo D\u00eda sobre Juventud y Servicios a la Comunidad fue convocada el 30 de diciembre pasado en el Centro de Convenciones en Bangkok bajo el tema general, \u00abMuchas Manos&#8211;Una Misi\u00f3n.\u00a0<\/p>\n","protected":false},"author":1,"featured_media":0,"comment_status":"closed","ping_status":"closed","sticky":false,"template":"","format":"standard","meta":{"_acf_changed":false,"footnotes":""},"categories":[8],"tags":[],"class_list":["post-10234","post","type-post","status-publish","format-standard","hentry","category-archivo"],"acf":[],"yoast_head":"<!-- This site is optimized with the Yoast SEO plugin v27.3 - https:\/\/yoast.com\/product\/yoast-seo-wordpress\/ -->\n<title>Tailandia: Conferencia Juvenil Congrega a 1,300 Para Servir a la Comunidad. - Iglesia Adventista del S\u00e9ptimo D\u00eda - Divisi\u00f3n Interamericana<\/title>\n<meta name=\"robots\" content=\"index, follow, max-snippet:-1, max-image-preview:large, max-video-preview:-1\" \/>\n<link rel=\"canonical\" href=\"https:\/\/interamerica.org\/es\/2004\/01\/tailandia-conferencia-juvenil-congrega-a-1300-para-servir-a-la-comunidad\/\" \/>\n<meta property=\"og:locale\" content=\"es_ES\" \/>\n<meta property=\"og:type\" content=\"article\" \/>\n<meta property=\"og:title\" content=\"Tailandia: Conferencia Juvenil Congrega a 1,300 Para Servir a la Comunidad. - Iglesia Adventista del S\u00e9ptimo D\u00eda - Divisi\u00f3n Interamericana\" \/>\n<meta property=\"og:description\" content=\"La Conferencia Mundial de la Iglesia Adventista del S\u00e9ptimo D\u00eda sobre Juventud y Servicios a la Comunidad fue convocada el 30 de diciembre pasado en el Centro de Convenciones en Bangkok bajo el tema general, &quot;Muchas Manos--Una Misi\u00f3n.\u00a0\" \/>\n<meta property=\"og:url\" content=\"https:\/\/interamerica.org\/es\/2004\/01\/tailandia-conferencia-juvenil-congrega-a-1300-para-servir-a-la-comunidad\/\" \/>\n<meta property=\"og:site_name\" content=\"Iglesia Adventista del S\u00e9ptimo D\u00eda - Divisi\u00f3n Interamericana\" \/>\n<meta property=\"article:published_time\" content=\"2004-01-08T04:00:00+00:00\" \/>\n<meta property=\"article:modified_time\" content=\"2017-06-02T13:20:35+00:00\" \/>\n<meta name=\"author\" content=\"Lorenzo Verduzco\" \/>\n<meta name=\"twitter:card\" content=\"summary_large_image\" \/>\n<meta name=\"twitter:label1\" content=\"Escrito por\" \/>\n\t<meta name=\"twitter:data1\" content=\"Lorenzo Verduzco\" \/>\n\t<meta name=\"twitter:label2\" content=\"Tiempo de lectura\" \/>\n\t<meta name=\"twitter:data2\" content=\"1 minuto\" \/>\n<script type=\"application\/ld+json\" class=\"yoast-schema-graph\">{\"@context\":\"https:\\\/\\\/schema.org\",\"@graph\":[{\"@type\":\"Article\",\"@id\":\"https:\\\/\\\/interamerica.org\\\/es\\\/2004\\\/01\\\/tailandia-conferencia-juvenil-congrega-a-1300-para-servir-a-la-comunidad\\\/#article\",\"isPartOf\":{\"@id\":\"https:\\\/\\\/interamerica.org\\\/es\\\/2004\\\/01\\\/tailandia-conferencia-juvenil-congrega-a-1300-para-servir-a-la-comunidad\\\/\"},\"author\":{\"name\":\"Lorenzo Verduzco\",\"@id\":\"https:\\\/\\\/interamerica.org\\\/es\\\/#\\\/schema\\\/person\\\/68ede8bdc292885bb76c1e3810e73c39\"},\"headline\":\"Tailandia: Conferencia Juvenil Congrega a 1,300 Para Servir a la Comunidad.\",\"datePublished\":\"2004-01-08T04:00:00+00:00\",\"dateModified\":\"2017-06-02T13:20:35+00:00\",\"mainEntityOfPage\":{\"@id\":\"https:\\\/\\\/interamerica.org\\\/es\\\/2004\\\/01\\\/tailandia-conferencia-juvenil-congrega-a-1300-para-servir-a-la-comunidad\\\/\"},\"wordCount\":231,\"articleSection\":[\"Archivo\"],\"inLanguage\":\"es\"},{\"@type\":\"WebPage\",\"@id\":\"https:\\\/\\\/interamerica.org\\\/es\\\/2004\\\/01\\\/tailandia-conferencia-juvenil-congrega-a-1300-para-servir-a-la-comunidad\\\/\",\"url\":\"https:\\\/\\\/interamerica.org\\\/es\\\/2004\\\/01\\\/tailandia-conferencia-juvenil-congrega-a-1300-para-servir-a-la-comunidad\\\/\",\"name\":\"Tailandia: Conferencia Juvenil Congrega a 1,300 Para Servir a la Comunidad. - Iglesia Adventista del S\u00e9ptimo D\u00eda - Divisi\u00f3n Interamericana\",\"isPartOf\":{\"@id\":\"https:\\\/\\\/interamerica.org\\\/es\\\/#website\"},\"datePublished\":\"2004-01-08T04:00:00+00:00\",\"dateModified\":\"2017-06-02T13:20:35+00:00\",\"author\":{\"@id\":\"https:\\\/\\\/interamerica.org\\\/es\\\/#\\\/schema\\\/person\\\/68ede8bdc292885bb76c1e3810e73c39\"},\"breadcrumb\":{\"@id\":\"https:\\\/\\\/interamerica.org\\\/es\\\/2004\\\/01\\\/tailandia-conferencia-juvenil-congrega-a-1300-para-servir-a-la-comunidad\\\/#breadcrumb\"},\"inLanguage\":\"es\",\"potentialAction\":[{\"@type\":\"ReadAction\",\"target\":[\"https:\\\/\\\/interamerica.org\\\/es\\\/2004\\\/01\\\/tailandia-conferencia-juvenil-congrega-a-1300-para-servir-a-la-comunidad\\\/\"]}]},{\"@type\":\"BreadcrumbList\",\"@id\":\"https:\\\/\\\/interamerica.org\\\/es\\\/2004\\\/01\\\/tailandia-conferencia-juvenil-congrega-a-1300-para-servir-a-la-comunidad\\\/#breadcrumb\",\"itemListElement\":[{\"@type\":\"ListItem\",\"position\":1,\"name\":\"Home\",\"item\":\"https:\\\/\\\/interamerica.org\\\/es\\\/\"},{\"@type\":\"ListItem\",\"position\":2,\"name\":\"Tailandia: Conferencia Juvenil Congrega a 1,300 Para Servir a la Comunidad.\"}]},{\"@type\":\"WebSite\",\"@id\":\"https:\\\/\\\/interamerica.org\\\/es\\\/#website\",\"url\":\"https:\\\/\\\/interamerica.org\\\/es\\\/\",\"name\":\"Iglesia Adventista del S\u00e9ptimo D\u00eda - Divisi\u00f3n Interamericana\",\"description\":\"\",\"potentialAction\":[{\"@type\":\"SearchAction\",\"target\":{\"@type\":\"EntryPoint\",\"urlTemplate\":\"https:\\\/\\\/interamerica.org\\\/es\\\/?s={search_term_string}\"},\"query-input\":{\"@type\":\"PropertyValueSpecification\",\"valueRequired\":true,\"valueName\":\"search_term_string\"}}],\"inLanguage\":\"es\"},{\"@type\":\"Person\",\"@id\":\"https:\\\/\\\/interamerica.org\\\/es\\\/#\\\/schema\\\/person\\\/68ede8bdc292885bb76c1e3810e73c39\",\"name\":\"Lorenzo Verduzco\",\"image\":{\"@type\":\"ImageObject\",\"inLanguage\":\"es\",\"@id\":\"https:\\\/\\\/secure.gravatar.com\\\/avatar\\\/fb81a55b6218459490a9c1dc841a34909185b81904c5337b4b27f7a6fd60c49e?s=96&d=mm&r=g\",\"url\":\"https:\\\/\\\/secure.gravatar.com\\\/avatar\\\/fb81a55b6218459490a9c1dc841a34909185b81904c5337b4b27f7a6fd60c49e?s=96&d=mm&r=g\",\"contentUrl\":\"https:\\\/\\\/secure.gravatar.com\\\/avatar\\\/fb81a55b6218459490a9c1dc841a34909185b81904c5337b4b27f7a6fd60c49e?s=96&d=mm&r=g\",\"caption\":\"Lorenzo Verduzco\"}}]}<\/script>\n<!-- \/ Yoast SEO plugin. -->","yoast_head_json":{"title":"Tailandia: Conferencia Juvenil Congrega a 1,300 Para Servir a la Comunidad. - Iglesia Adventista del S\u00e9ptimo D\u00eda - Divisi\u00f3n Interamericana","robots":{"index":"index","follow":"follow","max-snippet":"max-snippet:-1","max-image-preview":"max-image-preview:large","max-video-preview":"max-video-preview:-1"},"canonical":"https:\/\/interamerica.org\/es\/2004\/01\/tailandia-conferencia-juvenil-congrega-a-1300-para-servir-a-la-comunidad\/","og_locale":"es_ES","og_type":"article","og_title":"Tailandia: Conferencia Juvenil Congrega a 1,300 Para Servir a la Comunidad. - Iglesia Adventista del S\u00e9ptimo D\u00eda - Divisi\u00f3n Interamericana","og_description":"La Conferencia Mundial de la Iglesia Adventista del S\u00e9ptimo D\u00eda sobre Juventud y Servicios a la Comunidad fue convocada el 30 de diciembre pasado en el Centro de Convenciones en Bangkok bajo el tema general, \"Muchas Manos--Una Misi\u00f3n.\u00a0","og_url":"https:\/\/interamerica.org\/es\/2004\/01\/tailandia-conferencia-juvenil-congrega-a-1300-para-servir-a-la-comunidad\/","og_site_name":"Iglesia Adventista del S\u00e9ptimo D\u00eda - Divisi\u00f3n Interamericana","article_published_time":"2004-01-08T04:00:00+00:00","article_modified_time":"2017-06-02T13:20:35+00:00","author":"Lorenzo Verduzco","twitter_card":"summary_large_image","twitter_misc":{"Escrito por":"Lorenzo Verduzco","Tiempo de lectura":"1 minuto"},"schema":{"@context":"https:\/\/schema.org","@graph":[{"@type":"Article","@id":"https:\/\/interamerica.org\/es\/2004\/01\/tailandia-conferencia-juvenil-congrega-a-1300-para-servir-a-la-comunidad\/#article","isPartOf":{"@id":"https:\/\/interamerica.org\/es\/2004\/01\/tailandia-conferencia-juvenil-congrega-a-1300-para-servir-a-la-comunidad\/"},"author":{"name":"Lorenzo Verduzco","@id":"https:\/\/interamerica.org\/es\/#\/schema\/person\/68ede8bdc292885bb76c1e3810e73c39"},"headline":"Tailandia: Conferencia Juvenil Congrega a 1,300 Para Servir a la Comunidad.","datePublished":"2004-01-08T04:00:00+00:00","dateModified":"2017-06-02T13:20:35+00:00","mainEntityOfPage":{"@id":"https:\/\/interamerica.org\/es\/2004\/01\/tailandia-conferencia-juvenil-congrega-a-1300-para-servir-a-la-comunidad\/"},"wordCount":231,"articleSection":["Archivo"],"inLanguage":"es"},{"@type":"WebPage","@id":"https:\/\/interamerica.org\/es\/2004\/01\/tailandia-conferencia-juvenil-congrega-a-1300-para-servir-a-la-comunidad\/","url":"https:\/\/interamerica.org\/es\/2004\/01\/tailandia-conferencia-juvenil-congrega-a-1300-para-servir-a-la-comunidad\/","name":"Tailandia: Conferencia Juvenil Congrega a 1,300 Para Servir a la Comunidad. - Iglesia Adventista del S\u00e9ptimo D\u00eda - Divisi\u00f3n Interamericana","isPartOf":{"@id":"https:\/\/interamerica.org\/es\/#website"},"datePublished":"2004-01-08T04:00:00+00:00","dateModified":"2017-06-02T13:20:35+00:00","author":{"@id":"https:\/\/interamerica.org\/es\/#\/schema\/person\/68ede8bdc292885bb76c1e3810e73c39"},"breadcrumb":{"@id":"https:\/\/interamerica.org\/es\/2004\/01\/tailandia-conferencia-juvenil-congrega-a-1300-para-servir-a-la-comunidad\/#breadcrumb"},"inLanguage":"es","potentialAction":[{"@type":"ReadAction","target":["https:\/\/interamerica.org\/es\/2004\/01\/tailandia-conferencia-juvenil-congrega-a-1300-para-servir-a-la-comunidad\/"]}]},{"@type":"BreadcrumbList","@id":"https:\/\/interamerica.org\/es\/2004\/01\/tailandia-conferencia-juvenil-congrega-a-1300-para-servir-a-la-comunidad\/#breadcrumb","itemListElement":[{"@type":"ListItem","position":1,"name":"Home","item":"https:\/\/interamerica.org\/es\/"},{"@type":"ListItem","position":2,"name":"Tailandia: Conferencia Juvenil Congrega a 1,300 Para Servir a la Comunidad."}]},{"@type":"WebSite","@id":"https:\/\/interamerica.org\/es\/#website","url":"https:\/\/interamerica.org\/es\/","name":"Iglesia Adventista del S\u00e9ptimo D\u00eda - Divisi\u00f3n Interamericana","description":"","potentialAction":[{"@type":"SearchAction","target":{"@type":"EntryPoint","urlTemplate":"https:\/\/interamerica.org\/es\/?s={search_term_string}"},"query-input":{"@type":"PropertyValueSpecification","valueRequired":true,"valueName":"search_term_string"}}],"inLanguage":"es"},{"@type":"Person","@id":"https:\/\/interamerica.org\/es\/#\/schema\/person\/68ede8bdc292885bb76c1e3810e73c39","name":"Lorenzo Verduzco","image":{"@type":"ImageObject","inLanguage":"es","@id":"https:\/\/secure.gravatar.com\/avatar\/fb81a55b6218459490a9c1dc841a34909185b81904c5337b4b27f7a6fd60c49e?s=96&d=mm&r=g","url":"https:\/\/secure.gravatar.com\/avatar\/fb81a55b6218459490a9c1dc841a34909185b81904c5337b4b27f7a6fd60c49e?s=96&d=mm&r=g","contentUrl":"https:\/\/secure.gravatar.com\/avatar\/fb81a55b6218459490a9c1dc841a34909185b81904c5337b4b27f7a6fd60c49e?s=96&d=mm&r=g","caption":"Lorenzo Verduzco"}}]}},"_links":{"self":[{"href":"https:\/\/interamerica.org\/es\/wp-json\/wp\/v2\/posts\/10234","targetHints":{"allow":["GET"]}}],"collection":[{"href":"https:\/\/interamerica.org\/es\/wp-json\/wp\/v2\/posts"}],"about":[{"href":"https:\/\/interamerica.org\/es\/wp-json\/wp\/v2\/types\/post"}],"author":[{"embeddable":true,"href":"https:\/\/interamerica.org\/es\/wp-json\/wp\/v2\/users\/1"}],"replies":[{"embeddable":true,"href":"https:\/\/interamerica.org\/es\/wp-json\/wp\/v2\/comments?post=10234"}],"version-history":[{"count":0,"href":"https:\/\/interamerica.org\/es\/wp-json\/wp\/v2\/posts\/10234\/revisions"}],"wp:attachment":[{"href":"https:\/\/interamerica.org\/es\/wp-json\/wp\/v2\/media?parent=10234"}],"wp:term":[{"taxonomy":"category","embeddable":true,"href":"https:\/\/interamerica.org\/es\/wp-json\/wp\/v2\/categories?post=10234"},{"taxonomy":"post_tag","embeddable":true,"href":"https:\/\/interamerica.org\/es\/wp-json\/wp\/v2\/tags?post=10234"}],"curies":[{"name":"wp","href":"https:\/\/api.w.org\/{rel}","templated":true}]}}