{"id":102347,"date":"2023-08-22T15:58:35","date_gmt":"2023-08-22T19:58:35","guid":{"rendered":"https:\/\/interamerica.org\/?p=102347"},"modified":"2023-08-23T13:26:27","modified_gmt":"2023-08-23T17:26:27","slug":"adra-se-asocia-con-organizaciones-adventistas-para-prestar-ayuda-en-hawai","status":"publish","type":"post","link":"https:\/\/interamerica.org\/es\/2023\/08\/adra-se-asocia-con-organizaciones-adventistas-para-prestar-ayuda-en-hawai\/","title":{"rendered":"ADRA se asocia con organizaciones adventistas para prestar ayuda en Haw\u00e1i"},"content":{"rendered":"<p><strong>Adventist Health y Servicios Adventistas a la Comunidad est\u00e1n apoyando las labores humanitarias.<\/strong><\/p>\n<p>22 de agosto de 2023 | Silver Spring, Maryland, Estados Unidos | Noticias de la Agencia Adventista de Desarrollo y Recursos Asistenciales |<\/p>\n<p>La Agencia Adventista de Desarrollo y Recursos Asistenciales (ADRA) ha formado equipo con \u00a0Adventist Health y Servicios Adventistas a la Comunidad (ACS, por sus siglas en ingl\u00e9s) para prestar ayuda en su recuperaci\u00f3n a las comunidades en la isla de Maui, Haw\u00e1i, Estados Unidos. Esta organizaci\u00f3n humanitaria mundial est\u00e1 donando m\u00e1s de US$ 100,000, en forma de art\u00edculos y dinero en efectivo para ayudar a ACS y Adventist Health en su respuesta a los mort\u00edferos incendios.<\/p>\n<p>Por lo menos 114 residentes, incluyendo algunos ni\u00f1os, murieron como resultado de los incendios forestales en Maui, que se propagaron por la isla el 8 de agosto y todav\u00eda siguen elev\u00e1ndose las cifras de las v\u00edctimas. Miles de personas m\u00e1s se han visto forzadas a abandonar sus hogares o est\u00e1n todav\u00eda en categor\u00eda de paradero desconocido. Las autoridades sospechan que el mal funcionamiento del sistema el\u00e9ctrico y las r\u00e1fagas de viento del hurac\u00e1n Dora, de categor\u00eda 4, pudieron haber iniciado los incendios. De acuerdo con funcionarios locales, m\u00e1s de 2,000 casas y zonas residenciales, as\u00ed como una porci\u00f3n significativa de la zona occidental de la isla, incluyendo Lahaina, la comunidad costera que alguna vez fungi\u00f3 como capital del quingo hawaiano,\u00a0fueron destruidas por las llamas. (Las cifras est\u00e1n sujetas diariamente a cambios).<\/p>\n<p><div id=\"attachment_102335\" style=\"width: 866px\" class=\"wp-caption aligncenter\"><img fetchpriority=\"high\" decoding=\"async\" aria-describedby=\"caption-attachment-102335\" class=\" wp-image-102333\" src=\"https:\/\/interamerica.org\/wp-content\/uploads\/2023\/08\/adra-maui1-4.jpeg\" alt=\"\" width=\"856\" height=\"642\" srcset=\"https:\/\/interamerica.org\/wp-content\/uploads\/2023\/08\/adra-maui1-4.jpeg 1024w, https:\/\/interamerica.org\/wp-content\/uploads\/2023\/08\/adra-maui1-4-300x225.jpeg 300w, https:\/\/interamerica.org\/wp-content\/uploads\/2023\/08\/adra-maui1-4-768x576.jpeg 768w\" sizes=\"(max-width: 856px) 100vw, 856px\" \/><p id=\"caption-attachment-102335\" class=\"wp-caption-text\">ADRA ha formado equipo con Adventist Health y Servicios Adventistas a la Comunidad para ayudar en la recuperaci\u00f3n de los incendios forestales de las comunidades en la isla de Maui, Haw\u00e1i, Estados Unidos. [Imagen: ADRA International]<\/p><\/div>\u00a0 \u201cNos sentimos profundamente tristes por esta terrible cat\u00e1strofe y oramos por las familias y personas que perdieron a seres queridos, sus casas y sus medios de sustento\u201d, dijo Imad Madanat, vicepresidente de programas de ADRA Internacional. \u201cComo brazo internacional de labor humanitaria de la Iglesia Adventista del S\u00e9ptimo D\u00eda, ADRA se compromete a formar equipo y a apoyar a los Servicios Adventistas a la Comunidad y a Adventist Health mientras contin\u00faan ayudando con continuos esfuerzos de recuperaci\u00f3n y ofreciendo ayuda de emergencia y de atenci\u00f3n a la gente de Maui\u201d.<\/p>\n<p>ADRA ayudar\u00e1 a los Sistemas Misioneros Mundiales de Adventist Health a atender las necesidades urgentes de profesionales m\u00e9dicos que est\u00e1n al mismo tiempo luchando con sus propias p\u00e9rdidas en medio de la tragedia. La organizaci\u00f3n humanitaria mundial est\u00e1 financiando la compra de computadoras port\u00e1tiles que son esenciales para ayudar al personal de atenci\u00f3n a la salud, a movilizarse y proporcionar a la comunidad el acceso a atenci\u00f3n m\u00e9dica urgente.<\/p>\n<p>\u201cEn medio de esta crisis, los profesionales de cuidados de salud est\u00e1n tratando de encontrar formas de proveer atenci\u00f3n de emergencia a centenares de pacientes que est\u00e1n sufriendo dolor y, en algunos casos, no tienen acceso a medicamentos para enfermedades cr\u00f3nicas. Los recursos para proveer computadoras m\u00f3viles a trav\u00e9s de la uni\u00f3n con organizaciones tales como ADRA, son esenciales para ayudar al personal m\u00e9dico en el lugar, a fin de manejar los cuidados de salud mientras la isla se recupera de esta tragedia\u201d, dijo John Schroer, dirigente de Sistemas Misioneros Mundiales de Adventist Health<\/p>\n<p><div id=\"attachment_102338\" style=\"width: 833px\" class=\"wp-caption aligncenter\"><img decoding=\"async\" aria-describedby=\"caption-attachment-102338\" class=\" wp-image-102336\" src=\"https:\/\/interamerica.org\/wp-content\/uploads\/2023\/08\/adra-maui-2.jpeg\" alt=\"\" width=\"823\" height=\"466\" srcset=\"https:\/\/interamerica.org\/wp-content\/uploads\/2023\/08\/adra-maui-2.jpeg 788w, https:\/\/interamerica.org\/wp-content\/uploads\/2023\/08\/adra-maui-2-300x170.jpeg 300w, https:\/\/interamerica.org\/wp-content\/uploads\/2023\/08\/adra-maui-2-768x435.jpeg 768w\" sizes=\"(max-width: 823px) 100vw, 823px\" \/><p id=\"caption-attachment-102338\" class=\"wp-caption-text\">ADRA ha ofrecido materiales que pueden ser usados para distribuirse en Haw\u00e1i, incluyendo tiendas de campa\u00f1a, kits de refugio y linternas solares. [Imagen: ADRA International]<\/p><\/div>ADRA est\u00e1 donando tambi\u00e9n a los Servicios Adventistas a la Comunidad, m\u00e1s de 46 pal\u00e9s de suministros de emergencia, tales como tiendas de campa\u00f1a impermeables y resistentes al fuego, que pueden usarse como albergues temporarios y para almacenar suministros y provisiones m\u00e9dicas, as\u00ed como miles de lonas, juegos de herramientas para construir refugios, adem\u00e1s de linternas de energ\u00eda solar, a fin de ofrecer apoyo a las operaciones de recuperaci\u00f3n en Lahaina.<\/p>\n<p>\u201cADRA ha ofrecido suministros que pueden usarse para su distribuci\u00f3n en Haw\u00e1i. Hemos convenido en recibir tiendas de campa\u00f1a, kits de refugio y linternas solares. Estos art\u00edculos se utilizar\u00e1n para apoyar nuestra operaci\u00f3n y para entregarse a las personas que los necesitan en la zona afectada\u201d, dijo W. Derrick Lea, director de servicios a la comunidad en la Divisi\u00f3n Norteamericana. \u201cNos sentimos entusiasmados por la oportunidad de formar equipo con nuestros amigos de ADRA, como ya lo hemos hecho previamente durante las labores humanitarias durante el paso del hurac\u00e1n Harvey algunos a\u00f1os atr\u00e1s\u201d.<\/p>\n<p>La agencia enviar\u00e1 tales suministros a Haw\u00e1i con la asistencia de Airlink, el transporte a\u00e9reo y socio log\u00edstico de la organizaci\u00f3n humanitaria de ayuda en desastres. Cuando los suministros arriben a Maui, se espera que voluntarios de la iglesia adventista ayuden a distribuirlos en las comunidades afectadas.<\/p>\n<p>La <a href=\"https:\/\/adra.org\/maui-wildfires-adra-partners-with-adventist-health-and-adventist-community-services-for-recovery-efforts\">versi\u00f3n original <\/a>de esta noticia la public\u00f3 la Agencia Adventista de Desarrollo y Recursos Asistenciales.<\/p>\n<p>Traducci\u00f3n &#8211; Gloria A. Castrej\u00f3n<\/p>\n","protected":false},"excerpt":{"rendered":"<p>Adventist Health y Servicios Adventistas a la Comunidad est\u00e1n apoyando las labores humanitarias. 22 de agosto de 2023 | Silver Spring, Maryland, Estados Unidos | Noticias de la Agencia Adventista&#8230;<\/p>\n","protected":false},"author":3,"featured_media":102341,"comment_status":"closed","ping_status":"closed","sticky":false,"template":"","format":"standard","meta":{"_acf_changed":false,"footnotes":""},"categories":[14,15],"tags":[],"class_list":["post-102347","post","type-post","status-publish","format-standard","has-post-thumbnail","hentry","category-de-la-iglesia-mundial","category-rss-espanol"],"acf":[],"yoast_head":"<!-- This site is optimized with the Yoast SEO plugin v27.3 - https:\/\/yoast.com\/product\/yoast-seo-wordpress\/ -->\n<title>ADRA se asocia con organizaciones adventistas para prestar ayuda en Haw\u00e1i - Iglesia Adventista del S\u00e9ptimo D\u00eda - Divisi\u00f3n Interamericana<\/title>\n<meta name=\"robots\" content=\"index, follow, max-snippet:-1, max-image-preview:large, max-video-preview:-1\" \/>\n<link rel=\"canonical\" href=\"https:\/\/interamerica.org\/es\/2023\/08\/adra-se-asocia-con-organizaciones-adventistas-para-prestar-ayuda-en-hawai\/\" \/>\n<meta property=\"og:locale\" content=\"es_ES\" \/>\n<meta property=\"og:type\" content=\"article\" \/>\n<meta property=\"og:title\" content=\"ADRA se asocia con organizaciones adventistas para prestar ayuda en Haw\u00e1i - Iglesia Adventista del S\u00e9ptimo D\u00eda - Divisi\u00f3n Interamericana\" \/>\n<meta property=\"og:description\" content=\"Adventist Health y Servicios Adventistas a la Comunidad est\u00e1n apoyando las labores humanitarias. 22 de agosto de 2023 | Silver Spring, Maryland, Estados Unidos | Noticias de la Agencia Adventista...\" \/>\n<meta property=\"og:url\" content=\"https:\/\/interamerica.org\/es\/2023\/08\/adra-se-asocia-con-organizaciones-adventistas-para-prestar-ayuda-en-hawai\/\" \/>\n<meta property=\"og:site_name\" content=\"Iglesia Adventista del S\u00e9ptimo D\u00eda - Divisi\u00f3n Interamericana\" \/>\n<meta property=\"article:published_time\" content=\"2023-08-22T19:58:35+00:00\" \/>\n<meta property=\"article:modified_time\" content=\"2023-08-23T17:26:27+00:00\" \/>\n<meta property=\"og:image\" content=\"https:\/\/interamerica.org\/wp-content\/uploads\/2023\/08\/edmund-garman-creative-commons12935175175-4494ac8d23-k.jpg\" \/>\n\t<meta property=\"og:image:width\" content=\"1000\" \/>\n\t<meta property=\"og:image:height\" content=\"667\" \/>\n\t<meta property=\"og:image:type\" content=\"image\/jpeg\" \/>\n<meta name=\"author\" content=\"libna\" \/>\n<meta name=\"twitter:card\" content=\"summary_large_image\" \/>\n<meta name=\"twitter:label1\" content=\"Escrito por\" \/>\n\t<meta name=\"twitter:data1\" content=\"libna\" \/>\n\t<meta name=\"twitter:label2\" content=\"Tiempo de lectura\" \/>\n\t<meta name=\"twitter:data2\" content=\"4 minutos\" \/>\n<script type=\"application\/ld+json\" class=\"yoast-schema-graph\">{\"@context\":\"https:\\\/\\\/schema.org\",\"@graph\":[{\"@type\":\"Article\",\"@id\":\"https:\\\/\\\/interamerica.org\\\/es\\\/2023\\\/08\\\/adra-se-asocia-con-organizaciones-adventistas-para-prestar-ayuda-en-hawai\\\/#article\",\"isPartOf\":{\"@id\":\"https:\\\/\\\/interamerica.org\\\/es\\\/2023\\\/08\\\/adra-se-asocia-con-organizaciones-adventistas-para-prestar-ayuda-en-hawai\\\/\"},\"author\":{\"name\":\"libna\",\"@id\":\"https:\\\/\\\/interamerica.org\\\/es\\\/#\\\/schema\\\/person\\\/29998f2bc2d8bd0d38662909289b54f1\"},\"headline\":\"ADRA se asocia con organizaciones adventistas para prestar ayuda en Haw\u00e1i\",\"datePublished\":\"2023-08-22T19:58:35+00:00\",\"dateModified\":\"2023-08-23T17:26:27+00:00\",\"mainEntityOfPage\":{\"@id\":\"https:\\\/\\\/interamerica.org\\\/es\\\/2023\\\/08\\\/adra-se-asocia-con-organizaciones-adventistas-para-prestar-ayuda-en-hawai\\\/\"},\"wordCount\":879,\"image\":{\"@id\":\"https:\\\/\\\/interamerica.org\\\/es\\\/2023\\\/08\\\/adra-se-asocia-con-organizaciones-adventistas-para-prestar-ayuda-en-hawai\\\/#primaryimage\"},\"thumbnailUrl\":\"https:\\\/\\\/interamerica.org\\\/wp-content\\\/uploads\\\/2023\\\/08\\\/edmund-garman-creative-commons12935175175-4494ac8d23-k.jpg\",\"articleSection\":[\"Desde la iglesia mundial\",\"RSS Espa\u00f1ol\"],\"inLanguage\":\"es\"},{\"@type\":\"WebPage\",\"@id\":\"https:\\\/\\\/interamerica.org\\\/es\\\/2023\\\/08\\\/adra-se-asocia-con-organizaciones-adventistas-para-prestar-ayuda-en-hawai\\\/\",\"url\":\"https:\\\/\\\/interamerica.org\\\/es\\\/2023\\\/08\\\/adra-se-asocia-con-organizaciones-adventistas-para-prestar-ayuda-en-hawai\\\/\",\"name\":\"ADRA se asocia con organizaciones adventistas para prestar ayuda en Haw\u00e1i - Iglesia Adventista del S\u00e9ptimo D\u00eda - Divisi\u00f3n Interamericana\",\"isPartOf\":{\"@id\":\"https:\\\/\\\/interamerica.org\\\/es\\\/#website\"},\"primaryImageOfPage\":{\"@id\":\"https:\\\/\\\/interamerica.org\\\/es\\\/2023\\\/08\\\/adra-se-asocia-con-organizaciones-adventistas-para-prestar-ayuda-en-hawai\\\/#primaryimage\"},\"image\":{\"@id\":\"https:\\\/\\\/interamerica.org\\\/es\\\/2023\\\/08\\\/adra-se-asocia-con-organizaciones-adventistas-para-prestar-ayuda-en-hawai\\\/#primaryimage\"},\"thumbnailUrl\":\"https:\\\/\\\/interamerica.org\\\/wp-content\\\/uploads\\\/2023\\\/08\\\/edmund-garman-creative-commons12935175175-4494ac8d23-k.jpg\",\"datePublished\":\"2023-08-22T19:58:35+00:00\",\"dateModified\":\"2023-08-23T17:26:27+00:00\",\"author\":{\"@id\":\"https:\\\/\\\/interamerica.org\\\/es\\\/#\\\/schema\\\/person\\\/29998f2bc2d8bd0d38662909289b54f1\"},\"breadcrumb\":{\"@id\":\"https:\\\/\\\/interamerica.org\\\/es\\\/2023\\\/08\\\/adra-se-asocia-con-organizaciones-adventistas-para-prestar-ayuda-en-hawai\\\/#breadcrumb\"},\"inLanguage\":\"es\",\"potentialAction\":[{\"@type\":\"ReadAction\",\"target\":[\"https:\\\/\\\/interamerica.org\\\/es\\\/2023\\\/08\\\/adra-se-asocia-con-organizaciones-adventistas-para-prestar-ayuda-en-hawai\\\/\"]}]},{\"@type\":\"ImageObject\",\"inLanguage\":\"es\",\"@id\":\"https:\\\/\\\/interamerica.org\\\/es\\\/2023\\\/08\\\/adra-se-asocia-con-organizaciones-adventistas-para-prestar-ayuda-en-hawai\\\/#primaryimage\",\"url\":\"https:\\\/\\\/interamerica.org\\\/wp-content\\\/uploads\\\/2023\\\/08\\\/edmund-garman-creative-commons12935175175-4494ac8d23-k.jpg\",\"contentUrl\":\"https:\\\/\\\/interamerica.org\\\/wp-content\\\/uploads\\\/2023\\\/08\\\/edmund-garman-creative-commons12935175175-4494ac8d23-k.jpg\",\"width\":1000,\"height\":667,\"caption\":\"[Photo: Edmund Garman \\\/ Creative Commons]\"},{\"@type\":\"BreadcrumbList\",\"@id\":\"https:\\\/\\\/interamerica.org\\\/es\\\/2023\\\/08\\\/adra-se-asocia-con-organizaciones-adventistas-para-prestar-ayuda-en-hawai\\\/#breadcrumb\",\"itemListElement\":[{\"@type\":\"ListItem\",\"position\":1,\"name\":\"Home\",\"item\":\"https:\\\/\\\/interamerica.org\\\/es\\\/\"},{\"@type\":\"ListItem\",\"position\":2,\"name\":\"ADRA se asocia con organizaciones adventistas para prestar ayuda en Haw\u00e1i\"}]},{\"@type\":\"WebSite\",\"@id\":\"https:\\\/\\\/interamerica.org\\\/es\\\/#website\",\"url\":\"https:\\\/\\\/interamerica.org\\\/es\\\/\",\"name\":\"Iglesia Adventista del S\u00e9ptimo D\u00eda - Divisi\u00f3n Interamericana\",\"description\":\"\",\"potentialAction\":[{\"@type\":\"SearchAction\",\"target\":{\"@type\":\"EntryPoint\",\"urlTemplate\":\"https:\\\/\\\/interamerica.org\\\/es\\\/?s={search_term_string}\"},\"query-input\":{\"@type\":\"PropertyValueSpecification\",\"valueRequired\":true,\"valueName\":\"search_term_string\"}}],\"inLanguage\":\"es\"},{\"@type\":\"Person\",\"@id\":\"https:\\\/\\\/interamerica.org\\\/es\\\/#\\\/schema\\\/person\\\/29998f2bc2d8bd0d38662909289b54f1\",\"name\":\"libna\",\"image\":{\"@type\":\"ImageObject\",\"inLanguage\":\"es\",\"@id\":\"https:\\\/\\\/secure.gravatar.com\\\/avatar\\\/7c5bd30ae4b47a9ba3c856590957fd1d96dc588bf3ac05719d247e126840331f?s=96&d=mm&r=g\",\"url\":\"https:\\\/\\\/secure.gravatar.com\\\/avatar\\\/7c5bd30ae4b47a9ba3c856590957fd1d96dc588bf3ac05719d247e126840331f?s=96&d=mm&r=g\",\"contentUrl\":\"https:\\\/\\\/secure.gravatar.com\\\/avatar\\\/7c5bd30ae4b47a9ba3c856590957fd1d96dc588bf3ac05719d247e126840331f?s=96&d=mm&r=g\",\"caption\":\"libna\"}}]}<\/script>\n<!-- \/ Yoast SEO plugin. -->","yoast_head_json":{"title":"ADRA se asocia con organizaciones adventistas para prestar ayuda en Haw\u00e1i - Iglesia Adventista del S\u00e9ptimo D\u00eda - Divisi\u00f3n Interamericana","robots":{"index":"index","follow":"follow","max-snippet":"max-snippet:-1","max-image-preview":"max-image-preview:large","max-video-preview":"max-video-preview:-1"},"canonical":"https:\/\/interamerica.org\/es\/2023\/08\/adra-se-asocia-con-organizaciones-adventistas-para-prestar-ayuda-en-hawai\/","og_locale":"es_ES","og_type":"article","og_title":"ADRA se asocia con organizaciones adventistas para prestar ayuda en Haw\u00e1i - Iglesia Adventista del S\u00e9ptimo D\u00eda - Divisi\u00f3n Interamericana","og_description":"Adventist Health y Servicios Adventistas a la Comunidad est\u00e1n apoyando las labores humanitarias. 22 de agosto de 2023 | Silver Spring, Maryland, Estados Unidos | Noticias de la Agencia Adventista...","og_url":"https:\/\/interamerica.org\/es\/2023\/08\/adra-se-asocia-con-organizaciones-adventistas-para-prestar-ayuda-en-hawai\/","og_site_name":"Iglesia Adventista del S\u00e9ptimo D\u00eda - Divisi\u00f3n Interamericana","article_published_time":"2023-08-22T19:58:35+00:00","article_modified_time":"2023-08-23T17:26:27+00:00","og_image":[{"width":1000,"height":667,"url":"https:\/\/interamerica.org\/wp-content\/uploads\/2023\/08\/edmund-garman-creative-commons12935175175-4494ac8d23-k.jpg","type":"image\/jpeg"}],"author":"libna","twitter_card":"summary_large_image","twitter_misc":{"Escrito por":"libna","Tiempo de lectura":"4 minutos"},"schema":{"@context":"https:\/\/schema.org","@graph":[{"@type":"Article","@id":"https:\/\/interamerica.org\/es\/2023\/08\/adra-se-asocia-con-organizaciones-adventistas-para-prestar-ayuda-en-hawai\/#article","isPartOf":{"@id":"https:\/\/interamerica.org\/es\/2023\/08\/adra-se-asocia-con-organizaciones-adventistas-para-prestar-ayuda-en-hawai\/"},"author":{"name":"libna","@id":"https:\/\/interamerica.org\/es\/#\/schema\/person\/29998f2bc2d8bd0d38662909289b54f1"},"headline":"ADRA se asocia con organizaciones adventistas para prestar ayuda en Haw\u00e1i","datePublished":"2023-08-22T19:58:35+00:00","dateModified":"2023-08-23T17:26:27+00:00","mainEntityOfPage":{"@id":"https:\/\/interamerica.org\/es\/2023\/08\/adra-se-asocia-con-organizaciones-adventistas-para-prestar-ayuda-en-hawai\/"},"wordCount":879,"image":{"@id":"https:\/\/interamerica.org\/es\/2023\/08\/adra-se-asocia-con-organizaciones-adventistas-para-prestar-ayuda-en-hawai\/#primaryimage"},"thumbnailUrl":"https:\/\/interamerica.org\/wp-content\/uploads\/2023\/08\/edmund-garman-creative-commons12935175175-4494ac8d23-k.jpg","articleSection":["Desde la iglesia mundial","RSS Espa\u00f1ol"],"inLanguage":"es"},{"@type":"WebPage","@id":"https:\/\/interamerica.org\/es\/2023\/08\/adra-se-asocia-con-organizaciones-adventistas-para-prestar-ayuda-en-hawai\/","url":"https:\/\/interamerica.org\/es\/2023\/08\/adra-se-asocia-con-organizaciones-adventistas-para-prestar-ayuda-en-hawai\/","name":"ADRA se asocia con organizaciones adventistas para prestar ayuda en Haw\u00e1i - Iglesia Adventista del S\u00e9ptimo D\u00eda - Divisi\u00f3n Interamericana","isPartOf":{"@id":"https:\/\/interamerica.org\/es\/#website"},"primaryImageOfPage":{"@id":"https:\/\/interamerica.org\/es\/2023\/08\/adra-se-asocia-con-organizaciones-adventistas-para-prestar-ayuda-en-hawai\/#primaryimage"},"image":{"@id":"https:\/\/interamerica.org\/es\/2023\/08\/adra-se-asocia-con-organizaciones-adventistas-para-prestar-ayuda-en-hawai\/#primaryimage"},"thumbnailUrl":"https:\/\/interamerica.org\/wp-content\/uploads\/2023\/08\/edmund-garman-creative-commons12935175175-4494ac8d23-k.jpg","datePublished":"2023-08-22T19:58:35+00:00","dateModified":"2023-08-23T17:26:27+00:00","author":{"@id":"https:\/\/interamerica.org\/es\/#\/schema\/person\/29998f2bc2d8bd0d38662909289b54f1"},"breadcrumb":{"@id":"https:\/\/interamerica.org\/es\/2023\/08\/adra-se-asocia-con-organizaciones-adventistas-para-prestar-ayuda-en-hawai\/#breadcrumb"},"inLanguage":"es","potentialAction":[{"@type":"ReadAction","target":["https:\/\/interamerica.org\/es\/2023\/08\/adra-se-asocia-con-organizaciones-adventistas-para-prestar-ayuda-en-hawai\/"]}]},{"@type":"ImageObject","inLanguage":"es","@id":"https:\/\/interamerica.org\/es\/2023\/08\/adra-se-asocia-con-organizaciones-adventistas-para-prestar-ayuda-en-hawai\/#primaryimage","url":"https:\/\/interamerica.org\/wp-content\/uploads\/2023\/08\/edmund-garman-creative-commons12935175175-4494ac8d23-k.jpg","contentUrl":"https:\/\/interamerica.org\/wp-content\/uploads\/2023\/08\/edmund-garman-creative-commons12935175175-4494ac8d23-k.jpg","width":1000,"height":667,"caption":"[Photo: Edmund Garman \/ Creative Commons]"},{"@type":"BreadcrumbList","@id":"https:\/\/interamerica.org\/es\/2023\/08\/adra-se-asocia-con-organizaciones-adventistas-para-prestar-ayuda-en-hawai\/#breadcrumb","itemListElement":[{"@type":"ListItem","position":1,"name":"Home","item":"https:\/\/interamerica.org\/es\/"},{"@type":"ListItem","position":2,"name":"ADRA se asocia con organizaciones adventistas para prestar ayuda en Haw\u00e1i"}]},{"@type":"WebSite","@id":"https:\/\/interamerica.org\/es\/#website","url":"https:\/\/interamerica.org\/es\/","name":"Iglesia Adventista del S\u00e9ptimo D\u00eda - Divisi\u00f3n Interamericana","description":"","potentialAction":[{"@type":"SearchAction","target":{"@type":"EntryPoint","urlTemplate":"https:\/\/interamerica.org\/es\/?s={search_term_string}"},"query-input":{"@type":"PropertyValueSpecification","valueRequired":true,"valueName":"search_term_string"}}],"inLanguage":"es"},{"@type":"Person","@id":"https:\/\/interamerica.org\/es\/#\/schema\/person\/29998f2bc2d8bd0d38662909289b54f1","name":"libna","image":{"@type":"ImageObject","inLanguage":"es","@id":"https:\/\/secure.gravatar.com\/avatar\/7c5bd30ae4b47a9ba3c856590957fd1d96dc588bf3ac05719d247e126840331f?s=96&d=mm&r=g","url":"https:\/\/secure.gravatar.com\/avatar\/7c5bd30ae4b47a9ba3c856590957fd1d96dc588bf3ac05719d247e126840331f?s=96&d=mm&r=g","contentUrl":"https:\/\/secure.gravatar.com\/avatar\/7c5bd30ae4b47a9ba3c856590957fd1d96dc588bf3ac05719d247e126840331f?s=96&d=mm&r=g","caption":"libna"}}]}},"_links":{"self":[{"href":"https:\/\/interamerica.org\/es\/wp-json\/wp\/v2\/posts\/102347","targetHints":{"allow":["GET"]}}],"collection":[{"href":"https:\/\/interamerica.org\/es\/wp-json\/wp\/v2\/posts"}],"about":[{"href":"https:\/\/interamerica.org\/es\/wp-json\/wp\/v2\/types\/post"}],"author":[{"embeddable":true,"href":"https:\/\/interamerica.org\/es\/wp-json\/wp\/v2\/users\/3"}],"replies":[{"embeddable":true,"href":"https:\/\/interamerica.org\/es\/wp-json\/wp\/v2\/comments?post=102347"}],"version-history":[{"count":0,"href":"https:\/\/interamerica.org\/es\/wp-json\/wp\/v2\/posts\/102347\/revisions"}],"wp:featuredmedia":[{"embeddable":true,"href":"https:\/\/interamerica.org\/es\/wp-json\/wp\/v2\/media\/102341"}],"wp:attachment":[{"href":"https:\/\/interamerica.org\/es\/wp-json\/wp\/v2\/media?parent=102347"}],"wp:term":[{"taxonomy":"category","embeddable":true,"href":"https:\/\/interamerica.org\/es\/wp-json\/wp\/v2\/categories?post=102347"},{"taxonomy":"post_tag","embeddable":true,"href":"https:\/\/interamerica.org\/es\/wp-json\/wp\/v2\/tags?post=102347"}],"curies":[{"name":"wp","href":"https:\/\/api.w.org\/{rel}","templated":true}]}}