{"id":102348,"date":"2023-08-22T20:19:22","date_gmt":"2023-08-23T00:19:22","guid":{"rendered":"https:\/\/interamerica.org\/?p=102348"},"modified":"2023-08-23T13:42:12","modified_gmt":"2023-08-23T17:42:12","slug":"adra-inaugura-sede-para-fortalecer-su-compromiso-humanitario-en-el-salvador","status":"publish","type":"post","link":"https:\/\/interamerica.org\/es\/2023\/08\/adra-inaugura-sede-para-fortalecer-su-compromiso-humanitario-en-el-salvador\/","title":{"rendered":"ADRA inaugura sede para fortalecer su compromiso humanitario en El Salvador"},"content":{"rendered":"<p><div id=\"attachment_102303\" style=\"width: 872px\" class=\"wp-caption aligncenter\"><img fetchpriority=\"high\" decoding=\"async\" aria-describedby=\"caption-attachment-102303\" class=\" wp-image-102301\" src=\"https:\/\/interamerica.org\/wp-content\/uploads\/2023\/08\/adra-esau-entrance.jpg\" alt=\"\" width=\"862\" height=\"575\" srcset=\"https:\/\/interamerica.org\/wp-content\/uploads\/2023\/08\/adra-esau-entrance.jpg 1000w, https:\/\/interamerica.org\/wp-content\/uploads\/2023\/08\/adra-esau-entrance-300x200.jpg 300w, https:\/\/interamerica.org\/wp-content\/uploads\/2023\/08\/adra-esau-entrance-768x512.jpg 768w\" sizes=\"(max-width: 862px) 100vw, 862px\" \/><p id=\"caption-attachment-102303\" class=\"wp-caption-text\">L\u00edderes adventistas, miembros de iglesia y funcionarios de gobierno se reunieron para la inauguraci\u00f3n de la nueva sede de ADRA El Salvador en San Juan Opico, El Salvador, el 6 de agosto de 2023. [Fotograf\u00eda: Oscar David Molina]<\/p><\/div>22 de agosto de 2023 | San Juan Opico, Libertad, El Salvador | Fabricio Rivera y Libna Stevens, Noticias de la Divisi\u00f3n Interamericana<\/p>\n<p>La Agencia Adventista de Desarrollo y Recursos Asistenciales (ADRA) en El Salvador inaugur\u00f3 su nueva sede durante una ceremonia especial llevada a cabo en San Juan Opico, en el Departamento de Libertad, el 6 de agosto de 2023. Decenas de l\u00edderes de la iglesia, diputados de gobierno salvadore\u00f1o, miembros de iglesia y estudiantes del programa de alfabetizaci\u00f3n de ADRA se reunieron para ser testigos de un sue\u00f1o de 22 a\u00f1os que se hizo realidad.<\/p>\n<p>Ubicado en el campus de la Escuela de Capacitaci\u00f3n Adventista Salvadore\u00f1a operada por la iglesia, el edificio de dos plantas permitir\u00e1 mayor espacio para el personal, la capacitaci\u00f3n de voluntarios, talleres y eventos especiales de capacitaci\u00f3n para la comunidad, dijeron los l\u00edderes de la iglesia.<\/p>\n<p><div id=\"attachment_102312\" style=\"width: 869px\" class=\"wp-caption aligncenter\"><img decoding=\"async\" aria-describedby=\"caption-attachment-102312\" class=\" wp-image-102310\" src=\"https:\/\/interamerica.org\/wp-content\/uploads\/2023\/08\/adra-esau-audience.jpg\" alt=\"\" width=\"859\" height=\"481\" srcset=\"https:\/\/interamerica.org\/wp-content\/uploads\/2023\/08\/adra-esau-audience.jpg 1000w, https:\/\/interamerica.org\/wp-content\/uploads\/2023\/08\/adra-esau-audience-300x168.jpg 300w, https:\/\/interamerica.org\/wp-content\/uploads\/2023\/08\/adra-esau-audience-768x430.jpg 768w\" sizes=\"(max-width: 859px) 100vw, 859px\" \/><p id=\"caption-attachment-102312\" class=\"wp-caption-text\">El pastor Elie Henry, presidente de la Divisi\u00f3n Interamericana, habla durante la ceremonia inaugural llevada a cabo en las instalaciones de la nueva sede de ADRA El Salvador. La sede fue construida en parte del campus de la Escuela de Capacitaci\u00f3n Adventista Salvadore\u00f1a. [Fotograf\u00eda: Oscar David Molina]<\/p><\/div>\u201cHoy tengo un gozo extraordinario en mi coraz\u00f3n\u201d, dijo el pastor Elie Henry, presidente de la Divisi\u00f3n Interamericana. \u201cVer en el nuevo edificio de ADRA el seguimiento de una obra que va a perdurar y nos agrada ver muchas personas involucradas en actos de bondad, predicando, educando y sirviendo a la comunidad\u201d. Ese es exactamente el m\u00e9todo que ense\u00f1\u00f3 Cristo cuando estuvo en esta tierra, dijo el pastor Henry, que felicit\u00f3 a la iglesia por su liderazgo visionario en ese pa\u00eds centroamericano.<\/p>\n<p><strong>Un centro de operaciones<\/strong><\/p>\n<p>Las nuevas instalaciones no solo servir\u00e1n como centro de operaciones para las actividades de ADRA El Salvador, sino que fortalecer\u00e1 la imagen ante las autoridades civiles y de gobierno, dijo David Poloche, director de ADRA Interam\u00e9rica. \u201cLa consolidaci\u00f3n de las operaciones y coordinaci\u00f3n de esfuerzos en un solo lugar brindarr\u00e1 estabilidad y eficacia a la labor de la organizaci\u00f3n\u201d dijo. \u201cEste nuevo edificio representa un paso adelante en la transformaci\u00f3n de ADRA como una entidad centrada en emergencias a una fuerza impulsadora de desarrollo comunitario y mejora de la calidad de vida\u201d.<\/p>\n<p><div id=\"attachment_102315\" style=\"width: 858px\" class=\"wp-caption aligncenter\"><img decoding=\"async\" aria-describedby=\"caption-attachment-102315\" class=\" wp-image-102313\" src=\"https:\/\/interamerica.org\/wp-content\/uploads\/2023\/08\/adra-esau-ribboncutting.jpg\" alt=\"\" width=\"848\" height=\"546\" srcset=\"https:\/\/interamerica.org\/wp-content\/uploads\/2023\/08\/adra-esau-ribboncutting.jpg 1000w, https:\/\/interamerica.org\/wp-content\/uploads\/2023\/08\/adra-esau-ribboncutting-300x193.jpg 300w, https:\/\/interamerica.org\/wp-content\/uploads\/2023\/08\/adra-esau-ribboncutting-768x495.jpg 768w\" sizes=\"(max-width: 848px) 100vw, 848px\" \/><p id=\"caption-attachment-102315\" class=\"wp-caption-text\">El pastor Elie Henry, presidente de la Divisi\u00f3n Interamericana (al centro) corta la cinta inaugural con el pastor Abel Pacheco, presidente de la Uni\u00f3n Salvadore\u00f1a (tercero desde la izquierda), y (de izquierda a derecha) Alex Figueroa, director de ADRA El Salvador, el pastor Leonard Johnson, secretario ejecutivo de la Divisi\u00f3n Interamericana, David Poloche (quinto desde la izquierda), director de ADRA Interam\u00e9rica, Luis Aguill\u00f3n, secretario ejecutivo y Carlos Mart\u00ednez, tesorero de la Uni\u00f3n Salvadore\u00f1a. [Fotograf\u00eda: Oscar David Molina]<\/p><\/div>El edificio de ADRA cuenta con nueve oficinas, dos salas de reuniones, una sala de conferencias y capacitaci\u00f3n para 70 personas, un \u00e1rea de recepci\u00f3n en cada piso, una sala de dep\u00f3sito, la cocina de un empleado, cinco ba\u00f1os y un apartamento de un dormitorio.<\/p>\n<p>\u201cAlabamos a Dios y agradecemos a las muchas personas que nos han ayudado a que esta oficina de ADRA sea una realidad\u201d, dijo el pastor Abel Pacheco, presidente de la Iglesia Adventista en El Salvador. \u201cPara nosotros, ADRA no es un edificio, sino ADRA somos nosotros, somos las personas que ayudamos a la comunidad y que como Iglesia Adventista nos apoyamos y nos metemos de cabeza para colaborar ya sea en los proyectos o cuando hay emergencias\u00bb. ADRA para muchos que solo son beneficiarios, es un macrot\u00fanel en la agricultura, o es un profesor que le ense\u00f1a a leer y escribir, a\u00f1adi\u00f3. \u201cPor la gracia de Dios, continuaremos sirviendo y apoyando a los m\u00e1s necesitados\u201d.<\/p>\n<p><div id=\"attachment_102306\" style=\"width: 857px\" class=\"wp-caption aligncenter\"><img loading=\"lazy\" decoding=\"async\" aria-describedby=\"caption-attachment-102306\" class=\" wp-image-102304\" src=\"https:\/\/interamerica.org\/wp-content\/uploads\/2023\/08\/abel-pacheco-adra-building.jpg\" alt=\"\" width=\"847\" height=\"565\" srcset=\"https:\/\/interamerica.org\/wp-content\/uploads\/2023\/08\/abel-pacheco-adra-building.jpg 1000w, https:\/\/interamerica.org\/wp-content\/uploads\/2023\/08\/abel-pacheco-adra-building-300x200.jpg 300w, https:\/\/interamerica.org\/wp-content\/uploads\/2023\/08\/abel-pacheco-adra-building-768x512.jpg 768w\" sizes=\"(max-width: 847px) 100vw, 847px\" \/><p id=\"caption-attachment-102306\" class=\"wp-caption-text\">El pastor Abel Pacheco, presidente de la Uni\u00f3n Salvadore\u00f1a, comparte cu\u00e1n importante ha sido la obra de ADRA El Salvador en el pa\u00eds desde que se estableci\u00f3 oficialmente en 2001. [Fotograf\u00eda: Oscar David Molina]<\/p><\/div>Durante muchos a\u00f1os desde que estableci\u00f3 ADRA El Salvador en 2001, las operaciones eran dirigidas desde una propiedad alquilada en San Salvador, la ciudad capital, a treinta minutos de d\u00f3nde se encuentra ahora el nuevo edificio. \u201cADRA ahora se encuentra en un lugar muy bueno, libre del tr\u00e1fico y en una ruta central que se conecta con diversos puntos del pa\u00eds sin tener que atravesar la capital\u201d, dijo Pacheco. Result\u00f3 dif\u00edcil adquirir una propiedad en la ciudad, explic\u00f3, por lo que esa propiedad que pertenece a la escuela de capacitaci\u00f3n de la iglesia result\u00f3 ser m\u00e1s beneficiosa, a\u00f1adi\u00f3.<\/p>\n<p><strong>Crecientes proyectos de alfabetizaci\u00f3n y asistencia social<\/strong><\/p>\n<p>Frank Menjivar, diputado del Parlamento Centroamericano, celebr\u00f3 la obra de ADRA en colaboraci\u00f3n con el gobierno y las municipalidades de la comunidad, como por ejemplo los proyectos de alfabetizaci\u00f3n y asistencia social.<\/p>\n<p><div id=\"attachment_102318\" style=\"width: 841px\" class=\"wp-caption aligncenter\"><img loading=\"lazy\" decoding=\"async\" aria-describedby=\"caption-attachment-102318\" class=\" wp-image-102316\" src=\"https:\/\/interamerica.org\/wp-content\/uploads\/2023\/08\/adra-esau-government-leaders.jpg\" alt=\"\" width=\"831\" height=\"578\" srcset=\"https:\/\/interamerica.org\/wp-content\/uploads\/2023\/08\/adra-esau-government-leaders.jpg 1000w, https:\/\/interamerica.org\/wp-content\/uploads\/2023\/08\/adra-esau-government-leaders-300x209.jpg 300w, https:\/\/interamerica.org\/wp-content\/uploads\/2023\/08\/adra-esau-government-leaders-768x535.jpg 768w\" sizes=\"(max-width: 831px) 100vw, 831px\" \/><p id=\"caption-attachment-102318\" class=\"wp-caption-text\">Frank Menjivar, diputado del Parlamento Centroamericano (derecha), aparece sentado durante la ceremonia de inauguraci\u00f3n con otros funcionarios de gobierno el 6 de agosto de 2023. [Fotograf\u00eda: Oscar David Molina]<\/p><\/div>\u201cEs importante que podamos depender de ADRA como una organizaci\u00f3n formal, y eso facilita que el gobierno trabaje de manera articulada para colaborar con las necesidades del pa\u00eds\u201d, dijo Menjivar. \u201cCon ADRA, hemos podido alcanzar comunidades y personas con programas de alfabetizaci\u00f3n que van de la mano con el Ministerio de Educaci\u00f3n, como lo son brindar sillas de rueda y andadores para apoyar el ministerio de salud o el Instituto Nacional de Rehabilitaci\u00f3n\u201d, dijo. \u201cPara nosotros\u201d, dijo Menjivar, \u201cesto es fundamental y clave para identificar las necesidades de los peque\u00f1os asentamientos. Saber que ADRA no solo est\u00e1 presente aqu\u00ed sino en todo el mundo nos brinda mayor confianza\u201d.<\/p>\n<p>ADRA El Salvador est\u00e1 comprometida con seguir ayudando a las personas para que disfruten de una vida mejor, dijo Alex Figueroa, director de ADRA El Salvador. \u201cEl Salvador ha sido hist\u00f3ricamente un pa\u00eds subdesarrollado, debido a diversos problemas sociales, y hay necesidades en el \u00e1rea de educaci\u00f3n y alfabetizaci\u00f3n, entre otras\u201d, explic\u00f3 Figueroa.<\/p>\n<p><div id=\"attachment_102300\" style=\"width: 832px\" class=\"wp-caption aligncenter\"><img loading=\"lazy\" decoding=\"async\" aria-describedby=\"caption-attachment-102300\" class=\" wp-image-102298\" src=\"https:\/\/interamerica.org\/wp-content\/uploads\/2023\/08\/alex-figueroa-adra-el-salvador.jpg\" alt=\"\" width=\"822\" height=\"514\" srcset=\"https:\/\/interamerica.org\/wp-content\/uploads\/2023\/08\/alex-figueroa-adra-el-salvador.jpg 1000w, https:\/\/interamerica.org\/wp-content\/uploads\/2023\/08\/alex-figueroa-adra-el-salvador-300x188.jpg 300w, https:\/\/interamerica.org\/wp-content\/uploads\/2023\/08\/alex-figueroa-adra-el-salvador-768x480.jpg 768w\" sizes=\"(max-width: 822px) 100vw, 822px\" \/><p id=\"caption-attachment-102300\" class=\"wp-caption-text\">El director de ADRA El Salvador dice que la agencia contin\u00faa con su programa de alfabetizaci\u00f3n y otros proyectos de asistencia social en las comunidades necesitadas del pa\u00eds. [Fotograf\u00eda: Oscar David Molina]<\/p><\/div>\u201cTenemos muy en claro que ADRA es una organizaci\u00f3n de ayuda humanitaria que para alcanzar a m\u00e1s personas necesita de alianzas pertinentes y v\u00ednculos con amigos e instituciones correspondientes que le ayuden de la mejor manera\u201d, dijo Figueroa.<\/p>\n<p><strong>Voluntarios capacitados<\/strong><\/p>\n<p>La nueva sede de ADRA cuenta con m\u00e1s de 150 voluntarios capacitados que ense\u00f1an en el programa a los adultos y a los ancianos, dijo Figueroa. Cada a\u00f1o, m\u00e1s de mil personas pasan por el programa de alfabetizaci\u00f3n, a\u00f1adi\u00f3.<\/p>\n<p><div id=\"attachment_102330\" style=\"width: 850px\" class=\"wp-caption aligncenter\"><img loading=\"lazy\" decoding=\"async\" aria-describedby=\"caption-attachment-102330\" class=\" wp-image-102328\" src=\"https:\/\/interamerica.org\/wp-content\/uploads\/2023\/08\/adra-esau-plaque.jpg\" alt=\"\" width=\"840\" height=\"560\" srcset=\"https:\/\/interamerica.org\/wp-content\/uploads\/2023\/08\/adra-esau-plaque.jpg 1000w, https:\/\/interamerica.org\/wp-content\/uploads\/2023\/08\/adra-esau-plaque-300x200.jpg 300w, https:\/\/interamerica.org\/wp-content\/uploads\/2023\/08\/adra-esau-plaque-768x512.jpg 768w\" sizes=\"(max-width: 840px) 100vw, 840px\" \/><p id=\"caption-attachment-102330\" class=\"wp-caption-text\">El pastor Elie Henry, presidente de la Divisi\u00f3n Interamericana, descubre una placa conmemorativa, durante la ceremonia inaugural del nuevo edificio de ADRA El Salvador el pasado 6 de agosto de 2023 en San Juan Opico, El Salvador. [Fotograf\u00eda: Oscar David Molina]<\/p><\/div>Mar\u00eda Celia Santos, una docente ya jubilada, es una de las decenas de voluntario que cada semana dedica tiempo a coordinar o ense\u00f1ar en el curso de alfabetizaci\u00f3n supervisado por ADRA. Dijo estar entusiasmada de ser parte de la ceremonia de inauguraci\u00f3n de las nuevas oficinas de ADRA, y contin\u00faa trabajando como voluntaria de la agencia. \u201cMe siento tan feliz de ser parte de ADRA y de este proyecto\u201d, dijo Santos. \u201cEs algo con lo que pienso continuar hasta que Dios me llame al descanso. Me siento bendecida por cada persona a la que le ense\u00f1o a leer y escribir. Me da vida\u201d.<\/p>\n<p>ADRA El Salvador tambi\u00e9n participa de programas para emprendedores, como por ejemplo el cultivo de huertas, las granjas de pollos, y programas para ayudar a las madres solas y sus hijos menores, report\u00f3 Figueroa.<\/p>\n<p>\u201cSeguimos pidiendo a Dios que nos ayude a hacer de ADRA una instituci\u00f3n emblem\u00e1tica para ayudar a otros\u201d, dijo Figueroa.<\/p>\n<p><div id=\"attachment_102297\" style=\"width: 837px\" class=\"wp-caption aligncenter\"><img loading=\"lazy\" decoding=\"async\" aria-describedby=\"caption-attachment-102297\" class=\" wp-image-102295\" src=\"https:\/\/interamerica.org\/wp-content\/uploads\/2023\/08\/adra-esau-aereal.jpg\" alt=\"\" width=\"827\" height=\"516\" srcset=\"https:\/\/interamerica.org\/wp-content\/uploads\/2023\/08\/adra-esau-aereal.jpg 1000w, https:\/\/interamerica.org\/wp-content\/uploads\/2023\/08\/adra-esau-aereal-300x187.jpg 300w, https:\/\/interamerica.org\/wp-content\/uploads\/2023\/08\/adra-esau-aereal-768x479.jpg 768w\" sizes=\"(max-width: 827px) 100vw, 827px\" \/><p id=\"caption-attachment-102297\" class=\"wp-caption-text\">Vista a\u00e9rea de la sede de ADRA El Salvador en San Juan Opico, Departamento de Libertad, El Salvador. [Fotograf\u00eda: Oscar David Molina]<\/p><\/div><a href=\"http:\/\/www.adra.org.sv\/\" data-saferedirecturl=\"https:\/\/www.google.com\/url?q=http:\/\/www.adra.org.sv\/&amp;source=gmail&amp;ust=1692814684955000&amp;usg=AOvVaw3kyBpjuN_m2bXF-8dzS1ng\">ADRA El Salvador<\/a> es parte de la red global de <a href=\"https:\/\/adra.org\/\" data-saferedirecturl=\"https:\/\/www.google.com\/url?q=https:\/\/adra.org\/&amp;source=gmail&amp;ust=1692814684956000&amp;usg=AOvVaw2n0UufnxR_-usWCXYY4Lzr\">ADRA Internacional<\/a>, que brinda asistencia y desarrollo a individuos en m\u00e1s de 130 pa\u00edses. ADRA trabaja con personas en situaci\u00f3n de pobreza y sufrimiento con el fin de crear cambios justos y positivos, por medio de sociedades que empoderan y acciones responsables.<\/p>\n<p>Traducci\u00f3n de Marcos Paseggi<\/p>\n","protected":false},"excerpt":{"rendered":"<p>22 de agosto de 2023 | San Juan Opico, Libertad, El Salvador | Fabricio Rivera y Libna Stevens, Noticias de la Divisi\u00f3n Interamericana La Agencia Adventista de Desarrollo y Recursos&#8230;<\/p>\n","protected":false},"author":3,"featured_media":102303,"comment_status":"closed","ping_status":"closed","sticky":false,"template":"","format":"standard","meta":{"_acf_changed":false,"footnotes":""},"categories":[17,15],"tags":[],"class_list":["post-102348","post","type-post","status-publish","format-standard","has-post-thumbnail","hentry","category-desde-el-campo","category-rss-espanol"],"acf":[],"yoast_head":"<!-- This site is optimized with the Yoast SEO plugin v27.3 - https:\/\/yoast.com\/product\/yoast-seo-wordpress\/ -->\n<title>ADRA inaugura sede para fortalecer su compromiso humanitario en El Salvador - Iglesia Adventista del S\u00e9ptimo D\u00eda - Divisi\u00f3n Interamericana<\/title>\n<meta name=\"robots\" content=\"index, follow, max-snippet:-1, max-image-preview:large, max-video-preview:-1\" \/>\n<link rel=\"canonical\" href=\"https:\/\/interamerica.org\/es\/2023\/08\/adra-inaugura-sede-para-fortalecer-su-compromiso-humanitario-en-el-salvador\/\" \/>\n<meta property=\"og:locale\" content=\"es_ES\" \/>\n<meta property=\"og:type\" content=\"article\" \/>\n<meta property=\"og:title\" content=\"ADRA inaugura sede para fortalecer su compromiso humanitario en El Salvador - Iglesia Adventista del S\u00e9ptimo D\u00eda - Divisi\u00f3n Interamericana\" \/>\n<meta property=\"og:description\" content=\"22 de agosto de 2023 | San Juan Opico, Libertad, El Salvador | Fabricio Rivera y Libna Stevens, Noticias de la Divisi\u00f3n Interamericana La Agencia Adventista de Desarrollo y Recursos...\" \/>\n<meta property=\"og:url\" content=\"https:\/\/interamerica.org\/es\/2023\/08\/adra-inaugura-sede-para-fortalecer-su-compromiso-humanitario-en-el-salvador\/\" \/>\n<meta property=\"og:site_name\" content=\"Iglesia Adventista del S\u00e9ptimo D\u00eda - Divisi\u00f3n Interamericana\" \/>\n<meta property=\"article:published_time\" content=\"2023-08-23T00:19:22+00:00\" \/>\n<meta property=\"article:modified_time\" content=\"2023-08-23T17:42:12+00:00\" \/>\n<meta property=\"og:image\" content=\"https:\/\/interamerica.org\/wp-content\/uploads\/2023\/08\/adra-esau-entrance.jpg\" \/>\n\t<meta property=\"og:image:width\" content=\"1000\" \/>\n\t<meta property=\"og:image:height\" content=\"667\" \/>\n\t<meta property=\"og:image:type\" content=\"image\/jpeg\" \/>\n<meta name=\"author\" content=\"libna\" \/>\n<meta name=\"twitter:card\" content=\"summary_large_image\" \/>\n<meta name=\"twitter:label1\" content=\"Escrito por\" \/>\n\t<meta name=\"twitter:data1\" content=\"libna\" \/>\n\t<meta name=\"twitter:label2\" content=\"Tiempo de lectura\" \/>\n\t<meta name=\"twitter:data2\" content=\"8 minutos\" \/>\n<script type=\"application\/ld+json\" class=\"yoast-schema-graph\">{\"@context\":\"https:\\\/\\\/schema.org\",\"@graph\":[{\"@type\":\"Article\",\"@id\":\"https:\\\/\\\/interamerica.org\\\/es\\\/2023\\\/08\\\/adra-inaugura-sede-para-fortalecer-su-compromiso-humanitario-en-el-salvador\\\/#article\",\"isPartOf\":{\"@id\":\"https:\\\/\\\/interamerica.org\\\/es\\\/2023\\\/08\\\/adra-inaugura-sede-para-fortalecer-su-compromiso-humanitario-en-el-salvador\\\/\"},\"author\":{\"name\":\"libna\",\"@id\":\"https:\\\/\\\/interamerica.org\\\/es\\\/#\\\/schema\\\/person\\\/29998f2bc2d8bd0d38662909289b54f1\"},\"headline\":\"ADRA inaugura sede para fortalecer su compromiso humanitario en El Salvador\",\"datePublished\":\"2023-08-23T00:19:22+00:00\",\"dateModified\":\"2023-08-23T17:42:12+00:00\",\"mainEntityOfPage\":{\"@id\":\"https:\\\/\\\/interamerica.org\\\/es\\\/2023\\\/08\\\/adra-inaugura-sede-para-fortalecer-su-compromiso-humanitario-en-el-salvador\\\/\"},\"wordCount\":1543,\"image\":{\"@id\":\"https:\\\/\\\/interamerica.org\\\/es\\\/2023\\\/08\\\/adra-inaugura-sede-para-fortalecer-su-compromiso-humanitario-en-el-salvador\\\/#primaryimage\"},\"thumbnailUrl\":\"https:\\\/\\\/interamerica.org\\\/wp-content\\\/uploads\\\/2023\\\/08\\\/adra-esau-entrance.jpg\",\"articleSection\":[\"Desde el campo\",\"RSS Espa\u00f1ol\"],\"inLanguage\":\"es\"},{\"@type\":\"WebPage\",\"@id\":\"https:\\\/\\\/interamerica.org\\\/es\\\/2023\\\/08\\\/adra-inaugura-sede-para-fortalecer-su-compromiso-humanitario-en-el-salvador\\\/\",\"url\":\"https:\\\/\\\/interamerica.org\\\/es\\\/2023\\\/08\\\/adra-inaugura-sede-para-fortalecer-su-compromiso-humanitario-en-el-salvador\\\/\",\"name\":\"ADRA inaugura sede para fortalecer su compromiso humanitario en El Salvador - Iglesia Adventista del S\u00e9ptimo D\u00eda - Divisi\u00f3n Interamericana\",\"isPartOf\":{\"@id\":\"https:\\\/\\\/interamerica.org\\\/es\\\/#website\"},\"primaryImageOfPage\":{\"@id\":\"https:\\\/\\\/interamerica.org\\\/es\\\/2023\\\/08\\\/adra-inaugura-sede-para-fortalecer-su-compromiso-humanitario-en-el-salvador\\\/#primaryimage\"},\"image\":{\"@id\":\"https:\\\/\\\/interamerica.org\\\/es\\\/2023\\\/08\\\/adra-inaugura-sede-para-fortalecer-su-compromiso-humanitario-en-el-salvador\\\/#primaryimage\"},\"thumbnailUrl\":\"https:\\\/\\\/interamerica.org\\\/wp-content\\\/uploads\\\/2023\\\/08\\\/adra-esau-entrance.jpg\",\"datePublished\":\"2023-08-23T00:19:22+00:00\",\"dateModified\":\"2023-08-23T17:42:12+00:00\",\"author\":{\"@id\":\"https:\\\/\\\/interamerica.org\\\/es\\\/#\\\/schema\\\/person\\\/29998f2bc2d8bd0d38662909289b54f1\"},\"breadcrumb\":{\"@id\":\"https:\\\/\\\/interamerica.org\\\/es\\\/2023\\\/08\\\/adra-inaugura-sede-para-fortalecer-su-compromiso-humanitario-en-el-salvador\\\/#breadcrumb\"},\"inLanguage\":\"es\",\"potentialAction\":[{\"@type\":\"ReadAction\",\"target\":[\"https:\\\/\\\/interamerica.org\\\/es\\\/2023\\\/08\\\/adra-inaugura-sede-para-fortalecer-su-compromiso-humanitario-en-el-salvador\\\/\"]}]},{\"@type\":\"ImageObject\",\"inLanguage\":\"es\",\"@id\":\"https:\\\/\\\/interamerica.org\\\/es\\\/2023\\\/08\\\/adra-inaugura-sede-para-fortalecer-su-compromiso-humanitario-en-el-salvador\\\/#primaryimage\",\"url\":\"https:\\\/\\\/interamerica.org\\\/wp-content\\\/uploads\\\/2023\\\/08\\\/adra-esau-entrance.jpg\",\"contentUrl\":\"https:\\\/\\\/interamerica.org\\\/wp-content\\\/uploads\\\/2023\\\/08\\\/adra-esau-entrance.jpg\",\"width\":1000,\"height\":667,\"caption\":\"[Photo: Oscar David Molina]\"},{\"@type\":\"BreadcrumbList\",\"@id\":\"https:\\\/\\\/interamerica.org\\\/es\\\/2023\\\/08\\\/adra-inaugura-sede-para-fortalecer-su-compromiso-humanitario-en-el-salvador\\\/#breadcrumb\",\"itemListElement\":[{\"@type\":\"ListItem\",\"position\":1,\"name\":\"Home\",\"item\":\"https:\\\/\\\/interamerica.org\\\/es\\\/\"},{\"@type\":\"ListItem\",\"position\":2,\"name\":\"ADRA inaugura sede para fortalecer su compromiso humanitario en El Salvador\"}]},{\"@type\":\"WebSite\",\"@id\":\"https:\\\/\\\/interamerica.org\\\/es\\\/#website\",\"url\":\"https:\\\/\\\/interamerica.org\\\/es\\\/\",\"name\":\"Iglesia Adventista del S\u00e9ptimo D\u00eda - Divisi\u00f3n Interamericana\",\"description\":\"\",\"potentialAction\":[{\"@type\":\"SearchAction\",\"target\":{\"@type\":\"EntryPoint\",\"urlTemplate\":\"https:\\\/\\\/interamerica.org\\\/es\\\/?s={search_term_string}\"},\"query-input\":{\"@type\":\"PropertyValueSpecification\",\"valueRequired\":true,\"valueName\":\"search_term_string\"}}],\"inLanguage\":\"es\"},{\"@type\":\"Person\",\"@id\":\"https:\\\/\\\/interamerica.org\\\/es\\\/#\\\/schema\\\/person\\\/29998f2bc2d8bd0d38662909289b54f1\",\"name\":\"libna\",\"image\":{\"@type\":\"ImageObject\",\"inLanguage\":\"es\",\"@id\":\"https:\\\/\\\/secure.gravatar.com\\\/avatar\\\/7c5bd30ae4b47a9ba3c856590957fd1d96dc588bf3ac05719d247e126840331f?s=96&d=mm&r=g\",\"url\":\"https:\\\/\\\/secure.gravatar.com\\\/avatar\\\/7c5bd30ae4b47a9ba3c856590957fd1d96dc588bf3ac05719d247e126840331f?s=96&d=mm&r=g\",\"contentUrl\":\"https:\\\/\\\/secure.gravatar.com\\\/avatar\\\/7c5bd30ae4b47a9ba3c856590957fd1d96dc588bf3ac05719d247e126840331f?s=96&d=mm&r=g\",\"caption\":\"libna\"}}]}<\/script>\n<!-- \/ Yoast SEO plugin. -->","yoast_head_json":{"title":"ADRA inaugura sede para fortalecer su compromiso humanitario en El Salvador - Iglesia Adventista del S\u00e9ptimo D\u00eda - Divisi\u00f3n Interamericana","robots":{"index":"index","follow":"follow","max-snippet":"max-snippet:-1","max-image-preview":"max-image-preview:large","max-video-preview":"max-video-preview:-1"},"canonical":"https:\/\/interamerica.org\/es\/2023\/08\/adra-inaugura-sede-para-fortalecer-su-compromiso-humanitario-en-el-salvador\/","og_locale":"es_ES","og_type":"article","og_title":"ADRA inaugura sede para fortalecer su compromiso humanitario en El Salvador - Iglesia Adventista del S\u00e9ptimo D\u00eda - Divisi\u00f3n Interamericana","og_description":"22 de agosto de 2023 | San Juan Opico, Libertad, El Salvador | Fabricio Rivera y Libna Stevens, Noticias de la Divisi\u00f3n Interamericana La Agencia Adventista de Desarrollo y Recursos...","og_url":"https:\/\/interamerica.org\/es\/2023\/08\/adra-inaugura-sede-para-fortalecer-su-compromiso-humanitario-en-el-salvador\/","og_site_name":"Iglesia Adventista del S\u00e9ptimo D\u00eda - Divisi\u00f3n Interamericana","article_published_time":"2023-08-23T00:19:22+00:00","article_modified_time":"2023-08-23T17:42:12+00:00","og_image":[{"width":1000,"height":667,"url":"https:\/\/interamerica.org\/wp-content\/uploads\/2023\/08\/adra-esau-entrance.jpg","type":"image\/jpeg"}],"author":"libna","twitter_card":"summary_large_image","twitter_misc":{"Escrito por":"libna","Tiempo de lectura":"8 minutos"},"schema":{"@context":"https:\/\/schema.org","@graph":[{"@type":"Article","@id":"https:\/\/interamerica.org\/es\/2023\/08\/adra-inaugura-sede-para-fortalecer-su-compromiso-humanitario-en-el-salvador\/#article","isPartOf":{"@id":"https:\/\/interamerica.org\/es\/2023\/08\/adra-inaugura-sede-para-fortalecer-su-compromiso-humanitario-en-el-salvador\/"},"author":{"name":"libna","@id":"https:\/\/interamerica.org\/es\/#\/schema\/person\/29998f2bc2d8bd0d38662909289b54f1"},"headline":"ADRA inaugura sede para fortalecer su compromiso humanitario en El Salvador","datePublished":"2023-08-23T00:19:22+00:00","dateModified":"2023-08-23T17:42:12+00:00","mainEntityOfPage":{"@id":"https:\/\/interamerica.org\/es\/2023\/08\/adra-inaugura-sede-para-fortalecer-su-compromiso-humanitario-en-el-salvador\/"},"wordCount":1543,"image":{"@id":"https:\/\/interamerica.org\/es\/2023\/08\/adra-inaugura-sede-para-fortalecer-su-compromiso-humanitario-en-el-salvador\/#primaryimage"},"thumbnailUrl":"https:\/\/interamerica.org\/wp-content\/uploads\/2023\/08\/adra-esau-entrance.jpg","articleSection":["Desde el campo","RSS Espa\u00f1ol"],"inLanguage":"es"},{"@type":"WebPage","@id":"https:\/\/interamerica.org\/es\/2023\/08\/adra-inaugura-sede-para-fortalecer-su-compromiso-humanitario-en-el-salvador\/","url":"https:\/\/interamerica.org\/es\/2023\/08\/adra-inaugura-sede-para-fortalecer-su-compromiso-humanitario-en-el-salvador\/","name":"ADRA inaugura sede para fortalecer su compromiso humanitario en El Salvador - Iglesia Adventista del S\u00e9ptimo D\u00eda - Divisi\u00f3n Interamericana","isPartOf":{"@id":"https:\/\/interamerica.org\/es\/#website"},"primaryImageOfPage":{"@id":"https:\/\/interamerica.org\/es\/2023\/08\/adra-inaugura-sede-para-fortalecer-su-compromiso-humanitario-en-el-salvador\/#primaryimage"},"image":{"@id":"https:\/\/interamerica.org\/es\/2023\/08\/adra-inaugura-sede-para-fortalecer-su-compromiso-humanitario-en-el-salvador\/#primaryimage"},"thumbnailUrl":"https:\/\/interamerica.org\/wp-content\/uploads\/2023\/08\/adra-esau-entrance.jpg","datePublished":"2023-08-23T00:19:22+00:00","dateModified":"2023-08-23T17:42:12+00:00","author":{"@id":"https:\/\/interamerica.org\/es\/#\/schema\/person\/29998f2bc2d8bd0d38662909289b54f1"},"breadcrumb":{"@id":"https:\/\/interamerica.org\/es\/2023\/08\/adra-inaugura-sede-para-fortalecer-su-compromiso-humanitario-en-el-salvador\/#breadcrumb"},"inLanguage":"es","potentialAction":[{"@type":"ReadAction","target":["https:\/\/interamerica.org\/es\/2023\/08\/adra-inaugura-sede-para-fortalecer-su-compromiso-humanitario-en-el-salvador\/"]}]},{"@type":"ImageObject","inLanguage":"es","@id":"https:\/\/interamerica.org\/es\/2023\/08\/adra-inaugura-sede-para-fortalecer-su-compromiso-humanitario-en-el-salvador\/#primaryimage","url":"https:\/\/interamerica.org\/wp-content\/uploads\/2023\/08\/adra-esau-entrance.jpg","contentUrl":"https:\/\/interamerica.org\/wp-content\/uploads\/2023\/08\/adra-esau-entrance.jpg","width":1000,"height":667,"caption":"[Photo: Oscar David Molina]"},{"@type":"BreadcrumbList","@id":"https:\/\/interamerica.org\/es\/2023\/08\/adra-inaugura-sede-para-fortalecer-su-compromiso-humanitario-en-el-salvador\/#breadcrumb","itemListElement":[{"@type":"ListItem","position":1,"name":"Home","item":"https:\/\/interamerica.org\/es\/"},{"@type":"ListItem","position":2,"name":"ADRA inaugura sede para fortalecer su compromiso humanitario en El Salvador"}]},{"@type":"WebSite","@id":"https:\/\/interamerica.org\/es\/#website","url":"https:\/\/interamerica.org\/es\/","name":"Iglesia Adventista del S\u00e9ptimo D\u00eda - Divisi\u00f3n Interamericana","description":"","potentialAction":[{"@type":"SearchAction","target":{"@type":"EntryPoint","urlTemplate":"https:\/\/interamerica.org\/es\/?s={search_term_string}"},"query-input":{"@type":"PropertyValueSpecification","valueRequired":true,"valueName":"search_term_string"}}],"inLanguage":"es"},{"@type":"Person","@id":"https:\/\/interamerica.org\/es\/#\/schema\/person\/29998f2bc2d8bd0d38662909289b54f1","name":"libna","image":{"@type":"ImageObject","inLanguage":"es","@id":"https:\/\/secure.gravatar.com\/avatar\/7c5bd30ae4b47a9ba3c856590957fd1d96dc588bf3ac05719d247e126840331f?s=96&d=mm&r=g","url":"https:\/\/secure.gravatar.com\/avatar\/7c5bd30ae4b47a9ba3c856590957fd1d96dc588bf3ac05719d247e126840331f?s=96&d=mm&r=g","contentUrl":"https:\/\/secure.gravatar.com\/avatar\/7c5bd30ae4b47a9ba3c856590957fd1d96dc588bf3ac05719d247e126840331f?s=96&d=mm&r=g","caption":"libna"}}]}},"_links":{"self":[{"href":"https:\/\/interamerica.org\/es\/wp-json\/wp\/v2\/posts\/102348","targetHints":{"allow":["GET"]}}],"collection":[{"href":"https:\/\/interamerica.org\/es\/wp-json\/wp\/v2\/posts"}],"about":[{"href":"https:\/\/interamerica.org\/es\/wp-json\/wp\/v2\/types\/post"}],"author":[{"embeddable":true,"href":"https:\/\/interamerica.org\/es\/wp-json\/wp\/v2\/users\/3"}],"replies":[{"embeddable":true,"href":"https:\/\/interamerica.org\/es\/wp-json\/wp\/v2\/comments?post=102348"}],"version-history":[{"count":0,"href":"https:\/\/interamerica.org\/es\/wp-json\/wp\/v2\/posts\/102348\/revisions"}],"wp:featuredmedia":[{"embeddable":true,"href":"https:\/\/interamerica.org\/es\/wp-json\/wp\/v2\/media\/102303"}],"wp:attachment":[{"href":"https:\/\/interamerica.org\/es\/wp-json\/wp\/v2\/media?parent=102348"}],"wp:term":[{"taxonomy":"category","embeddable":true,"href":"https:\/\/interamerica.org\/es\/wp-json\/wp\/v2\/categories?post=102348"},{"taxonomy":"post_tag","embeddable":true,"href":"https:\/\/interamerica.org\/es\/wp-json\/wp\/v2\/tags?post=102348"}],"curies":[{"name":"wp","href":"https:\/\/api.w.org\/{rel}","templated":true}]}}