{"id":10235,"date":"2004-01-06T00:00:00","date_gmt":"2004-01-06T04:00:00","guid":{"rendered":"http:\/\/192.81.217.108\/interamerica\/2004\/01\/ginebra-nuevo-pasante-servira-en-la-comision-de-derechos-humanos-de-las-naciones-unidas\/"},"modified":"2017-06-02T09:20:37","modified_gmt":"2017-06-02T13:20:37","slug":"ginebra-nuevo-pasante-servira-en-la-comision-de-derechos-humanos-de-las-naciones-unidas","status":"publish","type":"post","link":"https:\/\/interamerica.org\/es\/2004\/01\/ginebra-nuevo-pasante-servira-en-la-comision-de-derechos-humanos-de-las-naciones-unidas\/","title":{"rendered":"Ginebra: Nuevo pasante servir\u00e1 en la Comisi\u00f3n de Derechos Humanos de las Naciones Unidas\u00a0"},"content":{"rendered":"<p>Silver Spring, Maryland, Estados Unidos&#8230; [Viola Hughes\/ANN Staff]<\/p>\n<p>Este mes dar\u00e1 inicio el primer programa de pasant\u00edas de la iglesia adventista en Ginebra, Suiza, en la Comisi\u00f3n de Derechos Humanos de las Naciones Unidas.<\/p>\n<p>Juan Otoniel Perla, un graduado en comunicaci\u00f3n internacional y estudios franceses de Andrews University, servir\u00e1 en Gineba durante los pr\u00f3ximos 10 meses como oficial de enlace de las Naciones Unidas.\u00a0\u00abEs vital que la iglesia tenga una representaci\u00f3n permanente en las Naciones Unidas en Ginebra\u201d, dice Jonathan Gallagher, Director de Enlace de las Naciones Unidas para la iglesia adventista. \u201cNecesitamos hablar diversos temas con la Comisi\u00f3n de Derechos Humanos, tener un enlace con la Organizaci\u00f3n Mundial de la Salud y con UNAIDS, e influenciar las muchas misiones permanentes de las 191 naciones que tienen su sede en Ginebra\u201d. Gallagher explica que Ginebra se ha constituido en la sede de muchos grupos tales como la OMS, UNAIDS, y la Organizaci\u00f3n Internacional del Trabajo.<\/p>\n<p>\u201cNo se puede hacer todo sin tener una presencia continua \u2026 De otra manera, uno no tiene la oportunidad de hacer una diferencia, y no tiene una oportunidad real de influenciar en los asuntos que se tratan\u201d, a\u00f1ade Gallagher.<\/p>\n<p>La oficina de la Comisi\u00f3n de Derechos Humanos de la ONU en Nueva York tiene actualmente dos pasantes que representan a la Iglesia Adventista del S\u00e9ptimo D\u00eda. <\/p>\n<p><strong><em>Copyright \u00a9 2003 Adventist News Network. <\/em><\/strong><\/p>\n","protected":false},"excerpt":{"rendered":"<p>Este mes dar\u00e1 inicio el primer programa de pasant\u00edas de la iglesia adventista en Ginebra, Suiza, en la Comisi\u00f3n de Derechos Humanos de las Naciones Unidas<\/p>\n","protected":false},"author":1,"featured_media":0,"comment_status":"closed","ping_status":"closed","sticky":false,"template":"","format":"standard","meta":{"_acf_changed":false,"footnotes":""},"categories":[8],"tags":[],"class_list":["post-10235","post","type-post","status-publish","format-standard","hentry","category-archivo"],"acf":[],"yoast_head":"<!-- This site is optimized with the Yoast SEO plugin v27.3 - https:\/\/yoast.com\/product\/yoast-seo-wordpress\/ -->\n<title>Ginebra: Nuevo pasante servir\u00e1 en la Comisi\u00f3n de Derechos Humanos de las Naciones Unidas\u00a0 - Iglesia Adventista del S\u00e9ptimo D\u00eda - Divisi\u00f3n Interamericana<\/title>\n<meta name=\"robots\" content=\"index, follow, max-snippet:-1, max-image-preview:large, max-video-preview:-1\" \/>\n<link rel=\"canonical\" href=\"https:\/\/interamerica.org\/es\/2004\/01\/ginebra-nuevo-pasante-servira-en-la-comision-de-derechos-humanos-de-las-naciones-unidas\/\" \/>\n<meta property=\"og:locale\" content=\"es_ES\" \/>\n<meta property=\"og:type\" content=\"article\" \/>\n<meta property=\"og:title\" content=\"Ginebra: Nuevo pasante servir\u00e1 en la Comisi\u00f3n de Derechos Humanos de las Naciones Unidas\u00a0 - Iglesia Adventista del S\u00e9ptimo D\u00eda - Divisi\u00f3n Interamericana\" \/>\n<meta property=\"og:description\" content=\"Este mes dar\u00e1 inicio el primer programa de pasant\u00edas de la iglesia adventista en Ginebra, Suiza, en la Comisi\u00f3n de Derechos Humanos de las Naciones Unidas\" \/>\n<meta property=\"og:url\" content=\"https:\/\/interamerica.org\/es\/2004\/01\/ginebra-nuevo-pasante-servira-en-la-comision-de-derechos-humanos-de-las-naciones-unidas\/\" \/>\n<meta property=\"og:site_name\" content=\"Iglesia Adventista del S\u00e9ptimo D\u00eda - Divisi\u00f3n Interamericana\" \/>\n<meta property=\"article:published_time\" content=\"2004-01-06T04:00:00+00:00\" \/>\n<meta property=\"article:modified_time\" content=\"2017-06-02T13:20:37+00:00\" \/>\n<meta name=\"author\" content=\"Lorenzo Verduzco\" \/>\n<meta name=\"twitter:card\" content=\"summary_large_image\" \/>\n<meta name=\"twitter:label1\" content=\"Escrito por\" \/>\n\t<meta name=\"twitter:data1\" content=\"Lorenzo Verduzco\" \/>\n\t<meta name=\"twitter:label2\" content=\"Tiempo de lectura\" \/>\n\t<meta name=\"twitter:data2\" content=\"1 minuto\" \/>\n<script type=\"application\/ld+json\" class=\"yoast-schema-graph\">{\"@context\":\"https:\\\/\\\/schema.org\",\"@graph\":[{\"@type\":\"Article\",\"@id\":\"https:\\\/\\\/interamerica.org\\\/es\\\/2004\\\/01\\\/ginebra-nuevo-pasante-servira-en-la-comision-de-derechos-humanos-de-las-naciones-unidas\\\/#article\",\"isPartOf\":{\"@id\":\"https:\\\/\\\/interamerica.org\\\/es\\\/2004\\\/01\\\/ginebra-nuevo-pasante-servira-en-la-comision-de-derechos-humanos-de-las-naciones-unidas\\\/\"},\"author\":{\"name\":\"Lorenzo Verduzco\",\"@id\":\"https:\\\/\\\/interamerica.org\\\/es\\\/#\\\/schema\\\/person\\\/68ede8bdc292885bb76c1e3810e73c39\"},\"headline\":\"Ginebra: Nuevo pasante servir\u00e1 en la Comisi\u00f3n de Derechos Humanos de las Naciones Unidas\u00a0\",\"datePublished\":\"2004-01-06T04:00:00+00:00\",\"dateModified\":\"2017-06-02T13:20:37+00:00\",\"mainEntityOfPage\":{\"@id\":\"https:\\\/\\\/interamerica.org\\\/es\\\/2004\\\/01\\\/ginebra-nuevo-pasante-servira-en-la-comision-de-derechos-humanos-de-las-naciones-unidas\\\/\"},\"wordCount\":251,\"articleSection\":[\"Archivo\"],\"inLanguage\":\"es\"},{\"@type\":\"WebPage\",\"@id\":\"https:\\\/\\\/interamerica.org\\\/es\\\/2004\\\/01\\\/ginebra-nuevo-pasante-servira-en-la-comision-de-derechos-humanos-de-las-naciones-unidas\\\/\",\"url\":\"https:\\\/\\\/interamerica.org\\\/es\\\/2004\\\/01\\\/ginebra-nuevo-pasante-servira-en-la-comision-de-derechos-humanos-de-las-naciones-unidas\\\/\",\"name\":\"Ginebra: Nuevo pasante servir\u00e1 en la Comisi\u00f3n de Derechos Humanos de las Naciones Unidas\u00a0 - Iglesia Adventista del S\u00e9ptimo D\u00eda - Divisi\u00f3n Interamericana\",\"isPartOf\":{\"@id\":\"https:\\\/\\\/interamerica.org\\\/es\\\/#website\"},\"datePublished\":\"2004-01-06T04:00:00+00:00\",\"dateModified\":\"2017-06-02T13:20:37+00:00\",\"author\":{\"@id\":\"https:\\\/\\\/interamerica.org\\\/es\\\/#\\\/schema\\\/person\\\/68ede8bdc292885bb76c1e3810e73c39\"},\"breadcrumb\":{\"@id\":\"https:\\\/\\\/interamerica.org\\\/es\\\/2004\\\/01\\\/ginebra-nuevo-pasante-servira-en-la-comision-de-derechos-humanos-de-las-naciones-unidas\\\/#breadcrumb\"},\"inLanguage\":\"es\",\"potentialAction\":[{\"@type\":\"ReadAction\",\"target\":[\"https:\\\/\\\/interamerica.org\\\/es\\\/2004\\\/01\\\/ginebra-nuevo-pasante-servira-en-la-comision-de-derechos-humanos-de-las-naciones-unidas\\\/\"]}]},{\"@type\":\"BreadcrumbList\",\"@id\":\"https:\\\/\\\/interamerica.org\\\/es\\\/2004\\\/01\\\/ginebra-nuevo-pasante-servira-en-la-comision-de-derechos-humanos-de-las-naciones-unidas\\\/#breadcrumb\",\"itemListElement\":[{\"@type\":\"ListItem\",\"position\":1,\"name\":\"Home\",\"item\":\"https:\\\/\\\/interamerica.org\\\/es\\\/\"},{\"@type\":\"ListItem\",\"position\":2,\"name\":\"Ginebra: Nuevo pasante servir\u00e1 en la Comisi\u00f3n de Derechos Humanos de las Naciones Unidas\u00a0\"}]},{\"@type\":\"WebSite\",\"@id\":\"https:\\\/\\\/interamerica.org\\\/es\\\/#website\",\"url\":\"https:\\\/\\\/interamerica.org\\\/es\\\/\",\"name\":\"Iglesia Adventista del S\u00e9ptimo D\u00eda - Divisi\u00f3n Interamericana\",\"description\":\"\",\"potentialAction\":[{\"@type\":\"SearchAction\",\"target\":{\"@type\":\"EntryPoint\",\"urlTemplate\":\"https:\\\/\\\/interamerica.org\\\/es\\\/?s={search_term_string}\"},\"query-input\":{\"@type\":\"PropertyValueSpecification\",\"valueRequired\":true,\"valueName\":\"search_term_string\"}}],\"inLanguage\":\"es\"},{\"@type\":\"Person\",\"@id\":\"https:\\\/\\\/interamerica.org\\\/es\\\/#\\\/schema\\\/person\\\/68ede8bdc292885bb76c1e3810e73c39\",\"name\":\"Lorenzo Verduzco\",\"image\":{\"@type\":\"ImageObject\",\"inLanguage\":\"es\",\"@id\":\"https:\\\/\\\/secure.gravatar.com\\\/avatar\\\/fb81a55b6218459490a9c1dc841a34909185b81904c5337b4b27f7a6fd60c49e?s=96&d=mm&r=g\",\"url\":\"https:\\\/\\\/secure.gravatar.com\\\/avatar\\\/fb81a55b6218459490a9c1dc841a34909185b81904c5337b4b27f7a6fd60c49e?s=96&d=mm&r=g\",\"contentUrl\":\"https:\\\/\\\/secure.gravatar.com\\\/avatar\\\/fb81a55b6218459490a9c1dc841a34909185b81904c5337b4b27f7a6fd60c49e?s=96&d=mm&r=g\",\"caption\":\"Lorenzo Verduzco\"}}]}<\/script>\n<!-- \/ Yoast SEO plugin. -->","yoast_head_json":{"title":"Ginebra: Nuevo pasante servir\u00e1 en la Comisi\u00f3n de Derechos Humanos de las Naciones Unidas\u00a0 - Iglesia Adventista del S\u00e9ptimo D\u00eda - Divisi\u00f3n Interamericana","robots":{"index":"index","follow":"follow","max-snippet":"max-snippet:-1","max-image-preview":"max-image-preview:large","max-video-preview":"max-video-preview:-1"},"canonical":"https:\/\/interamerica.org\/es\/2004\/01\/ginebra-nuevo-pasante-servira-en-la-comision-de-derechos-humanos-de-las-naciones-unidas\/","og_locale":"es_ES","og_type":"article","og_title":"Ginebra: Nuevo pasante servir\u00e1 en la Comisi\u00f3n de Derechos Humanos de las Naciones Unidas\u00a0 - Iglesia Adventista del S\u00e9ptimo D\u00eda - Divisi\u00f3n Interamericana","og_description":"Este mes dar\u00e1 inicio el primer programa de pasant\u00edas de la iglesia adventista en Ginebra, Suiza, en la Comisi\u00f3n de Derechos Humanos de las Naciones Unidas","og_url":"https:\/\/interamerica.org\/es\/2004\/01\/ginebra-nuevo-pasante-servira-en-la-comision-de-derechos-humanos-de-las-naciones-unidas\/","og_site_name":"Iglesia Adventista del S\u00e9ptimo D\u00eda - Divisi\u00f3n Interamericana","article_published_time":"2004-01-06T04:00:00+00:00","article_modified_time":"2017-06-02T13:20:37+00:00","author":"Lorenzo Verduzco","twitter_card":"summary_large_image","twitter_misc":{"Escrito por":"Lorenzo Verduzco","Tiempo de lectura":"1 minuto"},"schema":{"@context":"https:\/\/schema.org","@graph":[{"@type":"Article","@id":"https:\/\/interamerica.org\/es\/2004\/01\/ginebra-nuevo-pasante-servira-en-la-comision-de-derechos-humanos-de-las-naciones-unidas\/#article","isPartOf":{"@id":"https:\/\/interamerica.org\/es\/2004\/01\/ginebra-nuevo-pasante-servira-en-la-comision-de-derechos-humanos-de-las-naciones-unidas\/"},"author":{"name":"Lorenzo Verduzco","@id":"https:\/\/interamerica.org\/es\/#\/schema\/person\/68ede8bdc292885bb76c1e3810e73c39"},"headline":"Ginebra: Nuevo pasante servir\u00e1 en la Comisi\u00f3n de Derechos Humanos de las Naciones Unidas\u00a0","datePublished":"2004-01-06T04:00:00+00:00","dateModified":"2017-06-02T13:20:37+00:00","mainEntityOfPage":{"@id":"https:\/\/interamerica.org\/es\/2004\/01\/ginebra-nuevo-pasante-servira-en-la-comision-de-derechos-humanos-de-las-naciones-unidas\/"},"wordCount":251,"articleSection":["Archivo"],"inLanguage":"es"},{"@type":"WebPage","@id":"https:\/\/interamerica.org\/es\/2004\/01\/ginebra-nuevo-pasante-servira-en-la-comision-de-derechos-humanos-de-las-naciones-unidas\/","url":"https:\/\/interamerica.org\/es\/2004\/01\/ginebra-nuevo-pasante-servira-en-la-comision-de-derechos-humanos-de-las-naciones-unidas\/","name":"Ginebra: Nuevo pasante servir\u00e1 en la Comisi\u00f3n de Derechos Humanos de las Naciones Unidas\u00a0 - Iglesia Adventista del S\u00e9ptimo D\u00eda - Divisi\u00f3n Interamericana","isPartOf":{"@id":"https:\/\/interamerica.org\/es\/#website"},"datePublished":"2004-01-06T04:00:00+00:00","dateModified":"2017-06-02T13:20:37+00:00","author":{"@id":"https:\/\/interamerica.org\/es\/#\/schema\/person\/68ede8bdc292885bb76c1e3810e73c39"},"breadcrumb":{"@id":"https:\/\/interamerica.org\/es\/2004\/01\/ginebra-nuevo-pasante-servira-en-la-comision-de-derechos-humanos-de-las-naciones-unidas\/#breadcrumb"},"inLanguage":"es","potentialAction":[{"@type":"ReadAction","target":["https:\/\/interamerica.org\/es\/2004\/01\/ginebra-nuevo-pasante-servira-en-la-comision-de-derechos-humanos-de-las-naciones-unidas\/"]}]},{"@type":"BreadcrumbList","@id":"https:\/\/interamerica.org\/es\/2004\/01\/ginebra-nuevo-pasante-servira-en-la-comision-de-derechos-humanos-de-las-naciones-unidas\/#breadcrumb","itemListElement":[{"@type":"ListItem","position":1,"name":"Home","item":"https:\/\/interamerica.org\/es\/"},{"@type":"ListItem","position":2,"name":"Ginebra: Nuevo pasante servir\u00e1 en la Comisi\u00f3n de Derechos Humanos de las Naciones Unidas\u00a0"}]},{"@type":"WebSite","@id":"https:\/\/interamerica.org\/es\/#website","url":"https:\/\/interamerica.org\/es\/","name":"Iglesia Adventista del S\u00e9ptimo D\u00eda - Divisi\u00f3n Interamericana","description":"","potentialAction":[{"@type":"SearchAction","target":{"@type":"EntryPoint","urlTemplate":"https:\/\/interamerica.org\/es\/?s={search_term_string}"},"query-input":{"@type":"PropertyValueSpecification","valueRequired":true,"valueName":"search_term_string"}}],"inLanguage":"es"},{"@type":"Person","@id":"https:\/\/interamerica.org\/es\/#\/schema\/person\/68ede8bdc292885bb76c1e3810e73c39","name":"Lorenzo Verduzco","image":{"@type":"ImageObject","inLanguage":"es","@id":"https:\/\/secure.gravatar.com\/avatar\/fb81a55b6218459490a9c1dc841a34909185b81904c5337b4b27f7a6fd60c49e?s=96&d=mm&r=g","url":"https:\/\/secure.gravatar.com\/avatar\/fb81a55b6218459490a9c1dc841a34909185b81904c5337b4b27f7a6fd60c49e?s=96&d=mm&r=g","contentUrl":"https:\/\/secure.gravatar.com\/avatar\/fb81a55b6218459490a9c1dc841a34909185b81904c5337b4b27f7a6fd60c49e?s=96&d=mm&r=g","caption":"Lorenzo Verduzco"}}]}},"_links":{"self":[{"href":"https:\/\/interamerica.org\/es\/wp-json\/wp\/v2\/posts\/10235","targetHints":{"allow":["GET"]}}],"collection":[{"href":"https:\/\/interamerica.org\/es\/wp-json\/wp\/v2\/posts"}],"about":[{"href":"https:\/\/interamerica.org\/es\/wp-json\/wp\/v2\/types\/post"}],"author":[{"embeddable":true,"href":"https:\/\/interamerica.org\/es\/wp-json\/wp\/v2\/users\/1"}],"replies":[{"embeddable":true,"href":"https:\/\/interamerica.org\/es\/wp-json\/wp\/v2\/comments?post=10235"}],"version-history":[{"count":0,"href":"https:\/\/interamerica.org\/es\/wp-json\/wp\/v2\/posts\/10235\/revisions"}],"wp:attachment":[{"href":"https:\/\/interamerica.org\/es\/wp-json\/wp\/v2\/media?parent=10235"}],"wp:term":[{"taxonomy":"category","embeddable":true,"href":"https:\/\/interamerica.org\/es\/wp-json\/wp\/v2\/categories?post=10235"},{"taxonomy":"post_tag","embeddable":true,"href":"https:\/\/interamerica.org\/es\/wp-json\/wp\/v2\/tags?post=10235"}],"curies":[{"name":"wp","href":"https:\/\/api.w.org\/{rel}","templated":true}]}}