{"id":10237,"date":"2004-01-15T00:00:00","date_gmt":"2004-01-15T04:00:00","guid":{"rendered":"http:\/\/192.81.217.108\/interamerica\/2004\/01\/iglesia-mundial-encuesta-acerca-del-dia-de-reposo-revela-diferencias-y-similitudes-en-la-observancia\/"},"modified":"2017-06-02T09:20:33","modified_gmt":"2017-06-02T13:20:33","slug":"iglesia-mundial-encuesta-acerca-del-dia-de-reposo-revela-diferencias-y-similitudes-en-la-observancia","status":"publish","type":"post","link":"https:\/\/interamerica.org\/es\/2004\/01\/iglesia-mundial-encuesta-acerca-del-dia-de-reposo-revela-diferencias-y-similitudes-en-la-observancia\/","title":{"rendered":"Iglesia Mundial: Encuesta acerca del D\u00eda de Reposo revela diferencias y similitudes en la observancia"},"content":{"rendered":"<p>Silver Spring, Maryland, Estados Unidos\u2026<\/p>\n<p>[Ansel Oliver\/ Personal de ANN]<\/p>\n<p>Los adventistas del s\u00e9ptimo d\u00eda, que suman alrededor de 13 millones en el mundo y unos 7 millones m\u00e1s que se estima asisten a los servicios de adoraci\u00f3n semanales, est\u00e1n unidos en la observancia del s\u00e1bado como d\u00eda santo, principalmente a trav\u00e9s de la asistencia a la iglesia y a la Escuela Sab\u00e1tica. Otros elementos de observancia difieren. Asimismo, el d\u00eda de descanso se ha convertido en un motivo de estr\u00e9s para quienes est\u00e1n en el liderazgo de la iglesia. <\/p>\n<p>Estas facetas salen a la luz en una reciente tesis doctoral que resume un estudio en 51 pa\u00edses en relaci\u00f3n con los adventistas y la forma de guardar el s\u00e1bado. May-Ellen Col\u00f3n, directora asistente del departamento de Escuela Sab\u00e1tica en la sede mundial de la iglesia, defendi\u00f3 su disertaci\u00f3n titulada \u00abPr\u00e1cticas de Reposo Sab\u00e1tico y Factores Relacionados con estas Pr\u00e1cticas entre los Adventistas del S\u00e9ptimo d\u00eda en 51 Pa\u00edses\u00bb, en una defensa oral en la Universidad Andrews , el pasado 10 de diciembre de 2003. <\/p>\n<p>\u201cEsperaba m\u00e1s diferencias entre una cultura y otra\u00bb, dice Col\u00f3n, quien comenz\u00f3 sus estudios doctorales en 1991. Hubo, sin embargo, una leve diferencia de aplicaciones del reposo sab\u00e1tico b\u00edblico entre las diversas culturas. \u00abY es normal que as\u00ed sea\u00bb, dice. <\/p>\n<p>Su trabajo incluy\u00f3 m\u00e1s de 3.000 encuestas hechas a los feligreses de 51 pa\u00edses. Las encuestas fueron preparadas en ingl\u00e9s, franc\u00e9s, alem\u00e1n, espa\u00f1ol y ruso. <\/p>\n<p>Si bien el s\u00e1bado es el d\u00eda de descanso para muchos adventistas, Col\u00f3n hall\u00f3 asimismo que el s\u00e1bado es una fuente de estr\u00e9s para muchos de los l\u00edderes. La rutina semanal de actividades sab\u00e1ticas que llevan adelante los l\u00edderes, quienes a menudo predican y visitan diversas congregaciones, puede ejercer presiones sobre la vida familiar. En consecuencia, afirman algunos, esto puede restar algo del gozo sab\u00e1tico. <\/p>\n<p>La asistencia a la iglesia y a la escuela sab\u00e1tica fue el ejemplo m\u00e1s visible de la manera c\u00f3mo los feligreses guardan el s\u00e1bado. Las mujeres mostraron porcentajes m\u00e1s elevados en los aspectos relacionales del s\u00e1bado. Col\u00f3n tambi\u00e9n descubri\u00f3 que s\u00f3lo el 26 por ciento de los encuestados incluy\u00f3 en su observancia sab\u00e1tica actividades de servicio, tales como visitas a los enfermos y a los miembros ausentes, y ayuda a los necesitados. <\/p>\n<p>\u201cEs un d\u00eda de sanidad\u00bb, dice Col\u00f3n, quien espera publicar un libro basado en la disertaci\u00f3n. \u00abJes\u00fas san\u00f3 en s\u00e1bado, y se registra que lo hizo siete veces\u00bb. <\/p>\n<p>Los pioneros de la Iglesia Adventista primitiva no enfatizaban los aspectos pr\u00e1cticos del s\u00e1bado, dice Col\u00f3n. Eran m\u00e1s teol\u00f3gicos, apolog\u00e9ticos, es decir, defend\u00edan el concepto del s\u00e1bado. <\/p>\n<p>Elena de White, una de las cofundadoras de la iglesia, al comienzo guardaba el s\u00e1bado desde las 6:00 p.m. del viernes hasta las 6:00 p.m. del s\u00e1bado. Su esposo, Jaime White, le pidi\u00f3 a J.N. Andrews que estudiara el tema con m\u00e1s detenimiento. En 1855 Andrews escribi\u00f3 en un art\u00edculo que el s\u00e1bado se extend\u00eda de puesta de sol a puesta de sol. En 1861 public\u00f3 sus estudios en el libro \u201cHistory of the Sabbath and the First Day\u201d (Historia del S\u00e1bado y del Primer D\u00eda). <\/p>\n<p>Col\u00f3n dice que cuando la iglesia estableci\u00f3 mejor su posici\u00f3n respecto del s\u00e1bado, las publicaciones se enfocaron m\u00e1s hacia la manera de guardar el s\u00e1bado, por lo que respond\u00edan interrogantes tales como: \u00bfPueden los adventistas ir al correo o cortar le\u00f1a en s\u00e1bado? En Vermont algunos fueron acusados de trasladarse en caballo a las reuniones porque eso era mal visto. <\/p>\n<p>\u201cPara entonces ten\u00edan su identidad establecida en el s\u00e1bado\u00bb, dice Col\u00f3n. No ten\u00edan que pasar tanto tiempo defendi\u00e9ndolo. Para la d\u00e9cada de 1880 la iglesia pon\u00eda un \u00e9nfasis mayor en la salvaci\u00f3n por gracia, dice Col\u00f3n. \u00abLos feligreses estaban guardando el s\u00e1bado porque amaban al Se\u00f1or, no porque era &#8216;lo correcto'\u00bb. <\/p>\n<p>\u201cNecesitamos animar a los feligreses a que intencionalmente hagan del s\u00e1bado algo atractivo y alegre\u00bb, dice Col\u00f3n. <\/p>\n<p>Col\u00f3n da cr\u00e9dito al personal itinerante de los campos locales de la iglesia, quienes le ayudaron a repartir la encuesta de 99 preguntas mientras viajaban. \u00abEllos llevaron esto hasta los confines de la tierra\u00bb, dice ella. <\/p>\n<p>Las encuestas fueron entregadas a adventistas que ya asisten a la iglesia. Entre los encuestados, el 40 por ciento fueron l\u00edderes de iglesia y el 60 restante miembros. \u00abYo s\u00e9 que esa no es la proporci\u00f3n real entre l\u00edderes y feligreses\u00bb, dice Col\u00f3n. \u00ab\u00c9sta no fue una muestra al azar &#8230; Conseguimos s\u00f3lo la crema de la cosecha\u00bb.<\/p>\n<p><em><strong>Copyright \u00a9 2003 Adventist News Network . <br \/><\/strong><\/em><\/p>\n","protected":false},"excerpt":{"rendered":"<p>Los adventistas del s\u00e9ptimo d\u00eda, que suman alrededor de 13 millones en el mundo y unos 7 millones m\u00e1s que se estima asisten a los servicios de adoraci\u00f3n semanales, est\u00e1n unidos en la observancia del s\u00e1bado como d\u00eda santo<\/p>\n","protected":false},"author":1,"featured_media":0,"comment_status":"closed","ping_status":"closed","sticky":false,"template":"","format":"standard","meta":{"_acf_changed":false,"footnotes":""},"categories":[8],"tags":[],"class_list":["post-10237","post","type-post","status-publish","format-standard","hentry","category-archivo"],"acf":[],"yoast_head":"<!-- This site is optimized with the Yoast SEO plugin v27.3 - https:\/\/yoast.com\/product\/yoast-seo-wordpress\/ -->\n<title>Iglesia Mundial: Encuesta acerca del D\u00eda de Reposo revela diferencias y similitudes en la observancia - Iglesia Adventista del S\u00e9ptimo D\u00eda - Divisi\u00f3n Interamericana<\/title>\n<meta name=\"robots\" content=\"index, follow, max-snippet:-1, max-image-preview:large, max-video-preview:-1\" \/>\n<link rel=\"canonical\" href=\"https:\/\/interamerica.org\/es\/2004\/01\/iglesia-mundial-encuesta-acerca-del-dia-de-reposo-revela-diferencias-y-similitudes-en-la-observancia\/\" \/>\n<meta property=\"og:locale\" content=\"es_ES\" \/>\n<meta property=\"og:type\" content=\"article\" \/>\n<meta property=\"og:title\" content=\"Iglesia Mundial: Encuesta acerca del D\u00eda de Reposo revela diferencias y similitudes en la observancia - Iglesia Adventista del S\u00e9ptimo D\u00eda - Divisi\u00f3n Interamericana\" \/>\n<meta property=\"og:description\" content=\"Los adventistas del s\u00e9ptimo d\u00eda, que suman alrededor de 13 millones en el mundo y unos 7 millones m\u00e1s que se estima asisten a los servicios de adoraci\u00f3n semanales, est\u00e1n unidos en la observancia del s\u00e1bado como d\u00eda santo\" \/>\n<meta property=\"og:url\" content=\"https:\/\/interamerica.org\/es\/2004\/01\/iglesia-mundial-encuesta-acerca-del-dia-de-reposo-revela-diferencias-y-similitudes-en-la-observancia\/\" \/>\n<meta property=\"og:site_name\" content=\"Iglesia Adventista del S\u00e9ptimo D\u00eda - Divisi\u00f3n Interamericana\" \/>\n<meta property=\"article:published_time\" content=\"2004-01-15T04:00:00+00:00\" \/>\n<meta property=\"article:modified_time\" content=\"2017-06-02T13:20:33+00:00\" \/>\n<meta name=\"author\" content=\"Lorenzo Verduzco\" \/>\n<meta name=\"twitter:card\" content=\"summary_large_image\" \/>\n<meta name=\"twitter:label1\" content=\"Escrito por\" \/>\n\t<meta name=\"twitter:data1\" content=\"Lorenzo Verduzco\" \/>\n\t<meta name=\"twitter:label2\" content=\"Tiempo de lectura\" \/>\n\t<meta name=\"twitter:data2\" content=\"4 minutos\" \/>\n<script type=\"application\/ld+json\" class=\"yoast-schema-graph\">{\"@context\":\"https:\\\/\\\/schema.org\",\"@graph\":[{\"@type\":\"Article\",\"@id\":\"https:\\\/\\\/interamerica.org\\\/es\\\/2004\\\/01\\\/iglesia-mundial-encuesta-acerca-del-dia-de-reposo-revela-diferencias-y-similitudes-en-la-observancia\\\/#article\",\"isPartOf\":{\"@id\":\"https:\\\/\\\/interamerica.org\\\/es\\\/2004\\\/01\\\/iglesia-mundial-encuesta-acerca-del-dia-de-reposo-revela-diferencias-y-similitudes-en-la-observancia\\\/\"},\"author\":{\"name\":\"Lorenzo Verduzco\",\"@id\":\"https:\\\/\\\/interamerica.org\\\/es\\\/#\\\/schema\\\/person\\\/68ede8bdc292885bb76c1e3810e73c39\"},\"headline\":\"Iglesia Mundial: Encuesta acerca del D\u00eda de Reposo revela diferencias y similitudes en la observancia\",\"datePublished\":\"2004-01-15T04:00:00+00:00\",\"dateModified\":\"2017-06-02T13:20:33+00:00\",\"mainEntityOfPage\":{\"@id\":\"https:\\\/\\\/interamerica.org\\\/es\\\/2004\\\/01\\\/iglesia-mundial-encuesta-acerca-del-dia-de-reposo-revela-diferencias-y-similitudes-en-la-observancia\\\/\"},\"wordCount\":845,\"articleSection\":[\"Archivo\"],\"inLanguage\":\"es\"},{\"@type\":\"WebPage\",\"@id\":\"https:\\\/\\\/interamerica.org\\\/es\\\/2004\\\/01\\\/iglesia-mundial-encuesta-acerca-del-dia-de-reposo-revela-diferencias-y-similitudes-en-la-observancia\\\/\",\"url\":\"https:\\\/\\\/interamerica.org\\\/es\\\/2004\\\/01\\\/iglesia-mundial-encuesta-acerca-del-dia-de-reposo-revela-diferencias-y-similitudes-en-la-observancia\\\/\",\"name\":\"Iglesia Mundial: Encuesta acerca del D\u00eda de Reposo revela diferencias y similitudes en la observancia - Iglesia Adventista del S\u00e9ptimo D\u00eda - Divisi\u00f3n Interamericana\",\"isPartOf\":{\"@id\":\"https:\\\/\\\/interamerica.org\\\/es\\\/#website\"},\"datePublished\":\"2004-01-15T04:00:00+00:00\",\"dateModified\":\"2017-06-02T13:20:33+00:00\",\"author\":{\"@id\":\"https:\\\/\\\/interamerica.org\\\/es\\\/#\\\/schema\\\/person\\\/68ede8bdc292885bb76c1e3810e73c39\"},\"breadcrumb\":{\"@id\":\"https:\\\/\\\/interamerica.org\\\/es\\\/2004\\\/01\\\/iglesia-mundial-encuesta-acerca-del-dia-de-reposo-revela-diferencias-y-similitudes-en-la-observancia\\\/#breadcrumb\"},\"inLanguage\":\"es\",\"potentialAction\":[{\"@type\":\"ReadAction\",\"target\":[\"https:\\\/\\\/interamerica.org\\\/es\\\/2004\\\/01\\\/iglesia-mundial-encuesta-acerca-del-dia-de-reposo-revela-diferencias-y-similitudes-en-la-observancia\\\/\"]}]},{\"@type\":\"BreadcrumbList\",\"@id\":\"https:\\\/\\\/interamerica.org\\\/es\\\/2004\\\/01\\\/iglesia-mundial-encuesta-acerca-del-dia-de-reposo-revela-diferencias-y-similitudes-en-la-observancia\\\/#breadcrumb\",\"itemListElement\":[{\"@type\":\"ListItem\",\"position\":1,\"name\":\"Home\",\"item\":\"https:\\\/\\\/interamerica.org\\\/es\\\/\"},{\"@type\":\"ListItem\",\"position\":2,\"name\":\"Iglesia Mundial: Encuesta acerca del D\u00eda de Reposo revela diferencias y similitudes en la observancia\"}]},{\"@type\":\"WebSite\",\"@id\":\"https:\\\/\\\/interamerica.org\\\/es\\\/#website\",\"url\":\"https:\\\/\\\/interamerica.org\\\/es\\\/\",\"name\":\"Iglesia Adventista del S\u00e9ptimo D\u00eda - Divisi\u00f3n Interamericana\",\"description\":\"\",\"potentialAction\":[{\"@type\":\"SearchAction\",\"target\":{\"@type\":\"EntryPoint\",\"urlTemplate\":\"https:\\\/\\\/interamerica.org\\\/es\\\/?s={search_term_string}\"},\"query-input\":{\"@type\":\"PropertyValueSpecification\",\"valueRequired\":true,\"valueName\":\"search_term_string\"}}],\"inLanguage\":\"es\"},{\"@type\":\"Person\",\"@id\":\"https:\\\/\\\/interamerica.org\\\/es\\\/#\\\/schema\\\/person\\\/68ede8bdc292885bb76c1e3810e73c39\",\"name\":\"Lorenzo Verduzco\",\"image\":{\"@type\":\"ImageObject\",\"inLanguage\":\"es\",\"@id\":\"https:\\\/\\\/secure.gravatar.com\\\/avatar\\\/fb81a55b6218459490a9c1dc841a34909185b81904c5337b4b27f7a6fd60c49e?s=96&d=mm&r=g\",\"url\":\"https:\\\/\\\/secure.gravatar.com\\\/avatar\\\/fb81a55b6218459490a9c1dc841a34909185b81904c5337b4b27f7a6fd60c49e?s=96&d=mm&r=g\",\"contentUrl\":\"https:\\\/\\\/secure.gravatar.com\\\/avatar\\\/fb81a55b6218459490a9c1dc841a34909185b81904c5337b4b27f7a6fd60c49e?s=96&d=mm&r=g\",\"caption\":\"Lorenzo Verduzco\"}}]}<\/script>\n<!-- \/ Yoast SEO plugin. -->","yoast_head_json":{"title":"Iglesia Mundial: Encuesta acerca del D\u00eda de Reposo revela diferencias y similitudes en la observancia - Iglesia Adventista del S\u00e9ptimo D\u00eda - Divisi\u00f3n Interamericana","robots":{"index":"index","follow":"follow","max-snippet":"max-snippet:-1","max-image-preview":"max-image-preview:large","max-video-preview":"max-video-preview:-1"},"canonical":"https:\/\/interamerica.org\/es\/2004\/01\/iglesia-mundial-encuesta-acerca-del-dia-de-reposo-revela-diferencias-y-similitudes-en-la-observancia\/","og_locale":"es_ES","og_type":"article","og_title":"Iglesia Mundial: Encuesta acerca del D\u00eda de Reposo revela diferencias y similitudes en la observancia - Iglesia Adventista del S\u00e9ptimo D\u00eda - Divisi\u00f3n Interamericana","og_description":"Los adventistas del s\u00e9ptimo d\u00eda, que suman alrededor de 13 millones en el mundo y unos 7 millones m\u00e1s que se estima asisten a los servicios de adoraci\u00f3n semanales, est\u00e1n unidos en la observancia del s\u00e1bado como d\u00eda santo","og_url":"https:\/\/interamerica.org\/es\/2004\/01\/iglesia-mundial-encuesta-acerca-del-dia-de-reposo-revela-diferencias-y-similitudes-en-la-observancia\/","og_site_name":"Iglesia Adventista del S\u00e9ptimo D\u00eda - Divisi\u00f3n Interamericana","article_published_time":"2004-01-15T04:00:00+00:00","article_modified_time":"2017-06-02T13:20:33+00:00","author":"Lorenzo Verduzco","twitter_card":"summary_large_image","twitter_misc":{"Escrito por":"Lorenzo Verduzco","Tiempo de lectura":"4 minutos"},"schema":{"@context":"https:\/\/schema.org","@graph":[{"@type":"Article","@id":"https:\/\/interamerica.org\/es\/2004\/01\/iglesia-mundial-encuesta-acerca-del-dia-de-reposo-revela-diferencias-y-similitudes-en-la-observancia\/#article","isPartOf":{"@id":"https:\/\/interamerica.org\/es\/2004\/01\/iglesia-mundial-encuesta-acerca-del-dia-de-reposo-revela-diferencias-y-similitudes-en-la-observancia\/"},"author":{"name":"Lorenzo Verduzco","@id":"https:\/\/interamerica.org\/es\/#\/schema\/person\/68ede8bdc292885bb76c1e3810e73c39"},"headline":"Iglesia Mundial: Encuesta acerca del D\u00eda de Reposo revela diferencias y similitudes en la observancia","datePublished":"2004-01-15T04:00:00+00:00","dateModified":"2017-06-02T13:20:33+00:00","mainEntityOfPage":{"@id":"https:\/\/interamerica.org\/es\/2004\/01\/iglesia-mundial-encuesta-acerca-del-dia-de-reposo-revela-diferencias-y-similitudes-en-la-observancia\/"},"wordCount":845,"articleSection":["Archivo"],"inLanguage":"es"},{"@type":"WebPage","@id":"https:\/\/interamerica.org\/es\/2004\/01\/iglesia-mundial-encuesta-acerca-del-dia-de-reposo-revela-diferencias-y-similitudes-en-la-observancia\/","url":"https:\/\/interamerica.org\/es\/2004\/01\/iglesia-mundial-encuesta-acerca-del-dia-de-reposo-revela-diferencias-y-similitudes-en-la-observancia\/","name":"Iglesia Mundial: Encuesta acerca del D\u00eda de Reposo revela diferencias y similitudes en la observancia - Iglesia Adventista del S\u00e9ptimo D\u00eda - Divisi\u00f3n Interamericana","isPartOf":{"@id":"https:\/\/interamerica.org\/es\/#website"},"datePublished":"2004-01-15T04:00:00+00:00","dateModified":"2017-06-02T13:20:33+00:00","author":{"@id":"https:\/\/interamerica.org\/es\/#\/schema\/person\/68ede8bdc292885bb76c1e3810e73c39"},"breadcrumb":{"@id":"https:\/\/interamerica.org\/es\/2004\/01\/iglesia-mundial-encuesta-acerca-del-dia-de-reposo-revela-diferencias-y-similitudes-en-la-observancia\/#breadcrumb"},"inLanguage":"es","potentialAction":[{"@type":"ReadAction","target":["https:\/\/interamerica.org\/es\/2004\/01\/iglesia-mundial-encuesta-acerca-del-dia-de-reposo-revela-diferencias-y-similitudes-en-la-observancia\/"]}]},{"@type":"BreadcrumbList","@id":"https:\/\/interamerica.org\/es\/2004\/01\/iglesia-mundial-encuesta-acerca-del-dia-de-reposo-revela-diferencias-y-similitudes-en-la-observancia\/#breadcrumb","itemListElement":[{"@type":"ListItem","position":1,"name":"Home","item":"https:\/\/interamerica.org\/es\/"},{"@type":"ListItem","position":2,"name":"Iglesia Mundial: Encuesta acerca del D\u00eda de Reposo revela diferencias y similitudes en la observancia"}]},{"@type":"WebSite","@id":"https:\/\/interamerica.org\/es\/#website","url":"https:\/\/interamerica.org\/es\/","name":"Iglesia Adventista del S\u00e9ptimo D\u00eda - Divisi\u00f3n Interamericana","description":"","potentialAction":[{"@type":"SearchAction","target":{"@type":"EntryPoint","urlTemplate":"https:\/\/interamerica.org\/es\/?s={search_term_string}"},"query-input":{"@type":"PropertyValueSpecification","valueRequired":true,"valueName":"search_term_string"}}],"inLanguage":"es"},{"@type":"Person","@id":"https:\/\/interamerica.org\/es\/#\/schema\/person\/68ede8bdc292885bb76c1e3810e73c39","name":"Lorenzo Verduzco","image":{"@type":"ImageObject","inLanguage":"es","@id":"https:\/\/secure.gravatar.com\/avatar\/fb81a55b6218459490a9c1dc841a34909185b81904c5337b4b27f7a6fd60c49e?s=96&d=mm&r=g","url":"https:\/\/secure.gravatar.com\/avatar\/fb81a55b6218459490a9c1dc841a34909185b81904c5337b4b27f7a6fd60c49e?s=96&d=mm&r=g","contentUrl":"https:\/\/secure.gravatar.com\/avatar\/fb81a55b6218459490a9c1dc841a34909185b81904c5337b4b27f7a6fd60c49e?s=96&d=mm&r=g","caption":"Lorenzo Verduzco"}}]}},"_links":{"self":[{"href":"https:\/\/interamerica.org\/es\/wp-json\/wp\/v2\/posts\/10237","targetHints":{"allow":["GET"]}}],"collection":[{"href":"https:\/\/interamerica.org\/es\/wp-json\/wp\/v2\/posts"}],"about":[{"href":"https:\/\/interamerica.org\/es\/wp-json\/wp\/v2\/types\/post"}],"author":[{"embeddable":true,"href":"https:\/\/interamerica.org\/es\/wp-json\/wp\/v2\/users\/1"}],"replies":[{"embeddable":true,"href":"https:\/\/interamerica.org\/es\/wp-json\/wp\/v2\/comments?post=10237"}],"version-history":[{"count":0,"href":"https:\/\/interamerica.org\/es\/wp-json\/wp\/v2\/posts\/10237\/revisions"}],"wp:attachment":[{"href":"https:\/\/interamerica.org\/es\/wp-json\/wp\/v2\/media?parent=10237"}],"wp:term":[{"taxonomy":"category","embeddable":true,"href":"https:\/\/interamerica.org\/es\/wp-json\/wp\/v2\/categories?post=10237"},{"taxonomy":"post_tag","embeddable":true,"href":"https:\/\/interamerica.org\/es\/wp-json\/wp\/v2\/tags?post=10237"}],"curies":[{"name":"wp","href":"https:\/\/api.w.org\/{rel}","templated":true}]}}