{"id":102390,"date":"2023-08-23T13:20:31","date_gmt":"2023-08-23T17:20:31","guid":{"rendered":"https:\/\/interamerica.org\/?p=102390"},"modified":"2023-08-30T20:52:25","modified_gmt":"2023-08-31T00:52:25","slug":"evento-de-libertad-religiosa-rinde-tribute-a-130-anos-de-defensa-de-derechos","status":"publish","type":"post","link":"https:\/\/interamerica.org\/es\/2023\/08\/evento-de-libertad-religiosa-rinde-tribute-a-130-anos-de-defensa-de-derechos\/","title":{"rendered":"Evento de libertad religiosa rinde tributo a 130 a\u00f1os de defensa de derechos"},"content":{"rendered":"<div id=\"attachment_102358\" style=\"width: 856px\" class=\"wp-caption aligncenter\"><img fetchpriority=\"high\" decoding=\"async\" aria-describedby=\"caption-attachment-102358\" class=\" wp-image-102356\" src=\"https:\/\/interamerica.org\/wp-content\/uploads\/2023\/08\/irla-2023news-in-depth-3.jpeg\" alt=\"\" width=\"846\" height=\"564\" srcset=\"https:\/\/interamerica.org\/wp-content\/uploads\/2023\/08\/irla-2023news-in-depth-3.jpeg 1000w, https:\/\/interamerica.org\/wp-content\/uploads\/2023\/08\/irla-2023news-in-depth-3-300x200.jpeg 300w, https:\/\/interamerica.org\/wp-content\/uploads\/2023\/08\/irla-2023news-in-depth-3-768x512.jpeg 768w\" sizes=\"(max-width: 846px) 100vw, 846px\" \/><p id=\"caption-attachment-102358\" class=\"wp-caption-text\">Los asistentes al IX Congreso Mundial de la IRLA siguen el programa en Silver Spring, Maryland, el 21 de agosto. [Fotograf\u00eda: Marcos Paseggi, Adventist Review]<\/p><\/div>\n<h4>El IX Congreso Mundial de la IRLA anima a los participantes para que reflexionen y act\u00faen por el bien de todas las personas.<\/h4>\n<p>23 de agosto de 2023 | Silver Spring, Maryland, Estados Unidos | Marcos Paseggi, Adventist Review<\/p>\n<p>Cerca de doscientos l\u00edderes, investigadores y defensores de la libertad religiosa de diversas partes del mundo se dieron cita para el IX Congreso Mundial de la Asociaci\u00f3n Internacional de Libertad Religiosa (IRLA) en Silver Spring, Maryland, Estados Unidos, del 21-23 de agosto.<\/p>\n<p>El evento internacional invit\u00f3 a los asistentes a analizar \u201cuna comprensi\u00f3n integral de la libertad religiosa o de creencia como un derecho humano fundamental\u201d, dijeron los organizadores.<\/p>\n<p>En sus declaraciones el pasado 21 de agosto, Ted N. C. Wilson, presidente de la Asociaci\u00f3n General de los Adventistas del S\u00e9ptimo D\u00eda, dio la bienvenida a los asistentes, record\u00e1ndoles del \u00e9nfasis hist\u00f3rico de la denominaci\u00f3n sobre el tema.<\/p>\n<p><div id=\"attachment_102364\" style=\"width: 868px\" class=\"wp-caption aligncenter\"><img decoding=\"async\" aria-describedby=\"caption-attachment-102364\" class=\" wp-image-102362\" src=\"https:\/\/interamerica.org\/wp-content\/uploads\/2023\/08\/irladsc-1162-768x512-1.jpeg\" alt=\"\" width=\"858\" height=\"572\" srcset=\"https:\/\/interamerica.org\/wp-content\/uploads\/2023\/08\/irladsc-1162-768x512-1.jpeg 768w, https:\/\/interamerica.org\/wp-content\/uploads\/2023\/08\/irladsc-1162-768x512-1-300x200.jpeg 300w\" sizes=\"(max-width: 858px) 100vw, 858px\" \/><p id=\"caption-attachment-102364\" class=\"wp-caption-text\">La mesa de inscripci\u00f3n de la IRLA el pasado 21 de agosto. Los l\u00edderes y defensores de la libertad religiosa provienen de decenas de organizaciones y de cada regi\u00f3n principal de la Iglesia Adventista en el mundo. [Fotograf\u00eda: Marcos Paseggi, Adventist Review]<\/p><\/div>\u201cLos pioneros adventistas [\u2026] vieron en la libertad religiosa un valor indisputable sin el cual nuestra humanidad misma podr\u00eda estar en riesgo de verse disminuida y malograda\u201d, abrazando de esa manera \u201cel valor incalculable de la libertad religiosa, y el fundamento de la libertad misma\u201d, dijo Wilson.<\/p>\n<p>Wilson cont\u00f3 de qu\u00e9 manera los pioneros adventistas lucharon contra la opresi\u00f3n de otras personas, contra la esclavitud y en contra de los primeros intentos de leyes dominicales. \u201cLos l\u00edderes adventistas adoptaron oficialmente la solidaridad con toda la familia humana por medio de la defensa de la libertad religiosa\u201d, record\u00f3 a los asistentes.<\/p>\n<p><div id=\"attachment_102367\" style=\"width: 830px\" class=\"wp-caption aligncenter\"><img decoding=\"async\" aria-describedby=\"caption-attachment-102367\" class=\" wp-image-102365\" src=\"https:\/\/interamerica.org\/wp-content\/uploads\/2023\/08\/irladsc-0050-768x488-1.jpeg\" alt=\"\" width=\"820\" height=\"521\" srcset=\"https:\/\/interamerica.org\/wp-content\/uploads\/2023\/08\/irladsc-0050-768x488-1.jpeg 768w, https:\/\/interamerica.org\/wp-content\/uploads\/2023\/08\/irladsc-0050-768x488-1-300x191.jpeg 300w\" sizes=\"(max-width: 820px) 100vw, 820px\" \/><p id=\"caption-attachment-102367\" class=\"wp-caption-text\">En 2023, la Asociaci\u00f3n Internacional de Libertad Religiosa celebra 130 a\u00f1os de defensa de la libertad religiosa y la libertad de conciencia. [Fotograf\u00eda: Marcos Paseggi, Adventist Review]<\/p><\/div><strong>\u00bfCreemos realmente en ella?<\/strong><\/p>\n<p>El programa de apertura incluy\u00f3 palabras del Embajador John Nay, quien reflexion\u00f3 sobre las implicaciones de apoyar la libertad religiosa. \u201cDecimos que creemos en la libertad religiosa de todas las personas\u201d, expres\u00f3. \u201c\u00bfPero lo creemos realmente en nuestros corazones?\u201d Nay hizo un llamado a su audiencia para que fuera m\u00e1s all\u00e1 de apoyar la libertad religiosa tan solo para su grupo, sea religioso o de otro tipo, y abrace una defensa que incluya a cada ser humano.<\/p>\n<p>Al mismo tiempo, enfatiz\u00f3 Nay, aceptar la libertad religiosa de todas las personas \u2014tanto para los que creen como para los que no creen\u2014 podr\u00eda llevarnos a cuestionar nuestras conductas hacia los dem\u00e1s grupos. Explic\u00f3 que si bien est\u00e1 dentro de nuestros derechos cuestionar una ley por razones puramente seculares, deber\u00edamos ser muy cuidadosos al usar argumentos religiosos para oponernos a un proyecto de ley espec\u00edfico.<\/p>\n<p><div id=\"attachment_102370\" style=\"width: 843px\" class=\"wp-caption aligncenter\"><img loading=\"lazy\" decoding=\"async\" aria-describedby=\"caption-attachment-102370\" class=\" wp-image-102368\" src=\"https:\/\/interamerica.org\/wp-content\/uploads\/2023\/08\/irla-dsc-1324-768x512-1.jpeg\" alt=\"\" width=\"833\" height=\"555\" srcset=\"https:\/\/interamerica.org\/wp-content\/uploads\/2023\/08\/irla-dsc-1324-768x512-1.jpeg 768w, https:\/\/interamerica.org\/wp-content\/uploads\/2023\/08\/irla-dsc-1324-768x512-1-300x200.jpeg 300w\" sizes=\"(max-width: 833px) 100vw, 833px\" \/><p id=\"caption-attachment-102370\" class=\"wp-caption-text\">Paul Douglas, tesorero de la Asociaci\u00f3n General, dio la bienvenida a los participantes al IX Congreso Mundial de la IRLA en Silver Spring, Maryland, Estados Unidos, el 21 de agosto. [Fotograf\u00eda: Marcos Paseggi, Adventist Review]<\/p><\/div>\u201cLa pregunta es, \u00bfhasta qu\u00e9 punto es permisible, aun equitativo, limitar los derechos civiles de otras personas sobre la base de nuestras perspectivas religiosas?\u201d, dijo. \u201cMe parece inconsistente, y alguno podr\u00eda decir hasta hip\u00f3crita, defender la libertad religiosa pero oponerse a que se otorguen derechos y libertades a otros que no son creyentes, y usar razones religiosas para adoptar esa postura\u201d.<\/p>\n<p><strong>Un imperativo moral<\/strong><\/p>\n<p>Despu\u00e9s de la presentaci\u00f3n de Nay, el secretario general de la IRLA Ganoune Diop analiz\u00f3 una comprensi\u00f3n integral de la libertad religiosa basada en la fe, que \u00e9l defini\u00f3 como \u201cel derecho a profesar, practicar y propagar las creencias propias sin coerci\u00f3n, intimidaci\u00f3n o manipulaci\u00f3n\u201d. La libertad religiosa es \u201clibertad de vernos forzados a hacer algo que va en contra de las convicciones profundas o en contra de la conciencia propia\u201d, dijo Diop. \u201cEs el centro mismo que ocupa un lugar fundamental entre las libertades y derechos\u201d.<\/p>\n<p><div id=\"attachment_102373\" style=\"width: 861px\" class=\"wp-caption aligncenter\"><img loading=\"lazy\" decoding=\"async\" aria-describedby=\"caption-attachment-102373\" class=\" wp-image-102371\" src=\"https:\/\/interamerica.org\/wp-content\/uploads\/2023\/08\/irla-dsc-1202-768x512-1.jpeg\" alt=\"\" width=\"851\" height=\"567\" srcset=\"https:\/\/interamerica.org\/wp-content\/uploads\/2023\/08\/irla-dsc-1202-768x512-1.jpeg 768w, https:\/\/interamerica.org\/wp-content\/uploads\/2023\/08\/irla-dsc-1202-768x512-1-300x200.jpeg 300w\" sizes=\"(max-width: 851px) 100vw, 851px\" \/><p id=\"caption-attachment-102373\" class=\"wp-caption-text\">Ted N. C. Wilson, presidente de la Asociaci\u00f3n General, recuerda a los participantes de la defensa hist\u00f3rica que ha hecho la Iglesia Adventista del S\u00e9ptimo D\u00eda de la libertad religiosa y la libertad de conciencia. [Fotograf\u00eda: Marcos Paseggi, Adventist Review]<\/p><\/div>Diop enfatiz\u00f3 que la creaci\u00f3n de la IRLA hace 130 a\u00f1os \u201cest\u00e1 conectada con la convicci\u00f3n de que la libertad religiosa es un imperativo moral\u201d, que \u201ces parte de la imagen de Dios en los seres humanos\u201d. Y enfatiz\u00f3: \u201cLa libertad es constitutiva a aquello para lo cual fuimos creados. Sin libertad, estamos incompeltos [\u2026]. [Y] la determinaci\u00f3n de diseminar la conciencia sobre la libertad de pensamiento, conciencia y creencia es necesaria para lo que significa ser un ser humano\u201d.<\/p>\n<p><strong>Una tarea continua<\/strong><\/p>\n<p>El orador destacado del programa de apertura fue Su Excelencia Adama Dieng, ex subsecretario general de las Naciones Unidas y consejero especial del secretario general de las Naciones Unidas para la prevenci\u00f3n del genocidio, quien analiz\u00f3 una comprensi\u00f3n integral de la libertad religiosa en un mundo cada vez m\u00e1s polarizado. Dieng, quien form\u00f3 parte de los juicios a los l\u00edderes responsables del genocidio de Ruanda, record\u00f3 a los asistentes de todo lo que se hab\u00eda logrado en el campo de los derechos humanos y de manera espec\u00edfica en el \u00e1rea de la libertad religiosa.<\/p>\n<p><div id=\"attachment_102376\" style=\"width: 838px\" class=\"wp-caption aligncenter\"><img loading=\"lazy\" decoding=\"async\" aria-describedby=\"caption-attachment-102376\" class=\" wp-image-102374\" src=\"https:\/\/interamerica.org\/wp-content\/uploads\/2023\/08\/irla-dsc-1218-768x512-1.jpeg\" alt=\"\" width=\"828\" height=\"552\" srcset=\"https:\/\/interamerica.org\/wp-content\/uploads\/2023\/08\/irla-dsc-1218-768x512-1.jpeg 768w, https:\/\/interamerica.org\/wp-content\/uploads\/2023\/08\/irla-dsc-1218-768x512-1-300x200.jpeg 300w\" sizes=\"(max-width: 828px) 100vw, 828px\" \/><p id=\"caption-attachment-102376\" class=\"wp-caption-text\">El 21 de agosto, los asistentes siguen el programa de apertura del IX Congreso Mundial de la IRLA en Silver Spring, Maryland, Estados Unidos. [Fotograf\u00eda: Marcos Paseggi, Adventist Review]<\/p><\/div>Al mismo tiempo, Dieng se\u00f1al\u00f3 todos los desaf\u00edos pendientes para hacer frente a las violaciones continuas de la dignidad de las personas en el mundo. \u201cDesafortunadamente, esos derechos [a la libertad religiosa] son violados constantemente tanto por actores estatales como no estatales\u201d, reconoci\u00f3, citando ejemplos contempor\u00e1neos en diversas partes del mundo. Llam\u00f3 entonces a la acci\u00f3n para hacer frente a los desaf\u00edos continuos.<\/p>\n<p>Dieng a\u00f1adi\u00f3, sin embargo, que la intolerancia y la discriminaci\u00f3n \u201cno pueden ser simplemente prevenidas o eliminadas por medidas solamente estrat\u00e9gicas. La reflexi\u00f3n y la eliminaci\u00f3n de la intolerancia basada en actitudes y pr\u00e1cticas requiere de educaci\u00f3n continua y un di\u00e1logo interreligioso\u201d, expres\u00f3.<\/p>\n<p>Otros oradores destacados durante el evento incluyeron al embajador Sam Brownback, exembajador general de Libertad Religiosa Internacional, y Knox Thames, exasesor especial de minor\u00edas religiosas del Departamento de Estado de los Estados Unidos.<\/p>\n<p><div id=\"attachment_102382\" style=\"width: 828px\" class=\"wp-caption aligncenter\"><img loading=\"lazy\" decoding=\"async\" aria-describedby=\"caption-attachment-102382\" class=\" wp-image-102380\" src=\"https:\/\/interamerica.org\/wp-content\/uploads\/2023\/08\/irla-dsc-1266-768x512-1.jpg\" alt=\"\" width=\"818\" height=\"545\" srcset=\"https:\/\/interamerica.org\/wp-content\/uploads\/2023\/08\/irla-dsc-1266-768x512-1.jpg 768w, https:\/\/interamerica.org\/wp-content\/uploads\/2023\/08\/irla-dsc-1266-768x512-1-300x200.jpg 300w\" sizes=\"(max-width: 818px) 100vw, 818px\" \/><p id=\"caption-attachment-102382\" class=\"wp-caption-text\">Como parte del programa de apertura, el secretario general de la IRLA Ganoune Diop present\u00f3 una comprensi\u00f3n integral basada en la fe de la libertad religiosa. [Fotograf\u00eda: Marcos Paseggi, Adventist Review]<\/p><\/div>Sesiones en grupos invitaron a los asistentes a reflexionar en la historia, los desaf\u00edos actuales y las oportunidades que tienen los defensores de la libertad religios<br \/>\nBreakout sessions invited attendees to reflect on the history, current challenges, and opportunities for religious freedom advocates. It included discussions on religious nationalism, attitudes to religious minorities, and ideas for action. Attendees will also participate in a visit to the U.S. National Archives in Washington, D.C., and a closing banquet and award ceremony at a venue close to the White House.<\/p>\n<p><strong>Qu\u00e9 es la IRLA<\/strong><\/p>\n<p>La IRLA fue fundada en 1893 por un grupo de adventistas del s\u00e9ptimo d\u00eda que estaban preocupados por la persecuci\u00f3n y discriminaci\u00f3n religiosas. La organizaci\u00f3n fue creada para defender la libertad religiosa de todas las personas, m\u00e1s all\u00e1 de su religi\u00f3n o trasfondo. \u201cLa IRLA se ocupa de cuestiones relacionadas con la libertad religiosa y brinda apoyo y recursos a los individuos y comunidades que enfrentan persecuci\u00f3n\u201d, dijeron los l\u00edderes de la organizaci\u00f3n. \u201c[Tambi\u00e9n] fomenta el di\u00e1logo y la cooperaci\u00f3n entre las personas de diversas religiones y convicciones filos\u00f3ficas\u201d.<\/p>\n<p>Traducci\u00f3n de Marcos Paseggi<\/p>\n","protected":false},"excerpt":{"rendered":"<p>El IX Congreso Mundial de la IRLA anima a los participantes para que reflexionen y act\u00faen por el bien de todas las personas. 23 de agosto de 2023 | Silver&#8230;<\/p>\n","protected":false},"author":3,"featured_media":102358,"comment_status":"closed","ping_status":"closed","sticky":false,"template":"","format":"standard","meta":{"_acf_changed":false,"footnotes":""},"categories":[14,15],"tags":[],"class_list":["post-102390","post","type-post","status-publish","format-standard","has-post-thumbnail","hentry","category-de-la-iglesia-mundial","category-rss-espanol"],"acf":[],"yoast_head":"<!-- This site is optimized with the Yoast SEO plugin v27.3 - https:\/\/yoast.com\/product\/yoast-seo-wordpress\/ -->\n<title>Evento de libertad religiosa rinde tributo a 130 a\u00f1os de defensa de derechos - Iglesia Adventista del S\u00e9ptimo D\u00eda - Divisi\u00f3n Interamericana<\/title>\n<meta name=\"robots\" content=\"index, follow, max-snippet:-1, max-image-preview:large, max-video-preview:-1\" \/>\n<link rel=\"canonical\" href=\"https:\/\/interamerica.org\/es\/2023\/08\/evento-de-libertad-religiosa-rinde-tribute-a-130-anos-de-defensa-de-derechos\/\" \/>\n<meta property=\"og:locale\" content=\"es_ES\" \/>\n<meta property=\"og:type\" content=\"article\" \/>\n<meta property=\"og:title\" content=\"Evento de libertad religiosa rinde tributo a 130 a\u00f1os de defensa de derechos - Iglesia Adventista del S\u00e9ptimo D\u00eda - Divisi\u00f3n Interamericana\" \/>\n<meta property=\"og:description\" content=\"El IX Congreso Mundial de la IRLA anima a los participantes para que reflexionen y act\u00faen por el bien de todas las personas. 23 de agosto de 2023 | Silver...\" \/>\n<meta property=\"og:url\" content=\"https:\/\/interamerica.org\/es\/2023\/08\/evento-de-libertad-religiosa-rinde-tribute-a-130-anos-de-defensa-de-derechos\/\" \/>\n<meta property=\"og:site_name\" content=\"Iglesia Adventista del S\u00e9ptimo D\u00eda - Divisi\u00f3n Interamericana\" \/>\n<meta property=\"article:published_time\" content=\"2023-08-23T17:20:31+00:00\" \/>\n<meta property=\"article:modified_time\" content=\"2023-08-31T00:52:25+00:00\" \/>\n<meta property=\"og:image\" content=\"https:\/\/interamerica.org\/wp-content\/uploads\/2023\/08\/irla-2023news-in-depth-3.jpeg\" \/>\n\t<meta property=\"og:image:width\" content=\"1000\" \/>\n\t<meta property=\"og:image:height\" content=\"667\" \/>\n\t<meta property=\"og:image:type\" content=\"image\/jpeg\" \/>\n<meta name=\"author\" content=\"libna\" \/>\n<meta name=\"twitter:card\" content=\"summary_large_image\" \/>\n<meta name=\"twitter:label1\" content=\"Escrito por\" \/>\n\t<meta name=\"twitter:data1\" content=\"libna\" \/>\n\t<meta name=\"twitter:label2\" content=\"Tiempo de lectura\" \/>\n\t<meta name=\"twitter:data2\" content=\"8 minutos\" \/>\n<script type=\"application\/ld+json\" class=\"yoast-schema-graph\">{\"@context\":\"https:\\\/\\\/schema.org\",\"@graph\":[{\"@type\":\"Article\",\"@id\":\"https:\\\/\\\/interamerica.org\\\/es\\\/2023\\\/08\\\/evento-de-libertad-religiosa-rinde-tribute-a-130-anos-de-defensa-de-derechos\\\/#article\",\"isPartOf\":{\"@id\":\"https:\\\/\\\/interamerica.org\\\/es\\\/2023\\\/08\\\/evento-de-libertad-religiosa-rinde-tribute-a-130-anos-de-defensa-de-derechos\\\/\"},\"author\":{\"name\":\"libna\",\"@id\":\"https:\\\/\\\/interamerica.org\\\/es\\\/#\\\/schema\\\/person\\\/29998f2bc2d8bd0d38662909289b54f1\"},\"headline\":\"Evento de libertad religiosa rinde tributo a 130 a\u00f1os de defensa de derechos\",\"datePublished\":\"2023-08-23T17:20:31+00:00\",\"dateModified\":\"2023-08-31T00:52:25+00:00\",\"mainEntityOfPage\":{\"@id\":\"https:\\\/\\\/interamerica.org\\\/es\\\/2023\\\/08\\\/evento-de-libertad-religiosa-rinde-tribute-a-130-anos-de-defensa-de-derechos\\\/\"},\"wordCount\":1407,\"image\":{\"@id\":\"https:\\\/\\\/interamerica.org\\\/es\\\/2023\\\/08\\\/evento-de-libertad-religiosa-rinde-tribute-a-130-anos-de-defensa-de-derechos\\\/#primaryimage\"},\"thumbnailUrl\":\"https:\\\/\\\/interamerica.org\\\/wp-content\\\/uploads\\\/2023\\\/08\\\/irla-2023news-in-depth-3.jpeg\",\"articleSection\":[\"Desde la iglesia mundial\",\"RSS Espa\u00f1ol\"],\"inLanguage\":\"es\"},{\"@type\":\"WebPage\",\"@id\":\"https:\\\/\\\/interamerica.org\\\/es\\\/2023\\\/08\\\/evento-de-libertad-religiosa-rinde-tribute-a-130-anos-de-defensa-de-derechos\\\/\",\"url\":\"https:\\\/\\\/interamerica.org\\\/es\\\/2023\\\/08\\\/evento-de-libertad-religiosa-rinde-tribute-a-130-anos-de-defensa-de-derechos\\\/\",\"name\":\"Evento de libertad religiosa rinde tributo a 130 a\u00f1os de defensa de derechos - Iglesia Adventista del S\u00e9ptimo D\u00eda - Divisi\u00f3n Interamericana\",\"isPartOf\":{\"@id\":\"https:\\\/\\\/interamerica.org\\\/es\\\/#website\"},\"primaryImageOfPage\":{\"@id\":\"https:\\\/\\\/interamerica.org\\\/es\\\/2023\\\/08\\\/evento-de-libertad-religiosa-rinde-tribute-a-130-anos-de-defensa-de-derechos\\\/#primaryimage\"},\"image\":{\"@id\":\"https:\\\/\\\/interamerica.org\\\/es\\\/2023\\\/08\\\/evento-de-libertad-religiosa-rinde-tribute-a-130-anos-de-defensa-de-derechos\\\/#primaryimage\"},\"thumbnailUrl\":\"https:\\\/\\\/interamerica.org\\\/wp-content\\\/uploads\\\/2023\\\/08\\\/irla-2023news-in-depth-3.jpeg\",\"datePublished\":\"2023-08-23T17:20:31+00:00\",\"dateModified\":\"2023-08-31T00:52:25+00:00\",\"author\":{\"@id\":\"https:\\\/\\\/interamerica.org\\\/es\\\/#\\\/schema\\\/person\\\/29998f2bc2d8bd0d38662909289b54f1\"},\"breadcrumb\":{\"@id\":\"https:\\\/\\\/interamerica.org\\\/es\\\/2023\\\/08\\\/evento-de-libertad-religiosa-rinde-tribute-a-130-anos-de-defensa-de-derechos\\\/#breadcrumb\"},\"inLanguage\":\"es\",\"potentialAction\":[{\"@type\":\"ReadAction\",\"target\":[\"https:\\\/\\\/interamerica.org\\\/es\\\/2023\\\/08\\\/evento-de-libertad-religiosa-rinde-tribute-a-130-anos-de-defensa-de-derechos\\\/\"]}]},{\"@type\":\"ImageObject\",\"inLanguage\":\"es\",\"@id\":\"https:\\\/\\\/interamerica.org\\\/es\\\/2023\\\/08\\\/evento-de-libertad-religiosa-rinde-tribute-a-130-anos-de-defensa-de-derechos\\\/#primaryimage\",\"url\":\"https:\\\/\\\/interamerica.org\\\/wp-content\\\/uploads\\\/2023\\\/08\\\/irla-2023news-in-depth-3.jpeg\",\"contentUrl\":\"https:\\\/\\\/interamerica.org\\\/wp-content\\\/uploads\\\/2023\\\/08\\\/irla-2023news-in-depth-3.jpeg\",\"width\":1000,\"height\":667,\"caption\":\"Attendees of the IRLA\u2019s 9th World Congress follow the proceedings in Silver Spring, Maryland, on August 21. [Photo: Marcos Paseggi, Adventist Review]\"},{\"@type\":\"BreadcrumbList\",\"@id\":\"https:\\\/\\\/interamerica.org\\\/es\\\/2023\\\/08\\\/evento-de-libertad-religiosa-rinde-tribute-a-130-anos-de-defensa-de-derechos\\\/#breadcrumb\",\"itemListElement\":[{\"@type\":\"ListItem\",\"position\":1,\"name\":\"Home\",\"item\":\"https:\\\/\\\/interamerica.org\\\/es\\\/\"},{\"@type\":\"ListItem\",\"position\":2,\"name\":\"Evento de libertad religiosa rinde tributo a 130 a\u00f1os de defensa de derechos\"}]},{\"@type\":\"WebSite\",\"@id\":\"https:\\\/\\\/interamerica.org\\\/es\\\/#website\",\"url\":\"https:\\\/\\\/interamerica.org\\\/es\\\/\",\"name\":\"Iglesia Adventista del S\u00e9ptimo D\u00eda - Divisi\u00f3n Interamericana\",\"description\":\"\",\"potentialAction\":[{\"@type\":\"SearchAction\",\"target\":{\"@type\":\"EntryPoint\",\"urlTemplate\":\"https:\\\/\\\/interamerica.org\\\/es\\\/?s={search_term_string}\"},\"query-input\":{\"@type\":\"PropertyValueSpecification\",\"valueRequired\":true,\"valueName\":\"search_term_string\"}}],\"inLanguage\":\"es\"},{\"@type\":\"Person\",\"@id\":\"https:\\\/\\\/interamerica.org\\\/es\\\/#\\\/schema\\\/person\\\/29998f2bc2d8bd0d38662909289b54f1\",\"name\":\"libna\",\"image\":{\"@type\":\"ImageObject\",\"inLanguage\":\"es\",\"@id\":\"https:\\\/\\\/secure.gravatar.com\\\/avatar\\\/7c5bd30ae4b47a9ba3c856590957fd1d96dc588bf3ac05719d247e126840331f?s=96&d=mm&r=g\",\"url\":\"https:\\\/\\\/secure.gravatar.com\\\/avatar\\\/7c5bd30ae4b47a9ba3c856590957fd1d96dc588bf3ac05719d247e126840331f?s=96&d=mm&r=g\",\"contentUrl\":\"https:\\\/\\\/secure.gravatar.com\\\/avatar\\\/7c5bd30ae4b47a9ba3c856590957fd1d96dc588bf3ac05719d247e126840331f?s=96&d=mm&r=g\",\"caption\":\"libna\"}}]}<\/script>\n<!-- \/ Yoast SEO plugin. -->","yoast_head_json":{"title":"Evento de libertad religiosa rinde tributo a 130 a\u00f1os de defensa de derechos - Iglesia Adventista del S\u00e9ptimo D\u00eda - Divisi\u00f3n Interamericana","robots":{"index":"index","follow":"follow","max-snippet":"max-snippet:-1","max-image-preview":"max-image-preview:large","max-video-preview":"max-video-preview:-1"},"canonical":"https:\/\/interamerica.org\/es\/2023\/08\/evento-de-libertad-religiosa-rinde-tribute-a-130-anos-de-defensa-de-derechos\/","og_locale":"es_ES","og_type":"article","og_title":"Evento de libertad religiosa rinde tributo a 130 a\u00f1os de defensa de derechos - Iglesia Adventista del S\u00e9ptimo D\u00eda - Divisi\u00f3n Interamericana","og_description":"El IX Congreso Mundial de la IRLA anima a los participantes para que reflexionen y act\u00faen por el bien de todas las personas. 23 de agosto de 2023 | Silver...","og_url":"https:\/\/interamerica.org\/es\/2023\/08\/evento-de-libertad-religiosa-rinde-tribute-a-130-anos-de-defensa-de-derechos\/","og_site_name":"Iglesia Adventista del S\u00e9ptimo D\u00eda - Divisi\u00f3n Interamericana","article_published_time":"2023-08-23T17:20:31+00:00","article_modified_time":"2023-08-31T00:52:25+00:00","og_image":[{"width":1000,"height":667,"url":"https:\/\/interamerica.org\/wp-content\/uploads\/2023\/08\/irla-2023news-in-depth-3.jpeg","type":"image\/jpeg"}],"author":"libna","twitter_card":"summary_large_image","twitter_misc":{"Escrito por":"libna","Tiempo de lectura":"8 minutos"},"schema":{"@context":"https:\/\/schema.org","@graph":[{"@type":"Article","@id":"https:\/\/interamerica.org\/es\/2023\/08\/evento-de-libertad-religiosa-rinde-tribute-a-130-anos-de-defensa-de-derechos\/#article","isPartOf":{"@id":"https:\/\/interamerica.org\/es\/2023\/08\/evento-de-libertad-religiosa-rinde-tribute-a-130-anos-de-defensa-de-derechos\/"},"author":{"name":"libna","@id":"https:\/\/interamerica.org\/es\/#\/schema\/person\/29998f2bc2d8bd0d38662909289b54f1"},"headline":"Evento de libertad religiosa rinde tributo a 130 a\u00f1os de defensa de derechos","datePublished":"2023-08-23T17:20:31+00:00","dateModified":"2023-08-31T00:52:25+00:00","mainEntityOfPage":{"@id":"https:\/\/interamerica.org\/es\/2023\/08\/evento-de-libertad-religiosa-rinde-tribute-a-130-anos-de-defensa-de-derechos\/"},"wordCount":1407,"image":{"@id":"https:\/\/interamerica.org\/es\/2023\/08\/evento-de-libertad-religiosa-rinde-tribute-a-130-anos-de-defensa-de-derechos\/#primaryimage"},"thumbnailUrl":"https:\/\/interamerica.org\/wp-content\/uploads\/2023\/08\/irla-2023news-in-depth-3.jpeg","articleSection":["Desde la iglesia mundial","RSS Espa\u00f1ol"],"inLanguage":"es"},{"@type":"WebPage","@id":"https:\/\/interamerica.org\/es\/2023\/08\/evento-de-libertad-religiosa-rinde-tribute-a-130-anos-de-defensa-de-derechos\/","url":"https:\/\/interamerica.org\/es\/2023\/08\/evento-de-libertad-religiosa-rinde-tribute-a-130-anos-de-defensa-de-derechos\/","name":"Evento de libertad religiosa rinde tributo a 130 a\u00f1os de defensa de derechos - Iglesia Adventista del S\u00e9ptimo D\u00eda - Divisi\u00f3n Interamericana","isPartOf":{"@id":"https:\/\/interamerica.org\/es\/#website"},"primaryImageOfPage":{"@id":"https:\/\/interamerica.org\/es\/2023\/08\/evento-de-libertad-religiosa-rinde-tribute-a-130-anos-de-defensa-de-derechos\/#primaryimage"},"image":{"@id":"https:\/\/interamerica.org\/es\/2023\/08\/evento-de-libertad-religiosa-rinde-tribute-a-130-anos-de-defensa-de-derechos\/#primaryimage"},"thumbnailUrl":"https:\/\/interamerica.org\/wp-content\/uploads\/2023\/08\/irla-2023news-in-depth-3.jpeg","datePublished":"2023-08-23T17:20:31+00:00","dateModified":"2023-08-31T00:52:25+00:00","author":{"@id":"https:\/\/interamerica.org\/es\/#\/schema\/person\/29998f2bc2d8bd0d38662909289b54f1"},"breadcrumb":{"@id":"https:\/\/interamerica.org\/es\/2023\/08\/evento-de-libertad-religiosa-rinde-tribute-a-130-anos-de-defensa-de-derechos\/#breadcrumb"},"inLanguage":"es","potentialAction":[{"@type":"ReadAction","target":["https:\/\/interamerica.org\/es\/2023\/08\/evento-de-libertad-religiosa-rinde-tribute-a-130-anos-de-defensa-de-derechos\/"]}]},{"@type":"ImageObject","inLanguage":"es","@id":"https:\/\/interamerica.org\/es\/2023\/08\/evento-de-libertad-religiosa-rinde-tribute-a-130-anos-de-defensa-de-derechos\/#primaryimage","url":"https:\/\/interamerica.org\/wp-content\/uploads\/2023\/08\/irla-2023news-in-depth-3.jpeg","contentUrl":"https:\/\/interamerica.org\/wp-content\/uploads\/2023\/08\/irla-2023news-in-depth-3.jpeg","width":1000,"height":667,"caption":"Attendees of the IRLA\u2019s 9th World Congress follow the proceedings in Silver Spring, Maryland, on August 21. [Photo: Marcos Paseggi, Adventist Review]"},{"@type":"BreadcrumbList","@id":"https:\/\/interamerica.org\/es\/2023\/08\/evento-de-libertad-religiosa-rinde-tribute-a-130-anos-de-defensa-de-derechos\/#breadcrumb","itemListElement":[{"@type":"ListItem","position":1,"name":"Home","item":"https:\/\/interamerica.org\/es\/"},{"@type":"ListItem","position":2,"name":"Evento de libertad religiosa rinde tributo a 130 a\u00f1os de defensa de derechos"}]},{"@type":"WebSite","@id":"https:\/\/interamerica.org\/es\/#website","url":"https:\/\/interamerica.org\/es\/","name":"Iglesia Adventista del S\u00e9ptimo D\u00eda - Divisi\u00f3n Interamericana","description":"","potentialAction":[{"@type":"SearchAction","target":{"@type":"EntryPoint","urlTemplate":"https:\/\/interamerica.org\/es\/?s={search_term_string}"},"query-input":{"@type":"PropertyValueSpecification","valueRequired":true,"valueName":"search_term_string"}}],"inLanguage":"es"},{"@type":"Person","@id":"https:\/\/interamerica.org\/es\/#\/schema\/person\/29998f2bc2d8bd0d38662909289b54f1","name":"libna","image":{"@type":"ImageObject","inLanguage":"es","@id":"https:\/\/secure.gravatar.com\/avatar\/7c5bd30ae4b47a9ba3c856590957fd1d96dc588bf3ac05719d247e126840331f?s=96&d=mm&r=g","url":"https:\/\/secure.gravatar.com\/avatar\/7c5bd30ae4b47a9ba3c856590957fd1d96dc588bf3ac05719d247e126840331f?s=96&d=mm&r=g","contentUrl":"https:\/\/secure.gravatar.com\/avatar\/7c5bd30ae4b47a9ba3c856590957fd1d96dc588bf3ac05719d247e126840331f?s=96&d=mm&r=g","caption":"libna"}}]}},"_links":{"self":[{"href":"https:\/\/interamerica.org\/es\/wp-json\/wp\/v2\/posts\/102390","targetHints":{"allow":["GET"]}}],"collection":[{"href":"https:\/\/interamerica.org\/es\/wp-json\/wp\/v2\/posts"}],"about":[{"href":"https:\/\/interamerica.org\/es\/wp-json\/wp\/v2\/types\/post"}],"author":[{"embeddable":true,"href":"https:\/\/interamerica.org\/es\/wp-json\/wp\/v2\/users\/3"}],"replies":[{"embeddable":true,"href":"https:\/\/interamerica.org\/es\/wp-json\/wp\/v2\/comments?post=102390"}],"version-history":[{"count":0,"href":"https:\/\/interamerica.org\/es\/wp-json\/wp\/v2\/posts\/102390\/revisions"}],"wp:featuredmedia":[{"embeddable":true,"href":"https:\/\/interamerica.org\/es\/wp-json\/wp\/v2\/media\/102358"}],"wp:attachment":[{"href":"https:\/\/interamerica.org\/es\/wp-json\/wp\/v2\/media?parent=102390"}],"wp:term":[{"taxonomy":"category","embeddable":true,"href":"https:\/\/interamerica.org\/es\/wp-json\/wp\/v2\/categories?post=102390"},{"taxonomy":"post_tag","embeddable":true,"href":"https:\/\/interamerica.org\/es\/wp-json\/wp\/v2\/tags?post=102390"}],"curies":[{"name":"wp","href":"https:\/\/api.w.org\/{rel}","templated":true}]}}