{"id":10241,"date":"2004-02-02T00:00:00","date_gmt":"2004-02-02T04:00:00","guid":{"rendered":"http:\/\/192.81.217.108\/interamerica\/2004\/02\/reportaje-de-ann-la-iglesia-permanece-en-la-linea-frontal-de-los-esfuerzos-contra-el-habito-de-fumar\/"},"modified":"2017-06-02T09:20:31","modified_gmt":"2017-06-02T13:20:31","slug":"reportaje-de-ann-la-iglesia-permanece-en-la-linea-frontal-de-los-esfuerzos-contra-el-habito-de-fumar","status":"publish","type":"post","link":"https:\/\/interamerica.org\/es\/2004\/02\/reportaje-de-ann-la-iglesia-permanece-en-la-linea-frontal-de-los-esfuerzos-contra-el-habito-de-fumar\/","title":{"rendered":"Reportaje de ANN: La iglesia permanece en la l\u00ednea frontal de los esfuerzos contra el h\u00e1bito de fumar"},"content":{"rendered":"<p>Silver Spring, Maryland, Estados Unidos &#8230;. [Ansel Oliver\/ANN] Joshua y Jakoby Jenkins, de 10 y siete a\u00f1os de edad respectivamente, se dirig\u00edan a la clase de piano junto con su madre cuando oyeron al Dr. DeWitt Williams, director de ministerios de salud de la Iglesia Adventista del S\u00e9ptimo D\u00eda en Norteam\u00e9rica, que anunciaba en la radio un pr\u00f3ximo programa para dejar de fumar. Aunque hab\u00edan llegado a su destino, permanecieron en el autom\u00f3vil escuchando. Luego de la lecci\u00f3n de piano, los hermanitos dijeron: \u00abLlev\u00e9moslo a pap\u00e1\u00bb. El padre de Joshua y Jakoby, Cumberland Jenkins, se graduar\u00e1 del programa para dejar de fumar Breathe-Free (Respiraci\u00f3n pura) durante la pr\u00f3xima clase. \u00abNunca he visto venir una persona [a clase] con semejante grupo de apoyo\u2026 con su familia\u00bb, dice Williams. A pesar de las 800 l\u00edneas telef\u00f3nicas de ayuda para gente que desea dejar de fumar, de una avalancha de productos farmac\u00e9uticos y de los quiz\u00e1 m\u00e1s grandes estigmas sociales contra los fumadores, existen a\u00fan alrededor de 50 millones de personas en los Estados Unidos que, al igual que el pap\u00e1 de Joshua, siguen fumando. Para muchos, enero de 2004 marca uno de los principales aniversarios en la lucha contra el cigarrillo: en 1964, el Dr. Luther L. Terry, entonces cirujano general de los Estados Unidos y vocero principal de la naci\u00f3n en temas de salud p\u00fablica, public\u00f3 un informe que relacionaba el cigarrillo con el c\u00e1ncer. Desde entonces, los esfuerzos antitabaco se han incrementado dram\u00e1ticamente; hoy en d\u00eda, varios estados y ayuntamientos proh\u00edben el cigarrillo en cualquier lugar p\u00fablico o laboral. Para cuando se public\u00f3 el mencionado informe en 1964, la Iglesia Adventista ten\u00eda uno de los pocos programas para dejar de fumar de amplia distribuci\u00f3n. El \u00abplan de cinco d\u00edas\u00bb fue el programa para dejar de fumar original que hab\u00eda comenzado en 1959. Fue revisado en 1984 y denominado \u00abBreathe-Free\u00bb. El cigarrillo no es algo que la iglesia pueda ignorar como un tema \u00absecular\u00bb, dice Williams. \u00abSi uno sabe que hay m\u00e1s de 400.000 personas que mueren por a\u00f1o debido a una causa espec\u00edfica, esto se transforma en un tema moral. Mueren m\u00e1s personas debido al cigarrillo que la suma de las v\u00edctimas del SIDA, los homicidios y las drogas\u00bb. Hoy en d\u00eda los adventistas no est\u00e1n solos, ya que existe una conciencia extendida respecto de los peligros del cigarrillo, una epidemia contra la que los adventistas han luchado durante varias generaciones. En la d\u00e9cada de 1960, el \u00abPlan de cinco d\u00edas\u00bb ense\u00f1aba a abandonar el cigarrillo repentinamente luego de cinco d\u00edas. Sin embargo, ahora que sabemos que la nicotina es m\u00e1s adictiva que la hero\u00edna o la coca\u00edna, los profesionales de la medicina tratan el vicio como a una enfermedad cerebral de adicci\u00f3n a la nicotina, seg\u00fan la Dra Linda Hyder Ferry, profesora asociada de medicina preventiva de la Facultad de Medicina y la Facultad de Salud P\u00fablica de Loma Linda University, una instituci\u00f3n adventista del sur de California. Como creadora del medicamento Zyban, que utiliza el bupropi\u00f3n, un antidepresivo, para reducir la dependencia a la nicotina, Ferry se ha aliado con \u00abSigns of the Times\u00bb (Se\u00f1ales de los tiempos), una revista denominacional publicada en Nampa, Idaho, para hacer que la iglesia adventista se convierta en un recurso que ayude a los fumadores a abandonar el h\u00e1bito. Para el 1 de marzo, las iglesias, hospitales y cl\u00ednicas adventistas tendr\u00e1n a su disposici\u00f3n un folleto especial con 16 p\u00e1ginas de informaci\u00f3n respecto de los pasos para dejar de fumar. La mayor\u00eda de los fumadores prob\u00f3 su primer cigarrillo antes de los 18 a\u00f1os, seg\u00fan Tobacco-Free Kids (Ni\u00f1os libres de tabaco), una organizaci\u00f3n antitabaco. Los estudios muestran que el aumento de los impuestos sobre los cigarrillos hacen que una proporci\u00f3n m\u00e1s alta de j\u00f3venes se abstengan de fumar. Los adventistas contin\u00faan luchando contra el tabaco desde la arena p\u00fablica, dice el Dr. Roy Branson, director del Centro de Leyes y Pol\u00edticas P\u00fablicas, un grupo privado de adventistas pertenecientes a los \u00e1mbitos legales y de pol\u00edticas p\u00fablicas, y uno de los miembros de la Interreligious Coalition for Smoking or Health (Coalici\u00f3n Interreligiosa de Tabaco y Salud). Branson afirma que los estados reciben muchos ingresos provenientes de los impuestos al tabaco, aunque no mucho de ellos se dedica a campa\u00f1as antitabaco. \u201cPara m\u00ed, eso es inmoral\u201d, dice Branson. \u201cUno tiene una nueva fuente de ingresos para luchar contra el tabaco, pero lo est\u00e1n usando para otras cosas. Los impuestos deber\u00edan ser dedicados a luchar contra el tabaco, no para balancear el presupuesto\u00bb.Derechos Reservados \u00a9 2003 Adventist News Network .<\/p>\n","protected":false},"excerpt":{"rendered":"<p>A pesar de haber l\u00edneas gratuitas de ayuda para personas que quieran dejar de fumar, a\u00fan hay cerca de 50 millones de personas en los Estados Unidos que, como el pap\u00e1 de Joshua, todav\u00eda fuman<\/p>\n","protected":false},"author":1,"featured_media":0,"comment_status":"closed","ping_status":"closed","sticky":false,"template":"","format":"standard","meta":{"_acf_changed":false,"footnotes":""},"categories":[8],"tags":[],"class_list":["post-10241","post","type-post","status-publish","format-standard","hentry","category-archivo"],"acf":[],"yoast_head":"<!-- This site is optimized with the Yoast SEO plugin v27.3 - https:\/\/yoast.com\/product\/yoast-seo-wordpress\/ -->\n<title>Reportaje de ANN: La iglesia permanece en la l\u00ednea frontal de los esfuerzos contra el h\u00e1bito de fumar - Iglesia Adventista del S\u00e9ptimo D\u00eda - Divisi\u00f3n Interamericana<\/title>\n<meta name=\"robots\" content=\"index, follow, max-snippet:-1, max-image-preview:large, max-video-preview:-1\" \/>\n<link rel=\"canonical\" href=\"https:\/\/interamerica.org\/es\/2004\/02\/reportaje-de-ann-la-iglesia-permanece-en-la-linea-frontal-de-los-esfuerzos-contra-el-habito-de-fumar\/\" \/>\n<meta property=\"og:locale\" content=\"es_ES\" \/>\n<meta property=\"og:type\" content=\"article\" \/>\n<meta property=\"og:title\" content=\"Reportaje de ANN: La iglesia permanece en la l\u00ednea frontal de los esfuerzos contra el h\u00e1bito de fumar - Iglesia Adventista del S\u00e9ptimo D\u00eda - Divisi\u00f3n Interamericana\" \/>\n<meta property=\"og:description\" content=\"A pesar de haber l\u00edneas gratuitas de ayuda para personas que quieran dejar de fumar, a\u00fan hay cerca de 50 millones de personas en los Estados Unidos que, como el pap\u00e1 de Joshua, todav\u00eda fuman\" \/>\n<meta property=\"og:url\" content=\"https:\/\/interamerica.org\/es\/2004\/02\/reportaje-de-ann-la-iglesia-permanece-en-la-linea-frontal-de-los-esfuerzos-contra-el-habito-de-fumar\/\" \/>\n<meta property=\"og:site_name\" content=\"Iglesia Adventista del S\u00e9ptimo D\u00eda - Divisi\u00f3n Interamericana\" \/>\n<meta property=\"article:published_time\" content=\"2004-02-02T04:00:00+00:00\" \/>\n<meta property=\"article:modified_time\" content=\"2017-06-02T13:20:31+00:00\" \/>\n<meta name=\"author\" content=\"Lorenzo Verduzco\" \/>\n<meta name=\"twitter:card\" content=\"summary_large_image\" \/>\n<meta name=\"twitter:label1\" content=\"Escrito por\" \/>\n\t<meta name=\"twitter:data1\" content=\"Lorenzo Verduzco\" \/>\n\t<meta name=\"twitter:label2\" content=\"Tiempo de lectura\" \/>\n\t<meta name=\"twitter:data2\" content=\"4 minutos\" \/>\n<script type=\"application\/ld+json\" class=\"yoast-schema-graph\">{\"@context\":\"https:\\\/\\\/schema.org\",\"@graph\":[{\"@type\":\"Article\",\"@id\":\"https:\\\/\\\/interamerica.org\\\/es\\\/2004\\\/02\\\/reportaje-de-ann-la-iglesia-permanece-en-la-linea-frontal-de-los-esfuerzos-contra-el-habito-de-fumar\\\/#article\",\"isPartOf\":{\"@id\":\"https:\\\/\\\/interamerica.org\\\/es\\\/2004\\\/02\\\/reportaje-de-ann-la-iglesia-permanece-en-la-linea-frontal-de-los-esfuerzos-contra-el-habito-de-fumar\\\/\"},\"author\":{\"name\":\"Lorenzo Verduzco\",\"@id\":\"https:\\\/\\\/interamerica.org\\\/es\\\/#\\\/schema\\\/person\\\/68ede8bdc292885bb76c1e3810e73c39\"},\"headline\":\"Reportaje de ANN: La iglesia permanece en la l\u00ednea frontal de los esfuerzos contra el h\u00e1bito de fumar\",\"datePublished\":\"2004-02-02T04:00:00+00:00\",\"dateModified\":\"2017-06-02T13:20:31+00:00\",\"mainEntityOfPage\":{\"@id\":\"https:\\\/\\\/interamerica.org\\\/es\\\/2004\\\/02\\\/reportaje-de-ann-la-iglesia-permanece-en-la-linea-frontal-de-los-esfuerzos-contra-el-habito-de-fumar\\\/\"},\"wordCount\":832,\"articleSection\":[\"Archivo\"],\"inLanguage\":\"es\"},{\"@type\":\"WebPage\",\"@id\":\"https:\\\/\\\/interamerica.org\\\/es\\\/2004\\\/02\\\/reportaje-de-ann-la-iglesia-permanece-en-la-linea-frontal-de-los-esfuerzos-contra-el-habito-de-fumar\\\/\",\"url\":\"https:\\\/\\\/interamerica.org\\\/es\\\/2004\\\/02\\\/reportaje-de-ann-la-iglesia-permanece-en-la-linea-frontal-de-los-esfuerzos-contra-el-habito-de-fumar\\\/\",\"name\":\"Reportaje de ANN: La iglesia permanece en la l\u00ednea frontal de los esfuerzos contra el h\u00e1bito de fumar - Iglesia Adventista del S\u00e9ptimo D\u00eda - Divisi\u00f3n Interamericana\",\"isPartOf\":{\"@id\":\"https:\\\/\\\/interamerica.org\\\/es\\\/#website\"},\"datePublished\":\"2004-02-02T04:00:00+00:00\",\"dateModified\":\"2017-06-02T13:20:31+00:00\",\"author\":{\"@id\":\"https:\\\/\\\/interamerica.org\\\/es\\\/#\\\/schema\\\/person\\\/68ede8bdc292885bb76c1e3810e73c39\"},\"breadcrumb\":{\"@id\":\"https:\\\/\\\/interamerica.org\\\/es\\\/2004\\\/02\\\/reportaje-de-ann-la-iglesia-permanece-en-la-linea-frontal-de-los-esfuerzos-contra-el-habito-de-fumar\\\/#breadcrumb\"},\"inLanguage\":\"es\",\"potentialAction\":[{\"@type\":\"ReadAction\",\"target\":[\"https:\\\/\\\/interamerica.org\\\/es\\\/2004\\\/02\\\/reportaje-de-ann-la-iglesia-permanece-en-la-linea-frontal-de-los-esfuerzos-contra-el-habito-de-fumar\\\/\"]}]},{\"@type\":\"BreadcrumbList\",\"@id\":\"https:\\\/\\\/interamerica.org\\\/es\\\/2004\\\/02\\\/reportaje-de-ann-la-iglesia-permanece-en-la-linea-frontal-de-los-esfuerzos-contra-el-habito-de-fumar\\\/#breadcrumb\",\"itemListElement\":[{\"@type\":\"ListItem\",\"position\":1,\"name\":\"Home\",\"item\":\"https:\\\/\\\/interamerica.org\\\/es\\\/\"},{\"@type\":\"ListItem\",\"position\":2,\"name\":\"Reportaje de ANN: La iglesia permanece en la l\u00ednea frontal de los esfuerzos contra el h\u00e1bito de fumar\"}]},{\"@type\":\"WebSite\",\"@id\":\"https:\\\/\\\/interamerica.org\\\/es\\\/#website\",\"url\":\"https:\\\/\\\/interamerica.org\\\/es\\\/\",\"name\":\"Iglesia Adventista del S\u00e9ptimo D\u00eda - Divisi\u00f3n Interamericana\",\"description\":\"\",\"potentialAction\":[{\"@type\":\"SearchAction\",\"target\":{\"@type\":\"EntryPoint\",\"urlTemplate\":\"https:\\\/\\\/interamerica.org\\\/es\\\/?s={search_term_string}\"},\"query-input\":{\"@type\":\"PropertyValueSpecification\",\"valueRequired\":true,\"valueName\":\"search_term_string\"}}],\"inLanguage\":\"es\"},{\"@type\":\"Person\",\"@id\":\"https:\\\/\\\/interamerica.org\\\/es\\\/#\\\/schema\\\/person\\\/68ede8bdc292885bb76c1e3810e73c39\",\"name\":\"Lorenzo Verduzco\",\"image\":{\"@type\":\"ImageObject\",\"inLanguage\":\"es\",\"@id\":\"https:\\\/\\\/secure.gravatar.com\\\/avatar\\\/fb81a55b6218459490a9c1dc841a34909185b81904c5337b4b27f7a6fd60c49e?s=96&d=mm&r=g\",\"url\":\"https:\\\/\\\/secure.gravatar.com\\\/avatar\\\/fb81a55b6218459490a9c1dc841a34909185b81904c5337b4b27f7a6fd60c49e?s=96&d=mm&r=g\",\"contentUrl\":\"https:\\\/\\\/secure.gravatar.com\\\/avatar\\\/fb81a55b6218459490a9c1dc841a34909185b81904c5337b4b27f7a6fd60c49e?s=96&d=mm&r=g\",\"caption\":\"Lorenzo Verduzco\"}}]}<\/script>\n<!-- \/ Yoast SEO plugin. -->","yoast_head_json":{"title":"Reportaje de ANN: La iglesia permanece en la l\u00ednea frontal de los esfuerzos contra el h\u00e1bito de fumar - Iglesia Adventista del S\u00e9ptimo D\u00eda - Divisi\u00f3n Interamericana","robots":{"index":"index","follow":"follow","max-snippet":"max-snippet:-1","max-image-preview":"max-image-preview:large","max-video-preview":"max-video-preview:-1"},"canonical":"https:\/\/interamerica.org\/es\/2004\/02\/reportaje-de-ann-la-iglesia-permanece-en-la-linea-frontal-de-los-esfuerzos-contra-el-habito-de-fumar\/","og_locale":"es_ES","og_type":"article","og_title":"Reportaje de ANN: La iglesia permanece en la l\u00ednea frontal de los esfuerzos contra el h\u00e1bito de fumar - Iglesia Adventista del S\u00e9ptimo D\u00eda - Divisi\u00f3n Interamericana","og_description":"A pesar de haber l\u00edneas gratuitas de ayuda para personas que quieran dejar de fumar, a\u00fan hay cerca de 50 millones de personas en los Estados Unidos que, como el pap\u00e1 de Joshua, todav\u00eda fuman","og_url":"https:\/\/interamerica.org\/es\/2004\/02\/reportaje-de-ann-la-iglesia-permanece-en-la-linea-frontal-de-los-esfuerzos-contra-el-habito-de-fumar\/","og_site_name":"Iglesia Adventista del S\u00e9ptimo D\u00eda - Divisi\u00f3n Interamericana","article_published_time":"2004-02-02T04:00:00+00:00","article_modified_time":"2017-06-02T13:20:31+00:00","author":"Lorenzo Verduzco","twitter_card":"summary_large_image","twitter_misc":{"Escrito por":"Lorenzo Verduzco","Tiempo de lectura":"4 minutos"},"schema":{"@context":"https:\/\/schema.org","@graph":[{"@type":"Article","@id":"https:\/\/interamerica.org\/es\/2004\/02\/reportaje-de-ann-la-iglesia-permanece-en-la-linea-frontal-de-los-esfuerzos-contra-el-habito-de-fumar\/#article","isPartOf":{"@id":"https:\/\/interamerica.org\/es\/2004\/02\/reportaje-de-ann-la-iglesia-permanece-en-la-linea-frontal-de-los-esfuerzos-contra-el-habito-de-fumar\/"},"author":{"name":"Lorenzo Verduzco","@id":"https:\/\/interamerica.org\/es\/#\/schema\/person\/68ede8bdc292885bb76c1e3810e73c39"},"headline":"Reportaje de ANN: La iglesia permanece en la l\u00ednea frontal de los esfuerzos contra el h\u00e1bito de fumar","datePublished":"2004-02-02T04:00:00+00:00","dateModified":"2017-06-02T13:20:31+00:00","mainEntityOfPage":{"@id":"https:\/\/interamerica.org\/es\/2004\/02\/reportaje-de-ann-la-iglesia-permanece-en-la-linea-frontal-de-los-esfuerzos-contra-el-habito-de-fumar\/"},"wordCount":832,"articleSection":["Archivo"],"inLanguage":"es"},{"@type":"WebPage","@id":"https:\/\/interamerica.org\/es\/2004\/02\/reportaje-de-ann-la-iglesia-permanece-en-la-linea-frontal-de-los-esfuerzos-contra-el-habito-de-fumar\/","url":"https:\/\/interamerica.org\/es\/2004\/02\/reportaje-de-ann-la-iglesia-permanece-en-la-linea-frontal-de-los-esfuerzos-contra-el-habito-de-fumar\/","name":"Reportaje de ANN: La iglesia permanece en la l\u00ednea frontal de los esfuerzos contra el h\u00e1bito de fumar - Iglesia Adventista del S\u00e9ptimo D\u00eda - Divisi\u00f3n Interamericana","isPartOf":{"@id":"https:\/\/interamerica.org\/es\/#website"},"datePublished":"2004-02-02T04:00:00+00:00","dateModified":"2017-06-02T13:20:31+00:00","author":{"@id":"https:\/\/interamerica.org\/es\/#\/schema\/person\/68ede8bdc292885bb76c1e3810e73c39"},"breadcrumb":{"@id":"https:\/\/interamerica.org\/es\/2004\/02\/reportaje-de-ann-la-iglesia-permanece-en-la-linea-frontal-de-los-esfuerzos-contra-el-habito-de-fumar\/#breadcrumb"},"inLanguage":"es","potentialAction":[{"@type":"ReadAction","target":["https:\/\/interamerica.org\/es\/2004\/02\/reportaje-de-ann-la-iglesia-permanece-en-la-linea-frontal-de-los-esfuerzos-contra-el-habito-de-fumar\/"]}]},{"@type":"BreadcrumbList","@id":"https:\/\/interamerica.org\/es\/2004\/02\/reportaje-de-ann-la-iglesia-permanece-en-la-linea-frontal-de-los-esfuerzos-contra-el-habito-de-fumar\/#breadcrumb","itemListElement":[{"@type":"ListItem","position":1,"name":"Home","item":"https:\/\/interamerica.org\/es\/"},{"@type":"ListItem","position":2,"name":"Reportaje de ANN: La iglesia permanece en la l\u00ednea frontal de los esfuerzos contra el h\u00e1bito de fumar"}]},{"@type":"WebSite","@id":"https:\/\/interamerica.org\/es\/#website","url":"https:\/\/interamerica.org\/es\/","name":"Iglesia Adventista del S\u00e9ptimo D\u00eda - Divisi\u00f3n Interamericana","description":"","potentialAction":[{"@type":"SearchAction","target":{"@type":"EntryPoint","urlTemplate":"https:\/\/interamerica.org\/es\/?s={search_term_string}"},"query-input":{"@type":"PropertyValueSpecification","valueRequired":true,"valueName":"search_term_string"}}],"inLanguage":"es"},{"@type":"Person","@id":"https:\/\/interamerica.org\/es\/#\/schema\/person\/68ede8bdc292885bb76c1e3810e73c39","name":"Lorenzo Verduzco","image":{"@type":"ImageObject","inLanguage":"es","@id":"https:\/\/secure.gravatar.com\/avatar\/fb81a55b6218459490a9c1dc841a34909185b81904c5337b4b27f7a6fd60c49e?s=96&d=mm&r=g","url":"https:\/\/secure.gravatar.com\/avatar\/fb81a55b6218459490a9c1dc841a34909185b81904c5337b4b27f7a6fd60c49e?s=96&d=mm&r=g","contentUrl":"https:\/\/secure.gravatar.com\/avatar\/fb81a55b6218459490a9c1dc841a34909185b81904c5337b4b27f7a6fd60c49e?s=96&d=mm&r=g","caption":"Lorenzo Verduzco"}}]}},"_links":{"self":[{"href":"https:\/\/interamerica.org\/es\/wp-json\/wp\/v2\/posts\/10241","targetHints":{"allow":["GET"]}}],"collection":[{"href":"https:\/\/interamerica.org\/es\/wp-json\/wp\/v2\/posts"}],"about":[{"href":"https:\/\/interamerica.org\/es\/wp-json\/wp\/v2\/types\/post"}],"author":[{"embeddable":true,"href":"https:\/\/interamerica.org\/es\/wp-json\/wp\/v2\/users\/1"}],"replies":[{"embeddable":true,"href":"https:\/\/interamerica.org\/es\/wp-json\/wp\/v2\/comments?post=10241"}],"version-history":[{"count":0,"href":"https:\/\/interamerica.org\/es\/wp-json\/wp\/v2\/posts\/10241\/revisions"}],"wp:attachment":[{"href":"https:\/\/interamerica.org\/es\/wp-json\/wp\/v2\/media?parent=10241"}],"wp:term":[{"taxonomy":"category","embeddable":true,"href":"https:\/\/interamerica.org\/es\/wp-json\/wp\/v2\/categories?post=10241"},{"taxonomy":"post_tag","embeddable":true,"href":"https:\/\/interamerica.org\/es\/wp-json\/wp\/v2\/tags?post=10241"}],"curies":[{"name":"wp","href":"https:\/\/api.w.org\/{rel}","templated":true}]}}